{"id":70747,"date":"2025-07-22T12:55:31","date_gmt":"2025-07-22T11:55:31","guid":{"rendered":"https:\/\/lasentinelle.dz\/?p=70747"},"modified":"2025-07-22T12:55:32","modified_gmt":"2025-07-22T11:55:32","slug":"la-loi-sur-les-donnees-personnelles-devant-le-conseil-de-la-nation-les-assurances-de-lotfi-boudjemaa","status":"publish","type":"post","link":"https:\/\/lasentinelle.dz\/index.php\/2025\/07\/22\/la-loi-sur-les-donnees-personnelles-devant-le-conseil-de-la-nation-les-assurances-de-lotfi-boudjemaa\/","title":{"rendered":"La loi sur les donn\u00e9es personnelles devant le Conseil de la nation : Les assurances de Lotfi Boudjemaa"},"content":{"rendered":"\n<p><\/p>\n\n\n\n<p><strong>Le texte <\/strong>vise \u00e0 aligner la l\u00e9gislation alg\u00e9rienne sur les normes internationales dans un contexte de recrudescence du crime organis\u00e9 transfrontalier et de d\u00e9veloppement des \u00e9changes num\u00e9riques.<\/p>\n\n\n\n<p>Le ministre de la Justice, garde des Sceaux, Lotfi Boudjemaa, a d\u00e9taill\u00e9 lundi devant les s\u00e9nateurs les nouveaux m\u00e9canismes de protection des donn\u00e9es \u00e0 caract\u00e8re personnel et le r\u00f4le renforc\u00e9 de l&rsquo;Autorit\u00e9 nationale de protection des donn\u00e9es personnelles (ANPDP) lors de l&rsquo;examen du projet de loi modifiant et compl\u00e9tant la loi 18-07. Ce texte, qui sera soumis au vote mardi au Conseil de la nation, vise \u00e0 aligner la l\u00e9gislation alg\u00e9rienne sur les normes internationales dans un contexte de recrudescence du crime organis\u00e9 transfrontalier et de d\u00e9veloppement des \u00e9changes num\u00e9riques. R\u00e9pondant aux interventions des s\u00e9nateurs sur ce projet de r\u00e9forme, le ministre de la Justice a pr\u00e9cis\u00e9 les pr\u00e9rogatives \u00e9largies de l&rsquo;ANPDP qui \u00ab\u00a0s&rsquo;att\u00e8lera \u00e0 r\u00e9guler la question de d\u00e9claration des donn\u00e9es par tous les \u00e9tablissements ou secteurs ainsi que toutes les questions li\u00e9es au traitement des donn\u00e9es \u00e0 caract\u00e8re personnel\u00a0\u00bb. Cette mission de r\u00e9gulation s&rsquo;\u00e9tend notamment aux flux transfrontaliers de donn\u00e9es, une question cruciale \u00e0 l&rsquo;\u00e8re de la mondialisation num\u00e9rique. Le garde des Sceaux a soulign\u00e9 que cette probl\u00e9matique englobe \u00ab\u00a0l&rsquo;op\u00e9ration de transfert des donn\u00e9es en dehors du territoire national, qui ne peut se faire sans l&rsquo;autorisation de l&rsquo;Autorit\u00e9\u00a0\u00bb, marquant ainsi un durcissement du contr\u00f4le sur les \u00e9changes internationaux d&rsquo;informations personnelles.<\/p>\n\n\n\n<p>Les missions de contr\u00f4le de l&rsquo;ANPDP s&rsquo;articulent autour de deux axes principaux selon les explications fournies par le ministre. L&rsquo;Autorit\u00e9 sera habilit\u00e9e \u00e0 mener des enqu\u00eates visant \u00e0 v\u00e9rifier la conformit\u00e9 des \u00e9tablissements \u00e0 la loi et \u00e0 r\u00e9aliser des audits techniques pour s&rsquo;assurer de la disponibilit\u00e9 des m\u00e9canismes de protection. Cette double approche, \u00e0 la fois juridique et technique, t\u00e9moigne de la volont\u00e9 des pouvoirs publics d&rsquo;adapter les instruments de contr\u00f4le aux d\u00e9fis pos\u00e9s par l&rsquo;\u00e9volution technologique et la sophistication croissante des syst\u00e8mes de traitement de donn\u00e9es.<\/p>\n\n\n\n<p>Le principe fondamental du consentement demeure au c\u0153ur du dispositif l\u00e9gislatif. Apr\u00e8s avoir rappel\u00e9 que \u00ab\u00a0le principe g\u00e9n\u00e9ral interdit le traitement des donn\u00e9es personnelles sans le consentement de la personne concern\u00e9e\u00a0\u00bb, le ministre Boudjemaa a justifi\u00e9 les amendements apport\u00e9s au texte de loi par la n\u00e9cessit\u00e9 de s&rsquo;aligner sur les normes internationales. Cette harmonisation l\u00e9gislative vise \u00e0 \u00ab\u00a0relancer la coop\u00e9ration judiciaire internationale dans ses volets s\u00e9curitaire et judiciaire, notamment avec la hausse des affaires li\u00e9es au crime organis\u00e9 transfrontalier\u00a0\u00bb, a-t-il pr\u00e9cis\u00e9, soulignant l&rsquo;enjeu g\u00e9opolitique de cette r\u00e9forme dans la lutte contre la criminalit\u00e9 moderne. Le dispositif de protection se structure autour d&rsquo;un syst\u00e8me gradu\u00e9 de recours et de sanctions. En cas de violations constat\u00e9es, le ministre a expliqu\u00e9 que \u00ab\u00a0la loi prot\u00e9geait le titulaire des donn\u00e9es en lui permettant d&rsquo;introduire un recours aupr\u00e8s du responsable du traitement concern\u00e9, puis une plainte aupr\u00e8s de l&rsquo;Autorit\u00e9 nationale\u00a0\u00bb. Cette proc\u00e9dure \u00e0 deux niveaux privil\u00e9gie d&rsquo;abord la r\u00e9solution amiable avant d&rsquo;engager la responsabilit\u00e9 de l&rsquo;autorit\u00e9 de r\u00e9gulation, t\u00e9moignant d&rsquo;une approche pragmatique de la r\u00e9solution des conflits. L&rsquo;architecture des sanctions r\u00e9pond \u00e0 une logique de proportionnalit\u00e9 adapt\u00e9e \u00e0 la gravit\u00e9 des infractions. Le ministre Boudjemaa a d\u00e9taill\u00e9 un syst\u00e8me \u00e0 double d\u00e9tente o\u00f9 \u00ab\u00a0la loi pr\u00e9voit deux types de sanctions: celles inflig\u00e9es par l&rsquo;autorit\u00e9, allant de l&rsquo;avertissement \u00e0 l&rsquo;amende, voire au retrait de l&rsquo;autorisation, et la saisine du parquet g\u00e9n\u00e9ral lorsque l&rsquo;infraction rev\u00eat un caract\u00e8re p\u00e9nal\u00a0\u00bb. Cette gradation permet une r\u00e9ponse modul\u00e9e aux manquements, depuis la simple mise en garde jusqu&rsquo;aux poursuites judiciaires pour les cas les plus graves.<\/p>\n\n\n\n<p>La port\u00e9e extraterritoriale de la loi constitue l&rsquo;une des innovations majeures de cette r\u00e9forme. Interrog\u00e9 sur l&rsquo;application du texte aux entreprises \u00e9trang\u00e8res, le ministre a assur\u00e9 que \u00ab\u00a0la loi est appliqu\u00e9e \u00e0 toute entit\u00e9 traitant des donn\u00e9es \u00e0 caract\u00e8re personnel m\u00eame si elle est domicili\u00e9e \u00e0 l&rsquo;\u00e9tranger\u00a0\u00bb. Cette disposition r\u00e9pond aux d\u00e9fis pos\u00e9s par la d\u00e9mat\u00e9rialisation des services et l&rsquo;implantation de g\u00e9ants du num\u00e9rique qui collectent massivement des donn\u00e9es d&rsquo;utilisateurs alg\u00e9riens depuis l&rsquo;\u00e9tranger. Le garde des Sceaux a \u00e9galement soulign\u00e9 que \u00ab\u00a0cette protection concerne \u00e9galement les donn\u00e9es m\u00e9dicales\u00a0\u00bb, \u00e9tendant ainsi le champ d&rsquo;application \u00e0 des informations particuli\u00e8rement sensibles.<\/p>\n\n\n\n<p>Cette extension du contr\u00f4le aux op\u00e9rateurs \u00e9trangers s&rsquo;inscrit dans une tendance mondiale de renforcement de la souverainet\u00e9 num\u00e9rique. En s&rsquo;inspirant de mod\u00e8les comme le R\u00e8glement g\u00e9n\u00e9ral sur la protection des donn\u00e9es europ\u00e9en, l&rsquo;Alg\u00e9rie entend exercer sa juridiction sur tous les traitements de donn\u00e9es concernant ses ressortissants, ind\u00e9pendamment du lieu d&rsquo;implantation des responsables de traitement. Cette approche t\u00e9moigne d&rsquo;une prise de conscience des enjeux strat\u00e9giques li\u00e9s \u00e0 la protection des donn\u00e9es personnelles dans un monde interconnect\u00e9. Hocine Fadheli<\/p>\n","protected":false},"excerpt":{"rendered":"<p>Le texte vise \u00e0 aligner la l\u00e9gislation alg\u00e9rienne sur les normes internationales dans un contexte de recrudescence du crime organis\u00e9<\/p>\n","protected":false},"author":6,"featured_media":70748,"comment_status":"open","ping_status":"closed","sticky":false,"template":"","format":"standard","meta":{"colormag_page_container_layout":"default_layout","colormag_page_sidebar_layout":"default_layout","om_disable_all_campaigns":false,"_monsterinsights_skip_tracking":false,"_monsterinsights_sitenote_active":false,"_monsterinsights_sitenote_note":"","_monsterinsights_sitenote_category":0,"footnotes":"","_wpscppro_dont_share_socialmedia":false,"_wpscppro_custom_social_share_image":0,"_facebook_share_type":"default","_twitter_share_type":"default","_linkedin_share_type":"default","_pinterest_share_type":"default","_linkedin_share_type_page":"","_instagram_share_type":"default","_medium_share_type":"default","_threads_share_type":"","_google_business_share_type":"","_selected_social_profile":[],"_wpsp_enable_custom_social_template":false,"_wpsp_social_scheduling":{"enabled":false,"datetime":null,"platforms":[],"status":"template_only","dateOption":"today","timeOption":"now","customDays":"","customHours":"","customDate":"","customTime":"","schedulingType":"absolute"},"_wpsp_active_default_template":true},"categories":[27],"tags":[],"class_list":["post-70747","post","type-post","status-publish","format-standard","has-post-thumbnail","hentry","category-actualite"],"aioseo_notices":[],"yoast_head":"<!-- This site is optimized with the Yoast SEO plugin v27.5 - https:\/\/yoast.com\/product\/yoast-seo-wordpress\/ -->\n<title>La loi sur les donn\u00e9es personnelles devant le Conseil de la nation : Les assurances de Lotfi Boudjemaa - La Sentinelle<\/title>\n<meta name=\"robots\" content=\"index, follow, max-snippet:-1, max-image-preview:large, max-video-preview:-1\" \/>\n<link rel=\"canonical\" href=\"https:\/\/lasentinelle.dz\/index.php\/2025\/07\/22\/la-loi-sur-les-donnees-personnelles-devant-le-conseil-de-la-nation-les-assurances-de-lotfi-boudjemaa\/\" \/>\n<meta property=\"og:locale\" content=\"fr_FR\" \/>\n<meta property=\"og:type\" content=\"article\" \/>\n<meta property=\"og:title\" content=\"La loi sur les donn\u00e9es personnelles devant le Conseil de la nation : Les assurances de Lotfi Boudjemaa - La Sentinelle\" \/>\n<meta property=\"og:description\" content=\"Le texte vise \u00e0 aligner la l\u00e9gislation alg\u00e9rienne sur les normes internationales dans un contexte de recrudescence du crime organis\u00e9\" \/>\n<meta property=\"og:url\" content=\"https:\/\/lasentinelle.dz\/index.php\/2025\/07\/22\/la-loi-sur-les-donnees-personnelles-devant-le-conseil-de-la-nation-les-assurances-de-lotfi-boudjemaa\/\" \/>\n<meta property=\"og:site_name\" content=\"La Sentinelle\" \/>\n<meta property=\"article:publisher\" content=\"https:\/\/www.facebook.com\/La-Sentinelle-104059864394773\" \/>\n<meta property=\"article:published_time\" content=\"2025-07-22T11:55:31+00:00\" \/>\n<meta property=\"article:modified_time\" content=\"2025-07-22T11:55:32+00:00\" \/>\n<meta property=\"og:image\" content=\"https:\/\/lasentinelle.dz\/wp-content\/uploads\/2025\/07\/Boudjemaa-1.jpg\" \/>\n\t<meta property=\"og:image:width\" content=\"2048\" \/>\n\t<meta property=\"og:image:height\" content=\"1365\" \/>\n\t<meta property=\"og:image:type\" content=\"image\/jpeg\" \/>\n<meta name=\"author\" content=\"admin\" \/>\n<meta name=\"twitter:card\" content=\"summary_large_image\" \/>\n<meta name=\"twitter:label1\" content=\"\u00c9crit par\" \/>\n\t<meta name=\"twitter:data1\" content=\"admin\" \/>\n\t<meta name=\"twitter:label2\" content=\"Dur\u00e9e de lecture estim\u00e9e\" \/>\n\t<meta name=\"twitter:data2\" content=\"5 minutes\" \/>\n<script type=\"application\/ld+json\" class=\"yoast-schema-graph\">{\"@context\":\"https:\\\/\\\/schema.org\",\"@graph\":[{\"@type\":\"Article\",\"@id\":\"https:\\\/\\\/lasentinelle.dz\\\/index.php\\\/2025\\\/07\\\/22\\\/la-loi-sur-les-donnees-personnelles-devant-le-conseil-de-la-nation-les-assurances-de-lotfi-boudjemaa\\\/#article\",\"isPartOf\":{\"@id\":\"https:\\\/\\\/lasentinelle.dz\\\/index.php\\\/2025\\\/07\\\/22\\\/la-loi-sur-les-donnees-personnelles-devant-le-conseil-de-la-nation-les-assurances-de-lotfi-boudjemaa\\\/\"},\"author\":{\"name\":\"admin\",\"@id\":\"https:\\\/\\\/lasentinelle.dz\\\/#\\\/schema\\\/person\\\/729ee0024f24e0b8c5ec17232f8e8b41\"},\"headline\":\"La loi sur les donn\u00e9es personnelles devant le Conseil de la nation : Les assurances de Lotfi Boudjemaa\",\"datePublished\":\"2025-07-22T11:55:31+00:00\",\"dateModified\":\"2025-07-22T11:55:32+00:00\",\"mainEntityOfPage\":{\"@id\":\"https:\\\/\\\/lasentinelle.dz\\\/index.php\\\/2025\\\/07\\\/22\\\/la-loi-sur-les-donnees-personnelles-devant-le-conseil-de-la-nation-les-assurances-de-lotfi-boudjemaa\\\/\"},\"wordCount\":911,\"commentCount\":0,\"publisher\":{\"@id\":\"https:\\\/\\\/lasentinelle.dz\\\/#organization\"},\"image\":{\"@id\":\"https:\\\/\\\/lasentinelle.dz\\\/index.php\\\/2025\\\/07\\\/22\\\/la-loi-sur-les-donnees-personnelles-devant-le-conseil-de-la-nation-les-assurances-de-lotfi-boudjemaa\\\/#primaryimage\"},\"thumbnailUrl\":\"https:\\\/\\\/lasentinelle.dz\\\/wp-content\\\/uploads\\\/2025\\\/07\\\/Boudjemaa-1.jpg\",\"articleSection\":[\"Actualit\u00e9\"],\"inLanguage\":\"fr-FR\",\"potentialAction\":[{\"@type\":\"CommentAction\",\"name\":\"Comment\",\"target\":[\"https:\\\/\\\/lasentinelle.dz\\\/index.php\\\/2025\\\/07\\\/22\\\/la-loi-sur-les-donnees-personnelles-devant-le-conseil-de-la-nation-les-assurances-de-lotfi-boudjemaa\\\/#respond\"]}]},{\"@type\":\"WebPage\",\"@id\":\"https:\\\/\\\/lasentinelle.dz\\\/index.php\\\/2025\\\/07\\\/22\\\/la-loi-sur-les-donnees-personnelles-devant-le-conseil-de-la-nation-les-assurances-de-lotfi-boudjemaa\\\/\",\"url\":\"https:\\\/\\\/lasentinelle.dz\\\/index.php\\\/2025\\\/07\\\/22\\\/la-loi-sur-les-donnees-personnelles-devant-le-conseil-de-la-nation-les-assurances-de-lotfi-boudjemaa\\\/\",\"name\":\"La loi sur les donn\u00e9es personnelles devant le Conseil de la nation : Les assurances de Lotfi Boudjemaa - La Sentinelle\",\"isPartOf\":{\"@id\":\"https:\\\/\\\/lasentinelle.dz\\\/#website\"},\"primaryImageOfPage\":{\"@id\":\"https:\\\/\\\/lasentinelle.dz\\\/index.php\\\/2025\\\/07\\\/22\\\/la-loi-sur-les-donnees-personnelles-devant-le-conseil-de-la-nation-les-assurances-de-lotfi-boudjemaa\\\/#primaryimage\"},\"image\":{\"@id\":\"https:\\\/\\\/lasentinelle.dz\\\/index.php\\\/2025\\\/07\\\/22\\\/la-loi-sur-les-donnees-personnelles-devant-le-conseil-de-la-nation-les-assurances-de-lotfi-boudjemaa\\\/#primaryimage\"},\"thumbnailUrl\":\"https:\\\/\\\/lasentinelle.dz\\\/wp-content\\\/uploads\\\/2025\\\/07\\\/Boudjemaa-1.jpg\",\"datePublished\":\"2025-07-22T11:55:31+00:00\",\"dateModified\":\"2025-07-22T11:55:32+00:00\",\"breadcrumb\":{\"@id\":\"https:\\\/\\\/lasentinelle.dz\\\/index.php\\\/2025\\\/07\\\/22\\\/la-loi-sur-les-donnees-personnelles-devant-le-conseil-de-la-nation-les-assurances-de-lotfi-boudjemaa\\\/#breadcrumb\"},\"inLanguage\":\"fr-FR\",\"potentialAction\":[{\"@type\":\"ReadAction\",\"target\":[\"https:\\\/\\\/lasentinelle.dz\\\/index.php\\\/2025\\\/07\\\/22\\\/la-loi-sur-les-donnees-personnelles-devant-le-conseil-de-la-nation-les-assurances-de-lotfi-boudjemaa\\\/\"]}]},{\"@type\":\"ImageObject\",\"inLanguage\":\"fr-FR\",\"@id\":\"https:\\\/\\\/lasentinelle.dz\\\/index.php\\\/2025\\\/07\\\/22\\\/la-loi-sur-les-donnees-personnelles-devant-le-conseil-de-la-nation-les-assurances-de-lotfi-boudjemaa\\\/#primaryimage\",\"url\":\"https:\\\/\\\/lasentinelle.dz\\\/wp-content\\\/uploads\\\/2025\\\/07\\\/Boudjemaa-1.jpg\",\"contentUrl\":\"https:\\\/\\\/lasentinelle.dz\\\/wp-content\\\/uploads\\\/2025\\\/07\\\/Boudjemaa-1.jpg\",\"width\":2048,\"height\":1365},{\"@type\":\"BreadcrumbList\",\"@id\":\"https:\\\/\\\/lasentinelle.dz\\\/index.php\\\/2025\\\/07\\\/22\\\/la-loi-sur-les-donnees-personnelles-devant-le-conseil-de-la-nation-les-assurances-de-lotfi-boudjemaa\\\/#breadcrumb\",\"itemListElement\":[{\"@type\":\"ListItem\",\"position\":1,\"name\":\"Accueil\",\"item\":\"https:\\\/\\\/lasentinelle.dz\\\/\"},{\"@type\":\"ListItem\",\"position\":2,\"name\":\"La loi sur les donn\u00e9es personnelles devant le Conseil de la nation : Les assurances de Lotfi Boudjemaa\"}]},{\"@type\":\"WebSite\",\"@id\":\"https:\\\/\\\/lasentinelle.dz\\\/#website\",\"url\":\"https:\\\/\\\/lasentinelle.dz\\\/\",\"name\":\"La Sentinelle\",\"description\":\"Quotidien national d&#039;information\",\"publisher\":{\"@id\":\"https:\\\/\\\/lasentinelle.dz\\\/#organization\"},\"potentialAction\":[{\"@type\":\"SearchAction\",\"target\":{\"@type\":\"EntryPoint\",\"urlTemplate\":\"https:\\\/\\\/lasentinelle.dz\\\/?s={search_term_string}\"},\"query-input\":{\"@type\":\"PropertyValueSpecification\",\"valueRequired\":true,\"valueName\":\"search_term_string\"}}],\"inLanguage\":\"fr-FR\"},{\"@type\":\"Organization\",\"@id\":\"https:\\\/\\\/lasentinelle.dz\\\/#organization\",\"name\":\"Quotidien La Sentinelle\",\"url\":\"https:\\\/\\\/lasentinelle.dz\\\/\",\"logo\":{\"@type\":\"ImageObject\",\"inLanguage\":\"fr-FR\",\"@id\":\"https:\\\/\\\/lasentinelle.dz\\\/#\\\/schema\\\/logo\\\/image\\\/\",\"url\":\"https:\\\/\\\/lasentinelle.dz\\\/wp-content\\\/uploads\\\/2021\\\/09\\\/logo-sentinelleSLOGAN-1.png\",\"contentUrl\":\"https:\\\/\\\/lasentinelle.dz\\\/wp-content\\\/uploads\\\/2021\\\/09\\\/logo-sentinelleSLOGAN-1.png\",\"width\":615,\"height\":142,\"caption\":\"Quotidien La Sentinelle\"},\"image\":{\"@id\":\"https:\\\/\\\/lasentinelle.dz\\\/#\\\/schema\\\/logo\\\/image\\\/\"},\"sameAs\":[\"https:\\\/\\\/www.facebook.com\\\/La-Sentinelle-104059864394773\"]},{\"@type\":\"Person\",\"@id\":\"https:\\\/\\\/lasentinelle.dz\\\/#\\\/schema\\\/person\\\/729ee0024f24e0b8c5ec17232f8e8b41\",\"name\":\"admin\",\"image\":{\"@type\":\"ImageObject\",\"inLanguage\":\"fr-FR\",\"@id\":\"https:\\\/\\\/secure.gravatar.com\\\/avatar\\\/4c81fed838786e9b53f540bf46533e750f5d292099ae3b66cfc6fb1982e29df7?s=96&d=mm&r=g\",\"url\":\"https:\\\/\\\/secure.gravatar.com\\\/avatar\\\/4c81fed838786e9b53f540bf46533e750f5d292099ae3b66cfc6fb1982e29df7?s=96&d=mm&r=g\",\"contentUrl\":\"https:\\\/\\\/secure.gravatar.com\\\/avatar\\\/4c81fed838786e9b53f540bf46533e750f5d292099ae3b66cfc6fb1982e29df7?s=96&d=mm&r=g\",\"caption\":\"admin\"},\"description\":\"admin\",\"url\":\"https:\\\/\\\/lasentinelle.dz\\\/author\\\/admin\\\/\"}]}<\/script>\n<!-- \/ Yoast SEO plugin. -->","yoast_head_json":{"title":"La loi sur les donn\u00e9es personnelles devant le Conseil de la nation : Les assurances de Lotfi Boudjemaa - La Sentinelle","robots":{"index":"index","follow":"follow","max-snippet":"max-snippet:-1","max-image-preview":"max-image-preview:large","max-video-preview":"max-video-preview:-1"},"canonical":"https:\/\/lasentinelle.dz\/index.php\/2025\/07\/22\/la-loi-sur-les-donnees-personnelles-devant-le-conseil-de-la-nation-les-assurances-de-lotfi-boudjemaa\/","og_locale":"fr_FR","og_type":"article","og_title":"La loi sur les donn\u00e9es personnelles devant le Conseil de la nation : Les assurances de Lotfi Boudjemaa - La Sentinelle","og_description":"Le texte vise \u00e0 aligner la l\u00e9gislation alg\u00e9rienne sur les normes internationales dans un contexte de recrudescence du crime organis\u00e9","og_url":"https:\/\/lasentinelle.dz\/index.php\/2025\/07\/22\/la-loi-sur-les-donnees-personnelles-devant-le-conseil-de-la-nation-les-assurances-de-lotfi-boudjemaa\/","og_site_name":"La Sentinelle","article_publisher":"https:\/\/www.facebook.com\/La-Sentinelle-104059864394773","article_published_time":"2025-07-22T11:55:31+00:00","article_modified_time":"2025-07-22T11:55:32+00:00","og_image":[{"width":2048,"height":1365,"url":"https:\/\/lasentinelle.dz\/wp-content\/uploads\/2025\/07\/Boudjemaa-1.jpg","type":"image\/jpeg"}],"author":"admin","twitter_card":"summary_large_image","twitter_misc":{"\u00c9crit par":"admin","Dur\u00e9e de lecture estim\u00e9e":"5 minutes"},"schema":{"@context":"https:\/\/schema.org","@graph":[{"@type":"Article","@id":"https:\/\/lasentinelle.dz\/index.php\/2025\/07\/22\/la-loi-sur-les-donnees-personnelles-devant-le-conseil-de-la-nation-les-assurances-de-lotfi-boudjemaa\/#article","isPartOf":{"@id":"https:\/\/lasentinelle.dz\/index.php\/2025\/07\/22\/la-loi-sur-les-donnees-personnelles-devant-le-conseil-de-la-nation-les-assurances-de-lotfi-boudjemaa\/"},"author":{"name":"admin","@id":"https:\/\/lasentinelle.dz\/#\/schema\/person\/729ee0024f24e0b8c5ec17232f8e8b41"},"headline":"La loi sur les donn\u00e9es personnelles devant le Conseil de la nation : Les assurances de Lotfi Boudjemaa","datePublished":"2025-07-22T11:55:31+00:00","dateModified":"2025-07-22T11:55:32+00:00","mainEntityOfPage":{"@id":"https:\/\/lasentinelle.dz\/index.php\/2025\/07\/22\/la-loi-sur-les-donnees-personnelles-devant-le-conseil-de-la-nation-les-assurances-de-lotfi-boudjemaa\/"},"wordCount":911,"commentCount":0,"publisher":{"@id":"https:\/\/lasentinelle.dz\/#organization"},"image":{"@id":"https:\/\/lasentinelle.dz\/index.php\/2025\/07\/22\/la-loi-sur-les-donnees-personnelles-devant-le-conseil-de-la-nation-les-assurances-de-lotfi-boudjemaa\/#primaryimage"},"thumbnailUrl":"https:\/\/lasentinelle.dz\/wp-content\/uploads\/2025\/07\/Boudjemaa-1.jpg","articleSection":["Actualit\u00e9"],"inLanguage":"fr-FR","potentialAction":[{"@type":"CommentAction","name":"Comment","target":["https:\/\/lasentinelle.dz\/index.php\/2025\/07\/22\/la-loi-sur-les-donnees-personnelles-devant-le-conseil-de-la-nation-les-assurances-de-lotfi-boudjemaa\/#respond"]}]},{"@type":"WebPage","@id":"https:\/\/lasentinelle.dz\/index.php\/2025\/07\/22\/la-loi-sur-les-donnees-personnelles-devant-le-conseil-de-la-nation-les-assurances-de-lotfi-boudjemaa\/","url":"https:\/\/lasentinelle.dz\/index.php\/2025\/07\/22\/la-loi-sur-les-donnees-personnelles-devant-le-conseil-de-la-nation-les-assurances-de-lotfi-boudjemaa\/","name":"La loi sur les donn\u00e9es personnelles devant le Conseil de la nation : Les assurances de Lotfi Boudjemaa - La Sentinelle","isPartOf":{"@id":"https:\/\/lasentinelle.dz\/#website"},"primaryImageOfPage":{"@id":"https:\/\/lasentinelle.dz\/index.php\/2025\/07\/22\/la-loi-sur-les-donnees-personnelles-devant-le-conseil-de-la-nation-les-assurances-de-lotfi-boudjemaa\/#primaryimage"},"image":{"@id":"https:\/\/lasentinelle.dz\/index.php\/2025\/07\/22\/la-loi-sur-les-donnees-personnelles-devant-le-conseil-de-la-nation-les-assurances-de-lotfi-boudjemaa\/#primaryimage"},"thumbnailUrl":"https:\/\/lasentinelle.dz\/wp-content\/uploads\/2025\/07\/Boudjemaa-1.jpg","datePublished":"2025-07-22T11:55:31+00:00","dateModified":"2025-07-22T11:55:32+00:00","breadcrumb":{"@id":"https:\/\/lasentinelle.dz\/index.php\/2025\/07\/22\/la-loi-sur-les-donnees-personnelles-devant-le-conseil-de-la-nation-les-assurances-de-lotfi-boudjemaa\/#breadcrumb"},"inLanguage":"fr-FR","potentialAction":[{"@type":"ReadAction","target":["https:\/\/lasentinelle.dz\/index.php\/2025\/07\/22\/la-loi-sur-les-donnees-personnelles-devant-le-conseil-de-la-nation-les-assurances-de-lotfi-boudjemaa\/"]}]},{"@type":"ImageObject","inLanguage":"fr-FR","@id":"https:\/\/lasentinelle.dz\/index.php\/2025\/07\/22\/la-loi-sur-les-donnees-personnelles-devant-le-conseil-de-la-nation-les-assurances-de-lotfi-boudjemaa\/#primaryimage","url":"https:\/\/lasentinelle.dz\/wp-content\/uploads\/2025\/07\/Boudjemaa-1.jpg","contentUrl":"https:\/\/lasentinelle.dz\/wp-content\/uploads\/2025\/07\/Boudjemaa-1.jpg","width":2048,"height":1365},{"@type":"BreadcrumbList","@id":"https:\/\/lasentinelle.dz\/index.php\/2025\/07\/22\/la-loi-sur-les-donnees-personnelles-devant-le-conseil-de-la-nation-les-assurances-de-lotfi-boudjemaa\/#breadcrumb","itemListElement":[{"@type":"ListItem","position":1,"name":"Accueil","item":"https:\/\/lasentinelle.dz\/"},{"@type":"ListItem","position":2,"name":"La loi sur les donn\u00e9es personnelles devant le Conseil de la nation : Les assurances de Lotfi Boudjemaa"}]},{"@type":"WebSite","@id":"https:\/\/lasentinelle.dz\/#website","url":"https:\/\/lasentinelle.dz\/","name":"La Sentinelle","description":"Quotidien national d&#039;information","publisher":{"@id":"https:\/\/lasentinelle.dz\/#organization"},"potentialAction":[{"@type":"SearchAction","target":{"@type":"EntryPoint","urlTemplate":"https:\/\/lasentinelle.dz\/?s={search_term_string}"},"query-input":{"@type":"PropertyValueSpecification","valueRequired":true,"valueName":"search_term_string"}}],"inLanguage":"fr-FR"},{"@type":"Organization","@id":"https:\/\/lasentinelle.dz\/#organization","name":"Quotidien La Sentinelle","url":"https:\/\/lasentinelle.dz\/","logo":{"@type":"ImageObject","inLanguage":"fr-FR","@id":"https:\/\/lasentinelle.dz\/#\/schema\/logo\/image\/","url":"https:\/\/lasentinelle.dz\/wp-content\/uploads\/2021\/09\/logo-sentinelleSLOGAN-1.png","contentUrl":"https:\/\/lasentinelle.dz\/wp-content\/uploads\/2021\/09\/logo-sentinelleSLOGAN-1.png","width":615,"height":142,"caption":"Quotidien La Sentinelle"},"image":{"@id":"https:\/\/lasentinelle.dz\/#\/schema\/logo\/image\/"},"sameAs":["https:\/\/www.facebook.com\/La-Sentinelle-104059864394773"]},{"@type":"Person","@id":"https:\/\/lasentinelle.dz\/#\/schema\/person\/729ee0024f24e0b8c5ec17232f8e8b41","name":"admin","image":{"@type":"ImageObject","inLanguage":"fr-FR","@id":"https:\/\/secure.gravatar.com\/avatar\/4c81fed838786e9b53f540bf46533e750f5d292099ae3b66cfc6fb1982e29df7?s=96&d=mm&r=g","url":"https:\/\/secure.gravatar.com\/avatar\/4c81fed838786e9b53f540bf46533e750f5d292099ae3b66cfc6fb1982e29df7?s=96&d=mm&r=g","contentUrl":"https:\/\/secure.gravatar.com\/avatar\/4c81fed838786e9b53f540bf46533e750f5d292099ae3b66cfc6fb1982e29df7?s=96&d=mm&r=g","caption":"admin"},"description":"admin","url":"https:\/\/lasentinelle.dz\/author\/admin\/"}]}},"_links":{"self":[{"href":"https:\/\/lasentinelle.dz\/index.php\/wp-json\/wp\/v2\/posts\/70747","targetHints":{"allow":["GET"]}}],"collection":[{"href":"https:\/\/lasentinelle.dz\/index.php\/wp-json\/wp\/v2\/posts"}],"about":[{"href":"https:\/\/lasentinelle.dz\/index.php\/wp-json\/wp\/v2\/types\/post"}],"author":[{"embeddable":true,"href":"https:\/\/lasentinelle.dz\/index.php\/wp-json\/wp\/v2\/users\/6"}],"replies":[{"embeddable":true,"href":"https:\/\/lasentinelle.dz\/index.php\/wp-json\/wp\/v2\/comments?post=70747"}],"version-history":[{"count":1,"href":"https:\/\/lasentinelle.dz\/index.php\/wp-json\/wp\/v2\/posts\/70747\/revisions"}],"predecessor-version":[{"id":70749,"href":"https:\/\/lasentinelle.dz\/index.php\/wp-json\/wp\/v2\/posts\/70747\/revisions\/70749"}],"wp:featuredmedia":[{"embeddable":true,"href":"https:\/\/lasentinelle.dz\/index.php\/wp-json\/wp\/v2\/media\/70748"}],"wp:attachment":[{"href":"https:\/\/lasentinelle.dz\/index.php\/wp-json\/wp\/v2\/media?parent=70747"}],"wp:term":[{"taxonomy":"category","embeddable":true,"href":"https:\/\/lasentinelle.dz\/index.php\/wp-json\/wp\/v2\/categories?post=70747"},{"taxonomy":"post_tag","embeddable":true,"href":"https:\/\/lasentinelle.dz\/index.php\/wp-json\/wp\/v2\/tags?post=70747"}],"curies":[{"name":"wp","href":"https:\/\/api.w.org\/{rel}","templated":true}]}}