{"id":70750,"date":"2025-07-22T12:57:27","date_gmt":"2025-07-22T11:57:27","guid":{"rendered":"https:\/\/lasentinelle.dz\/?p=70750"},"modified":"2025-07-22T12:57:28","modified_gmt":"2025-07-22T11:57:28","slug":"une-source-du-ministere-des-affaires-etrangeres-repond-au-ministre-francais-de-linterieur","status":"publish","type":"post","link":"https:\/\/lasentinelle.dz\/index.php\/2025\/07\/22\/une-source-du-ministere-des-affaires-etrangeres-repond-au-ministre-francais-de-linterieur\/","title":{"rendered":"Une source du minist\u00e8re des Affaires \u00e9trang\u00e8res r\u00e9pond au ministre fran\u00e7ais de l&rsquo;Int\u00e9rieur"},"content":{"rendered":"\n<p>Une source responsable du minist\u00e8re des Affaires \u00e9trang\u00e8res a \u00e9t\u00e9 interrog\u00e9e au sujet d&rsquo;une r\u00e9cente d\u00e9claration du ministre fran\u00e7ais de l&rsquo;Int\u00e9rieur au quotidien Le Figaro. Dans cette d\u00e9claration, le ministre fran\u00e7ais annon\u00e7ait son intention de demander aux pr\u00e9fectures fran\u00e7aises de \u00ab\u00a0ne pas tenir compte des passeports d\u00e9livr\u00e9s par les consulats alg\u00e9riens aux ressortissants alg\u00e9riens, aux fins d&rsquo;obtention de titres de s\u00e9jours\u00a0\u00bb.&nbsp; &nbsp;La m\u00eame source a tenu, d&rsquo;abord, \u00e0 souligner que l&rsquo;octroi de ces passeports est un droit pour les citoyens alg\u00e9riens et une obligation de l&rsquo;Etat alg\u00e9rien souverain. De m\u00eame, leur reconnaissance s&rsquo;impose \u00e0 l&rsquo;Etat fran\u00e7ais. &nbsp;Cette source estime, par ailleurs, que la d\u00e9claration du ministre fran\u00e7ais rel\u00e8ve clairement de l&rsquo;arbitraire, de la discrimination et de l&rsquo;abus de pouvoir, en ce qu&rsquo;elle s&rsquo;inscrit en opposition frontale \u00e0 la l\u00e9gislation fran\u00e7aise elle-m\u00eame. &nbsp;Connaissant son auteur, cette d\u00e9claration est \u00e9galement politiquement marqu\u00e9e. Elle est, enfin, l\u00e9galement contestable, car sans fondement aucun du point de vue du droit fran\u00e7ais. &nbsp;En effet, les passeports dont il est question sont d\u00e9livr\u00e9s \u00e0 la demande des pr\u00e9fectures fran\u00e7aises elles-m\u00eames, comme documents de r\u00e9f\u00e9rence indispensables \u00e0 l&rsquo;\u00e9tablissement des titres de s\u00e9jours. En cons\u00e9quence, une non-reconnaissance de ces documents, comme annonc\u00e9 par le ministre fran\u00e7ais de l&rsquo;Int\u00e9rieur, constituerait tout autant une violation de droits individuels et un autre manquement aux engagements bilat\u00e9raux de la France.<\/p>\n\n\n\n<p>APS<\/p>\n","protected":false},"excerpt":{"rendered":"<p>Une source responsable du minist\u00e8re des Affaires \u00e9trang\u00e8res a \u00e9t\u00e9 interrog\u00e9e au sujet d&rsquo;une r\u00e9cente d\u00e9claration du ministre fran\u00e7ais de<\/p>\n","protected":false},"author":6,"featured_media":62935,"comment_status":"open","ping_status":"closed","sticky":false,"template":"","format":"standard","meta":{"colormag_page_container_layout":"default_layout","colormag_page_sidebar_layout":"default_layout","om_disable_all_campaigns":false,"_monsterinsights_skip_tracking":false,"_monsterinsights_sitenote_active":false,"_monsterinsights_sitenote_note":"","_monsterinsights_sitenote_category":0,"footnotes":"","_wpscppro_dont_share_socialmedia":false,"_wpscppro_custom_social_share_image":0,"_facebook_share_type":"default","_twitter_share_type":"default","_linkedin_share_type":"default","_pinterest_share_type":"default","_linkedin_share_type_page":"","_instagram_share_type":"default","_medium_share_type":"default","_threads_share_type":"","_google_business_share_type":"","_selected_social_profile":[],"_wpsp_enable_custom_social_template":false,"_wpsp_social_scheduling":{"enabled":false,"datetime":null,"platforms":[],"status":"template_only","dateOption":"today","timeOption":"now","customDays":"","customHours":"","customDate":"","customTime":"","schedulingType":"absolute"},"_wpsp_active_default_template":true},"categories":[52,27],"tags":[],"class_list":["post-70750","post","type-post","status-publish","format-standard","has-post-thumbnail","hentry","category-a-la-une","category-actualite"],"aioseo_notices":[],"yoast_head":"<!-- This site is optimized with the Yoast SEO plugin v27.5 - https:\/\/yoast.com\/product\/yoast-seo-wordpress\/ -->\n<title>Une source du minist\u00e8re des Affaires \u00e9trang\u00e8res r\u00e9pond au ministre fran\u00e7ais de l&rsquo;Int\u00e9rieur - La Sentinelle<\/title>\n<meta name=\"robots\" content=\"index, follow, max-snippet:-1, max-image-preview:large, max-video-preview:-1\" \/>\n<link rel=\"canonical\" href=\"https:\/\/lasentinelle.dz\/index.php\/2025\/07\/22\/une-source-du-ministere-des-affaires-etrangeres-repond-au-ministre-francais-de-linterieur\/\" \/>\n<meta property=\"og:locale\" content=\"fr_FR\" \/>\n<meta property=\"og:type\" content=\"article\" \/>\n<meta property=\"og:title\" content=\"Une source du minist\u00e8re des Affaires \u00e9trang\u00e8res r\u00e9pond au ministre fran\u00e7ais de l&rsquo;Int\u00e9rieur - La Sentinelle\" \/>\n<meta property=\"og:description\" content=\"Une source responsable du minist\u00e8re des Affaires \u00e9trang\u00e8res a \u00e9t\u00e9 interrog\u00e9e au sujet d&rsquo;une r\u00e9cente d\u00e9claration du ministre fran\u00e7ais de\" \/>\n<meta property=\"og:url\" content=\"https:\/\/lasentinelle.dz\/index.php\/2025\/07\/22\/une-source-du-ministere-des-affaires-etrangeres-repond-au-ministre-francais-de-linterieur\/\" \/>\n<meta property=\"og:site_name\" content=\"La Sentinelle\" \/>\n<meta property=\"article:publisher\" content=\"https:\/\/www.facebook.com\/La-Sentinelle-104059864394773\" \/>\n<meta property=\"article:published_time\" content=\"2025-07-22T11:57:27+00:00\" \/>\n<meta property=\"article:modified_time\" content=\"2025-07-22T11:57:28+00:00\" \/>\n<meta property=\"og:image\" content=\"https:\/\/lasentinelle.dz\/wp-content\/uploads\/2025\/02\/MAE.jpeg\" \/>\n\t<meta property=\"og:image:width\" content=\"2135\" \/>\n\t<meta property=\"og:image:height\" content=\"1423\" \/>\n\t<meta property=\"og:image:type\" content=\"image\/jpeg\" \/>\n<meta name=\"author\" content=\"admin\" \/>\n<meta name=\"twitter:card\" content=\"summary_large_image\" \/>\n<meta name=\"twitter:label1\" content=\"\u00c9crit par\" \/>\n\t<meta name=\"twitter:data1\" content=\"admin\" \/>\n\t<meta name=\"twitter:label2\" content=\"Dur\u00e9e de lecture estim\u00e9e\" \/>\n\t<meta name=\"twitter:data2\" content=\"2 minutes\" \/>\n<script type=\"application\/ld+json\" class=\"yoast-schema-graph\">{\"@context\":\"https:\\\/\\\/schema.org\",\"@graph\":[{\"@type\":\"Article\",\"@id\":\"https:\\\/\\\/lasentinelle.dz\\\/index.php\\\/2025\\\/07\\\/22\\\/une-source-du-ministere-des-affaires-etrangeres-repond-au-ministre-francais-de-linterieur\\\/#article\",\"isPartOf\":{\"@id\":\"https:\\\/\\\/lasentinelle.dz\\\/index.php\\\/2025\\\/07\\\/22\\\/une-source-du-ministere-des-affaires-etrangeres-repond-au-ministre-francais-de-linterieur\\\/\"},\"author\":{\"name\":\"admin\",\"@id\":\"https:\\\/\\\/lasentinelle.dz\\\/#\\\/schema\\\/person\\\/729ee0024f24e0b8c5ec17232f8e8b41\"},\"headline\":\"Une source du minist\u00e8re des Affaires \u00e9trang\u00e8res r\u00e9pond au ministre fran\u00e7ais de l&rsquo;Int\u00e9rieur\",\"datePublished\":\"2025-07-22T11:57:27+00:00\",\"dateModified\":\"2025-07-22T11:57:28+00:00\",\"mainEntityOfPage\":{\"@id\":\"https:\\\/\\\/lasentinelle.dz\\\/index.php\\\/2025\\\/07\\\/22\\\/une-source-du-ministere-des-affaires-etrangeres-repond-au-ministre-francais-de-linterieur\\\/\"},\"wordCount\":296,\"commentCount\":0,\"publisher\":{\"@id\":\"https:\\\/\\\/lasentinelle.dz\\\/#organization\"},\"image\":{\"@id\":\"https:\\\/\\\/lasentinelle.dz\\\/index.php\\\/2025\\\/07\\\/22\\\/une-source-du-ministere-des-affaires-etrangeres-repond-au-ministre-francais-de-linterieur\\\/#primaryimage\"},\"thumbnailUrl\":\"https:\\\/\\\/lasentinelle.dz\\\/wp-content\\\/uploads\\\/2025\\\/02\\\/MAE.jpeg\",\"articleSection\":[\"\u00c0 la Une\",\"Actualit\u00e9\"],\"inLanguage\":\"fr-FR\",\"potentialAction\":[{\"@type\":\"CommentAction\",\"name\":\"Comment\",\"target\":[\"https:\\\/\\\/lasentinelle.dz\\\/index.php\\\/2025\\\/07\\\/22\\\/une-source-du-ministere-des-affaires-etrangeres-repond-au-ministre-francais-de-linterieur\\\/#respond\"]}]},{\"@type\":\"WebPage\",\"@id\":\"https:\\\/\\\/lasentinelle.dz\\\/index.php\\\/2025\\\/07\\\/22\\\/une-source-du-ministere-des-affaires-etrangeres-repond-au-ministre-francais-de-linterieur\\\/\",\"url\":\"https:\\\/\\\/lasentinelle.dz\\\/index.php\\\/2025\\\/07\\\/22\\\/une-source-du-ministere-des-affaires-etrangeres-repond-au-ministre-francais-de-linterieur\\\/\",\"name\":\"Une source du minist\u00e8re des Affaires \u00e9trang\u00e8res r\u00e9pond au ministre fran\u00e7ais de l&rsquo;Int\u00e9rieur - La Sentinelle\",\"isPartOf\":{\"@id\":\"https:\\\/\\\/lasentinelle.dz\\\/#website\"},\"primaryImageOfPage\":{\"@id\":\"https:\\\/\\\/lasentinelle.dz\\\/index.php\\\/2025\\\/07\\\/22\\\/une-source-du-ministere-des-affaires-etrangeres-repond-au-ministre-francais-de-linterieur\\\/#primaryimage\"},\"image\":{\"@id\":\"https:\\\/\\\/lasentinelle.dz\\\/index.php\\\/2025\\\/07\\\/22\\\/une-source-du-ministere-des-affaires-etrangeres-repond-au-ministre-francais-de-linterieur\\\/#primaryimage\"},\"thumbnailUrl\":\"https:\\\/\\\/lasentinelle.dz\\\/wp-content\\\/uploads\\\/2025\\\/02\\\/MAE.jpeg\",\"datePublished\":\"2025-07-22T11:57:27+00:00\",\"dateModified\":\"2025-07-22T11:57:28+00:00\",\"breadcrumb\":{\"@id\":\"https:\\\/\\\/lasentinelle.dz\\\/index.php\\\/2025\\\/07\\\/22\\\/une-source-du-ministere-des-affaires-etrangeres-repond-au-ministre-francais-de-linterieur\\\/#breadcrumb\"},\"inLanguage\":\"fr-FR\",\"potentialAction\":[{\"@type\":\"ReadAction\",\"target\":[\"https:\\\/\\\/lasentinelle.dz\\\/index.php\\\/2025\\\/07\\\/22\\\/une-source-du-ministere-des-affaires-etrangeres-repond-au-ministre-francais-de-linterieur\\\/\"]}]},{\"@type\":\"ImageObject\",\"inLanguage\":\"fr-FR\",\"@id\":\"https:\\\/\\\/lasentinelle.dz\\\/index.php\\\/2025\\\/07\\\/22\\\/une-source-du-ministere-des-affaires-etrangeres-repond-au-ministre-francais-de-linterieur\\\/#primaryimage\",\"url\":\"https:\\\/\\\/lasentinelle.dz\\\/wp-content\\\/uploads\\\/2025\\\/02\\\/MAE.jpeg\",\"contentUrl\":\"https:\\\/\\\/lasentinelle.dz\\\/wp-content\\\/uploads\\\/2025\\\/02\\\/MAE.jpeg\",\"width\":2135,\"height\":1423,\"caption\":\"????????????????????????????????????\"},{\"@type\":\"BreadcrumbList\",\"@id\":\"https:\\\/\\\/lasentinelle.dz\\\/index.php\\\/2025\\\/07\\\/22\\\/une-source-du-ministere-des-affaires-etrangeres-repond-au-ministre-francais-de-linterieur\\\/#breadcrumb\",\"itemListElement\":[{\"@type\":\"ListItem\",\"position\":1,\"name\":\"Accueil\",\"item\":\"https:\\\/\\\/lasentinelle.dz\\\/\"},{\"@type\":\"ListItem\",\"position\":2,\"name\":\"Une source du minist\u00e8re des Affaires \u00e9trang\u00e8res r\u00e9pond au ministre fran\u00e7ais de l&rsquo;Int\u00e9rieur\"}]},{\"@type\":\"WebSite\",\"@id\":\"https:\\\/\\\/lasentinelle.dz\\\/#website\",\"url\":\"https:\\\/\\\/lasentinelle.dz\\\/\",\"name\":\"La Sentinelle\",\"description\":\"Quotidien national d&#039;information\",\"publisher\":{\"@id\":\"https:\\\/\\\/lasentinelle.dz\\\/#organization\"},\"potentialAction\":[{\"@type\":\"SearchAction\",\"target\":{\"@type\":\"EntryPoint\",\"urlTemplate\":\"https:\\\/\\\/lasentinelle.dz\\\/?s={search_term_string}\"},\"query-input\":{\"@type\":\"PropertyValueSpecification\",\"valueRequired\":true,\"valueName\":\"search_term_string\"}}],\"inLanguage\":\"fr-FR\"},{\"@type\":\"Organization\",\"@id\":\"https:\\\/\\\/lasentinelle.dz\\\/#organization\",\"name\":\"Quotidien La Sentinelle\",\"url\":\"https:\\\/\\\/lasentinelle.dz\\\/\",\"logo\":{\"@type\":\"ImageObject\",\"inLanguage\":\"fr-FR\",\"@id\":\"https:\\\/\\\/lasentinelle.dz\\\/#\\\/schema\\\/logo\\\/image\\\/\",\"url\":\"https:\\\/\\\/lasentinelle.dz\\\/wp-content\\\/uploads\\\/2021\\\/09\\\/logo-sentinelleSLOGAN-1.png\",\"contentUrl\":\"https:\\\/\\\/lasentinelle.dz\\\/wp-content\\\/uploads\\\/2021\\\/09\\\/logo-sentinelleSLOGAN-1.png\",\"width\":615,\"height\":142,\"caption\":\"Quotidien La Sentinelle\"},\"image\":{\"@id\":\"https:\\\/\\\/lasentinelle.dz\\\/#\\\/schema\\\/logo\\\/image\\\/\"},\"sameAs\":[\"https:\\\/\\\/www.facebook.com\\\/La-Sentinelle-104059864394773\"]},{\"@type\":\"Person\",\"@id\":\"https:\\\/\\\/lasentinelle.dz\\\/#\\\/schema\\\/person\\\/729ee0024f24e0b8c5ec17232f8e8b41\",\"name\":\"admin\",\"image\":{\"@type\":\"ImageObject\",\"inLanguage\":\"fr-FR\",\"@id\":\"https:\\\/\\\/secure.gravatar.com\\\/avatar\\\/4c81fed838786e9b53f540bf46533e750f5d292099ae3b66cfc6fb1982e29df7?s=96&d=mm&r=g\",\"url\":\"https:\\\/\\\/secure.gravatar.com\\\/avatar\\\/4c81fed838786e9b53f540bf46533e750f5d292099ae3b66cfc6fb1982e29df7?s=96&d=mm&r=g\",\"contentUrl\":\"https:\\\/\\\/secure.gravatar.com\\\/avatar\\\/4c81fed838786e9b53f540bf46533e750f5d292099ae3b66cfc6fb1982e29df7?s=96&d=mm&r=g\",\"caption\":\"admin\"},\"description\":\"admin\",\"url\":\"https:\\\/\\\/lasentinelle.dz\\\/author\\\/admin\\\/\"}]}<\/script>\n<!-- \/ Yoast SEO plugin. -->","yoast_head_json":{"title":"Une source du minist\u00e8re des Affaires \u00e9trang\u00e8res r\u00e9pond au ministre fran\u00e7ais de l&rsquo;Int\u00e9rieur - La Sentinelle","robots":{"index":"index","follow":"follow","max-snippet":"max-snippet:-1","max-image-preview":"max-image-preview:large","max-video-preview":"max-video-preview:-1"},"canonical":"https:\/\/lasentinelle.dz\/index.php\/2025\/07\/22\/une-source-du-ministere-des-affaires-etrangeres-repond-au-ministre-francais-de-linterieur\/","og_locale":"fr_FR","og_type":"article","og_title":"Une source du minist\u00e8re des Affaires \u00e9trang\u00e8res r\u00e9pond au ministre fran\u00e7ais de l&rsquo;Int\u00e9rieur - La Sentinelle","og_description":"Une source responsable du minist\u00e8re des Affaires \u00e9trang\u00e8res a \u00e9t\u00e9 interrog\u00e9e au sujet d&rsquo;une r\u00e9cente d\u00e9claration du ministre fran\u00e7ais de","og_url":"https:\/\/lasentinelle.dz\/index.php\/2025\/07\/22\/une-source-du-ministere-des-affaires-etrangeres-repond-au-ministre-francais-de-linterieur\/","og_site_name":"La Sentinelle","article_publisher":"https:\/\/www.facebook.com\/La-Sentinelle-104059864394773","article_published_time":"2025-07-22T11:57:27+00:00","article_modified_time":"2025-07-22T11:57:28+00:00","og_image":[{"width":2135,"height":1423,"url":"https:\/\/lasentinelle.dz\/wp-content\/uploads\/2025\/02\/MAE.jpeg","type":"image\/jpeg"}],"author":"admin","twitter_card":"summary_large_image","twitter_misc":{"\u00c9crit par":"admin","Dur\u00e9e de lecture estim\u00e9e":"2 minutes"},"schema":{"@context":"https:\/\/schema.org","@graph":[{"@type":"Article","@id":"https:\/\/lasentinelle.dz\/index.php\/2025\/07\/22\/une-source-du-ministere-des-affaires-etrangeres-repond-au-ministre-francais-de-linterieur\/#article","isPartOf":{"@id":"https:\/\/lasentinelle.dz\/index.php\/2025\/07\/22\/une-source-du-ministere-des-affaires-etrangeres-repond-au-ministre-francais-de-linterieur\/"},"author":{"name":"admin","@id":"https:\/\/lasentinelle.dz\/#\/schema\/person\/729ee0024f24e0b8c5ec17232f8e8b41"},"headline":"Une source du minist\u00e8re des Affaires \u00e9trang\u00e8res r\u00e9pond au ministre fran\u00e7ais de l&rsquo;Int\u00e9rieur","datePublished":"2025-07-22T11:57:27+00:00","dateModified":"2025-07-22T11:57:28+00:00","mainEntityOfPage":{"@id":"https:\/\/lasentinelle.dz\/index.php\/2025\/07\/22\/une-source-du-ministere-des-affaires-etrangeres-repond-au-ministre-francais-de-linterieur\/"},"wordCount":296,"commentCount":0,"publisher":{"@id":"https:\/\/lasentinelle.dz\/#organization"},"image":{"@id":"https:\/\/lasentinelle.dz\/index.php\/2025\/07\/22\/une-source-du-ministere-des-affaires-etrangeres-repond-au-ministre-francais-de-linterieur\/#primaryimage"},"thumbnailUrl":"https:\/\/lasentinelle.dz\/wp-content\/uploads\/2025\/02\/MAE.jpeg","articleSection":["\u00c0 la Une","Actualit\u00e9"],"inLanguage":"fr-FR","potentialAction":[{"@type":"CommentAction","name":"Comment","target":["https:\/\/lasentinelle.dz\/index.php\/2025\/07\/22\/une-source-du-ministere-des-affaires-etrangeres-repond-au-ministre-francais-de-linterieur\/#respond"]}]},{"@type":"WebPage","@id":"https:\/\/lasentinelle.dz\/index.php\/2025\/07\/22\/une-source-du-ministere-des-affaires-etrangeres-repond-au-ministre-francais-de-linterieur\/","url":"https:\/\/lasentinelle.dz\/index.php\/2025\/07\/22\/une-source-du-ministere-des-affaires-etrangeres-repond-au-ministre-francais-de-linterieur\/","name":"Une source du minist\u00e8re des Affaires \u00e9trang\u00e8res r\u00e9pond au ministre fran\u00e7ais de l&rsquo;Int\u00e9rieur - La Sentinelle","isPartOf":{"@id":"https:\/\/lasentinelle.dz\/#website"},"primaryImageOfPage":{"@id":"https:\/\/lasentinelle.dz\/index.php\/2025\/07\/22\/une-source-du-ministere-des-affaires-etrangeres-repond-au-ministre-francais-de-linterieur\/#primaryimage"},"image":{"@id":"https:\/\/lasentinelle.dz\/index.php\/2025\/07\/22\/une-source-du-ministere-des-affaires-etrangeres-repond-au-ministre-francais-de-linterieur\/#primaryimage"},"thumbnailUrl":"https:\/\/lasentinelle.dz\/wp-content\/uploads\/2025\/02\/MAE.jpeg","datePublished":"2025-07-22T11:57:27+00:00","dateModified":"2025-07-22T11:57:28+00:00","breadcrumb":{"@id":"https:\/\/lasentinelle.dz\/index.php\/2025\/07\/22\/une-source-du-ministere-des-affaires-etrangeres-repond-au-ministre-francais-de-linterieur\/#breadcrumb"},"inLanguage":"fr-FR","potentialAction":[{"@type":"ReadAction","target":["https:\/\/lasentinelle.dz\/index.php\/2025\/07\/22\/une-source-du-ministere-des-affaires-etrangeres-repond-au-ministre-francais-de-linterieur\/"]}]},{"@type":"ImageObject","inLanguage":"fr-FR","@id":"https:\/\/lasentinelle.dz\/index.php\/2025\/07\/22\/une-source-du-ministere-des-affaires-etrangeres-repond-au-ministre-francais-de-linterieur\/#primaryimage","url":"https:\/\/lasentinelle.dz\/wp-content\/uploads\/2025\/02\/MAE.jpeg","contentUrl":"https:\/\/lasentinelle.dz\/wp-content\/uploads\/2025\/02\/MAE.jpeg","width":2135,"height":1423,"caption":"????????????????????????????????????"},{"@type":"BreadcrumbList","@id":"https:\/\/lasentinelle.dz\/index.php\/2025\/07\/22\/une-source-du-ministere-des-affaires-etrangeres-repond-au-ministre-francais-de-linterieur\/#breadcrumb","itemListElement":[{"@type":"ListItem","position":1,"name":"Accueil","item":"https:\/\/lasentinelle.dz\/"},{"@type":"ListItem","position":2,"name":"Une source du minist\u00e8re des Affaires \u00e9trang\u00e8res r\u00e9pond au ministre fran\u00e7ais de l&rsquo;Int\u00e9rieur"}]},{"@type":"WebSite","@id":"https:\/\/lasentinelle.dz\/#website","url":"https:\/\/lasentinelle.dz\/","name":"La Sentinelle","description":"Quotidien national d&#039;information","publisher":{"@id":"https:\/\/lasentinelle.dz\/#organization"},"potentialAction":[{"@type":"SearchAction","target":{"@type":"EntryPoint","urlTemplate":"https:\/\/lasentinelle.dz\/?s={search_term_string}"},"query-input":{"@type":"PropertyValueSpecification","valueRequired":true,"valueName":"search_term_string"}}],"inLanguage":"fr-FR"},{"@type":"Organization","@id":"https:\/\/lasentinelle.dz\/#organization","name":"Quotidien La Sentinelle","url":"https:\/\/lasentinelle.dz\/","logo":{"@type":"ImageObject","inLanguage":"fr-FR","@id":"https:\/\/lasentinelle.dz\/#\/schema\/logo\/image\/","url":"https:\/\/lasentinelle.dz\/wp-content\/uploads\/2021\/09\/logo-sentinelleSLOGAN-1.png","contentUrl":"https:\/\/lasentinelle.dz\/wp-content\/uploads\/2021\/09\/logo-sentinelleSLOGAN-1.png","width":615,"height":142,"caption":"Quotidien La Sentinelle"},"image":{"@id":"https:\/\/lasentinelle.dz\/#\/schema\/logo\/image\/"},"sameAs":["https:\/\/www.facebook.com\/La-Sentinelle-104059864394773"]},{"@type":"Person","@id":"https:\/\/lasentinelle.dz\/#\/schema\/person\/729ee0024f24e0b8c5ec17232f8e8b41","name":"admin","image":{"@type":"ImageObject","inLanguage":"fr-FR","@id":"https:\/\/secure.gravatar.com\/avatar\/4c81fed838786e9b53f540bf46533e750f5d292099ae3b66cfc6fb1982e29df7?s=96&d=mm&r=g","url":"https:\/\/secure.gravatar.com\/avatar\/4c81fed838786e9b53f540bf46533e750f5d292099ae3b66cfc6fb1982e29df7?s=96&d=mm&r=g","contentUrl":"https:\/\/secure.gravatar.com\/avatar\/4c81fed838786e9b53f540bf46533e750f5d292099ae3b66cfc6fb1982e29df7?s=96&d=mm&r=g","caption":"admin"},"description":"admin","url":"https:\/\/lasentinelle.dz\/author\/admin\/"}]}},"_links":{"self":[{"href":"https:\/\/lasentinelle.dz\/index.php\/wp-json\/wp\/v2\/posts\/70750","targetHints":{"allow":["GET"]}}],"collection":[{"href":"https:\/\/lasentinelle.dz\/index.php\/wp-json\/wp\/v2\/posts"}],"about":[{"href":"https:\/\/lasentinelle.dz\/index.php\/wp-json\/wp\/v2\/types\/post"}],"author":[{"embeddable":true,"href":"https:\/\/lasentinelle.dz\/index.php\/wp-json\/wp\/v2\/users\/6"}],"replies":[{"embeddable":true,"href":"https:\/\/lasentinelle.dz\/index.php\/wp-json\/wp\/v2\/comments?post=70750"}],"version-history":[{"count":2,"href":"https:\/\/lasentinelle.dz\/index.php\/wp-json\/wp\/v2\/posts\/70750\/revisions"}],"predecessor-version":[{"id":70752,"href":"https:\/\/lasentinelle.dz\/index.php\/wp-json\/wp\/v2\/posts\/70750\/revisions\/70752"}],"wp:featuredmedia":[{"embeddable":true,"href":"https:\/\/lasentinelle.dz\/index.php\/wp-json\/wp\/v2\/media\/62935"}],"wp:attachment":[{"href":"https:\/\/lasentinelle.dz\/index.php\/wp-json\/wp\/v2\/media?parent=70750"}],"wp:term":[{"taxonomy":"category","embeddable":true,"href":"https:\/\/lasentinelle.dz\/index.php\/wp-json\/wp\/v2\/categories?post=70750"},{"taxonomy":"post_tag","embeddable":true,"href":"https:\/\/lasentinelle.dz\/index.php\/wp-json\/wp\/v2\/tags?post=70750"}],"curies":[{"name":"wp","href":"https:\/\/api.w.org\/{rel}","templated":true}]}}