{"id":70755,"date":"2025-07-22T13:00:34","date_gmt":"2025-07-22T12:00:34","guid":{"rendered":"https:\/\/lasentinelle.dz\/?p=70755"},"modified":"2025-07-22T13:00:34","modified_gmt":"2025-07-22T12:00:34","slug":"transition-ecologique-dans-le-secteur-industriel-trois-unites-de-production-de-ciment-vert-en-projet","status":"publish","type":"post","link":"https:\/\/lasentinelle.dz\/index.php\/2025\/07\/22\/transition-ecologique-dans-le-secteur-industriel-trois-unites-de-production-de-ciment-vert-en-projet\/","title":{"rendered":"Transition \u00e9cologique dans le secteur industriel : Trois unit\u00e9s de production de ciment vert en projet"},"content":{"rendered":"\n<p>L&rsquo;Alg\u00e9rie acc\u00e9l\u00e8re sa transition vers une industrie cimenti\u00e8re plus respectueuse de l&rsquo;environnement avec l&rsquo;annonce de trois nouveaux projets d&rsquo;envergure. Le ministre de l&rsquo;Industrie, Sifi Ghrib, a d\u00e9voil\u00e9 lundi depuis Alger le lancement de deux nouvelles cimenteries produisant du ciment vert \u00e0 faibles \u00e9missions carbone, implant\u00e9es \u00e0 Djelfa et Relizane, ainsi que l&rsquo;extension de l&rsquo;usine existante d&rsquo;Adrar avec une ligne de production suppl\u00e9mentaire d\u00e9di\u00e9e \u00e0 ce type de ciment \u00e9cologique. Ces annonces interviennent dans un contexte o\u00f9 l&rsquo;industrie cimenti\u00e8re produit des exc\u00e9dents exportables. Avec une capacit\u00e9 de production nationale qui atteint 42 millions de tonnes annuelles, les besoins domestiques ne d\u00e9passent pas 29 \u00e0 30 millions de tonnes, cr\u00e9ant un exc\u00e9dent structurel d&rsquo;environ 12 millions de tonnes. Cette surcapacit\u00e9 pousse les autorit\u00e9s \u00e0 repenser leur strat\u00e9gie industrielle en privil\u00e9giant la qualit\u00e9 environnementale et les perspectives d&rsquo;exportation.<\/p>\n\n\n\n<p>Le projet de Djelfa affichera une capacit\u00e9 initiale de 1,5 million de tonnes, tandis que celui de Relizane visera 2 millions de tonnes de production annuelle. L&rsquo;usine d&rsquo;Adrar, d\u00e9j\u00e0 op\u00e9rationnelle, b\u00e9n\u00e9ficiera quant \u00e0 elle d&rsquo;une seconde ligne de production augmentant ses capacit\u00e9s de 1,5 million de tonnes suppl\u00e9mentaires. Ces investissements s&rsquo;inscrivent dans une d\u00e9marche globale de modernisation du secteur, o\u00f9 \u00ab\u00a0l&rsquo;objectif de ces initiatives est de stimuler l&rsquo;investissement dans la production de ciment vert et de tirer parti de l&rsquo;expertise alg\u00e9rienne, tant \u00e0 l&rsquo;int\u00e9rieur qu&rsquo;\u00e0 l&rsquo;ext\u00e9rieur du pays\u00a0\u00bb, a pr\u00e9cis\u00e9 le ministre.<\/p>\n\n\n\n<p>Pour accompagner cette mutation technologique, les autorit\u00e9s pr\u00e9voient la cr\u00e9ation la semaine prochaine d&rsquo;un conseil national d&rsquo;experts alg\u00e9riens sp\u00e9cialis\u00e9s dans le ciment vert, fruit d&rsquo;une collaboration entre les minist\u00e8res de l&rsquo;Industrie et de l&rsquo;Environnement. Cette initiative vise \u00e0 mobiliser les comp\u00e9tences nationales et diasporiques pour soutenir le d\u00e9veloppement de ces technologies de pointe. \u00ab\u00a0Nous appelons les comp\u00e9tences alg\u00e9riennes \u00e0 contribuer \u00e0 l&rsquo;accompagnement de ces projets\u00a0\u00bb, a soulign\u00e9 Sifi Ghrib, mettant l&rsquo;accent sur la dimension strat\u00e9gique de cette transition.<\/p>\n\n\n\n<p>L&rsquo;enjeu d\u00e9passe les consid\u00e9rations purement industrielles pour s&rsquo;inscrire dans une logique d&rsquo;exportation vers des march\u00e9s internationaux de plus en plus exigeants sur les normes environnementales. Le ciment vert, caract\u00e9ris\u00e9 par des \u00e9missions de CO2 consid\u00e9rablement r\u00e9duites lors de sa production, repr\u00e9sente un avantage concurrentiel majeur pour p\u00e9n\u00e9trer de nouveaux march\u00e9s, notamment europ\u00e9ens o\u00f9 la r\u00e9glementation environnementale se durcit progressivement. Ces d\u00e9clarations ont \u00e9t\u00e9 formul\u00e9es en marge de l&rsquo;ouverture d&rsquo;un atelier consacr\u00e9 au lancement du march\u00e9 volontaire du carbone et au syst\u00e8me de mesure, rapportage et v\u00e9rification pour le secteur des d\u00e9chets. Cette rencontre, supervis\u00e9e par la ministre de l&rsquo;Environnement et de la Qualit\u00e9 de vie, Nadjiba Djilali, t\u00e9moigne de l&rsquo;approche transversale adopt\u00e9e par l&rsquo;Alg\u00e9rie pour int\u00e9grer les pr\u00e9occupations climatiques dans ses politiques industrielles.<\/p>\n\n\n\n<p>Cette strat\u00e9gie de diversification vers le ciment \u00e9cologique s&rsquo;inscrit dans le cadre plus large des engagements climatiques de l&rsquo;Alg\u00e9rie et de sa volont\u00e9 de d\u00e9velopper une industrie \u00e0 forte valeur ajout\u00e9e. En transformant un exc\u00e9dent de production en opportunit\u00e9 d&rsquo;innovation technologique et d&rsquo;ouverture sur les march\u00e9s internationaux, le pays ambitionne de repositionner son industrie cimenti\u00e8re comme un acteur de r\u00e9f\u00e9rence dans la transition \u00e9nerg\u00e9tique du secteur.<\/p>\n\n\n\n<p>Sabrina Aziouez<\/p>\n","protected":false},"excerpt":{"rendered":"<p>L&rsquo;Alg\u00e9rie acc\u00e9l\u00e8re sa transition vers une industrie cimenti\u00e8re plus respectueuse de l&rsquo;environnement avec l&rsquo;annonce de trois nouveaux projets d&rsquo;envergure. Le<\/p>\n","protected":false},"author":6,"featured_media":70756,"comment_status":"open","ping_status":"closed","sticky":false,"template":"","format":"standard","meta":{"colormag_page_container_layout":"default_layout","colormag_page_sidebar_layout":"default_layout","om_disable_all_campaigns":false,"_monsterinsights_skip_tracking":false,"_monsterinsights_sitenote_active":false,"_monsterinsights_sitenote_note":"","_monsterinsights_sitenote_category":0,"footnotes":"","_wpscppro_dont_share_socialmedia":false,"_wpscppro_custom_social_share_image":0,"_facebook_share_type":"default","_twitter_share_type":"default","_linkedin_share_type":"default","_pinterest_share_type":"default","_linkedin_share_type_page":"","_instagram_share_type":"default","_medium_share_type":"default","_threads_share_type":"","_google_business_share_type":"","_selected_social_profile":[],"_wpsp_enable_custom_social_template":false,"_wpsp_social_scheduling":{"enabled":false,"datetime":null,"platforms":[],"status":"template_only","dateOption":"today","timeOption":"now","customDays":"","customHours":"","customDate":"","customTime":"","schedulingType":"absolute"},"_wpsp_active_default_template":true},"categories":[29],"tags":[],"class_list":["post-70755","post","type-post","status-publish","format-standard","has-post-thumbnail","hentry","category-economie"],"aioseo_notices":[],"yoast_head":"<!-- This site is optimized with the Yoast SEO plugin v27.5 - https:\/\/yoast.com\/product\/yoast-seo-wordpress\/ -->\n<title>Transition \u00e9cologique dans le secteur industriel : Trois unit\u00e9s de production de ciment vert en projet - La Sentinelle<\/title>\n<meta name=\"robots\" content=\"index, follow, max-snippet:-1, max-image-preview:large, max-video-preview:-1\" \/>\n<link rel=\"canonical\" href=\"https:\/\/lasentinelle.dz\/index.php\/2025\/07\/22\/transition-ecologique-dans-le-secteur-industriel-trois-unites-de-production-de-ciment-vert-en-projet\/\" \/>\n<meta property=\"og:locale\" content=\"fr_FR\" \/>\n<meta property=\"og:type\" content=\"article\" \/>\n<meta property=\"og:title\" content=\"Transition \u00e9cologique dans le secteur industriel : Trois unit\u00e9s de production de ciment vert en projet - La Sentinelle\" \/>\n<meta property=\"og:description\" content=\"L&rsquo;Alg\u00e9rie acc\u00e9l\u00e8re sa transition vers une industrie cimenti\u00e8re plus respectueuse de l&rsquo;environnement avec l&rsquo;annonce de trois nouveaux projets d&rsquo;envergure. Le\" \/>\n<meta property=\"og:url\" content=\"https:\/\/lasentinelle.dz\/index.php\/2025\/07\/22\/transition-ecologique-dans-le-secteur-industriel-trois-unites-de-production-de-ciment-vert-en-projet\/\" \/>\n<meta property=\"og:site_name\" content=\"La Sentinelle\" \/>\n<meta property=\"article:publisher\" content=\"https:\/\/www.facebook.com\/La-Sentinelle-104059864394773\" \/>\n<meta property=\"article:published_time\" content=\"2025-07-22T12:00:34+00:00\" \/>\n<meta property=\"og:image\" content=\"https:\/\/lasentinelle.dz\/wp-content\/uploads\/2025\/07\/514258282_1175848201247469_2370539710100411977_n.jpg\" \/>\n\t<meta property=\"og:image:width\" content=\"835\" \/>\n\t<meta property=\"og:image:height\" content=\"729\" \/>\n\t<meta property=\"og:image:type\" content=\"image\/jpeg\" \/>\n<meta name=\"author\" content=\"admin\" \/>\n<meta name=\"twitter:card\" content=\"summary_large_image\" \/>\n<meta name=\"twitter:label1\" content=\"\u00c9crit par\" \/>\n\t<meta name=\"twitter:data1\" content=\"admin\" \/>\n\t<meta name=\"twitter:label2\" content=\"Dur\u00e9e de lecture estim\u00e9e\" \/>\n\t<meta name=\"twitter:data2\" content=\"3 minutes\" \/>\n<script type=\"application\/ld+json\" class=\"yoast-schema-graph\">{\"@context\":\"https:\\\/\\\/schema.org\",\"@graph\":[{\"@type\":\"Article\",\"@id\":\"https:\\\/\\\/lasentinelle.dz\\\/index.php\\\/2025\\\/07\\\/22\\\/transition-ecologique-dans-le-secteur-industriel-trois-unites-de-production-de-ciment-vert-en-projet\\\/#article\",\"isPartOf\":{\"@id\":\"https:\\\/\\\/lasentinelle.dz\\\/index.php\\\/2025\\\/07\\\/22\\\/transition-ecologique-dans-le-secteur-industriel-trois-unites-de-production-de-ciment-vert-en-projet\\\/\"},\"author\":{\"name\":\"admin\",\"@id\":\"https:\\\/\\\/lasentinelle.dz\\\/#\\\/schema\\\/person\\\/729ee0024f24e0b8c5ec17232f8e8b41\"},\"headline\":\"Transition \u00e9cologique dans le secteur industriel : Trois unit\u00e9s de production de ciment vert en projet\",\"datePublished\":\"2025-07-22T12:00:34+00:00\",\"mainEntityOfPage\":{\"@id\":\"https:\\\/\\\/lasentinelle.dz\\\/index.php\\\/2025\\\/07\\\/22\\\/transition-ecologique-dans-le-secteur-industriel-trois-unites-de-production-de-ciment-vert-en-projet\\\/\"},\"wordCount\":606,\"commentCount\":0,\"publisher\":{\"@id\":\"https:\\\/\\\/lasentinelle.dz\\\/#organization\"},\"image\":{\"@id\":\"https:\\\/\\\/lasentinelle.dz\\\/index.php\\\/2025\\\/07\\\/22\\\/transition-ecologique-dans-le-secteur-industriel-trois-unites-de-production-de-ciment-vert-en-projet\\\/#primaryimage\"},\"thumbnailUrl\":\"https:\\\/\\\/lasentinelle.dz\\\/wp-content\\\/uploads\\\/2025\\\/07\\\/514258282_1175848201247469_2370539710100411977_n.jpg\",\"articleSection\":[\"\u00c9conomie\"],\"inLanguage\":\"fr-FR\",\"potentialAction\":[{\"@type\":\"CommentAction\",\"name\":\"Comment\",\"target\":[\"https:\\\/\\\/lasentinelle.dz\\\/index.php\\\/2025\\\/07\\\/22\\\/transition-ecologique-dans-le-secteur-industriel-trois-unites-de-production-de-ciment-vert-en-projet\\\/#respond\"]}]},{\"@type\":\"WebPage\",\"@id\":\"https:\\\/\\\/lasentinelle.dz\\\/index.php\\\/2025\\\/07\\\/22\\\/transition-ecologique-dans-le-secteur-industriel-trois-unites-de-production-de-ciment-vert-en-projet\\\/\",\"url\":\"https:\\\/\\\/lasentinelle.dz\\\/index.php\\\/2025\\\/07\\\/22\\\/transition-ecologique-dans-le-secteur-industriel-trois-unites-de-production-de-ciment-vert-en-projet\\\/\",\"name\":\"Transition \u00e9cologique dans le secteur industriel : Trois unit\u00e9s de production de ciment vert en projet - La Sentinelle\",\"isPartOf\":{\"@id\":\"https:\\\/\\\/lasentinelle.dz\\\/#website\"},\"primaryImageOfPage\":{\"@id\":\"https:\\\/\\\/lasentinelle.dz\\\/index.php\\\/2025\\\/07\\\/22\\\/transition-ecologique-dans-le-secteur-industriel-trois-unites-de-production-de-ciment-vert-en-projet\\\/#primaryimage\"},\"image\":{\"@id\":\"https:\\\/\\\/lasentinelle.dz\\\/index.php\\\/2025\\\/07\\\/22\\\/transition-ecologique-dans-le-secteur-industriel-trois-unites-de-production-de-ciment-vert-en-projet\\\/#primaryimage\"},\"thumbnailUrl\":\"https:\\\/\\\/lasentinelle.dz\\\/wp-content\\\/uploads\\\/2025\\\/07\\\/514258282_1175848201247469_2370539710100411977_n.jpg\",\"datePublished\":\"2025-07-22T12:00:34+00:00\",\"breadcrumb\":{\"@id\":\"https:\\\/\\\/lasentinelle.dz\\\/index.php\\\/2025\\\/07\\\/22\\\/transition-ecologique-dans-le-secteur-industriel-trois-unites-de-production-de-ciment-vert-en-projet\\\/#breadcrumb\"},\"inLanguage\":\"fr-FR\",\"potentialAction\":[{\"@type\":\"ReadAction\",\"target\":[\"https:\\\/\\\/lasentinelle.dz\\\/index.php\\\/2025\\\/07\\\/22\\\/transition-ecologique-dans-le-secteur-industriel-trois-unites-de-production-de-ciment-vert-en-projet\\\/\"]}]},{\"@type\":\"ImageObject\",\"inLanguage\":\"fr-FR\",\"@id\":\"https:\\\/\\\/lasentinelle.dz\\\/index.php\\\/2025\\\/07\\\/22\\\/transition-ecologique-dans-le-secteur-industriel-trois-unites-de-production-de-ciment-vert-en-projet\\\/#primaryimage\",\"url\":\"https:\\\/\\\/lasentinelle.dz\\\/wp-content\\\/uploads\\\/2025\\\/07\\\/514258282_1175848201247469_2370539710100411977_n.jpg\",\"contentUrl\":\"https:\\\/\\\/lasentinelle.dz\\\/wp-content\\\/uploads\\\/2025\\\/07\\\/514258282_1175848201247469_2370539710100411977_n.jpg\",\"width\":835,\"height\":729},{\"@type\":\"BreadcrumbList\",\"@id\":\"https:\\\/\\\/lasentinelle.dz\\\/index.php\\\/2025\\\/07\\\/22\\\/transition-ecologique-dans-le-secteur-industriel-trois-unites-de-production-de-ciment-vert-en-projet\\\/#breadcrumb\",\"itemListElement\":[{\"@type\":\"ListItem\",\"position\":1,\"name\":\"Accueil\",\"item\":\"https:\\\/\\\/lasentinelle.dz\\\/\"},{\"@type\":\"ListItem\",\"position\":2,\"name\":\"Transition \u00e9cologique dans le secteur industriel : Trois unit\u00e9s de production de ciment vert en projet\"}]},{\"@type\":\"WebSite\",\"@id\":\"https:\\\/\\\/lasentinelle.dz\\\/#website\",\"url\":\"https:\\\/\\\/lasentinelle.dz\\\/\",\"name\":\"La Sentinelle\",\"description\":\"Quotidien national d&#039;information\",\"publisher\":{\"@id\":\"https:\\\/\\\/lasentinelle.dz\\\/#organization\"},\"potentialAction\":[{\"@type\":\"SearchAction\",\"target\":{\"@type\":\"EntryPoint\",\"urlTemplate\":\"https:\\\/\\\/lasentinelle.dz\\\/?s={search_term_string}\"},\"query-input\":{\"@type\":\"PropertyValueSpecification\",\"valueRequired\":true,\"valueName\":\"search_term_string\"}}],\"inLanguage\":\"fr-FR\"},{\"@type\":\"Organization\",\"@id\":\"https:\\\/\\\/lasentinelle.dz\\\/#organization\",\"name\":\"Quotidien La Sentinelle\",\"url\":\"https:\\\/\\\/lasentinelle.dz\\\/\",\"logo\":{\"@type\":\"ImageObject\",\"inLanguage\":\"fr-FR\",\"@id\":\"https:\\\/\\\/lasentinelle.dz\\\/#\\\/schema\\\/logo\\\/image\\\/\",\"url\":\"https:\\\/\\\/lasentinelle.dz\\\/wp-content\\\/uploads\\\/2021\\\/09\\\/logo-sentinelleSLOGAN-1.png\",\"contentUrl\":\"https:\\\/\\\/lasentinelle.dz\\\/wp-content\\\/uploads\\\/2021\\\/09\\\/logo-sentinelleSLOGAN-1.png\",\"width\":615,\"height\":142,\"caption\":\"Quotidien La Sentinelle\"},\"image\":{\"@id\":\"https:\\\/\\\/lasentinelle.dz\\\/#\\\/schema\\\/logo\\\/image\\\/\"},\"sameAs\":[\"https:\\\/\\\/www.facebook.com\\\/La-Sentinelle-104059864394773\"]},{\"@type\":\"Person\",\"@id\":\"https:\\\/\\\/lasentinelle.dz\\\/#\\\/schema\\\/person\\\/729ee0024f24e0b8c5ec17232f8e8b41\",\"name\":\"admin\",\"image\":{\"@type\":\"ImageObject\",\"inLanguage\":\"fr-FR\",\"@id\":\"https:\\\/\\\/secure.gravatar.com\\\/avatar\\\/4c81fed838786e9b53f540bf46533e750f5d292099ae3b66cfc6fb1982e29df7?s=96&d=mm&r=g\",\"url\":\"https:\\\/\\\/secure.gravatar.com\\\/avatar\\\/4c81fed838786e9b53f540bf46533e750f5d292099ae3b66cfc6fb1982e29df7?s=96&d=mm&r=g\",\"contentUrl\":\"https:\\\/\\\/secure.gravatar.com\\\/avatar\\\/4c81fed838786e9b53f540bf46533e750f5d292099ae3b66cfc6fb1982e29df7?s=96&d=mm&r=g\",\"caption\":\"admin\"},\"description\":\"admin\",\"url\":\"https:\\\/\\\/lasentinelle.dz\\\/author\\\/admin\\\/\"}]}<\/script>\n<!-- \/ Yoast SEO plugin. -->","yoast_head_json":{"title":"Transition \u00e9cologique dans le secteur industriel : Trois unit\u00e9s de production de ciment vert en projet - La Sentinelle","robots":{"index":"index","follow":"follow","max-snippet":"max-snippet:-1","max-image-preview":"max-image-preview:large","max-video-preview":"max-video-preview:-1"},"canonical":"https:\/\/lasentinelle.dz\/index.php\/2025\/07\/22\/transition-ecologique-dans-le-secteur-industriel-trois-unites-de-production-de-ciment-vert-en-projet\/","og_locale":"fr_FR","og_type":"article","og_title":"Transition \u00e9cologique dans le secteur industriel : Trois unit\u00e9s de production de ciment vert en projet - La Sentinelle","og_description":"L&rsquo;Alg\u00e9rie acc\u00e9l\u00e8re sa transition vers une industrie cimenti\u00e8re plus respectueuse de l&rsquo;environnement avec l&rsquo;annonce de trois nouveaux projets d&rsquo;envergure. Le","og_url":"https:\/\/lasentinelle.dz\/index.php\/2025\/07\/22\/transition-ecologique-dans-le-secteur-industriel-trois-unites-de-production-de-ciment-vert-en-projet\/","og_site_name":"La Sentinelle","article_publisher":"https:\/\/www.facebook.com\/La-Sentinelle-104059864394773","article_published_time":"2025-07-22T12:00:34+00:00","og_image":[{"width":835,"height":729,"url":"https:\/\/lasentinelle.dz\/wp-content\/uploads\/2025\/07\/514258282_1175848201247469_2370539710100411977_n.jpg","type":"image\/jpeg"}],"author":"admin","twitter_card":"summary_large_image","twitter_misc":{"\u00c9crit par":"admin","Dur\u00e9e de lecture estim\u00e9e":"3 minutes"},"schema":{"@context":"https:\/\/schema.org","@graph":[{"@type":"Article","@id":"https:\/\/lasentinelle.dz\/index.php\/2025\/07\/22\/transition-ecologique-dans-le-secteur-industriel-trois-unites-de-production-de-ciment-vert-en-projet\/#article","isPartOf":{"@id":"https:\/\/lasentinelle.dz\/index.php\/2025\/07\/22\/transition-ecologique-dans-le-secteur-industriel-trois-unites-de-production-de-ciment-vert-en-projet\/"},"author":{"name":"admin","@id":"https:\/\/lasentinelle.dz\/#\/schema\/person\/729ee0024f24e0b8c5ec17232f8e8b41"},"headline":"Transition \u00e9cologique dans le secteur industriel : Trois unit\u00e9s de production de ciment vert en projet","datePublished":"2025-07-22T12:00:34+00:00","mainEntityOfPage":{"@id":"https:\/\/lasentinelle.dz\/index.php\/2025\/07\/22\/transition-ecologique-dans-le-secteur-industriel-trois-unites-de-production-de-ciment-vert-en-projet\/"},"wordCount":606,"commentCount":0,"publisher":{"@id":"https:\/\/lasentinelle.dz\/#organization"},"image":{"@id":"https:\/\/lasentinelle.dz\/index.php\/2025\/07\/22\/transition-ecologique-dans-le-secteur-industriel-trois-unites-de-production-de-ciment-vert-en-projet\/#primaryimage"},"thumbnailUrl":"https:\/\/lasentinelle.dz\/wp-content\/uploads\/2025\/07\/514258282_1175848201247469_2370539710100411977_n.jpg","articleSection":["\u00c9conomie"],"inLanguage":"fr-FR","potentialAction":[{"@type":"CommentAction","name":"Comment","target":["https:\/\/lasentinelle.dz\/index.php\/2025\/07\/22\/transition-ecologique-dans-le-secteur-industriel-trois-unites-de-production-de-ciment-vert-en-projet\/#respond"]}]},{"@type":"WebPage","@id":"https:\/\/lasentinelle.dz\/index.php\/2025\/07\/22\/transition-ecologique-dans-le-secteur-industriel-trois-unites-de-production-de-ciment-vert-en-projet\/","url":"https:\/\/lasentinelle.dz\/index.php\/2025\/07\/22\/transition-ecologique-dans-le-secteur-industriel-trois-unites-de-production-de-ciment-vert-en-projet\/","name":"Transition \u00e9cologique dans le secteur industriel : Trois unit\u00e9s de production de ciment vert en projet - La Sentinelle","isPartOf":{"@id":"https:\/\/lasentinelle.dz\/#website"},"primaryImageOfPage":{"@id":"https:\/\/lasentinelle.dz\/index.php\/2025\/07\/22\/transition-ecologique-dans-le-secteur-industriel-trois-unites-de-production-de-ciment-vert-en-projet\/#primaryimage"},"image":{"@id":"https:\/\/lasentinelle.dz\/index.php\/2025\/07\/22\/transition-ecologique-dans-le-secteur-industriel-trois-unites-de-production-de-ciment-vert-en-projet\/#primaryimage"},"thumbnailUrl":"https:\/\/lasentinelle.dz\/wp-content\/uploads\/2025\/07\/514258282_1175848201247469_2370539710100411977_n.jpg","datePublished":"2025-07-22T12:00:34+00:00","breadcrumb":{"@id":"https:\/\/lasentinelle.dz\/index.php\/2025\/07\/22\/transition-ecologique-dans-le-secteur-industriel-trois-unites-de-production-de-ciment-vert-en-projet\/#breadcrumb"},"inLanguage":"fr-FR","potentialAction":[{"@type":"ReadAction","target":["https:\/\/lasentinelle.dz\/index.php\/2025\/07\/22\/transition-ecologique-dans-le-secteur-industriel-trois-unites-de-production-de-ciment-vert-en-projet\/"]}]},{"@type":"ImageObject","inLanguage":"fr-FR","@id":"https:\/\/lasentinelle.dz\/index.php\/2025\/07\/22\/transition-ecologique-dans-le-secteur-industriel-trois-unites-de-production-de-ciment-vert-en-projet\/#primaryimage","url":"https:\/\/lasentinelle.dz\/wp-content\/uploads\/2025\/07\/514258282_1175848201247469_2370539710100411977_n.jpg","contentUrl":"https:\/\/lasentinelle.dz\/wp-content\/uploads\/2025\/07\/514258282_1175848201247469_2370539710100411977_n.jpg","width":835,"height":729},{"@type":"BreadcrumbList","@id":"https:\/\/lasentinelle.dz\/index.php\/2025\/07\/22\/transition-ecologique-dans-le-secteur-industriel-trois-unites-de-production-de-ciment-vert-en-projet\/#breadcrumb","itemListElement":[{"@type":"ListItem","position":1,"name":"Accueil","item":"https:\/\/lasentinelle.dz\/"},{"@type":"ListItem","position":2,"name":"Transition \u00e9cologique dans le secteur industriel : Trois unit\u00e9s de production de ciment vert en projet"}]},{"@type":"WebSite","@id":"https:\/\/lasentinelle.dz\/#website","url":"https:\/\/lasentinelle.dz\/","name":"La Sentinelle","description":"Quotidien national d&#039;information","publisher":{"@id":"https:\/\/lasentinelle.dz\/#organization"},"potentialAction":[{"@type":"SearchAction","target":{"@type":"EntryPoint","urlTemplate":"https:\/\/lasentinelle.dz\/?s={search_term_string}"},"query-input":{"@type":"PropertyValueSpecification","valueRequired":true,"valueName":"search_term_string"}}],"inLanguage":"fr-FR"},{"@type":"Organization","@id":"https:\/\/lasentinelle.dz\/#organization","name":"Quotidien La Sentinelle","url":"https:\/\/lasentinelle.dz\/","logo":{"@type":"ImageObject","inLanguage":"fr-FR","@id":"https:\/\/lasentinelle.dz\/#\/schema\/logo\/image\/","url":"https:\/\/lasentinelle.dz\/wp-content\/uploads\/2021\/09\/logo-sentinelleSLOGAN-1.png","contentUrl":"https:\/\/lasentinelle.dz\/wp-content\/uploads\/2021\/09\/logo-sentinelleSLOGAN-1.png","width":615,"height":142,"caption":"Quotidien La Sentinelle"},"image":{"@id":"https:\/\/lasentinelle.dz\/#\/schema\/logo\/image\/"},"sameAs":["https:\/\/www.facebook.com\/La-Sentinelle-104059864394773"]},{"@type":"Person","@id":"https:\/\/lasentinelle.dz\/#\/schema\/person\/729ee0024f24e0b8c5ec17232f8e8b41","name":"admin","image":{"@type":"ImageObject","inLanguage":"fr-FR","@id":"https:\/\/secure.gravatar.com\/avatar\/4c81fed838786e9b53f540bf46533e750f5d292099ae3b66cfc6fb1982e29df7?s=96&d=mm&r=g","url":"https:\/\/secure.gravatar.com\/avatar\/4c81fed838786e9b53f540bf46533e750f5d292099ae3b66cfc6fb1982e29df7?s=96&d=mm&r=g","contentUrl":"https:\/\/secure.gravatar.com\/avatar\/4c81fed838786e9b53f540bf46533e750f5d292099ae3b66cfc6fb1982e29df7?s=96&d=mm&r=g","caption":"admin"},"description":"admin","url":"https:\/\/lasentinelle.dz\/author\/admin\/"}]}},"_links":{"self":[{"href":"https:\/\/lasentinelle.dz\/index.php\/wp-json\/wp\/v2\/posts\/70755","targetHints":{"allow":["GET"]}}],"collection":[{"href":"https:\/\/lasentinelle.dz\/index.php\/wp-json\/wp\/v2\/posts"}],"about":[{"href":"https:\/\/lasentinelle.dz\/index.php\/wp-json\/wp\/v2\/types\/post"}],"author":[{"embeddable":true,"href":"https:\/\/lasentinelle.dz\/index.php\/wp-json\/wp\/v2\/users\/6"}],"replies":[{"embeddable":true,"href":"https:\/\/lasentinelle.dz\/index.php\/wp-json\/wp\/v2\/comments?post=70755"}],"version-history":[{"count":1,"href":"https:\/\/lasentinelle.dz\/index.php\/wp-json\/wp\/v2\/posts\/70755\/revisions"}],"predecessor-version":[{"id":70757,"href":"https:\/\/lasentinelle.dz\/index.php\/wp-json\/wp\/v2\/posts\/70755\/revisions\/70757"}],"wp:featuredmedia":[{"embeddable":true,"href":"https:\/\/lasentinelle.dz\/index.php\/wp-json\/wp\/v2\/media\/70756"}],"wp:attachment":[{"href":"https:\/\/lasentinelle.dz\/index.php\/wp-json\/wp\/v2\/media?parent=70755"}],"wp:term":[{"taxonomy":"category","embeddable":true,"href":"https:\/\/lasentinelle.dz\/index.php\/wp-json\/wp\/v2\/categories?post=70755"},{"taxonomy":"post_tag","embeddable":true,"href":"https:\/\/lasentinelle.dz\/index.php\/wp-json\/wp\/v2\/tags?post=70755"}],"curies":[{"name":"wp","href":"https:\/\/api.w.org\/{rel}","templated":true}]}}