{"id":70762,"date":"2025-07-22T13:02:39","date_gmt":"2025-07-22T12:02:39","guid":{"rendered":"https:\/\/lasentinelle.dz\/?p=70762"},"modified":"2025-07-22T13:02:39","modified_gmt":"2025-07-22T12:02:39","slug":"programme-aadl-3-reponse-aux-demandes-des-souscripteurs-dimanche-prochain","status":"publish","type":"post","link":"https:\/\/lasentinelle.dz\/index.php\/2025\/07\/22\/programme-aadl-3-reponse-aux-demandes-des-souscripteurs-dimanche-prochain\/","title":{"rendered":"Programme AADL 3: R\u00e9ponse aux demandes des souscripteurs dimanche prochain"},"content":{"rendered":"\n<p>L&rsquo;Agence de l&rsquo;am\u00e9lioration et du d\u00e9veloppement du logement (AADL) r\u00e9pondra aux demandes des souscripteurs au programme location-vente (AADL 3) dimanche prochain, a-t-elle annonc\u00e9, lundi. L&rsquo;Agence a affirm\u00e9 par la voix de son Directeur g\u00e9n\u00e9ral, Riad Guemdani que l&rsquo;op\u00e9ration serait lanc\u00e9e dimanche 27 juillet \u00e0 partir de 12:00. L&rsquo;op\u00e9ration permettra de r\u00e9pondre aux souscripteurs \u00e0 ce programme de logement d\u00e9cid\u00e9 par le pr\u00e9sident de la R\u00e9publique, M. Abdelmadjid Tebboune. Les inscriptions au programme de logements \u00ab\u00a0AADL 3\u00a0\u00bb avaient \u00e9t\u00e9 lanc\u00e9es en juillet 2024, le nombre de souscripteurs ayant atteint plus de 1,4 million, alors que plus de 900.000 souscripteurs remplissant les conditions requises ont \u00e9t\u00e9 recens\u00e9s jusqu&rsquo;au mois de mai dernier.<\/p>\n\n\n\n<p>APS<\/p>\n","protected":false},"excerpt":{"rendered":"<p>L&rsquo;Agence de l&rsquo;am\u00e9lioration et du d\u00e9veloppement du logement (AADL) r\u00e9pondra aux demandes des souscripteurs au programme location-vente (AADL 3) dimanche<\/p>\n","protected":false},"author":6,"featured_media":47507,"comment_status":"open","ping_status":"closed","sticky":false,"template":"","format":"standard","meta":{"colormag_page_container_layout":"default_layout","colormag_page_sidebar_layout":"default_layout","om_disable_all_campaigns":false,"_monsterinsights_skip_tracking":false,"_monsterinsights_sitenote_active":false,"_monsterinsights_sitenote_note":"","_monsterinsights_sitenote_category":0,"footnotes":"","_wpscppro_dont_share_socialmedia":false,"_wpscppro_custom_social_share_image":0,"_facebook_share_type":"default","_twitter_share_type":"default","_linkedin_share_type":"default","_pinterest_share_type":"default","_linkedin_share_type_page":"","_instagram_share_type":"default","_medium_share_type":"default","_threads_share_type":"","_google_business_share_type":"","_selected_social_profile":[],"_wpsp_enable_custom_social_template":false,"_wpsp_social_scheduling":{"enabled":false,"datetime":null,"platforms":[],"status":"template_only","dateOption":"today","timeOption":"now","customDays":"","customHours":"","customDate":"","customTime":"","schedulingType":"absolute"},"_wpsp_active_default_template":true},"categories":[27],"tags":[],"class_list":["post-70762","post","type-post","status-publish","format-standard","has-post-thumbnail","hentry","category-actualite"],"aioseo_notices":[],"yoast_head":"<!-- This site is optimized with the Yoast SEO plugin v27.5 - https:\/\/yoast.com\/product\/yoast-seo-wordpress\/ -->\n<title>Programme AADL 3: R\u00e9ponse aux demandes des souscripteurs dimanche prochain - La Sentinelle<\/title>\n<meta name=\"robots\" content=\"index, follow, max-snippet:-1, max-image-preview:large, max-video-preview:-1\" \/>\n<link rel=\"canonical\" href=\"https:\/\/lasentinelle.dz\/index.php\/2025\/07\/22\/programme-aadl-3-reponse-aux-demandes-des-souscripteurs-dimanche-prochain\/\" \/>\n<meta property=\"og:locale\" content=\"fr_FR\" \/>\n<meta property=\"og:type\" content=\"article\" \/>\n<meta property=\"og:title\" content=\"Programme AADL 3: R\u00e9ponse aux demandes des souscripteurs dimanche prochain - La Sentinelle\" \/>\n<meta property=\"og:description\" content=\"L&rsquo;Agence de l&rsquo;am\u00e9lioration et du d\u00e9veloppement du logement (AADL) r\u00e9pondra aux demandes des souscripteurs au programme location-vente (AADL 3) dimanche\" \/>\n<meta property=\"og:url\" content=\"https:\/\/lasentinelle.dz\/index.php\/2025\/07\/22\/programme-aadl-3-reponse-aux-demandes-des-souscripteurs-dimanche-prochain\/\" \/>\n<meta property=\"og:site_name\" content=\"La Sentinelle\" \/>\n<meta property=\"article:publisher\" content=\"https:\/\/www.facebook.com\/La-Sentinelle-104059864394773\" \/>\n<meta property=\"article:published_time\" content=\"2025-07-22T12:02:39+00:00\" \/>\n<meta property=\"og:image\" content=\"https:\/\/lasentinelle.dz\/wp-content\/uploads\/2023\/11\/AADL.jpeg\" \/>\n\t<meta property=\"og:image:width\" content=\"855\" \/>\n\t<meta property=\"og:image:height\" content=\"469\" \/>\n\t<meta property=\"og:image:type\" content=\"image\/jpeg\" \/>\n<meta name=\"author\" content=\"admin\" \/>\n<meta name=\"twitter:card\" content=\"summary_large_image\" \/>\n<meta name=\"twitter:label1\" content=\"\u00c9crit par\" \/>\n\t<meta name=\"twitter:data1\" content=\"admin\" \/>\n\t<meta name=\"twitter:label2\" content=\"Dur\u00e9e de lecture estim\u00e9e\" \/>\n\t<meta name=\"twitter:data2\" content=\"1 minute\" \/>\n<script type=\"application\/ld+json\" class=\"yoast-schema-graph\">{\"@context\":\"https:\\\/\\\/schema.org\",\"@graph\":[{\"@type\":\"Article\",\"@id\":\"https:\\\/\\\/lasentinelle.dz\\\/index.php\\\/2025\\\/07\\\/22\\\/programme-aadl-3-reponse-aux-demandes-des-souscripteurs-dimanche-prochain\\\/#article\",\"isPartOf\":{\"@id\":\"https:\\\/\\\/lasentinelle.dz\\\/index.php\\\/2025\\\/07\\\/22\\\/programme-aadl-3-reponse-aux-demandes-des-souscripteurs-dimanche-prochain\\\/\"},\"author\":{\"name\":\"admin\",\"@id\":\"https:\\\/\\\/lasentinelle.dz\\\/#\\\/schema\\\/person\\\/729ee0024f24e0b8c5ec17232f8e8b41\"},\"headline\":\"Programme AADL 3: R\u00e9ponse aux demandes des souscripteurs dimanche prochain\",\"datePublished\":\"2025-07-22T12:02:39+00:00\",\"mainEntityOfPage\":{\"@id\":\"https:\\\/\\\/lasentinelle.dz\\\/index.php\\\/2025\\\/07\\\/22\\\/programme-aadl-3-reponse-aux-demandes-des-souscripteurs-dimanche-prochain\\\/\"},\"wordCount\":132,\"commentCount\":0,\"publisher\":{\"@id\":\"https:\\\/\\\/lasentinelle.dz\\\/#organization\"},\"image\":{\"@id\":\"https:\\\/\\\/lasentinelle.dz\\\/index.php\\\/2025\\\/07\\\/22\\\/programme-aadl-3-reponse-aux-demandes-des-souscripteurs-dimanche-prochain\\\/#primaryimage\"},\"thumbnailUrl\":\"https:\\\/\\\/lasentinelle.dz\\\/wp-content\\\/uploads\\\/2023\\\/11\\\/AADL.jpeg\",\"articleSection\":[\"Actualit\u00e9\"],\"inLanguage\":\"fr-FR\",\"potentialAction\":[{\"@type\":\"CommentAction\",\"name\":\"Comment\",\"target\":[\"https:\\\/\\\/lasentinelle.dz\\\/index.php\\\/2025\\\/07\\\/22\\\/programme-aadl-3-reponse-aux-demandes-des-souscripteurs-dimanche-prochain\\\/#respond\"]}]},{\"@type\":\"WebPage\",\"@id\":\"https:\\\/\\\/lasentinelle.dz\\\/index.php\\\/2025\\\/07\\\/22\\\/programme-aadl-3-reponse-aux-demandes-des-souscripteurs-dimanche-prochain\\\/\",\"url\":\"https:\\\/\\\/lasentinelle.dz\\\/index.php\\\/2025\\\/07\\\/22\\\/programme-aadl-3-reponse-aux-demandes-des-souscripteurs-dimanche-prochain\\\/\",\"name\":\"Programme AADL 3: R\u00e9ponse aux demandes des souscripteurs dimanche prochain - La Sentinelle\",\"isPartOf\":{\"@id\":\"https:\\\/\\\/lasentinelle.dz\\\/#website\"},\"primaryImageOfPage\":{\"@id\":\"https:\\\/\\\/lasentinelle.dz\\\/index.php\\\/2025\\\/07\\\/22\\\/programme-aadl-3-reponse-aux-demandes-des-souscripteurs-dimanche-prochain\\\/#primaryimage\"},\"image\":{\"@id\":\"https:\\\/\\\/lasentinelle.dz\\\/index.php\\\/2025\\\/07\\\/22\\\/programme-aadl-3-reponse-aux-demandes-des-souscripteurs-dimanche-prochain\\\/#primaryimage\"},\"thumbnailUrl\":\"https:\\\/\\\/lasentinelle.dz\\\/wp-content\\\/uploads\\\/2023\\\/11\\\/AADL.jpeg\",\"datePublished\":\"2025-07-22T12:02:39+00:00\",\"breadcrumb\":{\"@id\":\"https:\\\/\\\/lasentinelle.dz\\\/index.php\\\/2025\\\/07\\\/22\\\/programme-aadl-3-reponse-aux-demandes-des-souscripteurs-dimanche-prochain\\\/#breadcrumb\"},\"inLanguage\":\"fr-FR\",\"potentialAction\":[{\"@type\":\"ReadAction\",\"target\":[\"https:\\\/\\\/lasentinelle.dz\\\/index.php\\\/2025\\\/07\\\/22\\\/programme-aadl-3-reponse-aux-demandes-des-souscripteurs-dimanche-prochain\\\/\"]}]},{\"@type\":\"ImageObject\",\"inLanguage\":\"fr-FR\",\"@id\":\"https:\\\/\\\/lasentinelle.dz\\\/index.php\\\/2025\\\/07\\\/22\\\/programme-aadl-3-reponse-aux-demandes-des-souscripteurs-dimanche-prochain\\\/#primaryimage\",\"url\":\"https:\\\/\\\/lasentinelle.dz\\\/wp-content\\\/uploads\\\/2023\\\/11\\\/AADL.jpeg\",\"contentUrl\":\"https:\\\/\\\/lasentinelle.dz\\\/wp-content\\\/uploads\\\/2023\\\/11\\\/AADL.jpeg\",\"width\":855,\"height\":469},{\"@type\":\"BreadcrumbList\",\"@id\":\"https:\\\/\\\/lasentinelle.dz\\\/index.php\\\/2025\\\/07\\\/22\\\/programme-aadl-3-reponse-aux-demandes-des-souscripteurs-dimanche-prochain\\\/#breadcrumb\",\"itemListElement\":[{\"@type\":\"ListItem\",\"position\":1,\"name\":\"Accueil\",\"item\":\"https:\\\/\\\/lasentinelle.dz\\\/\"},{\"@type\":\"ListItem\",\"position\":2,\"name\":\"Programme AADL 3: R\u00e9ponse aux demandes des souscripteurs dimanche prochain\"}]},{\"@type\":\"WebSite\",\"@id\":\"https:\\\/\\\/lasentinelle.dz\\\/#website\",\"url\":\"https:\\\/\\\/lasentinelle.dz\\\/\",\"name\":\"La Sentinelle\",\"description\":\"Quotidien national d&#039;information\",\"publisher\":{\"@id\":\"https:\\\/\\\/lasentinelle.dz\\\/#organization\"},\"potentialAction\":[{\"@type\":\"SearchAction\",\"target\":{\"@type\":\"EntryPoint\",\"urlTemplate\":\"https:\\\/\\\/lasentinelle.dz\\\/?s={search_term_string}\"},\"query-input\":{\"@type\":\"PropertyValueSpecification\",\"valueRequired\":true,\"valueName\":\"search_term_string\"}}],\"inLanguage\":\"fr-FR\"},{\"@type\":\"Organization\",\"@id\":\"https:\\\/\\\/lasentinelle.dz\\\/#organization\",\"name\":\"Quotidien La Sentinelle\",\"url\":\"https:\\\/\\\/lasentinelle.dz\\\/\",\"logo\":{\"@type\":\"ImageObject\",\"inLanguage\":\"fr-FR\",\"@id\":\"https:\\\/\\\/lasentinelle.dz\\\/#\\\/schema\\\/logo\\\/image\\\/\",\"url\":\"https:\\\/\\\/lasentinelle.dz\\\/wp-content\\\/uploads\\\/2021\\\/09\\\/logo-sentinelleSLOGAN-1.png\",\"contentUrl\":\"https:\\\/\\\/lasentinelle.dz\\\/wp-content\\\/uploads\\\/2021\\\/09\\\/logo-sentinelleSLOGAN-1.png\",\"width\":615,\"height\":142,\"caption\":\"Quotidien La Sentinelle\"},\"image\":{\"@id\":\"https:\\\/\\\/lasentinelle.dz\\\/#\\\/schema\\\/logo\\\/image\\\/\"},\"sameAs\":[\"https:\\\/\\\/www.facebook.com\\\/La-Sentinelle-104059864394773\"]},{\"@type\":\"Person\",\"@id\":\"https:\\\/\\\/lasentinelle.dz\\\/#\\\/schema\\\/person\\\/729ee0024f24e0b8c5ec17232f8e8b41\",\"name\":\"admin\",\"image\":{\"@type\":\"ImageObject\",\"inLanguage\":\"fr-FR\",\"@id\":\"https:\\\/\\\/secure.gravatar.com\\\/avatar\\\/4c81fed838786e9b53f540bf46533e750f5d292099ae3b66cfc6fb1982e29df7?s=96&d=mm&r=g\",\"url\":\"https:\\\/\\\/secure.gravatar.com\\\/avatar\\\/4c81fed838786e9b53f540bf46533e750f5d292099ae3b66cfc6fb1982e29df7?s=96&d=mm&r=g\",\"contentUrl\":\"https:\\\/\\\/secure.gravatar.com\\\/avatar\\\/4c81fed838786e9b53f540bf46533e750f5d292099ae3b66cfc6fb1982e29df7?s=96&d=mm&r=g\",\"caption\":\"admin\"},\"description\":\"admin\",\"url\":\"https:\\\/\\\/lasentinelle.dz\\\/author\\\/admin\\\/\"}]}<\/script>\n<!-- \/ Yoast SEO plugin. -->","yoast_head_json":{"title":"Programme AADL 3: R\u00e9ponse aux demandes des souscripteurs dimanche prochain - La Sentinelle","robots":{"index":"index","follow":"follow","max-snippet":"max-snippet:-1","max-image-preview":"max-image-preview:large","max-video-preview":"max-video-preview:-1"},"canonical":"https:\/\/lasentinelle.dz\/index.php\/2025\/07\/22\/programme-aadl-3-reponse-aux-demandes-des-souscripteurs-dimanche-prochain\/","og_locale":"fr_FR","og_type":"article","og_title":"Programme AADL 3: R\u00e9ponse aux demandes des souscripteurs dimanche prochain - La Sentinelle","og_description":"L&rsquo;Agence de l&rsquo;am\u00e9lioration et du d\u00e9veloppement du logement (AADL) r\u00e9pondra aux demandes des souscripteurs au programme location-vente (AADL 3) dimanche","og_url":"https:\/\/lasentinelle.dz\/index.php\/2025\/07\/22\/programme-aadl-3-reponse-aux-demandes-des-souscripteurs-dimanche-prochain\/","og_site_name":"La Sentinelle","article_publisher":"https:\/\/www.facebook.com\/La-Sentinelle-104059864394773","article_published_time":"2025-07-22T12:02:39+00:00","og_image":[{"width":855,"height":469,"url":"https:\/\/lasentinelle.dz\/wp-content\/uploads\/2023\/11\/AADL.jpeg","type":"image\/jpeg"}],"author":"admin","twitter_card":"summary_large_image","twitter_misc":{"\u00c9crit par":"admin","Dur\u00e9e de lecture estim\u00e9e":"1 minute"},"schema":{"@context":"https:\/\/schema.org","@graph":[{"@type":"Article","@id":"https:\/\/lasentinelle.dz\/index.php\/2025\/07\/22\/programme-aadl-3-reponse-aux-demandes-des-souscripteurs-dimanche-prochain\/#article","isPartOf":{"@id":"https:\/\/lasentinelle.dz\/index.php\/2025\/07\/22\/programme-aadl-3-reponse-aux-demandes-des-souscripteurs-dimanche-prochain\/"},"author":{"name":"admin","@id":"https:\/\/lasentinelle.dz\/#\/schema\/person\/729ee0024f24e0b8c5ec17232f8e8b41"},"headline":"Programme AADL 3: R\u00e9ponse aux demandes des souscripteurs dimanche prochain","datePublished":"2025-07-22T12:02:39+00:00","mainEntityOfPage":{"@id":"https:\/\/lasentinelle.dz\/index.php\/2025\/07\/22\/programme-aadl-3-reponse-aux-demandes-des-souscripteurs-dimanche-prochain\/"},"wordCount":132,"commentCount":0,"publisher":{"@id":"https:\/\/lasentinelle.dz\/#organization"},"image":{"@id":"https:\/\/lasentinelle.dz\/index.php\/2025\/07\/22\/programme-aadl-3-reponse-aux-demandes-des-souscripteurs-dimanche-prochain\/#primaryimage"},"thumbnailUrl":"https:\/\/lasentinelle.dz\/wp-content\/uploads\/2023\/11\/AADL.jpeg","articleSection":["Actualit\u00e9"],"inLanguage":"fr-FR","potentialAction":[{"@type":"CommentAction","name":"Comment","target":["https:\/\/lasentinelle.dz\/index.php\/2025\/07\/22\/programme-aadl-3-reponse-aux-demandes-des-souscripteurs-dimanche-prochain\/#respond"]}]},{"@type":"WebPage","@id":"https:\/\/lasentinelle.dz\/index.php\/2025\/07\/22\/programme-aadl-3-reponse-aux-demandes-des-souscripteurs-dimanche-prochain\/","url":"https:\/\/lasentinelle.dz\/index.php\/2025\/07\/22\/programme-aadl-3-reponse-aux-demandes-des-souscripteurs-dimanche-prochain\/","name":"Programme AADL 3: R\u00e9ponse aux demandes des souscripteurs dimanche prochain - La Sentinelle","isPartOf":{"@id":"https:\/\/lasentinelle.dz\/#website"},"primaryImageOfPage":{"@id":"https:\/\/lasentinelle.dz\/index.php\/2025\/07\/22\/programme-aadl-3-reponse-aux-demandes-des-souscripteurs-dimanche-prochain\/#primaryimage"},"image":{"@id":"https:\/\/lasentinelle.dz\/index.php\/2025\/07\/22\/programme-aadl-3-reponse-aux-demandes-des-souscripteurs-dimanche-prochain\/#primaryimage"},"thumbnailUrl":"https:\/\/lasentinelle.dz\/wp-content\/uploads\/2023\/11\/AADL.jpeg","datePublished":"2025-07-22T12:02:39+00:00","breadcrumb":{"@id":"https:\/\/lasentinelle.dz\/index.php\/2025\/07\/22\/programme-aadl-3-reponse-aux-demandes-des-souscripteurs-dimanche-prochain\/#breadcrumb"},"inLanguage":"fr-FR","potentialAction":[{"@type":"ReadAction","target":["https:\/\/lasentinelle.dz\/index.php\/2025\/07\/22\/programme-aadl-3-reponse-aux-demandes-des-souscripteurs-dimanche-prochain\/"]}]},{"@type":"ImageObject","inLanguage":"fr-FR","@id":"https:\/\/lasentinelle.dz\/index.php\/2025\/07\/22\/programme-aadl-3-reponse-aux-demandes-des-souscripteurs-dimanche-prochain\/#primaryimage","url":"https:\/\/lasentinelle.dz\/wp-content\/uploads\/2023\/11\/AADL.jpeg","contentUrl":"https:\/\/lasentinelle.dz\/wp-content\/uploads\/2023\/11\/AADL.jpeg","width":855,"height":469},{"@type":"BreadcrumbList","@id":"https:\/\/lasentinelle.dz\/index.php\/2025\/07\/22\/programme-aadl-3-reponse-aux-demandes-des-souscripteurs-dimanche-prochain\/#breadcrumb","itemListElement":[{"@type":"ListItem","position":1,"name":"Accueil","item":"https:\/\/lasentinelle.dz\/"},{"@type":"ListItem","position":2,"name":"Programme AADL 3: R\u00e9ponse aux demandes des souscripteurs dimanche prochain"}]},{"@type":"WebSite","@id":"https:\/\/lasentinelle.dz\/#website","url":"https:\/\/lasentinelle.dz\/","name":"La Sentinelle","description":"Quotidien national d&#039;information","publisher":{"@id":"https:\/\/lasentinelle.dz\/#organization"},"potentialAction":[{"@type":"SearchAction","target":{"@type":"EntryPoint","urlTemplate":"https:\/\/lasentinelle.dz\/?s={search_term_string}"},"query-input":{"@type":"PropertyValueSpecification","valueRequired":true,"valueName":"search_term_string"}}],"inLanguage":"fr-FR"},{"@type":"Organization","@id":"https:\/\/lasentinelle.dz\/#organization","name":"Quotidien La Sentinelle","url":"https:\/\/lasentinelle.dz\/","logo":{"@type":"ImageObject","inLanguage":"fr-FR","@id":"https:\/\/lasentinelle.dz\/#\/schema\/logo\/image\/","url":"https:\/\/lasentinelle.dz\/wp-content\/uploads\/2021\/09\/logo-sentinelleSLOGAN-1.png","contentUrl":"https:\/\/lasentinelle.dz\/wp-content\/uploads\/2021\/09\/logo-sentinelleSLOGAN-1.png","width":615,"height":142,"caption":"Quotidien La Sentinelle"},"image":{"@id":"https:\/\/lasentinelle.dz\/#\/schema\/logo\/image\/"},"sameAs":["https:\/\/www.facebook.com\/La-Sentinelle-104059864394773"]},{"@type":"Person","@id":"https:\/\/lasentinelle.dz\/#\/schema\/person\/729ee0024f24e0b8c5ec17232f8e8b41","name":"admin","image":{"@type":"ImageObject","inLanguage":"fr-FR","@id":"https:\/\/secure.gravatar.com\/avatar\/4c81fed838786e9b53f540bf46533e750f5d292099ae3b66cfc6fb1982e29df7?s=96&d=mm&r=g","url":"https:\/\/secure.gravatar.com\/avatar\/4c81fed838786e9b53f540bf46533e750f5d292099ae3b66cfc6fb1982e29df7?s=96&d=mm&r=g","contentUrl":"https:\/\/secure.gravatar.com\/avatar\/4c81fed838786e9b53f540bf46533e750f5d292099ae3b66cfc6fb1982e29df7?s=96&d=mm&r=g","caption":"admin"},"description":"admin","url":"https:\/\/lasentinelle.dz\/author\/admin\/"}]}},"_links":{"self":[{"href":"https:\/\/lasentinelle.dz\/index.php\/wp-json\/wp\/v2\/posts\/70762","targetHints":{"allow":["GET"]}}],"collection":[{"href":"https:\/\/lasentinelle.dz\/index.php\/wp-json\/wp\/v2\/posts"}],"about":[{"href":"https:\/\/lasentinelle.dz\/index.php\/wp-json\/wp\/v2\/types\/post"}],"author":[{"embeddable":true,"href":"https:\/\/lasentinelle.dz\/index.php\/wp-json\/wp\/v2\/users\/6"}],"replies":[{"embeddable":true,"href":"https:\/\/lasentinelle.dz\/index.php\/wp-json\/wp\/v2\/comments?post=70762"}],"version-history":[{"count":1,"href":"https:\/\/lasentinelle.dz\/index.php\/wp-json\/wp\/v2\/posts\/70762\/revisions"}],"predecessor-version":[{"id":70763,"href":"https:\/\/lasentinelle.dz\/index.php\/wp-json\/wp\/v2\/posts\/70762\/revisions\/70763"}],"wp:featuredmedia":[{"embeddable":true,"href":"https:\/\/lasentinelle.dz\/index.php\/wp-json\/wp\/v2\/media\/47507"}],"wp:attachment":[{"href":"https:\/\/lasentinelle.dz\/index.php\/wp-json\/wp\/v2\/media?parent=70762"}],"wp:term":[{"taxonomy":"category","embeddable":true,"href":"https:\/\/lasentinelle.dz\/index.php\/wp-json\/wp\/v2\/categories?post=70762"},{"taxonomy":"post_tag","embeddable":true,"href":"https:\/\/lasentinelle.dz\/index.php\/wp-json\/wp\/v2\/tags?post=70762"}],"curies":[{"name":"wp","href":"https:\/\/api.w.org\/{rel}","templated":true}]}}