{"id":70764,"date":"2025-07-22T12:02:00","date_gmt":"2025-07-22T11:02:00","guid":{"rendered":"https:\/\/lasentinelle.dz\/?p=70764"},"modified":"2025-07-22T13:03:38","modified_gmt":"2025-07-22T12:03:38","slug":"des-espaces-dedies-aux-agriculteurs-dans-les-marches-de-gros-des-nouvelles-mesures-pour-maitriser-les-prix","status":"publish","type":"post","link":"https:\/\/lasentinelle.dz\/index.php\/2025\/07\/22\/des-espaces-dedies-aux-agriculteurs-dans-les-marches-de-gros-des-nouvelles-mesures-pour-maitriser-les-prix\/","title":{"rendered":"Des espaces d\u00e9di\u00e9s aux agriculteurs dans les march\u00e9s de gros: Des nouvelles mesures pour ma\u00eetriser les prix"},"content":{"rendered":"\n<p>Le ministre du Commerce int\u00e9rieur et de la R\u00e9gulation du march\u00e9 national, Ta\u00efeb Zitouni, a annonc\u00e9 lundi une mesure in\u00e9dite destin\u00e9e \u00e0 r\u00e9duire les circuits de distribution des produits frais et garantir ainsi la ma\u00eetrise des prix. Cette initiative consiste en l&rsquo;attribution gratuite d&rsquo;espaces d\u00e9di\u00e9s aux agriculteurs au sein de tous les march\u00e9s de gros r\u00e9gionaux de fruits et l\u00e9gumes g\u00e9r\u00e9s par la soci\u00e9t\u00e9 MAGRO, leur permettant de commercialiser directement leurs produits sans interm\u00e9diaire. Cette d\u00e9cision intervient dans un contexte o\u00f9 les circuits de commercialisation traditionnels g\u00e9n\u00e8rent des \u00e9carts de prix injustifi\u00e9s entre la sortie du champ et l&rsquo;arriv\u00e9e chez le consommateur, cr\u00e9ant une situation pr\u00e9judiciable tant pour les producteurs que pour les acheteurs finaux. L&rsquo;enjeu central de cette mesure r\u00e9side dans la stabilisation des prix des produits agricoles frais \u00e0 travers une r\u00e9duction drastique des circuits de commercialisation. En effet, la multiplication des interm\u00e9diaires dans la cha\u00eene de distribution provoque une inflation artificielle des prix, p\u00e9nalisant doublement le secteur agricole. D&rsquo;une part, les agriculteurs subissent la pression des sp\u00e9culateurs et des interm\u00e9diaires qui compriment leurs marges, les privant d&rsquo;une juste r\u00e9mun\u00e9ration de leur travail. D&rsquo;autre part, les consommateurs se trouvent confront\u00e9s \u00e0 des prix gonfl\u00e9s qui ne refl\u00e8tent pas la valeur r\u00e9elle du produit \u00e0 la sortie de l&rsquo;exploitation. Cette distorsion du march\u00e9 cr\u00e9e une spirale n\u00e9gative o\u00f9 la qualit\u00e9 des produits peut \u00e9galement se d\u00e9grader en raison des multiples manipulations et du temps de transit prolong\u00e9.<\/p>\n\n\n\n<p>La mesure annonc\u00e9e par le ministre Zitouni s&rsquo;inscrit dans une politique plus large de lib\u00e9ralisation contr\u00f4l\u00e9e des m\u00e9canismes du march\u00e9, privil\u00e9giant la transparence et l&rsquo;\u00e9quit\u00e9. En encourageant la vente directe du producteur au consommateur, cette initiative vise \u00e0 restaurer un \u00e9quilibre \u00e9conomique sain o\u00f9 la valeur ajout\u00e9e b\u00e9n\u00e9ficie prioritairement \u00e0 ceux qui cr\u00e9ent la richesse agricole. Le timing de cette annonce, co\u00efncidant avec le d\u00e9but de la saison de r\u00e9colte de certaines cultures, t\u00e9moigne de la volont\u00e9 gouvernementale de r\u00e9agir rapidement aux dysfonctionnements observ\u00e9s sur les march\u00e9s agricoles.<\/p>\n\n\n\n<p>Le ministre a explicitement mentionn\u00e9 la n\u00e9cessit\u00e9 de pr\u00e9server les producteurs des pratiques abusives des interm\u00e9diaires et des sp\u00e9culateurs qui profitent des d\u00e9s\u00e9quilibres du march\u00e9 pour maximiser leurs profits au d\u00e9triment de l&rsquo;ensemble de la cha\u00eene de valeur. L&rsquo;impact attendu de cette mesure sur le pouvoir d&rsquo;achat des citoyens constitue un autre enjeu majeur de cette initiative. En r\u00e9duisant le nombre d&rsquo;interm\u00e9diaires et en favorisant la concurrence directe, les prix de vente au d\u00e9tail devraient m\u00e9caniquement baisser, permettant aux consommateurs d&rsquo;acc\u00e9der \u00e0 des produits frais de qualit\u00e9 \u00e0 des tarifs plus abordables. Samir Benisid<\/p>\n","protected":false},"excerpt":{"rendered":"<p>Le ministre du Commerce int\u00e9rieur et de la R\u00e9gulation du march\u00e9 national, Ta\u00efeb Zitouni, a annonc\u00e9 lundi une mesure in\u00e9dite<\/p>\n","protected":false},"author":6,"featured_media":70158,"comment_status":"open","ping_status":"closed","sticky":false,"template":"","format":"standard","meta":{"colormag_page_container_layout":"default_layout","colormag_page_sidebar_layout":"default_layout","om_disable_all_campaigns":false,"_monsterinsights_skip_tracking":false,"_monsterinsights_sitenote_active":false,"_monsterinsights_sitenote_note":"","_monsterinsights_sitenote_category":0,"footnotes":"","_wpscppro_dont_share_socialmedia":false,"_wpscppro_custom_social_share_image":0,"_facebook_share_type":"default","_twitter_share_type":"default","_linkedin_share_type":"default","_pinterest_share_type":"default","_linkedin_share_type_page":"","_instagram_share_type":"default","_medium_share_type":"default","_threads_share_type":"","_google_business_share_type":"","_selected_social_profile":[],"_wpsp_enable_custom_social_template":false,"_wpsp_social_scheduling":{"enabled":false,"datetime":null,"platforms":[],"status":"template_only","dateOption":"today","timeOption":"now","customDays":"","customHours":"","customDate":"","customTime":"","schedulingType":"absolute"},"_wpsp_active_default_template":true},"categories":[29],"tags":[],"class_list":["post-70764","post","type-post","status-publish","format-standard","has-post-thumbnail","hentry","category-economie"],"aioseo_notices":[],"yoast_head":"<!-- This site is optimized with the Yoast SEO plugin v27.5 - https:\/\/yoast.com\/product\/yoast-seo-wordpress\/ -->\n<title>Des espaces d\u00e9di\u00e9s aux agriculteurs dans les march\u00e9s de gros: Des nouvelles mesures pour ma\u00eetriser les prix - La Sentinelle<\/title>\n<meta name=\"robots\" content=\"index, follow, max-snippet:-1, max-image-preview:large, max-video-preview:-1\" \/>\n<link rel=\"canonical\" href=\"https:\/\/lasentinelle.dz\/index.php\/2025\/07\/22\/des-espaces-dedies-aux-agriculteurs-dans-les-marches-de-gros-des-nouvelles-mesures-pour-maitriser-les-prix\/\" \/>\n<meta property=\"og:locale\" content=\"fr_FR\" \/>\n<meta property=\"og:type\" content=\"article\" \/>\n<meta property=\"og:title\" content=\"Des espaces d\u00e9di\u00e9s aux agriculteurs dans les march\u00e9s de gros: Des nouvelles mesures pour ma\u00eetriser les prix - La Sentinelle\" \/>\n<meta property=\"og:description\" content=\"Le ministre du Commerce int\u00e9rieur et de la R\u00e9gulation du march\u00e9 national, Ta\u00efeb Zitouni, a annonc\u00e9 lundi une mesure in\u00e9dite\" \/>\n<meta property=\"og:url\" content=\"https:\/\/lasentinelle.dz\/index.php\/2025\/07\/22\/des-espaces-dedies-aux-agriculteurs-dans-les-marches-de-gros-des-nouvelles-mesures-pour-maitriser-les-prix\/\" \/>\n<meta property=\"og:site_name\" content=\"La Sentinelle\" \/>\n<meta property=\"article:publisher\" content=\"https:\/\/www.facebook.com\/La-Sentinelle-104059864394773\" \/>\n<meta property=\"article:published_time\" content=\"2025-07-22T11:02:00+00:00\" \/>\n<meta property=\"article:modified_time\" content=\"2025-07-22T12:03:38+00:00\" \/>\n<meta property=\"og:image\" content=\"https:\/\/lasentinelle.dz\/wp-content\/uploads\/2025\/07\/marche-algerie.jpg\" \/>\n\t<meta property=\"og:image:width\" content=\"800\" \/>\n\t<meta property=\"og:image:height\" content=\"534\" \/>\n\t<meta property=\"og:image:type\" content=\"image\/jpeg\" \/>\n<meta name=\"author\" content=\"admin\" \/>\n<meta name=\"twitter:card\" content=\"summary_large_image\" \/>\n<meta name=\"twitter:label1\" content=\"\u00c9crit par\" \/>\n\t<meta name=\"twitter:data1\" content=\"admin\" \/>\n\t<meta name=\"twitter:label2\" content=\"Dur\u00e9e de lecture estim\u00e9e\" \/>\n\t<meta name=\"twitter:data2\" content=\"3 minutes\" \/>\n<script type=\"application\/ld+json\" class=\"yoast-schema-graph\">{\"@context\":\"https:\\\/\\\/schema.org\",\"@graph\":[{\"@type\":\"Article\",\"@id\":\"https:\\\/\\\/lasentinelle.dz\\\/index.php\\\/2025\\\/07\\\/22\\\/des-espaces-dedies-aux-agriculteurs-dans-les-marches-de-gros-des-nouvelles-mesures-pour-maitriser-les-prix\\\/#article\",\"isPartOf\":{\"@id\":\"https:\\\/\\\/lasentinelle.dz\\\/index.php\\\/2025\\\/07\\\/22\\\/des-espaces-dedies-aux-agriculteurs-dans-les-marches-de-gros-des-nouvelles-mesures-pour-maitriser-les-prix\\\/\"},\"author\":{\"name\":\"admin\",\"@id\":\"https:\\\/\\\/lasentinelle.dz\\\/#\\\/schema\\\/person\\\/729ee0024f24e0b8c5ec17232f8e8b41\"},\"headline\":\"Des espaces d\u00e9di\u00e9s aux agriculteurs dans les march\u00e9s de gros: Des nouvelles mesures pour ma\u00eetriser les prix\",\"datePublished\":\"2025-07-22T11:02:00+00:00\",\"dateModified\":\"2025-07-22T12:03:38+00:00\",\"mainEntityOfPage\":{\"@id\":\"https:\\\/\\\/lasentinelle.dz\\\/index.php\\\/2025\\\/07\\\/22\\\/des-espaces-dedies-aux-agriculteurs-dans-les-marches-de-gros-des-nouvelles-mesures-pour-maitriser-les-prix\\\/\"},\"wordCount\":517,\"commentCount\":0,\"publisher\":{\"@id\":\"https:\\\/\\\/lasentinelle.dz\\\/#organization\"},\"image\":{\"@id\":\"https:\\\/\\\/lasentinelle.dz\\\/index.php\\\/2025\\\/07\\\/22\\\/des-espaces-dedies-aux-agriculteurs-dans-les-marches-de-gros-des-nouvelles-mesures-pour-maitriser-les-prix\\\/#primaryimage\"},\"thumbnailUrl\":\"https:\\\/\\\/lasentinelle.dz\\\/wp-content\\\/uploads\\\/2025\\\/07\\\/marche-algerie.jpg\",\"articleSection\":[\"\u00c9conomie\"],\"inLanguage\":\"fr-FR\",\"potentialAction\":[{\"@type\":\"CommentAction\",\"name\":\"Comment\",\"target\":[\"https:\\\/\\\/lasentinelle.dz\\\/index.php\\\/2025\\\/07\\\/22\\\/des-espaces-dedies-aux-agriculteurs-dans-les-marches-de-gros-des-nouvelles-mesures-pour-maitriser-les-prix\\\/#respond\"]}]},{\"@type\":\"WebPage\",\"@id\":\"https:\\\/\\\/lasentinelle.dz\\\/index.php\\\/2025\\\/07\\\/22\\\/des-espaces-dedies-aux-agriculteurs-dans-les-marches-de-gros-des-nouvelles-mesures-pour-maitriser-les-prix\\\/\",\"url\":\"https:\\\/\\\/lasentinelle.dz\\\/index.php\\\/2025\\\/07\\\/22\\\/des-espaces-dedies-aux-agriculteurs-dans-les-marches-de-gros-des-nouvelles-mesures-pour-maitriser-les-prix\\\/\",\"name\":\"Des espaces d\u00e9di\u00e9s aux agriculteurs dans les march\u00e9s de gros: Des nouvelles mesures pour ma\u00eetriser les prix - La Sentinelle\",\"isPartOf\":{\"@id\":\"https:\\\/\\\/lasentinelle.dz\\\/#website\"},\"primaryImageOfPage\":{\"@id\":\"https:\\\/\\\/lasentinelle.dz\\\/index.php\\\/2025\\\/07\\\/22\\\/des-espaces-dedies-aux-agriculteurs-dans-les-marches-de-gros-des-nouvelles-mesures-pour-maitriser-les-prix\\\/#primaryimage\"},\"image\":{\"@id\":\"https:\\\/\\\/lasentinelle.dz\\\/index.php\\\/2025\\\/07\\\/22\\\/des-espaces-dedies-aux-agriculteurs-dans-les-marches-de-gros-des-nouvelles-mesures-pour-maitriser-les-prix\\\/#primaryimage\"},\"thumbnailUrl\":\"https:\\\/\\\/lasentinelle.dz\\\/wp-content\\\/uploads\\\/2025\\\/07\\\/marche-algerie.jpg\",\"datePublished\":\"2025-07-22T11:02:00+00:00\",\"dateModified\":\"2025-07-22T12:03:38+00:00\",\"breadcrumb\":{\"@id\":\"https:\\\/\\\/lasentinelle.dz\\\/index.php\\\/2025\\\/07\\\/22\\\/des-espaces-dedies-aux-agriculteurs-dans-les-marches-de-gros-des-nouvelles-mesures-pour-maitriser-les-prix\\\/#breadcrumb\"},\"inLanguage\":\"fr-FR\",\"potentialAction\":[{\"@type\":\"ReadAction\",\"target\":[\"https:\\\/\\\/lasentinelle.dz\\\/index.php\\\/2025\\\/07\\\/22\\\/des-espaces-dedies-aux-agriculteurs-dans-les-marches-de-gros-des-nouvelles-mesures-pour-maitriser-les-prix\\\/\"]}]},{\"@type\":\"ImageObject\",\"inLanguage\":\"fr-FR\",\"@id\":\"https:\\\/\\\/lasentinelle.dz\\\/index.php\\\/2025\\\/07\\\/22\\\/des-espaces-dedies-aux-agriculteurs-dans-les-marches-de-gros-des-nouvelles-mesures-pour-maitriser-les-prix\\\/#primaryimage\",\"url\":\"https:\\\/\\\/lasentinelle.dz\\\/wp-content\\\/uploads\\\/2025\\\/07\\\/marche-algerie.jpg\",\"contentUrl\":\"https:\\\/\\\/lasentinelle.dz\\\/wp-content\\\/uploads\\\/2025\\\/07\\\/marche-algerie.jpg\",\"width\":800,\"height\":534,\"caption\":\"CREATOR: gd-jpeg v1.0 (using IJG JPEG v80), quality = 90\"},{\"@type\":\"BreadcrumbList\",\"@id\":\"https:\\\/\\\/lasentinelle.dz\\\/index.php\\\/2025\\\/07\\\/22\\\/des-espaces-dedies-aux-agriculteurs-dans-les-marches-de-gros-des-nouvelles-mesures-pour-maitriser-les-prix\\\/#breadcrumb\",\"itemListElement\":[{\"@type\":\"ListItem\",\"position\":1,\"name\":\"Accueil\",\"item\":\"https:\\\/\\\/lasentinelle.dz\\\/\"},{\"@type\":\"ListItem\",\"position\":2,\"name\":\"Des espaces d\u00e9di\u00e9s aux agriculteurs dans les march\u00e9s de gros: Des nouvelles mesures pour ma\u00eetriser les prix\"}]},{\"@type\":\"WebSite\",\"@id\":\"https:\\\/\\\/lasentinelle.dz\\\/#website\",\"url\":\"https:\\\/\\\/lasentinelle.dz\\\/\",\"name\":\"La Sentinelle\",\"description\":\"Quotidien national d&#039;information\",\"publisher\":{\"@id\":\"https:\\\/\\\/lasentinelle.dz\\\/#organization\"},\"potentialAction\":[{\"@type\":\"SearchAction\",\"target\":{\"@type\":\"EntryPoint\",\"urlTemplate\":\"https:\\\/\\\/lasentinelle.dz\\\/?s={search_term_string}\"},\"query-input\":{\"@type\":\"PropertyValueSpecification\",\"valueRequired\":true,\"valueName\":\"search_term_string\"}}],\"inLanguage\":\"fr-FR\"},{\"@type\":\"Organization\",\"@id\":\"https:\\\/\\\/lasentinelle.dz\\\/#organization\",\"name\":\"Quotidien La Sentinelle\",\"url\":\"https:\\\/\\\/lasentinelle.dz\\\/\",\"logo\":{\"@type\":\"ImageObject\",\"inLanguage\":\"fr-FR\",\"@id\":\"https:\\\/\\\/lasentinelle.dz\\\/#\\\/schema\\\/logo\\\/image\\\/\",\"url\":\"https:\\\/\\\/lasentinelle.dz\\\/wp-content\\\/uploads\\\/2021\\\/09\\\/logo-sentinelleSLOGAN-1.png\",\"contentUrl\":\"https:\\\/\\\/lasentinelle.dz\\\/wp-content\\\/uploads\\\/2021\\\/09\\\/logo-sentinelleSLOGAN-1.png\",\"width\":615,\"height\":142,\"caption\":\"Quotidien La Sentinelle\"},\"image\":{\"@id\":\"https:\\\/\\\/lasentinelle.dz\\\/#\\\/schema\\\/logo\\\/image\\\/\"},\"sameAs\":[\"https:\\\/\\\/www.facebook.com\\\/La-Sentinelle-104059864394773\"]},{\"@type\":\"Person\",\"@id\":\"https:\\\/\\\/lasentinelle.dz\\\/#\\\/schema\\\/person\\\/729ee0024f24e0b8c5ec17232f8e8b41\",\"name\":\"admin\",\"image\":{\"@type\":\"ImageObject\",\"inLanguage\":\"fr-FR\",\"@id\":\"https:\\\/\\\/secure.gravatar.com\\\/avatar\\\/4c81fed838786e9b53f540bf46533e750f5d292099ae3b66cfc6fb1982e29df7?s=96&d=mm&r=g\",\"url\":\"https:\\\/\\\/secure.gravatar.com\\\/avatar\\\/4c81fed838786e9b53f540bf46533e750f5d292099ae3b66cfc6fb1982e29df7?s=96&d=mm&r=g\",\"contentUrl\":\"https:\\\/\\\/secure.gravatar.com\\\/avatar\\\/4c81fed838786e9b53f540bf46533e750f5d292099ae3b66cfc6fb1982e29df7?s=96&d=mm&r=g\",\"caption\":\"admin\"},\"description\":\"admin\",\"url\":\"https:\\\/\\\/lasentinelle.dz\\\/author\\\/admin\\\/\"}]}<\/script>\n<!-- \/ Yoast SEO plugin. -->","yoast_head_json":{"title":"Des espaces d\u00e9di\u00e9s aux agriculteurs dans les march\u00e9s de gros: Des nouvelles mesures pour ma\u00eetriser les prix - La Sentinelle","robots":{"index":"index","follow":"follow","max-snippet":"max-snippet:-1","max-image-preview":"max-image-preview:large","max-video-preview":"max-video-preview:-1"},"canonical":"https:\/\/lasentinelle.dz\/index.php\/2025\/07\/22\/des-espaces-dedies-aux-agriculteurs-dans-les-marches-de-gros-des-nouvelles-mesures-pour-maitriser-les-prix\/","og_locale":"fr_FR","og_type":"article","og_title":"Des espaces d\u00e9di\u00e9s aux agriculteurs dans les march\u00e9s de gros: Des nouvelles mesures pour ma\u00eetriser les prix - La Sentinelle","og_description":"Le ministre du Commerce int\u00e9rieur et de la R\u00e9gulation du march\u00e9 national, Ta\u00efeb Zitouni, a annonc\u00e9 lundi une mesure in\u00e9dite","og_url":"https:\/\/lasentinelle.dz\/index.php\/2025\/07\/22\/des-espaces-dedies-aux-agriculteurs-dans-les-marches-de-gros-des-nouvelles-mesures-pour-maitriser-les-prix\/","og_site_name":"La Sentinelle","article_publisher":"https:\/\/www.facebook.com\/La-Sentinelle-104059864394773","article_published_time":"2025-07-22T11:02:00+00:00","article_modified_time":"2025-07-22T12:03:38+00:00","og_image":[{"width":800,"height":534,"url":"https:\/\/lasentinelle.dz\/wp-content\/uploads\/2025\/07\/marche-algerie.jpg","type":"image\/jpeg"}],"author":"admin","twitter_card":"summary_large_image","twitter_misc":{"\u00c9crit par":"admin","Dur\u00e9e de lecture estim\u00e9e":"3 minutes"},"schema":{"@context":"https:\/\/schema.org","@graph":[{"@type":"Article","@id":"https:\/\/lasentinelle.dz\/index.php\/2025\/07\/22\/des-espaces-dedies-aux-agriculteurs-dans-les-marches-de-gros-des-nouvelles-mesures-pour-maitriser-les-prix\/#article","isPartOf":{"@id":"https:\/\/lasentinelle.dz\/index.php\/2025\/07\/22\/des-espaces-dedies-aux-agriculteurs-dans-les-marches-de-gros-des-nouvelles-mesures-pour-maitriser-les-prix\/"},"author":{"name":"admin","@id":"https:\/\/lasentinelle.dz\/#\/schema\/person\/729ee0024f24e0b8c5ec17232f8e8b41"},"headline":"Des espaces d\u00e9di\u00e9s aux agriculteurs dans les march\u00e9s de gros: Des nouvelles mesures pour ma\u00eetriser les prix","datePublished":"2025-07-22T11:02:00+00:00","dateModified":"2025-07-22T12:03:38+00:00","mainEntityOfPage":{"@id":"https:\/\/lasentinelle.dz\/index.php\/2025\/07\/22\/des-espaces-dedies-aux-agriculteurs-dans-les-marches-de-gros-des-nouvelles-mesures-pour-maitriser-les-prix\/"},"wordCount":517,"commentCount":0,"publisher":{"@id":"https:\/\/lasentinelle.dz\/#organization"},"image":{"@id":"https:\/\/lasentinelle.dz\/index.php\/2025\/07\/22\/des-espaces-dedies-aux-agriculteurs-dans-les-marches-de-gros-des-nouvelles-mesures-pour-maitriser-les-prix\/#primaryimage"},"thumbnailUrl":"https:\/\/lasentinelle.dz\/wp-content\/uploads\/2025\/07\/marche-algerie.jpg","articleSection":["\u00c9conomie"],"inLanguage":"fr-FR","potentialAction":[{"@type":"CommentAction","name":"Comment","target":["https:\/\/lasentinelle.dz\/index.php\/2025\/07\/22\/des-espaces-dedies-aux-agriculteurs-dans-les-marches-de-gros-des-nouvelles-mesures-pour-maitriser-les-prix\/#respond"]}]},{"@type":"WebPage","@id":"https:\/\/lasentinelle.dz\/index.php\/2025\/07\/22\/des-espaces-dedies-aux-agriculteurs-dans-les-marches-de-gros-des-nouvelles-mesures-pour-maitriser-les-prix\/","url":"https:\/\/lasentinelle.dz\/index.php\/2025\/07\/22\/des-espaces-dedies-aux-agriculteurs-dans-les-marches-de-gros-des-nouvelles-mesures-pour-maitriser-les-prix\/","name":"Des espaces d\u00e9di\u00e9s aux agriculteurs dans les march\u00e9s de gros: Des nouvelles mesures pour ma\u00eetriser les prix - La Sentinelle","isPartOf":{"@id":"https:\/\/lasentinelle.dz\/#website"},"primaryImageOfPage":{"@id":"https:\/\/lasentinelle.dz\/index.php\/2025\/07\/22\/des-espaces-dedies-aux-agriculteurs-dans-les-marches-de-gros-des-nouvelles-mesures-pour-maitriser-les-prix\/#primaryimage"},"image":{"@id":"https:\/\/lasentinelle.dz\/index.php\/2025\/07\/22\/des-espaces-dedies-aux-agriculteurs-dans-les-marches-de-gros-des-nouvelles-mesures-pour-maitriser-les-prix\/#primaryimage"},"thumbnailUrl":"https:\/\/lasentinelle.dz\/wp-content\/uploads\/2025\/07\/marche-algerie.jpg","datePublished":"2025-07-22T11:02:00+00:00","dateModified":"2025-07-22T12:03:38+00:00","breadcrumb":{"@id":"https:\/\/lasentinelle.dz\/index.php\/2025\/07\/22\/des-espaces-dedies-aux-agriculteurs-dans-les-marches-de-gros-des-nouvelles-mesures-pour-maitriser-les-prix\/#breadcrumb"},"inLanguage":"fr-FR","potentialAction":[{"@type":"ReadAction","target":["https:\/\/lasentinelle.dz\/index.php\/2025\/07\/22\/des-espaces-dedies-aux-agriculteurs-dans-les-marches-de-gros-des-nouvelles-mesures-pour-maitriser-les-prix\/"]}]},{"@type":"ImageObject","inLanguage":"fr-FR","@id":"https:\/\/lasentinelle.dz\/index.php\/2025\/07\/22\/des-espaces-dedies-aux-agriculteurs-dans-les-marches-de-gros-des-nouvelles-mesures-pour-maitriser-les-prix\/#primaryimage","url":"https:\/\/lasentinelle.dz\/wp-content\/uploads\/2025\/07\/marche-algerie.jpg","contentUrl":"https:\/\/lasentinelle.dz\/wp-content\/uploads\/2025\/07\/marche-algerie.jpg","width":800,"height":534,"caption":"CREATOR: gd-jpeg v1.0 (using IJG JPEG v80), quality = 90"},{"@type":"BreadcrumbList","@id":"https:\/\/lasentinelle.dz\/index.php\/2025\/07\/22\/des-espaces-dedies-aux-agriculteurs-dans-les-marches-de-gros-des-nouvelles-mesures-pour-maitriser-les-prix\/#breadcrumb","itemListElement":[{"@type":"ListItem","position":1,"name":"Accueil","item":"https:\/\/lasentinelle.dz\/"},{"@type":"ListItem","position":2,"name":"Des espaces d\u00e9di\u00e9s aux agriculteurs dans les march\u00e9s de gros: Des nouvelles mesures pour ma\u00eetriser les prix"}]},{"@type":"WebSite","@id":"https:\/\/lasentinelle.dz\/#website","url":"https:\/\/lasentinelle.dz\/","name":"La Sentinelle","description":"Quotidien national d&#039;information","publisher":{"@id":"https:\/\/lasentinelle.dz\/#organization"},"potentialAction":[{"@type":"SearchAction","target":{"@type":"EntryPoint","urlTemplate":"https:\/\/lasentinelle.dz\/?s={search_term_string}"},"query-input":{"@type":"PropertyValueSpecification","valueRequired":true,"valueName":"search_term_string"}}],"inLanguage":"fr-FR"},{"@type":"Organization","@id":"https:\/\/lasentinelle.dz\/#organization","name":"Quotidien La Sentinelle","url":"https:\/\/lasentinelle.dz\/","logo":{"@type":"ImageObject","inLanguage":"fr-FR","@id":"https:\/\/lasentinelle.dz\/#\/schema\/logo\/image\/","url":"https:\/\/lasentinelle.dz\/wp-content\/uploads\/2021\/09\/logo-sentinelleSLOGAN-1.png","contentUrl":"https:\/\/lasentinelle.dz\/wp-content\/uploads\/2021\/09\/logo-sentinelleSLOGAN-1.png","width":615,"height":142,"caption":"Quotidien La Sentinelle"},"image":{"@id":"https:\/\/lasentinelle.dz\/#\/schema\/logo\/image\/"},"sameAs":["https:\/\/www.facebook.com\/La-Sentinelle-104059864394773"]},{"@type":"Person","@id":"https:\/\/lasentinelle.dz\/#\/schema\/person\/729ee0024f24e0b8c5ec17232f8e8b41","name":"admin","image":{"@type":"ImageObject","inLanguage":"fr-FR","@id":"https:\/\/secure.gravatar.com\/avatar\/4c81fed838786e9b53f540bf46533e750f5d292099ae3b66cfc6fb1982e29df7?s=96&d=mm&r=g","url":"https:\/\/secure.gravatar.com\/avatar\/4c81fed838786e9b53f540bf46533e750f5d292099ae3b66cfc6fb1982e29df7?s=96&d=mm&r=g","contentUrl":"https:\/\/secure.gravatar.com\/avatar\/4c81fed838786e9b53f540bf46533e750f5d292099ae3b66cfc6fb1982e29df7?s=96&d=mm&r=g","caption":"admin"},"description":"admin","url":"https:\/\/lasentinelle.dz\/author\/admin\/"}]}},"_links":{"self":[{"href":"https:\/\/lasentinelle.dz\/index.php\/wp-json\/wp\/v2\/posts\/70764","targetHints":{"allow":["GET"]}}],"collection":[{"href":"https:\/\/lasentinelle.dz\/index.php\/wp-json\/wp\/v2\/posts"}],"about":[{"href":"https:\/\/lasentinelle.dz\/index.php\/wp-json\/wp\/v2\/types\/post"}],"author":[{"embeddable":true,"href":"https:\/\/lasentinelle.dz\/index.php\/wp-json\/wp\/v2\/users\/6"}],"replies":[{"embeddable":true,"href":"https:\/\/lasentinelle.dz\/index.php\/wp-json\/wp\/v2\/comments?post=70764"}],"version-history":[{"count":1,"href":"https:\/\/lasentinelle.dz\/index.php\/wp-json\/wp\/v2\/posts\/70764\/revisions"}],"predecessor-version":[{"id":70765,"href":"https:\/\/lasentinelle.dz\/index.php\/wp-json\/wp\/v2\/posts\/70764\/revisions\/70765"}],"wp:featuredmedia":[{"embeddable":true,"href":"https:\/\/lasentinelle.dz\/index.php\/wp-json\/wp\/v2\/media\/70158"}],"wp:attachment":[{"href":"https:\/\/lasentinelle.dz\/index.php\/wp-json\/wp\/v2\/media?parent=70764"}],"wp:term":[{"taxonomy":"category","embeddable":true,"href":"https:\/\/lasentinelle.dz\/index.php\/wp-json\/wp\/v2\/categories?post=70764"},{"taxonomy":"post_tag","embeddable":true,"href":"https:\/\/lasentinelle.dz\/index.php\/wp-json\/wp\/v2\/tags?post=70764"}],"curies":[{"name":"wp","href":"https:\/\/api.w.org\/{rel}","templated":true}]}}