{"id":70766,"date":"2025-07-22T13:04:48","date_gmt":"2025-07-22T12:04:48","guid":{"rendered":"https:\/\/lasentinelle.dz\/?p=70766"},"modified":"2025-07-22T13:04:49","modified_gmt":"2025-07-22T12:04:49","slug":"lallocation-touristique-de-750-euros-est-entree-en-vigueur-dimanche-le-marche-parallele-des-devises-sous-pression","status":"publish","type":"post","link":"https:\/\/lasentinelle.dz\/index.php\/2025\/07\/22\/lallocation-touristique-de-750-euros-est-entree-en-vigueur-dimanche-le-marche-parallele-des-devises-sous-pression\/","title":{"rendered":"L&rsquo;allocation touristique de 750 euros est entr\u00e9e en vigueur dimanche : Le march\u00e9 parall\u00e8le des devises sous pression !"},"content":{"rendered":"\n<p>La nouvelle allocation touristique revaloris\u00e9e \u00e0 750 euros, annonc\u00e9e en Conseil des ministres le 8 d\u00e9cembre 2024 sur d\u00e9cision du pr\u00e9sident de la R\u00e9publique Abdelmadjid Tebboune, est entr\u00e9e en vigueur dimanche et a imm\u00e9diatement produit des effets spectaculaires sur le march\u00e9 parall\u00e8le des devises.<\/p>\n\n\n\n<p>Cette mesure, attendue depuis sept mois, r\u00e9pond \u00e0 un besoin effectif des citoyens alg\u00e9riens tout en exer\u00e7ant une pression significative sur les circuits informels de change, t\u00e9moignant d&rsquo;une politique mon\u00e9taire qui trouve enfin un \u00e9cho positif aupr\u00e8s de la population.<\/p>\n\n\n\n<p>L&rsquo;impact le plus visible de cette d\u00e9cision se manifeste dans la chute progressive mais constante des principales devises sur le march\u00e9 noir. Au square Port-Sa\u00efd, principale place de change parall\u00e8le d&rsquo;Alger, la monnaie unique europ\u00e9enne a entam\u00e9 une descente remarqu\u00e9e d\u00e8s l&rsquo;annonce officielle de l&rsquo;application du nouveau montant. Ce lundi, l&rsquo;euro a encore perdu un demi-dinar par rapport \u00e0 sa valeur de la veille, chutant de 257 \u00e0 256 dinars alg\u00e9riens. Cette baisse s&rsquo;inscrit dans une tendance amorc\u00e9e jeudi dernier, lorsque l&rsquo;euro valait encore 263,5 dinars sur le march\u00e9 noir. Samedi, il avait d\u00e9j\u00e0 baiss\u00e9 \u00e0 260 dinars, puis \u00e0 257 dinars dimanche, marquant une \u00e9rosion constante qui t\u00e9moigne de l&rsquo;efficacit\u00e9 imm\u00e9diate de la mesure gouvernementale.<\/p>\n\n\n\n<p>Le dollar am\u00e9ricain suit la m\u00eame trajectoire descendante, passant de 226,5 dinars samedi \u00e0 225 dimanche, puis \u00e0 224 ce lundi. Le fait est aussi que certains d\u00e9tenteurs de devises qu&rsquo;ils consid\u00e9raient comme des valeurs refuges s&#8217;empressent de les c\u00e9der par peur de voir le march\u00e9 s&rsquo;effondrer. Les offres de vente de devises se multiplient d&rsquo;ailleurs sur les r\u00e9seaux sociaux.<\/p>\n\n\n\n<p>Il convient de rappeler que ce recul survient apr\u00e8s plusieurs semaines de flamb\u00e9e entam\u00e9e avec le d\u00e9but de la saison estivale et des d\u00e9parts en vacances, l&rsquo;euro ayant m\u00eame enregistr\u00e9 un pic historique sur le march\u00e9 alg\u00e9rien le 10 juillet, \u00e0 265 dinars.<\/p>\n\n\n\n<p>L&rsquo;effet de cette politique se ressent \u00e9galement dans d&rsquo;autres r\u00e9gions du pays, notamment \u00e0 Annaba o\u00f9 l&rsquo;activit\u00e9 des changeurs clandestins de la rue Gambetta et de la rue Maillot a \u00e9t\u00e9 sensiblement r\u00e9duite. Lundi, les op\u00e9rateurs qui continuaient \u00e0 travailler proposaient les 100 euros \u00e0 25000 dinars alg\u00e9riens et m\u00eame \u00e0 24000 dinars alg\u00e9riens, alors qu&rsquo;ils \u00e9taient c\u00e9d\u00e9s \u00e0 26300 dinars alg\u00e9riens auparavant. Cette baisse, bien que l\u00e9g\u00e8re par rapport \u00e0 jeudi, pourrait se poursuivre au fil des jours, selon les observations des professionnels du secteur.<\/p>\n\n\n\n<p>L&rsquo;impact est aussi palpable sur la valeur du dinar tunisien principale destination des vacanciers alg\u00e9rien, o\u00f9 les 100 dinars tunisiens, qui s&rsquo;\u00e9changeaient il y a quelques jours \u00e0 7600 dinars alg\u00e9riens, n&rsquo;en valent plus que 7000. Cette \u00e9volution s&rsquo;explique par le fait que les voyageurs constituent une part importante de la client\u00e8le du march\u00e9 parall\u00e8le, et leur acc\u00e8s d\u00e9sormais facilit\u00e9 aux devises au taux de change officiel r\u00e9duit m\u00e9caniquement la demande sur le march\u00e9 informel.<\/p>\n\n\n\n<p>Cette nouvelle allocation touristique, fix\u00e9e \u00e0 750 euros ou \u00e9quivalent en devise librement convertible pour les personnes \u00e2g\u00e9es de 19 ans et plus, et \u00e0 300 euros pour les personnes \u00e2g\u00e9es entre 12 et moins de 19 ans dans la limite de deux enfants par famille, repr\u00e9sente une multiplication par sept de l&rsquo;ancien montant de 100 euros. Ce droit de change, attribu\u00e9 une seule fois par an pour un s\u00e9jour d&rsquo;une dur\u00e9e minimale de sept jours, reste exclusivement r\u00e9serv\u00e9 \u00e0 son b\u00e9n\u00e9ficiaire et t\u00e9moigne d&rsquo;une volont\u00e9 politique de normaliser l&rsquo;acc\u00e8s aux devises pour les besoins l\u00e9gitimes des citoyens.<\/p>\n\n\n\n<p><strong>Rush sur les postes frontaliers<\/strong><\/p>\n\n\n\n<p>L&rsquo;application concr\u00e8te de cette mesure a imm\u00e9diatement mobilis\u00e9 les autorit\u00e9s locales, particuli\u00e8rement dans les zones frontali\u00e8res strat\u00e9giques comme la wilaya d&rsquo;El Tarf. D\u00e8s l&rsquo;entr\u00e9e en vigueur de la revalorisation, les autorit\u00e9s se sont mobilis\u00e9es pour assurer le bon d\u00e9roulement de l&rsquo;op\u00e9ration dans les postes frontaliers, selon une source douani\u00e8re. Mohamed Meziane, wali d&rsquo;El Tarf, accompagn\u00e9 du directeur g\u00e9n\u00e9ral de la Banque Nationale d&rsquo;Alg\u00e9rie et de plusieurs responsables, a effectu\u00e9 une visite d&rsquo;inspection aux postes frontaliers d&rsquo;Oum Teboul et La\u00e2youne, situ\u00e9s \u00e0 l&rsquo;extr\u00eame Est du pays.<\/p>\n\n\n\n<p>Cette inspection s&rsquo;est r\u00e9v\u00e9l\u00e9e n\u00e9cessaire car, selon la m\u00eame source, \u00ab\u00a0\u00e0 peine l&rsquo;entr\u00e9e en application la nouvelle allocation touristique, annonc\u00e9e via les m\u00e9dias que les deux postes frontaliers ont \u00e9t\u00e9 pris d&rsquo;assaut, en qu\u00eate de cette allocation de 750 euros\u00a0\u00bb. Cette affluence s&rsquo;explique d&rsquo;autant plus que ces deux points de passage constituent les plus fr\u00e9quent\u00e9s de la zone est du pays, notamment en cette p\u00e9riode de haute saison touristique. Pour la circonstance, le wali d&rsquo;El Tarf a donn\u00e9 une s\u00e9rie d&rsquo;instructions, insistant sur la n\u00e9cessit\u00e9 d&rsquo;assurer la pr\u00e9sence du personnel charg\u00e9 de cette mission, de garantir un bon accueil aux voyageurs et de veiller au respect des modalit\u00e9s d&rsquo;ex\u00e9cution de cette op\u00e9ration. Ces pr\u00e9cautions t\u00e9moignent de l&rsquo;importance accord\u00e9e par les autorit\u00e9s \u00e0 la r\u00e9ussite de cette r\u00e9forme et de leur volont\u00e9 d&rsquo;\u00e9viter tout dysfonctionnement susceptible de ternir l&rsquo;image de cette mesure populaire.<\/p>\n\n\n\n<p>Les modalit\u00e9s d&rsquo;attribution de cette allocation restent strictement encadr\u00e9es pour \u00e9viter tout d\u00e9tournement. \u00ab\u00a0Le montant en dinars, calcul\u00e9 selon le cours de change manuel de vente du jour de l&rsquo;op\u00e9ration, doit \u00eatre r\u00e9gl\u00e9 au plus tard trois jours ouvr\u00e9s avant la date du voyage, aupr\u00e8s des agences bancaires ou des succursales de la Banque d&rsquo;Alg\u00e9rie, sur pr\u00e9sentation d&rsquo;un dossier comprenant un passeport en cours de validit\u00e9, un titre de transport aller\/retour ou quittance de voyage terrestre, ainsi qu&rsquo;un visa valide selon le cas\u00a0\u00bb.<\/p>\n\n\n\n<p>Les dispositions pr\u00e9voient \u00e9galement des sanctions dissuasives pour \u00e9viter les abus. \u00ab\u00a0Tout b\u00e9n\u00e9ficiaire d&rsquo;un droit de change qui annule son voyage ou effectue un s\u00e9jour effectif inf\u00e9rieur \u00e0 sept jours doit restituer la totalit\u00e9 du montant per\u00e7u dans un d\u00e9lai de cinq jours ouvr\u00e9s suivant son retour\u00a0\u00bb, et en cas de non-respect, l&rsquo;int\u00e9ress\u00e9 \u00ab\u00a0encourt la suspension du droit de change pendant cinq ans, assortie, le cas \u00e9ch\u00e9ant, de poursuites p\u00e9nales\u00a0\u00bb.<\/p>\n\n\n\n<p>Le nouveau dispositif impose par ailleurs aux banques la v\u00e9rification que le demandeur n&rsquo;a pas d\u00e9j\u00e0 b\u00e9n\u00e9fici\u00e9 d&rsquo;un droit de change au cours des 12 mois pr\u00e9c\u00e9dents, et qu&rsquo;il a effectivement voyag\u00e9 \u00e0 l&rsquo;\u00e9tranger s&rsquo;il a per\u00e7u un droit de change lors de la p\u00e9riode pr\u00e9c\u00e9dente. Ces contr\u00f4les crois\u00e9s garantissent l&rsquo;int\u00e9grit\u00e9 du syst\u00e8me et \u00e9vitent les d\u00e9tournements.<\/p>\n\n\n\n<p>Cette r\u00e9forme s&rsquo;inscrit dans une logique \u00e9conomique plus large visant \u00e0 r\u00e9duire la pression sur le march\u00e9 parall\u00e8le tout en r\u00e9pondant aux aspirations l\u00e9gitimes des citoyens alg\u00e9riens en mati\u00e8re de voyages, qu&rsquo;ils soient destin\u00e9s aux soins m\u00e9dicaux ou aux s\u00e9jours touristiques. L&rsquo;allocation touristique permet d\u00e9sormais aux voyageurs de couvrir plus ais\u00e9ment leurs d\u00e9penses \u00e0 l&rsquo;\u00e9tranger, marquant une \u00e9volution significative dans la politique de change du pays et t\u00e9moignant d&rsquo;une approche pragmatique face aux r\u00e9alit\u00e9s \u00e9conomiques contemporaines.<strong>Sofia Chahine<\/strong><\/p>\n","protected":false},"excerpt":{"rendered":"<p>La nouvelle allocation touristique revaloris\u00e9e \u00e0 750 euros, annonc\u00e9e en Conseil des ministres le 8 d\u00e9cembre 2024 sur d\u00e9cision du<\/p>\n","protected":false},"author":6,"featured_media":70767,"comment_status":"open","ping_status":"closed","sticky":false,"template":"","format":"standard","meta":{"colormag_page_container_layout":"default_layout","colormag_page_sidebar_layout":"default_layout","om_disable_all_campaigns":false,"_monsterinsights_skip_tracking":false,"_monsterinsights_sitenote_active":false,"_monsterinsights_sitenote_note":"","_monsterinsights_sitenote_category":0,"footnotes":"","_wpscppro_dont_share_socialmedia":false,"_wpscppro_custom_social_share_image":0,"_facebook_share_type":"default","_twitter_share_type":"default","_linkedin_share_type":"default","_pinterest_share_type":"default","_linkedin_share_type_page":"","_instagram_share_type":"default","_medium_share_type":"default","_threads_share_type":"","_google_business_share_type":"","_selected_social_profile":[],"_wpsp_enable_custom_social_template":false,"_wpsp_social_scheduling":{"enabled":false,"datetime":null,"platforms":[],"status":"template_only","dateOption":"today","timeOption":"now","customDays":"","customHours":"","customDate":"","customTime":"","schedulingType":"absolute"},"_wpsp_active_default_template":true},"categories":[52,27],"tags":[],"class_list":["post-70766","post","type-post","status-publish","format-standard","has-post-thumbnail","hentry","category-a-la-une","category-actualite"],"aioseo_notices":[],"yoast_head":"<!-- This site is optimized with the Yoast SEO plugin v27.5 - https:\/\/yoast.com\/product\/yoast-seo-wordpress\/ -->\n<title>L&rsquo;allocation touristique de 750 euros est entr\u00e9e en vigueur dimanche : Le march\u00e9 parall\u00e8le des devises sous pression ! - La Sentinelle<\/title>\n<meta name=\"robots\" content=\"index, follow, max-snippet:-1, max-image-preview:large, max-video-preview:-1\" \/>\n<link rel=\"canonical\" href=\"https:\/\/lasentinelle.dz\/index.php\/2025\/07\/22\/lallocation-touristique-de-750-euros-est-entree-en-vigueur-dimanche-le-marche-parallele-des-devises-sous-pression\/\" \/>\n<meta property=\"og:locale\" content=\"fr_FR\" \/>\n<meta property=\"og:type\" content=\"article\" \/>\n<meta property=\"og:title\" content=\"L&rsquo;allocation touristique de 750 euros est entr\u00e9e en vigueur dimanche : Le march\u00e9 parall\u00e8le des devises sous pression ! - La Sentinelle\" \/>\n<meta property=\"og:description\" content=\"La nouvelle allocation touristique revaloris\u00e9e \u00e0 750 euros, annonc\u00e9e en Conseil des ministres le 8 d\u00e9cembre 2024 sur d\u00e9cision du\" \/>\n<meta property=\"og:url\" content=\"https:\/\/lasentinelle.dz\/index.php\/2025\/07\/22\/lallocation-touristique-de-750-euros-est-entree-en-vigueur-dimanche-le-marche-parallele-des-devises-sous-pression\/\" \/>\n<meta property=\"og:site_name\" content=\"La Sentinelle\" \/>\n<meta property=\"article:publisher\" content=\"https:\/\/www.facebook.com\/La-Sentinelle-104059864394773\" \/>\n<meta property=\"article:published_time\" content=\"2025-07-22T12:04:48+00:00\" \/>\n<meta property=\"article:modified_time\" content=\"2025-07-22T12:04:49+00:00\" \/>\n<meta property=\"og:image\" content=\"https:\/\/lasentinelle.dz\/wp-content\/uploads\/2025\/07\/devises-scaled.jpg\" \/>\n\t<meta property=\"og:image:width\" content=\"2560\" \/>\n\t<meta property=\"og:image:height\" content=\"1714\" \/>\n\t<meta property=\"og:image:type\" content=\"image\/jpeg\" \/>\n<meta name=\"author\" content=\"admin\" \/>\n<meta name=\"twitter:card\" content=\"summary_large_image\" \/>\n<meta name=\"twitter:label1\" content=\"\u00c9crit par\" \/>\n\t<meta name=\"twitter:data1\" content=\"admin\" \/>\n\t<meta name=\"twitter:label2\" content=\"Dur\u00e9e de lecture estim\u00e9e\" \/>\n\t<meta name=\"twitter:data2\" content=\"6 minutes\" \/>\n<script type=\"application\/ld+json\" class=\"yoast-schema-graph\">{\"@context\":\"https:\\\/\\\/schema.org\",\"@graph\":[{\"@type\":\"Article\",\"@id\":\"https:\\\/\\\/lasentinelle.dz\\\/index.php\\\/2025\\\/07\\\/22\\\/lallocation-touristique-de-750-euros-est-entree-en-vigueur-dimanche-le-marche-parallele-des-devises-sous-pression\\\/#article\",\"isPartOf\":{\"@id\":\"https:\\\/\\\/lasentinelle.dz\\\/index.php\\\/2025\\\/07\\\/22\\\/lallocation-touristique-de-750-euros-est-entree-en-vigueur-dimanche-le-marche-parallele-des-devises-sous-pression\\\/\"},\"author\":{\"name\":\"admin\",\"@id\":\"https:\\\/\\\/lasentinelle.dz\\\/#\\\/schema\\\/person\\\/729ee0024f24e0b8c5ec17232f8e8b41\"},\"headline\":\"L&rsquo;allocation touristique de 750 euros est entr\u00e9e en vigueur dimanche : Le march\u00e9 parall\u00e8le des devises sous pression !\",\"datePublished\":\"2025-07-22T12:04:48+00:00\",\"dateModified\":\"2025-07-22T12:04:49+00:00\",\"mainEntityOfPage\":{\"@id\":\"https:\\\/\\\/lasentinelle.dz\\\/index.php\\\/2025\\\/07\\\/22\\\/lallocation-touristique-de-750-euros-est-entree-en-vigueur-dimanche-le-marche-parallele-des-devises-sous-pression\\\/\"},\"wordCount\":1278,\"commentCount\":0,\"publisher\":{\"@id\":\"https:\\\/\\\/lasentinelle.dz\\\/#organization\"},\"image\":{\"@id\":\"https:\\\/\\\/lasentinelle.dz\\\/index.php\\\/2025\\\/07\\\/22\\\/lallocation-touristique-de-750-euros-est-entree-en-vigueur-dimanche-le-marche-parallele-des-devises-sous-pression\\\/#primaryimage\"},\"thumbnailUrl\":\"https:\\\/\\\/lasentinelle.dz\\\/wp-content\\\/uploads\\\/2025\\\/07\\\/devises-scaled.jpg\",\"articleSection\":[\"\u00c0 la Une\",\"Actualit\u00e9\"],\"inLanguage\":\"fr-FR\",\"potentialAction\":[{\"@type\":\"CommentAction\",\"name\":\"Comment\",\"target\":[\"https:\\\/\\\/lasentinelle.dz\\\/index.php\\\/2025\\\/07\\\/22\\\/lallocation-touristique-de-750-euros-est-entree-en-vigueur-dimanche-le-marche-parallele-des-devises-sous-pression\\\/#respond\"]}]},{\"@type\":\"WebPage\",\"@id\":\"https:\\\/\\\/lasentinelle.dz\\\/index.php\\\/2025\\\/07\\\/22\\\/lallocation-touristique-de-750-euros-est-entree-en-vigueur-dimanche-le-marche-parallele-des-devises-sous-pression\\\/\",\"url\":\"https:\\\/\\\/lasentinelle.dz\\\/index.php\\\/2025\\\/07\\\/22\\\/lallocation-touristique-de-750-euros-est-entree-en-vigueur-dimanche-le-marche-parallele-des-devises-sous-pression\\\/\",\"name\":\"L&rsquo;allocation touristique de 750 euros est entr\u00e9e en vigueur dimanche : Le march\u00e9 parall\u00e8le des devises sous pression ! - La Sentinelle\",\"isPartOf\":{\"@id\":\"https:\\\/\\\/lasentinelle.dz\\\/#website\"},\"primaryImageOfPage\":{\"@id\":\"https:\\\/\\\/lasentinelle.dz\\\/index.php\\\/2025\\\/07\\\/22\\\/lallocation-touristique-de-750-euros-est-entree-en-vigueur-dimanche-le-marche-parallele-des-devises-sous-pression\\\/#primaryimage\"},\"image\":{\"@id\":\"https:\\\/\\\/lasentinelle.dz\\\/index.php\\\/2025\\\/07\\\/22\\\/lallocation-touristique-de-750-euros-est-entree-en-vigueur-dimanche-le-marche-parallele-des-devises-sous-pression\\\/#primaryimage\"},\"thumbnailUrl\":\"https:\\\/\\\/lasentinelle.dz\\\/wp-content\\\/uploads\\\/2025\\\/07\\\/devises-scaled.jpg\",\"datePublished\":\"2025-07-22T12:04:48+00:00\",\"dateModified\":\"2025-07-22T12:04:49+00:00\",\"breadcrumb\":{\"@id\":\"https:\\\/\\\/lasentinelle.dz\\\/index.php\\\/2025\\\/07\\\/22\\\/lallocation-touristique-de-750-euros-est-entree-en-vigueur-dimanche-le-marche-parallele-des-devises-sous-pression\\\/#breadcrumb\"},\"inLanguage\":\"fr-FR\",\"potentialAction\":[{\"@type\":\"ReadAction\",\"target\":[\"https:\\\/\\\/lasentinelle.dz\\\/index.php\\\/2025\\\/07\\\/22\\\/lallocation-touristique-de-750-euros-est-entree-en-vigueur-dimanche-le-marche-parallele-des-devises-sous-pression\\\/\"]}]},{\"@type\":\"ImageObject\",\"inLanguage\":\"fr-FR\",\"@id\":\"https:\\\/\\\/lasentinelle.dz\\\/index.php\\\/2025\\\/07\\\/22\\\/lallocation-touristique-de-750-euros-est-entree-en-vigueur-dimanche-le-marche-parallele-des-devises-sous-pression\\\/#primaryimage\",\"url\":\"https:\\\/\\\/lasentinelle.dz\\\/wp-content\\\/uploads\\\/2025\\\/07\\\/devises-scaled.jpg\",\"contentUrl\":\"https:\\\/\\\/lasentinelle.dz\\\/wp-content\\\/uploads\\\/2025\\\/07\\\/devises-scaled.jpg\",\"width\":2560,\"height\":1714},{\"@type\":\"BreadcrumbList\",\"@id\":\"https:\\\/\\\/lasentinelle.dz\\\/index.php\\\/2025\\\/07\\\/22\\\/lallocation-touristique-de-750-euros-est-entree-en-vigueur-dimanche-le-marche-parallele-des-devises-sous-pression\\\/#breadcrumb\",\"itemListElement\":[{\"@type\":\"ListItem\",\"position\":1,\"name\":\"Accueil\",\"item\":\"https:\\\/\\\/lasentinelle.dz\\\/\"},{\"@type\":\"ListItem\",\"position\":2,\"name\":\"L&rsquo;allocation touristique de 750 euros est entr\u00e9e en vigueur dimanche : Le march\u00e9 parall\u00e8le des devises sous pression !\"}]},{\"@type\":\"WebSite\",\"@id\":\"https:\\\/\\\/lasentinelle.dz\\\/#website\",\"url\":\"https:\\\/\\\/lasentinelle.dz\\\/\",\"name\":\"La Sentinelle\",\"description\":\"Quotidien national d&#039;information\",\"publisher\":{\"@id\":\"https:\\\/\\\/lasentinelle.dz\\\/#organization\"},\"potentialAction\":[{\"@type\":\"SearchAction\",\"target\":{\"@type\":\"EntryPoint\",\"urlTemplate\":\"https:\\\/\\\/lasentinelle.dz\\\/?s={search_term_string}\"},\"query-input\":{\"@type\":\"PropertyValueSpecification\",\"valueRequired\":true,\"valueName\":\"search_term_string\"}}],\"inLanguage\":\"fr-FR\"},{\"@type\":\"Organization\",\"@id\":\"https:\\\/\\\/lasentinelle.dz\\\/#organization\",\"name\":\"Quotidien La Sentinelle\",\"url\":\"https:\\\/\\\/lasentinelle.dz\\\/\",\"logo\":{\"@type\":\"ImageObject\",\"inLanguage\":\"fr-FR\",\"@id\":\"https:\\\/\\\/lasentinelle.dz\\\/#\\\/schema\\\/logo\\\/image\\\/\",\"url\":\"https:\\\/\\\/lasentinelle.dz\\\/wp-content\\\/uploads\\\/2021\\\/09\\\/logo-sentinelleSLOGAN-1.png\",\"contentUrl\":\"https:\\\/\\\/lasentinelle.dz\\\/wp-content\\\/uploads\\\/2021\\\/09\\\/logo-sentinelleSLOGAN-1.png\",\"width\":615,\"height\":142,\"caption\":\"Quotidien La Sentinelle\"},\"image\":{\"@id\":\"https:\\\/\\\/lasentinelle.dz\\\/#\\\/schema\\\/logo\\\/image\\\/\"},\"sameAs\":[\"https:\\\/\\\/www.facebook.com\\\/La-Sentinelle-104059864394773\"]},{\"@type\":\"Person\",\"@id\":\"https:\\\/\\\/lasentinelle.dz\\\/#\\\/schema\\\/person\\\/729ee0024f24e0b8c5ec17232f8e8b41\",\"name\":\"admin\",\"image\":{\"@type\":\"ImageObject\",\"inLanguage\":\"fr-FR\",\"@id\":\"https:\\\/\\\/secure.gravatar.com\\\/avatar\\\/4c81fed838786e9b53f540bf46533e750f5d292099ae3b66cfc6fb1982e29df7?s=96&d=mm&r=g\",\"url\":\"https:\\\/\\\/secure.gravatar.com\\\/avatar\\\/4c81fed838786e9b53f540bf46533e750f5d292099ae3b66cfc6fb1982e29df7?s=96&d=mm&r=g\",\"contentUrl\":\"https:\\\/\\\/secure.gravatar.com\\\/avatar\\\/4c81fed838786e9b53f540bf46533e750f5d292099ae3b66cfc6fb1982e29df7?s=96&d=mm&r=g\",\"caption\":\"admin\"},\"description\":\"admin\",\"url\":\"https:\\\/\\\/lasentinelle.dz\\\/author\\\/admin\\\/\"}]}<\/script>\n<!-- \/ Yoast SEO plugin. -->","yoast_head_json":{"title":"L&rsquo;allocation touristique de 750 euros est entr\u00e9e en vigueur dimanche : Le march\u00e9 parall\u00e8le des devises sous pression ! - La Sentinelle","robots":{"index":"index","follow":"follow","max-snippet":"max-snippet:-1","max-image-preview":"max-image-preview:large","max-video-preview":"max-video-preview:-1"},"canonical":"https:\/\/lasentinelle.dz\/index.php\/2025\/07\/22\/lallocation-touristique-de-750-euros-est-entree-en-vigueur-dimanche-le-marche-parallele-des-devises-sous-pression\/","og_locale":"fr_FR","og_type":"article","og_title":"L&rsquo;allocation touristique de 750 euros est entr\u00e9e en vigueur dimanche : Le march\u00e9 parall\u00e8le des devises sous pression ! - La Sentinelle","og_description":"La nouvelle allocation touristique revaloris\u00e9e \u00e0 750 euros, annonc\u00e9e en Conseil des ministres le 8 d\u00e9cembre 2024 sur d\u00e9cision du","og_url":"https:\/\/lasentinelle.dz\/index.php\/2025\/07\/22\/lallocation-touristique-de-750-euros-est-entree-en-vigueur-dimanche-le-marche-parallele-des-devises-sous-pression\/","og_site_name":"La Sentinelle","article_publisher":"https:\/\/www.facebook.com\/La-Sentinelle-104059864394773","article_published_time":"2025-07-22T12:04:48+00:00","article_modified_time":"2025-07-22T12:04:49+00:00","og_image":[{"width":2560,"height":1714,"url":"https:\/\/lasentinelle.dz\/wp-content\/uploads\/2025\/07\/devises-scaled.jpg","type":"image\/jpeg"}],"author":"admin","twitter_card":"summary_large_image","twitter_misc":{"\u00c9crit par":"admin","Dur\u00e9e de lecture estim\u00e9e":"6 minutes"},"schema":{"@context":"https:\/\/schema.org","@graph":[{"@type":"Article","@id":"https:\/\/lasentinelle.dz\/index.php\/2025\/07\/22\/lallocation-touristique-de-750-euros-est-entree-en-vigueur-dimanche-le-marche-parallele-des-devises-sous-pression\/#article","isPartOf":{"@id":"https:\/\/lasentinelle.dz\/index.php\/2025\/07\/22\/lallocation-touristique-de-750-euros-est-entree-en-vigueur-dimanche-le-marche-parallele-des-devises-sous-pression\/"},"author":{"name":"admin","@id":"https:\/\/lasentinelle.dz\/#\/schema\/person\/729ee0024f24e0b8c5ec17232f8e8b41"},"headline":"L&rsquo;allocation touristique de 750 euros est entr\u00e9e en vigueur dimanche : Le march\u00e9 parall\u00e8le des devises sous pression !","datePublished":"2025-07-22T12:04:48+00:00","dateModified":"2025-07-22T12:04:49+00:00","mainEntityOfPage":{"@id":"https:\/\/lasentinelle.dz\/index.php\/2025\/07\/22\/lallocation-touristique-de-750-euros-est-entree-en-vigueur-dimanche-le-marche-parallele-des-devises-sous-pression\/"},"wordCount":1278,"commentCount":0,"publisher":{"@id":"https:\/\/lasentinelle.dz\/#organization"},"image":{"@id":"https:\/\/lasentinelle.dz\/index.php\/2025\/07\/22\/lallocation-touristique-de-750-euros-est-entree-en-vigueur-dimanche-le-marche-parallele-des-devises-sous-pression\/#primaryimage"},"thumbnailUrl":"https:\/\/lasentinelle.dz\/wp-content\/uploads\/2025\/07\/devises-scaled.jpg","articleSection":["\u00c0 la Une","Actualit\u00e9"],"inLanguage":"fr-FR","potentialAction":[{"@type":"CommentAction","name":"Comment","target":["https:\/\/lasentinelle.dz\/index.php\/2025\/07\/22\/lallocation-touristique-de-750-euros-est-entree-en-vigueur-dimanche-le-marche-parallele-des-devises-sous-pression\/#respond"]}]},{"@type":"WebPage","@id":"https:\/\/lasentinelle.dz\/index.php\/2025\/07\/22\/lallocation-touristique-de-750-euros-est-entree-en-vigueur-dimanche-le-marche-parallele-des-devises-sous-pression\/","url":"https:\/\/lasentinelle.dz\/index.php\/2025\/07\/22\/lallocation-touristique-de-750-euros-est-entree-en-vigueur-dimanche-le-marche-parallele-des-devises-sous-pression\/","name":"L&rsquo;allocation touristique de 750 euros est entr\u00e9e en vigueur dimanche : Le march\u00e9 parall\u00e8le des devises sous pression ! - La Sentinelle","isPartOf":{"@id":"https:\/\/lasentinelle.dz\/#website"},"primaryImageOfPage":{"@id":"https:\/\/lasentinelle.dz\/index.php\/2025\/07\/22\/lallocation-touristique-de-750-euros-est-entree-en-vigueur-dimanche-le-marche-parallele-des-devises-sous-pression\/#primaryimage"},"image":{"@id":"https:\/\/lasentinelle.dz\/index.php\/2025\/07\/22\/lallocation-touristique-de-750-euros-est-entree-en-vigueur-dimanche-le-marche-parallele-des-devises-sous-pression\/#primaryimage"},"thumbnailUrl":"https:\/\/lasentinelle.dz\/wp-content\/uploads\/2025\/07\/devises-scaled.jpg","datePublished":"2025-07-22T12:04:48+00:00","dateModified":"2025-07-22T12:04:49+00:00","breadcrumb":{"@id":"https:\/\/lasentinelle.dz\/index.php\/2025\/07\/22\/lallocation-touristique-de-750-euros-est-entree-en-vigueur-dimanche-le-marche-parallele-des-devises-sous-pression\/#breadcrumb"},"inLanguage":"fr-FR","potentialAction":[{"@type":"ReadAction","target":["https:\/\/lasentinelle.dz\/index.php\/2025\/07\/22\/lallocation-touristique-de-750-euros-est-entree-en-vigueur-dimanche-le-marche-parallele-des-devises-sous-pression\/"]}]},{"@type":"ImageObject","inLanguage":"fr-FR","@id":"https:\/\/lasentinelle.dz\/index.php\/2025\/07\/22\/lallocation-touristique-de-750-euros-est-entree-en-vigueur-dimanche-le-marche-parallele-des-devises-sous-pression\/#primaryimage","url":"https:\/\/lasentinelle.dz\/wp-content\/uploads\/2025\/07\/devises-scaled.jpg","contentUrl":"https:\/\/lasentinelle.dz\/wp-content\/uploads\/2025\/07\/devises-scaled.jpg","width":2560,"height":1714},{"@type":"BreadcrumbList","@id":"https:\/\/lasentinelle.dz\/index.php\/2025\/07\/22\/lallocation-touristique-de-750-euros-est-entree-en-vigueur-dimanche-le-marche-parallele-des-devises-sous-pression\/#breadcrumb","itemListElement":[{"@type":"ListItem","position":1,"name":"Accueil","item":"https:\/\/lasentinelle.dz\/"},{"@type":"ListItem","position":2,"name":"L&rsquo;allocation touristique de 750 euros est entr\u00e9e en vigueur dimanche : Le march\u00e9 parall\u00e8le des devises sous pression !"}]},{"@type":"WebSite","@id":"https:\/\/lasentinelle.dz\/#website","url":"https:\/\/lasentinelle.dz\/","name":"La Sentinelle","description":"Quotidien national d&#039;information","publisher":{"@id":"https:\/\/lasentinelle.dz\/#organization"},"potentialAction":[{"@type":"SearchAction","target":{"@type":"EntryPoint","urlTemplate":"https:\/\/lasentinelle.dz\/?s={search_term_string}"},"query-input":{"@type":"PropertyValueSpecification","valueRequired":true,"valueName":"search_term_string"}}],"inLanguage":"fr-FR"},{"@type":"Organization","@id":"https:\/\/lasentinelle.dz\/#organization","name":"Quotidien La Sentinelle","url":"https:\/\/lasentinelle.dz\/","logo":{"@type":"ImageObject","inLanguage":"fr-FR","@id":"https:\/\/lasentinelle.dz\/#\/schema\/logo\/image\/","url":"https:\/\/lasentinelle.dz\/wp-content\/uploads\/2021\/09\/logo-sentinelleSLOGAN-1.png","contentUrl":"https:\/\/lasentinelle.dz\/wp-content\/uploads\/2021\/09\/logo-sentinelleSLOGAN-1.png","width":615,"height":142,"caption":"Quotidien La Sentinelle"},"image":{"@id":"https:\/\/lasentinelle.dz\/#\/schema\/logo\/image\/"},"sameAs":["https:\/\/www.facebook.com\/La-Sentinelle-104059864394773"]},{"@type":"Person","@id":"https:\/\/lasentinelle.dz\/#\/schema\/person\/729ee0024f24e0b8c5ec17232f8e8b41","name":"admin","image":{"@type":"ImageObject","inLanguage":"fr-FR","@id":"https:\/\/secure.gravatar.com\/avatar\/4c81fed838786e9b53f540bf46533e750f5d292099ae3b66cfc6fb1982e29df7?s=96&d=mm&r=g","url":"https:\/\/secure.gravatar.com\/avatar\/4c81fed838786e9b53f540bf46533e750f5d292099ae3b66cfc6fb1982e29df7?s=96&d=mm&r=g","contentUrl":"https:\/\/secure.gravatar.com\/avatar\/4c81fed838786e9b53f540bf46533e750f5d292099ae3b66cfc6fb1982e29df7?s=96&d=mm&r=g","caption":"admin"},"description":"admin","url":"https:\/\/lasentinelle.dz\/author\/admin\/"}]}},"_links":{"self":[{"href":"https:\/\/lasentinelle.dz\/index.php\/wp-json\/wp\/v2\/posts\/70766","targetHints":{"allow":["GET"]}}],"collection":[{"href":"https:\/\/lasentinelle.dz\/index.php\/wp-json\/wp\/v2\/posts"}],"about":[{"href":"https:\/\/lasentinelle.dz\/index.php\/wp-json\/wp\/v2\/types\/post"}],"author":[{"embeddable":true,"href":"https:\/\/lasentinelle.dz\/index.php\/wp-json\/wp\/v2\/users\/6"}],"replies":[{"embeddable":true,"href":"https:\/\/lasentinelle.dz\/index.php\/wp-json\/wp\/v2\/comments?post=70766"}],"version-history":[{"count":2,"href":"https:\/\/lasentinelle.dz\/index.php\/wp-json\/wp\/v2\/posts\/70766\/revisions"}],"predecessor-version":[{"id":70769,"href":"https:\/\/lasentinelle.dz\/index.php\/wp-json\/wp\/v2\/posts\/70766\/revisions\/70769"}],"wp:featuredmedia":[{"embeddable":true,"href":"https:\/\/lasentinelle.dz\/index.php\/wp-json\/wp\/v2\/media\/70767"}],"wp:attachment":[{"href":"https:\/\/lasentinelle.dz\/index.php\/wp-json\/wp\/v2\/media?parent=70766"}],"wp:term":[{"taxonomy":"category","embeddable":true,"href":"https:\/\/lasentinelle.dz\/index.php\/wp-json\/wp\/v2\/categories?post=70766"},{"taxonomy":"post_tag","embeddable":true,"href":"https:\/\/lasentinelle.dz\/index.php\/wp-json\/wp\/v2\/tags?post=70766"}],"curies":[{"name":"wp","href":"https:\/\/api.w.org\/{rel}","templated":true}]}}