{"id":70776,"date":"2025-07-23T12:29:12","date_gmt":"2025-07-23T11:29:12","guid":{"rendered":"https:\/\/lasentinelle.dz\/?p=70776"},"modified":"2025-07-23T12:51:27","modified_gmt":"2025-07-23T11:51:27","slug":"sahara-occidental-le-maroc-manque-de-volonte-politique-pour-resoudre-le-conflit","status":"publish","type":"post","link":"https:\/\/lasentinelle.dz\/index.php\/2025\/07\/23\/sahara-occidental-le-maroc-manque-de-volonte-politique-pour-resoudre-le-conflit\/","title":{"rendered":"Sahara occidental\u00a0:\u00a0Le Maroc manque de volont\u00e9 politique pour r\u00e9soudre le conflit\u00a0"},"content":{"rendered":"\n<p>Le ministre sahraoui des Affaires \u00e9trang\u00e8res et des Affaires africaines, Mohamed Yeslem Beissat, a\u00a0d\u00e9nonc\u00e9\u00a0mardi l&rsquo;attitude du\u00a0Maroc\u00a0qui\u00a0manque de \u00ab volont\u00e9 politique sinc\u00e8re dans la recherche s\u00e9rieuse d&rsquo;une solution r\u00e9elle \u00e0 la question du Sahara occidental \u00bb.\u00a0<\/p>\n\n\n\n<p>Lors d&rsquo;une conf\u00e9rence de presse organis\u00e9e au si\u00e8ge de l&rsquo;ambassade sahraouie \u00e0 Alger, devant les m\u00e9dias nationaux et alg\u00e9riens, pour faire le point sur les derniers d\u00e9veloppements de la question sahraouie,\u00a0le chef de la diplomatie sahraouie a dress\u00e9 un r\u00e9quisitoire s\u00e9v\u00e8re contre la politique marocaine. \u00ab Le comportement du gouvernement marocain contredit ses d\u00e9clarations de mani\u00e8re flagrante : d&rsquo;un c\u00f4t\u00e9 il pr\u00e9tend chercher une solution, de l&rsquo;autre il escalade la guerre, multiplie la r\u00e9pression, intensifie le pillage des richesses et investit dans la diabolisation du peuple sahraoui et de son repr\u00e9sentant l\u00e9gal et unique, le Front Polisario \u00bb, a-t-il d\u00e9clar\u00e9.\u00a0Cette critique intervient alors que la R\u00e9publique arabe sahraouie d\u00e9mocratique (RASD) maintient sa disposition au dialogue. \u00ab La partie sahraouie est pr\u00eate \u00e0 s&rsquo;engager positivement avec les efforts des Nations unies ou toute initiative de bonne foi qui respecte la nature juridique du conflit \u00bb, a pr\u00e9cis\u00e9 Mohamed Yeslem Beissat, tout en r\u00e9affirmant que son gouvernement \u00ab continuera sa lutte l\u00e9gitime par tous les moyens pour d\u00e9fendre sa souverainet\u00e9 nationale et les droits internationalement reconnus du peuple sahraoui \u00bb.<\/p>\n\n\n\n<p>Le ministre a \u00e9galement d\u00e9nonc\u00e9 une strat\u00e9gie d\u00e9lib\u00e9r\u00e9e de temporisation de la part du Maroc. \u00ab Ce comportement r\u00e9v\u00e8le les v\u00e9ritables intentions du gouvernement marocain dans le choix d&rsquo;une strat\u00e9gie de stagnation et la recherche de temps pour l\u00e9gitimer son occupation ill\u00e9gale que condamnent les coutumes et les lois et que rejettent toutes les cours r\u00e9gionales et internationales \u00bb, a-t-il affirm\u00e9.&nbsp;Il a soulign\u00e9 que&nbsp;la voie vers une r\u00e9solution pacifique reste claire : \u00ab Si le Maroc veut vraiment une solution, le chemin le plus court est d&rsquo;appliquer ses engagements et promesses sign\u00e9es et document\u00e9es qui sont incluses dans les r\u00e9solutions du Conseil de s\u00e9curit\u00e9 de l&rsquo;ONU, de la Cour internationale de justice, de la Cour africaine de justice et de la Cour de justice de l&rsquo;Union europ\u00e9enne \u00bb.<\/p>\n\n\n\n<p>Ces d\u00e9clarations font \u00e9cho aux conclusions du 6e Forum diplomatique de solidarit\u00e9 avec le peuple sahraoui qui s&rsquo;est tenu lundi \u00e0 Alger, r\u00e9unissant les ambassadeurs de 21 pays au si\u00e8ge de l&rsquo;ambassade d&rsquo;Afrique du Sud. Les participants ont r\u00e9affirm\u00e9 dans leur d\u00e9claration finale que \u00ab le r\u00e9f\u00e9rendum est la seule solution qui garantit le droit du peuple sahraoui \u00e0 l&rsquo;autod\u00e9termination, conform\u00e9ment aux principes et \u00e0 la Charte des Nations unies \u00bb.<\/p>\n\n\n\n<p>L&rsquo;ambassadeur sud-africain en Alg\u00e9rie, Ndumiso Ntshinga, a annonc\u00e9 qu&rsquo;\u00ab un comit\u00e9 de coordination se r\u00e9unira tr\u00e8s bient\u00f4t pour examiner toutes les questions abord\u00e9es lors du Forum afin de les traduire en actions concr\u00e8tes \u00bb. Cette initiative s&rsquo;inscrit dans une d\u00e9marche plus large visant \u00e0 maintenir la pression internationale sur cette question qui perdure depuis un demi-si\u00e8cle.&nbsp;Les diplomates pr\u00e9sents ont lanc\u00e9 un appel \u00ab urgent \u00bb et \u00ab pressant \u00bb au Secr\u00e9taire g\u00e9n\u00e9ral de l&rsquo;ONU, Antonio Guterres, et \u00e0 son envoy\u00e9 sp\u00e9cial pour le Sahara occidental, Staffan de Mistura, pour \u00ab relancer, d\u00e8s que possible, le processus de paix en faveur du droit imprescriptible du peuple sahraoui \u00e0 l&rsquo;autod\u00e9termination \u00bb. Ils ont \u00e9galement exhort\u00e9 l&rsquo;Union africaine \u00e0 \u00ab assumer ses responsabilit\u00e9s en tant que partenaire des Nations unies dans les efforts visant \u00e0 faciliter une solution d\u00e9finitive du dernier vestige colonial en Afrique \u00bb.<\/p>\n\n\n\n<p>La question des violations des droits humains dans les territoires occup\u00e9s a \u00e9galement \u00e9t\u00e9 soulev\u00e9e avec force. Les participants ont condamn\u00e9 \u00ab les pratiques r\u00e9pressives et les violations syst\u00e9matiques des droits de l&rsquo;homme contre les civils sahraouis sans d\u00e9fense dans les territoires occup\u00e9s \u00bb, appelant \u00e0 \u00ab acc\u00e9l\u00e9rer la lib\u00e9ration de tous les prisonniers civils sahraouis d\u00e9tenus dans les prisons marocaines \u00bb et \u00e0 \u00ab lever le blocus et le si\u00e8ge impos\u00e9 par le Maroc, ainsi que l&rsquo;arr\u00eat imm\u00e9diat du pillage syst\u00e9matique et effr\u00e9n\u00e9 des ressources naturelles du Sahara occidental \u00bb.<\/p>\n\n\n\n<p>Les diplomates ont salu\u00e9 les r\u00e9centes d\u00e9cisions juridiques favorables \u00e0 la cause sahraouie, notamment celles de la Cour de justice de l&rsquo;Union europ\u00e9enne et \u00ab la d\u00e9cision historique de la Cour africaine des droits de l&rsquo;homme et des peuples qui affirment, sans ambages, la souverainet\u00e9 permanente du peuple sahraoui sur ses ressources naturelles \u00bb.<\/p>\n\n\n\n<p>L&rsquo;ambassadeur de la RASD en Alg\u00e9rie, Khatri Addouh, a r\u00e9it\u00e9r\u00e9 la position de principe de son gouvernement : \u00ab Le r\u00e9f\u00e9rendum d&rsquo;autod\u00e9termination demeure la seule solution pour mettre un terme au conflit au Sahara occidental \u00bb, pr\u00e9cisant que \u00ab toute proposition qui ne respecterait pas les r\u00e9solutions onusiennes en la mati\u00e8re est inacceptable \u00bb.<\/p>\n\n\n\n<p>Cette mobilisation diplomatique intervient dans un contexte o\u00f9 l&rsquo;Espagne, puissance administrante historique du territoire, fait l&rsquo;objet de pressions croissantes pour assumer ses responsabilit\u00e9s. Les participants au Forum ont rappel\u00e9 \u00e0 Madrid qu&rsquo;elle \u00ab ne peut, ind\u00e9finiment, se d\u00e9rober \u00e0 ses obligations internationales \u00bb et l&rsquo;ont exhort\u00e9e \u00e0 \u00ab assumer pleinement ses responsabilit\u00e9s historiques, juridiques, politiques et morales envers la d\u00e9colonisation du Sahara occidental \u00bb.<\/p>\n\n\n\n<p>Face \u00e0 cette mobilisation internationale croissante et aux critiques r\u00e9p\u00e9t\u00e9es de sa politique, le Maroc se trouve de plus en plus isol\u00e9 sur la sc\u00e8ne diplomatique africaine et internationale concernant la question du Sahara occidental.<\/p>\n\n\n\n<p>L. Sa\u00efdi<\/p>\n","protected":false},"excerpt":{"rendered":"<p>Le ministre sahraoui des Affaires \u00e9trang\u00e8res et des Affaires africaines, Mohamed Yeslem Beissat, a\u00a0d\u00e9nonc\u00e9\u00a0mardi l&rsquo;attitude du\u00a0Maroc\u00a0qui\u00a0manque de \u00ab volont\u00e9 politique<\/p>\n","protected":false},"author":6,"featured_media":70838,"comment_status":"open","ping_status":"closed","sticky":false,"template":"","format":"standard","meta":{"colormag_page_container_layout":"default_layout","colormag_page_sidebar_layout":"default_layout","om_disable_all_campaigns":false,"_monsterinsights_skip_tracking":false,"_monsterinsights_sitenote_active":false,"_monsterinsights_sitenote_note":"","_monsterinsights_sitenote_category":0,"footnotes":"","_wpscppro_dont_share_socialmedia":false,"_wpscppro_custom_social_share_image":0,"_facebook_share_type":"default","_twitter_share_type":"default","_linkedin_share_type":"default","_pinterest_share_type":"default","_linkedin_share_type_page":"","_instagram_share_type":"default","_medium_share_type":"default","_threads_share_type":"","_google_business_share_type":"","_selected_social_profile":[],"_wpsp_enable_custom_social_template":false,"_wpsp_social_scheduling":{"enabled":false,"datetime":null,"platforms":[],"status":"template_only","dateOption":"today","timeOption":"now","customDays":"","customHours":"","customDate":"","customTime":"","schedulingType":"absolute"},"_wpsp_active_default_template":true},"categories":[37],"tags":[],"class_list":["post-70776","post","type-post","status-publish","format-standard","has-post-thumbnail","hentry","category-monde"],"aioseo_notices":[],"yoast_head":"<!-- This site is optimized with the Yoast SEO plugin v27.5 - https:\/\/yoast.com\/product\/yoast-seo-wordpress\/ -->\n<title>Sahara occidental\u00a0:\u00a0Le Maroc manque de volont\u00e9 politique pour r\u00e9soudre le conflit\u00a0 - La Sentinelle<\/title>\n<meta name=\"robots\" content=\"index, follow, max-snippet:-1, max-image-preview:large, max-video-preview:-1\" \/>\n<link rel=\"canonical\" href=\"https:\/\/lasentinelle.dz\/index.php\/2025\/07\/23\/sahara-occidental-le-maroc-manque-de-volonte-politique-pour-resoudre-le-conflit\/\" \/>\n<meta property=\"og:locale\" content=\"fr_FR\" \/>\n<meta property=\"og:type\" content=\"article\" \/>\n<meta property=\"og:title\" content=\"Sahara occidental\u00a0:\u00a0Le Maroc manque de volont\u00e9 politique pour r\u00e9soudre le conflit\u00a0 - La Sentinelle\" \/>\n<meta property=\"og:description\" content=\"Le ministre sahraoui des Affaires \u00e9trang\u00e8res et des Affaires africaines, Mohamed Yeslem Beissat, a\u00a0d\u00e9nonc\u00e9\u00a0mardi l&rsquo;attitude du\u00a0Maroc\u00a0qui\u00a0manque de \u00ab volont\u00e9 politique\" \/>\n<meta property=\"og:url\" content=\"https:\/\/lasentinelle.dz\/index.php\/2025\/07\/23\/sahara-occidental-le-maroc-manque-de-volonte-politique-pour-resoudre-le-conflit\/\" \/>\n<meta property=\"og:site_name\" content=\"La Sentinelle\" \/>\n<meta property=\"article:publisher\" content=\"https:\/\/www.facebook.com\/La-Sentinelle-104059864394773\" \/>\n<meta property=\"article:published_time\" content=\"2025-07-23T11:29:12+00:00\" \/>\n<meta property=\"article:modified_time\" content=\"2025-07-23T11:51:27+00:00\" \/>\n<meta property=\"og:image\" content=\"https:\/\/lasentinelle.dz\/wp-content\/uploads\/2025\/07\/ministre-sahraoui.jpeg\" \/>\n\t<meta property=\"og:image:width\" content=\"900\" \/>\n\t<meta property=\"og:image:height\" content=\"675\" \/>\n\t<meta property=\"og:image:type\" content=\"image\/jpeg\" \/>\n<meta name=\"author\" content=\"admin\" \/>\n<meta name=\"twitter:card\" content=\"summary_large_image\" \/>\n<meta name=\"twitter:label1\" content=\"\u00c9crit par\" \/>\n\t<meta name=\"twitter:data1\" content=\"admin\" \/>\n\t<meta name=\"twitter:label2\" content=\"Dur\u00e9e de lecture estim\u00e9e\" \/>\n\t<meta name=\"twitter:data2\" content=\"5 minutes\" \/>\n<script type=\"application\/ld+json\" class=\"yoast-schema-graph\">{\"@context\":\"https:\\\/\\\/schema.org\",\"@graph\":[{\"@type\":\"Article\",\"@id\":\"https:\\\/\\\/lasentinelle.dz\\\/index.php\\\/2025\\\/07\\\/23\\\/sahara-occidental-le-maroc-manque-de-volonte-politique-pour-resoudre-le-conflit\\\/#article\",\"isPartOf\":{\"@id\":\"https:\\\/\\\/lasentinelle.dz\\\/index.php\\\/2025\\\/07\\\/23\\\/sahara-occidental-le-maroc-manque-de-volonte-politique-pour-resoudre-le-conflit\\\/\"},\"author\":{\"name\":\"admin\",\"@id\":\"https:\\\/\\\/lasentinelle.dz\\\/#\\\/schema\\\/person\\\/729ee0024f24e0b8c5ec17232f8e8b41\"},\"headline\":\"Sahara occidental\u00a0:\u00a0Le Maroc manque de volont\u00e9 politique pour r\u00e9soudre le conflit\u00a0\",\"datePublished\":\"2025-07-23T11:29:12+00:00\",\"dateModified\":\"2025-07-23T11:51:27+00:00\",\"mainEntityOfPage\":{\"@id\":\"https:\\\/\\\/lasentinelle.dz\\\/index.php\\\/2025\\\/07\\\/23\\\/sahara-occidental-le-maroc-manque-de-volonte-politique-pour-resoudre-le-conflit\\\/\"},\"wordCount\":962,\"commentCount\":0,\"publisher\":{\"@id\":\"https:\\\/\\\/lasentinelle.dz\\\/#organization\"},\"image\":{\"@id\":\"https:\\\/\\\/lasentinelle.dz\\\/index.php\\\/2025\\\/07\\\/23\\\/sahara-occidental-le-maroc-manque-de-volonte-politique-pour-resoudre-le-conflit\\\/#primaryimage\"},\"thumbnailUrl\":\"https:\\\/\\\/lasentinelle.dz\\\/wp-content\\\/uploads\\\/2025\\\/07\\\/ministre-sahraoui.jpeg\",\"articleSection\":[\"Monde\"],\"inLanguage\":\"fr-FR\",\"potentialAction\":[{\"@type\":\"CommentAction\",\"name\":\"Comment\",\"target\":[\"https:\\\/\\\/lasentinelle.dz\\\/index.php\\\/2025\\\/07\\\/23\\\/sahara-occidental-le-maroc-manque-de-volonte-politique-pour-resoudre-le-conflit\\\/#respond\"]}]},{\"@type\":\"WebPage\",\"@id\":\"https:\\\/\\\/lasentinelle.dz\\\/index.php\\\/2025\\\/07\\\/23\\\/sahara-occidental-le-maroc-manque-de-volonte-politique-pour-resoudre-le-conflit\\\/\",\"url\":\"https:\\\/\\\/lasentinelle.dz\\\/index.php\\\/2025\\\/07\\\/23\\\/sahara-occidental-le-maroc-manque-de-volonte-politique-pour-resoudre-le-conflit\\\/\",\"name\":\"Sahara occidental\u00a0:\u00a0Le Maroc manque de volont\u00e9 politique pour r\u00e9soudre le conflit\u00a0 - La Sentinelle\",\"isPartOf\":{\"@id\":\"https:\\\/\\\/lasentinelle.dz\\\/#website\"},\"primaryImageOfPage\":{\"@id\":\"https:\\\/\\\/lasentinelle.dz\\\/index.php\\\/2025\\\/07\\\/23\\\/sahara-occidental-le-maroc-manque-de-volonte-politique-pour-resoudre-le-conflit\\\/#primaryimage\"},\"image\":{\"@id\":\"https:\\\/\\\/lasentinelle.dz\\\/index.php\\\/2025\\\/07\\\/23\\\/sahara-occidental-le-maroc-manque-de-volonte-politique-pour-resoudre-le-conflit\\\/#primaryimage\"},\"thumbnailUrl\":\"https:\\\/\\\/lasentinelle.dz\\\/wp-content\\\/uploads\\\/2025\\\/07\\\/ministre-sahraoui.jpeg\",\"datePublished\":\"2025-07-23T11:29:12+00:00\",\"dateModified\":\"2025-07-23T11:51:27+00:00\",\"breadcrumb\":{\"@id\":\"https:\\\/\\\/lasentinelle.dz\\\/index.php\\\/2025\\\/07\\\/23\\\/sahara-occidental-le-maroc-manque-de-volonte-politique-pour-resoudre-le-conflit\\\/#breadcrumb\"},\"inLanguage\":\"fr-FR\",\"potentialAction\":[{\"@type\":\"ReadAction\",\"target\":[\"https:\\\/\\\/lasentinelle.dz\\\/index.php\\\/2025\\\/07\\\/23\\\/sahara-occidental-le-maroc-manque-de-volonte-politique-pour-resoudre-le-conflit\\\/\"]}]},{\"@type\":\"ImageObject\",\"inLanguage\":\"fr-FR\",\"@id\":\"https:\\\/\\\/lasentinelle.dz\\\/index.php\\\/2025\\\/07\\\/23\\\/sahara-occidental-le-maroc-manque-de-volonte-politique-pour-resoudre-le-conflit\\\/#primaryimage\",\"url\":\"https:\\\/\\\/lasentinelle.dz\\\/wp-content\\\/uploads\\\/2025\\\/07\\\/ministre-sahraoui.jpeg\",\"contentUrl\":\"https:\\\/\\\/lasentinelle.dz\\\/wp-content\\\/uploads\\\/2025\\\/07\\\/ministre-sahraoui.jpeg\",\"width\":900,\"height\":675},{\"@type\":\"BreadcrumbList\",\"@id\":\"https:\\\/\\\/lasentinelle.dz\\\/index.php\\\/2025\\\/07\\\/23\\\/sahara-occidental-le-maroc-manque-de-volonte-politique-pour-resoudre-le-conflit\\\/#breadcrumb\",\"itemListElement\":[{\"@type\":\"ListItem\",\"position\":1,\"name\":\"Accueil\",\"item\":\"https:\\\/\\\/lasentinelle.dz\\\/\"},{\"@type\":\"ListItem\",\"position\":2,\"name\":\"Sahara occidental\u00a0:\u00a0Le Maroc manque de volont\u00e9 politique pour r\u00e9soudre le conflit\u00a0\"}]},{\"@type\":\"WebSite\",\"@id\":\"https:\\\/\\\/lasentinelle.dz\\\/#website\",\"url\":\"https:\\\/\\\/lasentinelle.dz\\\/\",\"name\":\"La Sentinelle\",\"description\":\"Quotidien national d&#039;information\",\"publisher\":{\"@id\":\"https:\\\/\\\/lasentinelle.dz\\\/#organization\"},\"potentialAction\":[{\"@type\":\"SearchAction\",\"target\":{\"@type\":\"EntryPoint\",\"urlTemplate\":\"https:\\\/\\\/lasentinelle.dz\\\/?s={search_term_string}\"},\"query-input\":{\"@type\":\"PropertyValueSpecification\",\"valueRequired\":true,\"valueName\":\"search_term_string\"}}],\"inLanguage\":\"fr-FR\"},{\"@type\":\"Organization\",\"@id\":\"https:\\\/\\\/lasentinelle.dz\\\/#organization\",\"name\":\"Quotidien La Sentinelle\",\"url\":\"https:\\\/\\\/lasentinelle.dz\\\/\",\"logo\":{\"@type\":\"ImageObject\",\"inLanguage\":\"fr-FR\",\"@id\":\"https:\\\/\\\/lasentinelle.dz\\\/#\\\/schema\\\/logo\\\/image\\\/\",\"url\":\"https:\\\/\\\/lasentinelle.dz\\\/wp-content\\\/uploads\\\/2021\\\/09\\\/logo-sentinelleSLOGAN-1.png\",\"contentUrl\":\"https:\\\/\\\/lasentinelle.dz\\\/wp-content\\\/uploads\\\/2021\\\/09\\\/logo-sentinelleSLOGAN-1.png\",\"width\":615,\"height\":142,\"caption\":\"Quotidien La Sentinelle\"},\"image\":{\"@id\":\"https:\\\/\\\/lasentinelle.dz\\\/#\\\/schema\\\/logo\\\/image\\\/\"},\"sameAs\":[\"https:\\\/\\\/www.facebook.com\\\/La-Sentinelle-104059864394773\"]},{\"@type\":\"Person\",\"@id\":\"https:\\\/\\\/lasentinelle.dz\\\/#\\\/schema\\\/person\\\/729ee0024f24e0b8c5ec17232f8e8b41\",\"name\":\"admin\",\"image\":{\"@type\":\"ImageObject\",\"inLanguage\":\"fr-FR\",\"@id\":\"https:\\\/\\\/secure.gravatar.com\\\/avatar\\\/4c81fed838786e9b53f540bf46533e750f5d292099ae3b66cfc6fb1982e29df7?s=96&d=mm&r=g\",\"url\":\"https:\\\/\\\/secure.gravatar.com\\\/avatar\\\/4c81fed838786e9b53f540bf46533e750f5d292099ae3b66cfc6fb1982e29df7?s=96&d=mm&r=g\",\"contentUrl\":\"https:\\\/\\\/secure.gravatar.com\\\/avatar\\\/4c81fed838786e9b53f540bf46533e750f5d292099ae3b66cfc6fb1982e29df7?s=96&d=mm&r=g\",\"caption\":\"admin\"},\"description\":\"admin\",\"url\":\"https:\\\/\\\/lasentinelle.dz\\\/author\\\/admin\\\/\"}]}<\/script>\n<!-- \/ Yoast SEO plugin. -->","yoast_head_json":{"title":"Sahara occidental\u00a0:\u00a0Le Maroc manque de volont\u00e9 politique pour r\u00e9soudre le conflit\u00a0 - La Sentinelle","robots":{"index":"index","follow":"follow","max-snippet":"max-snippet:-1","max-image-preview":"max-image-preview:large","max-video-preview":"max-video-preview:-1"},"canonical":"https:\/\/lasentinelle.dz\/index.php\/2025\/07\/23\/sahara-occidental-le-maroc-manque-de-volonte-politique-pour-resoudre-le-conflit\/","og_locale":"fr_FR","og_type":"article","og_title":"Sahara occidental\u00a0:\u00a0Le Maroc manque de volont\u00e9 politique pour r\u00e9soudre le conflit\u00a0 - La Sentinelle","og_description":"Le ministre sahraoui des Affaires \u00e9trang\u00e8res et des Affaires africaines, Mohamed Yeslem Beissat, a\u00a0d\u00e9nonc\u00e9\u00a0mardi l&rsquo;attitude du\u00a0Maroc\u00a0qui\u00a0manque de \u00ab volont\u00e9 politique","og_url":"https:\/\/lasentinelle.dz\/index.php\/2025\/07\/23\/sahara-occidental-le-maroc-manque-de-volonte-politique-pour-resoudre-le-conflit\/","og_site_name":"La Sentinelle","article_publisher":"https:\/\/www.facebook.com\/La-Sentinelle-104059864394773","article_published_time":"2025-07-23T11:29:12+00:00","article_modified_time":"2025-07-23T11:51:27+00:00","og_image":[{"width":900,"height":675,"url":"https:\/\/lasentinelle.dz\/wp-content\/uploads\/2025\/07\/ministre-sahraoui.jpeg","type":"image\/jpeg"}],"author":"admin","twitter_card":"summary_large_image","twitter_misc":{"\u00c9crit par":"admin","Dur\u00e9e de lecture estim\u00e9e":"5 minutes"},"schema":{"@context":"https:\/\/schema.org","@graph":[{"@type":"Article","@id":"https:\/\/lasentinelle.dz\/index.php\/2025\/07\/23\/sahara-occidental-le-maroc-manque-de-volonte-politique-pour-resoudre-le-conflit\/#article","isPartOf":{"@id":"https:\/\/lasentinelle.dz\/index.php\/2025\/07\/23\/sahara-occidental-le-maroc-manque-de-volonte-politique-pour-resoudre-le-conflit\/"},"author":{"name":"admin","@id":"https:\/\/lasentinelle.dz\/#\/schema\/person\/729ee0024f24e0b8c5ec17232f8e8b41"},"headline":"Sahara occidental\u00a0:\u00a0Le Maroc manque de volont\u00e9 politique pour r\u00e9soudre le conflit\u00a0","datePublished":"2025-07-23T11:29:12+00:00","dateModified":"2025-07-23T11:51:27+00:00","mainEntityOfPage":{"@id":"https:\/\/lasentinelle.dz\/index.php\/2025\/07\/23\/sahara-occidental-le-maroc-manque-de-volonte-politique-pour-resoudre-le-conflit\/"},"wordCount":962,"commentCount":0,"publisher":{"@id":"https:\/\/lasentinelle.dz\/#organization"},"image":{"@id":"https:\/\/lasentinelle.dz\/index.php\/2025\/07\/23\/sahara-occidental-le-maroc-manque-de-volonte-politique-pour-resoudre-le-conflit\/#primaryimage"},"thumbnailUrl":"https:\/\/lasentinelle.dz\/wp-content\/uploads\/2025\/07\/ministre-sahraoui.jpeg","articleSection":["Monde"],"inLanguage":"fr-FR","potentialAction":[{"@type":"CommentAction","name":"Comment","target":["https:\/\/lasentinelle.dz\/index.php\/2025\/07\/23\/sahara-occidental-le-maroc-manque-de-volonte-politique-pour-resoudre-le-conflit\/#respond"]}]},{"@type":"WebPage","@id":"https:\/\/lasentinelle.dz\/index.php\/2025\/07\/23\/sahara-occidental-le-maroc-manque-de-volonte-politique-pour-resoudre-le-conflit\/","url":"https:\/\/lasentinelle.dz\/index.php\/2025\/07\/23\/sahara-occidental-le-maroc-manque-de-volonte-politique-pour-resoudre-le-conflit\/","name":"Sahara occidental\u00a0:\u00a0Le Maroc manque de volont\u00e9 politique pour r\u00e9soudre le conflit\u00a0 - La Sentinelle","isPartOf":{"@id":"https:\/\/lasentinelle.dz\/#website"},"primaryImageOfPage":{"@id":"https:\/\/lasentinelle.dz\/index.php\/2025\/07\/23\/sahara-occidental-le-maroc-manque-de-volonte-politique-pour-resoudre-le-conflit\/#primaryimage"},"image":{"@id":"https:\/\/lasentinelle.dz\/index.php\/2025\/07\/23\/sahara-occidental-le-maroc-manque-de-volonte-politique-pour-resoudre-le-conflit\/#primaryimage"},"thumbnailUrl":"https:\/\/lasentinelle.dz\/wp-content\/uploads\/2025\/07\/ministre-sahraoui.jpeg","datePublished":"2025-07-23T11:29:12+00:00","dateModified":"2025-07-23T11:51:27+00:00","breadcrumb":{"@id":"https:\/\/lasentinelle.dz\/index.php\/2025\/07\/23\/sahara-occidental-le-maroc-manque-de-volonte-politique-pour-resoudre-le-conflit\/#breadcrumb"},"inLanguage":"fr-FR","potentialAction":[{"@type":"ReadAction","target":["https:\/\/lasentinelle.dz\/index.php\/2025\/07\/23\/sahara-occidental-le-maroc-manque-de-volonte-politique-pour-resoudre-le-conflit\/"]}]},{"@type":"ImageObject","inLanguage":"fr-FR","@id":"https:\/\/lasentinelle.dz\/index.php\/2025\/07\/23\/sahara-occidental-le-maroc-manque-de-volonte-politique-pour-resoudre-le-conflit\/#primaryimage","url":"https:\/\/lasentinelle.dz\/wp-content\/uploads\/2025\/07\/ministre-sahraoui.jpeg","contentUrl":"https:\/\/lasentinelle.dz\/wp-content\/uploads\/2025\/07\/ministre-sahraoui.jpeg","width":900,"height":675},{"@type":"BreadcrumbList","@id":"https:\/\/lasentinelle.dz\/index.php\/2025\/07\/23\/sahara-occidental-le-maroc-manque-de-volonte-politique-pour-resoudre-le-conflit\/#breadcrumb","itemListElement":[{"@type":"ListItem","position":1,"name":"Accueil","item":"https:\/\/lasentinelle.dz\/"},{"@type":"ListItem","position":2,"name":"Sahara occidental\u00a0:\u00a0Le Maroc manque de volont\u00e9 politique pour r\u00e9soudre le conflit\u00a0"}]},{"@type":"WebSite","@id":"https:\/\/lasentinelle.dz\/#website","url":"https:\/\/lasentinelle.dz\/","name":"La Sentinelle","description":"Quotidien national d&#039;information","publisher":{"@id":"https:\/\/lasentinelle.dz\/#organization"},"potentialAction":[{"@type":"SearchAction","target":{"@type":"EntryPoint","urlTemplate":"https:\/\/lasentinelle.dz\/?s={search_term_string}"},"query-input":{"@type":"PropertyValueSpecification","valueRequired":true,"valueName":"search_term_string"}}],"inLanguage":"fr-FR"},{"@type":"Organization","@id":"https:\/\/lasentinelle.dz\/#organization","name":"Quotidien La Sentinelle","url":"https:\/\/lasentinelle.dz\/","logo":{"@type":"ImageObject","inLanguage":"fr-FR","@id":"https:\/\/lasentinelle.dz\/#\/schema\/logo\/image\/","url":"https:\/\/lasentinelle.dz\/wp-content\/uploads\/2021\/09\/logo-sentinelleSLOGAN-1.png","contentUrl":"https:\/\/lasentinelle.dz\/wp-content\/uploads\/2021\/09\/logo-sentinelleSLOGAN-1.png","width":615,"height":142,"caption":"Quotidien La Sentinelle"},"image":{"@id":"https:\/\/lasentinelle.dz\/#\/schema\/logo\/image\/"},"sameAs":["https:\/\/www.facebook.com\/La-Sentinelle-104059864394773"]},{"@type":"Person","@id":"https:\/\/lasentinelle.dz\/#\/schema\/person\/729ee0024f24e0b8c5ec17232f8e8b41","name":"admin","image":{"@type":"ImageObject","inLanguage":"fr-FR","@id":"https:\/\/secure.gravatar.com\/avatar\/4c81fed838786e9b53f540bf46533e750f5d292099ae3b66cfc6fb1982e29df7?s=96&d=mm&r=g","url":"https:\/\/secure.gravatar.com\/avatar\/4c81fed838786e9b53f540bf46533e750f5d292099ae3b66cfc6fb1982e29df7?s=96&d=mm&r=g","contentUrl":"https:\/\/secure.gravatar.com\/avatar\/4c81fed838786e9b53f540bf46533e750f5d292099ae3b66cfc6fb1982e29df7?s=96&d=mm&r=g","caption":"admin"},"description":"admin","url":"https:\/\/lasentinelle.dz\/author\/admin\/"}]}},"_links":{"self":[{"href":"https:\/\/lasentinelle.dz\/index.php\/wp-json\/wp\/v2\/posts\/70776","targetHints":{"allow":["GET"]}}],"collection":[{"href":"https:\/\/lasentinelle.dz\/index.php\/wp-json\/wp\/v2\/posts"}],"about":[{"href":"https:\/\/lasentinelle.dz\/index.php\/wp-json\/wp\/v2\/types\/post"}],"author":[{"embeddable":true,"href":"https:\/\/lasentinelle.dz\/index.php\/wp-json\/wp\/v2\/users\/6"}],"replies":[{"embeddable":true,"href":"https:\/\/lasentinelle.dz\/index.php\/wp-json\/wp\/v2\/comments?post=70776"}],"version-history":[{"count":2,"href":"https:\/\/lasentinelle.dz\/index.php\/wp-json\/wp\/v2\/posts\/70776\/revisions"}],"predecessor-version":[{"id":70840,"href":"https:\/\/lasentinelle.dz\/index.php\/wp-json\/wp\/v2\/posts\/70776\/revisions\/70840"}],"wp:featuredmedia":[{"embeddable":true,"href":"https:\/\/lasentinelle.dz\/index.php\/wp-json\/wp\/v2\/media\/70838"}],"wp:attachment":[{"href":"https:\/\/lasentinelle.dz\/index.php\/wp-json\/wp\/v2\/media?parent=70776"}],"wp:term":[{"taxonomy":"category","embeddable":true,"href":"https:\/\/lasentinelle.dz\/index.php\/wp-json\/wp\/v2\/categories?post=70776"},{"taxonomy":"post_tag","embeddable":true,"href":"https:\/\/lasentinelle.dz\/index.php\/wp-json\/wp\/v2\/tags?post=70776"}],"curies":[{"name":"wp","href":"https:\/\/api.w.org\/{rel}","templated":true}]}}