{"id":70779,"date":"2025-07-23T12:30:08","date_gmt":"2025-07-23T11:30:08","guid":{"rendered":"https:\/\/lasentinelle.dz\/?p=70779"},"modified":"2025-07-23T12:30:09","modified_gmt":"2025-07-23T11:30:09","slug":"ghaza-pire-genocide-de-lhistoire","status":"publish","type":"post","link":"https:\/\/lasentinelle.dz\/index.php\/2025\/07\/23\/ghaza-pire-genocide-de-lhistoire\/","title":{"rendered":"Ghaza: Pire g\u00e9nocide de l&rsquo;Histoire !"},"content":{"rendered":"\n<p>\u00c0 Ghaza, la famine a atteint des niveaux si dramatiques que les m\u00e9decins, les journalistes et les travailleurs humanitaires s&rsquo;effondrent litt\u00e9ralement dans l&rsquo;exercice de leurs fonctions.&nbsp;<\/p>\n\n\n\n<p>Cette r\u00e9alit\u00e9 gla\u00e7ante, rapport\u00e9e par Philippe Lazzarini, commissaire g\u00e9n\u00e9ral de l&rsquo;UNRWA, illustre l&rsquo;ampleur d&rsquo;une trag\u00e9die humanitaire sans pr\u00e9c\u00e9dent qui frappe l&rsquo;enclave palestinienne depuis plus de vingt mois.&nbsp;\u00ab\u00a0Personne n&rsquo;est \u00e9pargn\u00e9 : les personnes qui s&rsquo;occupent des enfants \u00e0 Ghaza ont \u00e9galement besoin de soins. Les m\u00e9decins, les infirmi\u00e8res, les journalistes et les humanitaires ont faim\u00a0\u00bb, a d\u00e9clar\u00e9 Lazzarini lors d&rsquo;un point de presse \u00e0 Gen\u00e8ve. \u00ab\u00a0Nombreux sont ceux qui s&rsquo;\u00e9vanouissent \u00e0 cause de la faim et de l&rsquo;\u00e9puisement dans l&rsquo;exercice de leurs fonctions, qu&rsquo;il s&rsquo;agisse de rapporter les atrocit\u00e9s ou d&rsquo;all\u00e9ger les souffrances.\u00a0\u00bb Ce t\u00e9moignage bouleversant r\u00e9v\u00e8le que m\u00eame ceux qui tentent de sauver des vies ou d&rsquo;informer le monde sur cette catastrophe humanitaire sont eux-m\u00eames victimes de la politique de famine d\u00e9lib\u00e9r\u00e9ment orchestr\u00e9e par l&rsquo;occupation sioniste.<\/p>\n\n\n\n<p>L&rsquo;ambassadeur de Palestine en Alg\u00e9rie, Fayez Abu Aita, n&rsquo;h\u00e9site pas \u00e0 qualifier la situation de \u00ab\u00a0pire g\u00e9nocide de l&rsquo;histoire\u00a0\u00bb, soulignant que \u00ab\u00a0la famine est devenue une nouvelle arme utilis\u00e9e par l&rsquo;occupant pour traquer les enfants, les femmes et les personnes \u00e2g\u00e9es en Palestine\u00a0\u00bb. Cette arme de destruction massive frappe avec une efficacit\u00e9 terrifiante : selon le Programme alimentaire mondial, un tiers de la population Ghazaouite n&rsquo;a pas mang\u00e9 depuis plusieurs jours d&rsquo;affil\u00e9e, tandis qu&rsquo;un quart des habitants fait face \u00e0 des conditions proches de la famine. Plus de 100.000 femmes et enfants souffrent d\u00e9sormais de malnutrition aigu\u00eb, chiffres qui t\u00e9moignent d&rsquo;une crise alimentaire atteignant \u00ab\u00a0des niveaux de d\u00e9sespoir sans pr\u00e9c\u00e9dent\u00a0\u00bb, selon Ross Smith, directeur de la pr\u00e9paration et de la r\u00e9ponse aux urgences au PAM.&nbsp;La strat\u00e9gie g\u00e9nocidaire de l&rsquo;occupation ne se contente pas d&rsquo;affamer la population : elle transforme l&rsquo;aide humanitaire en pi\u00e8ge mortel. Le soi-disant programme de distribution de la Fondation humanitaire de Ghaza constitue,&nbsp;rappelle&nbsp;Lazzarini, \u00ab\u00a0un pi\u00e8ge sadique\u00a0\u00bb o\u00f9 \u00ab\u00a0les tireurs d&rsquo;\u00e9lite ouvrent le feu au hasard sur les foules, comme s&rsquo;ils avaient un permis de tuer\u00a0\u00bb. Depuis l&rsquo;ouverture de ces pr\u00e9tendus centres d&rsquo;aide il y a pr\u00e8s de deux mois, 1.000 Palestiniens ont \u00e9t\u00e9 tu\u00e9s par balles r\u00e9elles et attaques directes selon l&rsquo;ambassadeur palestinien. Dimanche encore, plus d&rsquo;une centaine de personnes ont trouv\u00e9 la mort dans la r\u00e9gion de Zikim, \u00e0 la fronti\u00e8re de Beit Lahia, alors qu&rsquo;elles attendaient simplement un sac de farine pour nourrir leurs enfants.<\/p>\n\n\n\n<p>Cette instrumentalisation cynique de l&rsquo;aide humanitaire s&rsquo;inscrit dans une politique d&rsquo;extermination syst\u00e9matique qui a d\u00e9j\u00e0 caus\u00e9 plus de 200.000 morts et bless\u00e9s selon les autorit\u00e9s&nbsp;sanitaires&nbsp;palestiniennes, dont 59.106 martyrs et 142.511 bless\u00e9s selon le dernier bilan officiel. Chaque jour apporte son lot d&rsquo;horreurs nouvelles : mardi encore, 25 Palestiniens sont tomb\u00e9s en martyrs, dont 23 alors qu&rsquo;ils attendaient des distributions d&rsquo;aide alimentaire. L&rsquo;aube de cette m\u00eame journ\u00e9e a \u00e9t\u00e9 marqu\u00e9e par un massacre dans le camp de r\u00e9fugi\u00e9s d&rsquo;Al-Shati, o\u00f9 le bombardement de tentes abritant des d\u00e9plac\u00e9s a fait 16 victimes, dont des enfants et des femmes.<\/p>\n\n\n\n<p>L&rsquo;occupation sioniste d\u00e9ploie \u00e9galement une strat\u00e9gie d&rsquo;\u00e9touffement informationnel pour dissimuler ses crimes. Depuis le 7 octobre 2023,&nbsp;l&rsquo;entit\u00e9 sioniste&nbsp;interdit \u00e0 tous les journalistes internationaux d&rsquo;entrer dans la bande de Ghaza, tandis qu&rsquo;elle cible d\u00e9lib\u00e9r\u00e9ment les reporters palestiniens sur le terrain. L&rsquo;agence France Presse a lanc\u00e9 un cri d&rsquo;alarme sans pr\u00e9c\u00e9dent, sa soci\u00e9t\u00e9 de journalistes affirmant que \u00ab\u00a0depuis que l&rsquo;AFP a \u00e9t\u00e9 fond\u00e9e en ao\u00fbt 1944, nous avons perdu des journalistes dans des conflits, nous avons eu des bless\u00e9s et des prisonniers dans nos rangs, mais aucun de nous n&rsquo;a le souvenir d&rsquo;avoir vu un collaborateur mourir de faim\u00a0\u00bb. L&rsquo;agence pr\u00e9vient que \u00ab\u00a0sans intervention imm\u00e9diate, les derniers reporters de Ghaza vont mourir\u00a0\u00bb.&nbsp;Cette indignation internationale tarde pourtant \u00e0 se traduire en actions concr\u00e8tes face \u00e0 une machine de guerre qui s&rsquo;attaque m\u00eame aux infrastructures humanitaires. L&rsquo;Organisation mondiale de la sant\u00e9 a d\u00e9nonc\u00e9 lundi les attaques sionistes contre la r\u00e9sidence de son personnel et son principal entrep\u00f4t \u00e0 Deir el-Balah. Tedros Adhanom Ghebreyesus, chef de l&rsquo;OMS, a r\u00e9v\u00e9l\u00e9 que des forces sionistes \u00ab\u00a0sont entr\u00e9es dans les locaux, for\u00e7ant des femmes et des enfants \u00e0 \u00e9vacuer les lieux \u00e0 pied\u00a0\u00bb tandis que \u00ab\u00a0le personnel masculin et des membres de leur famille ont \u00e9t\u00e9 menott\u00e9s, d\u00e9shabill\u00e9s, interrog\u00e9s sur place et contr\u00f4l\u00e9s sous la menace d&rsquo;une arme\u00a0\u00bb.<\/p>\n\n\n\n<p>Face \u00e0 cette barbarie, l&rsquo;ambassadeur Abu Aita interpelle directement \u00ab\u00a0la conscience humaine\u00a0\u00bb en posant cette question d\u00e9chirante : \u00ab\u00a0qui pourrait supporter une telle vie pendant des mois, voire quelques jours, alors que les habitants de Ghaza y sont contraints depuis des ann\u00e9es ?\u00a0\u00bb. Cette interrogation r\u00e9sonne comme un appel urgent \u00e0 l&rsquo;action internationale pour mettre fin \u00e0 ce que les autorit\u00e9s palestiniennes qualifient de \u00ab\u00a0violation flagrante de la morale, des chartes et des us internationaux\u00a0\u00bb. Car \u00e0 Ghaza, chaque jour qui passe voit des \u00eatres humains s&rsquo;effondrer litt\u00e9ralement sous le poids d&rsquo;un g\u00e9nocide programm\u00e9, orchestr\u00e9 avec une cruaut\u00e9 m\u00e9thodique qui d\u00e9fie l&rsquo;entendement humain.<\/p>\n\n\n\n<p>Lyes Sa\u00efdi<\/p>\n","protected":false},"excerpt":{"rendered":"<p>\u00c0 Ghaza, la famine a atteint des niveaux si dramatiques que les m\u00e9decins, les journalistes et les travailleurs humanitaires s&rsquo;effondrent<\/p>\n","protected":false},"author":6,"featured_media":70780,"comment_status":"open","ping_status":"closed","sticky":false,"template":"","format":"standard","meta":{"colormag_page_container_layout":"default_layout","colormag_page_sidebar_layout":"default_layout","om_disable_all_campaigns":false,"_monsterinsights_skip_tracking":false,"_monsterinsights_sitenote_active":false,"_monsterinsights_sitenote_note":"","_monsterinsights_sitenote_category":0,"footnotes":"","_wpscppro_dont_share_socialmedia":false,"_wpscppro_custom_social_share_image":0,"_facebook_share_type":"default","_twitter_share_type":"default","_linkedin_share_type":"default","_pinterest_share_type":"default","_linkedin_share_type_page":"","_instagram_share_type":"default","_medium_share_type":"default","_threads_share_type":"","_google_business_share_type":"","_selected_social_profile":[],"_wpsp_enable_custom_social_template":false,"_wpsp_social_scheduling":{"enabled":false,"datetime":null,"platforms":[],"status":"template_only","dateOption":"today","timeOption":"now","customDays":"","customHours":"","customDate":"","customTime":"","schedulingType":"absolute"},"_wpsp_active_default_template":true},"categories":[52,37],"tags":[],"class_list":["post-70779","post","type-post","status-publish","format-standard","has-post-thumbnail","hentry","category-a-la-une","category-monde"],"aioseo_notices":[],"yoast_head":"<!-- This site is optimized with the Yoast SEO plugin v27.5 - https:\/\/yoast.com\/product\/yoast-seo-wordpress\/ -->\n<title>Ghaza: Pire g\u00e9nocide de l&rsquo;Histoire ! - La Sentinelle<\/title>\n<meta name=\"robots\" content=\"index, follow, max-snippet:-1, max-image-preview:large, max-video-preview:-1\" \/>\n<link rel=\"canonical\" href=\"https:\/\/lasentinelle.dz\/index.php\/2025\/07\/23\/ghaza-pire-genocide-de-lhistoire\/\" \/>\n<meta property=\"og:locale\" content=\"fr_FR\" \/>\n<meta property=\"og:type\" content=\"article\" \/>\n<meta property=\"og:title\" content=\"Ghaza: Pire g\u00e9nocide de l&rsquo;Histoire ! - La Sentinelle\" \/>\n<meta property=\"og:description\" content=\"\u00c0 Ghaza, la famine a atteint des niveaux si dramatiques que les m\u00e9decins, les journalistes et les travailleurs humanitaires s&rsquo;effondrent\" \/>\n<meta property=\"og:url\" content=\"https:\/\/lasentinelle.dz\/index.php\/2025\/07\/23\/ghaza-pire-genocide-de-lhistoire\/\" \/>\n<meta property=\"og:site_name\" content=\"La Sentinelle\" \/>\n<meta property=\"article:publisher\" content=\"https:\/\/www.facebook.com\/La-Sentinelle-104059864394773\" \/>\n<meta property=\"article:published_time\" content=\"2025-07-23T11:30:08+00:00\" \/>\n<meta property=\"article:modified_time\" content=\"2025-07-23T11:30:09+00:00\" \/>\n<meta property=\"og:image\" content=\"https:\/\/lasentinelle.dz\/wp-content\/uploads\/2025\/07\/famine.webp\" \/>\n\t<meta property=\"og:image:width\" content=\"946\" \/>\n\t<meta property=\"og:image:height\" content=\"631\" \/>\n\t<meta property=\"og:image:type\" content=\"image\/webp\" \/>\n<meta name=\"author\" content=\"admin\" \/>\n<meta name=\"twitter:card\" content=\"summary_large_image\" \/>\n<meta name=\"twitter:label1\" content=\"\u00c9crit par\" \/>\n\t<meta name=\"twitter:data1\" content=\"admin\" \/>\n\t<meta name=\"twitter:label2\" content=\"Dur\u00e9e de lecture estim\u00e9e\" \/>\n\t<meta name=\"twitter:data2\" content=\"5 minutes\" \/>\n<script type=\"application\/ld+json\" class=\"yoast-schema-graph\">{\"@context\":\"https:\\\/\\\/schema.org\",\"@graph\":[{\"@type\":\"Article\",\"@id\":\"https:\\\/\\\/lasentinelle.dz\\\/index.php\\\/2025\\\/07\\\/23\\\/ghaza-pire-genocide-de-lhistoire\\\/#article\",\"isPartOf\":{\"@id\":\"https:\\\/\\\/lasentinelle.dz\\\/index.php\\\/2025\\\/07\\\/23\\\/ghaza-pire-genocide-de-lhistoire\\\/\"},\"author\":{\"name\":\"admin\",\"@id\":\"https:\\\/\\\/lasentinelle.dz\\\/#\\\/schema\\\/person\\\/729ee0024f24e0b8c5ec17232f8e8b41\"},\"headline\":\"Ghaza: Pire g\u00e9nocide de l&rsquo;Histoire !\",\"datePublished\":\"2025-07-23T11:30:08+00:00\",\"dateModified\":\"2025-07-23T11:30:09+00:00\",\"mainEntityOfPage\":{\"@id\":\"https:\\\/\\\/lasentinelle.dz\\\/index.php\\\/2025\\\/07\\\/23\\\/ghaza-pire-genocide-de-lhistoire\\\/\"},\"wordCount\":957,\"commentCount\":0,\"publisher\":{\"@id\":\"https:\\\/\\\/lasentinelle.dz\\\/#organization\"},\"image\":{\"@id\":\"https:\\\/\\\/lasentinelle.dz\\\/index.php\\\/2025\\\/07\\\/23\\\/ghaza-pire-genocide-de-lhistoire\\\/#primaryimage\"},\"thumbnailUrl\":\"https:\\\/\\\/lasentinelle.dz\\\/wp-content\\\/uploads\\\/2025\\\/07\\\/famine.webp\",\"articleSection\":[\"\u00c0 la Une\",\"Monde\"],\"inLanguage\":\"fr-FR\",\"potentialAction\":[{\"@type\":\"CommentAction\",\"name\":\"Comment\",\"target\":[\"https:\\\/\\\/lasentinelle.dz\\\/index.php\\\/2025\\\/07\\\/23\\\/ghaza-pire-genocide-de-lhistoire\\\/#respond\"]}]},{\"@type\":\"WebPage\",\"@id\":\"https:\\\/\\\/lasentinelle.dz\\\/index.php\\\/2025\\\/07\\\/23\\\/ghaza-pire-genocide-de-lhistoire\\\/\",\"url\":\"https:\\\/\\\/lasentinelle.dz\\\/index.php\\\/2025\\\/07\\\/23\\\/ghaza-pire-genocide-de-lhistoire\\\/\",\"name\":\"Ghaza: Pire g\u00e9nocide de l&rsquo;Histoire ! - La Sentinelle\",\"isPartOf\":{\"@id\":\"https:\\\/\\\/lasentinelle.dz\\\/#website\"},\"primaryImageOfPage\":{\"@id\":\"https:\\\/\\\/lasentinelle.dz\\\/index.php\\\/2025\\\/07\\\/23\\\/ghaza-pire-genocide-de-lhistoire\\\/#primaryimage\"},\"image\":{\"@id\":\"https:\\\/\\\/lasentinelle.dz\\\/index.php\\\/2025\\\/07\\\/23\\\/ghaza-pire-genocide-de-lhistoire\\\/#primaryimage\"},\"thumbnailUrl\":\"https:\\\/\\\/lasentinelle.dz\\\/wp-content\\\/uploads\\\/2025\\\/07\\\/famine.webp\",\"datePublished\":\"2025-07-23T11:30:08+00:00\",\"dateModified\":\"2025-07-23T11:30:09+00:00\",\"breadcrumb\":{\"@id\":\"https:\\\/\\\/lasentinelle.dz\\\/index.php\\\/2025\\\/07\\\/23\\\/ghaza-pire-genocide-de-lhistoire\\\/#breadcrumb\"},\"inLanguage\":\"fr-FR\",\"potentialAction\":[{\"@type\":\"ReadAction\",\"target\":[\"https:\\\/\\\/lasentinelle.dz\\\/index.php\\\/2025\\\/07\\\/23\\\/ghaza-pire-genocide-de-lhistoire\\\/\"]}]},{\"@type\":\"ImageObject\",\"inLanguage\":\"fr-FR\",\"@id\":\"https:\\\/\\\/lasentinelle.dz\\\/index.php\\\/2025\\\/07\\\/23\\\/ghaza-pire-genocide-de-lhistoire\\\/#primaryimage\",\"url\":\"https:\\\/\\\/lasentinelle.dz\\\/wp-content\\\/uploads\\\/2025\\\/07\\\/famine.webp\",\"contentUrl\":\"https:\\\/\\\/lasentinelle.dz\\\/wp-content\\\/uploads\\\/2025\\\/07\\\/famine.webp\",\"width\":946,\"height\":631},{\"@type\":\"BreadcrumbList\",\"@id\":\"https:\\\/\\\/lasentinelle.dz\\\/index.php\\\/2025\\\/07\\\/23\\\/ghaza-pire-genocide-de-lhistoire\\\/#breadcrumb\",\"itemListElement\":[{\"@type\":\"ListItem\",\"position\":1,\"name\":\"Accueil\",\"item\":\"https:\\\/\\\/lasentinelle.dz\\\/\"},{\"@type\":\"ListItem\",\"position\":2,\"name\":\"Ghaza: Pire g\u00e9nocide de l&rsquo;Histoire !\"}]},{\"@type\":\"WebSite\",\"@id\":\"https:\\\/\\\/lasentinelle.dz\\\/#website\",\"url\":\"https:\\\/\\\/lasentinelle.dz\\\/\",\"name\":\"La Sentinelle\",\"description\":\"Quotidien national d&#039;information\",\"publisher\":{\"@id\":\"https:\\\/\\\/lasentinelle.dz\\\/#organization\"},\"potentialAction\":[{\"@type\":\"SearchAction\",\"target\":{\"@type\":\"EntryPoint\",\"urlTemplate\":\"https:\\\/\\\/lasentinelle.dz\\\/?s={search_term_string}\"},\"query-input\":{\"@type\":\"PropertyValueSpecification\",\"valueRequired\":true,\"valueName\":\"search_term_string\"}}],\"inLanguage\":\"fr-FR\"},{\"@type\":\"Organization\",\"@id\":\"https:\\\/\\\/lasentinelle.dz\\\/#organization\",\"name\":\"Quotidien La Sentinelle\",\"url\":\"https:\\\/\\\/lasentinelle.dz\\\/\",\"logo\":{\"@type\":\"ImageObject\",\"inLanguage\":\"fr-FR\",\"@id\":\"https:\\\/\\\/lasentinelle.dz\\\/#\\\/schema\\\/logo\\\/image\\\/\",\"url\":\"https:\\\/\\\/lasentinelle.dz\\\/wp-content\\\/uploads\\\/2021\\\/09\\\/logo-sentinelleSLOGAN-1.png\",\"contentUrl\":\"https:\\\/\\\/lasentinelle.dz\\\/wp-content\\\/uploads\\\/2021\\\/09\\\/logo-sentinelleSLOGAN-1.png\",\"width\":615,\"height\":142,\"caption\":\"Quotidien La Sentinelle\"},\"image\":{\"@id\":\"https:\\\/\\\/lasentinelle.dz\\\/#\\\/schema\\\/logo\\\/image\\\/\"},\"sameAs\":[\"https:\\\/\\\/www.facebook.com\\\/La-Sentinelle-104059864394773\"]},{\"@type\":\"Person\",\"@id\":\"https:\\\/\\\/lasentinelle.dz\\\/#\\\/schema\\\/person\\\/729ee0024f24e0b8c5ec17232f8e8b41\",\"name\":\"admin\",\"image\":{\"@type\":\"ImageObject\",\"inLanguage\":\"fr-FR\",\"@id\":\"https:\\\/\\\/secure.gravatar.com\\\/avatar\\\/4c81fed838786e9b53f540bf46533e750f5d292099ae3b66cfc6fb1982e29df7?s=96&d=mm&r=g\",\"url\":\"https:\\\/\\\/secure.gravatar.com\\\/avatar\\\/4c81fed838786e9b53f540bf46533e750f5d292099ae3b66cfc6fb1982e29df7?s=96&d=mm&r=g\",\"contentUrl\":\"https:\\\/\\\/secure.gravatar.com\\\/avatar\\\/4c81fed838786e9b53f540bf46533e750f5d292099ae3b66cfc6fb1982e29df7?s=96&d=mm&r=g\",\"caption\":\"admin\"},\"description\":\"admin\",\"url\":\"https:\\\/\\\/lasentinelle.dz\\\/author\\\/admin\\\/\"}]}<\/script>\n<!-- \/ Yoast SEO plugin. -->","yoast_head_json":{"title":"Ghaza: Pire g\u00e9nocide de l&rsquo;Histoire ! - La Sentinelle","robots":{"index":"index","follow":"follow","max-snippet":"max-snippet:-1","max-image-preview":"max-image-preview:large","max-video-preview":"max-video-preview:-1"},"canonical":"https:\/\/lasentinelle.dz\/index.php\/2025\/07\/23\/ghaza-pire-genocide-de-lhistoire\/","og_locale":"fr_FR","og_type":"article","og_title":"Ghaza: Pire g\u00e9nocide de l&rsquo;Histoire ! - La Sentinelle","og_description":"\u00c0 Ghaza, la famine a atteint des niveaux si dramatiques que les m\u00e9decins, les journalistes et les travailleurs humanitaires s&rsquo;effondrent","og_url":"https:\/\/lasentinelle.dz\/index.php\/2025\/07\/23\/ghaza-pire-genocide-de-lhistoire\/","og_site_name":"La Sentinelle","article_publisher":"https:\/\/www.facebook.com\/La-Sentinelle-104059864394773","article_published_time":"2025-07-23T11:30:08+00:00","article_modified_time":"2025-07-23T11:30:09+00:00","og_image":[{"width":946,"height":631,"url":"https:\/\/lasentinelle.dz\/wp-content\/uploads\/2025\/07\/famine.webp","type":"image\/webp"}],"author":"admin","twitter_card":"summary_large_image","twitter_misc":{"\u00c9crit par":"admin","Dur\u00e9e de lecture estim\u00e9e":"5 minutes"},"schema":{"@context":"https:\/\/schema.org","@graph":[{"@type":"Article","@id":"https:\/\/lasentinelle.dz\/index.php\/2025\/07\/23\/ghaza-pire-genocide-de-lhistoire\/#article","isPartOf":{"@id":"https:\/\/lasentinelle.dz\/index.php\/2025\/07\/23\/ghaza-pire-genocide-de-lhistoire\/"},"author":{"name":"admin","@id":"https:\/\/lasentinelle.dz\/#\/schema\/person\/729ee0024f24e0b8c5ec17232f8e8b41"},"headline":"Ghaza: Pire g\u00e9nocide de l&rsquo;Histoire !","datePublished":"2025-07-23T11:30:08+00:00","dateModified":"2025-07-23T11:30:09+00:00","mainEntityOfPage":{"@id":"https:\/\/lasentinelle.dz\/index.php\/2025\/07\/23\/ghaza-pire-genocide-de-lhistoire\/"},"wordCount":957,"commentCount":0,"publisher":{"@id":"https:\/\/lasentinelle.dz\/#organization"},"image":{"@id":"https:\/\/lasentinelle.dz\/index.php\/2025\/07\/23\/ghaza-pire-genocide-de-lhistoire\/#primaryimage"},"thumbnailUrl":"https:\/\/lasentinelle.dz\/wp-content\/uploads\/2025\/07\/famine.webp","articleSection":["\u00c0 la Une","Monde"],"inLanguage":"fr-FR","potentialAction":[{"@type":"CommentAction","name":"Comment","target":["https:\/\/lasentinelle.dz\/index.php\/2025\/07\/23\/ghaza-pire-genocide-de-lhistoire\/#respond"]}]},{"@type":"WebPage","@id":"https:\/\/lasentinelle.dz\/index.php\/2025\/07\/23\/ghaza-pire-genocide-de-lhistoire\/","url":"https:\/\/lasentinelle.dz\/index.php\/2025\/07\/23\/ghaza-pire-genocide-de-lhistoire\/","name":"Ghaza: Pire g\u00e9nocide de l&rsquo;Histoire ! - La Sentinelle","isPartOf":{"@id":"https:\/\/lasentinelle.dz\/#website"},"primaryImageOfPage":{"@id":"https:\/\/lasentinelle.dz\/index.php\/2025\/07\/23\/ghaza-pire-genocide-de-lhistoire\/#primaryimage"},"image":{"@id":"https:\/\/lasentinelle.dz\/index.php\/2025\/07\/23\/ghaza-pire-genocide-de-lhistoire\/#primaryimage"},"thumbnailUrl":"https:\/\/lasentinelle.dz\/wp-content\/uploads\/2025\/07\/famine.webp","datePublished":"2025-07-23T11:30:08+00:00","dateModified":"2025-07-23T11:30:09+00:00","breadcrumb":{"@id":"https:\/\/lasentinelle.dz\/index.php\/2025\/07\/23\/ghaza-pire-genocide-de-lhistoire\/#breadcrumb"},"inLanguage":"fr-FR","potentialAction":[{"@type":"ReadAction","target":["https:\/\/lasentinelle.dz\/index.php\/2025\/07\/23\/ghaza-pire-genocide-de-lhistoire\/"]}]},{"@type":"ImageObject","inLanguage":"fr-FR","@id":"https:\/\/lasentinelle.dz\/index.php\/2025\/07\/23\/ghaza-pire-genocide-de-lhistoire\/#primaryimage","url":"https:\/\/lasentinelle.dz\/wp-content\/uploads\/2025\/07\/famine.webp","contentUrl":"https:\/\/lasentinelle.dz\/wp-content\/uploads\/2025\/07\/famine.webp","width":946,"height":631},{"@type":"BreadcrumbList","@id":"https:\/\/lasentinelle.dz\/index.php\/2025\/07\/23\/ghaza-pire-genocide-de-lhistoire\/#breadcrumb","itemListElement":[{"@type":"ListItem","position":1,"name":"Accueil","item":"https:\/\/lasentinelle.dz\/"},{"@type":"ListItem","position":2,"name":"Ghaza: Pire g\u00e9nocide de l&rsquo;Histoire !"}]},{"@type":"WebSite","@id":"https:\/\/lasentinelle.dz\/#website","url":"https:\/\/lasentinelle.dz\/","name":"La Sentinelle","description":"Quotidien national d&#039;information","publisher":{"@id":"https:\/\/lasentinelle.dz\/#organization"},"potentialAction":[{"@type":"SearchAction","target":{"@type":"EntryPoint","urlTemplate":"https:\/\/lasentinelle.dz\/?s={search_term_string}"},"query-input":{"@type":"PropertyValueSpecification","valueRequired":true,"valueName":"search_term_string"}}],"inLanguage":"fr-FR"},{"@type":"Organization","@id":"https:\/\/lasentinelle.dz\/#organization","name":"Quotidien La Sentinelle","url":"https:\/\/lasentinelle.dz\/","logo":{"@type":"ImageObject","inLanguage":"fr-FR","@id":"https:\/\/lasentinelle.dz\/#\/schema\/logo\/image\/","url":"https:\/\/lasentinelle.dz\/wp-content\/uploads\/2021\/09\/logo-sentinelleSLOGAN-1.png","contentUrl":"https:\/\/lasentinelle.dz\/wp-content\/uploads\/2021\/09\/logo-sentinelleSLOGAN-1.png","width":615,"height":142,"caption":"Quotidien La Sentinelle"},"image":{"@id":"https:\/\/lasentinelle.dz\/#\/schema\/logo\/image\/"},"sameAs":["https:\/\/www.facebook.com\/La-Sentinelle-104059864394773"]},{"@type":"Person","@id":"https:\/\/lasentinelle.dz\/#\/schema\/person\/729ee0024f24e0b8c5ec17232f8e8b41","name":"admin","image":{"@type":"ImageObject","inLanguage":"fr-FR","@id":"https:\/\/secure.gravatar.com\/avatar\/4c81fed838786e9b53f540bf46533e750f5d292099ae3b66cfc6fb1982e29df7?s=96&d=mm&r=g","url":"https:\/\/secure.gravatar.com\/avatar\/4c81fed838786e9b53f540bf46533e750f5d292099ae3b66cfc6fb1982e29df7?s=96&d=mm&r=g","contentUrl":"https:\/\/secure.gravatar.com\/avatar\/4c81fed838786e9b53f540bf46533e750f5d292099ae3b66cfc6fb1982e29df7?s=96&d=mm&r=g","caption":"admin"},"description":"admin","url":"https:\/\/lasentinelle.dz\/author\/admin\/"}]}},"_links":{"self":[{"href":"https:\/\/lasentinelle.dz\/index.php\/wp-json\/wp\/v2\/posts\/70779","targetHints":{"allow":["GET"]}}],"collection":[{"href":"https:\/\/lasentinelle.dz\/index.php\/wp-json\/wp\/v2\/posts"}],"about":[{"href":"https:\/\/lasentinelle.dz\/index.php\/wp-json\/wp\/v2\/types\/post"}],"author":[{"embeddable":true,"href":"https:\/\/lasentinelle.dz\/index.php\/wp-json\/wp\/v2\/users\/6"}],"replies":[{"embeddable":true,"href":"https:\/\/lasentinelle.dz\/index.php\/wp-json\/wp\/v2\/comments?post=70779"}],"version-history":[{"count":2,"href":"https:\/\/lasentinelle.dz\/index.php\/wp-json\/wp\/v2\/posts\/70779\/revisions"}],"predecessor-version":[{"id":70782,"href":"https:\/\/lasentinelle.dz\/index.php\/wp-json\/wp\/v2\/posts\/70779\/revisions\/70782"}],"wp:featuredmedia":[{"embeddable":true,"href":"https:\/\/lasentinelle.dz\/index.php\/wp-json\/wp\/v2\/media\/70780"}],"wp:attachment":[{"href":"https:\/\/lasentinelle.dz\/index.php\/wp-json\/wp\/v2\/media?parent=70779"}],"wp:term":[{"taxonomy":"category","embeddable":true,"href":"https:\/\/lasentinelle.dz\/index.php\/wp-json\/wp\/v2\/categories?post=70779"},{"taxonomy":"post_tag","embeddable":true,"href":"https:\/\/lasentinelle.dz\/index.php\/wp-json\/wp\/v2\/tags?post=70779"}],"curies":[{"name":"wp","href":"https:\/\/api.w.org\/{rel}","templated":true}]}}