{"id":70783,"date":"2025-07-23T12:31:12","date_gmt":"2025-07-23T11:31:12","guid":{"rendered":"https:\/\/lasentinelle.dz\/?p=70783"},"modified":"2025-07-23T12:31:13","modified_gmt":"2025-07-23T11:31:13","slug":"ouverture-de-la-16e-edition-du-festival-de-la-chanson-oranaise-un-patrimoine-musical-celebre","status":"publish","type":"post","link":"https:\/\/lasentinelle.dz\/index.php\/2025\/07\/23\/ouverture-de-la-16e-edition-du-festival-de-la-chanson-oranaise-un-patrimoine-musical-celebre\/","title":{"rendered":"Ouverture de la 16e \u00e9dition du Festival de la chanson oranaise\u00a0:\u00a0Un patrimoine musical c\u00e9l\u00e9br\u00e9"},"content":{"rendered":"\n<p>La perle de l&rsquo;Ouest alg\u00e9rien&nbsp;vibre&nbsp;aux sons de sa musique embl\u00e9matique.&nbsp;Depuis lundi, Oran accueille la seizi\u00e8me \u00e9dition du Festival de musique et de chanson oranaise, plac\u00e9e cette ann\u00e9e sous le th\u00e8me \u00e9vocateur \u00ab Le renouveau dans la fid\u00e9lit\u00e9 au patrimoine \u00bb.&nbsp;Cette manifestation culturelle d&rsquo;envergure, organis\u00e9e sous l&rsquo;\u00e9gide du minist\u00e8re de la Culture et des Arts, promet de c\u00e9l\u00e9brer l&rsquo;\u00e2me de la chanson oranaise \u00e0 travers une programmation particuli\u00e8rement riche et diversifi\u00e9e. L&rsquo;\u00e9v\u00e9nement se distingue par son approche novatrice qui r\u00e9concilie tradition et modernit\u00e9, offrant un panorama complet de l&rsquo;expression musicale de cette r\u00e9gion embl\u00e9matique.<\/p>\n\n\n\n<p>Le festival d\u00e9ploie un programme ambitieux articul\u00e9 autour de plusieurs axes : soir\u00e9es artistiques conjuguant authenticit\u00e9 du tarab et innovations musicales contemporaines, ateliers de formation destin\u00e9s aux jeunes talents, conf\u00e9rences intellectuelles explorant les dimensions culturelles et historiques de ce patrimoine musical, sans oublier un concours sp\u00e9cialement d\u00e9di\u00e9 aux voix \u00e9mergentes.<\/p>\n\n\n\n<p>Cette comp\u00e9tition repr\u00e9sente un enjeu majeur de l&rsquo;\u00e9dition 2025, visant \u00e0 identifier et accompagner la nouvelle g\u00e9n\u00e9ration d&rsquo;artistes. Elle offre aux talents montants une plateforme de lancement vers le professionnalisme, inscrivant ainsi le festival dans une d\u00e9marche de transmission et de p\u00e9rennisation du patrimoine musical oranais.<\/p>\n\n\n\n<p>La dimension m\u00e9morielle occupe \u00e9galement une place centrale dans cette programmation. Le festival rendra un hommage appuy\u00e9 aux figures embl\u00e9matiques de la chanson oranaise.<\/p>\n\n\n\n<p>Les soir\u00e9es musicales promettent de cr\u00e9er une alchimie unique entre les diff\u00e9rentes g\u00e9n\u00e9rations d&rsquo;artistes, r\u00e9unissant sur sc\u00e8ne des interpr\u00e8tes venus de toutes les r\u00e9gions du pays. Cette convergence artistique t\u00e9moigne du rayonnement national de la musique oranaise et de sa capacit\u00e9 \u00e0 f\u00e9d\u00e9rer les sensibilit\u00e9s musicales alg\u00e9riennes.<\/p>\n\n\n\n<p>L&rsquo;\u00e9v\u00e9nement se d\u00e9roule jusqu&rsquo;au 26 juillet dans une atmosph\u00e8re festive qui devrait confirmer le statut d&rsquo;Oran comme capitale cr\u00e9ative incontournable du paysage musical alg\u00e9rien. Cette manifestation s&rsquo;impose comme un rendez-vous privil\u00e9gi\u00e9 pour les m\u00e9lomanes et un laboratoire vivant o\u00f9 se forge l&rsquo;avenir de l&rsquo;identit\u00e9 culturelle alg\u00e9rienne.<\/p>\n\n\n\n<p><em>Le Festival de la chanson oranaise continue ainsi de tisser les liens entre m\u00e9moire collective et cr\u00e9ation contemporaine, affirmant sa vocation d&rsquo;espace de d\u00e9couverte, de pr\u00e9servation et de transmission du patrimoine musical national.<\/em><em>M.S.<\/em><\/p>\n","protected":false},"excerpt":{"rendered":"<p>La perle de l&rsquo;Ouest alg\u00e9rien&nbsp;vibre&nbsp;aux sons de sa musique embl\u00e9matique.&nbsp;Depuis lundi, Oran accueille la seizi\u00e8me \u00e9dition du Festival de musique<\/p>\n","protected":false},"author":6,"featured_media":52641,"comment_status":"open","ping_status":"closed","sticky":false,"template":"","format":"standard","meta":{"colormag_page_container_layout":"default_layout","colormag_page_sidebar_layout":"default_layout","om_disable_all_campaigns":false,"_monsterinsights_skip_tracking":false,"_monsterinsights_sitenote_active":false,"_monsterinsights_sitenote_note":"","_monsterinsights_sitenote_category":0,"footnotes":"","_wpscppro_dont_share_socialmedia":false,"_wpscppro_custom_social_share_image":0,"_facebook_share_type":"default","_twitter_share_type":"default","_linkedin_share_type":"default","_pinterest_share_type":"default","_linkedin_share_type_page":"","_instagram_share_type":"default","_medium_share_type":"default","_threads_share_type":"","_google_business_share_type":"","_selected_social_profile":[],"_wpsp_enable_custom_social_template":false,"_wpsp_social_scheduling":{"enabled":false,"datetime":null,"platforms":[],"status":"template_only","dateOption":"today","timeOption":"now","customDays":"","customHours":"","customDate":"","customTime":"","schedulingType":"absolute"},"_wpsp_active_default_template":true},"categories":[36],"tags":[],"class_list":["post-70783","post","type-post","status-publish","format-standard","has-post-thumbnail","hentry","category-culture"],"aioseo_notices":[],"yoast_head":"<!-- This site is optimized with the Yoast SEO plugin v27.5 - https:\/\/yoast.com\/product\/yoast-seo-wordpress\/ -->\n<title>Ouverture de la 16e \u00e9dition du Festival de la chanson oranaise\u00a0:\u00a0Un patrimoine musical c\u00e9l\u00e9br\u00e9 - La Sentinelle<\/title>\n<meta name=\"robots\" content=\"index, follow, max-snippet:-1, max-image-preview:large, max-video-preview:-1\" \/>\n<link rel=\"canonical\" href=\"https:\/\/lasentinelle.dz\/index.php\/2025\/07\/23\/ouverture-de-la-16e-edition-du-festival-de-la-chanson-oranaise-un-patrimoine-musical-celebre\/\" \/>\n<meta property=\"og:locale\" content=\"fr_FR\" \/>\n<meta property=\"og:type\" content=\"article\" \/>\n<meta property=\"og:title\" content=\"Ouverture de la 16e \u00e9dition du Festival de la chanson oranaise\u00a0:\u00a0Un patrimoine musical c\u00e9l\u00e9br\u00e9 - La Sentinelle\" \/>\n<meta property=\"og:description\" content=\"La perle de l&rsquo;Ouest alg\u00e9rien&nbsp;vibre&nbsp;aux sons de sa musique embl\u00e9matique.&nbsp;Depuis lundi, Oran accueille la seizi\u00e8me \u00e9dition du Festival de musique\" \/>\n<meta property=\"og:url\" content=\"https:\/\/lasentinelle.dz\/index.php\/2025\/07\/23\/ouverture-de-la-16e-edition-du-festival-de-la-chanson-oranaise-un-patrimoine-musical-celebre\/\" \/>\n<meta property=\"og:site_name\" content=\"La Sentinelle\" \/>\n<meta property=\"article:publisher\" content=\"https:\/\/www.facebook.com\/La-Sentinelle-104059864394773\" \/>\n<meta property=\"article:published_time\" content=\"2025-07-23T11:31:12+00:00\" \/>\n<meta property=\"article:modified_time\" content=\"2025-07-23T11:31:13+00:00\" \/>\n<meta property=\"og:image\" content=\"https:\/\/lasentinelle.dz\/wp-content\/uploads\/2024\/05\/rai.jpeg\" \/>\n\t<meta property=\"og:image:width\" content=\"283\" \/>\n\t<meta property=\"og:image:height\" content=\"178\" \/>\n\t<meta property=\"og:image:type\" content=\"image\/jpeg\" \/>\n<meta name=\"author\" content=\"admin\" \/>\n<meta name=\"twitter:card\" content=\"summary_large_image\" \/>\n<meta name=\"twitter:label1\" content=\"\u00c9crit par\" \/>\n\t<meta name=\"twitter:data1\" content=\"admin\" \/>\n\t<meta name=\"twitter:label2\" content=\"Dur\u00e9e de lecture estim\u00e9e\" \/>\n\t<meta name=\"twitter:data2\" content=\"2 minutes\" \/>\n<script type=\"application\/ld+json\" class=\"yoast-schema-graph\">{\"@context\":\"https:\\\/\\\/schema.org\",\"@graph\":[{\"@type\":\"Article\",\"@id\":\"https:\\\/\\\/lasentinelle.dz\\\/index.php\\\/2025\\\/07\\\/23\\\/ouverture-de-la-16e-edition-du-festival-de-la-chanson-oranaise-un-patrimoine-musical-celebre\\\/#article\",\"isPartOf\":{\"@id\":\"https:\\\/\\\/lasentinelle.dz\\\/index.php\\\/2025\\\/07\\\/23\\\/ouverture-de-la-16e-edition-du-festival-de-la-chanson-oranaise-un-patrimoine-musical-celebre\\\/\"},\"author\":{\"name\":\"admin\",\"@id\":\"https:\\\/\\\/lasentinelle.dz\\\/#\\\/schema\\\/person\\\/729ee0024f24e0b8c5ec17232f8e8b41\"},\"headline\":\"Ouverture de la 16e \u00e9dition du Festival de la chanson oranaise\u00a0:\u00a0Un patrimoine musical c\u00e9l\u00e9br\u00e9\",\"datePublished\":\"2025-07-23T11:31:12+00:00\",\"dateModified\":\"2025-07-23T11:31:13+00:00\",\"mainEntityOfPage\":{\"@id\":\"https:\\\/\\\/lasentinelle.dz\\\/index.php\\\/2025\\\/07\\\/23\\\/ouverture-de-la-16e-edition-du-festival-de-la-chanson-oranaise-un-patrimoine-musical-celebre\\\/\"},\"wordCount\":431,\"commentCount\":0,\"publisher\":{\"@id\":\"https:\\\/\\\/lasentinelle.dz\\\/#organization\"},\"image\":{\"@id\":\"https:\\\/\\\/lasentinelle.dz\\\/index.php\\\/2025\\\/07\\\/23\\\/ouverture-de-la-16e-edition-du-festival-de-la-chanson-oranaise-un-patrimoine-musical-celebre\\\/#primaryimage\"},\"thumbnailUrl\":\"https:\\\/\\\/lasentinelle.dz\\\/wp-content\\\/uploads\\\/2024\\\/05\\\/rai.jpeg\",\"articleSection\":[\"Culture\"],\"inLanguage\":\"fr-FR\",\"potentialAction\":[{\"@type\":\"CommentAction\",\"name\":\"Comment\",\"target\":[\"https:\\\/\\\/lasentinelle.dz\\\/index.php\\\/2025\\\/07\\\/23\\\/ouverture-de-la-16e-edition-du-festival-de-la-chanson-oranaise-un-patrimoine-musical-celebre\\\/#respond\"]}]},{\"@type\":\"WebPage\",\"@id\":\"https:\\\/\\\/lasentinelle.dz\\\/index.php\\\/2025\\\/07\\\/23\\\/ouverture-de-la-16e-edition-du-festival-de-la-chanson-oranaise-un-patrimoine-musical-celebre\\\/\",\"url\":\"https:\\\/\\\/lasentinelle.dz\\\/index.php\\\/2025\\\/07\\\/23\\\/ouverture-de-la-16e-edition-du-festival-de-la-chanson-oranaise-un-patrimoine-musical-celebre\\\/\",\"name\":\"Ouverture de la 16e \u00e9dition du Festival de la chanson oranaise\u00a0:\u00a0Un patrimoine musical c\u00e9l\u00e9br\u00e9 - La Sentinelle\",\"isPartOf\":{\"@id\":\"https:\\\/\\\/lasentinelle.dz\\\/#website\"},\"primaryImageOfPage\":{\"@id\":\"https:\\\/\\\/lasentinelle.dz\\\/index.php\\\/2025\\\/07\\\/23\\\/ouverture-de-la-16e-edition-du-festival-de-la-chanson-oranaise-un-patrimoine-musical-celebre\\\/#primaryimage\"},\"image\":{\"@id\":\"https:\\\/\\\/lasentinelle.dz\\\/index.php\\\/2025\\\/07\\\/23\\\/ouverture-de-la-16e-edition-du-festival-de-la-chanson-oranaise-un-patrimoine-musical-celebre\\\/#primaryimage\"},\"thumbnailUrl\":\"https:\\\/\\\/lasentinelle.dz\\\/wp-content\\\/uploads\\\/2024\\\/05\\\/rai.jpeg\",\"datePublished\":\"2025-07-23T11:31:12+00:00\",\"dateModified\":\"2025-07-23T11:31:13+00:00\",\"breadcrumb\":{\"@id\":\"https:\\\/\\\/lasentinelle.dz\\\/index.php\\\/2025\\\/07\\\/23\\\/ouverture-de-la-16e-edition-du-festival-de-la-chanson-oranaise-un-patrimoine-musical-celebre\\\/#breadcrumb\"},\"inLanguage\":\"fr-FR\",\"potentialAction\":[{\"@type\":\"ReadAction\",\"target\":[\"https:\\\/\\\/lasentinelle.dz\\\/index.php\\\/2025\\\/07\\\/23\\\/ouverture-de-la-16e-edition-du-festival-de-la-chanson-oranaise-un-patrimoine-musical-celebre\\\/\"]}]},{\"@type\":\"ImageObject\",\"inLanguage\":\"fr-FR\",\"@id\":\"https:\\\/\\\/lasentinelle.dz\\\/index.php\\\/2025\\\/07\\\/23\\\/ouverture-de-la-16e-edition-du-festival-de-la-chanson-oranaise-un-patrimoine-musical-celebre\\\/#primaryimage\",\"url\":\"https:\\\/\\\/lasentinelle.dz\\\/wp-content\\\/uploads\\\/2024\\\/05\\\/rai.jpeg\",\"contentUrl\":\"https:\\\/\\\/lasentinelle.dz\\\/wp-content\\\/uploads\\\/2024\\\/05\\\/rai.jpeg\",\"width\":283,\"height\":178},{\"@type\":\"BreadcrumbList\",\"@id\":\"https:\\\/\\\/lasentinelle.dz\\\/index.php\\\/2025\\\/07\\\/23\\\/ouverture-de-la-16e-edition-du-festival-de-la-chanson-oranaise-un-patrimoine-musical-celebre\\\/#breadcrumb\",\"itemListElement\":[{\"@type\":\"ListItem\",\"position\":1,\"name\":\"Accueil\",\"item\":\"https:\\\/\\\/lasentinelle.dz\\\/\"},{\"@type\":\"ListItem\",\"position\":2,\"name\":\"Ouverture de la 16e \u00e9dition du Festival de la chanson oranaise\u00a0:\u00a0Un patrimoine musical c\u00e9l\u00e9br\u00e9\"}]},{\"@type\":\"WebSite\",\"@id\":\"https:\\\/\\\/lasentinelle.dz\\\/#website\",\"url\":\"https:\\\/\\\/lasentinelle.dz\\\/\",\"name\":\"La Sentinelle\",\"description\":\"Quotidien national d&#039;information\",\"publisher\":{\"@id\":\"https:\\\/\\\/lasentinelle.dz\\\/#organization\"},\"potentialAction\":[{\"@type\":\"SearchAction\",\"target\":{\"@type\":\"EntryPoint\",\"urlTemplate\":\"https:\\\/\\\/lasentinelle.dz\\\/?s={search_term_string}\"},\"query-input\":{\"@type\":\"PropertyValueSpecification\",\"valueRequired\":true,\"valueName\":\"search_term_string\"}}],\"inLanguage\":\"fr-FR\"},{\"@type\":\"Organization\",\"@id\":\"https:\\\/\\\/lasentinelle.dz\\\/#organization\",\"name\":\"Quotidien La Sentinelle\",\"url\":\"https:\\\/\\\/lasentinelle.dz\\\/\",\"logo\":{\"@type\":\"ImageObject\",\"inLanguage\":\"fr-FR\",\"@id\":\"https:\\\/\\\/lasentinelle.dz\\\/#\\\/schema\\\/logo\\\/image\\\/\",\"url\":\"https:\\\/\\\/lasentinelle.dz\\\/wp-content\\\/uploads\\\/2021\\\/09\\\/logo-sentinelleSLOGAN-1.png\",\"contentUrl\":\"https:\\\/\\\/lasentinelle.dz\\\/wp-content\\\/uploads\\\/2021\\\/09\\\/logo-sentinelleSLOGAN-1.png\",\"width\":615,\"height\":142,\"caption\":\"Quotidien La Sentinelle\"},\"image\":{\"@id\":\"https:\\\/\\\/lasentinelle.dz\\\/#\\\/schema\\\/logo\\\/image\\\/\"},\"sameAs\":[\"https:\\\/\\\/www.facebook.com\\\/La-Sentinelle-104059864394773\"]},{\"@type\":\"Person\",\"@id\":\"https:\\\/\\\/lasentinelle.dz\\\/#\\\/schema\\\/person\\\/729ee0024f24e0b8c5ec17232f8e8b41\",\"name\":\"admin\",\"image\":{\"@type\":\"ImageObject\",\"inLanguage\":\"fr-FR\",\"@id\":\"https:\\\/\\\/secure.gravatar.com\\\/avatar\\\/4c81fed838786e9b53f540bf46533e750f5d292099ae3b66cfc6fb1982e29df7?s=96&d=mm&r=g\",\"url\":\"https:\\\/\\\/secure.gravatar.com\\\/avatar\\\/4c81fed838786e9b53f540bf46533e750f5d292099ae3b66cfc6fb1982e29df7?s=96&d=mm&r=g\",\"contentUrl\":\"https:\\\/\\\/secure.gravatar.com\\\/avatar\\\/4c81fed838786e9b53f540bf46533e750f5d292099ae3b66cfc6fb1982e29df7?s=96&d=mm&r=g\",\"caption\":\"admin\"},\"description\":\"admin\",\"url\":\"https:\\\/\\\/lasentinelle.dz\\\/author\\\/admin\\\/\"}]}<\/script>\n<!-- \/ Yoast SEO plugin. -->","yoast_head_json":{"title":"Ouverture de la 16e \u00e9dition du Festival de la chanson oranaise\u00a0:\u00a0Un patrimoine musical c\u00e9l\u00e9br\u00e9 - La Sentinelle","robots":{"index":"index","follow":"follow","max-snippet":"max-snippet:-1","max-image-preview":"max-image-preview:large","max-video-preview":"max-video-preview:-1"},"canonical":"https:\/\/lasentinelle.dz\/index.php\/2025\/07\/23\/ouverture-de-la-16e-edition-du-festival-de-la-chanson-oranaise-un-patrimoine-musical-celebre\/","og_locale":"fr_FR","og_type":"article","og_title":"Ouverture de la 16e \u00e9dition du Festival de la chanson oranaise\u00a0:\u00a0Un patrimoine musical c\u00e9l\u00e9br\u00e9 - La Sentinelle","og_description":"La perle de l&rsquo;Ouest alg\u00e9rien&nbsp;vibre&nbsp;aux sons de sa musique embl\u00e9matique.&nbsp;Depuis lundi, Oran accueille la seizi\u00e8me \u00e9dition du Festival de musique","og_url":"https:\/\/lasentinelle.dz\/index.php\/2025\/07\/23\/ouverture-de-la-16e-edition-du-festival-de-la-chanson-oranaise-un-patrimoine-musical-celebre\/","og_site_name":"La Sentinelle","article_publisher":"https:\/\/www.facebook.com\/La-Sentinelle-104059864394773","article_published_time":"2025-07-23T11:31:12+00:00","article_modified_time":"2025-07-23T11:31:13+00:00","og_image":[{"width":283,"height":178,"url":"https:\/\/lasentinelle.dz\/wp-content\/uploads\/2024\/05\/rai.jpeg","type":"image\/jpeg"}],"author":"admin","twitter_card":"summary_large_image","twitter_misc":{"\u00c9crit par":"admin","Dur\u00e9e de lecture estim\u00e9e":"2 minutes"},"schema":{"@context":"https:\/\/schema.org","@graph":[{"@type":"Article","@id":"https:\/\/lasentinelle.dz\/index.php\/2025\/07\/23\/ouverture-de-la-16e-edition-du-festival-de-la-chanson-oranaise-un-patrimoine-musical-celebre\/#article","isPartOf":{"@id":"https:\/\/lasentinelle.dz\/index.php\/2025\/07\/23\/ouverture-de-la-16e-edition-du-festival-de-la-chanson-oranaise-un-patrimoine-musical-celebre\/"},"author":{"name":"admin","@id":"https:\/\/lasentinelle.dz\/#\/schema\/person\/729ee0024f24e0b8c5ec17232f8e8b41"},"headline":"Ouverture de la 16e \u00e9dition du Festival de la chanson oranaise\u00a0:\u00a0Un patrimoine musical c\u00e9l\u00e9br\u00e9","datePublished":"2025-07-23T11:31:12+00:00","dateModified":"2025-07-23T11:31:13+00:00","mainEntityOfPage":{"@id":"https:\/\/lasentinelle.dz\/index.php\/2025\/07\/23\/ouverture-de-la-16e-edition-du-festival-de-la-chanson-oranaise-un-patrimoine-musical-celebre\/"},"wordCount":431,"commentCount":0,"publisher":{"@id":"https:\/\/lasentinelle.dz\/#organization"},"image":{"@id":"https:\/\/lasentinelle.dz\/index.php\/2025\/07\/23\/ouverture-de-la-16e-edition-du-festival-de-la-chanson-oranaise-un-patrimoine-musical-celebre\/#primaryimage"},"thumbnailUrl":"https:\/\/lasentinelle.dz\/wp-content\/uploads\/2024\/05\/rai.jpeg","articleSection":["Culture"],"inLanguage":"fr-FR","potentialAction":[{"@type":"CommentAction","name":"Comment","target":["https:\/\/lasentinelle.dz\/index.php\/2025\/07\/23\/ouverture-de-la-16e-edition-du-festival-de-la-chanson-oranaise-un-patrimoine-musical-celebre\/#respond"]}]},{"@type":"WebPage","@id":"https:\/\/lasentinelle.dz\/index.php\/2025\/07\/23\/ouverture-de-la-16e-edition-du-festival-de-la-chanson-oranaise-un-patrimoine-musical-celebre\/","url":"https:\/\/lasentinelle.dz\/index.php\/2025\/07\/23\/ouverture-de-la-16e-edition-du-festival-de-la-chanson-oranaise-un-patrimoine-musical-celebre\/","name":"Ouverture de la 16e \u00e9dition du Festival de la chanson oranaise\u00a0:\u00a0Un patrimoine musical c\u00e9l\u00e9br\u00e9 - La Sentinelle","isPartOf":{"@id":"https:\/\/lasentinelle.dz\/#website"},"primaryImageOfPage":{"@id":"https:\/\/lasentinelle.dz\/index.php\/2025\/07\/23\/ouverture-de-la-16e-edition-du-festival-de-la-chanson-oranaise-un-patrimoine-musical-celebre\/#primaryimage"},"image":{"@id":"https:\/\/lasentinelle.dz\/index.php\/2025\/07\/23\/ouverture-de-la-16e-edition-du-festival-de-la-chanson-oranaise-un-patrimoine-musical-celebre\/#primaryimage"},"thumbnailUrl":"https:\/\/lasentinelle.dz\/wp-content\/uploads\/2024\/05\/rai.jpeg","datePublished":"2025-07-23T11:31:12+00:00","dateModified":"2025-07-23T11:31:13+00:00","breadcrumb":{"@id":"https:\/\/lasentinelle.dz\/index.php\/2025\/07\/23\/ouverture-de-la-16e-edition-du-festival-de-la-chanson-oranaise-un-patrimoine-musical-celebre\/#breadcrumb"},"inLanguage":"fr-FR","potentialAction":[{"@type":"ReadAction","target":["https:\/\/lasentinelle.dz\/index.php\/2025\/07\/23\/ouverture-de-la-16e-edition-du-festival-de-la-chanson-oranaise-un-patrimoine-musical-celebre\/"]}]},{"@type":"ImageObject","inLanguage":"fr-FR","@id":"https:\/\/lasentinelle.dz\/index.php\/2025\/07\/23\/ouverture-de-la-16e-edition-du-festival-de-la-chanson-oranaise-un-patrimoine-musical-celebre\/#primaryimage","url":"https:\/\/lasentinelle.dz\/wp-content\/uploads\/2024\/05\/rai.jpeg","contentUrl":"https:\/\/lasentinelle.dz\/wp-content\/uploads\/2024\/05\/rai.jpeg","width":283,"height":178},{"@type":"BreadcrumbList","@id":"https:\/\/lasentinelle.dz\/index.php\/2025\/07\/23\/ouverture-de-la-16e-edition-du-festival-de-la-chanson-oranaise-un-patrimoine-musical-celebre\/#breadcrumb","itemListElement":[{"@type":"ListItem","position":1,"name":"Accueil","item":"https:\/\/lasentinelle.dz\/"},{"@type":"ListItem","position":2,"name":"Ouverture de la 16e \u00e9dition du Festival de la chanson oranaise\u00a0:\u00a0Un patrimoine musical c\u00e9l\u00e9br\u00e9"}]},{"@type":"WebSite","@id":"https:\/\/lasentinelle.dz\/#website","url":"https:\/\/lasentinelle.dz\/","name":"La Sentinelle","description":"Quotidien national d&#039;information","publisher":{"@id":"https:\/\/lasentinelle.dz\/#organization"},"potentialAction":[{"@type":"SearchAction","target":{"@type":"EntryPoint","urlTemplate":"https:\/\/lasentinelle.dz\/?s={search_term_string}"},"query-input":{"@type":"PropertyValueSpecification","valueRequired":true,"valueName":"search_term_string"}}],"inLanguage":"fr-FR"},{"@type":"Organization","@id":"https:\/\/lasentinelle.dz\/#organization","name":"Quotidien La Sentinelle","url":"https:\/\/lasentinelle.dz\/","logo":{"@type":"ImageObject","inLanguage":"fr-FR","@id":"https:\/\/lasentinelle.dz\/#\/schema\/logo\/image\/","url":"https:\/\/lasentinelle.dz\/wp-content\/uploads\/2021\/09\/logo-sentinelleSLOGAN-1.png","contentUrl":"https:\/\/lasentinelle.dz\/wp-content\/uploads\/2021\/09\/logo-sentinelleSLOGAN-1.png","width":615,"height":142,"caption":"Quotidien La Sentinelle"},"image":{"@id":"https:\/\/lasentinelle.dz\/#\/schema\/logo\/image\/"},"sameAs":["https:\/\/www.facebook.com\/La-Sentinelle-104059864394773"]},{"@type":"Person","@id":"https:\/\/lasentinelle.dz\/#\/schema\/person\/729ee0024f24e0b8c5ec17232f8e8b41","name":"admin","image":{"@type":"ImageObject","inLanguage":"fr-FR","@id":"https:\/\/secure.gravatar.com\/avatar\/4c81fed838786e9b53f540bf46533e750f5d292099ae3b66cfc6fb1982e29df7?s=96&d=mm&r=g","url":"https:\/\/secure.gravatar.com\/avatar\/4c81fed838786e9b53f540bf46533e750f5d292099ae3b66cfc6fb1982e29df7?s=96&d=mm&r=g","contentUrl":"https:\/\/secure.gravatar.com\/avatar\/4c81fed838786e9b53f540bf46533e750f5d292099ae3b66cfc6fb1982e29df7?s=96&d=mm&r=g","caption":"admin"},"description":"admin","url":"https:\/\/lasentinelle.dz\/author\/admin\/"}]}},"_links":{"self":[{"href":"https:\/\/lasentinelle.dz\/index.php\/wp-json\/wp\/v2\/posts\/70783","targetHints":{"allow":["GET"]}}],"collection":[{"href":"https:\/\/lasentinelle.dz\/index.php\/wp-json\/wp\/v2\/posts"}],"about":[{"href":"https:\/\/lasentinelle.dz\/index.php\/wp-json\/wp\/v2\/types\/post"}],"author":[{"embeddable":true,"href":"https:\/\/lasentinelle.dz\/index.php\/wp-json\/wp\/v2\/users\/6"}],"replies":[{"embeddable":true,"href":"https:\/\/lasentinelle.dz\/index.php\/wp-json\/wp\/v2\/comments?post=70783"}],"version-history":[{"count":1,"href":"https:\/\/lasentinelle.dz\/index.php\/wp-json\/wp\/v2\/posts\/70783\/revisions"}],"predecessor-version":[{"id":70784,"href":"https:\/\/lasentinelle.dz\/index.php\/wp-json\/wp\/v2\/posts\/70783\/revisions\/70784"}],"wp:featuredmedia":[{"embeddable":true,"href":"https:\/\/lasentinelle.dz\/index.php\/wp-json\/wp\/v2\/media\/52641"}],"wp:attachment":[{"href":"https:\/\/lasentinelle.dz\/index.php\/wp-json\/wp\/v2\/media?parent=70783"}],"wp:term":[{"taxonomy":"category","embeddable":true,"href":"https:\/\/lasentinelle.dz\/index.php\/wp-json\/wp\/v2\/categories?post=70783"},{"taxonomy":"post_tag","embeddable":true,"href":"https:\/\/lasentinelle.dz\/index.php\/wp-json\/wp\/v2\/tags?post=70783"}],"curies":[{"name":"wp","href":"https:\/\/api.w.org\/{rel}","templated":true}]}}