{"id":70785,"date":"2025-07-23T12:31:58","date_gmt":"2025-07-23T11:31:58","guid":{"rendered":"https:\/\/lasentinelle.dz\/?p=70785"},"modified":"2025-07-23T12:31:58","modified_gmt":"2025-07-23T11:31:58","slug":"revolution-numerique-dans-le-secteur-du-livre-fahrassa-simplifie-ledition","status":"publish","type":"post","link":"https:\/\/lasentinelle.dz\/index.php\/2025\/07\/23\/revolution-numerique-dans-le-secteur-du-livre-fahrassa-simplifie-ledition\/","title":{"rendered":"R\u00e9volution num\u00e9rique\u00a0dans le secteur\u00a0du livre\u00a0:\u00a0\u00ab\u00a0Fahrassa\u00a0\u00bb simplifie l&rsquo;\u00e9dition\u00a0"},"content":{"rendered":"\n<p>L&rsquo;\u00e9cosyst\u00e8me \u00e9ditorial&nbsp;s&rsquo;adapte \u00e0 l&rsquo;\u00e8re de la num\u00e9risation.&nbsp;<\/p>\n\n\n\n<p>Une r\u00e9volution en marche est mise en avant&nbsp;avec l&rsquo;inauguration lundi \u00e0 la Biblioth\u00e8que nationale d&rsquo;Alg\u00e9rie des portes ouvertes consacr\u00e9es \u00e0 la plateforme num\u00e9rique \u00ab\u00a0Fahrassa\u00a0\u00bb, sp\u00e9cialement con\u00e7ue pour accompagner les \u00e9diteurs dans leurs d\u00e9marches administratives et professionnelles.&nbsp;&nbsp;Cette initiative, organis\u00e9e sous l&rsquo;\u00e9gide du minist\u00e8re de la Culture et des Arts en collaboration avec le Syndicat national des \u00e9diteurs de livres (SNEL) et l&rsquo;Organisation nationale des \u00e9diteurs de livres (ONEL), marque un tournant technologique majeur pour le secteur du livre en Alg\u00e9rie.&nbsp;Cr\u00e9\u00e9e en mai 2023 puis actualis\u00e9e deux ans plus tard, \u00ab\u00a0Fahrassa\u00a0\u00bb incarne l&rsquo;ambition des autorit\u00e9s alg\u00e9riennes de moderniser et simplifier les processus \u00e9ditoriaux gr\u00e2ce au num\u00e9rique. Cette plateforme r\u00e9volutionnaire permet d\u00e9sormais aux \u00e9diteurs d&rsquo;effectuer \u00e0 distance des d\u00e9marches autrefois chronophages, notamment le \u00ab\u00a0d\u00e9p\u00f4t l\u00e9gal \u00e0 distance d&rsquo;un manuscrit et l&rsquo;obtention, sans d\u00e9placement, de son International Standard Book Number (ISBN)\u00a0\u00bb, comme l&rsquo;a pr\u00e9cis\u00e9 Mounir Bahadi, directeur g\u00e9n\u00e9ral de la Biblioth\u00e8que nationale d&rsquo;Alg\u00e9rie. Ces \u00ab\u00a0nouvelles facilitations devenues possibles gr\u00e2ce \u00e0 la num\u00e9risation\u00a0\u00bb transforment radicalement les habitudes professionnelles du secteur \u00e9ditorial.<\/p>\n\n\n\n<p>L&rsquo;\u00e9v\u00e9nement de trois jours a r\u00e9uni d\u00e8s la premi\u00e8re journ\u00e9e une vingtaine d&rsquo;\u00e9diteurs venus de diff\u00e9rentes r\u00e9gions du pays, t\u00e9moignant de l&rsquo;int\u00e9r\u00eat national suscit\u00e9 par cette innovation technologique. Un expos\u00e9 technique d\u00e9taill\u00e9 a permis de pr\u00e9senter les \u00e9tapes d&rsquo;utilisation de cette plateforme actualis\u00e9e, mettant en lumi\u00e8re les efforts consid\u00e9rables consentis dans la num\u00e9risation des services de la Biblioth\u00e8que nationale et le renforcement de ses liens avec les professionnels de l&rsquo;\u00e9dition. Cette d\u00e9marche s&rsquo;inscrit dans une volont\u00e9 plus large de concertation permanente entre l&rsquo;institution publique et les acteurs priv\u00e9s du secteur.<\/p>\n\n\n\n<p>Au-del\u00e0 des aspects purement techniques, ces journ\u00e9es d&rsquo;information ont constitu\u00e9 un forum d&rsquo;\u00e9changes privil\u00e9gi\u00e9 pour aborder les d\u00e9fis structurels de l&rsquo;\u00e9dition alg\u00e9rienne. Les discussions ont port\u00e9 sur diverses probl\u00e9matiques terrain, depuis les relations complexes entre auteurs, imprimeurs et \u00e9diteurs jusqu&rsquo;aux manuscrits d\u00e9pos\u00e9s mais jamais publi\u00e9s, en passant par les sp\u00e9cificit\u00e9s de la publication au compte d&rsquo;auteur. La question d\u00e9licate des maisons d&rsquo;\u00e9dition dont la dissolution pour des raisons particuli\u00e8res donne naissance \u00e0 de nouvelles structures \u00e9ditoriales a \u00e9galement \u00e9t\u00e9 \u00e9voqu\u00e9e, r\u00e9v\u00e9lant la dynamique de recomposition permanente du paysage \u00e9ditorial national.<\/p>\n\n\n\n<p>Mounir Bahadi a profit\u00e9 de cette rencontre pour rappeler aux professionnels pr\u00e9sents les exigences de la loi 15-13 du 15 juillet 2015, particuli\u00e8rement son article 8 qui stipule l&rsquo;obligation du respect absolu de l&rsquo;\u00e9thique professionnelle dans l&rsquo;exercice \u00e9ditorial. Cette r\u00e9glementation conf\u00e8re m\u00eame au \u00ab\u00a0simple citoyen-lecteur le droit d&rsquo;intervenir aupr\u00e8s des autorit\u00e9s officielles pour signaler le contenu de tout manuscrit contraire aux principes, aux valeurs et aux symboles de la Nation\u00a0\u00bb, soulignant l&rsquo;importance accord\u00e9e \u00e0 la responsabilit\u00e9 sociale des \u00e9diteurs dans la pr\u00e9servation de l&rsquo;identit\u00e9 culturelle alg\u00e9rienne.<\/p>\n\n\n\n<p>Une perspective particuli\u00e8rement innovante a \u00e9merg\u00e9 des \u00e9changes : la possibilit\u00e9 de \u00ab\u00a0trouver un cadre l\u00e9gal entre les \u00e9diteurs et les th\u00e9\u00e2tres en Alg\u00e9rie pour l&rsquo;\u00e9dition syst\u00e9matique de livres contenant les textes de pi\u00e8ces th\u00e9\u00e2trales retenues par les diff\u00e9rentes commissions de lecture\u00a0\u00bb. Cette proposition ouvre des horizons in\u00e9dits pour la valorisation du patrimoine dramaturgique national et pourrait consid\u00e9rablement enrichir le catalogue \u00e9ditorial alg\u00e9rien tout en pr\u00e9servant la m\u00e9moire th\u00e9\u00e2trale du pays.<\/p>\n\n\n\n<p>Cette initiative s&rsquo;inscrit dans une strat\u00e9gie globale de modernisation du secteur culturel alg\u00e9rien, o\u00f9 le num\u00e9rique devient un levier essentiel de d\u00e9veloppement et de d\u00e9mocratisation. En simplifiant les proc\u00e9dures administratives, \u00ab\u00a0Fahrassa\u00a0\u00bb contribue \u00e0 lever les obstacles qui freinaient traditionnellement l&rsquo;\u00e9mergence de nouveaux \u00e9diteurs, particuli\u00e8rement ceux \u00e9tablis dans les r\u00e9gions \u00e9loign\u00e9es de la capitale. Cette d\u00e9centralisation virtuelle des services pourrait favoriser l&rsquo;\u00e9closion d&rsquo;un tissu \u00e9ditorial plus dense et g\u00e9ographiquement diversifi\u00e9. Les deux journ\u00e9es suivantes de ces portes ouvertes promettent d&rsquo;approfondir ces r\u00e9flexions et d&rsquo;affiner les modalit\u00e9s d&rsquo;utilisation de cette plateforme r\u00e9volutionnaire qui repositionne l&rsquo;Alg\u00e9rie \u00e0 l&rsquo;avant-garde de la modernisation \u00e9ditoriale&nbsp;au Maghreb.<\/p>\n\n\n\n<p>Mohand Seghir<\/p>\n","protected":false},"excerpt":{"rendered":"<p>L&rsquo;\u00e9cosyst\u00e8me \u00e9ditorial&nbsp;s&rsquo;adapte \u00e0 l&rsquo;\u00e8re de la num\u00e9risation.&nbsp; Une r\u00e9volution en marche est mise en avant&nbsp;avec l&rsquo;inauguration lundi \u00e0 la Biblioth\u00e8que<\/p>\n","protected":false},"author":6,"featured_media":70786,"comment_status":"open","ping_status":"closed","sticky":false,"template":"","format":"standard","meta":{"colormag_page_container_layout":"default_layout","colormag_page_sidebar_layout":"default_layout","om_disable_all_campaigns":false,"_monsterinsights_skip_tracking":false,"_monsterinsights_sitenote_active":false,"_monsterinsights_sitenote_note":"","_monsterinsights_sitenote_category":0,"footnotes":"","_wpscppro_dont_share_socialmedia":false,"_wpscppro_custom_social_share_image":0,"_facebook_share_type":"default","_twitter_share_type":"default","_linkedin_share_type":"default","_pinterest_share_type":"default","_linkedin_share_type_page":"","_instagram_share_type":"default","_medium_share_type":"default","_threads_share_type":"","_google_business_share_type":"","_selected_social_profile":[],"_wpsp_enable_custom_social_template":false,"_wpsp_social_scheduling":{"enabled":false,"datetime":null,"platforms":[],"status":"template_only","dateOption":"today","timeOption":"now","customDays":"","customHours":"","customDate":"","customTime":"","schedulingType":"absolute"},"_wpsp_active_default_template":true},"categories":[36],"tags":[],"class_list":["post-70785","post","type-post","status-publish","format-standard","has-post-thumbnail","hentry","category-culture"],"aioseo_notices":[],"yoast_head":"<!-- This site is optimized with the Yoast SEO plugin v27.5 - https:\/\/yoast.com\/product\/yoast-seo-wordpress\/ -->\n<title>R\u00e9volution num\u00e9rique\u00a0dans le secteur\u00a0du livre\u00a0:\u00a0\u00ab\u00a0Fahrassa\u00a0\u00bb simplifie l&rsquo;\u00e9dition\u00a0 - La Sentinelle<\/title>\n<meta name=\"robots\" content=\"index, follow, max-snippet:-1, max-image-preview:large, max-video-preview:-1\" \/>\n<link rel=\"canonical\" href=\"https:\/\/lasentinelle.dz\/index.php\/2025\/07\/23\/revolution-numerique-dans-le-secteur-du-livre-fahrassa-simplifie-ledition\/\" \/>\n<meta property=\"og:locale\" content=\"fr_FR\" \/>\n<meta property=\"og:type\" content=\"article\" \/>\n<meta property=\"og:title\" content=\"R\u00e9volution num\u00e9rique\u00a0dans le secteur\u00a0du livre\u00a0:\u00a0\u00ab\u00a0Fahrassa\u00a0\u00bb simplifie l&rsquo;\u00e9dition\u00a0 - La Sentinelle\" \/>\n<meta property=\"og:description\" content=\"L&rsquo;\u00e9cosyst\u00e8me \u00e9ditorial&nbsp;s&rsquo;adapte \u00e0 l&rsquo;\u00e8re de la num\u00e9risation.&nbsp; Une r\u00e9volution en marche est mise en avant&nbsp;avec l&rsquo;inauguration lundi \u00e0 la Biblioth\u00e8que\" \/>\n<meta property=\"og:url\" content=\"https:\/\/lasentinelle.dz\/index.php\/2025\/07\/23\/revolution-numerique-dans-le-secteur-du-livre-fahrassa-simplifie-ledition\/\" \/>\n<meta property=\"og:site_name\" content=\"La Sentinelle\" \/>\n<meta property=\"article:publisher\" content=\"https:\/\/www.facebook.com\/La-Sentinelle-104059864394773\" \/>\n<meta property=\"article:published_time\" content=\"2025-07-23T11:31:58+00:00\" \/>\n<meta property=\"og:image\" content=\"https:\/\/lasentinelle.dz\/wp-content\/uploads\/2025\/07\/livre-1.jpg\" \/>\n\t<meta property=\"og:image:width\" content=\"630\" \/>\n\t<meta property=\"og:image:height\" content=\"315\" \/>\n\t<meta property=\"og:image:type\" content=\"image\/jpeg\" \/>\n<meta name=\"author\" content=\"admin\" \/>\n<meta name=\"twitter:card\" content=\"summary_large_image\" \/>\n<meta name=\"twitter:label1\" content=\"\u00c9crit par\" \/>\n\t<meta name=\"twitter:data1\" content=\"admin\" \/>\n\t<meta name=\"twitter:label2\" content=\"Dur\u00e9e de lecture estim\u00e9e\" \/>\n\t<meta name=\"twitter:data2\" content=\"4 minutes\" \/>\n<script type=\"application\/ld+json\" class=\"yoast-schema-graph\">{\"@context\":\"https:\\\/\\\/schema.org\",\"@graph\":[{\"@type\":\"Article\",\"@id\":\"https:\\\/\\\/lasentinelle.dz\\\/index.php\\\/2025\\\/07\\\/23\\\/revolution-numerique-dans-le-secteur-du-livre-fahrassa-simplifie-ledition\\\/#article\",\"isPartOf\":{\"@id\":\"https:\\\/\\\/lasentinelle.dz\\\/index.php\\\/2025\\\/07\\\/23\\\/revolution-numerique-dans-le-secteur-du-livre-fahrassa-simplifie-ledition\\\/\"},\"author\":{\"name\":\"admin\",\"@id\":\"https:\\\/\\\/lasentinelle.dz\\\/#\\\/schema\\\/person\\\/729ee0024f24e0b8c5ec17232f8e8b41\"},\"headline\":\"R\u00e9volution num\u00e9rique\u00a0dans le secteur\u00a0du livre\u00a0:\u00a0\u00ab\u00a0Fahrassa\u00a0\u00bb simplifie l&rsquo;\u00e9dition\u00a0\",\"datePublished\":\"2025-07-23T11:31:58+00:00\",\"mainEntityOfPage\":{\"@id\":\"https:\\\/\\\/lasentinelle.dz\\\/index.php\\\/2025\\\/07\\\/23\\\/revolution-numerique-dans-le-secteur-du-livre-fahrassa-simplifie-ledition\\\/\"},\"wordCount\":772,\"commentCount\":0,\"publisher\":{\"@id\":\"https:\\\/\\\/lasentinelle.dz\\\/#organization\"},\"image\":{\"@id\":\"https:\\\/\\\/lasentinelle.dz\\\/index.php\\\/2025\\\/07\\\/23\\\/revolution-numerique-dans-le-secteur-du-livre-fahrassa-simplifie-ledition\\\/#primaryimage\"},\"thumbnailUrl\":\"https:\\\/\\\/lasentinelle.dz\\\/wp-content\\\/uploads\\\/2025\\\/07\\\/livre-1.jpg\",\"articleSection\":[\"Culture\"],\"inLanguage\":\"fr-FR\",\"potentialAction\":[{\"@type\":\"CommentAction\",\"name\":\"Comment\",\"target\":[\"https:\\\/\\\/lasentinelle.dz\\\/index.php\\\/2025\\\/07\\\/23\\\/revolution-numerique-dans-le-secteur-du-livre-fahrassa-simplifie-ledition\\\/#respond\"]}]},{\"@type\":\"WebPage\",\"@id\":\"https:\\\/\\\/lasentinelle.dz\\\/index.php\\\/2025\\\/07\\\/23\\\/revolution-numerique-dans-le-secteur-du-livre-fahrassa-simplifie-ledition\\\/\",\"url\":\"https:\\\/\\\/lasentinelle.dz\\\/index.php\\\/2025\\\/07\\\/23\\\/revolution-numerique-dans-le-secteur-du-livre-fahrassa-simplifie-ledition\\\/\",\"name\":\"R\u00e9volution num\u00e9rique\u00a0dans le secteur\u00a0du livre\u00a0:\u00a0\u00ab\u00a0Fahrassa\u00a0\u00bb simplifie l&rsquo;\u00e9dition\u00a0 - La Sentinelle\",\"isPartOf\":{\"@id\":\"https:\\\/\\\/lasentinelle.dz\\\/#website\"},\"primaryImageOfPage\":{\"@id\":\"https:\\\/\\\/lasentinelle.dz\\\/index.php\\\/2025\\\/07\\\/23\\\/revolution-numerique-dans-le-secteur-du-livre-fahrassa-simplifie-ledition\\\/#primaryimage\"},\"image\":{\"@id\":\"https:\\\/\\\/lasentinelle.dz\\\/index.php\\\/2025\\\/07\\\/23\\\/revolution-numerique-dans-le-secteur-du-livre-fahrassa-simplifie-ledition\\\/#primaryimage\"},\"thumbnailUrl\":\"https:\\\/\\\/lasentinelle.dz\\\/wp-content\\\/uploads\\\/2025\\\/07\\\/livre-1.jpg\",\"datePublished\":\"2025-07-23T11:31:58+00:00\",\"breadcrumb\":{\"@id\":\"https:\\\/\\\/lasentinelle.dz\\\/index.php\\\/2025\\\/07\\\/23\\\/revolution-numerique-dans-le-secteur-du-livre-fahrassa-simplifie-ledition\\\/#breadcrumb\"},\"inLanguage\":\"fr-FR\",\"potentialAction\":[{\"@type\":\"ReadAction\",\"target\":[\"https:\\\/\\\/lasentinelle.dz\\\/index.php\\\/2025\\\/07\\\/23\\\/revolution-numerique-dans-le-secteur-du-livre-fahrassa-simplifie-ledition\\\/\"]}]},{\"@type\":\"ImageObject\",\"inLanguage\":\"fr-FR\",\"@id\":\"https:\\\/\\\/lasentinelle.dz\\\/index.php\\\/2025\\\/07\\\/23\\\/revolution-numerique-dans-le-secteur-du-livre-fahrassa-simplifie-ledition\\\/#primaryimage\",\"url\":\"https:\\\/\\\/lasentinelle.dz\\\/wp-content\\\/uploads\\\/2025\\\/07\\\/livre-1.jpg\",\"contentUrl\":\"https:\\\/\\\/lasentinelle.dz\\\/wp-content\\\/uploads\\\/2025\\\/07\\\/livre-1.jpg\",\"width\":630,\"height\":315},{\"@type\":\"BreadcrumbList\",\"@id\":\"https:\\\/\\\/lasentinelle.dz\\\/index.php\\\/2025\\\/07\\\/23\\\/revolution-numerique-dans-le-secteur-du-livre-fahrassa-simplifie-ledition\\\/#breadcrumb\",\"itemListElement\":[{\"@type\":\"ListItem\",\"position\":1,\"name\":\"Accueil\",\"item\":\"https:\\\/\\\/lasentinelle.dz\\\/\"},{\"@type\":\"ListItem\",\"position\":2,\"name\":\"R\u00e9volution num\u00e9rique\u00a0dans le secteur\u00a0du livre\u00a0:\u00a0\u00ab\u00a0Fahrassa\u00a0\u00bb simplifie l&rsquo;\u00e9dition\u00a0\"}]},{\"@type\":\"WebSite\",\"@id\":\"https:\\\/\\\/lasentinelle.dz\\\/#website\",\"url\":\"https:\\\/\\\/lasentinelle.dz\\\/\",\"name\":\"La Sentinelle\",\"description\":\"Quotidien national d&#039;information\",\"publisher\":{\"@id\":\"https:\\\/\\\/lasentinelle.dz\\\/#organization\"},\"potentialAction\":[{\"@type\":\"SearchAction\",\"target\":{\"@type\":\"EntryPoint\",\"urlTemplate\":\"https:\\\/\\\/lasentinelle.dz\\\/?s={search_term_string}\"},\"query-input\":{\"@type\":\"PropertyValueSpecification\",\"valueRequired\":true,\"valueName\":\"search_term_string\"}}],\"inLanguage\":\"fr-FR\"},{\"@type\":\"Organization\",\"@id\":\"https:\\\/\\\/lasentinelle.dz\\\/#organization\",\"name\":\"Quotidien La Sentinelle\",\"url\":\"https:\\\/\\\/lasentinelle.dz\\\/\",\"logo\":{\"@type\":\"ImageObject\",\"inLanguage\":\"fr-FR\",\"@id\":\"https:\\\/\\\/lasentinelle.dz\\\/#\\\/schema\\\/logo\\\/image\\\/\",\"url\":\"https:\\\/\\\/lasentinelle.dz\\\/wp-content\\\/uploads\\\/2021\\\/09\\\/logo-sentinelleSLOGAN-1.png\",\"contentUrl\":\"https:\\\/\\\/lasentinelle.dz\\\/wp-content\\\/uploads\\\/2021\\\/09\\\/logo-sentinelleSLOGAN-1.png\",\"width\":615,\"height\":142,\"caption\":\"Quotidien La Sentinelle\"},\"image\":{\"@id\":\"https:\\\/\\\/lasentinelle.dz\\\/#\\\/schema\\\/logo\\\/image\\\/\"},\"sameAs\":[\"https:\\\/\\\/www.facebook.com\\\/La-Sentinelle-104059864394773\"]},{\"@type\":\"Person\",\"@id\":\"https:\\\/\\\/lasentinelle.dz\\\/#\\\/schema\\\/person\\\/729ee0024f24e0b8c5ec17232f8e8b41\",\"name\":\"admin\",\"image\":{\"@type\":\"ImageObject\",\"inLanguage\":\"fr-FR\",\"@id\":\"https:\\\/\\\/secure.gravatar.com\\\/avatar\\\/4c81fed838786e9b53f540bf46533e750f5d292099ae3b66cfc6fb1982e29df7?s=96&d=mm&r=g\",\"url\":\"https:\\\/\\\/secure.gravatar.com\\\/avatar\\\/4c81fed838786e9b53f540bf46533e750f5d292099ae3b66cfc6fb1982e29df7?s=96&d=mm&r=g\",\"contentUrl\":\"https:\\\/\\\/secure.gravatar.com\\\/avatar\\\/4c81fed838786e9b53f540bf46533e750f5d292099ae3b66cfc6fb1982e29df7?s=96&d=mm&r=g\",\"caption\":\"admin\"},\"description\":\"admin\",\"url\":\"https:\\\/\\\/lasentinelle.dz\\\/author\\\/admin\\\/\"}]}<\/script>\n<!-- \/ Yoast SEO plugin. -->","yoast_head_json":{"title":"R\u00e9volution num\u00e9rique\u00a0dans le secteur\u00a0du livre\u00a0:\u00a0\u00ab\u00a0Fahrassa\u00a0\u00bb simplifie l&rsquo;\u00e9dition\u00a0 - La Sentinelle","robots":{"index":"index","follow":"follow","max-snippet":"max-snippet:-1","max-image-preview":"max-image-preview:large","max-video-preview":"max-video-preview:-1"},"canonical":"https:\/\/lasentinelle.dz\/index.php\/2025\/07\/23\/revolution-numerique-dans-le-secteur-du-livre-fahrassa-simplifie-ledition\/","og_locale":"fr_FR","og_type":"article","og_title":"R\u00e9volution num\u00e9rique\u00a0dans le secteur\u00a0du livre\u00a0:\u00a0\u00ab\u00a0Fahrassa\u00a0\u00bb simplifie l&rsquo;\u00e9dition\u00a0 - La Sentinelle","og_description":"L&rsquo;\u00e9cosyst\u00e8me \u00e9ditorial&nbsp;s&rsquo;adapte \u00e0 l&rsquo;\u00e8re de la num\u00e9risation.&nbsp; Une r\u00e9volution en marche est mise en avant&nbsp;avec l&rsquo;inauguration lundi \u00e0 la Biblioth\u00e8que","og_url":"https:\/\/lasentinelle.dz\/index.php\/2025\/07\/23\/revolution-numerique-dans-le-secteur-du-livre-fahrassa-simplifie-ledition\/","og_site_name":"La Sentinelle","article_publisher":"https:\/\/www.facebook.com\/La-Sentinelle-104059864394773","article_published_time":"2025-07-23T11:31:58+00:00","og_image":[{"width":630,"height":315,"url":"https:\/\/lasentinelle.dz\/wp-content\/uploads\/2025\/07\/livre-1.jpg","type":"image\/jpeg"}],"author":"admin","twitter_card":"summary_large_image","twitter_misc":{"\u00c9crit par":"admin","Dur\u00e9e de lecture estim\u00e9e":"4 minutes"},"schema":{"@context":"https:\/\/schema.org","@graph":[{"@type":"Article","@id":"https:\/\/lasentinelle.dz\/index.php\/2025\/07\/23\/revolution-numerique-dans-le-secteur-du-livre-fahrassa-simplifie-ledition\/#article","isPartOf":{"@id":"https:\/\/lasentinelle.dz\/index.php\/2025\/07\/23\/revolution-numerique-dans-le-secteur-du-livre-fahrassa-simplifie-ledition\/"},"author":{"name":"admin","@id":"https:\/\/lasentinelle.dz\/#\/schema\/person\/729ee0024f24e0b8c5ec17232f8e8b41"},"headline":"R\u00e9volution num\u00e9rique\u00a0dans le secteur\u00a0du livre\u00a0:\u00a0\u00ab\u00a0Fahrassa\u00a0\u00bb simplifie l&rsquo;\u00e9dition\u00a0","datePublished":"2025-07-23T11:31:58+00:00","mainEntityOfPage":{"@id":"https:\/\/lasentinelle.dz\/index.php\/2025\/07\/23\/revolution-numerique-dans-le-secteur-du-livre-fahrassa-simplifie-ledition\/"},"wordCount":772,"commentCount":0,"publisher":{"@id":"https:\/\/lasentinelle.dz\/#organization"},"image":{"@id":"https:\/\/lasentinelle.dz\/index.php\/2025\/07\/23\/revolution-numerique-dans-le-secteur-du-livre-fahrassa-simplifie-ledition\/#primaryimage"},"thumbnailUrl":"https:\/\/lasentinelle.dz\/wp-content\/uploads\/2025\/07\/livre-1.jpg","articleSection":["Culture"],"inLanguage":"fr-FR","potentialAction":[{"@type":"CommentAction","name":"Comment","target":["https:\/\/lasentinelle.dz\/index.php\/2025\/07\/23\/revolution-numerique-dans-le-secteur-du-livre-fahrassa-simplifie-ledition\/#respond"]}]},{"@type":"WebPage","@id":"https:\/\/lasentinelle.dz\/index.php\/2025\/07\/23\/revolution-numerique-dans-le-secteur-du-livre-fahrassa-simplifie-ledition\/","url":"https:\/\/lasentinelle.dz\/index.php\/2025\/07\/23\/revolution-numerique-dans-le-secteur-du-livre-fahrassa-simplifie-ledition\/","name":"R\u00e9volution num\u00e9rique\u00a0dans le secteur\u00a0du livre\u00a0:\u00a0\u00ab\u00a0Fahrassa\u00a0\u00bb simplifie l&rsquo;\u00e9dition\u00a0 - La Sentinelle","isPartOf":{"@id":"https:\/\/lasentinelle.dz\/#website"},"primaryImageOfPage":{"@id":"https:\/\/lasentinelle.dz\/index.php\/2025\/07\/23\/revolution-numerique-dans-le-secteur-du-livre-fahrassa-simplifie-ledition\/#primaryimage"},"image":{"@id":"https:\/\/lasentinelle.dz\/index.php\/2025\/07\/23\/revolution-numerique-dans-le-secteur-du-livre-fahrassa-simplifie-ledition\/#primaryimage"},"thumbnailUrl":"https:\/\/lasentinelle.dz\/wp-content\/uploads\/2025\/07\/livre-1.jpg","datePublished":"2025-07-23T11:31:58+00:00","breadcrumb":{"@id":"https:\/\/lasentinelle.dz\/index.php\/2025\/07\/23\/revolution-numerique-dans-le-secteur-du-livre-fahrassa-simplifie-ledition\/#breadcrumb"},"inLanguage":"fr-FR","potentialAction":[{"@type":"ReadAction","target":["https:\/\/lasentinelle.dz\/index.php\/2025\/07\/23\/revolution-numerique-dans-le-secteur-du-livre-fahrassa-simplifie-ledition\/"]}]},{"@type":"ImageObject","inLanguage":"fr-FR","@id":"https:\/\/lasentinelle.dz\/index.php\/2025\/07\/23\/revolution-numerique-dans-le-secteur-du-livre-fahrassa-simplifie-ledition\/#primaryimage","url":"https:\/\/lasentinelle.dz\/wp-content\/uploads\/2025\/07\/livre-1.jpg","contentUrl":"https:\/\/lasentinelle.dz\/wp-content\/uploads\/2025\/07\/livre-1.jpg","width":630,"height":315},{"@type":"BreadcrumbList","@id":"https:\/\/lasentinelle.dz\/index.php\/2025\/07\/23\/revolution-numerique-dans-le-secteur-du-livre-fahrassa-simplifie-ledition\/#breadcrumb","itemListElement":[{"@type":"ListItem","position":1,"name":"Accueil","item":"https:\/\/lasentinelle.dz\/"},{"@type":"ListItem","position":2,"name":"R\u00e9volution num\u00e9rique\u00a0dans le secteur\u00a0du livre\u00a0:\u00a0\u00ab\u00a0Fahrassa\u00a0\u00bb simplifie l&rsquo;\u00e9dition\u00a0"}]},{"@type":"WebSite","@id":"https:\/\/lasentinelle.dz\/#website","url":"https:\/\/lasentinelle.dz\/","name":"La Sentinelle","description":"Quotidien national d&#039;information","publisher":{"@id":"https:\/\/lasentinelle.dz\/#organization"},"potentialAction":[{"@type":"SearchAction","target":{"@type":"EntryPoint","urlTemplate":"https:\/\/lasentinelle.dz\/?s={search_term_string}"},"query-input":{"@type":"PropertyValueSpecification","valueRequired":true,"valueName":"search_term_string"}}],"inLanguage":"fr-FR"},{"@type":"Organization","@id":"https:\/\/lasentinelle.dz\/#organization","name":"Quotidien La Sentinelle","url":"https:\/\/lasentinelle.dz\/","logo":{"@type":"ImageObject","inLanguage":"fr-FR","@id":"https:\/\/lasentinelle.dz\/#\/schema\/logo\/image\/","url":"https:\/\/lasentinelle.dz\/wp-content\/uploads\/2021\/09\/logo-sentinelleSLOGAN-1.png","contentUrl":"https:\/\/lasentinelle.dz\/wp-content\/uploads\/2021\/09\/logo-sentinelleSLOGAN-1.png","width":615,"height":142,"caption":"Quotidien La Sentinelle"},"image":{"@id":"https:\/\/lasentinelle.dz\/#\/schema\/logo\/image\/"},"sameAs":["https:\/\/www.facebook.com\/La-Sentinelle-104059864394773"]},{"@type":"Person","@id":"https:\/\/lasentinelle.dz\/#\/schema\/person\/729ee0024f24e0b8c5ec17232f8e8b41","name":"admin","image":{"@type":"ImageObject","inLanguage":"fr-FR","@id":"https:\/\/secure.gravatar.com\/avatar\/4c81fed838786e9b53f540bf46533e750f5d292099ae3b66cfc6fb1982e29df7?s=96&d=mm&r=g","url":"https:\/\/secure.gravatar.com\/avatar\/4c81fed838786e9b53f540bf46533e750f5d292099ae3b66cfc6fb1982e29df7?s=96&d=mm&r=g","contentUrl":"https:\/\/secure.gravatar.com\/avatar\/4c81fed838786e9b53f540bf46533e750f5d292099ae3b66cfc6fb1982e29df7?s=96&d=mm&r=g","caption":"admin"},"description":"admin","url":"https:\/\/lasentinelle.dz\/author\/admin\/"}]}},"_links":{"self":[{"href":"https:\/\/lasentinelle.dz\/index.php\/wp-json\/wp\/v2\/posts\/70785","targetHints":{"allow":["GET"]}}],"collection":[{"href":"https:\/\/lasentinelle.dz\/index.php\/wp-json\/wp\/v2\/posts"}],"about":[{"href":"https:\/\/lasentinelle.dz\/index.php\/wp-json\/wp\/v2\/types\/post"}],"author":[{"embeddable":true,"href":"https:\/\/lasentinelle.dz\/index.php\/wp-json\/wp\/v2\/users\/6"}],"replies":[{"embeddable":true,"href":"https:\/\/lasentinelle.dz\/index.php\/wp-json\/wp\/v2\/comments?post=70785"}],"version-history":[{"count":2,"href":"https:\/\/lasentinelle.dz\/index.php\/wp-json\/wp\/v2\/posts\/70785\/revisions"}],"predecessor-version":[{"id":70788,"href":"https:\/\/lasentinelle.dz\/index.php\/wp-json\/wp\/v2\/posts\/70785\/revisions\/70788"}],"wp:featuredmedia":[{"embeddable":true,"href":"https:\/\/lasentinelle.dz\/index.php\/wp-json\/wp\/v2\/media\/70786"}],"wp:attachment":[{"href":"https:\/\/lasentinelle.dz\/index.php\/wp-json\/wp\/v2\/media?parent=70785"}],"wp:term":[{"taxonomy":"category","embeddable":true,"href":"https:\/\/lasentinelle.dz\/index.php\/wp-json\/wp\/v2\/categories?post=70785"},{"taxonomy":"post_tag","embeddable":true,"href":"https:\/\/lasentinelle.dz\/index.php\/wp-json\/wp\/v2\/tags?post=70785"}],"curies":[{"name":"wp","href":"https:\/\/api.w.org\/{rel}","templated":true}]}}