{"id":70789,"date":"2025-07-23T12:32:59","date_gmt":"2025-07-23T11:32:59","guid":{"rendered":"https:\/\/lasentinelle.dz\/?p=70789"},"modified":"2025-07-23T12:33:00","modified_gmt":"2025-07-23T11:33:00","slug":"jeux-scolaires-africains-lalgerie-prete-pour-le-defi","status":"publish","type":"post","link":"https:\/\/lasentinelle.dz\/index.php\/2025\/07\/23\/jeux-scolaires-africains-lalgerie-prete-pour-le-defi\/","title":{"rendered":"Jeux Scolaires Africains\u00a0:\u00a0L&rsquo;Alg\u00e9rie pr\u00eate pour le d\u00e9fi\u00a0"},"content":{"rendered":"\n<p>L&rsquo;Alg\u00e9rie s&rsquo;appr\u00eate \u00e0 vivre un moment historique avec l&rsquo;organisation des premiers Jeux Scolaires Africains, une comp\u00e9tition in\u00e9dite qui se d\u00e9roulera du 26 juillet au 5 ao\u00fbt 2025 dans quatre villes du pays : Constantine, Annaba, S\u00e9tif et Skikda.&nbsp;<\/p>\n\n\n\n<p>Pour le volet football, la s\u00e9lection nationale des moins de 17 ans dirig\u00e9e par Amine Ghimouz a finalis\u00e9 sa pr\u00e9paration avec un groupe de 20 joueurs soigneusement s\u00e9lectionn\u00e9s dans l&rsquo;ensemble du territoire national.&nbsp;La pr\u00e9paration de l&rsquo;\u00e9quipe nationale U17 a d\u00e9but\u00e9 dimanche dernier au Centre national de regroupement et de pr\u00e9paration des talents et de l&rsquo;\u00e9lite sportive de Souidania, structure embl\u00e9matique du d\u00e9veloppement du football alg\u00e9rien. Ce stage intensif, qui s&rsquo;ach\u00e8ve ce mardi par une ultime s\u00e9ance d&rsquo;entra\u00eenement, t\u00e9moigne de la volont\u00e9 des responsables techniques de pr\u00e9senter une \u00e9quipe comp\u00e9titive sur ses terres. Lundi, les joueurs ont peaufin\u00e9 leur pr\u00e9paration sur le terrain annexe du stade Mustapha Tchaker de Blida, dans une ambiance studieuse et d\u00e9termin\u00e9e.<\/p>\n\n\n\n<p>Dans l&rsquo;effectif retenu par Amine Ghimouz figurent des talents issus de clubs \u00e9voluant \u00e0 diff\u00e9rents niveaux du championnat national, depuis les formations de l&rsquo;\u00e9lite jusqu&rsquo;aux \u00e9chelons inf\u00e9rieurs. On note la pr\u00e9sence de plusieurs joueurs du Paradou AC, club r\u00e9put\u00e9 pour sa politique de formation, avec Nazim Benmedjdoub, Sid Ali Kaddouri et Mahmoud Noubli. L&rsquo;ES Guelma est \u00e9galement bien repr\u00e9sent\u00e9e avec trois joueurs : Baha Eddine Menasria, Abderrahim Debbar et Mohamed Abdaoui.&nbsp;Le tirage au sort a plac\u00e9 l&rsquo;Alg\u00e9rie dans la poule A aux c\u00f4t\u00e9s du B\u00e9nin et du Malawi, deux adversaires qui ne manqueront pas d&rsquo;ambitions. Cette configuration offre aux Fennecs juniors une opportunit\u00e9 r\u00e9elle de se qualifier pour les phases finales, tout en restant vigilants face \u00e0 des \u00e9quipes africaines toujours impr\u00e9visibles dans les comp\u00e9titions de jeunes. Le s\u00e9lectionneur national pourra compter sur des joueurs exp\u00e9riment\u00e9s malgr\u00e9 leur jeune \u00e2ge, comme Chakib Hedibel de l&rsquo;ES Ben Aknoun ou encore Ali Sadji de la JS Kabylie.<\/p>\n\n\n\n<p>La ville d&rsquo;Annaba, choisie pour accueillir les rencontres de la s\u00e9lection alg\u00e9rienne, constitue un choix symbolique fort. Le stade du 19 mai 1956, th\u00e9\u00e2tre des exploits de l&rsquo;\u00e9quipe nationale, offrira un cadre prestigieux pour ces jeunes talents qui r\u00eavent de suivre les traces de leurs a\u00een\u00e9s. L&rsquo;\u00e9quipe s&rsquo;envolera mercredi vers la capitale de l&rsquo;est alg\u00e9rien, o\u00f9 elle d\u00e9butera son parcours face au B\u00e9nin le 27 juillet \u00e0 19h00, avant de d\u00e9fier le Malawi deux jours plus tard \u00e0 la m\u00eame heure.&nbsp;La structure du tournoi, avec ses trois poules de trois \u00e9quipes chacune, promet des rencontres \u00e9quilibr\u00e9es. Le groupe B r\u00e9unit le Nigeria, grande puissance du football africain m\u00eame au niveau des jeunes, le Soudan et le Burkina Faso. La poule C oppose quant \u00e0 elle la Tunisie, voisine et rivale traditionnelle, \u00e0 la C\u00f4te d&rsquo;Ivoire et \u00e0 l&rsquo;Ouganda. Cette r\u00e9partition g\u00e9ographique \u00e9quilibr\u00e9e permettra aux spectateurs alg\u00e9riens de d\u00e9couvrir diff\u00e9rents styles de jeu africains.<\/p>\n\n\n\n<p>Les demi-finales programm\u00e9es le 2 ao\u00fbt dans les stades Chabou d&rsquo;Annaba et Hamlaoui de Constantine repr\u00e9senteront l&rsquo;avant-derni\u00e8re \u00e9tape de cette comp\u00e9tition historique. La finale, fix\u00e9e au 4 ao\u00fbt \u00e0 20h00 au stade du 19 mai 1956 d&rsquo;Annaba, constituera l&rsquo;apoth\u00e9ose de ces premiers Jeux Scolaires Africains. Pour l&rsquo;Alg\u00e9rie, pays organisateur, l&rsquo;objectif sera d&rsquo;atteindre ce match d\u00e9cisif devant son public.<\/p>\n\n\n\n<p>M. Dahleb<\/p>\n","protected":false},"excerpt":{"rendered":"<p>L&rsquo;Alg\u00e9rie s&rsquo;appr\u00eate \u00e0 vivre un moment historique avec l&rsquo;organisation des premiers Jeux Scolaires Africains, une comp\u00e9tition in\u00e9dite qui se d\u00e9roulera<\/p>\n","protected":false},"author":6,"featured_media":70790,"comment_status":"open","ping_status":"closed","sticky":false,"template":"","format":"standard","meta":{"colormag_page_container_layout":"default_layout","colormag_page_sidebar_layout":"default_layout","om_disable_all_campaigns":false,"_monsterinsights_skip_tracking":false,"_monsterinsights_sitenote_active":false,"_monsterinsights_sitenote_note":"","_monsterinsights_sitenote_category":0,"footnotes":"","_wpscppro_dont_share_socialmedia":false,"_wpscppro_custom_social_share_image":0,"_facebook_share_type":"default","_twitter_share_type":"default","_linkedin_share_type":"default","_pinterest_share_type":"default","_linkedin_share_type_page":"","_instagram_share_type":"default","_medium_share_type":"default","_threads_share_type":"","_google_business_share_type":"","_selected_social_profile":[],"_wpsp_enable_custom_social_template":false,"_wpsp_social_scheduling":{"enabled":false,"datetime":null,"platforms":[],"status":"template_only","dateOption":"today","timeOption":"now","customDays":"","customHours":"","customDate":"","customTime":"","schedulingType":"absolute"},"_wpsp_active_default_template":true},"categories":[33],"tags":[],"class_list":["post-70789","post","type-post","status-publish","format-standard","has-post-thumbnail","hentry","category-sports"],"aioseo_notices":[],"yoast_head":"<!-- This site is optimized with the Yoast SEO plugin v27.5 - https:\/\/yoast.com\/product\/yoast-seo-wordpress\/ -->\n<title>Jeux Scolaires Africains\u00a0:\u00a0L&rsquo;Alg\u00e9rie pr\u00eate pour le d\u00e9fi\u00a0 - La Sentinelle<\/title>\n<meta name=\"robots\" content=\"index, follow, max-snippet:-1, max-image-preview:large, max-video-preview:-1\" \/>\n<link rel=\"canonical\" href=\"https:\/\/lasentinelle.dz\/index.php\/2025\/07\/23\/jeux-scolaires-africains-lalgerie-prete-pour-le-defi\/\" \/>\n<meta property=\"og:locale\" content=\"fr_FR\" \/>\n<meta property=\"og:type\" content=\"article\" \/>\n<meta property=\"og:title\" content=\"Jeux Scolaires Africains\u00a0:\u00a0L&rsquo;Alg\u00e9rie pr\u00eate pour le d\u00e9fi\u00a0 - La Sentinelle\" \/>\n<meta property=\"og:description\" content=\"L&rsquo;Alg\u00e9rie s&rsquo;appr\u00eate \u00e0 vivre un moment historique avec l&rsquo;organisation des premiers Jeux Scolaires Africains, une comp\u00e9tition in\u00e9dite qui se d\u00e9roulera\" \/>\n<meta property=\"og:url\" content=\"https:\/\/lasentinelle.dz\/index.php\/2025\/07\/23\/jeux-scolaires-africains-lalgerie-prete-pour-le-defi\/\" \/>\n<meta property=\"og:site_name\" content=\"La Sentinelle\" \/>\n<meta property=\"article:publisher\" content=\"https:\/\/www.facebook.com\/La-Sentinelle-104059864394773\" \/>\n<meta property=\"article:published_time\" content=\"2025-07-23T11:32:59+00:00\" \/>\n<meta property=\"article:modified_time\" content=\"2025-07-23T11:33:00+00:00\" \/>\n<meta property=\"og:image\" content=\"https:\/\/lasentinelle.dz\/wp-content\/uploads\/2025\/07\/U17.jpg\" \/>\n\t<meta property=\"og:image:width\" content=\"2400\" \/>\n\t<meta property=\"og:image:height\" content=\"1600\" \/>\n\t<meta property=\"og:image:type\" content=\"image\/jpeg\" \/>\n<meta name=\"author\" content=\"admin\" \/>\n<meta name=\"twitter:card\" content=\"summary_large_image\" \/>\n<meta name=\"twitter:label1\" content=\"\u00c9crit par\" \/>\n\t<meta name=\"twitter:data1\" content=\"admin\" \/>\n\t<meta name=\"twitter:label2\" content=\"Dur\u00e9e de lecture estim\u00e9e\" \/>\n\t<meta name=\"twitter:data2\" content=\"3 minutes\" \/>\n<script type=\"application\/ld+json\" class=\"yoast-schema-graph\">{\"@context\":\"https:\\\/\\\/schema.org\",\"@graph\":[{\"@type\":\"Article\",\"@id\":\"https:\\\/\\\/lasentinelle.dz\\\/index.php\\\/2025\\\/07\\\/23\\\/jeux-scolaires-africains-lalgerie-prete-pour-le-defi\\\/#article\",\"isPartOf\":{\"@id\":\"https:\\\/\\\/lasentinelle.dz\\\/index.php\\\/2025\\\/07\\\/23\\\/jeux-scolaires-africains-lalgerie-prete-pour-le-defi\\\/\"},\"author\":{\"name\":\"admin\",\"@id\":\"https:\\\/\\\/lasentinelle.dz\\\/#\\\/schema\\\/person\\\/729ee0024f24e0b8c5ec17232f8e8b41\"},\"headline\":\"Jeux Scolaires Africains\u00a0:\u00a0L&rsquo;Alg\u00e9rie pr\u00eate pour le d\u00e9fi\u00a0\",\"datePublished\":\"2025-07-23T11:32:59+00:00\",\"dateModified\":\"2025-07-23T11:33:00+00:00\",\"mainEntityOfPage\":{\"@id\":\"https:\\\/\\\/lasentinelle.dz\\\/index.php\\\/2025\\\/07\\\/23\\\/jeux-scolaires-africains-lalgerie-prete-pour-le-defi\\\/\"},\"wordCount\":621,\"commentCount\":0,\"publisher\":{\"@id\":\"https:\\\/\\\/lasentinelle.dz\\\/#organization\"},\"image\":{\"@id\":\"https:\\\/\\\/lasentinelle.dz\\\/index.php\\\/2025\\\/07\\\/23\\\/jeux-scolaires-africains-lalgerie-prete-pour-le-defi\\\/#primaryimage\"},\"thumbnailUrl\":\"https:\\\/\\\/lasentinelle.dz\\\/wp-content\\\/uploads\\\/2025\\\/07\\\/U17.jpg\",\"articleSection\":[\"Sports\"],\"inLanguage\":\"fr-FR\",\"potentialAction\":[{\"@type\":\"CommentAction\",\"name\":\"Comment\",\"target\":[\"https:\\\/\\\/lasentinelle.dz\\\/index.php\\\/2025\\\/07\\\/23\\\/jeux-scolaires-africains-lalgerie-prete-pour-le-defi\\\/#respond\"]}]},{\"@type\":\"WebPage\",\"@id\":\"https:\\\/\\\/lasentinelle.dz\\\/index.php\\\/2025\\\/07\\\/23\\\/jeux-scolaires-africains-lalgerie-prete-pour-le-defi\\\/\",\"url\":\"https:\\\/\\\/lasentinelle.dz\\\/index.php\\\/2025\\\/07\\\/23\\\/jeux-scolaires-africains-lalgerie-prete-pour-le-defi\\\/\",\"name\":\"Jeux Scolaires Africains\u00a0:\u00a0L&rsquo;Alg\u00e9rie pr\u00eate pour le d\u00e9fi\u00a0 - La Sentinelle\",\"isPartOf\":{\"@id\":\"https:\\\/\\\/lasentinelle.dz\\\/#website\"},\"primaryImageOfPage\":{\"@id\":\"https:\\\/\\\/lasentinelle.dz\\\/index.php\\\/2025\\\/07\\\/23\\\/jeux-scolaires-africains-lalgerie-prete-pour-le-defi\\\/#primaryimage\"},\"image\":{\"@id\":\"https:\\\/\\\/lasentinelle.dz\\\/index.php\\\/2025\\\/07\\\/23\\\/jeux-scolaires-africains-lalgerie-prete-pour-le-defi\\\/#primaryimage\"},\"thumbnailUrl\":\"https:\\\/\\\/lasentinelle.dz\\\/wp-content\\\/uploads\\\/2025\\\/07\\\/U17.jpg\",\"datePublished\":\"2025-07-23T11:32:59+00:00\",\"dateModified\":\"2025-07-23T11:33:00+00:00\",\"breadcrumb\":{\"@id\":\"https:\\\/\\\/lasentinelle.dz\\\/index.php\\\/2025\\\/07\\\/23\\\/jeux-scolaires-africains-lalgerie-prete-pour-le-defi\\\/#breadcrumb\"},\"inLanguage\":\"fr-FR\",\"potentialAction\":[{\"@type\":\"ReadAction\",\"target\":[\"https:\\\/\\\/lasentinelle.dz\\\/index.php\\\/2025\\\/07\\\/23\\\/jeux-scolaires-africains-lalgerie-prete-pour-le-defi\\\/\"]}]},{\"@type\":\"ImageObject\",\"inLanguage\":\"fr-FR\",\"@id\":\"https:\\\/\\\/lasentinelle.dz\\\/index.php\\\/2025\\\/07\\\/23\\\/jeux-scolaires-africains-lalgerie-prete-pour-le-defi\\\/#primaryimage\",\"url\":\"https:\\\/\\\/lasentinelle.dz\\\/wp-content\\\/uploads\\\/2025\\\/07\\\/U17.jpg\",\"contentUrl\":\"https:\\\/\\\/lasentinelle.dz\\\/wp-content\\\/uploads\\\/2025\\\/07\\\/U17.jpg\",\"width\":2400,\"height\":1600},{\"@type\":\"BreadcrumbList\",\"@id\":\"https:\\\/\\\/lasentinelle.dz\\\/index.php\\\/2025\\\/07\\\/23\\\/jeux-scolaires-africains-lalgerie-prete-pour-le-defi\\\/#breadcrumb\",\"itemListElement\":[{\"@type\":\"ListItem\",\"position\":1,\"name\":\"Accueil\",\"item\":\"https:\\\/\\\/lasentinelle.dz\\\/\"},{\"@type\":\"ListItem\",\"position\":2,\"name\":\"Jeux Scolaires Africains\u00a0:\u00a0L&rsquo;Alg\u00e9rie pr\u00eate pour le d\u00e9fi\u00a0\"}]},{\"@type\":\"WebSite\",\"@id\":\"https:\\\/\\\/lasentinelle.dz\\\/#website\",\"url\":\"https:\\\/\\\/lasentinelle.dz\\\/\",\"name\":\"La Sentinelle\",\"description\":\"Quotidien national d&#039;information\",\"publisher\":{\"@id\":\"https:\\\/\\\/lasentinelle.dz\\\/#organization\"},\"potentialAction\":[{\"@type\":\"SearchAction\",\"target\":{\"@type\":\"EntryPoint\",\"urlTemplate\":\"https:\\\/\\\/lasentinelle.dz\\\/?s={search_term_string}\"},\"query-input\":{\"@type\":\"PropertyValueSpecification\",\"valueRequired\":true,\"valueName\":\"search_term_string\"}}],\"inLanguage\":\"fr-FR\"},{\"@type\":\"Organization\",\"@id\":\"https:\\\/\\\/lasentinelle.dz\\\/#organization\",\"name\":\"Quotidien La Sentinelle\",\"url\":\"https:\\\/\\\/lasentinelle.dz\\\/\",\"logo\":{\"@type\":\"ImageObject\",\"inLanguage\":\"fr-FR\",\"@id\":\"https:\\\/\\\/lasentinelle.dz\\\/#\\\/schema\\\/logo\\\/image\\\/\",\"url\":\"https:\\\/\\\/lasentinelle.dz\\\/wp-content\\\/uploads\\\/2021\\\/09\\\/logo-sentinelleSLOGAN-1.png\",\"contentUrl\":\"https:\\\/\\\/lasentinelle.dz\\\/wp-content\\\/uploads\\\/2021\\\/09\\\/logo-sentinelleSLOGAN-1.png\",\"width\":615,\"height\":142,\"caption\":\"Quotidien La Sentinelle\"},\"image\":{\"@id\":\"https:\\\/\\\/lasentinelle.dz\\\/#\\\/schema\\\/logo\\\/image\\\/\"},\"sameAs\":[\"https:\\\/\\\/www.facebook.com\\\/La-Sentinelle-104059864394773\"]},{\"@type\":\"Person\",\"@id\":\"https:\\\/\\\/lasentinelle.dz\\\/#\\\/schema\\\/person\\\/729ee0024f24e0b8c5ec17232f8e8b41\",\"name\":\"admin\",\"image\":{\"@type\":\"ImageObject\",\"inLanguage\":\"fr-FR\",\"@id\":\"https:\\\/\\\/secure.gravatar.com\\\/avatar\\\/4c81fed838786e9b53f540bf46533e750f5d292099ae3b66cfc6fb1982e29df7?s=96&d=mm&r=g\",\"url\":\"https:\\\/\\\/secure.gravatar.com\\\/avatar\\\/4c81fed838786e9b53f540bf46533e750f5d292099ae3b66cfc6fb1982e29df7?s=96&d=mm&r=g\",\"contentUrl\":\"https:\\\/\\\/secure.gravatar.com\\\/avatar\\\/4c81fed838786e9b53f540bf46533e750f5d292099ae3b66cfc6fb1982e29df7?s=96&d=mm&r=g\",\"caption\":\"admin\"},\"description\":\"admin\",\"url\":\"https:\\\/\\\/lasentinelle.dz\\\/author\\\/admin\\\/\"}]}<\/script>\n<!-- \/ Yoast SEO plugin. -->","yoast_head_json":{"title":"Jeux Scolaires Africains\u00a0:\u00a0L&rsquo;Alg\u00e9rie pr\u00eate pour le d\u00e9fi\u00a0 - La Sentinelle","robots":{"index":"index","follow":"follow","max-snippet":"max-snippet:-1","max-image-preview":"max-image-preview:large","max-video-preview":"max-video-preview:-1"},"canonical":"https:\/\/lasentinelle.dz\/index.php\/2025\/07\/23\/jeux-scolaires-africains-lalgerie-prete-pour-le-defi\/","og_locale":"fr_FR","og_type":"article","og_title":"Jeux Scolaires Africains\u00a0:\u00a0L&rsquo;Alg\u00e9rie pr\u00eate pour le d\u00e9fi\u00a0 - La Sentinelle","og_description":"L&rsquo;Alg\u00e9rie s&rsquo;appr\u00eate \u00e0 vivre un moment historique avec l&rsquo;organisation des premiers Jeux Scolaires Africains, une comp\u00e9tition in\u00e9dite qui se d\u00e9roulera","og_url":"https:\/\/lasentinelle.dz\/index.php\/2025\/07\/23\/jeux-scolaires-africains-lalgerie-prete-pour-le-defi\/","og_site_name":"La Sentinelle","article_publisher":"https:\/\/www.facebook.com\/La-Sentinelle-104059864394773","article_published_time":"2025-07-23T11:32:59+00:00","article_modified_time":"2025-07-23T11:33:00+00:00","og_image":[{"width":2400,"height":1600,"url":"https:\/\/lasentinelle.dz\/wp-content\/uploads\/2025\/07\/U17.jpg","type":"image\/jpeg"}],"author":"admin","twitter_card":"summary_large_image","twitter_misc":{"\u00c9crit par":"admin","Dur\u00e9e de lecture estim\u00e9e":"3 minutes"},"schema":{"@context":"https:\/\/schema.org","@graph":[{"@type":"Article","@id":"https:\/\/lasentinelle.dz\/index.php\/2025\/07\/23\/jeux-scolaires-africains-lalgerie-prete-pour-le-defi\/#article","isPartOf":{"@id":"https:\/\/lasentinelle.dz\/index.php\/2025\/07\/23\/jeux-scolaires-africains-lalgerie-prete-pour-le-defi\/"},"author":{"name":"admin","@id":"https:\/\/lasentinelle.dz\/#\/schema\/person\/729ee0024f24e0b8c5ec17232f8e8b41"},"headline":"Jeux Scolaires Africains\u00a0:\u00a0L&rsquo;Alg\u00e9rie pr\u00eate pour le d\u00e9fi\u00a0","datePublished":"2025-07-23T11:32:59+00:00","dateModified":"2025-07-23T11:33:00+00:00","mainEntityOfPage":{"@id":"https:\/\/lasentinelle.dz\/index.php\/2025\/07\/23\/jeux-scolaires-africains-lalgerie-prete-pour-le-defi\/"},"wordCount":621,"commentCount":0,"publisher":{"@id":"https:\/\/lasentinelle.dz\/#organization"},"image":{"@id":"https:\/\/lasentinelle.dz\/index.php\/2025\/07\/23\/jeux-scolaires-africains-lalgerie-prete-pour-le-defi\/#primaryimage"},"thumbnailUrl":"https:\/\/lasentinelle.dz\/wp-content\/uploads\/2025\/07\/U17.jpg","articleSection":["Sports"],"inLanguage":"fr-FR","potentialAction":[{"@type":"CommentAction","name":"Comment","target":["https:\/\/lasentinelle.dz\/index.php\/2025\/07\/23\/jeux-scolaires-africains-lalgerie-prete-pour-le-defi\/#respond"]}]},{"@type":"WebPage","@id":"https:\/\/lasentinelle.dz\/index.php\/2025\/07\/23\/jeux-scolaires-africains-lalgerie-prete-pour-le-defi\/","url":"https:\/\/lasentinelle.dz\/index.php\/2025\/07\/23\/jeux-scolaires-africains-lalgerie-prete-pour-le-defi\/","name":"Jeux Scolaires Africains\u00a0:\u00a0L&rsquo;Alg\u00e9rie pr\u00eate pour le d\u00e9fi\u00a0 - La Sentinelle","isPartOf":{"@id":"https:\/\/lasentinelle.dz\/#website"},"primaryImageOfPage":{"@id":"https:\/\/lasentinelle.dz\/index.php\/2025\/07\/23\/jeux-scolaires-africains-lalgerie-prete-pour-le-defi\/#primaryimage"},"image":{"@id":"https:\/\/lasentinelle.dz\/index.php\/2025\/07\/23\/jeux-scolaires-africains-lalgerie-prete-pour-le-defi\/#primaryimage"},"thumbnailUrl":"https:\/\/lasentinelle.dz\/wp-content\/uploads\/2025\/07\/U17.jpg","datePublished":"2025-07-23T11:32:59+00:00","dateModified":"2025-07-23T11:33:00+00:00","breadcrumb":{"@id":"https:\/\/lasentinelle.dz\/index.php\/2025\/07\/23\/jeux-scolaires-africains-lalgerie-prete-pour-le-defi\/#breadcrumb"},"inLanguage":"fr-FR","potentialAction":[{"@type":"ReadAction","target":["https:\/\/lasentinelle.dz\/index.php\/2025\/07\/23\/jeux-scolaires-africains-lalgerie-prete-pour-le-defi\/"]}]},{"@type":"ImageObject","inLanguage":"fr-FR","@id":"https:\/\/lasentinelle.dz\/index.php\/2025\/07\/23\/jeux-scolaires-africains-lalgerie-prete-pour-le-defi\/#primaryimage","url":"https:\/\/lasentinelle.dz\/wp-content\/uploads\/2025\/07\/U17.jpg","contentUrl":"https:\/\/lasentinelle.dz\/wp-content\/uploads\/2025\/07\/U17.jpg","width":2400,"height":1600},{"@type":"BreadcrumbList","@id":"https:\/\/lasentinelle.dz\/index.php\/2025\/07\/23\/jeux-scolaires-africains-lalgerie-prete-pour-le-defi\/#breadcrumb","itemListElement":[{"@type":"ListItem","position":1,"name":"Accueil","item":"https:\/\/lasentinelle.dz\/"},{"@type":"ListItem","position":2,"name":"Jeux Scolaires Africains\u00a0:\u00a0L&rsquo;Alg\u00e9rie pr\u00eate pour le d\u00e9fi\u00a0"}]},{"@type":"WebSite","@id":"https:\/\/lasentinelle.dz\/#website","url":"https:\/\/lasentinelle.dz\/","name":"La Sentinelle","description":"Quotidien national d&#039;information","publisher":{"@id":"https:\/\/lasentinelle.dz\/#organization"},"potentialAction":[{"@type":"SearchAction","target":{"@type":"EntryPoint","urlTemplate":"https:\/\/lasentinelle.dz\/?s={search_term_string}"},"query-input":{"@type":"PropertyValueSpecification","valueRequired":true,"valueName":"search_term_string"}}],"inLanguage":"fr-FR"},{"@type":"Organization","@id":"https:\/\/lasentinelle.dz\/#organization","name":"Quotidien La Sentinelle","url":"https:\/\/lasentinelle.dz\/","logo":{"@type":"ImageObject","inLanguage":"fr-FR","@id":"https:\/\/lasentinelle.dz\/#\/schema\/logo\/image\/","url":"https:\/\/lasentinelle.dz\/wp-content\/uploads\/2021\/09\/logo-sentinelleSLOGAN-1.png","contentUrl":"https:\/\/lasentinelle.dz\/wp-content\/uploads\/2021\/09\/logo-sentinelleSLOGAN-1.png","width":615,"height":142,"caption":"Quotidien La Sentinelle"},"image":{"@id":"https:\/\/lasentinelle.dz\/#\/schema\/logo\/image\/"},"sameAs":["https:\/\/www.facebook.com\/La-Sentinelle-104059864394773"]},{"@type":"Person","@id":"https:\/\/lasentinelle.dz\/#\/schema\/person\/729ee0024f24e0b8c5ec17232f8e8b41","name":"admin","image":{"@type":"ImageObject","inLanguage":"fr-FR","@id":"https:\/\/secure.gravatar.com\/avatar\/4c81fed838786e9b53f540bf46533e750f5d292099ae3b66cfc6fb1982e29df7?s=96&d=mm&r=g","url":"https:\/\/secure.gravatar.com\/avatar\/4c81fed838786e9b53f540bf46533e750f5d292099ae3b66cfc6fb1982e29df7?s=96&d=mm&r=g","contentUrl":"https:\/\/secure.gravatar.com\/avatar\/4c81fed838786e9b53f540bf46533e750f5d292099ae3b66cfc6fb1982e29df7?s=96&d=mm&r=g","caption":"admin"},"description":"admin","url":"https:\/\/lasentinelle.dz\/author\/admin\/"}]}},"_links":{"self":[{"href":"https:\/\/lasentinelle.dz\/index.php\/wp-json\/wp\/v2\/posts\/70789","targetHints":{"allow":["GET"]}}],"collection":[{"href":"https:\/\/lasentinelle.dz\/index.php\/wp-json\/wp\/v2\/posts"}],"about":[{"href":"https:\/\/lasentinelle.dz\/index.php\/wp-json\/wp\/v2\/types\/post"}],"author":[{"embeddable":true,"href":"https:\/\/lasentinelle.dz\/index.php\/wp-json\/wp\/v2\/users\/6"}],"replies":[{"embeddable":true,"href":"https:\/\/lasentinelle.dz\/index.php\/wp-json\/wp\/v2\/comments?post=70789"}],"version-history":[{"count":2,"href":"https:\/\/lasentinelle.dz\/index.php\/wp-json\/wp\/v2\/posts\/70789\/revisions"}],"predecessor-version":[{"id":70792,"href":"https:\/\/lasentinelle.dz\/index.php\/wp-json\/wp\/v2\/posts\/70789\/revisions\/70792"}],"wp:featuredmedia":[{"embeddable":true,"href":"https:\/\/lasentinelle.dz\/index.php\/wp-json\/wp\/v2\/media\/70790"}],"wp:attachment":[{"href":"https:\/\/lasentinelle.dz\/index.php\/wp-json\/wp\/v2\/media?parent=70789"}],"wp:term":[{"taxonomy":"category","embeddable":true,"href":"https:\/\/lasentinelle.dz\/index.php\/wp-json\/wp\/v2\/categories?post=70789"},{"taxonomy":"post_tag","embeddable":true,"href":"https:\/\/lasentinelle.dz\/index.php\/wp-json\/wp\/v2\/tags?post=70789"}],"curies":[{"name":"wp","href":"https:\/\/api.w.org\/{rel}","templated":true}]}}