{"id":70793,"date":"2025-07-23T12:33:41","date_gmt":"2025-07-23T11:33:41","guid":{"rendered":"https:\/\/lasentinelle.dz\/?p=70793"},"modified":"2025-07-23T12:33:41","modified_gmt":"2025-07-23T11:33:41","slug":"mondial-de-volleyball-le-six-algerien-a-tachkent","status":"publish","type":"post","link":"https:\/\/lasentinelle.dz\/index.php\/2025\/07\/23\/mondial-de-volleyball-le-six-algerien-a-tachkent\/","title":{"rendered":"Mondial de volleyball\u00a0:\u00a0Le Six alg\u00e9rien \u00e0 Tachkent"},"content":{"rendered":"\n<p>L&rsquo;Alg\u00e9rie s&rsquo;appr\u00eate \u00e0 vivre un moment intense sur les parquets de volley-ball avec la participation de sa s\u00e9lection masculine des moins de 19 ans au 12e championnat du monde de la cat\u00e9gorie, qui se d\u00e9roulera du 24 juillet au 3 ao\u00fbt 2025 \u00e0 Tachkent, en Ouzb\u00e9kistan. Cette participation repr\u00e9sente l&rsquo;aboutissement d&rsquo;un parcours remarquable entam\u00e9 lors du championnat d&rsquo;Afrique des nations disput\u00e9 en ao\u00fbt 2024 \u00e0 Tunis, o\u00f9 les jeunes volleyeurs alg\u00e9riens avaient d\u00e9croch\u00e9 une qualification historique pour ce rendez-vous plan\u00e9taire.<\/p>\n\n\n\n<p>Le parcours qualificatif des Alg\u00e9riens reste grav\u00e9 dans les m\u00e9moires des suiveurs du volley-ball national. Apr\u00e8s avoir termin\u00e9 \u00e0 la troisi\u00e8me place du championnat continental, l&rsquo;\u00e9quipe dirig\u00e9e par Aboubaker Cheniti avait valid\u00e9 son billet pour le mondial en dominant le Kenya lors du match de classement sur le score sans appel de 3-0. Cette victoire avait permis aux jeunes Fennecs de rejoindre la Tunisie, sacr\u00e9e championne d&rsquo;Afrique apr\u00e8s sa victoire en finale face \u00e0 l&rsquo;\u00c9gypte dans un match \u00e9pique remport\u00e9 au tie-break 3-2, sur la sc\u00e8ne mondiale des moins de 19 ans.&nbsp;Le tirage au sort a plac\u00e9 la s\u00e9lection alg\u00e9rienne dans le groupe B, une poule relev\u00e9e qui t\u00e9moigne du niveau d&rsquo;exigence de cette comp\u00e9tition mondiale. Les prot\u00e9g\u00e9s d&rsquo;Aboubaker Cheniti devront composer avec des adversaires de premier plan : la France, nation europ\u00e9enne r\u00e9put\u00e9e pour sa formation, la Bulgarie, le Japon, puissance asiatique traditionnelle du volley-ball, la Chine et le Canada. Cette configuration promet des confrontations passionnantes et repr\u00e9sente un v\u00e9ritable test pour mesurer les progr\u00e8s accomplis par le volley-ball alg\u00e9rien au niveau des jeunes cat\u00e9gories.<\/p>\n\n\n\n<p>L&rsquo;entra\u00eeneur national Aboubaker Cheniti ne cache pas ses ambitions pour cette \u00e9ch\u00e9ance majeure. Dans une d\u00e9claration officielle publi\u00e9e sur les comptes de la F\u00e9d\u00e9ration alg\u00e9rienne de volley-ball \u00e0 la veille du d\u00e9part de la d\u00e9l\u00e9gation, le s\u00e9lectionneur a confi\u00e9 que \u00ab\u00a0son \u00e9quipe a b\u00e9n\u00e9fici\u00e9 d&rsquo;une tr\u00e8s bonne pr\u00e9paration\u00a0\u00bb et que les joueurs \u00ab\u00a0sont motiv\u00e9s \u00e0 faire de leur mieux pour marquer leur pr\u00e9sence face aux meilleures \u00e9quipes au monde\u00a0\u00bb. Le technicien alg\u00e9rien a \u00e9galement soulign\u00e9 la d\u00e9termination de ses joueurs \u00e0 \u00ab\u00a0faire bonne figure\u00a0\u00bb et \u00e0 \u00ab\u00a0repr\u00e9senter dignement les couleurs nationales\u00a0\u00bb lors de ce rendez-vous plan\u00e9taire.<\/p>\n\n\n\n<p>Le calendrier des rencontres s&rsquo;annonce particuli\u00e8rement dense pour les Alg\u00e9riens, avec cinq matches en phase de poules \u00e9tal\u00e9s sur six jours. L&rsquo;aventure d\u00e9butera le 24 juillet \u00e0 11h00 heure alg\u00e9rienne face \u00e0 la Bulgarie, dans ce qui constituera un premier test grandeur nature pour jauger les capacit\u00e9s d&rsquo;adaptation de l&rsquo;\u00e9quipe au niveau mondial. Le lendemain, les joueurs d&rsquo;Aboubaker Cheniti affronteront la France d\u00e8s 8h00, avant de croiser le fer avec le Canada le 26 juillet \u00e0 14h00. Les deux derni\u00e8res \u00e9ch\u00e9ances de la phase de groupes opposeront l&rsquo;Alg\u00e9rie \u00e0 la Chine le 28 juillet \u00e0 14h00, puis au Japon le 29 juillet \u00e0 11h00.<\/p>\n\n\n\n<p>La structure de la comp\u00e9tition offre des perspectives encourageantes pour les formations capables de se hisser parmi les quatre premiers de leur groupe, ces derni\u00e8res acc\u00e9dant directement aux huiti\u00e8mes de finale. Pour les \u00e9quipes class\u00e9es cinqui\u00e8me et sixi\u00e8me, des matches de classement pour les 17e \u00e0 24e places permettront de terminer le tournoi sur une note positive.&nbsp;<\/p>\n\n\n\n<p>M.D.<\/p>\n","protected":false},"excerpt":{"rendered":"<p>L&rsquo;Alg\u00e9rie s&rsquo;appr\u00eate \u00e0 vivre un moment intense sur les parquets de volley-ball avec la participation de sa s\u00e9lection masculine des<\/p>\n","protected":false},"author":6,"featured_media":53207,"comment_status":"open","ping_status":"closed","sticky":false,"template":"","format":"standard","meta":{"colormag_page_container_layout":"default_layout","colormag_page_sidebar_layout":"default_layout","om_disable_all_campaigns":false,"_monsterinsights_skip_tracking":false,"_monsterinsights_sitenote_active":false,"_monsterinsights_sitenote_note":"","_monsterinsights_sitenote_category":0,"footnotes":"","_wpscppro_dont_share_socialmedia":false,"_wpscppro_custom_social_share_image":0,"_facebook_share_type":"default","_twitter_share_type":"default","_linkedin_share_type":"default","_pinterest_share_type":"default","_linkedin_share_type_page":"","_instagram_share_type":"default","_medium_share_type":"default","_threads_share_type":"","_google_business_share_type":"","_selected_social_profile":[],"_wpsp_enable_custom_social_template":false,"_wpsp_social_scheduling":{"enabled":false,"datetime":null,"platforms":[],"status":"template_only","dateOption":"today","timeOption":"now","customDays":"","customHours":"","customDate":"","customTime":"","schedulingType":"absolute"},"_wpsp_active_default_template":true},"categories":[33],"tags":[],"class_list":["post-70793","post","type-post","status-publish","format-standard","has-post-thumbnail","hentry","category-sports"],"aioseo_notices":[],"yoast_head":"<!-- This site is optimized with the Yoast SEO plugin v27.5 - https:\/\/yoast.com\/product\/yoast-seo-wordpress\/ -->\n<title>Mondial de volleyball\u00a0:\u00a0Le Six alg\u00e9rien \u00e0 Tachkent - La Sentinelle<\/title>\n<meta name=\"robots\" content=\"index, follow, max-snippet:-1, max-image-preview:large, max-video-preview:-1\" \/>\n<link rel=\"canonical\" href=\"https:\/\/lasentinelle.dz\/index.php\/2025\/07\/23\/mondial-de-volleyball-le-six-algerien-a-tachkent\/\" \/>\n<meta property=\"og:locale\" content=\"fr_FR\" \/>\n<meta property=\"og:type\" content=\"article\" \/>\n<meta property=\"og:title\" content=\"Mondial de volleyball\u00a0:\u00a0Le Six alg\u00e9rien \u00e0 Tachkent - La Sentinelle\" \/>\n<meta property=\"og:description\" content=\"L&rsquo;Alg\u00e9rie s&rsquo;appr\u00eate \u00e0 vivre un moment intense sur les parquets de volley-ball avec la participation de sa s\u00e9lection masculine des\" \/>\n<meta property=\"og:url\" content=\"https:\/\/lasentinelle.dz\/index.php\/2025\/07\/23\/mondial-de-volleyball-le-six-algerien-a-tachkent\/\" \/>\n<meta property=\"og:site_name\" content=\"La Sentinelle\" \/>\n<meta property=\"article:publisher\" content=\"https:\/\/www.facebook.com\/La-Sentinelle-104059864394773\" \/>\n<meta property=\"article:published_time\" content=\"2025-07-23T11:33:41+00:00\" \/>\n<meta property=\"og:image\" content=\"https:\/\/lasentinelle.dz\/wp-content\/uploads\/2024\/06\/volleyball.jpeg\" \/>\n\t<meta property=\"og:image:width\" content=\"580\" \/>\n\t<meta property=\"og:image:height\" content=\"350\" \/>\n\t<meta property=\"og:image:type\" content=\"image\/jpeg\" \/>\n<meta name=\"author\" content=\"admin\" \/>\n<meta name=\"twitter:card\" content=\"summary_large_image\" \/>\n<meta name=\"twitter:label1\" content=\"\u00c9crit par\" \/>\n\t<meta name=\"twitter:data1\" content=\"admin\" \/>\n\t<meta name=\"twitter:label2\" content=\"Dur\u00e9e de lecture estim\u00e9e\" \/>\n\t<meta name=\"twitter:data2\" content=\"3 minutes\" \/>\n<script type=\"application\/ld+json\" class=\"yoast-schema-graph\">{\"@context\":\"https:\\\/\\\/schema.org\",\"@graph\":[{\"@type\":\"Article\",\"@id\":\"https:\\\/\\\/lasentinelle.dz\\\/index.php\\\/2025\\\/07\\\/23\\\/mondial-de-volleyball-le-six-algerien-a-tachkent\\\/#article\",\"isPartOf\":{\"@id\":\"https:\\\/\\\/lasentinelle.dz\\\/index.php\\\/2025\\\/07\\\/23\\\/mondial-de-volleyball-le-six-algerien-a-tachkent\\\/\"},\"author\":{\"name\":\"admin\",\"@id\":\"https:\\\/\\\/lasentinelle.dz\\\/#\\\/schema\\\/person\\\/729ee0024f24e0b8c5ec17232f8e8b41\"},\"headline\":\"Mondial de volleyball\u00a0:\u00a0Le Six alg\u00e9rien \u00e0 Tachkent\",\"datePublished\":\"2025-07-23T11:33:41+00:00\",\"mainEntityOfPage\":{\"@id\":\"https:\\\/\\\/lasentinelle.dz\\\/index.php\\\/2025\\\/07\\\/23\\\/mondial-de-volleyball-le-six-algerien-a-tachkent\\\/\"},\"wordCount\":590,\"commentCount\":0,\"publisher\":{\"@id\":\"https:\\\/\\\/lasentinelle.dz\\\/#organization\"},\"image\":{\"@id\":\"https:\\\/\\\/lasentinelle.dz\\\/index.php\\\/2025\\\/07\\\/23\\\/mondial-de-volleyball-le-six-algerien-a-tachkent\\\/#primaryimage\"},\"thumbnailUrl\":\"https:\\\/\\\/lasentinelle.dz\\\/wp-content\\\/uploads\\\/2024\\\/06\\\/volleyball.jpeg\",\"articleSection\":[\"Sports\"],\"inLanguage\":\"fr-FR\",\"potentialAction\":[{\"@type\":\"CommentAction\",\"name\":\"Comment\",\"target\":[\"https:\\\/\\\/lasentinelle.dz\\\/index.php\\\/2025\\\/07\\\/23\\\/mondial-de-volleyball-le-six-algerien-a-tachkent\\\/#respond\"]}]},{\"@type\":\"WebPage\",\"@id\":\"https:\\\/\\\/lasentinelle.dz\\\/index.php\\\/2025\\\/07\\\/23\\\/mondial-de-volleyball-le-six-algerien-a-tachkent\\\/\",\"url\":\"https:\\\/\\\/lasentinelle.dz\\\/index.php\\\/2025\\\/07\\\/23\\\/mondial-de-volleyball-le-six-algerien-a-tachkent\\\/\",\"name\":\"Mondial de volleyball\u00a0:\u00a0Le Six alg\u00e9rien \u00e0 Tachkent - La Sentinelle\",\"isPartOf\":{\"@id\":\"https:\\\/\\\/lasentinelle.dz\\\/#website\"},\"primaryImageOfPage\":{\"@id\":\"https:\\\/\\\/lasentinelle.dz\\\/index.php\\\/2025\\\/07\\\/23\\\/mondial-de-volleyball-le-six-algerien-a-tachkent\\\/#primaryimage\"},\"image\":{\"@id\":\"https:\\\/\\\/lasentinelle.dz\\\/index.php\\\/2025\\\/07\\\/23\\\/mondial-de-volleyball-le-six-algerien-a-tachkent\\\/#primaryimage\"},\"thumbnailUrl\":\"https:\\\/\\\/lasentinelle.dz\\\/wp-content\\\/uploads\\\/2024\\\/06\\\/volleyball.jpeg\",\"datePublished\":\"2025-07-23T11:33:41+00:00\",\"breadcrumb\":{\"@id\":\"https:\\\/\\\/lasentinelle.dz\\\/index.php\\\/2025\\\/07\\\/23\\\/mondial-de-volleyball-le-six-algerien-a-tachkent\\\/#breadcrumb\"},\"inLanguage\":\"fr-FR\",\"potentialAction\":[{\"@type\":\"ReadAction\",\"target\":[\"https:\\\/\\\/lasentinelle.dz\\\/index.php\\\/2025\\\/07\\\/23\\\/mondial-de-volleyball-le-six-algerien-a-tachkent\\\/\"]}]},{\"@type\":\"ImageObject\",\"inLanguage\":\"fr-FR\",\"@id\":\"https:\\\/\\\/lasentinelle.dz\\\/index.php\\\/2025\\\/07\\\/23\\\/mondial-de-volleyball-le-six-algerien-a-tachkent\\\/#primaryimage\",\"url\":\"https:\\\/\\\/lasentinelle.dz\\\/wp-content\\\/uploads\\\/2024\\\/06\\\/volleyball.jpeg\",\"contentUrl\":\"https:\\\/\\\/lasentinelle.dz\\\/wp-content\\\/uploads\\\/2024\\\/06\\\/volleyball.jpeg\",\"width\":580,\"height\":350},{\"@type\":\"BreadcrumbList\",\"@id\":\"https:\\\/\\\/lasentinelle.dz\\\/index.php\\\/2025\\\/07\\\/23\\\/mondial-de-volleyball-le-six-algerien-a-tachkent\\\/#breadcrumb\",\"itemListElement\":[{\"@type\":\"ListItem\",\"position\":1,\"name\":\"Accueil\",\"item\":\"https:\\\/\\\/lasentinelle.dz\\\/\"},{\"@type\":\"ListItem\",\"position\":2,\"name\":\"Mondial de volleyball\u00a0:\u00a0Le Six alg\u00e9rien \u00e0 Tachkent\"}]},{\"@type\":\"WebSite\",\"@id\":\"https:\\\/\\\/lasentinelle.dz\\\/#website\",\"url\":\"https:\\\/\\\/lasentinelle.dz\\\/\",\"name\":\"La Sentinelle\",\"description\":\"Quotidien national d&#039;information\",\"publisher\":{\"@id\":\"https:\\\/\\\/lasentinelle.dz\\\/#organization\"},\"potentialAction\":[{\"@type\":\"SearchAction\",\"target\":{\"@type\":\"EntryPoint\",\"urlTemplate\":\"https:\\\/\\\/lasentinelle.dz\\\/?s={search_term_string}\"},\"query-input\":{\"@type\":\"PropertyValueSpecification\",\"valueRequired\":true,\"valueName\":\"search_term_string\"}}],\"inLanguage\":\"fr-FR\"},{\"@type\":\"Organization\",\"@id\":\"https:\\\/\\\/lasentinelle.dz\\\/#organization\",\"name\":\"Quotidien La Sentinelle\",\"url\":\"https:\\\/\\\/lasentinelle.dz\\\/\",\"logo\":{\"@type\":\"ImageObject\",\"inLanguage\":\"fr-FR\",\"@id\":\"https:\\\/\\\/lasentinelle.dz\\\/#\\\/schema\\\/logo\\\/image\\\/\",\"url\":\"https:\\\/\\\/lasentinelle.dz\\\/wp-content\\\/uploads\\\/2021\\\/09\\\/logo-sentinelleSLOGAN-1.png\",\"contentUrl\":\"https:\\\/\\\/lasentinelle.dz\\\/wp-content\\\/uploads\\\/2021\\\/09\\\/logo-sentinelleSLOGAN-1.png\",\"width\":615,\"height\":142,\"caption\":\"Quotidien La Sentinelle\"},\"image\":{\"@id\":\"https:\\\/\\\/lasentinelle.dz\\\/#\\\/schema\\\/logo\\\/image\\\/\"},\"sameAs\":[\"https:\\\/\\\/www.facebook.com\\\/La-Sentinelle-104059864394773\"]},{\"@type\":\"Person\",\"@id\":\"https:\\\/\\\/lasentinelle.dz\\\/#\\\/schema\\\/person\\\/729ee0024f24e0b8c5ec17232f8e8b41\",\"name\":\"admin\",\"image\":{\"@type\":\"ImageObject\",\"inLanguage\":\"fr-FR\",\"@id\":\"https:\\\/\\\/secure.gravatar.com\\\/avatar\\\/4c81fed838786e9b53f540bf46533e750f5d292099ae3b66cfc6fb1982e29df7?s=96&d=mm&r=g\",\"url\":\"https:\\\/\\\/secure.gravatar.com\\\/avatar\\\/4c81fed838786e9b53f540bf46533e750f5d292099ae3b66cfc6fb1982e29df7?s=96&d=mm&r=g\",\"contentUrl\":\"https:\\\/\\\/secure.gravatar.com\\\/avatar\\\/4c81fed838786e9b53f540bf46533e750f5d292099ae3b66cfc6fb1982e29df7?s=96&d=mm&r=g\",\"caption\":\"admin\"},\"description\":\"admin\",\"url\":\"https:\\\/\\\/lasentinelle.dz\\\/author\\\/admin\\\/\"}]}<\/script>\n<!-- \/ Yoast SEO plugin. -->","yoast_head_json":{"title":"Mondial de volleyball\u00a0:\u00a0Le Six alg\u00e9rien \u00e0 Tachkent - La Sentinelle","robots":{"index":"index","follow":"follow","max-snippet":"max-snippet:-1","max-image-preview":"max-image-preview:large","max-video-preview":"max-video-preview:-1"},"canonical":"https:\/\/lasentinelle.dz\/index.php\/2025\/07\/23\/mondial-de-volleyball-le-six-algerien-a-tachkent\/","og_locale":"fr_FR","og_type":"article","og_title":"Mondial de volleyball\u00a0:\u00a0Le Six alg\u00e9rien \u00e0 Tachkent - La Sentinelle","og_description":"L&rsquo;Alg\u00e9rie s&rsquo;appr\u00eate \u00e0 vivre un moment intense sur les parquets de volley-ball avec la participation de sa s\u00e9lection masculine des","og_url":"https:\/\/lasentinelle.dz\/index.php\/2025\/07\/23\/mondial-de-volleyball-le-six-algerien-a-tachkent\/","og_site_name":"La Sentinelle","article_publisher":"https:\/\/www.facebook.com\/La-Sentinelle-104059864394773","article_published_time":"2025-07-23T11:33:41+00:00","og_image":[{"width":580,"height":350,"url":"https:\/\/lasentinelle.dz\/wp-content\/uploads\/2024\/06\/volleyball.jpeg","type":"image\/jpeg"}],"author":"admin","twitter_card":"summary_large_image","twitter_misc":{"\u00c9crit par":"admin","Dur\u00e9e de lecture estim\u00e9e":"3 minutes"},"schema":{"@context":"https:\/\/schema.org","@graph":[{"@type":"Article","@id":"https:\/\/lasentinelle.dz\/index.php\/2025\/07\/23\/mondial-de-volleyball-le-six-algerien-a-tachkent\/#article","isPartOf":{"@id":"https:\/\/lasentinelle.dz\/index.php\/2025\/07\/23\/mondial-de-volleyball-le-six-algerien-a-tachkent\/"},"author":{"name":"admin","@id":"https:\/\/lasentinelle.dz\/#\/schema\/person\/729ee0024f24e0b8c5ec17232f8e8b41"},"headline":"Mondial de volleyball\u00a0:\u00a0Le Six alg\u00e9rien \u00e0 Tachkent","datePublished":"2025-07-23T11:33:41+00:00","mainEntityOfPage":{"@id":"https:\/\/lasentinelle.dz\/index.php\/2025\/07\/23\/mondial-de-volleyball-le-six-algerien-a-tachkent\/"},"wordCount":590,"commentCount":0,"publisher":{"@id":"https:\/\/lasentinelle.dz\/#organization"},"image":{"@id":"https:\/\/lasentinelle.dz\/index.php\/2025\/07\/23\/mondial-de-volleyball-le-six-algerien-a-tachkent\/#primaryimage"},"thumbnailUrl":"https:\/\/lasentinelle.dz\/wp-content\/uploads\/2024\/06\/volleyball.jpeg","articleSection":["Sports"],"inLanguage":"fr-FR","potentialAction":[{"@type":"CommentAction","name":"Comment","target":["https:\/\/lasentinelle.dz\/index.php\/2025\/07\/23\/mondial-de-volleyball-le-six-algerien-a-tachkent\/#respond"]}]},{"@type":"WebPage","@id":"https:\/\/lasentinelle.dz\/index.php\/2025\/07\/23\/mondial-de-volleyball-le-six-algerien-a-tachkent\/","url":"https:\/\/lasentinelle.dz\/index.php\/2025\/07\/23\/mondial-de-volleyball-le-six-algerien-a-tachkent\/","name":"Mondial de volleyball\u00a0:\u00a0Le Six alg\u00e9rien \u00e0 Tachkent - La Sentinelle","isPartOf":{"@id":"https:\/\/lasentinelle.dz\/#website"},"primaryImageOfPage":{"@id":"https:\/\/lasentinelle.dz\/index.php\/2025\/07\/23\/mondial-de-volleyball-le-six-algerien-a-tachkent\/#primaryimage"},"image":{"@id":"https:\/\/lasentinelle.dz\/index.php\/2025\/07\/23\/mondial-de-volleyball-le-six-algerien-a-tachkent\/#primaryimage"},"thumbnailUrl":"https:\/\/lasentinelle.dz\/wp-content\/uploads\/2024\/06\/volleyball.jpeg","datePublished":"2025-07-23T11:33:41+00:00","breadcrumb":{"@id":"https:\/\/lasentinelle.dz\/index.php\/2025\/07\/23\/mondial-de-volleyball-le-six-algerien-a-tachkent\/#breadcrumb"},"inLanguage":"fr-FR","potentialAction":[{"@type":"ReadAction","target":["https:\/\/lasentinelle.dz\/index.php\/2025\/07\/23\/mondial-de-volleyball-le-six-algerien-a-tachkent\/"]}]},{"@type":"ImageObject","inLanguage":"fr-FR","@id":"https:\/\/lasentinelle.dz\/index.php\/2025\/07\/23\/mondial-de-volleyball-le-six-algerien-a-tachkent\/#primaryimage","url":"https:\/\/lasentinelle.dz\/wp-content\/uploads\/2024\/06\/volleyball.jpeg","contentUrl":"https:\/\/lasentinelle.dz\/wp-content\/uploads\/2024\/06\/volleyball.jpeg","width":580,"height":350},{"@type":"BreadcrumbList","@id":"https:\/\/lasentinelle.dz\/index.php\/2025\/07\/23\/mondial-de-volleyball-le-six-algerien-a-tachkent\/#breadcrumb","itemListElement":[{"@type":"ListItem","position":1,"name":"Accueil","item":"https:\/\/lasentinelle.dz\/"},{"@type":"ListItem","position":2,"name":"Mondial de volleyball\u00a0:\u00a0Le Six alg\u00e9rien \u00e0 Tachkent"}]},{"@type":"WebSite","@id":"https:\/\/lasentinelle.dz\/#website","url":"https:\/\/lasentinelle.dz\/","name":"La Sentinelle","description":"Quotidien national d&#039;information","publisher":{"@id":"https:\/\/lasentinelle.dz\/#organization"},"potentialAction":[{"@type":"SearchAction","target":{"@type":"EntryPoint","urlTemplate":"https:\/\/lasentinelle.dz\/?s={search_term_string}"},"query-input":{"@type":"PropertyValueSpecification","valueRequired":true,"valueName":"search_term_string"}}],"inLanguage":"fr-FR"},{"@type":"Organization","@id":"https:\/\/lasentinelle.dz\/#organization","name":"Quotidien La Sentinelle","url":"https:\/\/lasentinelle.dz\/","logo":{"@type":"ImageObject","inLanguage":"fr-FR","@id":"https:\/\/lasentinelle.dz\/#\/schema\/logo\/image\/","url":"https:\/\/lasentinelle.dz\/wp-content\/uploads\/2021\/09\/logo-sentinelleSLOGAN-1.png","contentUrl":"https:\/\/lasentinelle.dz\/wp-content\/uploads\/2021\/09\/logo-sentinelleSLOGAN-1.png","width":615,"height":142,"caption":"Quotidien La Sentinelle"},"image":{"@id":"https:\/\/lasentinelle.dz\/#\/schema\/logo\/image\/"},"sameAs":["https:\/\/www.facebook.com\/La-Sentinelle-104059864394773"]},{"@type":"Person","@id":"https:\/\/lasentinelle.dz\/#\/schema\/person\/729ee0024f24e0b8c5ec17232f8e8b41","name":"admin","image":{"@type":"ImageObject","inLanguage":"fr-FR","@id":"https:\/\/secure.gravatar.com\/avatar\/4c81fed838786e9b53f540bf46533e750f5d292099ae3b66cfc6fb1982e29df7?s=96&d=mm&r=g","url":"https:\/\/secure.gravatar.com\/avatar\/4c81fed838786e9b53f540bf46533e750f5d292099ae3b66cfc6fb1982e29df7?s=96&d=mm&r=g","contentUrl":"https:\/\/secure.gravatar.com\/avatar\/4c81fed838786e9b53f540bf46533e750f5d292099ae3b66cfc6fb1982e29df7?s=96&d=mm&r=g","caption":"admin"},"description":"admin","url":"https:\/\/lasentinelle.dz\/author\/admin\/"}]}},"_links":{"self":[{"href":"https:\/\/lasentinelle.dz\/index.php\/wp-json\/wp\/v2\/posts\/70793","targetHints":{"allow":["GET"]}}],"collection":[{"href":"https:\/\/lasentinelle.dz\/index.php\/wp-json\/wp\/v2\/posts"}],"about":[{"href":"https:\/\/lasentinelle.dz\/index.php\/wp-json\/wp\/v2\/types\/post"}],"author":[{"embeddable":true,"href":"https:\/\/lasentinelle.dz\/index.php\/wp-json\/wp\/v2\/users\/6"}],"replies":[{"embeddable":true,"href":"https:\/\/lasentinelle.dz\/index.php\/wp-json\/wp\/v2\/comments?post=70793"}],"version-history":[{"count":1,"href":"https:\/\/lasentinelle.dz\/index.php\/wp-json\/wp\/v2\/posts\/70793\/revisions"}],"predecessor-version":[{"id":70794,"href":"https:\/\/lasentinelle.dz\/index.php\/wp-json\/wp\/v2\/posts\/70793\/revisions\/70794"}],"wp:featuredmedia":[{"embeddable":true,"href":"https:\/\/lasentinelle.dz\/index.php\/wp-json\/wp\/v2\/media\/53207"}],"wp:attachment":[{"href":"https:\/\/lasentinelle.dz\/index.php\/wp-json\/wp\/v2\/media?parent=70793"}],"wp:term":[{"taxonomy":"category","embeddable":true,"href":"https:\/\/lasentinelle.dz\/index.php\/wp-json\/wp\/v2\/categories?post=70793"},{"taxonomy":"post_tag","embeddable":true,"href":"https:\/\/lasentinelle.dz\/index.php\/wp-json\/wp\/v2\/tags?post=70793"}],"curies":[{"name":"wp","href":"https:\/\/api.w.org\/{rel}","templated":true}]}}