{"id":70795,"date":"2025-07-23T12:34:41","date_gmt":"2025-07-23T11:34:41","guid":{"rendered":"https:\/\/lasentinelle.dz\/?p=70795"},"modified":"2025-07-23T12:34:41","modified_gmt":"2025-07-23T11:34:41","slug":"chan-2024-les-verts-locaux-peaufinent-leur-preparation","status":"publish","type":"post","link":"https:\/\/lasentinelle.dz\/index.php\/2025\/07\/23\/chan-2024-les-verts-locaux-peaufinent-leur-preparation\/","title":{"rendered":"CHAN 2024\u00a0:\u00a0Les Verts locaux peaufinent leur pr\u00e9paration\u00a0"},"content":{"rendered":"\n<p>La s\u00e9lection nationale A&rsquo; de football intensifie sa pr\u00e9paration au Centre technique national de Sidi Moussa en vue du Championnat d&rsquo;Afrique des nations CHAN-2024, report\u00e9 \u00e0 2025, dont la phase finale se d\u00e9roulera du 2 au 30 ao\u00fbt dans trois pays d&rsquo;Afrique de l&rsquo;Est : le Kenya, la Tanzanie et l&rsquo;Ouganda.&nbsp;<\/p>\n\n\n\n<p>Le regroupement dirig\u00e9 par Madjid Bougherra suit son cours normal malgr\u00e9 quelques ajustements d&rsquo;effectif. La journ\u00e9e de lundi a \u00e9t\u00e9 particuli\u00e8rement productive avec un programme d&rsquo;entra\u00eenement bien structur\u00e9 comprenant deux s\u00e9ances distinctes. La matin\u00e9e a \u00e9t\u00e9 consacr\u00e9e au renforcement physique avec une s\u00e9ance en salle de musculation, \u00e9l\u00e9ment essentiel pour pr\u00e9parer les organismes aux exigences d&rsquo;une comp\u00e9tition continentale disput\u00e9e sous des temp\u00e9ratures \u00e9lev\u00e9es. L&rsquo;apr\u00e8s-midi, les joueurs ont retrouv\u00e9 les terrains du centre technique pour une s\u00e9ance plus compl\u00e8te alliant travail physique, exercices techniques et mises en place tactiques, permettant au staff de peaufiner les automatismes collectifs.<\/p>\n\n\n\n<p>L&rsquo;effectif pr\u00e9sent au stage s&rsquo;est \u00e9toff\u00e9 avec l&rsquo;arriv\u00e9e de trois joueurs de l&rsquo;USM Alger : Saadi Radouani, Adem Alilet et Mehdi Merghem. Cette incorporation tardive porte \u00e0 23 le nombre de joueurs actuellement pr\u00e9sents sur les 28 initialement convoqu\u00e9s par le s\u00e9lectionneur national. Ces renforts de l&rsquo;USMA, club phare du championnat alg\u00e9rien, apportent leur exp\u00e9rience et leur qualit\u00e9 technique \u00e0 un groupe qui ambitionne de faire bonne figure lors de cette \u00e9ch\u00e9ance continentale. Toutefois, l&rsquo;absence d&rsquo;Aymen Mahious continue de planer sur cette pr\u00e9paration, sa participation au CHAN demeurant incertaine selon les derni\u00e8res informations.<\/p>\n\n\n\n<p>La pr\u00e9paration des Verts locaux a connu un contretemps avec l&rsquo;annulation des deux matchs d&rsquo;application pr\u00e9vus contre la RD Congo. Cette d\u00e9cision prise par la f\u00e9d\u00e9ration congolaise de ne pas effectuer le voyage prive l&rsquo;\u00e9quipe alg\u00e9rienne d&rsquo;une confrontation importante qui aurait permis \u00e0 Madjid Bougherra d&rsquo;\u00e9valuer ses joueurs dans des conditions proches de la comp\u00e9tition. Cette situation oblige le staff technique \u00e0 revoir sa planification et \u00e0 trouver d&rsquo;autres moyens d&rsquo;optimiser la pr\u00e9paration, notamment \u00e0 travers des oppositions internes et des s\u00e9ances tactiques plus pouss\u00e9es.&nbsp;Le parcours qualificatif de l&rsquo;Alg\u00e9rie pour ce CHAN reste un motif de satisfaction. L&rsquo;\u00e9quipe nationale A&rsquo; avait valid\u00e9 son billet en \u00e9liminant la Gambie en barrages apr\u00e8s un parcours ma\u00eetris\u00e9 : match nul vierge \u00e0 l&rsquo;ext\u00e9rieur \u00e0 Bakau puis victoire convaincante 3-0 \u00e0 domicile \u00e0 Annaba. Cette qualification t\u00e9moigne du potentiel du football alg\u00e9rien local et de la capacit\u00e9 des joueurs \u00e9voluant en championnat national \u00e0 rivaliser avec leurs homologues continentaux.<\/p>\n\n\n\n<p>Le tirage au sort a plac\u00e9 l&rsquo;Alg\u00e9rie dans le groupe C, une poule qui s&rsquo;annonce \u00e9quilibr\u00e9e et disput\u00e9e. L&rsquo;aventure d\u00e9butera le lundi 4 ao\u00fbt face \u00e0 l&rsquo;Ouganda au Mandela National Stadium de Kampala \u00e0 18h00 heure alg\u00e9rienne. Ce premier match contre les ma\u00eetres de maison constitue un test redoutable, l&rsquo;\u00e9quipe ougandaise b\u00e9n\u00e9ficiant du soutien de son public et d&rsquo;une connaissance parfaite des conditions locales. Le vendredi 8 ao\u00fbt, toujours \u00e0 Kampala, les Alg\u00e9riens affronteront l&rsquo;Afrique du Sud \u00e0 15h00, une s\u00e9lection sud-africaine toujours redoutable dans ce type de comp\u00e9tition.<\/p>\n\n\n\n<p>La suite du parcours m\u00e8nera les joueurs de Bougherra vers d&rsquo;autres d\u00e9fis avec la confrontation face \u00e0 la Guin\u00e9e programm\u00e9e le vendredi 15 ao\u00fbt \u00e0 15h00, avant de cl\u00f4turer la phase de groupes contre le Niger le lundi 18 ao\u00fbt au Nyayo Stadium de Nairobi \u00e0 18h00. Ce calendrier impose un rythme soutenu avec des d\u00e9placements entre diff\u00e9rents pays, ce qui n\u00e9cessite une pr\u00e9paration physique et mentale optimale.<\/p>\n\n\n\n<p>Moncef D.<\/p>\n","protected":false},"excerpt":{"rendered":"<p>La s\u00e9lection nationale A&rsquo; de football intensifie sa pr\u00e9paration au Centre technique national de Sidi Moussa en vue du Championnat<\/p>\n","protected":false},"author":6,"featured_media":70796,"comment_status":"open","ping_status":"closed","sticky":false,"template":"","format":"standard","meta":{"colormag_page_container_layout":"default_layout","colormag_page_sidebar_layout":"default_layout","om_disable_all_campaigns":false,"_monsterinsights_skip_tracking":false,"_monsterinsights_sitenote_active":false,"_monsterinsights_sitenote_note":"","_monsterinsights_sitenote_category":0,"footnotes":"","_wpscppro_dont_share_socialmedia":false,"_wpscppro_custom_social_share_image":0,"_facebook_share_type":"default","_twitter_share_type":"default","_linkedin_share_type":"default","_pinterest_share_type":"default","_linkedin_share_type_page":"","_instagram_share_type":"default","_medium_share_type":"default","_threads_share_type":"","_google_business_share_type":"","_selected_social_profile":[],"_wpsp_enable_custom_social_template":false,"_wpsp_social_scheduling":{"enabled":false,"datetime":null,"platforms":[],"status":"template_only","dateOption":"today","timeOption":"now","customDays":"","customHours":"","customDate":"","customTime":"","schedulingType":"absolute"},"_wpsp_active_default_template":true},"categories":[33],"tags":[],"class_list":["post-70795","post","type-post","status-publish","format-standard","has-post-thumbnail","hentry","category-sports"],"aioseo_notices":[],"yoast_head":"<!-- This site is optimized with the Yoast SEO plugin v27.5 - https:\/\/yoast.com\/product\/yoast-seo-wordpress\/ -->\n<title>CHAN 2024\u00a0:\u00a0Les Verts locaux peaufinent leur pr\u00e9paration\u00a0 - La Sentinelle<\/title>\n<meta name=\"robots\" content=\"index, follow, max-snippet:-1, max-image-preview:large, max-video-preview:-1\" \/>\n<link rel=\"canonical\" href=\"https:\/\/lasentinelle.dz\/index.php\/2025\/07\/23\/chan-2024-les-verts-locaux-peaufinent-leur-preparation\/\" \/>\n<meta property=\"og:locale\" content=\"fr_FR\" \/>\n<meta property=\"og:type\" content=\"article\" \/>\n<meta property=\"og:title\" content=\"CHAN 2024\u00a0:\u00a0Les Verts locaux peaufinent leur pr\u00e9paration\u00a0 - La Sentinelle\" \/>\n<meta property=\"og:description\" content=\"La s\u00e9lection nationale A&rsquo; de football intensifie sa pr\u00e9paration au Centre technique national de Sidi Moussa en vue du Championnat\" \/>\n<meta property=\"og:url\" content=\"https:\/\/lasentinelle.dz\/index.php\/2025\/07\/23\/chan-2024-les-verts-locaux-peaufinent-leur-preparation\/\" \/>\n<meta property=\"og:site_name\" content=\"La Sentinelle\" \/>\n<meta property=\"article:publisher\" content=\"https:\/\/www.facebook.com\/La-Sentinelle-104059864394773\" \/>\n<meta property=\"article:published_time\" content=\"2025-07-23T11:34:41+00:00\" \/>\n<meta property=\"og:image\" content=\"https:\/\/lasentinelle.dz\/wp-content\/uploads\/2025\/07\/Bougherra.jpg\" \/>\n\t<meta property=\"og:image:width\" content=\"2418\" \/>\n\t<meta property=\"og:image:height\" content=\"1390\" \/>\n\t<meta property=\"og:image:type\" content=\"image\/jpeg\" \/>\n<meta name=\"author\" content=\"admin\" \/>\n<meta name=\"twitter:card\" content=\"summary_large_image\" \/>\n<meta name=\"twitter:label1\" content=\"\u00c9crit par\" \/>\n\t<meta name=\"twitter:data1\" content=\"admin\" \/>\n\t<meta name=\"twitter:label2\" content=\"Dur\u00e9e de lecture estim\u00e9e\" \/>\n\t<meta name=\"twitter:data2\" content=\"4 minutes\" \/>\n<script type=\"application\/ld+json\" class=\"yoast-schema-graph\">{\"@context\":\"https:\\\/\\\/schema.org\",\"@graph\":[{\"@type\":\"Article\",\"@id\":\"https:\\\/\\\/lasentinelle.dz\\\/index.php\\\/2025\\\/07\\\/23\\\/chan-2024-les-verts-locaux-peaufinent-leur-preparation\\\/#article\",\"isPartOf\":{\"@id\":\"https:\\\/\\\/lasentinelle.dz\\\/index.php\\\/2025\\\/07\\\/23\\\/chan-2024-les-verts-locaux-peaufinent-leur-preparation\\\/\"},\"author\":{\"name\":\"admin\",\"@id\":\"https:\\\/\\\/lasentinelle.dz\\\/#\\\/schema\\\/person\\\/729ee0024f24e0b8c5ec17232f8e8b41\"},\"headline\":\"CHAN 2024\u00a0:\u00a0Les Verts locaux peaufinent leur pr\u00e9paration\u00a0\",\"datePublished\":\"2025-07-23T11:34:41+00:00\",\"mainEntityOfPage\":{\"@id\":\"https:\\\/\\\/lasentinelle.dz\\\/index.php\\\/2025\\\/07\\\/23\\\/chan-2024-les-verts-locaux-peaufinent-leur-preparation\\\/\"},\"wordCount\":637,\"commentCount\":0,\"publisher\":{\"@id\":\"https:\\\/\\\/lasentinelle.dz\\\/#organization\"},\"image\":{\"@id\":\"https:\\\/\\\/lasentinelle.dz\\\/index.php\\\/2025\\\/07\\\/23\\\/chan-2024-les-verts-locaux-peaufinent-leur-preparation\\\/#primaryimage\"},\"thumbnailUrl\":\"https:\\\/\\\/lasentinelle.dz\\\/wp-content\\\/uploads\\\/2025\\\/07\\\/Bougherra.jpg\",\"articleSection\":[\"Sports\"],\"inLanguage\":\"fr-FR\",\"potentialAction\":[{\"@type\":\"CommentAction\",\"name\":\"Comment\",\"target\":[\"https:\\\/\\\/lasentinelle.dz\\\/index.php\\\/2025\\\/07\\\/23\\\/chan-2024-les-verts-locaux-peaufinent-leur-preparation\\\/#respond\"]}]},{\"@type\":\"WebPage\",\"@id\":\"https:\\\/\\\/lasentinelle.dz\\\/index.php\\\/2025\\\/07\\\/23\\\/chan-2024-les-verts-locaux-peaufinent-leur-preparation\\\/\",\"url\":\"https:\\\/\\\/lasentinelle.dz\\\/index.php\\\/2025\\\/07\\\/23\\\/chan-2024-les-verts-locaux-peaufinent-leur-preparation\\\/\",\"name\":\"CHAN 2024\u00a0:\u00a0Les Verts locaux peaufinent leur pr\u00e9paration\u00a0 - La Sentinelle\",\"isPartOf\":{\"@id\":\"https:\\\/\\\/lasentinelle.dz\\\/#website\"},\"primaryImageOfPage\":{\"@id\":\"https:\\\/\\\/lasentinelle.dz\\\/index.php\\\/2025\\\/07\\\/23\\\/chan-2024-les-verts-locaux-peaufinent-leur-preparation\\\/#primaryimage\"},\"image\":{\"@id\":\"https:\\\/\\\/lasentinelle.dz\\\/index.php\\\/2025\\\/07\\\/23\\\/chan-2024-les-verts-locaux-peaufinent-leur-preparation\\\/#primaryimage\"},\"thumbnailUrl\":\"https:\\\/\\\/lasentinelle.dz\\\/wp-content\\\/uploads\\\/2025\\\/07\\\/Bougherra.jpg\",\"datePublished\":\"2025-07-23T11:34:41+00:00\",\"breadcrumb\":{\"@id\":\"https:\\\/\\\/lasentinelle.dz\\\/index.php\\\/2025\\\/07\\\/23\\\/chan-2024-les-verts-locaux-peaufinent-leur-preparation\\\/#breadcrumb\"},\"inLanguage\":\"fr-FR\",\"potentialAction\":[{\"@type\":\"ReadAction\",\"target\":[\"https:\\\/\\\/lasentinelle.dz\\\/index.php\\\/2025\\\/07\\\/23\\\/chan-2024-les-verts-locaux-peaufinent-leur-preparation\\\/\"]}]},{\"@type\":\"ImageObject\",\"inLanguage\":\"fr-FR\",\"@id\":\"https:\\\/\\\/lasentinelle.dz\\\/index.php\\\/2025\\\/07\\\/23\\\/chan-2024-les-verts-locaux-peaufinent-leur-preparation\\\/#primaryimage\",\"url\":\"https:\\\/\\\/lasentinelle.dz\\\/wp-content\\\/uploads\\\/2025\\\/07\\\/Bougherra.jpg\",\"contentUrl\":\"https:\\\/\\\/lasentinelle.dz\\\/wp-content\\\/uploads\\\/2025\\\/07\\\/Bougherra.jpg\",\"width\":2418,\"height\":1390},{\"@type\":\"BreadcrumbList\",\"@id\":\"https:\\\/\\\/lasentinelle.dz\\\/index.php\\\/2025\\\/07\\\/23\\\/chan-2024-les-verts-locaux-peaufinent-leur-preparation\\\/#breadcrumb\",\"itemListElement\":[{\"@type\":\"ListItem\",\"position\":1,\"name\":\"Accueil\",\"item\":\"https:\\\/\\\/lasentinelle.dz\\\/\"},{\"@type\":\"ListItem\",\"position\":2,\"name\":\"CHAN 2024\u00a0:\u00a0Les Verts locaux peaufinent leur pr\u00e9paration\u00a0\"}]},{\"@type\":\"WebSite\",\"@id\":\"https:\\\/\\\/lasentinelle.dz\\\/#website\",\"url\":\"https:\\\/\\\/lasentinelle.dz\\\/\",\"name\":\"La Sentinelle\",\"description\":\"Quotidien national d&#039;information\",\"publisher\":{\"@id\":\"https:\\\/\\\/lasentinelle.dz\\\/#organization\"},\"potentialAction\":[{\"@type\":\"SearchAction\",\"target\":{\"@type\":\"EntryPoint\",\"urlTemplate\":\"https:\\\/\\\/lasentinelle.dz\\\/?s={search_term_string}\"},\"query-input\":{\"@type\":\"PropertyValueSpecification\",\"valueRequired\":true,\"valueName\":\"search_term_string\"}}],\"inLanguage\":\"fr-FR\"},{\"@type\":\"Organization\",\"@id\":\"https:\\\/\\\/lasentinelle.dz\\\/#organization\",\"name\":\"Quotidien La Sentinelle\",\"url\":\"https:\\\/\\\/lasentinelle.dz\\\/\",\"logo\":{\"@type\":\"ImageObject\",\"inLanguage\":\"fr-FR\",\"@id\":\"https:\\\/\\\/lasentinelle.dz\\\/#\\\/schema\\\/logo\\\/image\\\/\",\"url\":\"https:\\\/\\\/lasentinelle.dz\\\/wp-content\\\/uploads\\\/2021\\\/09\\\/logo-sentinelleSLOGAN-1.png\",\"contentUrl\":\"https:\\\/\\\/lasentinelle.dz\\\/wp-content\\\/uploads\\\/2021\\\/09\\\/logo-sentinelleSLOGAN-1.png\",\"width\":615,\"height\":142,\"caption\":\"Quotidien La Sentinelle\"},\"image\":{\"@id\":\"https:\\\/\\\/lasentinelle.dz\\\/#\\\/schema\\\/logo\\\/image\\\/\"},\"sameAs\":[\"https:\\\/\\\/www.facebook.com\\\/La-Sentinelle-104059864394773\"]},{\"@type\":\"Person\",\"@id\":\"https:\\\/\\\/lasentinelle.dz\\\/#\\\/schema\\\/person\\\/729ee0024f24e0b8c5ec17232f8e8b41\",\"name\":\"admin\",\"image\":{\"@type\":\"ImageObject\",\"inLanguage\":\"fr-FR\",\"@id\":\"https:\\\/\\\/secure.gravatar.com\\\/avatar\\\/4c81fed838786e9b53f540bf46533e750f5d292099ae3b66cfc6fb1982e29df7?s=96&d=mm&r=g\",\"url\":\"https:\\\/\\\/secure.gravatar.com\\\/avatar\\\/4c81fed838786e9b53f540bf46533e750f5d292099ae3b66cfc6fb1982e29df7?s=96&d=mm&r=g\",\"contentUrl\":\"https:\\\/\\\/secure.gravatar.com\\\/avatar\\\/4c81fed838786e9b53f540bf46533e750f5d292099ae3b66cfc6fb1982e29df7?s=96&d=mm&r=g\",\"caption\":\"admin\"},\"description\":\"admin\",\"url\":\"https:\\\/\\\/lasentinelle.dz\\\/author\\\/admin\\\/\"}]}<\/script>\n<!-- \/ Yoast SEO plugin. -->","yoast_head_json":{"title":"CHAN 2024\u00a0:\u00a0Les Verts locaux peaufinent leur pr\u00e9paration\u00a0 - La Sentinelle","robots":{"index":"index","follow":"follow","max-snippet":"max-snippet:-1","max-image-preview":"max-image-preview:large","max-video-preview":"max-video-preview:-1"},"canonical":"https:\/\/lasentinelle.dz\/index.php\/2025\/07\/23\/chan-2024-les-verts-locaux-peaufinent-leur-preparation\/","og_locale":"fr_FR","og_type":"article","og_title":"CHAN 2024\u00a0:\u00a0Les Verts locaux peaufinent leur pr\u00e9paration\u00a0 - La Sentinelle","og_description":"La s\u00e9lection nationale A&rsquo; de football intensifie sa pr\u00e9paration au Centre technique national de Sidi Moussa en vue du Championnat","og_url":"https:\/\/lasentinelle.dz\/index.php\/2025\/07\/23\/chan-2024-les-verts-locaux-peaufinent-leur-preparation\/","og_site_name":"La Sentinelle","article_publisher":"https:\/\/www.facebook.com\/La-Sentinelle-104059864394773","article_published_time":"2025-07-23T11:34:41+00:00","og_image":[{"width":2418,"height":1390,"url":"https:\/\/lasentinelle.dz\/wp-content\/uploads\/2025\/07\/Bougherra.jpg","type":"image\/jpeg"}],"author":"admin","twitter_card":"summary_large_image","twitter_misc":{"\u00c9crit par":"admin","Dur\u00e9e de lecture estim\u00e9e":"4 minutes"},"schema":{"@context":"https:\/\/schema.org","@graph":[{"@type":"Article","@id":"https:\/\/lasentinelle.dz\/index.php\/2025\/07\/23\/chan-2024-les-verts-locaux-peaufinent-leur-preparation\/#article","isPartOf":{"@id":"https:\/\/lasentinelle.dz\/index.php\/2025\/07\/23\/chan-2024-les-verts-locaux-peaufinent-leur-preparation\/"},"author":{"name":"admin","@id":"https:\/\/lasentinelle.dz\/#\/schema\/person\/729ee0024f24e0b8c5ec17232f8e8b41"},"headline":"CHAN 2024\u00a0:\u00a0Les Verts locaux peaufinent leur pr\u00e9paration\u00a0","datePublished":"2025-07-23T11:34:41+00:00","mainEntityOfPage":{"@id":"https:\/\/lasentinelle.dz\/index.php\/2025\/07\/23\/chan-2024-les-verts-locaux-peaufinent-leur-preparation\/"},"wordCount":637,"commentCount":0,"publisher":{"@id":"https:\/\/lasentinelle.dz\/#organization"},"image":{"@id":"https:\/\/lasentinelle.dz\/index.php\/2025\/07\/23\/chan-2024-les-verts-locaux-peaufinent-leur-preparation\/#primaryimage"},"thumbnailUrl":"https:\/\/lasentinelle.dz\/wp-content\/uploads\/2025\/07\/Bougherra.jpg","articleSection":["Sports"],"inLanguage":"fr-FR","potentialAction":[{"@type":"CommentAction","name":"Comment","target":["https:\/\/lasentinelle.dz\/index.php\/2025\/07\/23\/chan-2024-les-verts-locaux-peaufinent-leur-preparation\/#respond"]}]},{"@type":"WebPage","@id":"https:\/\/lasentinelle.dz\/index.php\/2025\/07\/23\/chan-2024-les-verts-locaux-peaufinent-leur-preparation\/","url":"https:\/\/lasentinelle.dz\/index.php\/2025\/07\/23\/chan-2024-les-verts-locaux-peaufinent-leur-preparation\/","name":"CHAN 2024\u00a0:\u00a0Les Verts locaux peaufinent leur pr\u00e9paration\u00a0 - La Sentinelle","isPartOf":{"@id":"https:\/\/lasentinelle.dz\/#website"},"primaryImageOfPage":{"@id":"https:\/\/lasentinelle.dz\/index.php\/2025\/07\/23\/chan-2024-les-verts-locaux-peaufinent-leur-preparation\/#primaryimage"},"image":{"@id":"https:\/\/lasentinelle.dz\/index.php\/2025\/07\/23\/chan-2024-les-verts-locaux-peaufinent-leur-preparation\/#primaryimage"},"thumbnailUrl":"https:\/\/lasentinelle.dz\/wp-content\/uploads\/2025\/07\/Bougherra.jpg","datePublished":"2025-07-23T11:34:41+00:00","breadcrumb":{"@id":"https:\/\/lasentinelle.dz\/index.php\/2025\/07\/23\/chan-2024-les-verts-locaux-peaufinent-leur-preparation\/#breadcrumb"},"inLanguage":"fr-FR","potentialAction":[{"@type":"ReadAction","target":["https:\/\/lasentinelle.dz\/index.php\/2025\/07\/23\/chan-2024-les-verts-locaux-peaufinent-leur-preparation\/"]}]},{"@type":"ImageObject","inLanguage":"fr-FR","@id":"https:\/\/lasentinelle.dz\/index.php\/2025\/07\/23\/chan-2024-les-verts-locaux-peaufinent-leur-preparation\/#primaryimage","url":"https:\/\/lasentinelle.dz\/wp-content\/uploads\/2025\/07\/Bougherra.jpg","contentUrl":"https:\/\/lasentinelle.dz\/wp-content\/uploads\/2025\/07\/Bougherra.jpg","width":2418,"height":1390},{"@type":"BreadcrumbList","@id":"https:\/\/lasentinelle.dz\/index.php\/2025\/07\/23\/chan-2024-les-verts-locaux-peaufinent-leur-preparation\/#breadcrumb","itemListElement":[{"@type":"ListItem","position":1,"name":"Accueil","item":"https:\/\/lasentinelle.dz\/"},{"@type":"ListItem","position":2,"name":"CHAN 2024\u00a0:\u00a0Les Verts locaux peaufinent leur pr\u00e9paration\u00a0"}]},{"@type":"WebSite","@id":"https:\/\/lasentinelle.dz\/#website","url":"https:\/\/lasentinelle.dz\/","name":"La Sentinelle","description":"Quotidien national d&#039;information","publisher":{"@id":"https:\/\/lasentinelle.dz\/#organization"},"potentialAction":[{"@type":"SearchAction","target":{"@type":"EntryPoint","urlTemplate":"https:\/\/lasentinelle.dz\/?s={search_term_string}"},"query-input":{"@type":"PropertyValueSpecification","valueRequired":true,"valueName":"search_term_string"}}],"inLanguage":"fr-FR"},{"@type":"Organization","@id":"https:\/\/lasentinelle.dz\/#organization","name":"Quotidien La Sentinelle","url":"https:\/\/lasentinelle.dz\/","logo":{"@type":"ImageObject","inLanguage":"fr-FR","@id":"https:\/\/lasentinelle.dz\/#\/schema\/logo\/image\/","url":"https:\/\/lasentinelle.dz\/wp-content\/uploads\/2021\/09\/logo-sentinelleSLOGAN-1.png","contentUrl":"https:\/\/lasentinelle.dz\/wp-content\/uploads\/2021\/09\/logo-sentinelleSLOGAN-1.png","width":615,"height":142,"caption":"Quotidien La Sentinelle"},"image":{"@id":"https:\/\/lasentinelle.dz\/#\/schema\/logo\/image\/"},"sameAs":["https:\/\/www.facebook.com\/La-Sentinelle-104059864394773"]},{"@type":"Person","@id":"https:\/\/lasentinelle.dz\/#\/schema\/person\/729ee0024f24e0b8c5ec17232f8e8b41","name":"admin","image":{"@type":"ImageObject","inLanguage":"fr-FR","@id":"https:\/\/secure.gravatar.com\/avatar\/4c81fed838786e9b53f540bf46533e750f5d292099ae3b66cfc6fb1982e29df7?s=96&d=mm&r=g","url":"https:\/\/secure.gravatar.com\/avatar\/4c81fed838786e9b53f540bf46533e750f5d292099ae3b66cfc6fb1982e29df7?s=96&d=mm&r=g","contentUrl":"https:\/\/secure.gravatar.com\/avatar\/4c81fed838786e9b53f540bf46533e750f5d292099ae3b66cfc6fb1982e29df7?s=96&d=mm&r=g","caption":"admin"},"description":"admin","url":"https:\/\/lasentinelle.dz\/author\/admin\/"}]}},"_links":{"self":[{"href":"https:\/\/lasentinelle.dz\/index.php\/wp-json\/wp\/v2\/posts\/70795","targetHints":{"allow":["GET"]}}],"collection":[{"href":"https:\/\/lasentinelle.dz\/index.php\/wp-json\/wp\/v2\/posts"}],"about":[{"href":"https:\/\/lasentinelle.dz\/index.php\/wp-json\/wp\/v2\/types\/post"}],"author":[{"embeddable":true,"href":"https:\/\/lasentinelle.dz\/index.php\/wp-json\/wp\/v2\/users\/6"}],"replies":[{"embeddable":true,"href":"https:\/\/lasentinelle.dz\/index.php\/wp-json\/wp\/v2\/comments?post=70795"}],"version-history":[{"count":1,"href":"https:\/\/lasentinelle.dz\/index.php\/wp-json\/wp\/v2\/posts\/70795\/revisions"}],"predecessor-version":[{"id":70797,"href":"https:\/\/lasentinelle.dz\/index.php\/wp-json\/wp\/v2\/posts\/70795\/revisions\/70797"}],"wp:featuredmedia":[{"embeddable":true,"href":"https:\/\/lasentinelle.dz\/index.php\/wp-json\/wp\/v2\/media\/70796"}],"wp:attachment":[{"href":"https:\/\/lasentinelle.dz\/index.php\/wp-json\/wp\/v2\/media?parent=70795"}],"wp:term":[{"taxonomy":"category","embeddable":true,"href":"https:\/\/lasentinelle.dz\/index.php\/wp-json\/wp\/v2\/categories?post=70795"},{"taxonomy":"post_tag","embeddable":true,"href":"https:\/\/lasentinelle.dz\/index.php\/wp-json\/wp\/v2\/tags?post=70795"}],"curies":[{"name":"wp","href":"https:\/\/api.w.org\/{rel}","templated":true}]}}