{"id":70798,"date":"2025-07-23T12:35:28","date_gmt":"2025-07-23T11:35:28","guid":{"rendered":"https:\/\/lasentinelle.dz\/?p=70798"},"modified":"2025-07-23T12:53:08","modified_gmt":"2025-07-23T11:53:08","slug":"mc-alger-mokwena-avec-de-lambition","status":"publish","type":"post","link":"https:\/\/lasentinelle.dz\/index.php\/2025\/07\/23\/mc-alger-mokwena-avec-de-lambition\/","title":{"rendered":"MC Alger\u00a0:\u00a0Mokwena\u00a0avec de l&rsquo;ambition"},"content":{"rendered":"\n<p>Le Mouloudia d&rsquo;Alger entre dans une nouvelle \u00e8re avec l&rsquo;arriv\u00e9e de Rhulani Mokwena, technicien sud-africain de 38 ans dont le curriculum vitae impressionne d\u00e9j\u00e0 les observateurs du football continental.&nbsp;<\/p>\n\n\n\n<p>Lors de sa pr\u00e9sentation officielle au centre d&rsquo;entra\u00eenement Baba Hammoud de Z\u00e9ralda, l&rsquo;ancien entra\u00eeneur des Mamelodi Sundowns et du Wydad Casablanca n&rsquo;a pas cach\u00e9 ses grandes ambitions pour le club alg\u00e9rois, double champion d&rsquo;Alg\u00e9rie en titre. Mokwena arrive au MCA aur\u00e9ol\u00e9 d&rsquo;un palmar\u00e8s d\u00e9j\u00e0 substantiel qui force le respect. Son parcours l&rsquo;a men\u00e9 des bancs sud-africains aux sommets africains, avec notamment deux titres de champion d&rsquo;Afrique du Sud cons\u00e9cutifs en 2023 et 2024 avec les Mamelodi Sundowns, ainsi qu&rsquo;une Ligue des Champions d&rsquo;Afrique en 2023. Cette exp\u00e9rience du tr\u00e8s haut niveau continental constitue un atout majeur pour un club alg\u00e9rien qui nourrit de l\u00e9gitimes ambitions europ\u00e9ennes et africaines. Le technicien a \u00e9galement \u0153uvr\u00e9 au sein d&rsquo;autres formations prestigieuses comme Orlando Pirates et Chippa United, s&rsquo;imposant progressivement comme l&rsquo;une des figures montantes du coaching africain.<\/p>\n\n\n\n<p><strong>Pr\u00eat \u00e0 relever le d\u00e9fi<\/strong><\/p>\n\n\n\n<p>D\u00e8s sa premi\u00e8re prise de parole, le nouvel entra\u00eeneur du MCA a fix\u00e9 le cap avec une lucidit\u00e9 remarquable sur les d\u00e9fis qui l&rsquo;attendent. \u00ab\u00a0Dans un monde parfait, un entra\u00eeneur prendrait son temps, et travaillerait \u00e9tape par \u00e9tape pour que sur le long terme, il parvienne enfin \u00e0 hisser son club \u00e0 un niveau sup\u00e9rieur. Malheureusement, dans la vraie vie, ce n&rsquo;est pas le cas. Un entra\u00eeneur doit travailler vite et obtenir rapidement des r\u00e9sultats, surtout dans les championnats d&rsquo;Afrique du nord. Tel est mon d\u00e9fi au Mouloudia. J&rsquo;en suis parfaitement conscient et je suis pr\u00eat \u00e0 le relever\u00a0\u00bb, a-t-il d\u00e9clar\u00e9 avec une franchise qui t\u00e9moigne de sa parfaite compr\u00e9hension des exigences du football alg\u00e9rien.&nbsp;Cette approche pragmatique se double d&rsquo;un respect manifeste pour le travail accompli par son pr\u00e9d\u00e9cesseur. \u00ab\u00a0Avant de venir, j&rsquo;ai eu la chance de visionner plusieurs matchs du MCA, et j&rsquo;admets que mon pr\u00e9d\u00e9cesseur, Khaled Ben Yahia, a fait du bon travail. A pr\u00e9sent, il faut travailler dur pour garder cette bonne dynamique et essayer de faire mieux la saison prochaine\u00a0\u00bb, a-t-il soulign\u00e9, montrant ainsi sa volont\u00e9 d&rsquo;inscrire son projet dans la continuit\u00e9 plut\u00f4t que dans la rupture. Cette posture rassurante permet d&rsquo;envisager une transition en douceur, essentielle pour un club qui sort d&rsquo;une saison exceptionnelle ponctu\u00e9e par un nouveau titre de champion et un parcours honorable en Ligue des Champions africaine.<\/p>\n\n\n\n<p>L&rsquo;analyse du championnat alg\u00e9rien par Mokwena r\u00e9v\u00e8le un technicien qui a pris le temps d&rsquo;\u00e9tudier son nouvel environnement. \u00ab\u00a0J&rsquo;ai \u00e9galement pass\u00e9 en revue le championnat alg\u00e9rien, et mon premier constat a \u00e9t\u00e9 de noter que l&rsquo;\u00e9cart \u00e9tait trop mince entre les trois premiers du championnat la saison derni\u00e8re, ce qui montre on ne peut mieux la difficult\u00e9 de la Ligue 1\u00a0\u00bb, a-t-il observ\u00e9 avec justesse. Cette lucidit\u00e9 sur la comp\u00e9titivit\u00e9 du football alg\u00e9rien constitue un gage de s\u00e9rieux dans sa pr\u00e9paration et sugg\u00e8re qu&rsquo;il ne sous-estimera aucun adversaire dans sa qu\u00eate de nouveaux succ\u00e8s.<\/p>\n\n\n\n<p>Concernant son effectif, le technicien sud-africain semble d\u00e9j\u00e0 avoir une vision claire des possibilit\u00e9s qui s&rsquo;offrent \u00e0 lui. \u00ab\u00a0J&rsquo;ai des joueurs tr\u00e8s talentueux au Mouloudia, dont trois \u00e9trangers\u00a0\u00bb, a-t-il confi\u00e9, \u00e9voquant la possibilit\u00e9 d&rsquo;en faire venir un quatri\u00e8me pour compl\u00e9ter son dispositif. Cette approche mesur\u00e9e du recrutement tranche avec les p\u00e9riodes de r\u00e9volution totale que connaissent parfois les clubs en changement d&rsquo;entra\u00eeneur. Mokwena privil\u00e9gie visiblement l&rsquo;am\u00e9lioration cibl\u00e9e \u00e0 la refonte compl\u00e8te, une philosophie qui devrait rassurer les supporters du Doyen attach\u00e9s aux visages familiers de l&rsquo;\u00e9quipe championne.<\/p>\n\n\n\n<p><strong>La rumeur Bela\u00efli<\/strong><\/p>\n\n\n\n<p>La question de Youssef Bela\u00efli, ancien chouchou des supporters mouloud\u00e9ens aujourd&rsquo;hui \u00e0 l&rsquo;Esp\u00e9rance de Tunis, a naturellement \u00e9t\u00e9 abord\u00e9e lors de cette pr\u00e9sentation. Le nouvel entra\u00eeneur a mani\u00e9 la diplomatie avec habilet\u00e9 : \u00ab\u00a0J&rsquo;attendais cette question. Bela\u00efli est un joueur exceptionnel que j&rsquo;ai eu l&rsquo;occasion d&rsquo;affronter quand il \u00e9voluait \u00e0 l&rsquo;Esp\u00e9rance de Tunis. C&rsquo;est un footballeur talentueux que j&rsquo;ai \u00e9galement observ\u00e9 lors de la Coupe du Monde des Clubs. Mais je pr\u00e9f\u00e8re ne pas m&rsquo;exprimer davantage, car il est toujours sous contrat avec un autre club.\u00a0\u00bb Cette r\u00e9ponse mesur\u00e9e t\u00e9moigne du professionnalisme de Mokwena qui refuse de s&rsquo;aventurer sur le terrain glissant des sp\u00e9culations mercato tout en reconnaissant les qualit\u00e9s du joueur alg\u00e9rien.<\/p>\n\n\n\n<p>L&rsquo;ambition continentale constitue l&rsquo;un des fils rouges du discours de Mokwena. \u00ab\u00a0Nous voulons que le MCA devienne une r\u00e9f\u00e9rence en Afrique\u00a0\u00bb, a-t-il martel\u00e9, affichant clairement ses objectifs \u00e0 moyen terme. Cette vision s&rsquo;appuie sur l&rsquo;excellente saison pr\u00e9c\u00e9dente qui avait vu le Mouloudia atteindre les quarts de finale de la Ligue des Champions africaine, performance remarquable qui a d\u00e9montr\u00e9 le potentiel du club alg\u00e9rois sur la sc\u00e8ne continentale. Pour franchir le palier sup\u00e9rieur, Mokwena compte sur son exp\u00e9rience des comp\u00e9titions africaines et sa connaissance intime des exigences du football continental.<\/p>\n\n\n\n<p>L&rsquo;int\u00e9gration culturelle pr\u00e9occupe \u00e9galement le nouveau coach qui n&rsquo;h\u00e9site pas \u00e0 afficher sa volont\u00e9 d&rsquo;adaptation. \u00ab\u00a0Tout d&rsquo;abord, permettez-moi de m&rsquo;excuser de ne pas m&rsquo;exprimer encore en arabe. Je vais m&rsquo;y mettre tr\u00e8s vite, car je veux m&rsquo;impr\u00e9gner de votre culture\u00a0\u00bb, a-t-il d\u00e9clar\u00e9 avec humilit\u00e9. Le staff technique qui accompagne Mokwena dans cette aventure alg\u00e9rienne r\u00e9pond aux standards du haut niveau. Son adjoint principal, ancien international sud-africain, apporte une exp\u00e9rience pr\u00e9cieuse des comp\u00e9titions continentales, tandis qu&rsquo;Enzo Donis, polyglotte et fin connaisseur du football africain, facilite la communication au sein d&rsquo;un groupe multiculturel. Cette \u00e9quipe technique rod\u00e9e constitue un atout suppl\u00e9mentaire pour un MCA qui ambitionne de rayonner au-del\u00e0 des fronti\u00e8res nationales dans les mois \u00e0 venir.<\/p>\n\n\n\n<p>Moncef Dahleb<\/p>\n","protected":false},"excerpt":{"rendered":"<p>Le Mouloudia d&rsquo;Alger entre dans une nouvelle \u00e8re avec l&rsquo;arriv\u00e9e de Rhulani Mokwena, technicien sud-africain de 38 ans dont le<\/p>\n","protected":false},"author":6,"featured_media":70799,"comment_status":"open","ping_status":"closed","sticky":false,"template":"","format":"standard","meta":{"colormag_page_container_layout":"default_layout","colormag_page_sidebar_layout":"default_layout","om_disable_all_campaigns":false,"_monsterinsights_skip_tracking":false,"_monsterinsights_sitenote_active":false,"_monsterinsights_sitenote_note":"","_monsterinsights_sitenote_category":0,"footnotes":"","_wpscppro_dont_share_socialmedia":false,"_wpscppro_custom_social_share_image":0,"_facebook_share_type":"default","_twitter_share_type":"default","_linkedin_share_type":"default","_pinterest_share_type":"default","_linkedin_share_type_page":"","_instagram_share_type":"default","_medium_share_type":"default","_threads_share_type":"","_google_business_share_type":"","_selected_social_profile":[],"_wpsp_enable_custom_social_template":false,"_wpsp_social_scheduling":{"enabled":false,"datetime":null,"platforms":[],"status":"template_only","dateOption":"today","timeOption":"now","customDays":"","customHours":"","customDate":"","customTime":"","schedulingType":"absolute"},"_wpsp_active_default_template":true},"categories":[52,33],"tags":[],"class_list":["post-70798","post","type-post","status-publish","format-standard","has-post-thumbnail","hentry","category-a-la-une","category-sports"],"aioseo_notices":[],"yoast_head":"<!-- This site is optimized with the Yoast SEO plugin v27.5 - https:\/\/yoast.com\/product\/yoast-seo-wordpress\/ -->\n<title>MC Alger\u00a0:\u00a0Mokwena\u00a0avec de l&rsquo;ambition - La Sentinelle<\/title>\n<meta name=\"robots\" content=\"index, follow, max-snippet:-1, max-image-preview:large, max-video-preview:-1\" \/>\n<link rel=\"canonical\" href=\"https:\/\/lasentinelle.dz\/index.php\/2025\/07\/23\/mc-alger-mokwena-avec-de-lambition\/\" \/>\n<meta property=\"og:locale\" content=\"fr_FR\" \/>\n<meta property=\"og:type\" content=\"article\" \/>\n<meta property=\"og:title\" content=\"MC Alger\u00a0:\u00a0Mokwena\u00a0avec de l&rsquo;ambition - La Sentinelle\" \/>\n<meta property=\"og:description\" content=\"Le Mouloudia d&rsquo;Alger entre dans une nouvelle \u00e8re avec l&rsquo;arriv\u00e9e de Rhulani Mokwena, technicien sud-africain de 38 ans dont le\" \/>\n<meta property=\"og:url\" content=\"https:\/\/lasentinelle.dz\/index.php\/2025\/07\/23\/mc-alger-mokwena-avec-de-lambition\/\" \/>\n<meta property=\"og:site_name\" content=\"La Sentinelle\" \/>\n<meta property=\"article:publisher\" content=\"https:\/\/www.facebook.com\/La-Sentinelle-104059864394773\" \/>\n<meta property=\"article:published_time\" content=\"2025-07-23T11:35:28+00:00\" \/>\n<meta property=\"article:modified_time\" content=\"2025-07-23T11:53:08+00:00\" \/>\n<meta property=\"og:image\" content=\"https:\/\/lasentinelle.dz\/wp-content\/uploads\/2025\/07\/Rhulani-Mokwena-e1753271579170.jpg\" \/>\n\t<meta property=\"og:image:width\" content=\"1080\" \/>\n\t<meta property=\"og:image:height\" content=\"644\" \/>\n\t<meta property=\"og:image:type\" content=\"image\/jpeg\" \/>\n<meta name=\"author\" content=\"admin\" \/>\n<meta name=\"twitter:card\" content=\"summary_large_image\" \/>\n<meta name=\"twitter:label1\" content=\"\u00c9crit par\" \/>\n\t<meta name=\"twitter:data1\" content=\"admin\" \/>\n\t<meta name=\"twitter:label2\" content=\"Dur\u00e9e de lecture estim\u00e9e\" \/>\n\t<meta name=\"twitter:data2\" content=\"5 minutes\" \/>\n<script type=\"application\/ld+json\" class=\"yoast-schema-graph\">{\"@context\":\"https:\\\/\\\/schema.org\",\"@graph\":[{\"@type\":\"Article\",\"@id\":\"https:\\\/\\\/lasentinelle.dz\\\/index.php\\\/2025\\\/07\\\/23\\\/mc-alger-mokwena-avec-de-lambition\\\/#article\",\"isPartOf\":{\"@id\":\"https:\\\/\\\/lasentinelle.dz\\\/index.php\\\/2025\\\/07\\\/23\\\/mc-alger-mokwena-avec-de-lambition\\\/\"},\"author\":{\"name\":\"admin\",\"@id\":\"https:\\\/\\\/lasentinelle.dz\\\/#\\\/schema\\\/person\\\/729ee0024f24e0b8c5ec17232f8e8b41\"},\"headline\":\"MC Alger\u00a0:\u00a0Mokwena\u00a0avec de l&rsquo;ambition\",\"datePublished\":\"2025-07-23T11:35:28+00:00\",\"dateModified\":\"2025-07-23T11:53:08+00:00\",\"mainEntityOfPage\":{\"@id\":\"https:\\\/\\\/lasentinelle.dz\\\/index.php\\\/2025\\\/07\\\/23\\\/mc-alger-mokwena-avec-de-lambition\\\/\"},\"wordCount\":1057,\"commentCount\":0,\"publisher\":{\"@id\":\"https:\\\/\\\/lasentinelle.dz\\\/#organization\"},\"image\":{\"@id\":\"https:\\\/\\\/lasentinelle.dz\\\/index.php\\\/2025\\\/07\\\/23\\\/mc-alger-mokwena-avec-de-lambition\\\/#primaryimage\"},\"thumbnailUrl\":\"https:\\\/\\\/lasentinelle.dz\\\/wp-content\\\/uploads\\\/2025\\\/07\\\/Rhulani-Mokwena-e1753271579170.jpg\",\"articleSection\":[\"\u00c0 la Une\",\"Sports\"],\"inLanguage\":\"fr-FR\",\"potentialAction\":[{\"@type\":\"CommentAction\",\"name\":\"Comment\",\"target\":[\"https:\\\/\\\/lasentinelle.dz\\\/index.php\\\/2025\\\/07\\\/23\\\/mc-alger-mokwena-avec-de-lambition\\\/#respond\"]}]},{\"@type\":\"WebPage\",\"@id\":\"https:\\\/\\\/lasentinelle.dz\\\/index.php\\\/2025\\\/07\\\/23\\\/mc-alger-mokwena-avec-de-lambition\\\/\",\"url\":\"https:\\\/\\\/lasentinelle.dz\\\/index.php\\\/2025\\\/07\\\/23\\\/mc-alger-mokwena-avec-de-lambition\\\/\",\"name\":\"MC Alger\u00a0:\u00a0Mokwena\u00a0avec de l&rsquo;ambition - La Sentinelle\",\"isPartOf\":{\"@id\":\"https:\\\/\\\/lasentinelle.dz\\\/#website\"},\"primaryImageOfPage\":{\"@id\":\"https:\\\/\\\/lasentinelle.dz\\\/index.php\\\/2025\\\/07\\\/23\\\/mc-alger-mokwena-avec-de-lambition\\\/#primaryimage\"},\"image\":{\"@id\":\"https:\\\/\\\/lasentinelle.dz\\\/index.php\\\/2025\\\/07\\\/23\\\/mc-alger-mokwena-avec-de-lambition\\\/#primaryimage\"},\"thumbnailUrl\":\"https:\\\/\\\/lasentinelle.dz\\\/wp-content\\\/uploads\\\/2025\\\/07\\\/Rhulani-Mokwena-e1753271579170.jpg\",\"datePublished\":\"2025-07-23T11:35:28+00:00\",\"dateModified\":\"2025-07-23T11:53:08+00:00\",\"breadcrumb\":{\"@id\":\"https:\\\/\\\/lasentinelle.dz\\\/index.php\\\/2025\\\/07\\\/23\\\/mc-alger-mokwena-avec-de-lambition\\\/#breadcrumb\"},\"inLanguage\":\"fr-FR\",\"potentialAction\":[{\"@type\":\"ReadAction\",\"target\":[\"https:\\\/\\\/lasentinelle.dz\\\/index.php\\\/2025\\\/07\\\/23\\\/mc-alger-mokwena-avec-de-lambition\\\/\"]}]},{\"@type\":\"ImageObject\",\"inLanguage\":\"fr-FR\",\"@id\":\"https:\\\/\\\/lasentinelle.dz\\\/index.php\\\/2025\\\/07\\\/23\\\/mc-alger-mokwena-avec-de-lambition\\\/#primaryimage\",\"url\":\"https:\\\/\\\/lasentinelle.dz\\\/wp-content\\\/uploads\\\/2025\\\/07\\\/Rhulani-Mokwena-e1753271579170.jpg\",\"contentUrl\":\"https:\\\/\\\/lasentinelle.dz\\\/wp-content\\\/uploads\\\/2025\\\/07\\\/Rhulani-Mokwena-e1753271579170.jpg\",\"width\":1080,\"height\":644},{\"@type\":\"BreadcrumbList\",\"@id\":\"https:\\\/\\\/lasentinelle.dz\\\/index.php\\\/2025\\\/07\\\/23\\\/mc-alger-mokwena-avec-de-lambition\\\/#breadcrumb\",\"itemListElement\":[{\"@type\":\"ListItem\",\"position\":1,\"name\":\"Accueil\",\"item\":\"https:\\\/\\\/lasentinelle.dz\\\/\"},{\"@type\":\"ListItem\",\"position\":2,\"name\":\"MC Alger\u00a0:\u00a0Mokwena\u00a0avec de l&rsquo;ambition\"}]},{\"@type\":\"WebSite\",\"@id\":\"https:\\\/\\\/lasentinelle.dz\\\/#website\",\"url\":\"https:\\\/\\\/lasentinelle.dz\\\/\",\"name\":\"La Sentinelle\",\"description\":\"Quotidien national d&#039;information\",\"publisher\":{\"@id\":\"https:\\\/\\\/lasentinelle.dz\\\/#organization\"},\"potentialAction\":[{\"@type\":\"SearchAction\",\"target\":{\"@type\":\"EntryPoint\",\"urlTemplate\":\"https:\\\/\\\/lasentinelle.dz\\\/?s={search_term_string}\"},\"query-input\":{\"@type\":\"PropertyValueSpecification\",\"valueRequired\":true,\"valueName\":\"search_term_string\"}}],\"inLanguage\":\"fr-FR\"},{\"@type\":\"Organization\",\"@id\":\"https:\\\/\\\/lasentinelle.dz\\\/#organization\",\"name\":\"Quotidien La Sentinelle\",\"url\":\"https:\\\/\\\/lasentinelle.dz\\\/\",\"logo\":{\"@type\":\"ImageObject\",\"inLanguage\":\"fr-FR\",\"@id\":\"https:\\\/\\\/lasentinelle.dz\\\/#\\\/schema\\\/logo\\\/image\\\/\",\"url\":\"https:\\\/\\\/lasentinelle.dz\\\/wp-content\\\/uploads\\\/2021\\\/09\\\/logo-sentinelleSLOGAN-1.png\",\"contentUrl\":\"https:\\\/\\\/lasentinelle.dz\\\/wp-content\\\/uploads\\\/2021\\\/09\\\/logo-sentinelleSLOGAN-1.png\",\"width\":615,\"height\":142,\"caption\":\"Quotidien La Sentinelle\"},\"image\":{\"@id\":\"https:\\\/\\\/lasentinelle.dz\\\/#\\\/schema\\\/logo\\\/image\\\/\"},\"sameAs\":[\"https:\\\/\\\/www.facebook.com\\\/La-Sentinelle-104059864394773\"]},{\"@type\":\"Person\",\"@id\":\"https:\\\/\\\/lasentinelle.dz\\\/#\\\/schema\\\/person\\\/729ee0024f24e0b8c5ec17232f8e8b41\",\"name\":\"admin\",\"image\":{\"@type\":\"ImageObject\",\"inLanguage\":\"fr-FR\",\"@id\":\"https:\\\/\\\/secure.gravatar.com\\\/avatar\\\/4c81fed838786e9b53f540bf46533e750f5d292099ae3b66cfc6fb1982e29df7?s=96&d=mm&r=g\",\"url\":\"https:\\\/\\\/secure.gravatar.com\\\/avatar\\\/4c81fed838786e9b53f540bf46533e750f5d292099ae3b66cfc6fb1982e29df7?s=96&d=mm&r=g\",\"contentUrl\":\"https:\\\/\\\/secure.gravatar.com\\\/avatar\\\/4c81fed838786e9b53f540bf46533e750f5d292099ae3b66cfc6fb1982e29df7?s=96&d=mm&r=g\",\"caption\":\"admin\"},\"description\":\"admin\",\"url\":\"https:\\\/\\\/lasentinelle.dz\\\/author\\\/admin\\\/\"}]}<\/script>\n<!-- \/ Yoast SEO plugin. -->","yoast_head_json":{"title":"MC Alger\u00a0:\u00a0Mokwena\u00a0avec de l&rsquo;ambition - La Sentinelle","robots":{"index":"index","follow":"follow","max-snippet":"max-snippet:-1","max-image-preview":"max-image-preview:large","max-video-preview":"max-video-preview:-1"},"canonical":"https:\/\/lasentinelle.dz\/index.php\/2025\/07\/23\/mc-alger-mokwena-avec-de-lambition\/","og_locale":"fr_FR","og_type":"article","og_title":"MC Alger\u00a0:\u00a0Mokwena\u00a0avec de l&rsquo;ambition - La Sentinelle","og_description":"Le Mouloudia d&rsquo;Alger entre dans une nouvelle \u00e8re avec l&rsquo;arriv\u00e9e de Rhulani Mokwena, technicien sud-africain de 38 ans dont le","og_url":"https:\/\/lasentinelle.dz\/index.php\/2025\/07\/23\/mc-alger-mokwena-avec-de-lambition\/","og_site_name":"La Sentinelle","article_publisher":"https:\/\/www.facebook.com\/La-Sentinelle-104059864394773","article_published_time":"2025-07-23T11:35:28+00:00","article_modified_time":"2025-07-23T11:53:08+00:00","og_image":[{"width":1080,"height":644,"url":"https:\/\/lasentinelle.dz\/wp-content\/uploads\/2025\/07\/Rhulani-Mokwena-e1753271579170.jpg","type":"image\/jpeg"}],"author":"admin","twitter_card":"summary_large_image","twitter_misc":{"\u00c9crit par":"admin","Dur\u00e9e de lecture estim\u00e9e":"5 minutes"},"schema":{"@context":"https:\/\/schema.org","@graph":[{"@type":"Article","@id":"https:\/\/lasentinelle.dz\/index.php\/2025\/07\/23\/mc-alger-mokwena-avec-de-lambition\/#article","isPartOf":{"@id":"https:\/\/lasentinelle.dz\/index.php\/2025\/07\/23\/mc-alger-mokwena-avec-de-lambition\/"},"author":{"name":"admin","@id":"https:\/\/lasentinelle.dz\/#\/schema\/person\/729ee0024f24e0b8c5ec17232f8e8b41"},"headline":"MC Alger\u00a0:\u00a0Mokwena\u00a0avec de l&rsquo;ambition","datePublished":"2025-07-23T11:35:28+00:00","dateModified":"2025-07-23T11:53:08+00:00","mainEntityOfPage":{"@id":"https:\/\/lasentinelle.dz\/index.php\/2025\/07\/23\/mc-alger-mokwena-avec-de-lambition\/"},"wordCount":1057,"commentCount":0,"publisher":{"@id":"https:\/\/lasentinelle.dz\/#organization"},"image":{"@id":"https:\/\/lasentinelle.dz\/index.php\/2025\/07\/23\/mc-alger-mokwena-avec-de-lambition\/#primaryimage"},"thumbnailUrl":"https:\/\/lasentinelle.dz\/wp-content\/uploads\/2025\/07\/Rhulani-Mokwena-e1753271579170.jpg","articleSection":["\u00c0 la Une","Sports"],"inLanguage":"fr-FR","potentialAction":[{"@type":"CommentAction","name":"Comment","target":["https:\/\/lasentinelle.dz\/index.php\/2025\/07\/23\/mc-alger-mokwena-avec-de-lambition\/#respond"]}]},{"@type":"WebPage","@id":"https:\/\/lasentinelle.dz\/index.php\/2025\/07\/23\/mc-alger-mokwena-avec-de-lambition\/","url":"https:\/\/lasentinelle.dz\/index.php\/2025\/07\/23\/mc-alger-mokwena-avec-de-lambition\/","name":"MC Alger\u00a0:\u00a0Mokwena\u00a0avec de l&rsquo;ambition - La Sentinelle","isPartOf":{"@id":"https:\/\/lasentinelle.dz\/#website"},"primaryImageOfPage":{"@id":"https:\/\/lasentinelle.dz\/index.php\/2025\/07\/23\/mc-alger-mokwena-avec-de-lambition\/#primaryimage"},"image":{"@id":"https:\/\/lasentinelle.dz\/index.php\/2025\/07\/23\/mc-alger-mokwena-avec-de-lambition\/#primaryimage"},"thumbnailUrl":"https:\/\/lasentinelle.dz\/wp-content\/uploads\/2025\/07\/Rhulani-Mokwena-e1753271579170.jpg","datePublished":"2025-07-23T11:35:28+00:00","dateModified":"2025-07-23T11:53:08+00:00","breadcrumb":{"@id":"https:\/\/lasentinelle.dz\/index.php\/2025\/07\/23\/mc-alger-mokwena-avec-de-lambition\/#breadcrumb"},"inLanguage":"fr-FR","potentialAction":[{"@type":"ReadAction","target":["https:\/\/lasentinelle.dz\/index.php\/2025\/07\/23\/mc-alger-mokwena-avec-de-lambition\/"]}]},{"@type":"ImageObject","inLanguage":"fr-FR","@id":"https:\/\/lasentinelle.dz\/index.php\/2025\/07\/23\/mc-alger-mokwena-avec-de-lambition\/#primaryimage","url":"https:\/\/lasentinelle.dz\/wp-content\/uploads\/2025\/07\/Rhulani-Mokwena-e1753271579170.jpg","contentUrl":"https:\/\/lasentinelle.dz\/wp-content\/uploads\/2025\/07\/Rhulani-Mokwena-e1753271579170.jpg","width":1080,"height":644},{"@type":"BreadcrumbList","@id":"https:\/\/lasentinelle.dz\/index.php\/2025\/07\/23\/mc-alger-mokwena-avec-de-lambition\/#breadcrumb","itemListElement":[{"@type":"ListItem","position":1,"name":"Accueil","item":"https:\/\/lasentinelle.dz\/"},{"@type":"ListItem","position":2,"name":"MC Alger\u00a0:\u00a0Mokwena\u00a0avec de l&rsquo;ambition"}]},{"@type":"WebSite","@id":"https:\/\/lasentinelle.dz\/#website","url":"https:\/\/lasentinelle.dz\/","name":"La Sentinelle","description":"Quotidien national d&#039;information","publisher":{"@id":"https:\/\/lasentinelle.dz\/#organization"},"potentialAction":[{"@type":"SearchAction","target":{"@type":"EntryPoint","urlTemplate":"https:\/\/lasentinelle.dz\/?s={search_term_string}"},"query-input":{"@type":"PropertyValueSpecification","valueRequired":true,"valueName":"search_term_string"}}],"inLanguage":"fr-FR"},{"@type":"Organization","@id":"https:\/\/lasentinelle.dz\/#organization","name":"Quotidien La Sentinelle","url":"https:\/\/lasentinelle.dz\/","logo":{"@type":"ImageObject","inLanguage":"fr-FR","@id":"https:\/\/lasentinelle.dz\/#\/schema\/logo\/image\/","url":"https:\/\/lasentinelle.dz\/wp-content\/uploads\/2021\/09\/logo-sentinelleSLOGAN-1.png","contentUrl":"https:\/\/lasentinelle.dz\/wp-content\/uploads\/2021\/09\/logo-sentinelleSLOGAN-1.png","width":615,"height":142,"caption":"Quotidien La Sentinelle"},"image":{"@id":"https:\/\/lasentinelle.dz\/#\/schema\/logo\/image\/"},"sameAs":["https:\/\/www.facebook.com\/La-Sentinelle-104059864394773"]},{"@type":"Person","@id":"https:\/\/lasentinelle.dz\/#\/schema\/person\/729ee0024f24e0b8c5ec17232f8e8b41","name":"admin","image":{"@type":"ImageObject","inLanguage":"fr-FR","@id":"https:\/\/secure.gravatar.com\/avatar\/4c81fed838786e9b53f540bf46533e750f5d292099ae3b66cfc6fb1982e29df7?s=96&d=mm&r=g","url":"https:\/\/secure.gravatar.com\/avatar\/4c81fed838786e9b53f540bf46533e750f5d292099ae3b66cfc6fb1982e29df7?s=96&d=mm&r=g","contentUrl":"https:\/\/secure.gravatar.com\/avatar\/4c81fed838786e9b53f540bf46533e750f5d292099ae3b66cfc6fb1982e29df7?s=96&d=mm&r=g","caption":"admin"},"description":"admin","url":"https:\/\/lasentinelle.dz\/author\/admin\/"}]}},"_links":{"self":[{"href":"https:\/\/lasentinelle.dz\/index.php\/wp-json\/wp\/v2\/posts\/70798","targetHints":{"allow":["GET"]}}],"collection":[{"href":"https:\/\/lasentinelle.dz\/index.php\/wp-json\/wp\/v2\/posts"}],"about":[{"href":"https:\/\/lasentinelle.dz\/index.php\/wp-json\/wp\/v2\/types\/post"}],"author":[{"embeddable":true,"href":"https:\/\/lasentinelle.dz\/index.php\/wp-json\/wp\/v2\/users\/6"}],"replies":[{"embeddable":true,"href":"https:\/\/lasentinelle.dz\/index.php\/wp-json\/wp\/v2\/comments?post=70798"}],"version-history":[{"count":2,"href":"https:\/\/lasentinelle.dz\/index.php\/wp-json\/wp\/v2\/posts\/70798\/revisions"}],"predecessor-version":[{"id":70801,"href":"https:\/\/lasentinelle.dz\/index.php\/wp-json\/wp\/v2\/posts\/70798\/revisions\/70801"}],"wp:featuredmedia":[{"embeddable":true,"href":"https:\/\/lasentinelle.dz\/index.php\/wp-json\/wp\/v2\/media\/70799"}],"wp:attachment":[{"href":"https:\/\/lasentinelle.dz\/index.php\/wp-json\/wp\/v2\/media?parent=70798"}],"wp:term":[{"taxonomy":"category","embeddable":true,"href":"https:\/\/lasentinelle.dz\/index.php\/wp-json\/wp\/v2\/categories?post=70798"},{"taxonomy":"post_tag","embeddable":true,"href":"https:\/\/lasentinelle.dz\/index.php\/wp-json\/wp\/v2\/tags?post=70798"}],"curies":[{"name":"wp","href":"https:\/\/api.w.org\/{rel}","templated":true}]}}