{"id":70802,"date":"2025-07-23T12:36:19","date_gmt":"2025-07-23T11:36:19","guid":{"rendered":"https:\/\/lasentinelle.dz\/?p=70802"},"modified":"2025-07-23T12:36:20","modified_gmt":"2025-07-23T11:36:20","slug":"batna-une-hausse-de-300-du-nombre-de-visiteurs-etrangers","status":"publish","type":"post","link":"https:\/\/lasentinelle.dz\/index.php\/2025\/07\/23\/batna-une-hausse-de-300-du-nombre-de-visiteurs-etrangers\/","title":{"rendered":"Batna\u00a0: Une hausse de 300% du nombre de visiteurs \u00e9trangers"},"content":{"rendered":"\n<p>La wilaya de Batna s&rsquo;impose d\u00e9sormais comme une destination touristique de r\u00e9f\u00e9rence, enregistrant une progression spectaculaire de plus de 300% du tourisme international en deux ans. Cette performance remarquable t\u00e9moigne des efforts soutenus d\u00e9ploy\u00e9s par les autorit\u00e9s locales pour valoriser le riche patrimoine de cette r\u00e9gion des hauts plateaux.<\/p>\n\n\n\n<p>Selon les chiffres r\u00e9v\u00e9l\u00e9s par la direction du tourisme et de l&rsquo;artisanat de la wilaya, pas moins de 2.653 visiteurs \u00e9trangers ont d\u00e9couvert la r\u00e9gion en 2024, contre seulement 600 en 2022. Cette croissance exceptionnelle r\u00e9sulte d&rsquo;un travail de coordination m\u00e9thodique men\u00e9 par les autorit\u00e9s locales avec l&rsquo;ensemble des acteurs du secteur touristique, notamment les agences de voyages, les h\u00f4teliers et les associations culturelles.&nbsp;L&rsquo;attractivit\u00e9 de Batna repose sur un patrimoine naturel, historique et culturel d&rsquo;une richesse remarquable. La wilaya \u00e9tait autrefois un carrefour de civilisations antiques qui ont laiss\u00e9 des empreintes ind\u00e9l\u00e9biles, aujourd&rsquo;hui offertes \u00e0 la d\u00e9couverte des visiteurs. La cit\u00e9 antique de Timgad, class\u00e9e au patrimoine mondial de l&rsquo;Unesco, constitue l&rsquo;un des joyaux les plus pris\u00e9s, aux c\u00f4t\u00e9s des monts de Ch\u00e9lia et du parc national de Belezma. Les villages traditionnels compl\u00e8tent cette offre en proposant une immersion authentique dans la culture locale.<\/p>\n\n\n\n<p>Cette mont\u00e9e en puissance du secteur s&rsquo;accompagne d&rsquo;une modernisation des outils de promotion. La num\u00e9risation des services et une communication actualis\u00e9e ont contribu\u00e9 significativement \u00e0 l&rsquo;augmentation de la fr\u00e9quentation de ces sites embl\u00e9matiques. Parall\u00e8lement, les structures d&rsquo;accueil ont connu une dynamique de d\u00e9veloppement notable, les \u00e9tablissements h\u00f4teliers ayant consid\u00e9rablement am\u00e9lior\u00e9 la qualit\u00e9 de leurs prestations de service.&nbsp;Pour l&rsquo;exercice en cours, les infrastructures d&rsquo;h\u00e9bergement enregistrent le s\u00e9jour de plus de 45.000 visiteurs nationaux, chiffres qui attestent de la haute qualit\u00e9 des services propos\u00e9s par un parc h\u00f4telier d\u00e9sormais haut de gamme. Ces r\u00e9sultats positifs motivent les responsables du secteur \u00e0 renforcer cette dynamique par le d\u00e9veloppement de circuits \u00e9co-touristiques et culturels, l&rsquo;encouragement des h\u00e9bergements alternatifs comme les maisons d&rsquo;h\u00f4tes, et la multiplication des formations destin\u00e9es aux professionnels.&nbsp;Plusieurs actions concr\u00e8tes ont d\u00e9j\u00e0 \u00e9t\u00e9 engag\u00e9es, incluant des journ\u00e9es d&rsquo;information, des salons sp\u00e9cialis\u00e9s, des forums et des campagnes de promotion ciblant sp\u00e9cifiquement les march\u00e9s internationaux. Cette mobilisation collective des autorit\u00e9s locales, des professionnels du secteur et des acteurs associatifs vise un objectif commun : faire de la wilaya de Batna une destination de r\u00e9f\u00e9rence pour le tourisme culturel et historique. Cette ambition s&rsquo;inscrit parfaitement dans la strat\u00e9gie nationale qui consid\u00e8re le tourisme comme un levier essentiel du d\u00e9veloppement durable et de la diversification \u00e9conomique.<\/p>\n\n\n\n<p>Sofia Chahine<\/p>\n","protected":false},"excerpt":{"rendered":"<p>La wilaya de Batna s&rsquo;impose d\u00e9sormais comme une destination touristique de r\u00e9f\u00e9rence, enregistrant une progression spectaculaire de plus de 300%<\/p>\n","protected":false},"author":6,"featured_media":50356,"comment_status":"open","ping_status":"closed","sticky":false,"template":"","format":"standard","meta":{"colormag_page_container_layout":"default_layout","colormag_page_sidebar_layout":"default_layout","om_disable_all_campaigns":false,"_monsterinsights_skip_tracking":false,"_monsterinsights_sitenote_active":false,"_monsterinsights_sitenote_note":"","_monsterinsights_sitenote_category":0,"footnotes":"","_wpscppro_dont_share_socialmedia":false,"_wpscppro_custom_social_share_image":0,"_facebook_share_type":"default","_twitter_share_type":"default","_linkedin_share_type":"default","_pinterest_share_type":"default","_linkedin_share_type_page":"","_instagram_share_type":"default","_medium_share_type":"default","_threads_share_type":"","_google_business_share_type":"","_selected_social_profile":[],"_wpsp_enable_custom_social_template":false,"_wpsp_social_scheduling":{"enabled":false,"datetime":null,"platforms":[],"status":"template_only","dateOption":"today","timeOption":"now","customDays":"","customHours":"","customDate":"","customTime":"","schedulingType":"absolute"},"_wpsp_active_default_template":true},"categories":[31],"tags":[],"class_list":["post-70802","post","type-post","status-publish","format-standard","has-post-thumbnail","hentry","category-regions"],"aioseo_notices":[],"yoast_head":"<!-- This site is optimized with the Yoast SEO plugin v27.5 - https:\/\/yoast.com\/product\/yoast-seo-wordpress\/ -->\n<title>Batna\u00a0: Une hausse de 300% du nombre de visiteurs \u00e9trangers - La Sentinelle<\/title>\n<meta name=\"robots\" content=\"index, follow, max-snippet:-1, max-image-preview:large, max-video-preview:-1\" \/>\n<link rel=\"canonical\" href=\"https:\/\/lasentinelle.dz\/index.php\/2025\/07\/23\/batna-une-hausse-de-300-du-nombre-de-visiteurs-etrangers\/\" \/>\n<meta property=\"og:locale\" content=\"fr_FR\" \/>\n<meta property=\"og:type\" content=\"article\" \/>\n<meta property=\"og:title\" content=\"Batna\u00a0: Une hausse de 300% du nombre de visiteurs \u00e9trangers - La Sentinelle\" \/>\n<meta property=\"og:description\" content=\"La wilaya de Batna s&rsquo;impose d\u00e9sormais comme une destination touristique de r\u00e9f\u00e9rence, enregistrant une progression spectaculaire de plus de 300%\" \/>\n<meta property=\"og:url\" content=\"https:\/\/lasentinelle.dz\/index.php\/2025\/07\/23\/batna-une-hausse-de-300-du-nombre-de-visiteurs-etrangers\/\" \/>\n<meta property=\"og:site_name\" content=\"La Sentinelle\" \/>\n<meta property=\"article:publisher\" content=\"https:\/\/www.facebook.com\/La-Sentinelle-104059864394773\" \/>\n<meta property=\"article:published_time\" content=\"2025-07-23T11:36:19+00:00\" \/>\n<meta property=\"article:modified_time\" content=\"2025-07-23T11:36:20+00:00\" \/>\n<meta property=\"og:image\" content=\"https:\/\/lasentinelle.dz\/wp-content\/uploads\/2024\/03\/Timgad.jpeg\" \/>\n\t<meta property=\"og:image:width\" content=\"750\" \/>\n\t<meta property=\"og:image:height\" content=\"750\" \/>\n\t<meta property=\"og:image:type\" content=\"image\/jpeg\" \/>\n<meta name=\"author\" content=\"admin\" \/>\n<meta name=\"twitter:card\" content=\"summary_large_image\" \/>\n<meta name=\"twitter:label1\" content=\"\u00c9crit par\" \/>\n\t<meta name=\"twitter:data1\" content=\"admin\" \/>\n\t<meta name=\"twitter:label2\" content=\"Dur\u00e9e de lecture estim\u00e9e\" \/>\n\t<meta name=\"twitter:data2\" content=\"3 minutes\" \/>\n<script type=\"application\/ld+json\" class=\"yoast-schema-graph\">{\"@context\":\"https:\\\/\\\/schema.org\",\"@graph\":[{\"@type\":\"Article\",\"@id\":\"https:\\\/\\\/lasentinelle.dz\\\/index.php\\\/2025\\\/07\\\/23\\\/batna-une-hausse-de-300-du-nombre-de-visiteurs-etrangers\\\/#article\",\"isPartOf\":{\"@id\":\"https:\\\/\\\/lasentinelle.dz\\\/index.php\\\/2025\\\/07\\\/23\\\/batna-une-hausse-de-300-du-nombre-de-visiteurs-etrangers\\\/\"},\"author\":{\"name\":\"admin\",\"@id\":\"https:\\\/\\\/lasentinelle.dz\\\/#\\\/schema\\\/person\\\/729ee0024f24e0b8c5ec17232f8e8b41\"},\"headline\":\"Batna\u00a0: Une hausse de 300% du nombre de visiteurs \u00e9trangers\",\"datePublished\":\"2025-07-23T11:36:19+00:00\",\"dateModified\":\"2025-07-23T11:36:20+00:00\",\"mainEntityOfPage\":{\"@id\":\"https:\\\/\\\/lasentinelle.dz\\\/index.php\\\/2025\\\/07\\\/23\\\/batna-une-hausse-de-300-du-nombre-de-visiteurs-etrangers\\\/\"},\"wordCount\":489,\"commentCount\":0,\"publisher\":{\"@id\":\"https:\\\/\\\/lasentinelle.dz\\\/#organization\"},\"image\":{\"@id\":\"https:\\\/\\\/lasentinelle.dz\\\/index.php\\\/2025\\\/07\\\/23\\\/batna-une-hausse-de-300-du-nombre-de-visiteurs-etrangers\\\/#primaryimage\"},\"thumbnailUrl\":\"https:\\\/\\\/lasentinelle.dz\\\/wp-content\\\/uploads\\\/2024\\\/03\\\/Timgad.jpeg\",\"articleSection\":[\"R\u00e9gions\"],\"inLanguage\":\"fr-FR\",\"potentialAction\":[{\"@type\":\"CommentAction\",\"name\":\"Comment\",\"target\":[\"https:\\\/\\\/lasentinelle.dz\\\/index.php\\\/2025\\\/07\\\/23\\\/batna-une-hausse-de-300-du-nombre-de-visiteurs-etrangers\\\/#respond\"]}]},{\"@type\":\"WebPage\",\"@id\":\"https:\\\/\\\/lasentinelle.dz\\\/index.php\\\/2025\\\/07\\\/23\\\/batna-une-hausse-de-300-du-nombre-de-visiteurs-etrangers\\\/\",\"url\":\"https:\\\/\\\/lasentinelle.dz\\\/index.php\\\/2025\\\/07\\\/23\\\/batna-une-hausse-de-300-du-nombre-de-visiteurs-etrangers\\\/\",\"name\":\"Batna\u00a0: Une hausse de 300% du nombre de visiteurs \u00e9trangers - La Sentinelle\",\"isPartOf\":{\"@id\":\"https:\\\/\\\/lasentinelle.dz\\\/#website\"},\"primaryImageOfPage\":{\"@id\":\"https:\\\/\\\/lasentinelle.dz\\\/index.php\\\/2025\\\/07\\\/23\\\/batna-une-hausse-de-300-du-nombre-de-visiteurs-etrangers\\\/#primaryimage\"},\"image\":{\"@id\":\"https:\\\/\\\/lasentinelle.dz\\\/index.php\\\/2025\\\/07\\\/23\\\/batna-une-hausse-de-300-du-nombre-de-visiteurs-etrangers\\\/#primaryimage\"},\"thumbnailUrl\":\"https:\\\/\\\/lasentinelle.dz\\\/wp-content\\\/uploads\\\/2024\\\/03\\\/Timgad.jpeg\",\"datePublished\":\"2025-07-23T11:36:19+00:00\",\"dateModified\":\"2025-07-23T11:36:20+00:00\",\"breadcrumb\":{\"@id\":\"https:\\\/\\\/lasentinelle.dz\\\/index.php\\\/2025\\\/07\\\/23\\\/batna-une-hausse-de-300-du-nombre-de-visiteurs-etrangers\\\/#breadcrumb\"},\"inLanguage\":\"fr-FR\",\"potentialAction\":[{\"@type\":\"ReadAction\",\"target\":[\"https:\\\/\\\/lasentinelle.dz\\\/index.php\\\/2025\\\/07\\\/23\\\/batna-une-hausse-de-300-du-nombre-de-visiteurs-etrangers\\\/\"]}]},{\"@type\":\"ImageObject\",\"inLanguage\":\"fr-FR\",\"@id\":\"https:\\\/\\\/lasentinelle.dz\\\/index.php\\\/2025\\\/07\\\/23\\\/batna-une-hausse-de-300-du-nombre-de-visiteurs-etrangers\\\/#primaryimage\",\"url\":\"https:\\\/\\\/lasentinelle.dz\\\/wp-content\\\/uploads\\\/2024\\\/03\\\/Timgad.jpeg\",\"contentUrl\":\"https:\\\/\\\/lasentinelle.dz\\\/wp-content\\\/uploads\\\/2024\\\/03\\\/Timgad.jpeg\",\"width\":750,\"height\":750},{\"@type\":\"BreadcrumbList\",\"@id\":\"https:\\\/\\\/lasentinelle.dz\\\/index.php\\\/2025\\\/07\\\/23\\\/batna-une-hausse-de-300-du-nombre-de-visiteurs-etrangers\\\/#breadcrumb\",\"itemListElement\":[{\"@type\":\"ListItem\",\"position\":1,\"name\":\"Accueil\",\"item\":\"https:\\\/\\\/lasentinelle.dz\\\/\"},{\"@type\":\"ListItem\",\"position\":2,\"name\":\"Batna\u00a0: Une hausse de 300% du nombre de visiteurs \u00e9trangers\"}]},{\"@type\":\"WebSite\",\"@id\":\"https:\\\/\\\/lasentinelle.dz\\\/#website\",\"url\":\"https:\\\/\\\/lasentinelle.dz\\\/\",\"name\":\"La Sentinelle\",\"description\":\"Quotidien national d&#039;information\",\"publisher\":{\"@id\":\"https:\\\/\\\/lasentinelle.dz\\\/#organization\"},\"potentialAction\":[{\"@type\":\"SearchAction\",\"target\":{\"@type\":\"EntryPoint\",\"urlTemplate\":\"https:\\\/\\\/lasentinelle.dz\\\/?s={search_term_string}\"},\"query-input\":{\"@type\":\"PropertyValueSpecification\",\"valueRequired\":true,\"valueName\":\"search_term_string\"}}],\"inLanguage\":\"fr-FR\"},{\"@type\":\"Organization\",\"@id\":\"https:\\\/\\\/lasentinelle.dz\\\/#organization\",\"name\":\"Quotidien La Sentinelle\",\"url\":\"https:\\\/\\\/lasentinelle.dz\\\/\",\"logo\":{\"@type\":\"ImageObject\",\"inLanguage\":\"fr-FR\",\"@id\":\"https:\\\/\\\/lasentinelle.dz\\\/#\\\/schema\\\/logo\\\/image\\\/\",\"url\":\"https:\\\/\\\/lasentinelle.dz\\\/wp-content\\\/uploads\\\/2021\\\/09\\\/logo-sentinelleSLOGAN-1.png\",\"contentUrl\":\"https:\\\/\\\/lasentinelle.dz\\\/wp-content\\\/uploads\\\/2021\\\/09\\\/logo-sentinelleSLOGAN-1.png\",\"width\":615,\"height\":142,\"caption\":\"Quotidien La Sentinelle\"},\"image\":{\"@id\":\"https:\\\/\\\/lasentinelle.dz\\\/#\\\/schema\\\/logo\\\/image\\\/\"},\"sameAs\":[\"https:\\\/\\\/www.facebook.com\\\/La-Sentinelle-104059864394773\"]},{\"@type\":\"Person\",\"@id\":\"https:\\\/\\\/lasentinelle.dz\\\/#\\\/schema\\\/person\\\/729ee0024f24e0b8c5ec17232f8e8b41\",\"name\":\"admin\",\"image\":{\"@type\":\"ImageObject\",\"inLanguage\":\"fr-FR\",\"@id\":\"https:\\\/\\\/secure.gravatar.com\\\/avatar\\\/4c81fed838786e9b53f540bf46533e750f5d292099ae3b66cfc6fb1982e29df7?s=96&d=mm&r=g\",\"url\":\"https:\\\/\\\/secure.gravatar.com\\\/avatar\\\/4c81fed838786e9b53f540bf46533e750f5d292099ae3b66cfc6fb1982e29df7?s=96&d=mm&r=g\",\"contentUrl\":\"https:\\\/\\\/secure.gravatar.com\\\/avatar\\\/4c81fed838786e9b53f540bf46533e750f5d292099ae3b66cfc6fb1982e29df7?s=96&d=mm&r=g\",\"caption\":\"admin\"},\"description\":\"admin\",\"url\":\"https:\\\/\\\/lasentinelle.dz\\\/author\\\/admin\\\/\"}]}<\/script>\n<!-- \/ Yoast SEO plugin. -->","yoast_head_json":{"title":"Batna\u00a0: Une hausse de 300% du nombre de visiteurs \u00e9trangers - La Sentinelle","robots":{"index":"index","follow":"follow","max-snippet":"max-snippet:-1","max-image-preview":"max-image-preview:large","max-video-preview":"max-video-preview:-1"},"canonical":"https:\/\/lasentinelle.dz\/index.php\/2025\/07\/23\/batna-une-hausse-de-300-du-nombre-de-visiteurs-etrangers\/","og_locale":"fr_FR","og_type":"article","og_title":"Batna\u00a0: Une hausse de 300% du nombre de visiteurs \u00e9trangers - La Sentinelle","og_description":"La wilaya de Batna s&rsquo;impose d\u00e9sormais comme une destination touristique de r\u00e9f\u00e9rence, enregistrant une progression spectaculaire de plus de 300%","og_url":"https:\/\/lasentinelle.dz\/index.php\/2025\/07\/23\/batna-une-hausse-de-300-du-nombre-de-visiteurs-etrangers\/","og_site_name":"La Sentinelle","article_publisher":"https:\/\/www.facebook.com\/La-Sentinelle-104059864394773","article_published_time":"2025-07-23T11:36:19+00:00","article_modified_time":"2025-07-23T11:36:20+00:00","og_image":[{"width":750,"height":750,"url":"https:\/\/lasentinelle.dz\/wp-content\/uploads\/2024\/03\/Timgad.jpeg","type":"image\/jpeg"}],"author":"admin","twitter_card":"summary_large_image","twitter_misc":{"\u00c9crit par":"admin","Dur\u00e9e de lecture estim\u00e9e":"3 minutes"},"schema":{"@context":"https:\/\/schema.org","@graph":[{"@type":"Article","@id":"https:\/\/lasentinelle.dz\/index.php\/2025\/07\/23\/batna-une-hausse-de-300-du-nombre-de-visiteurs-etrangers\/#article","isPartOf":{"@id":"https:\/\/lasentinelle.dz\/index.php\/2025\/07\/23\/batna-une-hausse-de-300-du-nombre-de-visiteurs-etrangers\/"},"author":{"name":"admin","@id":"https:\/\/lasentinelle.dz\/#\/schema\/person\/729ee0024f24e0b8c5ec17232f8e8b41"},"headline":"Batna\u00a0: Une hausse de 300% du nombre de visiteurs \u00e9trangers","datePublished":"2025-07-23T11:36:19+00:00","dateModified":"2025-07-23T11:36:20+00:00","mainEntityOfPage":{"@id":"https:\/\/lasentinelle.dz\/index.php\/2025\/07\/23\/batna-une-hausse-de-300-du-nombre-de-visiteurs-etrangers\/"},"wordCount":489,"commentCount":0,"publisher":{"@id":"https:\/\/lasentinelle.dz\/#organization"},"image":{"@id":"https:\/\/lasentinelle.dz\/index.php\/2025\/07\/23\/batna-une-hausse-de-300-du-nombre-de-visiteurs-etrangers\/#primaryimage"},"thumbnailUrl":"https:\/\/lasentinelle.dz\/wp-content\/uploads\/2024\/03\/Timgad.jpeg","articleSection":["R\u00e9gions"],"inLanguage":"fr-FR","potentialAction":[{"@type":"CommentAction","name":"Comment","target":["https:\/\/lasentinelle.dz\/index.php\/2025\/07\/23\/batna-une-hausse-de-300-du-nombre-de-visiteurs-etrangers\/#respond"]}]},{"@type":"WebPage","@id":"https:\/\/lasentinelle.dz\/index.php\/2025\/07\/23\/batna-une-hausse-de-300-du-nombre-de-visiteurs-etrangers\/","url":"https:\/\/lasentinelle.dz\/index.php\/2025\/07\/23\/batna-une-hausse-de-300-du-nombre-de-visiteurs-etrangers\/","name":"Batna\u00a0: Une hausse de 300% du nombre de visiteurs \u00e9trangers - La Sentinelle","isPartOf":{"@id":"https:\/\/lasentinelle.dz\/#website"},"primaryImageOfPage":{"@id":"https:\/\/lasentinelle.dz\/index.php\/2025\/07\/23\/batna-une-hausse-de-300-du-nombre-de-visiteurs-etrangers\/#primaryimage"},"image":{"@id":"https:\/\/lasentinelle.dz\/index.php\/2025\/07\/23\/batna-une-hausse-de-300-du-nombre-de-visiteurs-etrangers\/#primaryimage"},"thumbnailUrl":"https:\/\/lasentinelle.dz\/wp-content\/uploads\/2024\/03\/Timgad.jpeg","datePublished":"2025-07-23T11:36:19+00:00","dateModified":"2025-07-23T11:36:20+00:00","breadcrumb":{"@id":"https:\/\/lasentinelle.dz\/index.php\/2025\/07\/23\/batna-une-hausse-de-300-du-nombre-de-visiteurs-etrangers\/#breadcrumb"},"inLanguage":"fr-FR","potentialAction":[{"@type":"ReadAction","target":["https:\/\/lasentinelle.dz\/index.php\/2025\/07\/23\/batna-une-hausse-de-300-du-nombre-de-visiteurs-etrangers\/"]}]},{"@type":"ImageObject","inLanguage":"fr-FR","@id":"https:\/\/lasentinelle.dz\/index.php\/2025\/07\/23\/batna-une-hausse-de-300-du-nombre-de-visiteurs-etrangers\/#primaryimage","url":"https:\/\/lasentinelle.dz\/wp-content\/uploads\/2024\/03\/Timgad.jpeg","contentUrl":"https:\/\/lasentinelle.dz\/wp-content\/uploads\/2024\/03\/Timgad.jpeg","width":750,"height":750},{"@type":"BreadcrumbList","@id":"https:\/\/lasentinelle.dz\/index.php\/2025\/07\/23\/batna-une-hausse-de-300-du-nombre-de-visiteurs-etrangers\/#breadcrumb","itemListElement":[{"@type":"ListItem","position":1,"name":"Accueil","item":"https:\/\/lasentinelle.dz\/"},{"@type":"ListItem","position":2,"name":"Batna\u00a0: Une hausse de 300% du nombre de visiteurs \u00e9trangers"}]},{"@type":"WebSite","@id":"https:\/\/lasentinelle.dz\/#website","url":"https:\/\/lasentinelle.dz\/","name":"La Sentinelle","description":"Quotidien national d&#039;information","publisher":{"@id":"https:\/\/lasentinelle.dz\/#organization"},"potentialAction":[{"@type":"SearchAction","target":{"@type":"EntryPoint","urlTemplate":"https:\/\/lasentinelle.dz\/?s={search_term_string}"},"query-input":{"@type":"PropertyValueSpecification","valueRequired":true,"valueName":"search_term_string"}}],"inLanguage":"fr-FR"},{"@type":"Organization","@id":"https:\/\/lasentinelle.dz\/#organization","name":"Quotidien La Sentinelle","url":"https:\/\/lasentinelle.dz\/","logo":{"@type":"ImageObject","inLanguage":"fr-FR","@id":"https:\/\/lasentinelle.dz\/#\/schema\/logo\/image\/","url":"https:\/\/lasentinelle.dz\/wp-content\/uploads\/2021\/09\/logo-sentinelleSLOGAN-1.png","contentUrl":"https:\/\/lasentinelle.dz\/wp-content\/uploads\/2021\/09\/logo-sentinelleSLOGAN-1.png","width":615,"height":142,"caption":"Quotidien La Sentinelle"},"image":{"@id":"https:\/\/lasentinelle.dz\/#\/schema\/logo\/image\/"},"sameAs":["https:\/\/www.facebook.com\/La-Sentinelle-104059864394773"]},{"@type":"Person","@id":"https:\/\/lasentinelle.dz\/#\/schema\/person\/729ee0024f24e0b8c5ec17232f8e8b41","name":"admin","image":{"@type":"ImageObject","inLanguage":"fr-FR","@id":"https:\/\/secure.gravatar.com\/avatar\/4c81fed838786e9b53f540bf46533e750f5d292099ae3b66cfc6fb1982e29df7?s=96&d=mm&r=g","url":"https:\/\/secure.gravatar.com\/avatar\/4c81fed838786e9b53f540bf46533e750f5d292099ae3b66cfc6fb1982e29df7?s=96&d=mm&r=g","contentUrl":"https:\/\/secure.gravatar.com\/avatar\/4c81fed838786e9b53f540bf46533e750f5d292099ae3b66cfc6fb1982e29df7?s=96&d=mm&r=g","caption":"admin"},"description":"admin","url":"https:\/\/lasentinelle.dz\/author\/admin\/"}]}},"_links":{"self":[{"href":"https:\/\/lasentinelle.dz\/index.php\/wp-json\/wp\/v2\/posts\/70802","targetHints":{"allow":["GET"]}}],"collection":[{"href":"https:\/\/lasentinelle.dz\/index.php\/wp-json\/wp\/v2\/posts"}],"about":[{"href":"https:\/\/lasentinelle.dz\/index.php\/wp-json\/wp\/v2\/types\/post"}],"author":[{"embeddable":true,"href":"https:\/\/lasentinelle.dz\/index.php\/wp-json\/wp\/v2\/users\/6"}],"replies":[{"embeddable":true,"href":"https:\/\/lasentinelle.dz\/index.php\/wp-json\/wp\/v2\/comments?post=70802"}],"version-history":[{"count":1,"href":"https:\/\/lasentinelle.dz\/index.php\/wp-json\/wp\/v2\/posts\/70802\/revisions"}],"predecessor-version":[{"id":70803,"href":"https:\/\/lasentinelle.dz\/index.php\/wp-json\/wp\/v2\/posts\/70802\/revisions\/70803"}],"wp:featuredmedia":[{"embeddable":true,"href":"https:\/\/lasentinelle.dz\/index.php\/wp-json\/wp\/v2\/media\/50356"}],"wp:attachment":[{"href":"https:\/\/lasentinelle.dz\/index.php\/wp-json\/wp\/v2\/media?parent=70802"}],"wp:term":[{"taxonomy":"category","embeddable":true,"href":"https:\/\/lasentinelle.dz\/index.php\/wp-json\/wp\/v2\/categories?post=70802"},{"taxonomy":"post_tag","embeddable":true,"href":"https:\/\/lasentinelle.dz\/index.php\/wp-json\/wp\/v2\/tags?post=70802"}],"curies":[{"name":"wp","href":"https:\/\/api.w.org\/{rel}","templated":true}]}}