{"id":70804,"date":"2025-07-23T12:36:57","date_gmt":"2025-07-23T11:36:57","guid":{"rendered":"https:\/\/lasentinelle.dz\/?p=70804"},"modified":"2025-07-23T12:36:58","modified_gmt":"2025-07-23T11:36:58","slug":"annaba-le-telepherique-remis-en-service","status":"publish","type":"post","link":"https:\/\/lasentinelle.dz\/index.php\/2025\/07\/23\/annaba-le-telepherique-remis-en-service\/","title":{"rendered":"Annaba\u00a0: Le t\u00e9l\u00e9ph\u00e9rique remis en service"},"content":{"rendered":"\n<p>Le ministre des Transports, Sa\u00efd Sayoud, a supervis\u00e9 lundi \u00e0 Annaba la remise en service du t\u00e9l\u00e9ph\u00e9rique reliant la commune de Sera\u00efdi au centre-ville, apr\u00e8s plus de six ans d&rsquo;arr\u00eat consacr\u00e9s aux travaux de r\u00e9habilitation.&nbsp;<\/p>\n\n\n\n<p>Le t\u00e9l\u00e9ph\u00e9rique d&rsquo;Annaba&nbsp;constitue d\u00e9sormais un atout majeur pour la mobilit\u00e9 des habitants et le renforcement de l&rsquo;attractivit\u00e9 touristique de cette station baln\u00e9aire embl\u00e9matique.&nbsp;Le t\u00e9l\u00e9ph\u00e9rique, qui couvre un lin\u00e9aire de plus de quatre kilom\u00e8tres, a b\u00e9n\u00e9fici\u00e9 d&rsquo;une r\u00e9novation compl\u00e8te de ses structures et \u00e9quipements techniques pour garantir une exploitation s\u00fbre et efficace. Il assure d\u00e9sormais la liaison entre le centre-ville d&rsquo;Annaba et la commune de Sera\u00efdi en moins de vingt minutes, avec des cabines capables de transporter environ 2.000 passagers par jour, ce qui en fait un moyen de transport urbain particuli\u00e8rement efficace en p\u00e9riode de haute saison touristique.&nbsp;En marge de cette inauguration, le ministre a soulign\u00e9 l&rsquo;importance d&rsquo;une exploitation r\u00e9guli\u00e8re de l&rsquo;\u00e9quipement, tout en assurant sa maintenance p\u00e9riodique et en fournissant des services de haute qualit\u00e9 aux citoyens. Sa\u00efd Sayoud a \u00e9galement \u00e9voqu\u00e9 la possibilit\u00e9 d&rsquo;\u00e9tendre ce mod\u00e8le de transport par c\u00e2ble \u00e0 d&rsquo;autres villes pr\u00e9sentant un relief montagneux similaire. L&rsquo;\u00e9tablissement de transport urbain et suburbain d&rsquo;Annaba a par ailleurs \u00e9t\u00e9 renforc\u00e9 par l&rsquo;acquisition de 34 bus, en attendant la livraison de dix autres v\u00e9hicules.<\/p>\n\n\n\n<p>L&rsquo;inspection minist\u00e9rielle s&rsquo;est poursuivie \u00e0 l&rsquo;a\u00e9roport international Rabah-Bitat, o\u00f9 le ministre a insist\u00e9 sur la n\u00e9cessit\u00e9 d&rsquo;am\u00e9liorer l&rsquo;accueil des passagers en r\u00e9duisant le temps d&rsquo;attente de 45 \u00e0 30 minutes avant le d\u00e9collage. Il a \u00e9galement ordonn\u00e9 la cr\u00e9ation d&rsquo;un couloir destin\u00e9 aux passagers voyageant en premi\u00e8re classe, aux personnes \u00e0 besoins sp\u00e9cifiques et \u00e0 celles ayant des missions sp\u00e9ciales, en l&rsquo;int\u00e9grant \u00e0 tous les dispositifs de contr\u00f4le.&nbsp;Le ministre a inspect\u00e9 le guichet de change de la Banque nationale d&rsquo;Alg\u00e9rie destin\u00e9 \u00e0 l&rsquo;octroi de l&rsquo;allocation touristique de 750 euros, entr\u00e9e en vigueur dimanche. Sur place, il a constat\u00e9 la mise en \u0153uvre effective de cette nouvelle mesure et re\u00e7u des explications d\u00e9taill\u00e9es sur le fonctionnement du dispositif. Il a salu\u00e9 les efforts d\u00e9ploy\u00e9s par les services de s\u00e9curit\u00e9 pour garantir la tranquillit\u00e9 des passagers et la protection de l&rsquo;\u00e9conomie nationale par des m\u00e9thodes modernes et la num\u00e9risation.<\/p>\n\n\n\n<p>La visite s&rsquo;est prolong\u00e9e au port d&rsquo;Annaba, o\u00f9 un expos\u00e9 d\u00e9taill\u00e9 sur la situation du secteur des transports a \u00e9t\u00e9 pr\u00e9sent\u00e9 en pr\u00e9sence des autorit\u00e9s de wilaya. Les activit\u00e9s du quai phosphatier long de 1.600 m\u00e8tres, la ligne de chemin de fer Annaba-Bled El-Hadba et le doublement de la voie ferr\u00e9e Annaba-Bouchegouf ont \u00e9t\u00e9 mis en avant, ainsi que les perspectives de d\u00e9veloppement \u00e0 court et moyen terme, notamment le projet de tramway, les extensions de la gare routi\u00e8re et la r\u00e9alisation de parkings \u00e0 \u00e9tages.&nbsp;Le ministre a \u00e9galement visit\u00e9 la gare routi\u00e8re inter-wilayas Mohamed Mounib-Sandid, qui a fait l&rsquo;objet de travaux d&rsquo;extension pour augmenter sa capacit\u00e9 d&rsquo;accueil. Cette modernisation permet d&rsquo;offrir de meilleures conditions de transport gr\u00e2ce \u00e0 des \u00e9quipements modernes, des services commerciaux vari\u00e9s et des commodit\u00e9s adapt\u00e9es aux besoins des voyageurs. L&rsquo;infrastructure sera renforc\u00e9e par six bus suppl\u00e9mentaires assurant une liaison continue avec le centre-ville 24h\/24, et deux nouvelles applications num\u00e9riques ont \u00e9t\u00e9 lanc\u00e9es : Wimpay pour l&rsquo;achat \u00e9lectronique de billets et Mahattati pour l&rsquo;orientation des voyageurs.<\/p>\n\n\n\n<p>Cette visite d&rsquo;inspection s&rsquo;inscrit dans une d\u00e9marche d&rsquo;\u00e9valuation des infrastructures du secteur et des projets en cours, visant \u00e0 am\u00e9liorer la qualit\u00e9 des services de transport et \u00e0 concr\u00e9tiser les orientations nationales en mati\u00e8re de mobilit\u00e9. La satisfaction exprim\u00e9e quant \u00e0 la dynamique enclench\u00e9e dans le transport \u00e0 l&rsquo;\u00e9chelle locale laisse pr\u00e9sager un renforcement du secteur via d&rsquo;autres projets, notamment le tramway qui demeure une revendication majeure des habitants d&rsquo;Annaba.<\/p>\n\n\n\n<p>Sofia Chahine<\/p>\n","protected":false},"excerpt":{"rendered":"<p>Le ministre des Transports, Sa\u00efd Sayoud, a supervis\u00e9 lundi \u00e0 Annaba la remise en service du t\u00e9l\u00e9ph\u00e9rique reliant la commune<\/p>\n","protected":false},"author":6,"featured_media":70805,"comment_status":"open","ping_status":"closed","sticky":false,"template":"","format":"standard","meta":{"colormag_page_container_layout":"default_layout","colormag_page_sidebar_layout":"default_layout","om_disable_all_campaigns":false,"_monsterinsights_skip_tracking":false,"_monsterinsights_sitenote_active":false,"_monsterinsights_sitenote_note":"","_monsterinsights_sitenote_category":0,"footnotes":"","_wpscppro_dont_share_socialmedia":false,"_wpscppro_custom_social_share_image":0,"_facebook_share_type":"default","_twitter_share_type":"default","_linkedin_share_type":"default","_pinterest_share_type":"default","_linkedin_share_type_page":"","_instagram_share_type":"default","_medium_share_type":"default","_threads_share_type":"","_google_business_share_type":"","_selected_social_profile":[],"_wpsp_enable_custom_social_template":false,"_wpsp_social_scheduling":{"enabled":false,"datetime":null,"platforms":[],"status":"template_only","dateOption":"today","timeOption":"now","customDays":"","customHours":"","customDate":"","customTime":"","schedulingType":"absolute"},"_wpsp_active_default_template":true},"categories":[31],"tags":[],"class_list":["post-70804","post","type-post","status-publish","format-standard","has-post-thumbnail","hentry","category-regions"],"aioseo_notices":[],"yoast_head":"<!-- This site is optimized with the Yoast SEO plugin v27.5 - https:\/\/yoast.com\/product\/yoast-seo-wordpress\/ -->\n<title>Annaba\u00a0: Le t\u00e9l\u00e9ph\u00e9rique remis en service - La Sentinelle<\/title>\n<meta name=\"robots\" content=\"index, follow, max-snippet:-1, max-image-preview:large, max-video-preview:-1\" \/>\n<link rel=\"canonical\" href=\"https:\/\/lasentinelle.dz\/index.php\/2025\/07\/23\/annaba-le-telepherique-remis-en-service\/\" \/>\n<meta property=\"og:locale\" content=\"fr_FR\" \/>\n<meta property=\"og:type\" content=\"article\" \/>\n<meta property=\"og:title\" content=\"Annaba\u00a0: Le t\u00e9l\u00e9ph\u00e9rique remis en service - La Sentinelle\" \/>\n<meta property=\"og:description\" content=\"Le ministre des Transports, Sa\u00efd Sayoud, a supervis\u00e9 lundi \u00e0 Annaba la remise en service du t\u00e9l\u00e9ph\u00e9rique reliant la commune\" \/>\n<meta property=\"og:url\" content=\"https:\/\/lasentinelle.dz\/index.php\/2025\/07\/23\/annaba-le-telepherique-remis-en-service\/\" \/>\n<meta property=\"og:site_name\" content=\"La Sentinelle\" \/>\n<meta property=\"article:publisher\" content=\"https:\/\/www.facebook.com\/La-Sentinelle-104059864394773\" \/>\n<meta property=\"article:published_time\" content=\"2025-07-23T11:36:57+00:00\" \/>\n<meta property=\"article:modified_time\" content=\"2025-07-23T11:36:58+00:00\" \/>\n<meta property=\"og:image\" content=\"https:\/\/lasentinelle.dz\/wp-content\/uploads\/2025\/07\/telepherique.jpg\" \/>\n\t<meta property=\"og:image:width\" content=\"1600\" \/>\n\t<meta property=\"og:image:height\" content=\"1066\" \/>\n\t<meta property=\"og:image:type\" content=\"image\/jpeg\" \/>\n<meta name=\"author\" content=\"admin\" \/>\n<meta name=\"twitter:card\" content=\"summary_large_image\" \/>\n<meta name=\"twitter:label1\" content=\"\u00c9crit par\" \/>\n\t<meta name=\"twitter:data1\" content=\"admin\" \/>\n\t<meta name=\"twitter:label2\" content=\"Dur\u00e9e de lecture estim\u00e9e\" \/>\n\t<meta name=\"twitter:data2\" content=\"4 minutes\" \/>\n<script type=\"application\/ld+json\" class=\"yoast-schema-graph\">{\"@context\":\"https:\\\/\\\/schema.org\",\"@graph\":[{\"@type\":\"Article\",\"@id\":\"https:\\\/\\\/lasentinelle.dz\\\/index.php\\\/2025\\\/07\\\/23\\\/annaba-le-telepherique-remis-en-service\\\/#article\",\"isPartOf\":{\"@id\":\"https:\\\/\\\/lasentinelle.dz\\\/index.php\\\/2025\\\/07\\\/23\\\/annaba-le-telepherique-remis-en-service\\\/\"},\"author\":{\"name\":\"admin\",\"@id\":\"https:\\\/\\\/lasentinelle.dz\\\/#\\\/schema\\\/person\\\/729ee0024f24e0b8c5ec17232f8e8b41\"},\"headline\":\"Annaba\u00a0: Le t\u00e9l\u00e9ph\u00e9rique remis en service\",\"datePublished\":\"2025-07-23T11:36:57+00:00\",\"dateModified\":\"2025-07-23T11:36:58+00:00\",\"mainEntityOfPage\":{\"@id\":\"https:\\\/\\\/lasentinelle.dz\\\/index.php\\\/2025\\\/07\\\/23\\\/annaba-le-telepherique-remis-en-service\\\/\"},\"wordCount\":723,\"commentCount\":0,\"publisher\":{\"@id\":\"https:\\\/\\\/lasentinelle.dz\\\/#organization\"},\"image\":{\"@id\":\"https:\\\/\\\/lasentinelle.dz\\\/index.php\\\/2025\\\/07\\\/23\\\/annaba-le-telepherique-remis-en-service\\\/#primaryimage\"},\"thumbnailUrl\":\"https:\\\/\\\/lasentinelle.dz\\\/wp-content\\\/uploads\\\/2025\\\/07\\\/telepherique.jpg\",\"articleSection\":[\"R\u00e9gions\"],\"inLanguage\":\"fr-FR\",\"potentialAction\":[{\"@type\":\"CommentAction\",\"name\":\"Comment\",\"target\":[\"https:\\\/\\\/lasentinelle.dz\\\/index.php\\\/2025\\\/07\\\/23\\\/annaba-le-telepherique-remis-en-service\\\/#respond\"]}]},{\"@type\":\"WebPage\",\"@id\":\"https:\\\/\\\/lasentinelle.dz\\\/index.php\\\/2025\\\/07\\\/23\\\/annaba-le-telepherique-remis-en-service\\\/\",\"url\":\"https:\\\/\\\/lasentinelle.dz\\\/index.php\\\/2025\\\/07\\\/23\\\/annaba-le-telepherique-remis-en-service\\\/\",\"name\":\"Annaba\u00a0: Le t\u00e9l\u00e9ph\u00e9rique remis en service - La Sentinelle\",\"isPartOf\":{\"@id\":\"https:\\\/\\\/lasentinelle.dz\\\/#website\"},\"primaryImageOfPage\":{\"@id\":\"https:\\\/\\\/lasentinelle.dz\\\/index.php\\\/2025\\\/07\\\/23\\\/annaba-le-telepherique-remis-en-service\\\/#primaryimage\"},\"image\":{\"@id\":\"https:\\\/\\\/lasentinelle.dz\\\/index.php\\\/2025\\\/07\\\/23\\\/annaba-le-telepherique-remis-en-service\\\/#primaryimage\"},\"thumbnailUrl\":\"https:\\\/\\\/lasentinelle.dz\\\/wp-content\\\/uploads\\\/2025\\\/07\\\/telepherique.jpg\",\"datePublished\":\"2025-07-23T11:36:57+00:00\",\"dateModified\":\"2025-07-23T11:36:58+00:00\",\"breadcrumb\":{\"@id\":\"https:\\\/\\\/lasentinelle.dz\\\/index.php\\\/2025\\\/07\\\/23\\\/annaba-le-telepherique-remis-en-service\\\/#breadcrumb\"},\"inLanguage\":\"fr-FR\",\"potentialAction\":[{\"@type\":\"ReadAction\",\"target\":[\"https:\\\/\\\/lasentinelle.dz\\\/index.php\\\/2025\\\/07\\\/23\\\/annaba-le-telepherique-remis-en-service\\\/\"]}]},{\"@type\":\"ImageObject\",\"inLanguage\":\"fr-FR\",\"@id\":\"https:\\\/\\\/lasentinelle.dz\\\/index.php\\\/2025\\\/07\\\/23\\\/annaba-le-telepherique-remis-en-service\\\/#primaryimage\",\"url\":\"https:\\\/\\\/lasentinelle.dz\\\/wp-content\\\/uploads\\\/2025\\\/07\\\/telepherique.jpg\",\"contentUrl\":\"https:\\\/\\\/lasentinelle.dz\\\/wp-content\\\/uploads\\\/2025\\\/07\\\/telepherique.jpg\",\"width\":1600,\"height\":1066},{\"@type\":\"BreadcrumbList\",\"@id\":\"https:\\\/\\\/lasentinelle.dz\\\/index.php\\\/2025\\\/07\\\/23\\\/annaba-le-telepherique-remis-en-service\\\/#breadcrumb\",\"itemListElement\":[{\"@type\":\"ListItem\",\"position\":1,\"name\":\"Accueil\",\"item\":\"https:\\\/\\\/lasentinelle.dz\\\/\"},{\"@type\":\"ListItem\",\"position\":2,\"name\":\"Annaba\u00a0: Le t\u00e9l\u00e9ph\u00e9rique remis en service\"}]},{\"@type\":\"WebSite\",\"@id\":\"https:\\\/\\\/lasentinelle.dz\\\/#website\",\"url\":\"https:\\\/\\\/lasentinelle.dz\\\/\",\"name\":\"La Sentinelle\",\"description\":\"Quotidien national d&#039;information\",\"publisher\":{\"@id\":\"https:\\\/\\\/lasentinelle.dz\\\/#organization\"},\"potentialAction\":[{\"@type\":\"SearchAction\",\"target\":{\"@type\":\"EntryPoint\",\"urlTemplate\":\"https:\\\/\\\/lasentinelle.dz\\\/?s={search_term_string}\"},\"query-input\":{\"@type\":\"PropertyValueSpecification\",\"valueRequired\":true,\"valueName\":\"search_term_string\"}}],\"inLanguage\":\"fr-FR\"},{\"@type\":\"Organization\",\"@id\":\"https:\\\/\\\/lasentinelle.dz\\\/#organization\",\"name\":\"Quotidien La Sentinelle\",\"url\":\"https:\\\/\\\/lasentinelle.dz\\\/\",\"logo\":{\"@type\":\"ImageObject\",\"inLanguage\":\"fr-FR\",\"@id\":\"https:\\\/\\\/lasentinelle.dz\\\/#\\\/schema\\\/logo\\\/image\\\/\",\"url\":\"https:\\\/\\\/lasentinelle.dz\\\/wp-content\\\/uploads\\\/2021\\\/09\\\/logo-sentinelleSLOGAN-1.png\",\"contentUrl\":\"https:\\\/\\\/lasentinelle.dz\\\/wp-content\\\/uploads\\\/2021\\\/09\\\/logo-sentinelleSLOGAN-1.png\",\"width\":615,\"height\":142,\"caption\":\"Quotidien La Sentinelle\"},\"image\":{\"@id\":\"https:\\\/\\\/lasentinelle.dz\\\/#\\\/schema\\\/logo\\\/image\\\/\"},\"sameAs\":[\"https:\\\/\\\/www.facebook.com\\\/La-Sentinelle-104059864394773\"]},{\"@type\":\"Person\",\"@id\":\"https:\\\/\\\/lasentinelle.dz\\\/#\\\/schema\\\/person\\\/729ee0024f24e0b8c5ec17232f8e8b41\",\"name\":\"admin\",\"image\":{\"@type\":\"ImageObject\",\"inLanguage\":\"fr-FR\",\"@id\":\"https:\\\/\\\/secure.gravatar.com\\\/avatar\\\/4c81fed838786e9b53f540bf46533e750f5d292099ae3b66cfc6fb1982e29df7?s=96&d=mm&r=g\",\"url\":\"https:\\\/\\\/secure.gravatar.com\\\/avatar\\\/4c81fed838786e9b53f540bf46533e750f5d292099ae3b66cfc6fb1982e29df7?s=96&d=mm&r=g\",\"contentUrl\":\"https:\\\/\\\/secure.gravatar.com\\\/avatar\\\/4c81fed838786e9b53f540bf46533e750f5d292099ae3b66cfc6fb1982e29df7?s=96&d=mm&r=g\",\"caption\":\"admin\"},\"description\":\"admin\",\"url\":\"https:\\\/\\\/lasentinelle.dz\\\/author\\\/admin\\\/\"}]}<\/script>\n<!-- \/ Yoast SEO plugin. -->","yoast_head_json":{"title":"Annaba\u00a0: Le t\u00e9l\u00e9ph\u00e9rique remis en service - La Sentinelle","robots":{"index":"index","follow":"follow","max-snippet":"max-snippet:-1","max-image-preview":"max-image-preview:large","max-video-preview":"max-video-preview:-1"},"canonical":"https:\/\/lasentinelle.dz\/index.php\/2025\/07\/23\/annaba-le-telepherique-remis-en-service\/","og_locale":"fr_FR","og_type":"article","og_title":"Annaba\u00a0: Le t\u00e9l\u00e9ph\u00e9rique remis en service - La Sentinelle","og_description":"Le ministre des Transports, Sa\u00efd Sayoud, a supervis\u00e9 lundi \u00e0 Annaba la remise en service du t\u00e9l\u00e9ph\u00e9rique reliant la commune","og_url":"https:\/\/lasentinelle.dz\/index.php\/2025\/07\/23\/annaba-le-telepherique-remis-en-service\/","og_site_name":"La Sentinelle","article_publisher":"https:\/\/www.facebook.com\/La-Sentinelle-104059864394773","article_published_time":"2025-07-23T11:36:57+00:00","article_modified_time":"2025-07-23T11:36:58+00:00","og_image":[{"width":1600,"height":1066,"url":"https:\/\/lasentinelle.dz\/wp-content\/uploads\/2025\/07\/telepherique.jpg","type":"image\/jpeg"}],"author":"admin","twitter_card":"summary_large_image","twitter_misc":{"\u00c9crit par":"admin","Dur\u00e9e de lecture estim\u00e9e":"4 minutes"},"schema":{"@context":"https:\/\/schema.org","@graph":[{"@type":"Article","@id":"https:\/\/lasentinelle.dz\/index.php\/2025\/07\/23\/annaba-le-telepherique-remis-en-service\/#article","isPartOf":{"@id":"https:\/\/lasentinelle.dz\/index.php\/2025\/07\/23\/annaba-le-telepherique-remis-en-service\/"},"author":{"name":"admin","@id":"https:\/\/lasentinelle.dz\/#\/schema\/person\/729ee0024f24e0b8c5ec17232f8e8b41"},"headline":"Annaba\u00a0: Le t\u00e9l\u00e9ph\u00e9rique remis en service","datePublished":"2025-07-23T11:36:57+00:00","dateModified":"2025-07-23T11:36:58+00:00","mainEntityOfPage":{"@id":"https:\/\/lasentinelle.dz\/index.php\/2025\/07\/23\/annaba-le-telepherique-remis-en-service\/"},"wordCount":723,"commentCount":0,"publisher":{"@id":"https:\/\/lasentinelle.dz\/#organization"},"image":{"@id":"https:\/\/lasentinelle.dz\/index.php\/2025\/07\/23\/annaba-le-telepherique-remis-en-service\/#primaryimage"},"thumbnailUrl":"https:\/\/lasentinelle.dz\/wp-content\/uploads\/2025\/07\/telepherique.jpg","articleSection":["R\u00e9gions"],"inLanguage":"fr-FR","potentialAction":[{"@type":"CommentAction","name":"Comment","target":["https:\/\/lasentinelle.dz\/index.php\/2025\/07\/23\/annaba-le-telepherique-remis-en-service\/#respond"]}]},{"@type":"WebPage","@id":"https:\/\/lasentinelle.dz\/index.php\/2025\/07\/23\/annaba-le-telepherique-remis-en-service\/","url":"https:\/\/lasentinelle.dz\/index.php\/2025\/07\/23\/annaba-le-telepherique-remis-en-service\/","name":"Annaba\u00a0: Le t\u00e9l\u00e9ph\u00e9rique remis en service - La Sentinelle","isPartOf":{"@id":"https:\/\/lasentinelle.dz\/#website"},"primaryImageOfPage":{"@id":"https:\/\/lasentinelle.dz\/index.php\/2025\/07\/23\/annaba-le-telepherique-remis-en-service\/#primaryimage"},"image":{"@id":"https:\/\/lasentinelle.dz\/index.php\/2025\/07\/23\/annaba-le-telepherique-remis-en-service\/#primaryimage"},"thumbnailUrl":"https:\/\/lasentinelle.dz\/wp-content\/uploads\/2025\/07\/telepherique.jpg","datePublished":"2025-07-23T11:36:57+00:00","dateModified":"2025-07-23T11:36:58+00:00","breadcrumb":{"@id":"https:\/\/lasentinelle.dz\/index.php\/2025\/07\/23\/annaba-le-telepherique-remis-en-service\/#breadcrumb"},"inLanguage":"fr-FR","potentialAction":[{"@type":"ReadAction","target":["https:\/\/lasentinelle.dz\/index.php\/2025\/07\/23\/annaba-le-telepherique-remis-en-service\/"]}]},{"@type":"ImageObject","inLanguage":"fr-FR","@id":"https:\/\/lasentinelle.dz\/index.php\/2025\/07\/23\/annaba-le-telepherique-remis-en-service\/#primaryimage","url":"https:\/\/lasentinelle.dz\/wp-content\/uploads\/2025\/07\/telepherique.jpg","contentUrl":"https:\/\/lasentinelle.dz\/wp-content\/uploads\/2025\/07\/telepherique.jpg","width":1600,"height":1066},{"@type":"BreadcrumbList","@id":"https:\/\/lasentinelle.dz\/index.php\/2025\/07\/23\/annaba-le-telepherique-remis-en-service\/#breadcrumb","itemListElement":[{"@type":"ListItem","position":1,"name":"Accueil","item":"https:\/\/lasentinelle.dz\/"},{"@type":"ListItem","position":2,"name":"Annaba\u00a0: Le t\u00e9l\u00e9ph\u00e9rique remis en service"}]},{"@type":"WebSite","@id":"https:\/\/lasentinelle.dz\/#website","url":"https:\/\/lasentinelle.dz\/","name":"La Sentinelle","description":"Quotidien national d&#039;information","publisher":{"@id":"https:\/\/lasentinelle.dz\/#organization"},"potentialAction":[{"@type":"SearchAction","target":{"@type":"EntryPoint","urlTemplate":"https:\/\/lasentinelle.dz\/?s={search_term_string}"},"query-input":{"@type":"PropertyValueSpecification","valueRequired":true,"valueName":"search_term_string"}}],"inLanguage":"fr-FR"},{"@type":"Organization","@id":"https:\/\/lasentinelle.dz\/#organization","name":"Quotidien La Sentinelle","url":"https:\/\/lasentinelle.dz\/","logo":{"@type":"ImageObject","inLanguage":"fr-FR","@id":"https:\/\/lasentinelle.dz\/#\/schema\/logo\/image\/","url":"https:\/\/lasentinelle.dz\/wp-content\/uploads\/2021\/09\/logo-sentinelleSLOGAN-1.png","contentUrl":"https:\/\/lasentinelle.dz\/wp-content\/uploads\/2021\/09\/logo-sentinelleSLOGAN-1.png","width":615,"height":142,"caption":"Quotidien La Sentinelle"},"image":{"@id":"https:\/\/lasentinelle.dz\/#\/schema\/logo\/image\/"},"sameAs":["https:\/\/www.facebook.com\/La-Sentinelle-104059864394773"]},{"@type":"Person","@id":"https:\/\/lasentinelle.dz\/#\/schema\/person\/729ee0024f24e0b8c5ec17232f8e8b41","name":"admin","image":{"@type":"ImageObject","inLanguage":"fr-FR","@id":"https:\/\/secure.gravatar.com\/avatar\/4c81fed838786e9b53f540bf46533e750f5d292099ae3b66cfc6fb1982e29df7?s=96&d=mm&r=g","url":"https:\/\/secure.gravatar.com\/avatar\/4c81fed838786e9b53f540bf46533e750f5d292099ae3b66cfc6fb1982e29df7?s=96&d=mm&r=g","contentUrl":"https:\/\/secure.gravatar.com\/avatar\/4c81fed838786e9b53f540bf46533e750f5d292099ae3b66cfc6fb1982e29df7?s=96&d=mm&r=g","caption":"admin"},"description":"admin","url":"https:\/\/lasentinelle.dz\/author\/admin\/"}]}},"_links":{"self":[{"href":"https:\/\/lasentinelle.dz\/index.php\/wp-json\/wp\/v2\/posts\/70804","targetHints":{"allow":["GET"]}}],"collection":[{"href":"https:\/\/lasentinelle.dz\/index.php\/wp-json\/wp\/v2\/posts"}],"about":[{"href":"https:\/\/lasentinelle.dz\/index.php\/wp-json\/wp\/v2\/types\/post"}],"author":[{"embeddable":true,"href":"https:\/\/lasentinelle.dz\/index.php\/wp-json\/wp\/v2\/users\/6"}],"replies":[{"embeddable":true,"href":"https:\/\/lasentinelle.dz\/index.php\/wp-json\/wp\/v2\/comments?post=70804"}],"version-history":[{"count":1,"href":"https:\/\/lasentinelle.dz\/index.php\/wp-json\/wp\/v2\/posts\/70804\/revisions"}],"predecessor-version":[{"id":70806,"href":"https:\/\/lasentinelle.dz\/index.php\/wp-json\/wp\/v2\/posts\/70804\/revisions\/70806"}],"wp:featuredmedia":[{"embeddable":true,"href":"https:\/\/lasentinelle.dz\/index.php\/wp-json\/wp\/v2\/media\/70805"}],"wp:attachment":[{"href":"https:\/\/lasentinelle.dz\/index.php\/wp-json\/wp\/v2\/media?parent=70804"}],"wp:term":[{"taxonomy":"category","embeddable":true,"href":"https:\/\/lasentinelle.dz\/index.php\/wp-json\/wp\/v2\/categories?post=70804"},{"taxonomy":"post_tag","embeddable":true,"href":"https:\/\/lasentinelle.dz\/index.php\/wp-json\/wp\/v2\/tags?post=70804"}],"curies":[{"name":"wp","href":"https:\/\/api.w.org\/{rel}","templated":true}]}}