{"id":70813,"date":"2025-07-23T12:40:43","date_gmt":"2025-07-23T11:40:43","guid":{"rendered":"https:\/\/lasentinelle.dz\/?p=70813"},"modified":"2025-07-23T12:40:44","modified_gmt":"2025-07-23T11:40:44","slug":"lelaboration-dun-cahier-des-charges-lancee-asseoir-une-base-industrielle-dans-lelectronique-et-lelectromenager","status":"publish","type":"post","link":"https:\/\/lasentinelle.dz\/index.php\/2025\/07\/23\/lelaboration-dun-cahier-des-charges-lancee-asseoir-une-base-industrielle-dans-lelectronique-et-lelectromenager\/","title":{"rendered":"L&rsquo;\u00e9laboration d&rsquo;un cahier des charges\u00a0lanc\u00e9e\u00a0: Asseoir une base industrielle dans l&rsquo;\u00e9lectronique et l&rsquo;\u00e9lectrom\u00e9nager"},"content":{"rendered":"\n<p>L&rsquo;industrie \u00e9lectronique et \u00e9lectrom\u00e9nag\u00e8re en Alg\u00e9rie, longtemps domin\u00e9e par les importations, est aujourd&rsquo;hui en pleine mutation. Le pays s&rsquo;efforce de r\u00e9duire sa d\u00e9pendance et d&rsquo;acc\u00e9l\u00e9rer la production nationale dans un contexte de hausse des importations et de pression \u00e9conomique croissante.&nbsp;<\/p>\n\n\n\n<p>\u00c0 cet \u00e9gard, le minist\u00e8re de l&rsquo;Industrie&nbsp;a lanc\u00e9 le processus&nbsp;d&rsquo;\u00e9laboration d&rsquo;un cahier des charges sp\u00e9cifique visant \u00e0 structurer le secteur et \u00e0 soutenir son d\u00e9veloppement. Cette d\u00e9marche s&rsquo;inscrit dans le cadre de \u00ab\u00a0l&rsquo;approche participative et consultative\u00a0\u00bb adopt\u00e9e par le minist\u00e8re pour organiser et relancer les diff\u00e9rentes activit\u00e9s industrielles du pays.<\/p>\n\n\n\n<p>Le ministre de l&rsquo;Industrie, le docteur Sifi Ghrib, a pr\u00e9sid\u00e9&nbsp;jeudi dernier&nbsp;au si\u00e8ge&nbsp;de son d\u00e9partement&nbsp;une r\u00e9union rassemblant les op\u00e9rateurs \u00e9conomiques actifs dans le domaine de l&rsquo;industrie \u00e9lectrom\u00e9nag\u00e8re et \u00e9lectronique. Cette rencontre avait pour objectif principal de constituer \u00ab\u00a0un groupe de travail charg\u00e9 de l&rsquo;\u00e9laboration d&rsquo;un cahier des charges et d&rsquo;un r\u00e9f\u00e9rentiel sp\u00e9cifique \u00e0 cette activit\u00e9 strat\u00e9gique\u00a0\u00bb. La d\u00e9marche t\u00e9moigne de la volont\u00e9 gouvernementale d&rsquo;associer \u00e9troitement le secteur priv\u00e9 \u00e0 la d\u00e9finition des orientations industrielles nationales, une collaboration essentielle pour r\u00e9pondre aux d\u00e9fis et transformer les ambitions du pays en r\u00e9alisations concr\u00e8tes.<\/p>\n\n\n\n<p>L&rsquo;objectif principal de cette d\u00e9marche est de promouvoir une v\u00e9ritable industrie nationale dans les secteurs de l&rsquo;\u00e9lectronique et de l&rsquo;\u00e9lectrom\u00e9nager, selon un communiqu\u00e9 du minist\u00e8re de l&rsquo;Industrie. Le cahier des charges en pr\u00e9paration vise \u00e0 d\u00e9finir les normes et exigences techniques pour les fabricants locaux, tout en pr\u00e9voyant des m\u00e9canismes de soutien pour renforcer l&rsquo;int\u00e9gration des composants locaux et favoriser la comp\u00e9titivit\u00e9 des produits alg\u00e9riens sur les march\u00e9s \u00e9trangers, notamment en Afrique.<\/p>\n\n\n\n<p>Au cours de cette s\u00e9ance de travail, \u00ab\u00a0le ministre a \u00e9cout\u00e9 les pr\u00e9occupations des op\u00e9rateurs \u00e9conomiques et des professionnels\u00a0\u00bb du secteur, d\u00e9montrant ainsi l&rsquo;importance accord\u00e9e au dialogue avec les acteurs de terrain. Cette approche consultative vise \u00e0 garantir que le futur cahier des charges refl\u00e8te fid\u00e8lement les r\u00e9alit\u00e9s du march\u00e9 et les besoins concrets des industriels. Le ministre a particuli\u00e8rement \u00ab\u00a0soulign\u00e9 la n\u00e9cessit\u00e9 d&rsquo;acc\u00e9l\u00e9rer la finalisation de l&rsquo;\u00e9laboration du cahier des charges dans les plus brefs d\u00e9lais\u00a0\u00bb.<\/p>\n\n\n\n<p>Cette urgence se justifie par les r\u00e9sultats d\u00e9j\u00e0 obtenus par certaines entreprises nationales qui d\u00e9montrent le potentiel du secteur. L&rsquo;Alg\u00e9rie poss\u00e8de d\u00e9j\u00e0 des exemples r\u00e9ussis de son potentiel industriel.&nbsp;<\/p>\n\n\n\n<p>L&rsquo;objectif affich\u00e9 est de \u00ab\u00a0mettre en place un cadre r\u00e9glementaire clair et efficace pour soutenir et d\u00e9velopper cette fili\u00e8re\u00a0\u00bb. Cette r\u00e9gulation renforc\u00e9e devrait permettre d&rsquo;encadrer plus efficacement les activit\u00e9s du secteur tout en offrant aux op\u00e9rateurs \u00e9conomiques la visibilit\u00e9 n\u00e9cessaire pour leurs investissements \u00e0 moyen et long terme. Le cadre r\u00e9glementaire envisag\u00e9 devrait \u00e9galement faciliter l&rsquo;acc\u00e8s aux financements et aux diff\u00e9rents dispositifs de soutien public.<\/p>\n\n\n\n<p>Cette \u00ab\u00a0initiative consultative lanc\u00e9e par le minist\u00e8re depuis plus de deux mois\u00a0\u00bb s&rsquo;inscrit dans une vision ambitieuse de transformation industrielle. L&rsquo;objectif principal consiste \u00e0 \u00ab\u00a0construire une industrie \u00e9lectronique et \u00e9lectrom\u00e9nag\u00e8re nationale v\u00e9ritable\u00a0\u00bb, marquant ainsi une rupture avec la d\u00e9pendance excessive aux importations qui caract\u00e9rise actuellement ce secteur. Cette ambition de souverainet\u00e9 industrielle s&rsquo;appuie sur une strat\u00e9gie en plusieurs volets, dont les premiers r\u00e9sultats encourageants laissent pr\u00e9sager un d\u00e9veloppement prometteur.<\/p>\n\n\n\n<p>Le premier axe strat\u00e9gique vise \u00e0 \u00ab\u00a0renforcer l&rsquo;\u00e9cosyst\u00e8me de sous-traitance locale\u00a0\u00bb, favorisant ainsi l&rsquo;\u00e9mergence d&rsquo;un tissu industriel int\u00e9gr\u00e9 o\u00f9 les entreprises nationales pourront d\u00e9velopper des partenariats durables. Cette approche devrait permettre de cr\u00e9er des synergies entre les diff\u00e9rents acteurs de la fili\u00e8re et de d\u00e9velopper progressivement l&rsquo;expertise technique locale. La sous-traitance locale repr\u00e9sente un levier essentiel pour le transfert de technologie et le d\u00e9veloppement des comp\u00e9tences nationales, comme l&rsquo;illustrent les taux d&rsquo;int\u00e9gration locale d\u00e9j\u00e0 atteints par certaines entreprises.<\/p>\n\n\n\n<p>Le deuxi\u00e8me objectif consiste \u00e0 \u00ab\u00a0r\u00e9duire la facture d&rsquo;importation\u00a0\u00bb, enjeu crucial pour l&rsquo;\u00e9quilibre de la balance commerciale du pays. Le secteur de l&rsquo;\u00e9lectrom\u00e9nager et de l&rsquo;\u00e9lectronique repr\u00e9sente actuellement une part importante des importations nationales, g\u00e9n\u00e9rant une sortie significative de devises. Le d\u00e9veloppement d&rsquo;une production locale permettrait non seulement de r\u00e9duire cette d\u00e9pendance mais aussi de cr\u00e9er de la valeur ajout\u00e9e sur le territoire national. Le troisi\u00e8me pilier de cette strat\u00e9gie vise \u00e0 \u00ab\u00a0ouvrir de nouveaux horizons \u00e0 l&rsquo;exportation, notamment vers les march\u00e9s africains aux grandes potentialit\u00e9s\u00a0\u00bb.&nbsp;L&rsquo;Alg\u00e9rie entend ainsi tirer parti de sa position g\u00e9ographique strat\u00e9gique et de ses liens historiques avec le continent africain pour d\u00e9velopper de nouveaux d\u00e9bouch\u00e9s commerciaux.&nbsp;<\/p>\n\n\n\n<p>L&rsquo;industrie \u00e9lectrom\u00e9nag\u00e8re et \u00e9lectronique est consid\u00e9r\u00e9e comme un \u00ab\u00a0secteur strat\u00e9gique\u00a0\u00bb par les autorit\u00e9s, reconnaissance qui s&rsquo;accompagne d&rsquo;un engagement fort du minist\u00e8re. Le ministre a d&rsquo;ailleurs r\u00e9affirm\u00e9 que&nbsp;son d\u00e9partement&nbsp;\u00a0\u00bb reste engag\u00e9 \u00e0 accompagner les op\u00e9rateurs dans ce secteur strat\u00e9gique\u00a0\u00bb, signalant ainsi la continuit\u00e9 de l&rsquo;action publique dans ce domaine. Cet accompagnement se traduit par la volont\u00e9 de \u00ab\u00a0fournir les conditions appropri\u00e9es pour d\u00e9velopper leur activit\u00e9 et renforcer leur comp\u00e9titivit\u00e9 aux niveaux national et international\u00a0\u00bb.<\/p>\n\n\n\n<p>Le cahier des charges en cours d&rsquo;\u00e9laboration devrait pr\u00e9cis\u00e9ment d\u00e9finir ces exigences qualitatives et techniques, offrant ainsi un cadre de r\u00e9f\u00e9rence pour l&rsquo;ensemble des acteurs du secteur.&nbsp;<\/p>\n\n\n\n<p>Samira Ghrib<\/p>\n","protected":false},"excerpt":{"rendered":"<p>L&rsquo;industrie \u00e9lectronique et \u00e9lectrom\u00e9nag\u00e8re en Alg\u00e9rie, longtemps domin\u00e9e par les importations, est aujourd&rsquo;hui en pleine mutation. Le pays s&rsquo;efforce de<\/p>\n","protected":false},"author":6,"featured_media":70814,"comment_status":"open","ping_status":"closed","sticky":false,"template":"","format":"standard","meta":{"colormag_page_container_layout":"default_layout","colormag_page_sidebar_layout":"default_layout","om_disable_all_campaigns":false,"_monsterinsights_skip_tracking":false,"_monsterinsights_sitenote_active":false,"_monsterinsights_sitenote_note":"","_monsterinsights_sitenote_category":0,"footnotes":"","_wpscppro_dont_share_socialmedia":false,"_wpscppro_custom_social_share_image":0,"_facebook_share_type":"default","_twitter_share_type":"default","_linkedin_share_type":"default","_pinterest_share_type":"default","_linkedin_share_type_page":"","_instagram_share_type":"default","_medium_share_type":"default","_threads_share_type":"","_google_business_share_type":"","_selected_social_profile":[],"_wpsp_enable_custom_social_template":false,"_wpsp_social_scheduling":{"enabled":false,"datetime":null,"platforms":[],"status":"template_only","dateOption":"today","timeOption":"now","customDays":"","customHours":"","customDate":"","customTime":"","schedulingType":"absolute"},"_wpsp_active_default_template":true},"categories":[52,29],"tags":[],"class_list":["post-70813","post","type-post","status-publish","format-standard","has-post-thumbnail","hentry","category-a-la-une","category-economie"],"aioseo_notices":[],"yoast_head":"<!-- This site is optimized with the Yoast SEO plugin v27.4 - https:\/\/yoast.com\/product\/yoast-seo-wordpress\/ -->\n<title>L&rsquo;\u00e9laboration d&rsquo;un cahier des charges\u00a0lanc\u00e9e\u00a0: Asseoir une base industrielle dans l&rsquo;\u00e9lectronique et l&rsquo;\u00e9lectrom\u00e9nager - La Sentinelle<\/title>\n<meta name=\"robots\" content=\"index, follow, max-snippet:-1, max-image-preview:large, max-video-preview:-1\" \/>\n<link rel=\"canonical\" href=\"https:\/\/lasentinelle.dz\/index.php\/2025\/07\/23\/lelaboration-dun-cahier-des-charges-lancee-asseoir-une-base-industrielle-dans-lelectronique-et-lelectromenager\/\" \/>\n<meta property=\"og:locale\" content=\"fr_FR\" \/>\n<meta property=\"og:type\" content=\"article\" \/>\n<meta property=\"og:title\" content=\"L&rsquo;\u00e9laboration d&rsquo;un cahier des charges\u00a0lanc\u00e9e\u00a0: Asseoir une base industrielle dans l&rsquo;\u00e9lectronique et l&rsquo;\u00e9lectrom\u00e9nager - La Sentinelle\" \/>\n<meta property=\"og:description\" content=\"L&rsquo;industrie \u00e9lectronique et \u00e9lectrom\u00e9nag\u00e8re en Alg\u00e9rie, longtemps domin\u00e9e par les importations, est aujourd&rsquo;hui en pleine mutation. Le pays s&rsquo;efforce de\" \/>\n<meta property=\"og:url\" content=\"https:\/\/lasentinelle.dz\/index.php\/2025\/07\/23\/lelaboration-dun-cahier-des-charges-lancee-asseoir-une-base-industrielle-dans-lelectronique-et-lelectromenager\/\" \/>\n<meta property=\"og:site_name\" content=\"La Sentinelle\" \/>\n<meta property=\"article:publisher\" content=\"https:\/\/www.facebook.com\/La-Sentinelle-104059864394773\" \/>\n<meta property=\"article:published_time\" content=\"2025-07-23T11:40:43+00:00\" \/>\n<meta property=\"article:modified_time\" content=\"2025-07-23T11:40:44+00:00\" \/>\n<meta property=\"og:image\" content=\"https:\/\/lasentinelle.dz\/wp-content\/uploads\/2025\/07\/electromenager.jpeg\" \/>\n\t<meta property=\"og:image:width\" content=\"896\" \/>\n\t<meta property=\"og:image:height\" content=\"598\" \/>\n\t<meta property=\"og:image:type\" content=\"image\/jpeg\" \/>\n<meta name=\"author\" content=\"admin\" \/>\n<meta name=\"twitter:card\" content=\"summary_large_image\" \/>\n<meta name=\"twitter:label1\" content=\"\u00c9crit par\" \/>\n\t<meta name=\"twitter:data1\" content=\"admin\" \/>\n\t<meta name=\"twitter:label2\" content=\"Dur\u00e9e de lecture estim\u00e9e\" \/>\n\t<meta name=\"twitter:data2\" content=\"5 minutes\" \/>\n<script type=\"application\/ld+json\" class=\"yoast-schema-graph\">{\"@context\":\"https:\\\/\\\/schema.org\",\"@graph\":[{\"@type\":\"Article\",\"@id\":\"https:\\\/\\\/lasentinelle.dz\\\/index.php\\\/2025\\\/07\\\/23\\\/lelaboration-dun-cahier-des-charges-lancee-asseoir-une-base-industrielle-dans-lelectronique-et-lelectromenager\\\/#article\",\"isPartOf\":{\"@id\":\"https:\\\/\\\/lasentinelle.dz\\\/index.php\\\/2025\\\/07\\\/23\\\/lelaboration-dun-cahier-des-charges-lancee-asseoir-une-base-industrielle-dans-lelectronique-et-lelectromenager\\\/\"},\"author\":{\"name\":\"admin\",\"@id\":\"https:\\\/\\\/lasentinelle.dz\\\/#\\\/schema\\\/person\\\/729ee0024f24e0b8c5ec17232f8e8b41\"},\"headline\":\"L&rsquo;\u00e9laboration d&rsquo;un cahier des charges\u00a0lanc\u00e9e\u00a0: Asseoir une base industrielle dans l&rsquo;\u00e9lectronique et l&rsquo;\u00e9lectrom\u00e9nager\",\"datePublished\":\"2025-07-23T11:40:43+00:00\",\"dateModified\":\"2025-07-23T11:40:44+00:00\",\"mainEntityOfPage\":{\"@id\":\"https:\\\/\\\/lasentinelle.dz\\\/index.php\\\/2025\\\/07\\\/23\\\/lelaboration-dun-cahier-des-charges-lancee-asseoir-une-base-industrielle-dans-lelectronique-et-lelectromenager\\\/\"},\"wordCount\":1005,\"commentCount\":0,\"publisher\":{\"@id\":\"https:\\\/\\\/lasentinelle.dz\\\/#organization\"},\"image\":{\"@id\":\"https:\\\/\\\/lasentinelle.dz\\\/index.php\\\/2025\\\/07\\\/23\\\/lelaboration-dun-cahier-des-charges-lancee-asseoir-une-base-industrielle-dans-lelectronique-et-lelectromenager\\\/#primaryimage\"},\"thumbnailUrl\":\"https:\\\/\\\/lasentinelle.dz\\\/wp-content\\\/uploads\\\/2025\\\/07\\\/electromenager.jpeg\",\"articleSection\":[\"\u00c0 la Une\",\"\u00c9conomie\"],\"inLanguage\":\"fr-FR\",\"potentialAction\":[{\"@type\":\"CommentAction\",\"name\":\"Comment\",\"target\":[\"https:\\\/\\\/lasentinelle.dz\\\/index.php\\\/2025\\\/07\\\/23\\\/lelaboration-dun-cahier-des-charges-lancee-asseoir-une-base-industrielle-dans-lelectronique-et-lelectromenager\\\/#respond\"]}]},{\"@type\":\"WebPage\",\"@id\":\"https:\\\/\\\/lasentinelle.dz\\\/index.php\\\/2025\\\/07\\\/23\\\/lelaboration-dun-cahier-des-charges-lancee-asseoir-une-base-industrielle-dans-lelectronique-et-lelectromenager\\\/\",\"url\":\"https:\\\/\\\/lasentinelle.dz\\\/index.php\\\/2025\\\/07\\\/23\\\/lelaboration-dun-cahier-des-charges-lancee-asseoir-une-base-industrielle-dans-lelectronique-et-lelectromenager\\\/\",\"name\":\"L&rsquo;\u00e9laboration d&rsquo;un cahier des charges\u00a0lanc\u00e9e\u00a0: Asseoir une base industrielle dans l&rsquo;\u00e9lectronique et l&rsquo;\u00e9lectrom\u00e9nager - La Sentinelle\",\"isPartOf\":{\"@id\":\"https:\\\/\\\/lasentinelle.dz\\\/#website\"},\"primaryImageOfPage\":{\"@id\":\"https:\\\/\\\/lasentinelle.dz\\\/index.php\\\/2025\\\/07\\\/23\\\/lelaboration-dun-cahier-des-charges-lancee-asseoir-une-base-industrielle-dans-lelectronique-et-lelectromenager\\\/#primaryimage\"},\"image\":{\"@id\":\"https:\\\/\\\/lasentinelle.dz\\\/index.php\\\/2025\\\/07\\\/23\\\/lelaboration-dun-cahier-des-charges-lancee-asseoir-une-base-industrielle-dans-lelectronique-et-lelectromenager\\\/#primaryimage\"},\"thumbnailUrl\":\"https:\\\/\\\/lasentinelle.dz\\\/wp-content\\\/uploads\\\/2025\\\/07\\\/electromenager.jpeg\",\"datePublished\":\"2025-07-23T11:40:43+00:00\",\"dateModified\":\"2025-07-23T11:40:44+00:00\",\"breadcrumb\":{\"@id\":\"https:\\\/\\\/lasentinelle.dz\\\/index.php\\\/2025\\\/07\\\/23\\\/lelaboration-dun-cahier-des-charges-lancee-asseoir-une-base-industrielle-dans-lelectronique-et-lelectromenager\\\/#breadcrumb\"},\"inLanguage\":\"fr-FR\",\"potentialAction\":[{\"@type\":\"ReadAction\",\"target\":[\"https:\\\/\\\/lasentinelle.dz\\\/index.php\\\/2025\\\/07\\\/23\\\/lelaboration-dun-cahier-des-charges-lancee-asseoir-une-base-industrielle-dans-lelectronique-et-lelectromenager\\\/\"]}]},{\"@type\":\"ImageObject\",\"inLanguage\":\"fr-FR\",\"@id\":\"https:\\\/\\\/lasentinelle.dz\\\/index.php\\\/2025\\\/07\\\/23\\\/lelaboration-dun-cahier-des-charges-lancee-asseoir-une-base-industrielle-dans-lelectronique-et-lelectromenager\\\/#primaryimage\",\"url\":\"https:\\\/\\\/lasentinelle.dz\\\/wp-content\\\/uploads\\\/2025\\\/07\\\/electromenager.jpeg\",\"contentUrl\":\"https:\\\/\\\/lasentinelle.dz\\\/wp-content\\\/uploads\\\/2025\\\/07\\\/electromenager.jpeg\",\"width\":896,\"height\":598},{\"@type\":\"BreadcrumbList\",\"@id\":\"https:\\\/\\\/lasentinelle.dz\\\/index.php\\\/2025\\\/07\\\/23\\\/lelaboration-dun-cahier-des-charges-lancee-asseoir-une-base-industrielle-dans-lelectronique-et-lelectromenager\\\/#breadcrumb\",\"itemListElement\":[{\"@type\":\"ListItem\",\"position\":1,\"name\":\"Accueil\",\"item\":\"https:\\\/\\\/lasentinelle.dz\\\/\"},{\"@type\":\"ListItem\",\"position\":2,\"name\":\"L&rsquo;\u00e9laboration d&rsquo;un cahier des charges\u00a0lanc\u00e9e\u00a0: Asseoir une base industrielle dans l&rsquo;\u00e9lectronique et l&rsquo;\u00e9lectrom\u00e9nager\"}]},{\"@type\":\"WebSite\",\"@id\":\"https:\\\/\\\/lasentinelle.dz\\\/#website\",\"url\":\"https:\\\/\\\/lasentinelle.dz\\\/\",\"name\":\"La Sentinelle\",\"description\":\"Quotidien national d&#039;information\",\"publisher\":{\"@id\":\"https:\\\/\\\/lasentinelle.dz\\\/#organization\"},\"potentialAction\":[{\"@type\":\"SearchAction\",\"target\":{\"@type\":\"EntryPoint\",\"urlTemplate\":\"https:\\\/\\\/lasentinelle.dz\\\/?s={search_term_string}\"},\"query-input\":{\"@type\":\"PropertyValueSpecification\",\"valueRequired\":true,\"valueName\":\"search_term_string\"}}],\"inLanguage\":\"fr-FR\"},{\"@type\":\"Organization\",\"@id\":\"https:\\\/\\\/lasentinelle.dz\\\/#organization\",\"name\":\"Quotidien La Sentinelle\",\"url\":\"https:\\\/\\\/lasentinelle.dz\\\/\",\"logo\":{\"@type\":\"ImageObject\",\"inLanguage\":\"fr-FR\",\"@id\":\"https:\\\/\\\/lasentinelle.dz\\\/#\\\/schema\\\/logo\\\/image\\\/\",\"url\":\"https:\\\/\\\/lasentinelle.dz\\\/wp-content\\\/uploads\\\/2021\\\/09\\\/logo-sentinelleSLOGAN-1.png\",\"contentUrl\":\"https:\\\/\\\/lasentinelle.dz\\\/wp-content\\\/uploads\\\/2021\\\/09\\\/logo-sentinelleSLOGAN-1.png\",\"width\":615,\"height\":142,\"caption\":\"Quotidien La Sentinelle\"},\"image\":{\"@id\":\"https:\\\/\\\/lasentinelle.dz\\\/#\\\/schema\\\/logo\\\/image\\\/\"},\"sameAs\":[\"https:\\\/\\\/www.facebook.com\\\/La-Sentinelle-104059864394773\"]},{\"@type\":\"Person\",\"@id\":\"https:\\\/\\\/lasentinelle.dz\\\/#\\\/schema\\\/person\\\/729ee0024f24e0b8c5ec17232f8e8b41\",\"name\":\"admin\",\"image\":{\"@type\":\"ImageObject\",\"inLanguage\":\"fr-FR\",\"@id\":\"https:\\\/\\\/secure.gravatar.com\\\/avatar\\\/4c81fed838786e9b53f540bf46533e750f5d292099ae3b66cfc6fb1982e29df7?s=96&d=mm&r=g\",\"url\":\"https:\\\/\\\/secure.gravatar.com\\\/avatar\\\/4c81fed838786e9b53f540bf46533e750f5d292099ae3b66cfc6fb1982e29df7?s=96&d=mm&r=g\",\"contentUrl\":\"https:\\\/\\\/secure.gravatar.com\\\/avatar\\\/4c81fed838786e9b53f540bf46533e750f5d292099ae3b66cfc6fb1982e29df7?s=96&d=mm&r=g\",\"caption\":\"admin\"},\"description\":\"admin\",\"url\":\"https:\\\/\\\/lasentinelle.dz\\\/author\\\/admin\\\/\"}]}<\/script>\n<!-- \/ Yoast SEO plugin. -->","yoast_head_json":{"title":"L&rsquo;\u00e9laboration d&rsquo;un cahier des charges\u00a0lanc\u00e9e\u00a0: Asseoir une base industrielle dans l&rsquo;\u00e9lectronique et l&rsquo;\u00e9lectrom\u00e9nager - La Sentinelle","robots":{"index":"index","follow":"follow","max-snippet":"max-snippet:-1","max-image-preview":"max-image-preview:large","max-video-preview":"max-video-preview:-1"},"canonical":"https:\/\/lasentinelle.dz\/index.php\/2025\/07\/23\/lelaboration-dun-cahier-des-charges-lancee-asseoir-une-base-industrielle-dans-lelectronique-et-lelectromenager\/","og_locale":"fr_FR","og_type":"article","og_title":"L&rsquo;\u00e9laboration d&rsquo;un cahier des charges\u00a0lanc\u00e9e\u00a0: Asseoir une base industrielle dans l&rsquo;\u00e9lectronique et l&rsquo;\u00e9lectrom\u00e9nager - La Sentinelle","og_description":"L&rsquo;industrie \u00e9lectronique et \u00e9lectrom\u00e9nag\u00e8re en Alg\u00e9rie, longtemps domin\u00e9e par les importations, est aujourd&rsquo;hui en pleine mutation. Le pays s&rsquo;efforce de","og_url":"https:\/\/lasentinelle.dz\/index.php\/2025\/07\/23\/lelaboration-dun-cahier-des-charges-lancee-asseoir-une-base-industrielle-dans-lelectronique-et-lelectromenager\/","og_site_name":"La Sentinelle","article_publisher":"https:\/\/www.facebook.com\/La-Sentinelle-104059864394773","article_published_time":"2025-07-23T11:40:43+00:00","article_modified_time":"2025-07-23T11:40:44+00:00","og_image":[{"width":896,"height":598,"url":"https:\/\/lasentinelle.dz\/wp-content\/uploads\/2025\/07\/electromenager.jpeg","type":"image\/jpeg"}],"author":"admin","twitter_card":"summary_large_image","twitter_misc":{"\u00c9crit par":"admin","Dur\u00e9e de lecture estim\u00e9e":"5 minutes"},"schema":{"@context":"https:\/\/schema.org","@graph":[{"@type":"Article","@id":"https:\/\/lasentinelle.dz\/index.php\/2025\/07\/23\/lelaboration-dun-cahier-des-charges-lancee-asseoir-une-base-industrielle-dans-lelectronique-et-lelectromenager\/#article","isPartOf":{"@id":"https:\/\/lasentinelle.dz\/index.php\/2025\/07\/23\/lelaboration-dun-cahier-des-charges-lancee-asseoir-une-base-industrielle-dans-lelectronique-et-lelectromenager\/"},"author":{"name":"admin","@id":"https:\/\/lasentinelle.dz\/#\/schema\/person\/729ee0024f24e0b8c5ec17232f8e8b41"},"headline":"L&rsquo;\u00e9laboration d&rsquo;un cahier des charges\u00a0lanc\u00e9e\u00a0: Asseoir une base industrielle dans l&rsquo;\u00e9lectronique et l&rsquo;\u00e9lectrom\u00e9nager","datePublished":"2025-07-23T11:40:43+00:00","dateModified":"2025-07-23T11:40:44+00:00","mainEntityOfPage":{"@id":"https:\/\/lasentinelle.dz\/index.php\/2025\/07\/23\/lelaboration-dun-cahier-des-charges-lancee-asseoir-une-base-industrielle-dans-lelectronique-et-lelectromenager\/"},"wordCount":1005,"commentCount":0,"publisher":{"@id":"https:\/\/lasentinelle.dz\/#organization"},"image":{"@id":"https:\/\/lasentinelle.dz\/index.php\/2025\/07\/23\/lelaboration-dun-cahier-des-charges-lancee-asseoir-une-base-industrielle-dans-lelectronique-et-lelectromenager\/#primaryimage"},"thumbnailUrl":"https:\/\/lasentinelle.dz\/wp-content\/uploads\/2025\/07\/electromenager.jpeg","articleSection":["\u00c0 la Une","\u00c9conomie"],"inLanguage":"fr-FR","potentialAction":[{"@type":"CommentAction","name":"Comment","target":["https:\/\/lasentinelle.dz\/index.php\/2025\/07\/23\/lelaboration-dun-cahier-des-charges-lancee-asseoir-une-base-industrielle-dans-lelectronique-et-lelectromenager\/#respond"]}]},{"@type":"WebPage","@id":"https:\/\/lasentinelle.dz\/index.php\/2025\/07\/23\/lelaboration-dun-cahier-des-charges-lancee-asseoir-une-base-industrielle-dans-lelectronique-et-lelectromenager\/","url":"https:\/\/lasentinelle.dz\/index.php\/2025\/07\/23\/lelaboration-dun-cahier-des-charges-lancee-asseoir-une-base-industrielle-dans-lelectronique-et-lelectromenager\/","name":"L&rsquo;\u00e9laboration d&rsquo;un cahier des charges\u00a0lanc\u00e9e\u00a0: Asseoir une base industrielle dans l&rsquo;\u00e9lectronique et l&rsquo;\u00e9lectrom\u00e9nager - La Sentinelle","isPartOf":{"@id":"https:\/\/lasentinelle.dz\/#website"},"primaryImageOfPage":{"@id":"https:\/\/lasentinelle.dz\/index.php\/2025\/07\/23\/lelaboration-dun-cahier-des-charges-lancee-asseoir-une-base-industrielle-dans-lelectronique-et-lelectromenager\/#primaryimage"},"image":{"@id":"https:\/\/lasentinelle.dz\/index.php\/2025\/07\/23\/lelaboration-dun-cahier-des-charges-lancee-asseoir-une-base-industrielle-dans-lelectronique-et-lelectromenager\/#primaryimage"},"thumbnailUrl":"https:\/\/lasentinelle.dz\/wp-content\/uploads\/2025\/07\/electromenager.jpeg","datePublished":"2025-07-23T11:40:43+00:00","dateModified":"2025-07-23T11:40:44+00:00","breadcrumb":{"@id":"https:\/\/lasentinelle.dz\/index.php\/2025\/07\/23\/lelaboration-dun-cahier-des-charges-lancee-asseoir-une-base-industrielle-dans-lelectronique-et-lelectromenager\/#breadcrumb"},"inLanguage":"fr-FR","potentialAction":[{"@type":"ReadAction","target":["https:\/\/lasentinelle.dz\/index.php\/2025\/07\/23\/lelaboration-dun-cahier-des-charges-lancee-asseoir-une-base-industrielle-dans-lelectronique-et-lelectromenager\/"]}]},{"@type":"ImageObject","inLanguage":"fr-FR","@id":"https:\/\/lasentinelle.dz\/index.php\/2025\/07\/23\/lelaboration-dun-cahier-des-charges-lancee-asseoir-une-base-industrielle-dans-lelectronique-et-lelectromenager\/#primaryimage","url":"https:\/\/lasentinelle.dz\/wp-content\/uploads\/2025\/07\/electromenager.jpeg","contentUrl":"https:\/\/lasentinelle.dz\/wp-content\/uploads\/2025\/07\/electromenager.jpeg","width":896,"height":598},{"@type":"BreadcrumbList","@id":"https:\/\/lasentinelle.dz\/index.php\/2025\/07\/23\/lelaboration-dun-cahier-des-charges-lancee-asseoir-une-base-industrielle-dans-lelectronique-et-lelectromenager\/#breadcrumb","itemListElement":[{"@type":"ListItem","position":1,"name":"Accueil","item":"https:\/\/lasentinelle.dz\/"},{"@type":"ListItem","position":2,"name":"L&rsquo;\u00e9laboration d&rsquo;un cahier des charges\u00a0lanc\u00e9e\u00a0: Asseoir une base industrielle dans l&rsquo;\u00e9lectronique et l&rsquo;\u00e9lectrom\u00e9nager"}]},{"@type":"WebSite","@id":"https:\/\/lasentinelle.dz\/#website","url":"https:\/\/lasentinelle.dz\/","name":"La Sentinelle","description":"Quotidien national d&#039;information","publisher":{"@id":"https:\/\/lasentinelle.dz\/#organization"},"potentialAction":[{"@type":"SearchAction","target":{"@type":"EntryPoint","urlTemplate":"https:\/\/lasentinelle.dz\/?s={search_term_string}"},"query-input":{"@type":"PropertyValueSpecification","valueRequired":true,"valueName":"search_term_string"}}],"inLanguage":"fr-FR"},{"@type":"Organization","@id":"https:\/\/lasentinelle.dz\/#organization","name":"Quotidien La Sentinelle","url":"https:\/\/lasentinelle.dz\/","logo":{"@type":"ImageObject","inLanguage":"fr-FR","@id":"https:\/\/lasentinelle.dz\/#\/schema\/logo\/image\/","url":"https:\/\/lasentinelle.dz\/wp-content\/uploads\/2021\/09\/logo-sentinelleSLOGAN-1.png","contentUrl":"https:\/\/lasentinelle.dz\/wp-content\/uploads\/2021\/09\/logo-sentinelleSLOGAN-1.png","width":615,"height":142,"caption":"Quotidien La Sentinelle"},"image":{"@id":"https:\/\/lasentinelle.dz\/#\/schema\/logo\/image\/"},"sameAs":["https:\/\/www.facebook.com\/La-Sentinelle-104059864394773"]},{"@type":"Person","@id":"https:\/\/lasentinelle.dz\/#\/schema\/person\/729ee0024f24e0b8c5ec17232f8e8b41","name":"admin","image":{"@type":"ImageObject","inLanguage":"fr-FR","@id":"https:\/\/secure.gravatar.com\/avatar\/4c81fed838786e9b53f540bf46533e750f5d292099ae3b66cfc6fb1982e29df7?s=96&d=mm&r=g","url":"https:\/\/secure.gravatar.com\/avatar\/4c81fed838786e9b53f540bf46533e750f5d292099ae3b66cfc6fb1982e29df7?s=96&d=mm&r=g","contentUrl":"https:\/\/secure.gravatar.com\/avatar\/4c81fed838786e9b53f540bf46533e750f5d292099ae3b66cfc6fb1982e29df7?s=96&d=mm&r=g","caption":"admin"},"description":"admin","url":"https:\/\/lasentinelle.dz\/author\/admin\/"}]}},"_links":{"self":[{"href":"https:\/\/lasentinelle.dz\/index.php\/wp-json\/wp\/v2\/posts\/70813","targetHints":{"allow":["GET"]}}],"collection":[{"href":"https:\/\/lasentinelle.dz\/index.php\/wp-json\/wp\/v2\/posts"}],"about":[{"href":"https:\/\/lasentinelle.dz\/index.php\/wp-json\/wp\/v2\/types\/post"}],"author":[{"embeddable":true,"href":"https:\/\/lasentinelle.dz\/index.php\/wp-json\/wp\/v2\/users\/6"}],"replies":[{"embeddable":true,"href":"https:\/\/lasentinelle.dz\/index.php\/wp-json\/wp\/v2\/comments?post=70813"}],"version-history":[{"count":2,"href":"https:\/\/lasentinelle.dz\/index.php\/wp-json\/wp\/v2\/posts\/70813\/revisions"}],"predecessor-version":[{"id":70816,"href":"https:\/\/lasentinelle.dz\/index.php\/wp-json\/wp\/v2\/posts\/70813\/revisions\/70816"}],"wp:featuredmedia":[{"embeddable":true,"href":"https:\/\/lasentinelle.dz\/index.php\/wp-json\/wp\/v2\/media\/70814"}],"wp:attachment":[{"href":"https:\/\/lasentinelle.dz\/index.php\/wp-json\/wp\/v2\/media?parent=70813"}],"wp:term":[{"taxonomy":"category","embeddable":true,"href":"https:\/\/lasentinelle.dz\/index.php\/wp-json\/wp\/v2\/categories?post=70813"},{"taxonomy":"post_tag","embeddable":true,"href":"https:\/\/lasentinelle.dz\/index.php\/wp-json\/wp\/v2\/tags?post=70813"}],"curies":[{"name":"wp","href":"https:\/\/api.w.org\/{rel}","templated":true}]}}