{"id":70818,"date":"2025-07-23T12:41:40","date_gmt":"2025-07-23T11:41:40","guid":{"rendered":"https:\/\/lasentinelle.dz\/?p=70818"},"modified":"2025-07-23T12:41:41","modified_gmt":"2025-07-23T11:41:41","slug":"ouverture-des-preinscriptions-pour-la-rentree-universitaire-2025-2026-les-criteres-dorientation-precises","status":"publish","type":"post","link":"https:\/\/lasentinelle.dz\/index.php\/2025\/07\/23\/ouverture-des-preinscriptions-pour-la-rentree-universitaire-2025-2026-les-criteres-dorientation-precises\/","title":{"rendered":"Ouverture des pr\u00e9inscriptions\u00a0pour la rentr\u00e9e universitaire 2025-2026\u00a0: Les crit\u00e8res d&rsquo;orientation pr\u00e9cis\u00e9s"},"content":{"rendered":"\n<p>Les pr\u00e9inscriptions des nouveaux bacheliers pour l&rsquo;ann\u00e9e universitaire 2025-2026 ont officiellement d\u00e9but\u00e9 mardi apr\u00e8s-midi et se poursuivront jusqu&rsquo;\u00e0 samedi prochain,&nbsp;dans le cadre&nbsp;d&rsquo;une proc\u00e9dure enti\u00e8rement d\u00e9mat\u00e9rialis\u00e9e.&nbsp;L&rsquo;orientation&nbsp;des nouveaux \u00e9tudiants s&rsquo;appuie pour sa part sur quatre crit\u00e8resqui d\u00e9termineront l&rsquo;affectation des nouveaux \u00e9tudiants dans les diff\u00e9rents \u00e9tablissements d&rsquo;enseignement sup\u00e9rieur du pays.<\/p>\n\n\n\n<p>Le processus de pr\u00e9inscription se fait exclusivement via le site web https:\/\/orientation-esi.dz\/ ou en scannant le code QR d\u00e9di\u00e9. Les bacheliers peuvent \u00e9galement s&rsquo;inscrire via le portail \u00e9lectronique \u00e9tudiant, t\u00e9l\u00e9chargeable sur smartphone, qui contient la circulaire minist\u00e9rielle d&rsquo;orientation des bacheliers sous un format interactif, leur permettant de consulter les sp\u00e9cialit\u00e9s et les conditions d&rsquo;admission \u00e0 l&rsquo;universit\u00e9. Les inscriptions d\u00e9finitives se feront exclusivement en ligne du 10 au 15 ao\u00fbt prochain.<\/p>\n\n\n\n<p>L&rsquo;op\u00e9ration de pr\u00e9inscription et d&rsquo;orientation des titulaires du baccalaur\u00e9at 2025 au niveau des universit\u00e9s repose sur quatre crit\u00e8res essentiels. Le premier crit\u00e8re concerne la fili\u00e8re et les r\u00e9sultats de l&rsquo;examen du baccalaur\u00e9at obtenus, qu&rsquo;il s&rsquo;agisse de la moyenne pond\u00e9r\u00e9e calcul\u00e9e ou de la moyenne g\u00e9n\u00e9rale obtenue. Le deuxi\u00e8me crit\u00e8re porte sur les v\u0153ux exprim\u00e9s par le titulaire du dipl\u00f4me de baccalaur\u00e9at. Les troisi\u00e8me et quatri\u00e8me crit\u00e8res concernent respectivement les capacit\u00e9s d&rsquo;accueil des institutions d&rsquo;enseignement et de formation sup\u00e9rieurs et les circonscriptions g\u00e9ographiques. Il convient de noter que le minist\u00e8re a maintenu la m\u00e9thode de la moyenne pond\u00e9r\u00e9e, qui r\u00e9sulte de la moyenne g\u00e9n\u00e9rale obtenue au baccalaur\u00e9at assortie d&rsquo;un coefficient et de la note de la ou des mati\u00e8res fondamentales.<\/p>\n\n\n\n<p>La circulaire minist\u00e9rielle relative aux inscriptions universitaires pour les titulaires du baccalaur\u00e9at 2025 a pr\u00e9cis\u00e9 les domaines o\u00f9 l&rsquo;orientation se fait selon la moyenne g\u00e9n\u00e9rale et ceux qui s&rsquo;appuient sur la moyenne pond\u00e9r\u00e9e. Cette distinction permet une orientation plus fine selon les sp\u00e9cificit\u00e9s de chaque formation et garantit une meilleure ad\u00e9quation entre les profils des \u00e9tudiants et les exigences des cursus universitaires.<\/p>\n\n\n\n<p>En plus de la moyenne pond\u00e9r\u00e9e ou de la moyenne g\u00e9n\u00e9rale, des conditions suppl\u00e9mentaires sont requises pour int\u00e9grer la formation de base dans les \u00e9coles sup\u00e9rieures et certains domaines et fili\u00e8res de formation. Pour les \u00e9coles sup\u00e9rieures, apr\u00e8s la r\u00e9ussite aux deux ann\u00e9es de formation de base, l&rsquo;acc\u00e8s au deuxi\u00e8me cycle de sp\u00e9cialisation est conditionn\u00e9 par la r\u00e9ussite \u00e0 un concours organis\u00e9 par chaque \u00e9cole, dont les modalit\u00e9s sont d\u00e9finies par voie r\u00e9glementaire. Pour l&rsquo;acc\u00e8s aux fili\u00e8res de m\u00e9decine, m\u00e9decine dentaire et pharmacie, il est proc\u00e9d\u00e9 \u00e0 un classement national des demandes des titulaires du baccalaur\u00e9at selon les places p\u00e9dagogiques disponibles, d\u00e9terminant ainsi une moyenne minimale nationale pour l&rsquo;acc\u00e8s \u00e0 ces fili\u00e8res. Cette proc\u00e9dure nationale garantit l&rsquo;\u00e9quit\u00e9 territoriale et la transparence dans l&rsquo;acc\u00e8s \u00e0 ces formations particuli\u00e8rement pris\u00e9es et \u00e0 capacit\u00e9 d&rsquo;accueil limit\u00e9e.<\/p>\n\n\n\n<p>Concernant les \u00e9coles normales sup\u00e9rieures, le nombre de places p\u00e9dagogiques ouvertes est d\u00e9termin\u00e9 annuellement selon le cycle, la fili\u00e8re et la wilaya, par arr\u00eat\u00e9 minist\u00e9riel conjoint entre le minist\u00e8re de l&rsquo;Enseignement sup\u00e9rieur et de la Recherche scientifique et le minist\u00e8re de l&rsquo;\u00c9ducation nationale. L&rsquo;inscription d\u00e9finitive dans les \u00e9coles normales sup\u00e9rieures est soumise \u00e0 une condition d&rsquo;\u00e2ge fix\u00e9e \u00e0 24 ans au maximum au 31 d\u00e9cembre 2025 et au r\u00e9sultat de l&rsquo;entretien oral devant une commission relevant de l&rsquo;institution vers laquelle est orient\u00e9 le nouveau titulaire du baccalaur\u00e9at. Le candidat doit jouir de capacit\u00e9s physiques et intellectuelles qui le qualifient pour le m\u00e9tier d&rsquo;enseignant. \u00c0 l&rsquo;issue de la formation dans les \u00e9coles normales sup\u00e9rieures, le candidat doit signer un contrat d&rsquo;engagement avec le secteur de l&rsquo;\u00c9ducation nationale pour rejoindre son poste d&rsquo;affectation dans un \u00e9tablissement \u00e9ducatif, conform\u00e9ment aux dispositions du d\u00e9cret ex\u00e9cutif num\u00e9ro 25-54 du 21 janvier 2025 portant statut particulier des fonctionnaires appartenant aux corps sp\u00e9cifiques \u00e0 l&rsquo;\u00c9ducation nationale.<\/p>\n\n\n\n<p>Pour le domaine des sciences et techniques des activit\u00e9s physiques et sportives, il est exig\u00e9 de pr\u00e9senter un certificat m\u00e9dical attestant de la bonne sant\u00e9 de l&rsquo;int\u00e9ress\u00e9 par la formation. Une disposition particuli\u00e8re permet au nouveau titulaire du baccalaur\u00e9at appartenant aux sportifs d&rsquo;\u00e9lite dans une activit\u00e9 reconnue par le minist\u00e8re des Sports de s&rsquo;inscrire dans le domaine des sciences et techniques des activit\u00e9s physiques et sportives sans condition de moyenne minimale, valorisant ainsi l&rsquo;excellence sportive nationale.<\/p>\n\n\n\n<p>Dans le cadre du suivi sur le terrain du processus des pr\u00e9paratifs relatifs aux pr\u00e9inscriptions des nouveaux bacheliers de la session 2025, le ministre de l&rsquo;Enseignement sup\u00e9rieur et de la Recherche scientifique, Kamel Baddari, avait effectu\u00e9 lundi une visite d&rsquo;inspection au Centre national des donn\u00e9es relevant de l&rsquo;\u00c9cole nationale sup\u00e9rieure d&rsquo;informatique d&rsquo;Alger. Lors de cette visite, le ministre s&rsquo;est enquis de pr\u00e8s de la disposition de l&rsquo;infrastructure num\u00e9rique et de l&rsquo;efficacit\u00e9 des syst\u00e8mes d&rsquo;information utilis\u00e9s dans la gestion intelligente de l&rsquo;op\u00e9ration. Il s&rsquo;est \u00e9galement r\u00e9uni avec les cadres, ing\u00e9nieurs et responsables de l&rsquo;\u00c9cole, avec lesquels il a abord\u00e9 \u00ab\u00a0la souverainet\u00e9 num\u00e9rique, l&rsquo;immunit\u00e9 des infrastructures num\u00e9riques, ainsi que la mobilisation des ressources humaines pour garantir une orientation universitaire efficace, \u00e9quitable, transparente et d\u00e9mocratique pour les nouveaux \u00e9tudiants\u00a0\u00bb.&nbsp;<\/p>\n\n\n\n<p>Lyna Larbi<\/p>\n","protected":false},"excerpt":{"rendered":"<p>Les pr\u00e9inscriptions des nouveaux bacheliers pour l&rsquo;ann\u00e9e universitaire 2025-2026 ont officiellement d\u00e9but\u00e9 mardi apr\u00e8s-midi et se poursuivront jusqu&rsquo;\u00e0 samedi prochain,&nbsp;dans<\/p>\n","protected":false},"author":6,"featured_media":22755,"comment_status":"open","ping_status":"closed","sticky":false,"template":"","format":"standard","meta":{"colormag_page_container_layout":"default_layout","colormag_page_sidebar_layout":"default_layout","om_disable_all_campaigns":false,"_monsterinsights_skip_tracking":false,"_monsterinsights_sitenote_active":false,"_monsterinsights_sitenote_note":"","_monsterinsights_sitenote_category":0,"footnotes":"","_wpscppro_dont_share_socialmedia":false,"_wpscppro_custom_social_share_image":0,"_facebook_share_type":"default","_twitter_share_type":"default","_linkedin_share_type":"default","_pinterest_share_type":"default","_linkedin_share_type_page":"","_instagram_share_type":"default","_medium_share_type":"default","_threads_share_type":"","_google_business_share_type":"","_selected_social_profile":[],"_wpsp_enable_custom_social_template":false,"_wpsp_social_scheduling":{"enabled":false,"datetime":null,"platforms":[],"status":"template_only","dateOption":"today","timeOption":"now","customDays":"","customHours":"","customDate":"","customTime":"","schedulingType":"absolute"},"_wpsp_active_default_template":true},"categories":[27],"tags":[],"class_list":["post-70818","post","type-post","status-publish","format-standard","has-post-thumbnail","hentry","category-actualite"],"aioseo_notices":[],"yoast_head":"<!-- This site is optimized with the Yoast SEO plugin v27.5 - https:\/\/yoast.com\/product\/yoast-seo-wordpress\/ -->\n<title>Ouverture des pr\u00e9inscriptions\u00a0pour la rentr\u00e9e universitaire 2025-2026\u00a0: Les crit\u00e8res d&rsquo;orientation pr\u00e9cis\u00e9s - La Sentinelle<\/title>\n<meta name=\"robots\" content=\"index, follow, max-snippet:-1, max-image-preview:large, max-video-preview:-1\" \/>\n<link rel=\"canonical\" href=\"https:\/\/lasentinelle.dz\/index.php\/2025\/07\/23\/ouverture-des-preinscriptions-pour-la-rentree-universitaire-2025-2026-les-criteres-dorientation-precises\/\" \/>\n<meta property=\"og:locale\" content=\"fr_FR\" \/>\n<meta property=\"og:type\" content=\"article\" \/>\n<meta property=\"og:title\" content=\"Ouverture des pr\u00e9inscriptions\u00a0pour la rentr\u00e9e universitaire 2025-2026\u00a0: Les crit\u00e8res d&rsquo;orientation pr\u00e9cis\u00e9s - La Sentinelle\" \/>\n<meta property=\"og:description\" content=\"Les pr\u00e9inscriptions des nouveaux bacheliers pour l&rsquo;ann\u00e9e universitaire 2025-2026 ont officiellement d\u00e9but\u00e9 mardi apr\u00e8s-midi et se poursuivront jusqu&rsquo;\u00e0 samedi prochain,&nbsp;dans\" \/>\n<meta property=\"og:url\" content=\"https:\/\/lasentinelle.dz\/index.php\/2025\/07\/23\/ouverture-des-preinscriptions-pour-la-rentree-universitaire-2025-2026-les-criteres-dorientation-precises\/\" \/>\n<meta property=\"og:site_name\" content=\"La Sentinelle\" \/>\n<meta property=\"article:publisher\" content=\"https:\/\/www.facebook.com\/La-Sentinelle-104059864394773\" \/>\n<meta property=\"article:published_time\" content=\"2025-07-23T11:41:40+00:00\" \/>\n<meta property=\"article:modified_time\" content=\"2025-07-23T11:41:41+00:00\" \/>\n<meta property=\"og:image\" content=\"https:\/\/lasentinelle.dz\/wp-content\/uploads\/2022\/06\/universite.png\" \/>\n\t<meta property=\"og:image:width\" content=\"1491\" \/>\n\t<meta property=\"og:image:height\" content=\"900\" \/>\n\t<meta property=\"og:image:type\" content=\"image\/png\" \/>\n<meta name=\"author\" content=\"admin\" \/>\n<meta name=\"twitter:card\" content=\"summary_large_image\" \/>\n<meta name=\"twitter:label1\" content=\"\u00c9crit par\" \/>\n\t<meta name=\"twitter:data1\" content=\"admin\" \/>\n\t<meta name=\"twitter:label2\" content=\"Dur\u00e9e de lecture estim\u00e9e\" \/>\n\t<meta name=\"twitter:data2\" content=\"5 minutes\" \/>\n<script type=\"application\/ld+json\" class=\"yoast-schema-graph\">{\"@context\":\"https:\\\/\\\/schema.org\",\"@graph\":[{\"@type\":\"Article\",\"@id\":\"https:\\\/\\\/lasentinelle.dz\\\/index.php\\\/2025\\\/07\\\/23\\\/ouverture-des-preinscriptions-pour-la-rentree-universitaire-2025-2026-les-criteres-dorientation-precises\\\/#article\",\"isPartOf\":{\"@id\":\"https:\\\/\\\/lasentinelle.dz\\\/index.php\\\/2025\\\/07\\\/23\\\/ouverture-des-preinscriptions-pour-la-rentree-universitaire-2025-2026-les-criteres-dorientation-precises\\\/\"},\"author\":{\"name\":\"admin\",\"@id\":\"https:\\\/\\\/lasentinelle.dz\\\/#\\\/schema\\\/person\\\/729ee0024f24e0b8c5ec17232f8e8b41\"},\"headline\":\"Ouverture des pr\u00e9inscriptions\u00a0pour la rentr\u00e9e universitaire 2025-2026\u00a0: Les crit\u00e8res d&rsquo;orientation pr\u00e9cis\u00e9s\",\"datePublished\":\"2025-07-23T11:41:40+00:00\",\"dateModified\":\"2025-07-23T11:41:41+00:00\",\"mainEntityOfPage\":{\"@id\":\"https:\\\/\\\/lasentinelle.dz\\\/index.php\\\/2025\\\/07\\\/23\\\/ouverture-des-preinscriptions-pour-la-rentree-universitaire-2025-2026-les-criteres-dorientation-precises\\\/\"},\"wordCount\":1006,\"commentCount\":0,\"publisher\":{\"@id\":\"https:\\\/\\\/lasentinelle.dz\\\/#organization\"},\"image\":{\"@id\":\"https:\\\/\\\/lasentinelle.dz\\\/index.php\\\/2025\\\/07\\\/23\\\/ouverture-des-preinscriptions-pour-la-rentree-universitaire-2025-2026-les-criteres-dorientation-precises\\\/#primaryimage\"},\"thumbnailUrl\":\"https:\\\/\\\/lasentinelle.dz\\\/wp-content\\\/uploads\\\/2022\\\/06\\\/universite.png\",\"articleSection\":[\"Actualit\u00e9\"],\"inLanguage\":\"fr-FR\",\"potentialAction\":[{\"@type\":\"CommentAction\",\"name\":\"Comment\",\"target\":[\"https:\\\/\\\/lasentinelle.dz\\\/index.php\\\/2025\\\/07\\\/23\\\/ouverture-des-preinscriptions-pour-la-rentree-universitaire-2025-2026-les-criteres-dorientation-precises\\\/#respond\"]}]},{\"@type\":\"WebPage\",\"@id\":\"https:\\\/\\\/lasentinelle.dz\\\/index.php\\\/2025\\\/07\\\/23\\\/ouverture-des-preinscriptions-pour-la-rentree-universitaire-2025-2026-les-criteres-dorientation-precises\\\/\",\"url\":\"https:\\\/\\\/lasentinelle.dz\\\/index.php\\\/2025\\\/07\\\/23\\\/ouverture-des-preinscriptions-pour-la-rentree-universitaire-2025-2026-les-criteres-dorientation-precises\\\/\",\"name\":\"Ouverture des pr\u00e9inscriptions\u00a0pour la rentr\u00e9e universitaire 2025-2026\u00a0: Les crit\u00e8res d&rsquo;orientation pr\u00e9cis\u00e9s - La Sentinelle\",\"isPartOf\":{\"@id\":\"https:\\\/\\\/lasentinelle.dz\\\/#website\"},\"primaryImageOfPage\":{\"@id\":\"https:\\\/\\\/lasentinelle.dz\\\/index.php\\\/2025\\\/07\\\/23\\\/ouverture-des-preinscriptions-pour-la-rentree-universitaire-2025-2026-les-criteres-dorientation-precises\\\/#primaryimage\"},\"image\":{\"@id\":\"https:\\\/\\\/lasentinelle.dz\\\/index.php\\\/2025\\\/07\\\/23\\\/ouverture-des-preinscriptions-pour-la-rentree-universitaire-2025-2026-les-criteres-dorientation-precises\\\/#primaryimage\"},\"thumbnailUrl\":\"https:\\\/\\\/lasentinelle.dz\\\/wp-content\\\/uploads\\\/2022\\\/06\\\/universite.png\",\"datePublished\":\"2025-07-23T11:41:40+00:00\",\"dateModified\":\"2025-07-23T11:41:41+00:00\",\"breadcrumb\":{\"@id\":\"https:\\\/\\\/lasentinelle.dz\\\/index.php\\\/2025\\\/07\\\/23\\\/ouverture-des-preinscriptions-pour-la-rentree-universitaire-2025-2026-les-criteres-dorientation-precises\\\/#breadcrumb\"},\"inLanguage\":\"fr-FR\",\"potentialAction\":[{\"@type\":\"ReadAction\",\"target\":[\"https:\\\/\\\/lasentinelle.dz\\\/index.php\\\/2025\\\/07\\\/23\\\/ouverture-des-preinscriptions-pour-la-rentree-universitaire-2025-2026-les-criteres-dorientation-precises\\\/\"]}]},{\"@type\":\"ImageObject\",\"inLanguage\":\"fr-FR\",\"@id\":\"https:\\\/\\\/lasentinelle.dz\\\/index.php\\\/2025\\\/07\\\/23\\\/ouverture-des-preinscriptions-pour-la-rentree-universitaire-2025-2026-les-criteres-dorientation-precises\\\/#primaryimage\",\"url\":\"https:\\\/\\\/lasentinelle.dz\\\/wp-content\\\/uploads\\\/2022\\\/06\\\/universite.png\",\"contentUrl\":\"https:\\\/\\\/lasentinelle.dz\\\/wp-content\\\/uploads\\\/2022\\\/06\\\/universite.png\",\"width\":1491,\"height\":900},{\"@type\":\"BreadcrumbList\",\"@id\":\"https:\\\/\\\/lasentinelle.dz\\\/index.php\\\/2025\\\/07\\\/23\\\/ouverture-des-preinscriptions-pour-la-rentree-universitaire-2025-2026-les-criteres-dorientation-precises\\\/#breadcrumb\",\"itemListElement\":[{\"@type\":\"ListItem\",\"position\":1,\"name\":\"Accueil\",\"item\":\"https:\\\/\\\/lasentinelle.dz\\\/\"},{\"@type\":\"ListItem\",\"position\":2,\"name\":\"Ouverture des pr\u00e9inscriptions\u00a0pour la rentr\u00e9e universitaire 2025-2026\u00a0: Les crit\u00e8res d&rsquo;orientation pr\u00e9cis\u00e9s\"}]},{\"@type\":\"WebSite\",\"@id\":\"https:\\\/\\\/lasentinelle.dz\\\/#website\",\"url\":\"https:\\\/\\\/lasentinelle.dz\\\/\",\"name\":\"La Sentinelle\",\"description\":\"Quotidien national d&#039;information\",\"publisher\":{\"@id\":\"https:\\\/\\\/lasentinelle.dz\\\/#organization\"},\"potentialAction\":[{\"@type\":\"SearchAction\",\"target\":{\"@type\":\"EntryPoint\",\"urlTemplate\":\"https:\\\/\\\/lasentinelle.dz\\\/?s={search_term_string}\"},\"query-input\":{\"@type\":\"PropertyValueSpecification\",\"valueRequired\":true,\"valueName\":\"search_term_string\"}}],\"inLanguage\":\"fr-FR\"},{\"@type\":\"Organization\",\"@id\":\"https:\\\/\\\/lasentinelle.dz\\\/#organization\",\"name\":\"Quotidien La Sentinelle\",\"url\":\"https:\\\/\\\/lasentinelle.dz\\\/\",\"logo\":{\"@type\":\"ImageObject\",\"inLanguage\":\"fr-FR\",\"@id\":\"https:\\\/\\\/lasentinelle.dz\\\/#\\\/schema\\\/logo\\\/image\\\/\",\"url\":\"https:\\\/\\\/lasentinelle.dz\\\/wp-content\\\/uploads\\\/2021\\\/09\\\/logo-sentinelleSLOGAN-1.png\",\"contentUrl\":\"https:\\\/\\\/lasentinelle.dz\\\/wp-content\\\/uploads\\\/2021\\\/09\\\/logo-sentinelleSLOGAN-1.png\",\"width\":615,\"height\":142,\"caption\":\"Quotidien La Sentinelle\"},\"image\":{\"@id\":\"https:\\\/\\\/lasentinelle.dz\\\/#\\\/schema\\\/logo\\\/image\\\/\"},\"sameAs\":[\"https:\\\/\\\/www.facebook.com\\\/La-Sentinelle-104059864394773\"]},{\"@type\":\"Person\",\"@id\":\"https:\\\/\\\/lasentinelle.dz\\\/#\\\/schema\\\/person\\\/729ee0024f24e0b8c5ec17232f8e8b41\",\"name\":\"admin\",\"image\":{\"@type\":\"ImageObject\",\"inLanguage\":\"fr-FR\",\"@id\":\"https:\\\/\\\/secure.gravatar.com\\\/avatar\\\/4c81fed838786e9b53f540bf46533e750f5d292099ae3b66cfc6fb1982e29df7?s=96&d=mm&r=g\",\"url\":\"https:\\\/\\\/secure.gravatar.com\\\/avatar\\\/4c81fed838786e9b53f540bf46533e750f5d292099ae3b66cfc6fb1982e29df7?s=96&d=mm&r=g\",\"contentUrl\":\"https:\\\/\\\/secure.gravatar.com\\\/avatar\\\/4c81fed838786e9b53f540bf46533e750f5d292099ae3b66cfc6fb1982e29df7?s=96&d=mm&r=g\",\"caption\":\"admin\"},\"description\":\"admin\",\"url\":\"https:\\\/\\\/lasentinelle.dz\\\/author\\\/admin\\\/\"}]}<\/script>\n<!-- \/ Yoast SEO plugin. -->","yoast_head_json":{"title":"Ouverture des pr\u00e9inscriptions\u00a0pour la rentr\u00e9e universitaire 2025-2026\u00a0: Les crit\u00e8res d&rsquo;orientation pr\u00e9cis\u00e9s - La Sentinelle","robots":{"index":"index","follow":"follow","max-snippet":"max-snippet:-1","max-image-preview":"max-image-preview:large","max-video-preview":"max-video-preview:-1"},"canonical":"https:\/\/lasentinelle.dz\/index.php\/2025\/07\/23\/ouverture-des-preinscriptions-pour-la-rentree-universitaire-2025-2026-les-criteres-dorientation-precises\/","og_locale":"fr_FR","og_type":"article","og_title":"Ouverture des pr\u00e9inscriptions\u00a0pour la rentr\u00e9e universitaire 2025-2026\u00a0: Les crit\u00e8res d&rsquo;orientation pr\u00e9cis\u00e9s - La Sentinelle","og_description":"Les pr\u00e9inscriptions des nouveaux bacheliers pour l&rsquo;ann\u00e9e universitaire 2025-2026 ont officiellement d\u00e9but\u00e9 mardi apr\u00e8s-midi et se poursuivront jusqu&rsquo;\u00e0 samedi prochain,&nbsp;dans","og_url":"https:\/\/lasentinelle.dz\/index.php\/2025\/07\/23\/ouverture-des-preinscriptions-pour-la-rentree-universitaire-2025-2026-les-criteres-dorientation-precises\/","og_site_name":"La Sentinelle","article_publisher":"https:\/\/www.facebook.com\/La-Sentinelle-104059864394773","article_published_time":"2025-07-23T11:41:40+00:00","article_modified_time":"2025-07-23T11:41:41+00:00","og_image":[{"width":1491,"height":900,"url":"https:\/\/lasentinelle.dz\/wp-content\/uploads\/2022\/06\/universite.png","type":"image\/png"}],"author":"admin","twitter_card":"summary_large_image","twitter_misc":{"\u00c9crit par":"admin","Dur\u00e9e de lecture estim\u00e9e":"5 minutes"},"schema":{"@context":"https:\/\/schema.org","@graph":[{"@type":"Article","@id":"https:\/\/lasentinelle.dz\/index.php\/2025\/07\/23\/ouverture-des-preinscriptions-pour-la-rentree-universitaire-2025-2026-les-criteres-dorientation-precises\/#article","isPartOf":{"@id":"https:\/\/lasentinelle.dz\/index.php\/2025\/07\/23\/ouverture-des-preinscriptions-pour-la-rentree-universitaire-2025-2026-les-criteres-dorientation-precises\/"},"author":{"name":"admin","@id":"https:\/\/lasentinelle.dz\/#\/schema\/person\/729ee0024f24e0b8c5ec17232f8e8b41"},"headline":"Ouverture des pr\u00e9inscriptions\u00a0pour la rentr\u00e9e universitaire 2025-2026\u00a0: Les crit\u00e8res d&rsquo;orientation pr\u00e9cis\u00e9s","datePublished":"2025-07-23T11:41:40+00:00","dateModified":"2025-07-23T11:41:41+00:00","mainEntityOfPage":{"@id":"https:\/\/lasentinelle.dz\/index.php\/2025\/07\/23\/ouverture-des-preinscriptions-pour-la-rentree-universitaire-2025-2026-les-criteres-dorientation-precises\/"},"wordCount":1006,"commentCount":0,"publisher":{"@id":"https:\/\/lasentinelle.dz\/#organization"},"image":{"@id":"https:\/\/lasentinelle.dz\/index.php\/2025\/07\/23\/ouverture-des-preinscriptions-pour-la-rentree-universitaire-2025-2026-les-criteres-dorientation-precises\/#primaryimage"},"thumbnailUrl":"https:\/\/lasentinelle.dz\/wp-content\/uploads\/2022\/06\/universite.png","articleSection":["Actualit\u00e9"],"inLanguage":"fr-FR","potentialAction":[{"@type":"CommentAction","name":"Comment","target":["https:\/\/lasentinelle.dz\/index.php\/2025\/07\/23\/ouverture-des-preinscriptions-pour-la-rentree-universitaire-2025-2026-les-criteres-dorientation-precises\/#respond"]}]},{"@type":"WebPage","@id":"https:\/\/lasentinelle.dz\/index.php\/2025\/07\/23\/ouverture-des-preinscriptions-pour-la-rentree-universitaire-2025-2026-les-criteres-dorientation-precises\/","url":"https:\/\/lasentinelle.dz\/index.php\/2025\/07\/23\/ouverture-des-preinscriptions-pour-la-rentree-universitaire-2025-2026-les-criteres-dorientation-precises\/","name":"Ouverture des pr\u00e9inscriptions\u00a0pour la rentr\u00e9e universitaire 2025-2026\u00a0: Les crit\u00e8res d&rsquo;orientation pr\u00e9cis\u00e9s - La Sentinelle","isPartOf":{"@id":"https:\/\/lasentinelle.dz\/#website"},"primaryImageOfPage":{"@id":"https:\/\/lasentinelle.dz\/index.php\/2025\/07\/23\/ouverture-des-preinscriptions-pour-la-rentree-universitaire-2025-2026-les-criteres-dorientation-precises\/#primaryimage"},"image":{"@id":"https:\/\/lasentinelle.dz\/index.php\/2025\/07\/23\/ouverture-des-preinscriptions-pour-la-rentree-universitaire-2025-2026-les-criteres-dorientation-precises\/#primaryimage"},"thumbnailUrl":"https:\/\/lasentinelle.dz\/wp-content\/uploads\/2022\/06\/universite.png","datePublished":"2025-07-23T11:41:40+00:00","dateModified":"2025-07-23T11:41:41+00:00","breadcrumb":{"@id":"https:\/\/lasentinelle.dz\/index.php\/2025\/07\/23\/ouverture-des-preinscriptions-pour-la-rentree-universitaire-2025-2026-les-criteres-dorientation-precises\/#breadcrumb"},"inLanguage":"fr-FR","potentialAction":[{"@type":"ReadAction","target":["https:\/\/lasentinelle.dz\/index.php\/2025\/07\/23\/ouverture-des-preinscriptions-pour-la-rentree-universitaire-2025-2026-les-criteres-dorientation-precises\/"]}]},{"@type":"ImageObject","inLanguage":"fr-FR","@id":"https:\/\/lasentinelle.dz\/index.php\/2025\/07\/23\/ouverture-des-preinscriptions-pour-la-rentree-universitaire-2025-2026-les-criteres-dorientation-precises\/#primaryimage","url":"https:\/\/lasentinelle.dz\/wp-content\/uploads\/2022\/06\/universite.png","contentUrl":"https:\/\/lasentinelle.dz\/wp-content\/uploads\/2022\/06\/universite.png","width":1491,"height":900},{"@type":"BreadcrumbList","@id":"https:\/\/lasentinelle.dz\/index.php\/2025\/07\/23\/ouverture-des-preinscriptions-pour-la-rentree-universitaire-2025-2026-les-criteres-dorientation-precises\/#breadcrumb","itemListElement":[{"@type":"ListItem","position":1,"name":"Accueil","item":"https:\/\/lasentinelle.dz\/"},{"@type":"ListItem","position":2,"name":"Ouverture des pr\u00e9inscriptions\u00a0pour la rentr\u00e9e universitaire 2025-2026\u00a0: Les crit\u00e8res d&rsquo;orientation pr\u00e9cis\u00e9s"}]},{"@type":"WebSite","@id":"https:\/\/lasentinelle.dz\/#website","url":"https:\/\/lasentinelle.dz\/","name":"La Sentinelle","description":"Quotidien national d&#039;information","publisher":{"@id":"https:\/\/lasentinelle.dz\/#organization"},"potentialAction":[{"@type":"SearchAction","target":{"@type":"EntryPoint","urlTemplate":"https:\/\/lasentinelle.dz\/?s={search_term_string}"},"query-input":{"@type":"PropertyValueSpecification","valueRequired":true,"valueName":"search_term_string"}}],"inLanguage":"fr-FR"},{"@type":"Organization","@id":"https:\/\/lasentinelle.dz\/#organization","name":"Quotidien La Sentinelle","url":"https:\/\/lasentinelle.dz\/","logo":{"@type":"ImageObject","inLanguage":"fr-FR","@id":"https:\/\/lasentinelle.dz\/#\/schema\/logo\/image\/","url":"https:\/\/lasentinelle.dz\/wp-content\/uploads\/2021\/09\/logo-sentinelleSLOGAN-1.png","contentUrl":"https:\/\/lasentinelle.dz\/wp-content\/uploads\/2021\/09\/logo-sentinelleSLOGAN-1.png","width":615,"height":142,"caption":"Quotidien La Sentinelle"},"image":{"@id":"https:\/\/lasentinelle.dz\/#\/schema\/logo\/image\/"},"sameAs":["https:\/\/www.facebook.com\/La-Sentinelle-104059864394773"]},{"@type":"Person","@id":"https:\/\/lasentinelle.dz\/#\/schema\/person\/729ee0024f24e0b8c5ec17232f8e8b41","name":"admin","image":{"@type":"ImageObject","inLanguage":"fr-FR","@id":"https:\/\/secure.gravatar.com\/avatar\/4c81fed838786e9b53f540bf46533e750f5d292099ae3b66cfc6fb1982e29df7?s=96&d=mm&r=g","url":"https:\/\/secure.gravatar.com\/avatar\/4c81fed838786e9b53f540bf46533e750f5d292099ae3b66cfc6fb1982e29df7?s=96&d=mm&r=g","contentUrl":"https:\/\/secure.gravatar.com\/avatar\/4c81fed838786e9b53f540bf46533e750f5d292099ae3b66cfc6fb1982e29df7?s=96&d=mm&r=g","caption":"admin"},"description":"admin","url":"https:\/\/lasentinelle.dz\/author\/admin\/"}]}},"_links":{"self":[{"href":"https:\/\/lasentinelle.dz\/index.php\/wp-json\/wp\/v2\/posts\/70818","targetHints":{"allow":["GET"]}}],"collection":[{"href":"https:\/\/lasentinelle.dz\/index.php\/wp-json\/wp\/v2\/posts"}],"about":[{"href":"https:\/\/lasentinelle.dz\/index.php\/wp-json\/wp\/v2\/types\/post"}],"author":[{"embeddable":true,"href":"https:\/\/lasentinelle.dz\/index.php\/wp-json\/wp\/v2\/users\/6"}],"replies":[{"embeddable":true,"href":"https:\/\/lasentinelle.dz\/index.php\/wp-json\/wp\/v2\/comments?post=70818"}],"version-history":[{"count":2,"href":"https:\/\/lasentinelle.dz\/index.php\/wp-json\/wp\/v2\/posts\/70818\/revisions"}],"predecessor-version":[{"id":70820,"href":"https:\/\/lasentinelle.dz\/index.php\/wp-json\/wp\/v2\/posts\/70818\/revisions\/70820"}],"wp:featuredmedia":[{"embeddable":true,"href":"https:\/\/lasentinelle.dz\/index.php\/wp-json\/wp\/v2\/media\/22755"}],"wp:attachment":[{"href":"https:\/\/lasentinelle.dz\/index.php\/wp-json\/wp\/v2\/media?parent=70818"}],"wp:term":[{"taxonomy":"category","embeddable":true,"href":"https:\/\/lasentinelle.dz\/index.php\/wp-json\/wp\/v2\/categories?post=70818"},{"taxonomy":"post_tag","embeddable":true,"href":"https:\/\/lasentinelle.dz\/index.php\/wp-json\/wp\/v2\/tags?post=70818"}],"curies":[{"name":"wp","href":"https:\/\/api.w.org\/{rel}","templated":true}]}}