{"id":70821,"date":"2025-07-23T12:42:20","date_gmt":"2025-07-23T11:42:20","guid":{"rendered":"https:\/\/lasentinelle.dz\/?p=70821"},"modified":"2025-07-23T12:42:21","modified_gmt":"2025-07-23T11:42:21","slug":"recouvrement-des-cotisations-sociales-dues-a-la-casnos-bentaleb-durcit-le-ton","status":"publish","type":"post","link":"https:\/\/lasentinelle.dz\/index.php\/2025\/07\/23\/recouvrement-des-cotisations-sociales-dues-a-la-casnos-bentaleb-durcit-le-ton\/","title":{"rendered":"Recouvrement des cotisations sociales dues \u00e0 la CASNOS\u00a0:\u00a0Bentaleb durcit le ton\u00a0"},"content":{"rendered":"\n<p>Le ministre du Travail, de l&rsquo;Emploi et de la S\u00e9curit\u00e9 sociale, Fay\u00e7al Bentaleb, a pr\u00e9sid\u00e9 lundi une rencontre nationale d&rsquo;\u00e9valuation sur les activit\u00e9s de la Caisse nationale de s\u00e9curit\u00e9 sociale des non-salari\u00e9s (CASNOS), marqu\u00e9e par des instructions strictes concernant le recouvrement des cotisations et une exigence de modernisation des services publics.<\/p>\n\n\n\n<p>Face aux d\u00e9faillances constat\u00e9es, le ministre a donn\u00e9 \u00ab\u00a0des instructions strictes \u00e0 tous les cadres, notamment aux gestionnaires des agences de wilaya, pour veiller au recouvrement des cotisations et des sommes dues par les employeurs\u00a0\u00bb. Cette approche se veut n\u00e9anmoins \u00e9quilibr\u00e9e, \u00ab\u00a0en adoptant une approche conciliante tenant compte de la sp\u00e9cificit\u00e9 de chaque cas, sans pr\u00e9judice des droits de la Caisse\u00a0\u00bb.&nbsp;M. Bentaleb a particuli\u00e8rement insist\u00e9 sur l&rsquo;accompagnement du secteur informel, appelant \u00e0 \u00ab\u00a0aider les cat\u00e9gories activant dans le secteur informel \u00e0 int\u00e9grer le syst\u00e8me de s\u00e9curit\u00e9 sociale pour b\u00e9n\u00e9ficier d&rsquo;une couverture sociale\u00a0\u00bb. Cette strat\u00e9gie vise \u00e0 \u00e9largir l&rsquo;assiette de cotisation tout en r\u00e9gularisant les situations pr\u00e9caires.&nbsp;Le ministre a \u00e9galement exig\u00e9 de \u00ab\u00a0renforcer la pr\u00e9sence des cadres et des gestionnaires sur le terrain, pour contr\u00f4ler les activit\u00e9s des services locaux et garantir l&rsquo;application rigoureuse des recommandations\u00a0\u00bb. Il a appel\u00e9 l&rsquo;ensemble des g\u00e9rants des agences de wilaya \u00e0 \u00ab\u00a0se rendre sur le terrain pour suivre de pr\u00e8s l&rsquo;application des recommandations, s&rsquo;enqu\u00e9rir du d\u00e9roulement des prestations et services et \u00e9couter les pr\u00e9occupations des citoyens\u00a0\u00bb.<\/p>\n\n\n\n<p>Concernant la sant\u00e9 financi\u00e8re de l&rsquo;institution, le ministre a soulign\u00e9 \u00ab\u00a0l&rsquo;importance de renforcer les \u00e9quilibres financiers de la Caisse et d&rsquo;am\u00e9liorer les m\u00e9canismes de recouvrement des cotisations\u00a0\u00bb. Il a insist\u00e9 sur la n\u00e9cessit\u00e9 de \u00ab\u00a0redoubler d&rsquo;efforts pour pr\u00e9server les \u00e9quilibres financiers de la Caisse et assurer la p\u00e9rennit\u00e9 de son r\u00f4le social\u00a0\u00bb.<\/p>\n\n\n\n<p>En mati\u00e8re d&rsquo;am\u00e9lioration des services, M. Bentaleb a mis l&rsquo;accent sur la modernisation, d\u00e9clarant qu&rsquo;il fallait \u00ab\u00a0adopter la num\u00e9risation dans les prestations fournies au niveau de toutes les structures locales, pour assurer la c\u00e9l\u00e9rit\u00e9 et l&rsquo;efficacit\u00e9 dans la prise en charge des pr\u00e9occupations des citoyens, et all\u00e9ger les contraintes de d\u00e9placement vers les diff\u00e9rentes structures\u00a0\u00bb.&nbsp;Le ministre s&rsquo;est montr\u00e9 inflexible sur la qualit\u00e9 du service public, affirmant la \u00ab\u00a0n\u00e9cessit\u00e9 de garantir un service public de qualit\u00e9 au profit des non-salari\u00e9s, un devoir qui ne tol\u00e8re aucune n\u00e9gligence ni rel\u00e2chement\u00a0\u00bb. Il a appel\u00e9 \u00e0 \u00ab\u00a0veiller \u00e0 \u00e9radiquer toute forme de d\u00e9faillance ainsi que les mauvaises pratiques qui portent atteinte \u00e0 leurs droits, en faisant preuve de responsabilit\u00e9 au service de l&rsquo;int\u00e9r\u00eat g\u00e9n\u00e9ral\u00a0\u00bb.<\/p>\n\n\n\n<p><strong>Un suivi rigoureux&nbsp;<\/strong><\/p>\n\n\n\n<p>La rencontre s&rsquo;inscrivait dans \u00ab\u00a0la dynamique d&rsquo;\u00e9valuation p\u00e9riodique des performances de la Caisse, en vue d&rsquo;identifier les carences et les dysfonctionnements enregistr\u00e9s, notamment en mati\u00e8re de mise en \u0153uvre des instructions et des orientations \u00e9mises lors des pr\u00e9c\u00e9dentes rencontres\u00a0\u00bb, comme l&rsquo;a pr\u00e9cis\u00e9 le ministre.&nbsp;M. Bentaleb a averti qu'\u00a0\u00bbaucune d\u00e9faillance en la mati\u00e8re ne sera tol\u00e9r\u00e9e et que les \u00e9valuations sur le terrain seront effectu\u00e9es de mani\u00e8re p\u00e9riodique et continue\u00a0\u00bb. Il a rappel\u00e9 que \u00ab\u00a0l&rsquo;\u00e9valuation des performances se fera de mani\u00e8re r\u00e9guli\u00e8re, et que la prochaine phase sera marqu\u00e9e par un contr\u00f4le strict et un suivi rigoureux pour garantir la conformit\u00e9 totale \u00e0 ses directives, au b\u00e9n\u00e9fice des affili\u00e9s \u00e0 la Caisse, dans une optique visant \u00e0 renforcer la dimension sociale de l&rsquo;\u00c9tat\u00a0\u00bb.&nbsp;Le Directeur g\u00e9n\u00e9ral de la CASNOS a pr\u00e9sent\u00e9, pour sa part,le bilan du premier semestre 2025 et les grandes lignes du programme d&rsquo;action pour le second semestre, ax\u00e9 sur l&rsquo;am\u00e9lioration de la performance, l&rsquo;\u00e9largissement de la couverture sociale et l&rsquo;encouragement de l&rsquo;affiliation \u00e0 la s\u00e9curit\u00e9 sociale.<\/p>\n\n\n\n<p>Samir Benisid<\/p>\n","protected":false},"excerpt":{"rendered":"<p>Le ministre du Travail, de l&rsquo;Emploi et de la S\u00e9curit\u00e9 sociale, Fay\u00e7al Bentaleb, a pr\u00e9sid\u00e9 lundi une rencontre nationale d&rsquo;\u00e9valuation<\/p>\n","protected":false},"author":6,"featured_media":70822,"comment_status":"open","ping_status":"closed","sticky":false,"template":"","format":"standard","meta":{"colormag_page_container_layout":"default_layout","colormag_page_sidebar_layout":"default_layout","om_disable_all_campaigns":false,"_monsterinsights_skip_tracking":false,"_monsterinsights_sitenote_active":false,"_monsterinsights_sitenote_note":"","_monsterinsights_sitenote_category":0,"footnotes":"","_wpscppro_dont_share_socialmedia":false,"_wpscppro_custom_social_share_image":0,"_facebook_share_type":"default","_twitter_share_type":"default","_linkedin_share_type":"default","_pinterest_share_type":"default","_linkedin_share_type_page":"","_instagram_share_type":"default","_medium_share_type":"default","_threads_share_type":"","_google_business_share_type":"","_selected_social_profile":[],"_wpsp_enable_custom_social_template":false,"_wpsp_social_scheduling":{"enabled":false,"datetime":null,"platforms":[],"status":"template_only","dateOption":"today","timeOption":"now","customDays":"","customHours":"","customDate":"","customTime":"","schedulingType":"absolute"},"_wpsp_active_default_template":true},"categories":[52,27],"tags":[],"class_list":["post-70821","post","type-post","status-publish","format-standard","has-post-thumbnail","hentry","category-a-la-une","category-actualite"],"aioseo_notices":[],"yoast_head":"<!-- This site is optimized with the Yoast SEO plugin v27.5 - https:\/\/yoast.com\/product\/yoast-seo-wordpress\/ -->\n<title>Recouvrement des cotisations sociales dues \u00e0 la CASNOS\u00a0:\u00a0Bentaleb durcit le ton\u00a0 - La Sentinelle<\/title>\n<meta name=\"robots\" content=\"index, follow, max-snippet:-1, max-image-preview:large, max-video-preview:-1\" \/>\n<link rel=\"canonical\" href=\"https:\/\/lasentinelle.dz\/index.php\/2025\/07\/23\/recouvrement-des-cotisations-sociales-dues-a-la-casnos-bentaleb-durcit-le-ton\/\" \/>\n<meta property=\"og:locale\" content=\"fr_FR\" \/>\n<meta property=\"og:type\" content=\"article\" \/>\n<meta property=\"og:title\" content=\"Recouvrement des cotisations sociales dues \u00e0 la CASNOS\u00a0:\u00a0Bentaleb durcit le ton\u00a0 - La Sentinelle\" \/>\n<meta property=\"og:description\" content=\"Le ministre du Travail, de l&rsquo;Emploi et de la S\u00e9curit\u00e9 sociale, Fay\u00e7al Bentaleb, a pr\u00e9sid\u00e9 lundi une rencontre nationale d&rsquo;\u00e9valuation\" \/>\n<meta property=\"og:url\" content=\"https:\/\/lasentinelle.dz\/index.php\/2025\/07\/23\/recouvrement-des-cotisations-sociales-dues-a-la-casnos-bentaleb-durcit-le-ton\/\" \/>\n<meta property=\"og:site_name\" content=\"La Sentinelle\" \/>\n<meta property=\"article:publisher\" content=\"https:\/\/www.facebook.com\/La-Sentinelle-104059864394773\" \/>\n<meta property=\"article:published_time\" content=\"2025-07-23T11:42:20+00:00\" \/>\n<meta property=\"article:modified_time\" content=\"2025-07-23T11:42:21+00:00\" \/>\n<meta property=\"og:image\" content=\"https:\/\/lasentinelle.dz\/wp-content\/uploads\/2025\/07\/Casnos.jpg\" \/>\n\t<meta property=\"og:image:width\" content=\"2048\" \/>\n\t<meta property=\"og:image:height\" content=\"1365\" \/>\n\t<meta property=\"og:image:type\" content=\"image\/jpeg\" \/>\n<meta name=\"author\" content=\"admin\" \/>\n<meta name=\"twitter:card\" content=\"summary_large_image\" \/>\n<meta name=\"twitter:label1\" content=\"\u00c9crit par\" \/>\n\t<meta name=\"twitter:data1\" content=\"admin\" \/>\n\t<meta name=\"twitter:label2\" content=\"Dur\u00e9e de lecture estim\u00e9e\" \/>\n\t<meta name=\"twitter:data2\" content=\"4 minutes\" \/>\n<script type=\"application\/ld+json\" class=\"yoast-schema-graph\">{\"@context\":\"https:\\\/\\\/schema.org\",\"@graph\":[{\"@type\":\"Article\",\"@id\":\"https:\\\/\\\/lasentinelle.dz\\\/index.php\\\/2025\\\/07\\\/23\\\/recouvrement-des-cotisations-sociales-dues-a-la-casnos-bentaleb-durcit-le-ton\\\/#article\",\"isPartOf\":{\"@id\":\"https:\\\/\\\/lasentinelle.dz\\\/index.php\\\/2025\\\/07\\\/23\\\/recouvrement-des-cotisations-sociales-dues-a-la-casnos-bentaleb-durcit-le-ton\\\/\"},\"author\":{\"name\":\"admin\",\"@id\":\"https:\\\/\\\/lasentinelle.dz\\\/#\\\/schema\\\/person\\\/729ee0024f24e0b8c5ec17232f8e8b41\"},\"headline\":\"Recouvrement des cotisations sociales dues \u00e0 la CASNOS\u00a0:\u00a0Bentaleb durcit le ton\u00a0\",\"datePublished\":\"2025-07-23T11:42:20+00:00\",\"dateModified\":\"2025-07-23T11:42:21+00:00\",\"mainEntityOfPage\":{\"@id\":\"https:\\\/\\\/lasentinelle.dz\\\/index.php\\\/2025\\\/07\\\/23\\\/recouvrement-des-cotisations-sociales-dues-a-la-casnos-bentaleb-durcit-le-ton\\\/\"},\"wordCount\":691,\"commentCount\":0,\"publisher\":{\"@id\":\"https:\\\/\\\/lasentinelle.dz\\\/#organization\"},\"image\":{\"@id\":\"https:\\\/\\\/lasentinelle.dz\\\/index.php\\\/2025\\\/07\\\/23\\\/recouvrement-des-cotisations-sociales-dues-a-la-casnos-bentaleb-durcit-le-ton\\\/#primaryimage\"},\"thumbnailUrl\":\"https:\\\/\\\/lasentinelle.dz\\\/wp-content\\\/uploads\\\/2025\\\/07\\\/Casnos.jpg\",\"articleSection\":[\"\u00c0 la Une\",\"Actualit\u00e9\"],\"inLanguage\":\"fr-FR\",\"potentialAction\":[{\"@type\":\"CommentAction\",\"name\":\"Comment\",\"target\":[\"https:\\\/\\\/lasentinelle.dz\\\/index.php\\\/2025\\\/07\\\/23\\\/recouvrement-des-cotisations-sociales-dues-a-la-casnos-bentaleb-durcit-le-ton\\\/#respond\"]}]},{\"@type\":\"WebPage\",\"@id\":\"https:\\\/\\\/lasentinelle.dz\\\/index.php\\\/2025\\\/07\\\/23\\\/recouvrement-des-cotisations-sociales-dues-a-la-casnos-bentaleb-durcit-le-ton\\\/\",\"url\":\"https:\\\/\\\/lasentinelle.dz\\\/index.php\\\/2025\\\/07\\\/23\\\/recouvrement-des-cotisations-sociales-dues-a-la-casnos-bentaleb-durcit-le-ton\\\/\",\"name\":\"Recouvrement des cotisations sociales dues \u00e0 la CASNOS\u00a0:\u00a0Bentaleb durcit le ton\u00a0 - La Sentinelle\",\"isPartOf\":{\"@id\":\"https:\\\/\\\/lasentinelle.dz\\\/#website\"},\"primaryImageOfPage\":{\"@id\":\"https:\\\/\\\/lasentinelle.dz\\\/index.php\\\/2025\\\/07\\\/23\\\/recouvrement-des-cotisations-sociales-dues-a-la-casnos-bentaleb-durcit-le-ton\\\/#primaryimage\"},\"image\":{\"@id\":\"https:\\\/\\\/lasentinelle.dz\\\/index.php\\\/2025\\\/07\\\/23\\\/recouvrement-des-cotisations-sociales-dues-a-la-casnos-bentaleb-durcit-le-ton\\\/#primaryimage\"},\"thumbnailUrl\":\"https:\\\/\\\/lasentinelle.dz\\\/wp-content\\\/uploads\\\/2025\\\/07\\\/Casnos.jpg\",\"datePublished\":\"2025-07-23T11:42:20+00:00\",\"dateModified\":\"2025-07-23T11:42:21+00:00\",\"breadcrumb\":{\"@id\":\"https:\\\/\\\/lasentinelle.dz\\\/index.php\\\/2025\\\/07\\\/23\\\/recouvrement-des-cotisations-sociales-dues-a-la-casnos-bentaleb-durcit-le-ton\\\/#breadcrumb\"},\"inLanguage\":\"fr-FR\",\"potentialAction\":[{\"@type\":\"ReadAction\",\"target\":[\"https:\\\/\\\/lasentinelle.dz\\\/index.php\\\/2025\\\/07\\\/23\\\/recouvrement-des-cotisations-sociales-dues-a-la-casnos-bentaleb-durcit-le-ton\\\/\"]}]},{\"@type\":\"ImageObject\",\"inLanguage\":\"fr-FR\",\"@id\":\"https:\\\/\\\/lasentinelle.dz\\\/index.php\\\/2025\\\/07\\\/23\\\/recouvrement-des-cotisations-sociales-dues-a-la-casnos-bentaleb-durcit-le-ton\\\/#primaryimage\",\"url\":\"https:\\\/\\\/lasentinelle.dz\\\/wp-content\\\/uploads\\\/2025\\\/07\\\/Casnos.jpg\",\"contentUrl\":\"https:\\\/\\\/lasentinelle.dz\\\/wp-content\\\/uploads\\\/2025\\\/07\\\/Casnos.jpg\",\"width\":2048,\"height\":1365},{\"@type\":\"BreadcrumbList\",\"@id\":\"https:\\\/\\\/lasentinelle.dz\\\/index.php\\\/2025\\\/07\\\/23\\\/recouvrement-des-cotisations-sociales-dues-a-la-casnos-bentaleb-durcit-le-ton\\\/#breadcrumb\",\"itemListElement\":[{\"@type\":\"ListItem\",\"position\":1,\"name\":\"Accueil\",\"item\":\"https:\\\/\\\/lasentinelle.dz\\\/\"},{\"@type\":\"ListItem\",\"position\":2,\"name\":\"Recouvrement des cotisations sociales dues \u00e0 la CASNOS\u00a0:\u00a0Bentaleb durcit le ton\u00a0\"}]},{\"@type\":\"WebSite\",\"@id\":\"https:\\\/\\\/lasentinelle.dz\\\/#website\",\"url\":\"https:\\\/\\\/lasentinelle.dz\\\/\",\"name\":\"La Sentinelle\",\"description\":\"Quotidien national d&#039;information\",\"publisher\":{\"@id\":\"https:\\\/\\\/lasentinelle.dz\\\/#organization\"},\"potentialAction\":[{\"@type\":\"SearchAction\",\"target\":{\"@type\":\"EntryPoint\",\"urlTemplate\":\"https:\\\/\\\/lasentinelle.dz\\\/?s={search_term_string}\"},\"query-input\":{\"@type\":\"PropertyValueSpecification\",\"valueRequired\":true,\"valueName\":\"search_term_string\"}}],\"inLanguage\":\"fr-FR\"},{\"@type\":\"Organization\",\"@id\":\"https:\\\/\\\/lasentinelle.dz\\\/#organization\",\"name\":\"Quotidien La Sentinelle\",\"url\":\"https:\\\/\\\/lasentinelle.dz\\\/\",\"logo\":{\"@type\":\"ImageObject\",\"inLanguage\":\"fr-FR\",\"@id\":\"https:\\\/\\\/lasentinelle.dz\\\/#\\\/schema\\\/logo\\\/image\\\/\",\"url\":\"https:\\\/\\\/lasentinelle.dz\\\/wp-content\\\/uploads\\\/2021\\\/09\\\/logo-sentinelleSLOGAN-1.png\",\"contentUrl\":\"https:\\\/\\\/lasentinelle.dz\\\/wp-content\\\/uploads\\\/2021\\\/09\\\/logo-sentinelleSLOGAN-1.png\",\"width\":615,\"height\":142,\"caption\":\"Quotidien La Sentinelle\"},\"image\":{\"@id\":\"https:\\\/\\\/lasentinelle.dz\\\/#\\\/schema\\\/logo\\\/image\\\/\"},\"sameAs\":[\"https:\\\/\\\/www.facebook.com\\\/La-Sentinelle-104059864394773\"]},{\"@type\":\"Person\",\"@id\":\"https:\\\/\\\/lasentinelle.dz\\\/#\\\/schema\\\/person\\\/729ee0024f24e0b8c5ec17232f8e8b41\",\"name\":\"admin\",\"image\":{\"@type\":\"ImageObject\",\"inLanguage\":\"fr-FR\",\"@id\":\"https:\\\/\\\/secure.gravatar.com\\\/avatar\\\/4c81fed838786e9b53f540bf46533e750f5d292099ae3b66cfc6fb1982e29df7?s=96&d=mm&r=g\",\"url\":\"https:\\\/\\\/secure.gravatar.com\\\/avatar\\\/4c81fed838786e9b53f540bf46533e750f5d292099ae3b66cfc6fb1982e29df7?s=96&d=mm&r=g\",\"contentUrl\":\"https:\\\/\\\/secure.gravatar.com\\\/avatar\\\/4c81fed838786e9b53f540bf46533e750f5d292099ae3b66cfc6fb1982e29df7?s=96&d=mm&r=g\",\"caption\":\"admin\"},\"description\":\"admin\",\"url\":\"https:\\\/\\\/lasentinelle.dz\\\/author\\\/admin\\\/\"}]}<\/script>\n<!-- \/ Yoast SEO plugin. -->","yoast_head_json":{"title":"Recouvrement des cotisations sociales dues \u00e0 la CASNOS\u00a0:\u00a0Bentaleb durcit le ton\u00a0 - La Sentinelle","robots":{"index":"index","follow":"follow","max-snippet":"max-snippet:-1","max-image-preview":"max-image-preview:large","max-video-preview":"max-video-preview:-1"},"canonical":"https:\/\/lasentinelle.dz\/index.php\/2025\/07\/23\/recouvrement-des-cotisations-sociales-dues-a-la-casnos-bentaleb-durcit-le-ton\/","og_locale":"fr_FR","og_type":"article","og_title":"Recouvrement des cotisations sociales dues \u00e0 la CASNOS\u00a0:\u00a0Bentaleb durcit le ton\u00a0 - La Sentinelle","og_description":"Le ministre du Travail, de l&rsquo;Emploi et de la S\u00e9curit\u00e9 sociale, Fay\u00e7al Bentaleb, a pr\u00e9sid\u00e9 lundi une rencontre nationale d&rsquo;\u00e9valuation","og_url":"https:\/\/lasentinelle.dz\/index.php\/2025\/07\/23\/recouvrement-des-cotisations-sociales-dues-a-la-casnos-bentaleb-durcit-le-ton\/","og_site_name":"La Sentinelle","article_publisher":"https:\/\/www.facebook.com\/La-Sentinelle-104059864394773","article_published_time":"2025-07-23T11:42:20+00:00","article_modified_time":"2025-07-23T11:42:21+00:00","og_image":[{"width":2048,"height":1365,"url":"https:\/\/lasentinelle.dz\/wp-content\/uploads\/2025\/07\/Casnos.jpg","type":"image\/jpeg"}],"author":"admin","twitter_card":"summary_large_image","twitter_misc":{"\u00c9crit par":"admin","Dur\u00e9e de lecture estim\u00e9e":"4 minutes"},"schema":{"@context":"https:\/\/schema.org","@graph":[{"@type":"Article","@id":"https:\/\/lasentinelle.dz\/index.php\/2025\/07\/23\/recouvrement-des-cotisations-sociales-dues-a-la-casnos-bentaleb-durcit-le-ton\/#article","isPartOf":{"@id":"https:\/\/lasentinelle.dz\/index.php\/2025\/07\/23\/recouvrement-des-cotisations-sociales-dues-a-la-casnos-bentaleb-durcit-le-ton\/"},"author":{"name":"admin","@id":"https:\/\/lasentinelle.dz\/#\/schema\/person\/729ee0024f24e0b8c5ec17232f8e8b41"},"headline":"Recouvrement des cotisations sociales dues \u00e0 la CASNOS\u00a0:\u00a0Bentaleb durcit le ton\u00a0","datePublished":"2025-07-23T11:42:20+00:00","dateModified":"2025-07-23T11:42:21+00:00","mainEntityOfPage":{"@id":"https:\/\/lasentinelle.dz\/index.php\/2025\/07\/23\/recouvrement-des-cotisations-sociales-dues-a-la-casnos-bentaleb-durcit-le-ton\/"},"wordCount":691,"commentCount":0,"publisher":{"@id":"https:\/\/lasentinelle.dz\/#organization"},"image":{"@id":"https:\/\/lasentinelle.dz\/index.php\/2025\/07\/23\/recouvrement-des-cotisations-sociales-dues-a-la-casnos-bentaleb-durcit-le-ton\/#primaryimage"},"thumbnailUrl":"https:\/\/lasentinelle.dz\/wp-content\/uploads\/2025\/07\/Casnos.jpg","articleSection":["\u00c0 la Une","Actualit\u00e9"],"inLanguage":"fr-FR","potentialAction":[{"@type":"CommentAction","name":"Comment","target":["https:\/\/lasentinelle.dz\/index.php\/2025\/07\/23\/recouvrement-des-cotisations-sociales-dues-a-la-casnos-bentaleb-durcit-le-ton\/#respond"]}]},{"@type":"WebPage","@id":"https:\/\/lasentinelle.dz\/index.php\/2025\/07\/23\/recouvrement-des-cotisations-sociales-dues-a-la-casnos-bentaleb-durcit-le-ton\/","url":"https:\/\/lasentinelle.dz\/index.php\/2025\/07\/23\/recouvrement-des-cotisations-sociales-dues-a-la-casnos-bentaleb-durcit-le-ton\/","name":"Recouvrement des cotisations sociales dues \u00e0 la CASNOS\u00a0:\u00a0Bentaleb durcit le ton\u00a0 - La Sentinelle","isPartOf":{"@id":"https:\/\/lasentinelle.dz\/#website"},"primaryImageOfPage":{"@id":"https:\/\/lasentinelle.dz\/index.php\/2025\/07\/23\/recouvrement-des-cotisations-sociales-dues-a-la-casnos-bentaleb-durcit-le-ton\/#primaryimage"},"image":{"@id":"https:\/\/lasentinelle.dz\/index.php\/2025\/07\/23\/recouvrement-des-cotisations-sociales-dues-a-la-casnos-bentaleb-durcit-le-ton\/#primaryimage"},"thumbnailUrl":"https:\/\/lasentinelle.dz\/wp-content\/uploads\/2025\/07\/Casnos.jpg","datePublished":"2025-07-23T11:42:20+00:00","dateModified":"2025-07-23T11:42:21+00:00","breadcrumb":{"@id":"https:\/\/lasentinelle.dz\/index.php\/2025\/07\/23\/recouvrement-des-cotisations-sociales-dues-a-la-casnos-bentaleb-durcit-le-ton\/#breadcrumb"},"inLanguage":"fr-FR","potentialAction":[{"@type":"ReadAction","target":["https:\/\/lasentinelle.dz\/index.php\/2025\/07\/23\/recouvrement-des-cotisations-sociales-dues-a-la-casnos-bentaleb-durcit-le-ton\/"]}]},{"@type":"ImageObject","inLanguage":"fr-FR","@id":"https:\/\/lasentinelle.dz\/index.php\/2025\/07\/23\/recouvrement-des-cotisations-sociales-dues-a-la-casnos-bentaleb-durcit-le-ton\/#primaryimage","url":"https:\/\/lasentinelle.dz\/wp-content\/uploads\/2025\/07\/Casnos.jpg","contentUrl":"https:\/\/lasentinelle.dz\/wp-content\/uploads\/2025\/07\/Casnos.jpg","width":2048,"height":1365},{"@type":"BreadcrumbList","@id":"https:\/\/lasentinelle.dz\/index.php\/2025\/07\/23\/recouvrement-des-cotisations-sociales-dues-a-la-casnos-bentaleb-durcit-le-ton\/#breadcrumb","itemListElement":[{"@type":"ListItem","position":1,"name":"Accueil","item":"https:\/\/lasentinelle.dz\/"},{"@type":"ListItem","position":2,"name":"Recouvrement des cotisations sociales dues \u00e0 la CASNOS\u00a0:\u00a0Bentaleb durcit le ton\u00a0"}]},{"@type":"WebSite","@id":"https:\/\/lasentinelle.dz\/#website","url":"https:\/\/lasentinelle.dz\/","name":"La Sentinelle","description":"Quotidien national d&#039;information","publisher":{"@id":"https:\/\/lasentinelle.dz\/#organization"},"potentialAction":[{"@type":"SearchAction","target":{"@type":"EntryPoint","urlTemplate":"https:\/\/lasentinelle.dz\/?s={search_term_string}"},"query-input":{"@type":"PropertyValueSpecification","valueRequired":true,"valueName":"search_term_string"}}],"inLanguage":"fr-FR"},{"@type":"Organization","@id":"https:\/\/lasentinelle.dz\/#organization","name":"Quotidien La Sentinelle","url":"https:\/\/lasentinelle.dz\/","logo":{"@type":"ImageObject","inLanguage":"fr-FR","@id":"https:\/\/lasentinelle.dz\/#\/schema\/logo\/image\/","url":"https:\/\/lasentinelle.dz\/wp-content\/uploads\/2021\/09\/logo-sentinelleSLOGAN-1.png","contentUrl":"https:\/\/lasentinelle.dz\/wp-content\/uploads\/2021\/09\/logo-sentinelleSLOGAN-1.png","width":615,"height":142,"caption":"Quotidien La Sentinelle"},"image":{"@id":"https:\/\/lasentinelle.dz\/#\/schema\/logo\/image\/"},"sameAs":["https:\/\/www.facebook.com\/La-Sentinelle-104059864394773"]},{"@type":"Person","@id":"https:\/\/lasentinelle.dz\/#\/schema\/person\/729ee0024f24e0b8c5ec17232f8e8b41","name":"admin","image":{"@type":"ImageObject","inLanguage":"fr-FR","@id":"https:\/\/secure.gravatar.com\/avatar\/4c81fed838786e9b53f540bf46533e750f5d292099ae3b66cfc6fb1982e29df7?s=96&d=mm&r=g","url":"https:\/\/secure.gravatar.com\/avatar\/4c81fed838786e9b53f540bf46533e750f5d292099ae3b66cfc6fb1982e29df7?s=96&d=mm&r=g","contentUrl":"https:\/\/secure.gravatar.com\/avatar\/4c81fed838786e9b53f540bf46533e750f5d292099ae3b66cfc6fb1982e29df7?s=96&d=mm&r=g","caption":"admin"},"description":"admin","url":"https:\/\/lasentinelle.dz\/author\/admin\/"}]}},"_links":{"self":[{"href":"https:\/\/lasentinelle.dz\/index.php\/wp-json\/wp\/v2\/posts\/70821","targetHints":{"allow":["GET"]}}],"collection":[{"href":"https:\/\/lasentinelle.dz\/index.php\/wp-json\/wp\/v2\/posts"}],"about":[{"href":"https:\/\/lasentinelle.dz\/index.php\/wp-json\/wp\/v2\/types\/post"}],"author":[{"embeddable":true,"href":"https:\/\/lasentinelle.dz\/index.php\/wp-json\/wp\/v2\/users\/6"}],"replies":[{"embeddable":true,"href":"https:\/\/lasentinelle.dz\/index.php\/wp-json\/wp\/v2\/comments?post=70821"}],"version-history":[{"count":1,"href":"https:\/\/lasentinelle.dz\/index.php\/wp-json\/wp\/v2\/posts\/70821\/revisions"}],"predecessor-version":[{"id":70823,"href":"https:\/\/lasentinelle.dz\/index.php\/wp-json\/wp\/v2\/posts\/70821\/revisions\/70823"}],"wp:featuredmedia":[{"embeddable":true,"href":"https:\/\/lasentinelle.dz\/index.php\/wp-json\/wp\/v2\/media\/70822"}],"wp:attachment":[{"href":"https:\/\/lasentinelle.dz\/index.php\/wp-json\/wp\/v2\/media?parent=70821"}],"wp:term":[{"taxonomy":"category","embeddable":true,"href":"https:\/\/lasentinelle.dz\/index.php\/wp-json\/wp\/v2\/categories?post=70821"},{"taxonomy":"post_tag","embeddable":true,"href":"https:\/\/lasentinelle.dz\/index.php\/wp-json\/wp\/v2\/tags?post=70821"}],"curies":[{"name":"wp","href":"https:\/\/api.w.org\/{rel}","templated":true}]}}