{"id":70825,"date":"2025-07-23T12:46:05","date_gmt":"2025-07-23T11:46:05","guid":{"rendered":"https:\/\/lasentinelle.dz\/?p=70825"},"modified":"2025-07-23T12:46:06","modified_gmt":"2025-07-23T11:46:06","slug":"premier-colloque-arabe-sur-la-langue-arabe-dans-les-medias-meziane-appelle-a-une-nouvelle-charte","status":"publish","type":"post","link":"https:\/\/lasentinelle.dz\/index.php\/2025\/07\/23\/premier-colloque-arabe-sur-la-langue-arabe-dans-les-medias-meziane-appelle-a-une-nouvelle-charte\/","title":{"rendered":"Premier Colloque arabe sur la langue arabe dans les m\u00e9dias\u00a0:\u00a0Meziane appelle \u00e0 une nouvelle charte\u00a0"},"content":{"rendered":"\n<p>Le ministre de la Communication Mohamed Meziane a soulign\u00e9 mardi \u00e0 Alger que \u00ab l&rsquo;int\u00e9r\u00eat particulier accord\u00e9 par le pr\u00e9sident de la R\u00e9publique \u00e0 la langue arabe, bien plus qu&rsquo;une posture culturelle, participe d&rsquo;une vision politique profonde consid\u00e9rant que la souverainet\u00e9 n&rsquo;est pas uniquement une affaire de territoire ou de d\u00e9cision, mais s&rsquo;\u00e9tend \u00e9galement \u00e0 la langue \u00bb. Cette d\u00e9claration a marqu\u00e9 l&rsquo;ouverture du premier Colloque arabe consacr\u00e9 \u00e0 la langue arabe dans les m\u00e9dias, organis\u00e9 par l&rsquo;Association El-Kalima pour la culture et la communication, en pr\u00e9sence du recteur de Djama\u00e2 El-Djaza\u00efr cheikh Mohamed Maamoun Al Kassimi Al-Hoceini et d&rsquo;une pl\u00e9iade d&rsquo;acad\u00e9miciens de plus de dix pays arabes.<\/p>\n\n\n\n<p>Pour l&rsquo;Alg\u00e9rie, la langue arabe repr\u00e9sente par excellence \u00ab une question de souverainet\u00e9 et de culture, qui transcende le discours occasionnel incarn\u00e9 par les politiques nationales \u00bb, a affirm\u00e9 Meziane, rappelant que \u00ab la langue arabe a \u00e9t\u00e9 une revendication centrale du Mouvement national depuis sa naissance en d\u00e9but du si\u00e8cle dernier \u00bb. Le ministre a mis en avant l&rsquo;attachement de l&rsquo;\u00c9tat \u00ab \u00e0 la Constitutionnalisation, \u00e0 la pr\u00e9servation et \u00e0 la promotion de la langue arabe dans diff\u00e9rents aspects de la vie quotidienne, scientifique et pratique \u00bb, car elle symbolise \u00ab l&rsquo;expression de notre identit\u00e9 et de la souverainet\u00e9 de notre nation \u00bb.&nbsp;Consciente de l&rsquo;enjeu strat\u00e9gique, l&rsquo;Alg\u00e9rie \u00ab n&rsquo;y a jamais vu un simple vecteur culturel, mais une question de souverainet\u00e9 et un investissement strat\u00e9gique dans la pr\u00e9servation de la m\u00e9moire de la nation et la construction de son avenir \u00bb, a soutenu le ministre. Il a \u00e9voqu\u00e9 le Prix du pr\u00e9sident de la R\u00e9publique pour la langue arabe comme \u00ab un acte institutionnel qui couronne la vision civilisationnelle de l&rsquo;\u00c9tat alg\u00e9rien et refl\u00e8te sa volont\u00e9 de prot\u00e9ger la langue \u00bb, en lui accordant \u00ab une attention particuli\u00e8re et la place de choix qui lui sied \u00bb.&nbsp;Meziane a pr\u00e9cis\u00e9 que \u00ab tout en incarnant la souverainet\u00e9 cognitive et l&rsquo;appartenance culturelle ancestrale, la langue arabe permet de se projeter dans l&rsquo;avenir \u00bb, assurant que sa promotion \u00ab ne signifie aucunement l&rsquo;exclusion des autres composantes culturelles, notamment la langue amazighe \u00bb. Cette approche inclusive t\u00e9moigne de la vision \u00e9quilibr\u00e9e des autorit\u00e9s alg\u00e9riennes en mati\u00e8re de diversit\u00e9 linguistique.<\/p>\n\n\n\n<p>\u00c9voquant les d\u00e9fis contemporains, le ministre a soulign\u00e9 que \u00ab les d\u00e9fis auxquels nous sommes confront\u00e9s aujourd&rsquo;hui sont li\u00e9s \u00e0 l&rsquo;appauvrissement linguistique du discours m\u00e9diatique, soit pour r\u00e9pondre aux exigences de rapidit\u00e9 impos\u00e9es par notre \u00e9poque, soit en raison de l&rsquo;intrusion de mots \u00e9trangers \u00bb. Face \u00e0 cette probl\u00e9matique, \u00ab il importe de mener une r\u00e9flexion et de revoir la formation journalistique afin d&rsquo;y inclure une qualification linguistique approfondie qui redonne aux professionnels des m\u00e9dias le sens de la responsabilit\u00e9 civilisationnelle envers la langue \u00bb, a-t-il insist\u00e9.&nbsp;Le ministre a particuli\u00e8rement soulign\u00e9 la n\u00e9cessit\u00e9 de r\u00e9fl\u00e9chir \u00e0 une nouvelle charte arabe de la langue dans les m\u00e9dias, appelant \u00e0 sortir avec \u00ab des recommandations objectives et pratiques et une charte pour la promotion de la langue arabe dans les m\u00e9dias qui tienne compte des transformations num\u00e9riques et des d\u00e9fis li\u00e9s \u00e0 la souverainet\u00e9 \u00bb. Cette initiative vise \u00e0 adapter les pratiques m\u00e9diatiques aux \u00e9volutions technologiques tout en pr\u00e9servant l&rsquo;int\u00e9grit\u00e9 linguistique.<\/p>\n\n\n\n<p>De son c\u00f4t\u00e9, le recteur de Djama\u00e2 El-Djaza\u00efr cheikh Al Kassimi a r\u00e9affirm\u00e9 que la langue arabe constitue \u00ab l&rsquo;un des principaux facteurs de l&rsquo;unit\u00e9 nationale, un \u00e9l\u00e9ment fondamental de la souverainet\u00e9 et de l&rsquo;ind\u00e9pendance ainsi que l&rsquo;une des composantes de la personnalit\u00e9 alg\u00e9rienne \u00bb. Il a ajout\u00e9 que la langue arabe \u00ab n&rsquo;est pas uniquement un composant linguistique, mais un vecteur culturel et moral \u00e0 travers lequel s&rsquo;est fa\u00e7onn\u00e9e l&rsquo;identit\u00e9 d&rsquo;une nation et se sont forg\u00e9s ses concepts \u00bb.<\/p>\n\n\n\n<p>Cheikh Al Kassimi a appel\u00e9 les m\u00e9dias \u00e0 \u00ab assumer un r\u00f4le \u00e9minent envers la langue arabe \u00bb, estimant que \u00ab l&rsquo;enjeu aujourd&rsquo;hui n&rsquo;est pas de recourir \u00e0 une rh\u00e9torique affect\u00e9e, mais de d\u00e9velopper de nouveaux styles adapt\u00e9s \u00e0 l&rsquo;\u00e8re de l&rsquo;\u00e9volution rapide, respectueux de l&rsquo;intelligence du r\u00e9cepteur et capables de redonner \u00e0 la langue sa valeur expressive et \u00e9ducative \u00bb. Il a salu\u00e9 l&rsquo;appel du ministre pour l&rsquo;\u00e9laboration d&rsquo;une charte arabe, soulignant que l&rsquo;Alg\u00e9rie \u00ab de par sa position, son exp\u00e9rience et ses institutions, est en mesure de r\u00e9habiliter le discours arabe en Afrique \u00bb.Chokri Hafed<\/p>\n","protected":false},"excerpt":{"rendered":"<p>Le ministre de la Communication Mohamed Meziane a soulign\u00e9 mardi \u00e0 Alger que \u00ab l&rsquo;int\u00e9r\u00eat particulier accord\u00e9 par le pr\u00e9sident<\/p>\n","protected":false},"author":6,"featured_media":70826,"comment_status":"open","ping_status":"closed","sticky":false,"template":"","format":"standard","meta":{"colormag_page_container_layout":"default_layout","colormag_page_sidebar_layout":"default_layout","om_disable_all_campaigns":false,"_monsterinsights_skip_tracking":false,"_monsterinsights_sitenote_active":false,"_monsterinsights_sitenote_note":"","_monsterinsights_sitenote_category":0,"footnotes":"","_wpscppro_dont_share_socialmedia":false,"_wpscppro_custom_social_share_image":0,"_facebook_share_type":"default","_twitter_share_type":"default","_linkedin_share_type":"default","_pinterest_share_type":"default","_linkedin_share_type_page":"","_instagram_share_type":"default","_medium_share_type":"default","_threads_share_type":"","_google_business_share_type":"","_selected_social_profile":[],"_wpsp_enable_custom_social_template":false,"_wpsp_social_scheduling":{"enabled":false,"datetime":null,"platforms":[],"status":"template_only","dateOption":"today","timeOption":"now","customDays":"","customHours":"","customDate":"","customTime":"","schedulingType":"absolute"},"_wpsp_active_default_template":true},"categories":[27],"tags":[],"class_list":["post-70825","post","type-post","status-publish","format-standard","has-post-thumbnail","hentry","category-actualite"],"aioseo_notices":[],"yoast_head":"<!-- This site is optimized with the Yoast SEO plugin v27.5 - https:\/\/yoast.com\/product\/yoast-seo-wordpress\/ -->\n<title>Premier Colloque arabe sur la langue arabe dans les m\u00e9dias\u00a0:\u00a0Meziane appelle \u00e0 une nouvelle charte\u00a0 - La Sentinelle<\/title>\n<meta name=\"robots\" content=\"index, follow, max-snippet:-1, max-image-preview:large, max-video-preview:-1\" \/>\n<link rel=\"canonical\" href=\"https:\/\/lasentinelle.dz\/index.php\/2025\/07\/23\/premier-colloque-arabe-sur-la-langue-arabe-dans-les-medias-meziane-appelle-a-une-nouvelle-charte\/\" \/>\n<meta property=\"og:locale\" content=\"fr_FR\" \/>\n<meta property=\"og:type\" content=\"article\" \/>\n<meta property=\"og:title\" content=\"Premier Colloque arabe sur la langue arabe dans les m\u00e9dias\u00a0:\u00a0Meziane appelle \u00e0 une nouvelle charte\u00a0 - La Sentinelle\" \/>\n<meta property=\"og:description\" content=\"Le ministre de la Communication Mohamed Meziane a soulign\u00e9 mardi \u00e0 Alger que \u00ab l&rsquo;int\u00e9r\u00eat particulier accord\u00e9 par le pr\u00e9sident\" \/>\n<meta property=\"og:url\" content=\"https:\/\/lasentinelle.dz\/index.php\/2025\/07\/23\/premier-colloque-arabe-sur-la-langue-arabe-dans-les-medias-meziane-appelle-a-une-nouvelle-charte\/\" \/>\n<meta property=\"og:site_name\" content=\"La Sentinelle\" \/>\n<meta property=\"article:publisher\" content=\"https:\/\/www.facebook.com\/La-Sentinelle-104059864394773\" \/>\n<meta property=\"article:published_time\" content=\"2025-07-23T11:46:05+00:00\" \/>\n<meta property=\"article:modified_time\" content=\"2025-07-23T11:46:06+00:00\" \/>\n<meta property=\"og:image\" content=\"https:\/\/lasentinelle.dz\/wp-content\/uploads\/2025\/07\/meziane.jpeg\" \/>\n\t<meta property=\"og:image:width\" content=\"900\" \/>\n\t<meta property=\"og:image:height\" content=\"675\" \/>\n\t<meta property=\"og:image:type\" content=\"image\/jpeg\" \/>\n<meta name=\"author\" content=\"admin\" \/>\n<meta name=\"twitter:card\" content=\"summary_large_image\" \/>\n<meta name=\"twitter:label1\" content=\"\u00c9crit par\" \/>\n\t<meta name=\"twitter:data1\" content=\"admin\" \/>\n\t<meta name=\"twitter:label2\" content=\"Dur\u00e9e de lecture estim\u00e9e\" \/>\n\t<meta name=\"twitter:data2\" content=\"4 minutes\" \/>\n<script type=\"application\/ld+json\" class=\"yoast-schema-graph\">{\"@context\":\"https:\\\/\\\/schema.org\",\"@graph\":[{\"@type\":\"Article\",\"@id\":\"https:\\\/\\\/lasentinelle.dz\\\/index.php\\\/2025\\\/07\\\/23\\\/premier-colloque-arabe-sur-la-langue-arabe-dans-les-medias-meziane-appelle-a-une-nouvelle-charte\\\/#article\",\"isPartOf\":{\"@id\":\"https:\\\/\\\/lasentinelle.dz\\\/index.php\\\/2025\\\/07\\\/23\\\/premier-colloque-arabe-sur-la-langue-arabe-dans-les-medias-meziane-appelle-a-une-nouvelle-charte\\\/\"},\"author\":{\"name\":\"admin\",\"@id\":\"https:\\\/\\\/lasentinelle.dz\\\/#\\\/schema\\\/person\\\/729ee0024f24e0b8c5ec17232f8e8b41\"},\"headline\":\"Premier Colloque arabe sur la langue arabe dans les m\u00e9dias\u00a0:\u00a0Meziane appelle \u00e0 une nouvelle charte\u00a0\",\"datePublished\":\"2025-07-23T11:46:05+00:00\",\"dateModified\":\"2025-07-23T11:46:06+00:00\",\"mainEntityOfPage\":{\"@id\":\"https:\\\/\\\/lasentinelle.dz\\\/index.php\\\/2025\\\/07\\\/23\\\/premier-colloque-arabe-sur-la-langue-arabe-dans-les-medias-meziane-appelle-a-une-nouvelle-charte\\\/\"},\"wordCount\":788,\"commentCount\":0,\"publisher\":{\"@id\":\"https:\\\/\\\/lasentinelle.dz\\\/#organization\"},\"image\":{\"@id\":\"https:\\\/\\\/lasentinelle.dz\\\/index.php\\\/2025\\\/07\\\/23\\\/premier-colloque-arabe-sur-la-langue-arabe-dans-les-medias-meziane-appelle-a-une-nouvelle-charte\\\/#primaryimage\"},\"thumbnailUrl\":\"https:\\\/\\\/lasentinelle.dz\\\/wp-content\\\/uploads\\\/2025\\\/07\\\/meziane.jpeg\",\"articleSection\":[\"Actualit\u00e9\"],\"inLanguage\":\"fr-FR\",\"potentialAction\":[{\"@type\":\"CommentAction\",\"name\":\"Comment\",\"target\":[\"https:\\\/\\\/lasentinelle.dz\\\/index.php\\\/2025\\\/07\\\/23\\\/premier-colloque-arabe-sur-la-langue-arabe-dans-les-medias-meziane-appelle-a-une-nouvelle-charte\\\/#respond\"]}]},{\"@type\":\"WebPage\",\"@id\":\"https:\\\/\\\/lasentinelle.dz\\\/index.php\\\/2025\\\/07\\\/23\\\/premier-colloque-arabe-sur-la-langue-arabe-dans-les-medias-meziane-appelle-a-une-nouvelle-charte\\\/\",\"url\":\"https:\\\/\\\/lasentinelle.dz\\\/index.php\\\/2025\\\/07\\\/23\\\/premier-colloque-arabe-sur-la-langue-arabe-dans-les-medias-meziane-appelle-a-une-nouvelle-charte\\\/\",\"name\":\"Premier Colloque arabe sur la langue arabe dans les m\u00e9dias\u00a0:\u00a0Meziane appelle \u00e0 une nouvelle charte\u00a0 - La Sentinelle\",\"isPartOf\":{\"@id\":\"https:\\\/\\\/lasentinelle.dz\\\/#website\"},\"primaryImageOfPage\":{\"@id\":\"https:\\\/\\\/lasentinelle.dz\\\/index.php\\\/2025\\\/07\\\/23\\\/premier-colloque-arabe-sur-la-langue-arabe-dans-les-medias-meziane-appelle-a-une-nouvelle-charte\\\/#primaryimage\"},\"image\":{\"@id\":\"https:\\\/\\\/lasentinelle.dz\\\/index.php\\\/2025\\\/07\\\/23\\\/premier-colloque-arabe-sur-la-langue-arabe-dans-les-medias-meziane-appelle-a-une-nouvelle-charte\\\/#primaryimage\"},\"thumbnailUrl\":\"https:\\\/\\\/lasentinelle.dz\\\/wp-content\\\/uploads\\\/2025\\\/07\\\/meziane.jpeg\",\"datePublished\":\"2025-07-23T11:46:05+00:00\",\"dateModified\":\"2025-07-23T11:46:06+00:00\",\"breadcrumb\":{\"@id\":\"https:\\\/\\\/lasentinelle.dz\\\/index.php\\\/2025\\\/07\\\/23\\\/premier-colloque-arabe-sur-la-langue-arabe-dans-les-medias-meziane-appelle-a-une-nouvelle-charte\\\/#breadcrumb\"},\"inLanguage\":\"fr-FR\",\"potentialAction\":[{\"@type\":\"ReadAction\",\"target\":[\"https:\\\/\\\/lasentinelle.dz\\\/index.php\\\/2025\\\/07\\\/23\\\/premier-colloque-arabe-sur-la-langue-arabe-dans-les-medias-meziane-appelle-a-une-nouvelle-charte\\\/\"]}]},{\"@type\":\"ImageObject\",\"inLanguage\":\"fr-FR\",\"@id\":\"https:\\\/\\\/lasentinelle.dz\\\/index.php\\\/2025\\\/07\\\/23\\\/premier-colloque-arabe-sur-la-langue-arabe-dans-les-medias-meziane-appelle-a-une-nouvelle-charte\\\/#primaryimage\",\"url\":\"https:\\\/\\\/lasentinelle.dz\\\/wp-content\\\/uploads\\\/2025\\\/07\\\/meziane.jpeg\",\"contentUrl\":\"https:\\\/\\\/lasentinelle.dz\\\/wp-content\\\/uploads\\\/2025\\\/07\\\/meziane.jpeg\",\"width\":900,\"height\":675},{\"@type\":\"BreadcrumbList\",\"@id\":\"https:\\\/\\\/lasentinelle.dz\\\/index.php\\\/2025\\\/07\\\/23\\\/premier-colloque-arabe-sur-la-langue-arabe-dans-les-medias-meziane-appelle-a-une-nouvelle-charte\\\/#breadcrumb\",\"itemListElement\":[{\"@type\":\"ListItem\",\"position\":1,\"name\":\"Accueil\",\"item\":\"https:\\\/\\\/lasentinelle.dz\\\/\"},{\"@type\":\"ListItem\",\"position\":2,\"name\":\"Premier Colloque arabe sur la langue arabe dans les m\u00e9dias\u00a0:\u00a0Meziane appelle \u00e0 une nouvelle charte\u00a0\"}]},{\"@type\":\"WebSite\",\"@id\":\"https:\\\/\\\/lasentinelle.dz\\\/#website\",\"url\":\"https:\\\/\\\/lasentinelle.dz\\\/\",\"name\":\"La Sentinelle\",\"description\":\"Quotidien national d&#039;information\",\"publisher\":{\"@id\":\"https:\\\/\\\/lasentinelle.dz\\\/#organization\"},\"potentialAction\":[{\"@type\":\"SearchAction\",\"target\":{\"@type\":\"EntryPoint\",\"urlTemplate\":\"https:\\\/\\\/lasentinelle.dz\\\/?s={search_term_string}\"},\"query-input\":{\"@type\":\"PropertyValueSpecification\",\"valueRequired\":true,\"valueName\":\"search_term_string\"}}],\"inLanguage\":\"fr-FR\"},{\"@type\":\"Organization\",\"@id\":\"https:\\\/\\\/lasentinelle.dz\\\/#organization\",\"name\":\"Quotidien La Sentinelle\",\"url\":\"https:\\\/\\\/lasentinelle.dz\\\/\",\"logo\":{\"@type\":\"ImageObject\",\"inLanguage\":\"fr-FR\",\"@id\":\"https:\\\/\\\/lasentinelle.dz\\\/#\\\/schema\\\/logo\\\/image\\\/\",\"url\":\"https:\\\/\\\/lasentinelle.dz\\\/wp-content\\\/uploads\\\/2021\\\/09\\\/logo-sentinelleSLOGAN-1.png\",\"contentUrl\":\"https:\\\/\\\/lasentinelle.dz\\\/wp-content\\\/uploads\\\/2021\\\/09\\\/logo-sentinelleSLOGAN-1.png\",\"width\":615,\"height\":142,\"caption\":\"Quotidien La Sentinelle\"},\"image\":{\"@id\":\"https:\\\/\\\/lasentinelle.dz\\\/#\\\/schema\\\/logo\\\/image\\\/\"},\"sameAs\":[\"https:\\\/\\\/www.facebook.com\\\/La-Sentinelle-104059864394773\"]},{\"@type\":\"Person\",\"@id\":\"https:\\\/\\\/lasentinelle.dz\\\/#\\\/schema\\\/person\\\/729ee0024f24e0b8c5ec17232f8e8b41\",\"name\":\"admin\",\"image\":{\"@type\":\"ImageObject\",\"inLanguage\":\"fr-FR\",\"@id\":\"https:\\\/\\\/secure.gravatar.com\\\/avatar\\\/4c81fed838786e9b53f540bf46533e750f5d292099ae3b66cfc6fb1982e29df7?s=96&d=mm&r=g\",\"url\":\"https:\\\/\\\/secure.gravatar.com\\\/avatar\\\/4c81fed838786e9b53f540bf46533e750f5d292099ae3b66cfc6fb1982e29df7?s=96&d=mm&r=g\",\"contentUrl\":\"https:\\\/\\\/secure.gravatar.com\\\/avatar\\\/4c81fed838786e9b53f540bf46533e750f5d292099ae3b66cfc6fb1982e29df7?s=96&d=mm&r=g\",\"caption\":\"admin\"},\"description\":\"admin\",\"url\":\"https:\\\/\\\/lasentinelle.dz\\\/author\\\/admin\\\/\"}]}<\/script>\n<!-- \/ Yoast SEO plugin. -->","yoast_head_json":{"title":"Premier Colloque arabe sur la langue arabe dans les m\u00e9dias\u00a0:\u00a0Meziane appelle \u00e0 une nouvelle charte\u00a0 - La Sentinelle","robots":{"index":"index","follow":"follow","max-snippet":"max-snippet:-1","max-image-preview":"max-image-preview:large","max-video-preview":"max-video-preview:-1"},"canonical":"https:\/\/lasentinelle.dz\/index.php\/2025\/07\/23\/premier-colloque-arabe-sur-la-langue-arabe-dans-les-medias-meziane-appelle-a-une-nouvelle-charte\/","og_locale":"fr_FR","og_type":"article","og_title":"Premier Colloque arabe sur la langue arabe dans les m\u00e9dias\u00a0:\u00a0Meziane appelle \u00e0 une nouvelle charte\u00a0 - La Sentinelle","og_description":"Le ministre de la Communication Mohamed Meziane a soulign\u00e9 mardi \u00e0 Alger que \u00ab l&rsquo;int\u00e9r\u00eat particulier accord\u00e9 par le pr\u00e9sident","og_url":"https:\/\/lasentinelle.dz\/index.php\/2025\/07\/23\/premier-colloque-arabe-sur-la-langue-arabe-dans-les-medias-meziane-appelle-a-une-nouvelle-charte\/","og_site_name":"La Sentinelle","article_publisher":"https:\/\/www.facebook.com\/La-Sentinelle-104059864394773","article_published_time":"2025-07-23T11:46:05+00:00","article_modified_time":"2025-07-23T11:46:06+00:00","og_image":[{"width":900,"height":675,"url":"https:\/\/lasentinelle.dz\/wp-content\/uploads\/2025\/07\/meziane.jpeg","type":"image\/jpeg"}],"author":"admin","twitter_card":"summary_large_image","twitter_misc":{"\u00c9crit par":"admin","Dur\u00e9e de lecture estim\u00e9e":"4 minutes"},"schema":{"@context":"https:\/\/schema.org","@graph":[{"@type":"Article","@id":"https:\/\/lasentinelle.dz\/index.php\/2025\/07\/23\/premier-colloque-arabe-sur-la-langue-arabe-dans-les-medias-meziane-appelle-a-une-nouvelle-charte\/#article","isPartOf":{"@id":"https:\/\/lasentinelle.dz\/index.php\/2025\/07\/23\/premier-colloque-arabe-sur-la-langue-arabe-dans-les-medias-meziane-appelle-a-une-nouvelle-charte\/"},"author":{"name":"admin","@id":"https:\/\/lasentinelle.dz\/#\/schema\/person\/729ee0024f24e0b8c5ec17232f8e8b41"},"headline":"Premier Colloque arabe sur la langue arabe dans les m\u00e9dias\u00a0:\u00a0Meziane appelle \u00e0 une nouvelle charte\u00a0","datePublished":"2025-07-23T11:46:05+00:00","dateModified":"2025-07-23T11:46:06+00:00","mainEntityOfPage":{"@id":"https:\/\/lasentinelle.dz\/index.php\/2025\/07\/23\/premier-colloque-arabe-sur-la-langue-arabe-dans-les-medias-meziane-appelle-a-une-nouvelle-charte\/"},"wordCount":788,"commentCount":0,"publisher":{"@id":"https:\/\/lasentinelle.dz\/#organization"},"image":{"@id":"https:\/\/lasentinelle.dz\/index.php\/2025\/07\/23\/premier-colloque-arabe-sur-la-langue-arabe-dans-les-medias-meziane-appelle-a-une-nouvelle-charte\/#primaryimage"},"thumbnailUrl":"https:\/\/lasentinelle.dz\/wp-content\/uploads\/2025\/07\/meziane.jpeg","articleSection":["Actualit\u00e9"],"inLanguage":"fr-FR","potentialAction":[{"@type":"CommentAction","name":"Comment","target":["https:\/\/lasentinelle.dz\/index.php\/2025\/07\/23\/premier-colloque-arabe-sur-la-langue-arabe-dans-les-medias-meziane-appelle-a-une-nouvelle-charte\/#respond"]}]},{"@type":"WebPage","@id":"https:\/\/lasentinelle.dz\/index.php\/2025\/07\/23\/premier-colloque-arabe-sur-la-langue-arabe-dans-les-medias-meziane-appelle-a-une-nouvelle-charte\/","url":"https:\/\/lasentinelle.dz\/index.php\/2025\/07\/23\/premier-colloque-arabe-sur-la-langue-arabe-dans-les-medias-meziane-appelle-a-une-nouvelle-charte\/","name":"Premier Colloque arabe sur la langue arabe dans les m\u00e9dias\u00a0:\u00a0Meziane appelle \u00e0 une nouvelle charte\u00a0 - La Sentinelle","isPartOf":{"@id":"https:\/\/lasentinelle.dz\/#website"},"primaryImageOfPage":{"@id":"https:\/\/lasentinelle.dz\/index.php\/2025\/07\/23\/premier-colloque-arabe-sur-la-langue-arabe-dans-les-medias-meziane-appelle-a-une-nouvelle-charte\/#primaryimage"},"image":{"@id":"https:\/\/lasentinelle.dz\/index.php\/2025\/07\/23\/premier-colloque-arabe-sur-la-langue-arabe-dans-les-medias-meziane-appelle-a-une-nouvelle-charte\/#primaryimage"},"thumbnailUrl":"https:\/\/lasentinelle.dz\/wp-content\/uploads\/2025\/07\/meziane.jpeg","datePublished":"2025-07-23T11:46:05+00:00","dateModified":"2025-07-23T11:46:06+00:00","breadcrumb":{"@id":"https:\/\/lasentinelle.dz\/index.php\/2025\/07\/23\/premier-colloque-arabe-sur-la-langue-arabe-dans-les-medias-meziane-appelle-a-une-nouvelle-charte\/#breadcrumb"},"inLanguage":"fr-FR","potentialAction":[{"@type":"ReadAction","target":["https:\/\/lasentinelle.dz\/index.php\/2025\/07\/23\/premier-colloque-arabe-sur-la-langue-arabe-dans-les-medias-meziane-appelle-a-une-nouvelle-charte\/"]}]},{"@type":"ImageObject","inLanguage":"fr-FR","@id":"https:\/\/lasentinelle.dz\/index.php\/2025\/07\/23\/premier-colloque-arabe-sur-la-langue-arabe-dans-les-medias-meziane-appelle-a-une-nouvelle-charte\/#primaryimage","url":"https:\/\/lasentinelle.dz\/wp-content\/uploads\/2025\/07\/meziane.jpeg","contentUrl":"https:\/\/lasentinelle.dz\/wp-content\/uploads\/2025\/07\/meziane.jpeg","width":900,"height":675},{"@type":"BreadcrumbList","@id":"https:\/\/lasentinelle.dz\/index.php\/2025\/07\/23\/premier-colloque-arabe-sur-la-langue-arabe-dans-les-medias-meziane-appelle-a-une-nouvelle-charte\/#breadcrumb","itemListElement":[{"@type":"ListItem","position":1,"name":"Accueil","item":"https:\/\/lasentinelle.dz\/"},{"@type":"ListItem","position":2,"name":"Premier Colloque arabe sur la langue arabe dans les m\u00e9dias\u00a0:\u00a0Meziane appelle \u00e0 une nouvelle charte\u00a0"}]},{"@type":"WebSite","@id":"https:\/\/lasentinelle.dz\/#website","url":"https:\/\/lasentinelle.dz\/","name":"La Sentinelle","description":"Quotidien national d&#039;information","publisher":{"@id":"https:\/\/lasentinelle.dz\/#organization"},"potentialAction":[{"@type":"SearchAction","target":{"@type":"EntryPoint","urlTemplate":"https:\/\/lasentinelle.dz\/?s={search_term_string}"},"query-input":{"@type":"PropertyValueSpecification","valueRequired":true,"valueName":"search_term_string"}}],"inLanguage":"fr-FR"},{"@type":"Organization","@id":"https:\/\/lasentinelle.dz\/#organization","name":"Quotidien La Sentinelle","url":"https:\/\/lasentinelle.dz\/","logo":{"@type":"ImageObject","inLanguage":"fr-FR","@id":"https:\/\/lasentinelle.dz\/#\/schema\/logo\/image\/","url":"https:\/\/lasentinelle.dz\/wp-content\/uploads\/2021\/09\/logo-sentinelleSLOGAN-1.png","contentUrl":"https:\/\/lasentinelle.dz\/wp-content\/uploads\/2021\/09\/logo-sentinelleSLOGAN-1.png","width":615,"height":142,"caption":"Quotidien La Sentinelle"},"image":{"@id":"https:\/\/lasentinelle.dz\/#\/schema\/logo\/image\/"},"sameAs":["https:\/\/www.facebook.com\/La-Sentinelle-104059864394773"]},{"@type":"Person","@id":"https:\/\/lasentinelle.dz\/#\/schema\/person\/729ee0024f24e0b8c5ec17232f8e8b41","name":"admin","image":{"@type":"ImageObject","inLanguage":"fr-FR","@id":"https:\/\/secure.gravatar.com\/avatar\/4c81fed838786e9b53f540bf46533e750f5d292099ae3b66cfc6fb1982e29df7?s=96&d=mm&r=g","url":"https:\/\/secure.gravatar.com\/avatar\/4c81fed838786e9b53f540bf46533e750f5d292099ae3b66cfc6fb1982e29df7?s=96&d=mm&r=g","contentUrl":"https:\/\/secure.gravatar.com\/avatar\/4c81fed838786e9b53f540bf46533e750f5d292099ae3b66cfc6fb1982e29df7?s=96&d=mm&r=g","caption":"admin"},"description":"admin","url":"https:\/\/lasentinelle.dz\/author\/admin\/"}]}},"_links":{"self":[{"href":"https:\/\/lasentinelle.dz\/index.php\/wp-json\/wp\/v2\/posts\/70825","targetHints":{"allow":["GET"]}}],"collection":[{"href":"https:\/\/lasentinelle.dz\/index.php\/wp-json\/wp\/v2\/posts"}],"about":[{"href":"https:\/\/lasentinelle.dz\/index.php\/wp-json\/wp\/v2\/types\/post"}],"author":[{"embeddable":true,"href":"https:\/\/lasentinelle.dz\/index.php\/wp-json\/wp\/v2\/users\/6"}],"replies":[{"embeddable":true,"href":"https:\/\/lasentinelle.dz\/index.php\/wp-json\/wp\/v2\/comments?post=70825"}],"version-history":[{"count":1,"href":"https:\/\/lasentinelle.dz\/index.php\/wp-json\/wp\/v2\/posts\/70825\/revisions"}],"predecessor-version":[{"id":70827,"href":"https:\/\/lasentinelle.dz\/index.php\/wp-json\/wp\/v2\/posts\/70825\/revisions\/70827"}],"wp:featuredmedia":[{"embeddable":true,"href":"https:\/\/lasentinelle.dz\/index.php\/wp-json\/wp\/v2\/media\/70826"}],"wp:attachment":[{"href":"https:\/\/lasentinelle.dz\/index.php\/wp-json\/wp\/v2\/media?parent=70825"}],"wp:term":[{"taxonomy":"category","embeddable":true,"href":"https:\/\/lasentinelle.dz\/index.php\/wp-json\/wp\/v2\/categories?post=70825"},{"taxonomy":"post_tag","embeddable":true,"href":"https:\/\/lasentinelle.dz\/index.php\/wp-json\/wp\/v2\/tags?post=70825"}],"curies":[{"name":"wp","href":"https:\/\/api.w.org\/{rel}","templated":true}]}}