{"id":70828,"date":"2025-07-23T12:46:41","date_gmt":"2025-07-23T11:46:41","guid":{"rendered":"https:\/\/lasentinelle.dz\/?p=70828"},"modified":"2025-07-23T12:46:43","modified_gmt":"2025-07-23T11:46:43","slug":"nasri-denonce-les-tentatives-de-ternir-limage-de-lalgerie","status":"publish","type":"post","link":"https:\/\/lasentinelle.dz\/index.php\/2025\/07\/23\/nasri-denonce-les-tentatives-de-ternir-limage-de-lalgerie\/","title":{"rendered":"Nasri d\u00e9nonce les tentatives de ternir l&rsquo;image de l&rsquo;Alg\u00e9rie"},"content":{"rendered":"\n<p><strong>Le pr\u00e9sident du Conseil de la Nation a d\u00e9nonc\u00e9&nbsp;<\/strong>\u00ab les tentatives de certaines parties \u00e9trang\u00e8res de ternir l&rsquo;image de l&rsquo;Alg\u00e9rie et de minimiser l&rsquo;importance des r\u00e9formes en cours dans le domaine de la justice et de la lutte contre la corruption \u00bb.<\/p>\n\n\n\n<p>Le ministre de la Justice Lotfi Boudjemaa a salu\u00e9 mardi l&rsquo;adoption par le Conseil de la nation de deux textes l\u00e9gislatifs majeurs destin\u00e9s \u00e0 renforcer l&rsquo;arsenal juridique alg\u00e9rien face aux menaces contemporaines, qualifiant ces adoptions d&rsquo;\u00ab achievement l\u00e9gislatif \u00bb qui concr\u00e9tise la vision du pr\u00e9sident de la R\u00e9publique Abdelmadjid Tebboune en mati\u00e8re de protection citoyenne et de lutte contre la criminalit\u00e9 organis\u00e9e.&nbsp;Lors d&rsquo;une s\u00e9ance pl\u00e9ni\u00e8re pr\u00e9sid\u00e9e par Azouz Nasri au si\u00e8ge du Conseil de la nation, les parlementaires ont adopt\u00e9 massivement deux projets de loi strat\u00e9giques : le premier relatif \u00e0 la protection des personnes physiques dans le traitement des donn\u00e9es \u00e0 caract\u00e8re personnel (144 voix sur 128 membres pr\u00e9sents et 16 procurations), et le second concernant la pr\u00e9vention et la lutte contre le blanchiment d&rsquo;argent et le financement du terrorisme (145 voix sur 129 membres pr\u00e9sents et 16 procurations).&nbsp;\u00ab Cette adoption par le Conseil de la nation du premier texte de loi constitue une concr\u00e9tisation effective de la d\u00e9marche du pr\u00e9sident de la R\u00e9publique Abdelmadjid Tebboune pour prot\u00e9ger le citoyen, sa s\u00e9curit\u00e9 et renforcer sa dignit\u00e9 \u00bb, a d\u00e9clar\u00e9 le ministre de la Justice, soulignant que ce texte \u00ab \u00e9tablit un cadre juridique int\u00e9gr\u00e9 conforme aux standards internationaux, particuli\u00e8rement dans le domaine des droits de l&rsquo;homme \u00bb. Boudjemaa a pr\u00e9cis\u00e9 que cette loi \u00ab comble un vide juridique dans le domaine du traitement automatis\u00e9 des donn\u00e9es et d\u00e9finit les principes, les r\u00e8gles et les droits li\u00e9s \u00e0 la collecte et \u00e0 l&rsquo;utilisation de ces donn\u00e9es \u00bb.<\/p>\n\n\n\n<p>Concernant le second texte l\u00e9gislatif, le garde des Sceaux a affirm\u00e9 qu&rsquo;il \u00ab renforcera les m\u00e9canismes nationaux relatifs \u00e0 la pr\u00e9vention du blanchiment d&rsquo;argent, du financement du terrorisme et du financement de la prolif\u00e9ration des armes de destruction massive \u00bb. Cette loi, selon lui, permettra \u00ab d&rsquo;am\u00e9liorer la coordination entre les diff\u00e9rents acteurs et d&rsquo;accompagner les \u00e9volutions nationales et internationales dans ce domaine, tout en garantissant l&rsquo;efficacit\u00e9 de notre syst\u00e8me financier \u00bb.&nbsp;Le ministre&nbsp;de la Justice&nbsp;a soulign\u00e9 que cette l\u00e9gislation \u00ab contribuera sans aucun doute \u00e0 renforcer l&rsquo;image de l&rsquo;Alg\u00e9rie sur la sc\u00e8ne internationale comme un \u00c9tat engag\u00e9 dans la lutte contre la criminalit\u00e9 financi\u00e8re conform\u00e9ment aux standards internationaux en vigueur, tout en constituant un m\u00e9canisme de protection du syst\u00e8me financier contre cette criminalit\u00e9 \u00bb.<\/p>\n\n\n\n<p>De son c\u00f4t\u00e9, le pr\u00e9sident du Conseil de la nation Azouz Nasri a mis l&rsquo;accent sur la dimension g\u00e9ostrat\u00e9gique de ces adoptions. \u00ab L&rsquo;adoption des amendements et compl\u00e9ments au texte de loi sur la pr\u00e9vention du blanchiment d&rsquo;argent et du financement du terrorisme refl\u00e8te la d\u00e9termination de l&rsquo;\u00c9tat \u00e0 fortifier ses institutions et \u00e0 renforcer le mur de protection nationale \u00bb, a-t-il d\u00e9clar\u00e9, d\u00e9non\u00e7ant \u00ab les tentatives de certaines parties \u00e9trang\u00e8res de ternir l&rsquo;image de l&rsquo;Alg\u00e9rie et de minimiser l&rsquo;importance des r\u00e9formes en cours dans le domaine de la justice et de la lutte contre la corruption \u00bb&nbsp;en r\u00e9f\u00e9rence \u00e0 la d\u00e9cision r\u00e9cente de Bruxelles de class\u00e9 l&rsquo;Alg\u00e9rie dans la liste des pays \u00e0 risque en mati\u00e8re de blanchiment d&rsquo;argent dans une tentative de faire pressions sur l&rsquo;Alg\u00e9rie.<\/p>\n\n\n\n<p>Nasri a r\u00e9affirm\u00e9 que \u00ab l&rsquo;Alg\u00e9rie, sous la direction du pr\u00e9sident Abdelmadjid Tebboune, poursuit avec fermet\u00e9 sa lutte contre le financement du terrorisme et le tarissement de ses sources \u00bb, ajoutant que \u00ab toutes les tentatives d&rsquo;ing\u00e9rence ext\u00e9rieure ou de sape de la souverainet\u00e9 nationale seront rejet\u00e9es et n&rsquo;affecteront ni la stabilit\u00e9 du pays ni son unit\u00e9 \u00bb.<\/p>\n\n\n\n<p>Le rapporteur de la commission des affaires juridiques Dahan Ameri a pr\u00e9sent\u00e9 les rapports compl\u00e9mentaires sur les deux textes, soulignant que le premier \u00ab consacre l\u00e9gitimement la d\u00e9marche du pr\u00e9sident de la R\u00e9publique et sa d\u00e9termination \u00e0 mettre en place les m\u00e9canismes juridiques capables de prot\u00e9ger le pays contre les diff\u00e9rentes formes de criminalit\u00e9 organis\u00e9e \u00bb. La commission a formul\u00e9 plusieurs recommandations, notamment la n\u00e9cessit\u00e9 d&rsquo;accompagner ce texte d&rsquo;un programme de sensibilisation et de formation complet, la d\u00e9signation de responsables de protection des donn\u00e9es au sein des institutions, et la cr\u00e9ation d&rsquo;un registre national des traitements num\u00e9riques.<\/p>\n\n\n\n<p>Pour le second texte, la commission a estim\u00e9 qu&rsquo;il \u00ab s&rsquo;inscrit dans la concr\u00e9tisation des instructions du pr\u00e9sident de la R\u00e9publique visant \u00e0 moderniser le cadre juridique en conformit\u00e9 avec les engagements internationaux et l&rsquo;\u00e9volution des m\u00e9thodes criminelles \u00bb. Les recommandations incluent l&rsquo;\u00e9valuation p\u00e9riodique des performances, la cr\u00e9ation d&rsquo;une base de donn\u00e9es nationale partag\u00e9e, le renforcement de la formation et de la coordination s\u00e9curitaire et judiciaire.&nbsp;Ces adoptions s&rsquo;inscrivent dans la continuit\u00e9 des r\u00e9formes institutionnelles engag\u00e9es par l&rsquo;Alg\u00e9rie, visant \u00e0 adapter l&rsquo;arsenal juridique national aux d\u00e9fis contemporains de la criminalit\u00e9 transnationale et de la protection des donn\u00e9es personnelles dans l&rsquo;\u00e8re num\u00e9rique.<\/p>\n\n\n\n<p>Hocine Fadheli<\/p>\n\n\n\n<p><strong>Conseil de la nation&nbsp;<\/strong><\/p>\n\n\n\n<p><strong>Cl\u00f4ture jeudi prochain de la session parlementaire ordinaire&nbsp;<\/strong><\/p>\n\n\n\n<p>Le Conseil de la nation cl\u00f4turera, jeudi prochain, sa session parlementaire ordinaire 2024-2025, indique mardi un communiqu\u00e9 de la chambre haute du Parlement. \u00ab\u00a0Conform\u00e9ment aux dispositions de l&rsquo;article 138 (alin\u00e9as 1 et 2) de la Constitution et de l&rsquo;article 5 de la loi organique 16-12 fixant l&rsquo;organisation et le fonctionnement de l&rsquo;Assembl\u00e9e populaire nationale et du Conseil de la nation, ainsi que les relations fonctionnelles entre les chambres du Parlement et le Gouvernement, modifi\u00e9e et compl\u00e9t\u00e9e, le Conseil de la nation cl\u00f4turera sa session parlementaire ordinaire 2024-2025, jeudi 24 juillet 2025 \u00e0 9h00\u00a0\u00bb, pr\u00e9cise la m\u00eame source.<\/p>\n\n\n\n<p>APS<\/p>\n","protected":false},"excerpt":{"rendered":"<p>Le pr\u00e9sident du Conseil de la Nation a d\u00e9nonc\u00e9&nbsp;\u00ab les tentatives de certaines parties \u00e9trang\u00e8res de ternir l&rsquo;image de l&rsquo;Alg\u00e9rie<\/p>\n","protected":false},"author":6,"featured_media":70829,"comment_status":"open","ping_status":"closed","sticky":false,"template":"","format":"standard","meta":{"colormag_page_container_layout":"default_layout","colormag_page_sidebar_layout":"default_layout","om_disable_all_campaigns":false,"_monsterinsights_skip_tracking":false,"_monsterinsights_sitenote_active":false,"_monsterinsights_sitenote_note":"","_monsterinsights_sitenote_category":0,"footnotes":"","_wpscppro_dont_share_socialmedia":false,"_wpscppro_custom_social_share_image":0,"_facebook_share_type":"default","_twitter_share_type":"default","_linkedin_share_type":"default","_pinterest_share_type":"default","_linkedin_share_type_page":"","_instagram_share_type":"default","_medium_share_type":"default","_threads_share_type":"","_google_business_share_type":"","_selected_social_profile":[],"_wpsp_enable_custom_social_template":false,"_wpsp_social_scheduling":{"enabled":false,"datetime":null,"platforms":[],"status":"template_only","dateOption":"today","timeOption":"now","customDays":"","customHours":"","customDate":"","customTime":"","schedulingType":"absolute"},"_wpsp_active_default_template":true},"categories":[52,27],"tags":[],"class_list":["post-70828","post","type-post","status-publish","format-standard","has-post-thumbnail","hentry","category-a-la-une","category-actualite"],"aioseo_notices":[],"yoast_head":"<!-- This site is optimized with the Yoast SEO plugin v27.5 - https:\/\/yoast.com\/product\/yoast-seo-wordpress\/ -->\n<title>Nasri d\u00e9nonce les tentatives de ternir l&rsquo;image de l&rsquo;Alg\u00e9rie - La Sentinelle<\/title>\n<meta name=\"robots\" content=\"index, follow, max-snippet:-1, max-image-preview:large, max-video-preview:-1\" \/>\n<link rel=\"canonical\" href=\"https:\/\/lasentinelle.dz\/index.php\/2025\/07\/23\/nasri-denonce-les-tentatives-de-ternir-limage-de-lalgerie\/\" \/>\n<meta property=\"og:locale\" content=\"fr_FR\" \/>\n<meta property=\"og:type\" content=\"article\" \/>\n<meta property=\"og:title\" content=\"Nasri d\u00e9nonce les tentatives de ternir l&rsquo;image de l&rsquo;Alg\u00e9rie - La Sentinelle\" \/>\n<meta property=\"og:description\" content=\"Le pr\u00e9sident du Conseil de la Nation a d\u00e9nonc\u00e9&nbsp;\u00ab les tentatives de certaines parties \u00e9trang\u00e8res de ternir l&rsquo;image de l&rsquo;Alg\u00e9rie\" \/>\n<meta property=\"og:url\" content=\"https:\/\/lasentinelle.dz\/index.php\/2025\/07\/23\/nasri-denonce-les-tentatives-de-ternir-limage-de-lalgerie\/\" \/>\n<meta property=\"og:site_name\" content=\"La Sentinelle\" \/>\n<meta property=\"article:publisher\" content=\"https:\/\/www.facebook.com\/La-Sentinelle-104059864394773\" \/>\n<meta property=\"article:published_time\" content=\"2025-07-23T11:46:41+00:00\" \/>\n<meta property=\"article:modified_time\" content=\"2025-07-23T11:46:43+00:00\" \/>\n<meta property=\"og:image\" content=\"https:\/\/lasentinelle.dz\/wp-content\/uploads\/2025\/07\/Nasri.jpg\" \/>\n\t<meta property=\"og:image:width\" content=\"2048\" \/>\n\t<meta property=\"og:image:height\" content=\"1365\" \/>\n\t<meta property=\"og:image:type\" content=\"image\/jpeg\" \/>\n<meta name=\"author\" content=\"admin\" \/>\n<meta name=\"twitter:card\" content=\"summary_large_image\" \/>\n<meta name=\"twitter:label1\" content=\"\u00c9crit par\" \/>\n\t<meta name=\"twitter:data1\" content=\"admin\" \/>\n\t<meta name=\"twitter:label2\" content=\"Dur\u00e9e de lecture estim\u00e9e\" \/>\n\t<meta name=\"twitter:data2\" content=\"5 minutes\" \/>\n<script type=\"application\/ld+json\" class=\"yoast-schema-graph\">{\"@context\":\"https:\\\/\\\/schema.org\",\"@graph\":[{\"@type\":\"Article\",\"@id\":\"https:\\\/\\\/lasentinelle.dz\\\/index.php\\\/2025\\\/07\\\/23\\\/nasri-denonce-les-tentatives-de-ternir-limage-de-lalgerie\\\/#article\",\"isPartOf\":{\"@id\":\"https:\\\/\\\/lasentinelle.dz\\\/index.php\\\/2025\\\/07\\\/23\\\/nasri-denonce-les-tentatives-de-ternir-limage-de-lalgerie\\\/\"},\"author\":{\"name\":\"admin\",\"@id\":\"https:\\\/\\\/lasentinelle.dz\\\/#\\\/schema\\\/person\\\/729ee0024f24e0b8c5ec17232f8e8b41\"},\"headline\":\"Nasri d\u00e9nonce les tentatives de ternir l&rsquo;image de l&rsquo;Alg\u00e9rie\",\"datePublished\":\"2025-07-23T11:46:41+00:00\",\"dateModified\":\"2025-07-23T11:46:43+00:00\",\"mainEntityOfPage\":{\"@id\":\"https:\\\/\\\/lasentinelle.dz\\\/index.php\\\/2025\\\/07\\\/23\\\/nasri-denonce-les-tentatives-de-ternir-limage-de-lalgerie\\\/\"},\"wordCount\":1055,\"commentCount\":0,\"publisher\":{\"@id\":\"https:\\\/\\\/lasentinelle.dz\\\/#organization\"},\"image\":{\"@id\":\"https:\\\/\\\/lasentinelle.dz\\\/index.php\\\/2025\\\/07\\\/23\\\/nasri-denonce-les-tentatives-de-ternir-limage-de-lalgerie\\\/#primaryimage\"},\"thumbnailUrl\":\"https:\\\/\\\/lasentinelle.dz\\\/wp-content\\\/uploads\\\/2025\\\/07\\\/Nasri.jpg\",\"articleSection\":[\"\u00c0 la Une\",\"Actualit\u00e9\"],\"inLanguage\":\"fr-FR\",\"potentialAction\":[{\"@type\":\"CommentAction\",\"name\":\"Comment\",\"target\":[\"https:\\\/\\\/lasentinelle.dz\\\/index.php\\\/2025\\\/07\\\/23\\\/nasri-denonce-les-tentatives-de-ternir-limage-de-lalgerie\\\/#respond\"]}]},{\"@type\":\"WebPage\",\"@id\":\"https:\\\/\\\/lasentinelle.dz\\\/index.php\\\/2025\\\/07\\\/23\\\/nasri-denonce-les-tentatives-de-ternir-limage-de-lalgerie\\\/\",\"url\":\"https:\\\/\\\/lasentinelle.dz\\\/index.php\\\/2025\\\/07\\\/23\\\/nasri-denonce-les-tentatives-de-ternir-limage-de-lalgerie\\\/\",\"name\":\"Nasri d\u00e9nonce les tentatives de ternir l&rsquo;image de l&rsquo;Alg\u00e9rie - La Sentinelle\",\"isPartOf\":{\"@id\":\"https:\\\/\\\/lasentinelle.dz\\\/#website\"},\"primaryImageOfPage\":{\"@id\":\"https:\\\/\\\/lasentinelle.dz\\\/index.php\\\/2025\\\/07\\\/23\\\/nasri-denonce-les-tentatives-de-ternir-limage-de-lalgerie\\\/#primaryimage\"},\"image\":{\"@id\":\"https:\\\/\\\/lasentinelle.dz\\\/index.php\\\/2025\\\/07\\\/23\\\/nasri-denonce-les-tentatives-de-ternir-limage-de-lalgerie\\\/#primaryimage\"},\"thumbnailUrl\":\"https:\\\/\\\/lasentinelle.dz\\\/wp-content\\\/uploads\\\/2025\\\/07\\\/Nasri.jpg\",\"datePublished\":\"2025-07-23T11:46:41+00:00\",\"dateModified\":\"2025-07-23T11:46:43+00:00\",\"breadcrumb\":{\"@id\":\"https:\\\/\\\/lasentinelle.dz\\\/index.php\\\/2025\\\/07\\\/23\\\/nasri-denonce-les-tentatives-de-ternir-limage-de-lalgerie\\\/#breadcrumb\"},\"inLanguage\":\"fr-FR\",\"potentialAction\":[{\"@type\":\"ReadAction\",\"target\":[\"https:\\\/\\\/lasentinelle.dz\\\/index.php\\\/2025\\\/07\\\/23\\\/nasri-denonce-les-tentatives-de-ternir-limage-de-lalgerie\\\/\"]}]},{\"@type\":\"ImageObject\",\"inLanguage\":\"fr-FR\",\"@id\":\"https:\\\/\\\/lasentinelle.dz\\\/index.php\\\/2025\\\/07\\\/23\\\/nasri-denonce-les-tentatives-de-ternir-limage-de-lalgerie\\\/#primaryimage\",\"url\":\"https:\\\/\\\/lasentinelle.dz\\\/wp-content\\\/uploads\\\/2025\\\/07\\\/Nasri.jpg\",\"contentUrl\":\"https:\\\/\\\/lasentinelle.dz\\\/wp-content\\\/uploads\\\/2025\\\/07\\\/Nasri.jpg\",\"width\":2048,\"height\":1365},{\"@type\":\"BreadcrumbList\",\"@id\":\"https:\\\/\\\/lasentinelle.dz\\\/index.php\\\/2025\\\/07\\\/23\\\/nasri-denonce-les-tentatives-de-ternir-limage-de-lalgerie\\\/#breadcrumb\",\"itemListElement\":[{\"@type\":\"ListItem\",\"position\":1,\"name\":\"Accueil\",\"item\":\"https:\\\/\\\/lasentinelle.dz\\\/\"},{\"@type\":\"ListItem\",\"position\":2,\"name\":\"Nasri d\u00e9nonce les tentatives de ternir l&rsquo;image de l&rsquo;Alg\u00e9rie\"}]},{\"@type\":\"WebSite\",\"@id\":\"https:\\\/\\\/lasentinelle.dz\\\/#website\",\"url\":\"https:\\\/\\\/lasentinelle.dz\\\/\",\"name\":\"La Sentinelle\",\"description\":\"Quotidien national d&#039;information\",\"publisher\":{\"@id\":\"https:\\\/\\\/lasentinelle.dz\\\/#organization\"},\"potentialAction\":[{\"@type\":\"SearchAction\",\"target\":{\"@type\":\"EntryPoint\",\"urlTemplate\":\"https:\\\/\\\/lasentinelle.dz\\\/?s={search_term_string}\"},\"query-input\":{\"@type\":\"PropertyValueSpecification\",\"valueRequired\":true,\"valueName\":\"search_term_string\"}}],\"inLanguage\":\"fr-FR\"},{\"@type\":\"Organization\",\"@id\":\"https:\\\/\\\/lasentinelle.dz\\\/#organization\",\"name\":\"Quotidien La Sentinelle\",\"url\":\"https:\\\/\\\/lasentinelle.dz\\\/\",\"logo\":{\"@type\":\"ImageObject\",\"inLanguage\":\"fr-FR\",\"@id\":\"https:\\\/\\\/lasentinelle.dz\\\/#\\\/schema\\\/logo\\\/image\\\/\",\"url\":\"https:\\\/\\\/lasentinelle.dz\\\/wp-content\\\/uploads\\\/2021\\\/09\\\/logo-sentinelleSLOGAN-1.png\",\"contentUrl\":\"https:\\\/\\\/lasentinelle.dz\\\/wp-content\\\/uploads\\\/2021\\\/09\\\/logo-sentinelleSLOGAN-1.png\",\"width\":615,\"height\":142,\"caption\":\"Quotidien La Sentinelle\"},\"image\":{\"@id\":\"https:\\\/\\\/lasentinelle.dz\\\/#\\\/schema\\\/logo\\\/image\\\/\"},\"sameAs\":[\"https:\\\/\\\/www.facebook.com\\\/La-Sentinelle-104059864394773\"]},{\"@type\":\"Person\",\"@id\":\"https:\\\/\\\/lasentinelle.dz\\\/#\\\/schema\\\/person\\\/729ee0024f24e0b8c5ec17232f8e8b41\",\"name\":\"admin\",\"image\":{\"@type\":\"ImageObject\",\"inLanguage\":\"fr-FR\",\"@id\":\"https:\\\/\\\/secure.gravatar.com\\\/avatar\\\/4c81fed838786e9b53f540bf46533e750f5d292099ae3b66cfc6fb1982e29df7?s=96&d=mm&r=g\",\"url\":\"https:\\\/\\\/secure.gravatar.com\\\/avatar\\\/4c81fed838786e9b53f540bf46533e750f5d292099ae3b66cfc6fb1982e29df7?s=96&d=mm&r=g\",\"contentUrl\":\"https:\\\/\\\/secure.gravatar.com\\\/avatar\\\/4c81fed838786e9b53f540bf46533e750f5d292099ae3b66cfc6fb1982e29df7?s=96&d=mm&r=g\",\"caption\":\"admin\"},\"description\":\"admin\",\"url\":\"https:\\\/\\\/lasentinelle.dz\\\/author\\\/admin\\\/\"}]}<\/script>\n<!-- \/ Yoast SEO plugin. -->","yoast_head_json":{"title":"Nasri d\u00e9nonce les tentatives de ternir l&rsquo;image de l&rsquo;Alg\u00e9rie - La Sentinelle","robots":{"index":"index","follow":"follow","max-snippet":"max-snippet:-1","max-image-preview":"max-image-preview:large","max-video-preview":"max-video-preview:-1"},"canonical":"https:\/\/lasentinelle.dz\/index.php\/2025\/07\/23\/nasri-denonce-les-tentatives-de-ternir-limage-de-lalgerie\/","og_locale":"fr_FR","og_type":"article","og_title":"Nasri d\u00e9nonce les tentatives de ternir l&rsquo;image de l&rsquo;Alg\u00e9rie - La Sentinelle","og_description":"Le pr\u00e9sident du Conseil de la Nation a d\u00e9nonc\u00e9&nbsp;\u00ab les tentatives de certaines parties \u00e9trang\u00e8res de ternir l&rsquo;image de l&rsquo;Alg\u00e9rie","og_url":"https:\/\/lasentinelle.dz\/index.php\/2025\/07\/23\/nasri-denonce-les-tentatives-de-ternir-limage-de-lalgerie\/","og_site_name":"La Sentinelle","article_publisher":"https:\/\/www.facebook.com\/La-Sentinelle-104059864394773","article_published_time":"2025-07-23T11:46:41+00:00","article_modified_time":"2025-07-23T11:46:43+00:00","og_image":[{"width":2048,"height":1365,"url":"https:\/\/lasentinelle.dz\/wp-content\/uploads\/2025\/07\/Nasri.jpg","type":"image\/jpeg"}],"author":"admin","twitter_card":"summary_large_image","twitter_misc":{"\u00c9crit par":"admin","Dur\u00e9e de lecture estim\u00e9e":"5 minutes"},"schema":{"@context":"https:\/\/schema.org","@graph":[{"@type":"Article","@id":"https:\/\/lasentinelle.dz\/index.php\/2025\/07\/23\/nasri-denonce-les-tentatives-de-ternir-limage-de-lalgerie\/#article","isPartOf":{"@id":"https:\/\/lasentinelle.dz\/index.php\/2025\/07\/23\/nasri-denonce-les-tentatives-de-ternir-limage-de-lalgerie\/"},"author":{"name":"admin","@id":"https:\/\/lasentinelle.dz\/#\/schema\/person\/729ee0024f24e0b8c5ec17232f8e8b41"},"headline":"Nasri d\u00e9nonce les tentatives de ternir l&rsquo;image de l&rsquo;Alg\u00e9rie","datePublished":"2025-07-23T11:46:41+00:00","dateModified":"2025-07-23T11:46:43+00:00","mainEntityOfPage":{"@id":"https:\/\/lasentinelle.dz\/index.php\/2025\/07\/23\/nasri-denonce-les-tentatives-de-ternir-limage-de-lalgerie\/"},"wordCount":1055,"commentCount":0,"publisher":{"@id":"https:\/\/lasentinelle.dz\/#organization"},"image":{"@id":"https:\/\/lasentinelle.dz\/index.php\/2025\/07\/23\/nasri-denonce-les-tentatives-de-ternir-limage-de-lalgerie\/#primaryimage"},"thumbnailUrl":"https:\/\/lasentinelle.dz\/wp-content\/uploads\/2025\/07\/Nasri.jpg","articleSection":["\u00c0 la Une","Actualit\u00e9"],"inLanguage":"fr-FR","potentialAction":[{"@type":"CommentAction","name":"Comment","target":["https:\/\/lasentinelle.dz\/index.php\/2025\/07\/23\/nasri-denonce-les-tentatives-de-ternir-limage-de-lalgerie\/#respond"]}]},{"@type":"WebPage","@id":"https:\/\/lasentinelle.dz\/index.php\/2025\/07\/23\/nasri-denonce-les-tentatives-de-ternir-limage-de-lalgerie\/","url":"https:\/\/lasentinelle.dz\/index.php\/2025\/07\/23\/nasri-denonce-les-tentatives-de-ternir-limage-de-lalgerie\/","name":"Nasri d\u00e9nonce les tentatives de ternir l&rsquo;image de l&rsquo;Alg\u00e9rie - La Sentinelle","isPartOf":{"@id":"https:\/\/lasentinelle.dz\/#website"},"primaryImageOfPage":{"@id":"https:\/\/lasentinelle.dz\/index.php\/2025\/07\/23\/nasri-denonce-les-tentatives-de-ternir-limage-de-lalgerie\/#primaryimage"},"image":{"@id":"https:\/\/lasentinelle.dz\/index.php\/2025\/07\/23\/nasri-denonce-les-tentatives-de-ternir-limage-de-lalgerie\/#primaryimage"},"thumbnailUrl":"https:\/\/lasentinelle.dz\/wp-content\/uploads\/2025\/07\/Nasri.jpg","datePublished":"2025-07-23T11:46:41+00:00","dateModified":"2025-07-23T11:46:43+00:00","breadcrumb":{"@id":"https:\/\/lasentinelle.dz\/index.php\/2025\/07\/23\/nasri-denonce-les-tentatives-de-ternir-limage-de-lalgerie\/#breadcrumb"},"inLanguage":"fr-FR","potentialAction":[{"@type":"ReadAction","target":["https:\/\/lasentinelle.dz\/index.php\/2025\/07\/23\/nasri-denonce-les-tentatives-de-ternir-limage-de-lalgerie\/"]}]},{"@type":"ImageObject","inLanguage":"fr-FR","@id":"https:\/\/lasentinelle.dz\/index.php\/2025\/07\/23\/nasri-denonce-les-tentatives-de-ternir-limage-de-lalgerie\/#primaryimage","url":"https:\/\/lasentinelle.dz\/wp-content\/uploads\/2025\/07\/Nasri.jpg","contentUrl":"https:\/\/lasentinelle.dz\/wp-content\/uploads\/2025\/07\/Nasri.jpg","width":2048,"height":1365},{"@type":"BreadcrumbList","@id":"https:\/\/lasentinelle.dz\/index.php\/2025\/07\/23\/nasri-denonce-les-tentatives-de-ternir-limage-de-lalgerie\/#breadcrumb","itemListElement":[{"@type":"ListItem","position":1,"name":"Accueil","item":"https:\/\/lasentinelle.dz\/"},{"@type":"ListItem","position":2,"name":"Nasri d\u00e9nonce les tentatives de ternir l&rsquo;image de l&rsquo;Alg\u00e9rie"}]},{"@type":"WebSite","@id":"https:\/\/lasentinelle.dz\/#website","url":"https:\/\/lasentinelle.dz\/","name":"La Sentinelle","description":"Quotidien national d&#039;information","publisher":{"@id":"https:\/\/lasentinelle.dz\/#organization"},"potentialAction":[{"@type":"SearchAction","target":{"@type":"EntryPoint","urlTemplate":"https:\/\/lasentinelle.dz\/?s={search_term_string}"},"query-input":{"@type":"PropertyValueSpecification","valueRequired":true,"valueName":"search_term_string"}}],"inLanguage":"fr-FR"},{"@type":"Organization","@id":"https:\/\/lasentinelle.dz\/#organization","name":"Quotidien La Sentinelle","url":"https:\/\/lasentinelle.dz\/","logo":{"@type":"ImageObject","inLanguage":"fr-FR","@id":"https:\/\/lasentinelle.dz\/#\/schema\/logo\/image\/","url":"https:\/\/lasentinelle.dz\/wp-content\/uploads\/2021\/09\/logo-sentinelleSLOGAN-1.png","contentUrl":"https:\/\/lasentinelle.dz\/wp-content\/uploads\/2021\/09\/logo-sentinelleSLOGAN-1.png","width":615,"height":142,"caption":"Quotidien La Sentinelle"},"image":{"@id":"https:\/\/lasentinelle.dz\/#\/schema\/logo\/image\/"},"sameAs":["https:\/\/www.facebook.com\/La-Sentinelle-104059864394773"]},{"@type":"Person","@id":"https:\/\/lasentinelle.dz\/#\/schema\/person\/729ee0024f24e0b8c5ec17232f8e8b41","name":"admin","image":{"@type":"ImageObject","inLanguage":"fr-FR","@id":"https:\/\/secure.gravatar.com\/avatar\/4c81fed838786e9b53f540bf46533e750f5d292099ae3b66cfc6fb1982e29df7?s=96&d=mm&r=g","url":"https:\/\/secure.gravatar.com\/avatar\/4c81fed838786e9b53f540bf46533e750f5d292099ae3b66cfc6fb1982e29df7?s=96&d=mm&r=g","contentUrl":"https:\/\/secure.gravatar.com\/avatar\/4c81fed838786e9b53f540bf46533e750f5d292099ae3b66cfc6fb1982e29df7?s=96&d=mm&r=g","caption":"admin"},"description":"admin","url":"https:\/\/lasentinelle.dz\/author\/admin\/"}]}},"_links":{"self":[{"href":"https:\/\/lasentinelle.dz\/index.php\/wp-json\/wp\/v2\/posts\/70828","targetHints":{"allow":["GET"]}}],"collection":[{"href":"https:\/\/lasentinelle.dz\/index.php\/wp-json\/wp\/v2\/posts"}],"about":[{"href":"https:\/\/lasentinelle.dz\/index.php\/wp-json\/wp\/v2\/types\/post"}],"author":[{"embeddable":true,"href":"https:\/\/lasentinelle.dz\/index.php\/wp-json\/wp\/v2\/users\/6"}],"replies":[{"embeddable":true,"href":"https:\/\/lasentinelle.dz\/index.php\/wp-json\/wp\/v2\/comments?post=70828"}],"version-history":[{"count":2,"href":"https:\/\/lasentinelle.dz\/index.php\/wp-json\/wp\/v2\/posts\/70828\/revisions"}],"predecessor-version":[{"id":70831,"href":"https:\/\/lasentinelle.dz\/index.php\/wp-json\/wp\/v2\/posts\/70828\/revisions\/70831"}],"wp:featuredmedia":[{"embeddable":true,"href":"https:\/\/lasentinelle.dz\/index.php\/wp-json\/wp\/v2\/media\/70829"}],"wp:attachment":[{"href":"https:\/\/lasentinelle.dz\/index.php\/wp-json\/wp\/v2\/media?parent=70828"}],"wp:term":[{"taxonomy":"category","embeddable":true,"href":"https:\/\/lasentinelle.dz\/index.php\/wp-json\/wp\/v2\/categories?post=70828"},{"taxonomy":"post_tag","embeddable":true,"href":"https:\/\/lasentinelle.dz\/index.php\/wp-json\/wp\/v2\/tags?post=70828"}],"curies":[{"name":"wp","href":"https:\/\/api.w.org\/{rel}","templated":true}]}}