{"id":70832,"date":"2025-07-23T12:47:31","date_gmt":"2025-07-23T11:47:31","guid":{"rendered":"https:\/\/lasentinelle.dz\/?p=70832"},"modified":"2025-07-23T12:47:32","modified_gmt":"2025-07-23T11:47:32","slug":"amar-bendjama-a-lonu-le-reglement-pacifique-des-differends-est-la-pierre-angulaire-de-la-politique-etrangere-algerienne","status":"publish","type":"post","link":"https:\/\/lasentinelle.dz\/index.php\/2025\/07\/23\/amar-bendjama-a-lonu-le-reglement-pacifique-des-differends-est-la-pierre-angulaire-de-la-politique-etrangere-algerienne\/","title":{"rendered":"Amar\u00a0Bendjama\u00a0\u00e0 l&rsquo;ONU\u00a0:\u00a0\u00a0\u00ab\u00a0Le r\u00e8glement pacifique des diff\u00e9rends est la pierre angulaire de la politique \u00e9trang\u00e8re alg\u00e9rienne\u00a0\u00bb"},"content":{"rendered":"\n<p>Le repr\u00e9sentant permanent de l&rsquo;Alg\u00e9rie aupr\u00e8s des Nations Unies, Amar Bendjama, a r\u00e9affirm\u00e9 mardi depuis New York la position de principe de son pays en mati\u00e8re de r\u00e9solution des conflits internationaux, lors d&rsquo;un d\u00e9bat public de haut niveau au Conseil de s\u00e9curit\u00e9 consacr\u00e9 au renforcement de la paix et de la s\u00e9curit\u00e9 internationales par le multilat\u00e9ralisme et le r\u00e8glement pacifique des diff\u00e9rends.<\/p>\n\n\n\n<p>Face \u00e0 un parterre diplomatique international, le diplomate alg\u00e9rien a dress\u00e9 un tableau sans complaisance de l&rsquo;\u00e9tat actuel du syst\u00e8me multilat\u00e9ral, pointant du doigt les crises persistantes, les tensions r\u00e9gionales complexes et les d\u00e9fis croissants qui menacent la primaut\u00e9 du droit international. Dans ce contexte troubl\u00e9, marqu\u00e9 par la prolif\u00e9ration des crises et l&rsquo;expansion des approches unilat\u00e9rales, l&rsquo;Alg\u00e9rie r\u00e9affirme avec force ses convictions fondamentales. \u00ab\u00a0Face aux crises tenaces, aux tensions r\u00e9gionales complexes et aux d\u00e9fis croissants qui confrontent la souverainet\u00e9 du droit, avec la propagation des crises et la prolif\u00e9ration des approches unilat\u00e9rales, l&rsquo;Alg\u00e9rie renouvelle l&rsquo;affirmation de sa foi in\u00e9branlable que le respect par tous du droit international et le r\u00e8glement pacifique des diff\u00e9rends constituent les seules voies durables pour r\u00e9aliser la s\u00e9curit\u00e9 et la paix internationales\u00a0\u00bb, a d\u00e9clar\u00e9 Bendjama.&nbsp;Cette d\u00e9claration s&rsquo;inscrit dans la continuit\u00e9 de la doctrine diplomatique alg\u00e9rienne, forg\u00e9e depuis l&rsquo;ind\u00e9pendance et constamment r\u00e9affirm\u00e9e sur la sc\u00e8ne internationale. Pour l&rsquo;ambassadeur alg\u00e9rien, cette approche ne rel\u00e8ve pas d&rsquo;un simple positionnement tactique mais constitue l&rsquo;essence m\u00eame de l&rsquo;action ext\u00e9rieure de son pays. \u00ab\u00a0Le r\u00e8glement pacifique des diff\u00e9rends est la pierre angulaire de la politique \u00e9trang\u00e8re de l&rsquo;Alg\u00e9rie\u00a0\u00bb, a-t-il soulign\u00e9 avec emphase, pr\u00e9cisant que \u00ab\u00a0le dialogue, la m\u00e9diation, les bons offices et les m\u00e9canismes juridiques qui respectent la souverainet\u00e9 et le principe de non-ing\u00e9rence demeurent tous les outils privil\u00e9gi\u00e9s de l&rsquo;Alg\u00e9rie pour pr\u00e9venir l&rsquo;\u00e9mergence des diff\u00e9rends et les r\u00e9soudre\u00a0\u00bb.<\/p>\n\n\n\n<p>Cette philosophie diplomatique trouve sa traduction concr\u00e8te dans l&rsquo;engagement alg\u00e9rien en faveur d&rsquo;une application rigoureuse des instruments juridiques internationaux existants. Bendjama a ainsi insist\u00e9 sur la n\u00e9cessit\u00e9 d&rsquo;une mise en \u0153uvre compl\u00e8te et int\u00e8gre des m\u00e9canismes pr\u00e9vus par la Charte des Nations Unies dans son sixi\u00e8me chapitre, \u00e9num\u00e9rant les n\u00e9gociations, la m\u00e9diation, la r\u00e9conciliation, l&rsquo;arbitrage et le r\u00e8glement judiciaire comme autant d&rsquo;alternatives cr\u00e9dibles au recours \u00e0 la force.<\/p>\n\n\n\n<p>Dans un contexte mondial marqu\u00e9 par les contraintes budg\u00e9taires et les restrictions financi\u00e8res qui p\u00e8sent sur l&rsquo;action multilat\u00e9rale, le diplomate alg\u00e9rien a plaid\u00e9 pour une approche pragmatique mais ambitieuse de la pr\u00e9vention des conflits. L&rsquo;Alg\u00e9rie \u00ab\u00a0joint sa voix \u00e0 ceux qui soulignent la n\u00e9cessit\u00e9 de maintenir la pr\u00e9vention comme priorit\u00e9 strat\u00e9gique\u00a0\u00bb, a-t-il affirm\u00e9, tout en appelant \u00e0 \u00ab\u00a0une allocation rationnelle et \u00e9quitable des ressources d&rsquo;une mani\u00e8re qui s&rsquo;aligne avec l&rsquo;initiative du Secr\u00e9taire g\u00e9n\u00e9ral &lsquo;Nations Unies 80&prime;\u00a0\u00bb.<\/p>\n\n\n\n<p>Sur le plan r\u00e9gional, Bendjama a mis l&rsquo;accent sur l&rsquo;engagement actif de son pays dans la pr\u00e9vention et la r\u00e9solution des conflits, notamment \u00e0 travers sa coop\u00e9ration \u00e9troite avec les organisations r\u00e9gionales. \u00ab\u00a0L&rsquo;Alg\u00e9rie demeure \u00e9galement engag\u00e9e et activement dans la pr\u00e9vention de l&rsquo;\u00e9mergence des diff\u00e9rends et leur r\u00e8glement, en coordination avec les organisations r\u00e9gionales comme l&rsquo;Union africaine\u00a0\u00bb, a-t-il pr\u00e9cis\u00e9, illustrant ainsi la dimension continentale de l&rsquo;action diplomatique alg\u00e9rienne.<\/p>\n\n\n\n<p>Cette approche constructive s&rsquo;accompagne n\u00e9anmoins d&rsquo;une critique acerbe du dysfonctionnement des institutions multilat\u00e9rales, particuli\u00e8rement du Conseil de s\u00e9curit\u00e9 des Nations Unies. Le repr\u00e9sentant alg\u00e9rien n&rsquo;a pas m\u00e2ch\u00e9 ses mots pour d\u00e9noncer les d\u00e9faillances du syst\u00e8me actuel. \u00ab\u00a0L&rsquo;Alg\u00e9rie exprime sa profonde pr\u00e9occupation concernant la paralysie qui frappe le Conseil de s\u00e9curit\u00e9 et la mise en \u0153uvre s\u00e9lective de ses r\u00e9solutions, ce qui porte atteinte \u00e0 sa l\u00e9gitimit\u00e9 et \u00e0 sa cr\u00e9dibilit\u00e9\u00a0\u00bb, a-t-il d\u00e9clar\u00e9 avec fermet\u00e9.<\/p>\n\n\n\n<p>Cette critique trouve son illustration la plus dramatique dans la question palestinienne, que Bendjama a \u00e9rig\u00e9e en symbole des dysfonctionnements du multilat\u00e9ralisme contemporain. \u00ab\u00a0La question&nbsp;palestinienne&nbsp;constitue un exemple clair et chronique de ces doubles standards\u00a0\u00bb, a-t-il affirm\u00e9, \u00e9tablissant un lien direct entre l&rsquo;impuissance institutionnelle et la perp\u00e9tuation des injustices sur le terrain.<\/p>\n\n\n\n<p>La situation \u00e0 Ghaza a particuli\u00e8rement retenu l&rsquo;attention du diplomate alg\u00e9rien, qui y voit la manifestation la plus tragique de l&rsquo;\u00e9chec du syst\u00e8me international actuel. \u00ab\u00a0La crise humanitaire catastrophique et chronique&nbsp;\u00e0&nbsp;Ghaza, r\u00e9sultat de l&rsquo;agression sioniste, n&rsquo;est que le reflet de l&rsquo;\u00e9chec du Conseil de s\u00e9curit\u00e9 dans l&rsquo;ex\u00e9cution de ses nobles missions de pr\u00e9servation de la s\u00e9curit\u00e9 et de la paix, ce qui d\u00e9montre l&rsquo;\u00e9rosion du multilat\u00e9ralisme et la propagation de la force au lieu du droit\u00a0\u00bb, a-t-il d\u00e9nonc\u00e9 avec v\u00e9h\u00e9mence.&nbsp;Cette analyse sans concession d\u00e9bouche sur un appel \u00e0 la refondation du syst\u00e8me multilat\u00e9ral, seule voie selon l&rsquo;Alg\u00e9rie pour retrouver l&rsquo;efficacit\u00e9 et la l\u00e9gitimit\u00e9 perdues. Dans sa conclusion, Bendjama a trac\u00e9 les contours de cette r\u00e9forme n\u00e9cessaire, appelant \u00e0 un multilat\u00e9ralisme \u00ab\u00a0inclusif, \u00e9quitable et repr\u00e9sentant les parties de mani\u00e8re \u00e9quilibr\u00e9e, qui accorde la priorit\u00e9 au r\u00e8glement pacifique des diff\u00e9rends et le renforce d&rsquo;une mani\u00e8re qui se conforme pleinement aux principes et objectifs de la Charte des Nations Unies\u00a0\u00bb.<\/p>\n\n\n\n<p>Lyes Sa\u00efdi<\/p>\n","protected":false},"excerpt":{"rendered":"<p>Le repr\u00e9sentant permanent de l&rsquo;Alg\u00e9rie aupr\u00e8s des Nations Unies, Amar Bendjama, a r\u00e9affirm\u00e9 mardi depuis New York la position de<\/p>\n","protected":false},"author":6,"featured_media":62412,"comment_status":"open","ping_status":"closed","sticky":false,"template":"","format":"standard","meta":{"colormag_page_container_layout":"default_layout","colormag_page_sidebar_layout":"default_layout","om_disable_all_campaigns":false,"_monsterinsights_skip_tracking":false,"_monsterinsights_sitenote_active":false,"_monsterinsights_sitenote_note":"","_monsterinsights_sitenote_category":0,"footnotes":"","_wpscppro_dont_share_socialmedia":false,"_wpscppro_custom_social_share_image":0,"_facebook_share_type":"default","_twitter_share_type":"default","_linkedin_share_type":"default","_pinterest_share_type":"default","_linkedin_share_type_page":"","_instagram_share_type":"default","_medium_share_type":"default","_threads_share_type":"","_google_business_share_type":"","_selected_social_profile":[],"_wpsp_enable_custom_social_template":false,"_wpsp_social_scheduling":{"enabled":false,"datetime":null,"platforms":[],"status":"template_only","dateOption":"today","timeOption":"now","customDays":"","customHours":"","customDate":"","customTime":"","schedulingType":"absolute"},"_wpsp_active_default_template":true},"categories":[27],"tags":[],"class_list":["post-70832","post","type-post","status-publish","format-standard","has-post-thumbnail","hentry","category-actualite"],"aioseo_notices":[],"yoast_head":"<!-- This site is optimized with the Yoast SEO plugin v27.5 - https:\/\/yoast.com\/product\/yoast-seo-wordpress\/ -->\n<title>Amar\u00a0Bendjama\u00a0\u00e0 l&rsquo;ONU\u00a0:\u00a0\u00a0\u00ab\u00a0Le r\u00e8glement pacifique des diff\u00e9rends est la pierre angulaire de la politique \u00e9trang\u00e8re alg\u00e9rienne\u00a0\u00bb - La Sentinelle<\/title>\n<meta name=\"robots\" content=\"index, follow, max-snippet:-1, max-image-preview:large, max-video-preview:-1\" \/>\n<link rel=\"canonical\" href=\"https:\/\/lasentinelle.dz\/index.php\/2025\/07\/23\/amar-bendjama-a-lonu-le-reglement-pacifique-des-differends-est-la-pierre-angulaire-de-la-politique-etrangere-algerienne\/\" \/>\n<meta property=\"og:locale\" content=\"fr_FR\" \/>\n<meta property=\"og:type\" content=\"article\" \/>\n<meta property=\"og:title\" content=\"Amar\u00a0Bendjama\u00a0\u00e0 l&rsquo;ONU\u00a0:\u00a0\u00a0\u00ab\u00a0Le r\u00e8glement pacifique des diff\u00e9rends est la pierre angulaire de la politique \u00e9trang\u00e8re alg\u00e9rienne\u00a0\u00bb - La Sentinelle\" \/>\n<meta property=\"og:description\" content=\"Le repr\u00e9sentant permanent de l&rsquo;Alg\u00e9rie aupr\u00e8s des Nations Unies, Amar Bendjama, a r\u00e9affirm\u00e9 mardi depuis New York la position de\" \/>\n<meta property=\"og:url\" content=\"https:\/\/lasentinelle.dz\/index.php\/2025\/07\/23\/amar-bendjama-a-lonu-le-reglement-pacifique-des-differends-est-la-pierre-angulaire-de-la-politique-etrangere-algerienne\/\" \/>\n<meta property=\"og:site_name\" content=\"La Sentinelle\" \/>\n<meta property=\"article:publisher\" content=\"https:\/\/www.facebook.com\/La-Sentinelle-104059864394773\" \/>\n<meta property=\"article:published_time\" content=\"2025-07-23T11:47:31+00:00\" \/>\n<meta property=\"article:modified_time\" content=\"2025-07-23T11:47:32+00:00\" \/>\n<meta property=\"og:image\" content=\"https:\/\/lasentinelle.dz\/wp-content\/uploads\/2025\/02\/bendjama.jpeg\" \/>\n\t<meta property=\"og:image:width\" content=\"900\" \/>\n\t<meta property=\"og:image:height\" content=\"675\" \/>\n\t<meta property=\"og:image:type\" content=\"image\/jpeg\" \/>\n<meta name=\"author\" content=\"admin\" \/>\n<meta name=\"twitter:card\" content=\"summary_large_image\" \/>\n<meta name=\"twitter:label1\" content=\"\u00c9crit par\" \/>\n\t<meta name=\"twitter:data1\" content=\"admin\" \/>\n\t<meta name=\"twitter:label2\" content=\"Dur\u00e9e de lecture estim\u00e9e\" \/>\n\t<meta name=\"twitter:data2\" content=\"5 minutes\" \/>\n<script type=\"application\/ld+json\" class=\"yoast-schema-graph\">{\"@context\":\"https:\\\/\\\/schema.org\",\"@graph\":[{\"@type\":\"Article\",\"@id\":\"https:\\\/\\\/lasentinelle.dz\\\/index.php\\\/2025\\\/07\\\/23\\\/amar-bendjama-a-lonu-le-reglement-pacifique-des-differends-est-la-pierre-angulaire-de-la-politique-etrangere-algerienne\\\/#article\",\"isPartOf\":{\"@id\":\"https:\\\/\\\/lasentinelle.dz\\\/index.php\\\/2025\\\/07\\\/23\\\/amar-bendjama-a-lonu-le-reglement-pacifique-des-differends-est-la-pierre-angulaire-de-la-politique-etrangere-algerienne\\\/\"},\"author\":{\"name\":\"admin\",\"@id\":\"https:\\\/\\\/lasentinelle.dz\\\/#\\\/schema\\\/person\\\/729ee0024f24e0b8c5ec17232f8e8b41\"},\"headline\":\"Amar\u00a0Bendjama\u00a0\u00e0 l&rsquo;ONU\u00a0:\u00a0\u00a0\u00ab\u00a0Le r\u00e8glement pacifique des diff\u00e9rends est la pierre angulaire de la politique \u00e9trang\u00e8re alg\u00e9rienne\u00a0\u00bb\",\"datePublished\":\"2025-07-23T11:47:31+00:00\",\"dateModified\":\"2025-07-23T11:47:32+00:00\",\"mainEntityOfPage\":{\"@id\":\"https:\\\/\\\/lasentinelle.dz\\\/index.php\\\/2025\\\/07\\\/23\\\/amar-bendjama-a-lonu-le-reglement-pacifique-des-differends-est-la-pierre-angulaire-de-la-politique-etrangere-algerienne\\\/\"},\"wordCount\":1003,\"commentCount\":0,\"publisher\":{\"@id\":\"https:\\\/\\\/lasentinelle.dz\\\/#organization\"},\"image\":{\"@id\":\"https:\\\/\\\/lasentinelle.dz\\\/index.php\\\/2025\\\/07\\\/23\\\/amar-bendjama-a-lonu-le-reglement-pacifique-des-differends-est-la-pierre-angulaire-de-la-politique-etrangere-algerienne\\\/#primaryimage\"},\"thumbnailUrl\":\"https:\\\/\\\/lasentinelle.dz\\\/wp-content\\\/uploads\\\/2025\\\/02\\\/bendjama.jpeg\",\"articleSection\":[\"Actualit\u00e9\"],\"inLanguage\":\"fr-FR\",\"potentialAction\":[{\"@type\":\"CommentAction\",\"name\":\"Comment\",\"target\":[\"https:\\\/\\\/lasentinelle.dz\\\/index.php\\\/2025\\\/07\\\/23\\\/amar-bendjama-a-lonu-le-reglement-pacifique-des-differends-est-la-pierre-angulaire-de-la-politique-etrangere-algerienne\\\/#respond\"]}]},{\"@type\":\"WebPage\",\"@id\":\"https:\\\/\\\/lasentinelle.dz\\\/index.php\\\/2025\\\/07\\\/23\\\/amar-bendjama-a-lonu-le-reglement-pacifique-des-differends-est-la-pierre-angulaire-de-la-politique-etrangere-algerienne\\\/\",\"url\":\"https:\\\/\\\/lasentinelle.dz\\\/index.php\\\/2025\\\/07\\\/23\\\/amar-bendjama-a-lonu-le-reglement-pacifique-des-differends-est-la-pierre-angulaire-de-la-politique-etrangere-algerienne\\\/\",\"name\":\"Amar\u00a0Bendjama\u00a0\u00e0 l&rsquo;ONU\u00a0:\u00a0\u00a0\u00ab\u00a0Le r\u00e8glement pacifique des diff\u00e9rends est la pierre angulaire de la politique \u00e9trang\u00e8re alg\u00e9rienne\u00a0\u00bb - La Sentinelle\",\"isPartOf\":{\"@id\":\"https:\\\/\\\/lasentinelle.dz\\\/#website\"},\"primaryImageOfPage\":{\"@id\":\"https:\\\/\\\/lasentinelle.dz\\\/index.php\\\/2025\\\/07\\\/23\\\/amar-bendjama-a-lonu-le-reglement-pacifique-des-differends-est-la-pierre-angulaire-de-la-politique-etrangere-algerienne\\\/#primaryimage\"},\"image\":{\"@id\":\"https:\\\/\\\/lasentinelle.dz\\\/index.php\\\/2025\\\/07\\\/23\\\/amar-bendjama-a-lonu-le-reglement-pacifique-des-differends-est-la-pierre-angulaire-de-la-politique-etrangere-algerienne\\\/#primaryimage\"},\"thumbnailUrl\":\"https:\\\/\\\/lasentinelle.dz\\\/wp-content\\\/uploads\\\/2025\\\/02\\\/bendjama.jpeg\",\"datePublished\":\"2025-07-23T11:47:31+00:00\",\"dateModified\":\"2025-07-23T11:47:32+00:00\",\"breadcrumb\":{\"@id\":\"https:\\\/\\\/lasentinelle.dz\\\/index.php\\\/2025\\\/07\\\/23\\\/amar-bendjama-a-lonu-le-reglement-pacifique-des-differends-est-la-pierre-angulaire-de-la-politique-etrangere-algerienne\\\/#breadcrumb\"},\"inLanguage\":\"fr-FR\",\"potentialAction\":[{\"@type\":\"ReadAction\",\"target\":[\"https:\\\/\\\/lasentinelle.dz\\\/index.php\\\/2025\\\/07\\\/23\\\/amar-bendjama-a-lonu-le-reglement-pacifique-des-differends-est-la-pierre-angulaire-de-la-politique-etrangere-algerienne\\\/\"]}]},{\"@type\":\"ImageObject\",\"inLanguage\":\"fr-FR\",\"@id\":\"https:\\\/\\\/lasentinelle.dz\\\/index.php\\\/2025\\\/07\\\/23\\\/amar-bendjama-a-lonu-le-reglement-pacifique-des-differends-est-la-pierre-angulaire-de-la-politique-etrangere-algerienne\\\/#primaryimage\",\"url\":\"https:\\\/\\\/lasentinelle.dz\\\/wp-content\\\/uploads\\\/2025\\\/02\\\/bendjama.jpeg\",\"contentUrl\":\"https:\\\/\\\/lasentinelle.dz\\\/wp-content\\\/uploads\\\/2025\\\/02\\\/bendjama.jpeg\",\"width\":900,\"height\":675},{\"@type\":\"BreadcrumbList\",\"@id\":\"https:\\\/\\\/lasentinelle.dz\\\/index.php\\\/2025\\\/07\\\/23\\\/amar-bendjama-a-lonu-le-reglement-pacifique-des-differends-est-la-pierre-angulaire-de-la-politique-etrangere-algerienne\\\/#breadcrumb\",\"itemListElement\":[{\"@type\":\"ListItem\",\"position\":1,\"name\":\"Accueil\",\"item\":\"https:\\\/\\\/lasentinelle.dz\\\/\"},{\"@type\":\"ListItem\",\"position\":2,\"name\":\"Amar\u00a0Bendjama\u00a0\u00e0 l&rsquo;ONU\u00a0:\u00a0\u00a0\u00ab\u00a0Le r\u00e8glement pacifique des diff\u00e9rends est la pierre angulaire de la politique \u00e9trang\u00e8re alg\u00e9rienne\u00a0\u00bb\"}]},{\"@type\":\"WebSite\",\"@id\":\"https:\\\/\\\/lasentinelle.dz\\\/#website\",\"url\":\"https:\\\/\\\/lasentinelle.dz\\\/\",\"name\":\"La Sentinelle\",\"description\":\"Quotidien national d&#039;information\",\"publisher\":{\"@id\":\"https:\\\/\\\/lasentinelle.dz\\\/#organization\"},\"potentialAction\":[{\"@type\":\"SearchAction\",\"target\":{\"@type\":\"EntryPoint\",\"urlTemplate\":\"https:\\\/\\\/lasentinelle.dz\\\/?s={search_term_string}\"},\"query-input\":{\"@type\":\"PropertyValueSpecification\",\"valueRequired\":true,\"valueName\":\"search_term_string\"}}],\"inLanguage\":\"fr-FR\"},{\"@type\":\"Organization\",\"@id\":\"https:\\\/\\\/lasentinelle.dz\\\/#organization\",\"name\":\"Quotidien La Sentinelle\",\"url\":\"https:\\\/\\\/lasentinelle.dz\\\/\",\"logo\":{\"@type\":\"ImageObject\",\"inLanguage\":\"fr-FR\",\"@id\":\"https:\\\/\\\/lasentinelle.dz\\\/#\\\/schema\\\/logo\\\/image\\\/\",\"url\":\"https:\\\/\\\/lasentinelle.dz\\\/wp-content\\\/uploads\\\/2021\\\/09\\\/logo-sentinelleSLOGAN-1.png\",\"contentUrl\":\"https:\\\/\\\/lasentinelle.dz\\\/wp-content\\\/uploads\\\/2021\\\/09\\\/logo-sentinelleSLOGAN-1.png\",\"width\":615,\"height\":142,\"caption\":\"Quotidien La Sentinelle\"},\"image\":{\"@id\":\"https:\\\/\\\/lasentinelle.dz\\\/#\\\/schema\\\/logo\\\/image\\\/\"},\"sameAs\":[\"https:\\\/\\\/www.facebook.com\\\/La-Sentinelle-104059864394773\"]},{\"@type\":\"Person\",\"@id\":\"https:\\\/\\\/lasentinelle.dz\\\/#\\\/schema\\\/person\\\/729ee0024f24e0b8c5ec17232f8e8b41\",\"name\":\"admin\",\"image\":{\"@type\":\"ImageObject\",\"inLanguage\":\"fr-FR\",\"@id\":\"https:\\\/\\\/secure.gravatar.com\\\/avatar\\\/4c81fed838786e9b53f540bf46533e750f5d292099ae3b66cfc6fb1982e29df7?s=96&d=mm&r=g\",\"url\":\"https:\\\/\\\/secure.gravatar.com\\\/avatar\\\/4c81fed838786e9b53f540bf46533e750f5d292099ae3b66cfc6fb1982e29df7?s=96&d=mm&r=g\",\"contentUrl\":\"https:\\\/\\\/secure.gravatar.com\\\/avatar\\\/4c81fed838786e9b53f540bf46533e750f5d292099ae3b66cfc6fb1982e29df7?s=96&d=mm&r=g\",\"caption\":\"admin\"},\"description\":\"admin\",\"url\":\"https:\\\/\\\/lasentinelle.dz\\\/author\\\/admin\\\/\"}]}<\/script>\n<!-- \/ Yoast SEO plugin. -->","yoast_head_json":{"title":"Amar\u00a0Bendjama\u00a0\u00e0 l&rsquo;ONU\u00a0:\u00a0\u00a0\u00ab\u00a0Le r\u00e8glement pacifique des diff\u00e9rends est la pierre angulaire de la politique \u00e9trang\u00e8re alg\u00e9rienne\u00a0\u00bb - La Sentinelle","robots":{"index":"index","follow":"follow","max-snippet":"max-snippet:-1","max-image-preview":"max-image-preview:large","max-video-preview":"max-video-preview:-1"},"canonical":"https:\/\/lasentinelle.dz\/index.php\/2025\/07\/23\/amar-bendjama-a-lonu-le-reglement-pacifique-des-differends-est-la-pierre-angulaire-de-la-politique-etrangere-algerienne\/","og_locale":"fr_FR","og_type":"article","og_title":"Amar\u00a0Bendjama\u00a0\u00e0 l&rsquo;ONU\u00a0:\u00a0\u00a0\u00ab\u00a0Le r\u00e8glement pacifique des diff\u00e9rends est la pierre angulaire de la politique \u00e9trang\u00e8re alg\u00e9rienne\u00a0\u00bb - La Sentinelle","og_description":"Le repr\u00e9sentant permanent de l&rsquo;Alg\u00e9rie aupr\u00e8s des Nations Unies, Amar Bendjama, a r\u00e9affirm\u00e9 mardi depuis New York la position de","og_url":"https:\/\/lasentinelle.dz\/index.php\/2025\/07\/23\/amar-bendjama-a-lonu-le-reglement-pacifique-des-differends-est-la-pierre-angulaire-de-la-politique-etrangere-algerienne\/","og_site_name":"La Sentinelle","article_publisher":"https:\/\/www.facebook.com\/La-Sentinelle-104059864394773","article_published_time":"2025-07-23T11:47:31+00:00","article_modified_time":"2025-07-23T11:47:32+00:00","og_image":[{"width":900,"height":675,"url":"https:\/\/lasentinelle.dz\/wp-content\/uploads\/2025\/02\/bendjama.jpeg","type":"image\/jpeg"}],"author":"admin","twitter_card":"summary_large_image","twitter_misc":{"\u00c9crit par":"admin","Dur\u00e9e de lecture estim\u00e9e":"5 minutes"},"schema":{"@context":"https:\/\/schema.org","@graph":[{"@type":"Article","@id":"https:\/\/lasentinelle.dz\/index.php\/2025\/07\/23\/amar-bendjama-a-lonu-le-reglement-pacifique-des-differends-est-la-pierre-angulaire-de-la-politique-etrangere-algerienne\/#article","isPartOf":{"@id":"https:\/\/lasentinelle.dz\/index.php\/2025\/07\/23\/amar-bendjama-a-lonu-le-reglement-pacifique-des-differends-est-la-pierre-angulaire-de-la-politique-etrangere-algerienne\/"},"author":{"name":"admin","@id":"https:\/\/lasentinelle.dz\/#\/schema\/person\/729ee0024f24e0b8c5ec17232f8e8b41"},"headline":"Amar\u00a0Bendjama\u00a0\u00e0 l&rsquo;ONU\u00a0:\u00a0\u00a0\u00ab\u00a0Le r\u00e8glement pacifique des diff\u00e9rends est la pierre angulaire de la politique \u00e9trang\u00e8re alg\u00e9rienne\u00a0\u00bb","datePublished":"2025-07-23T11:47:31+00:00","dateModified":"2025-07-23T11:47:32+00:00","mainEntityOfPage":{"@id":"https:\/\/lasentinelle.dz\/index.php\/2025\/07\/23\/amar-bendjama-a-lonu-le-reglement-pacifique-des-differends-est-la-pierre-angulaire-de-la-politique-etrangere-algerienne\/"},"wordCount":1003,"commentCount":0,"publisher":{"@id":"https:\/\/lasentinelle.dz\/#organization"},"image":{"@id":"https:\/\/lasentinelle.dz\/index.php\/2025\/07\/23\/amar-bendjama-a-lonu-le-reglement-pacifique-des-differends-est-la-pierre-angulaire-de-la-politique-etrangere-algerienne\/#primaryimage"},"thumbnailUrl":"https:\/\/lasentinelle.dz\/wp-content\/uploads\/2025\/02\/bendjama.jpeg","articleSection":["Actualit\u00e9"],"inLanguage":"fr-FR","potentialAction":[{"@type":"CommentAction","name":"Comment","target":["https:\/\/lasentinelle.dz\/index.php\/2025\/07\/23\/amar-bendjama-a-lonu-le-reglement-pacifique-des-differends-est-la-pierre-angulaire-de-la-politique-etrangere-algerienne\/#respond"]}]},{"@type":"WebPage","@id":"https:\/\/lasentinelle.dz\/index.php\/2025\/07\/23\/amar-bendjama-a-lonu-le-reglement-pacifique-des-differends-est-la-pierre-angulaire-de-la-politique-etrangere-algerienne\/","url":"https:\/\/lasentinelle.dz\/index.php\/2025\/07\/23\/amar-bendjama-a-lonu-le-reglement-pacifique-des-differends-est-la-pierre-angulaire-de-la-politique-etrangere-algerienne\/","name":"Amar\u00a0Bendjama\u00a0\u00e0 l&rsquo;ONU\u00a0:\u00a0\u00a0\u00ab\u00a0Le r\u00e8glement pacifique des diff\u00e9rends est la pierre angulaire de la politique \u00e9trang\u00e8re alg\u00e9rienne\u00a0\u00bb - La Sentinelle","isPartOf":{"@id":"https:\/\/lasentinelle.dz\/#website"},"primaryImageOfPage":{"@id":"https:\/\/lasentinelle.dz\/index.php\/2025\/07\/23\/amar-bendjama-a-lonu-le-reglement-pacifique-des-differends-est-la-pierre-angulaire-de-la-politique-etrangere-algerienne\/#primaryimage"},"image":{"@id":"https:\/\/lasentinelle.dz\/index.php\/2025\/07\/23\/amar-bendjama-a-lonu-le-reglement-pacifique-des-differends-est-la-pierre-angulaire-de-la-politique-etrangere-algerienne\/#primaryimage"},"thumbnailUrl":"https:\/\/lasentinelle.dz\/wp-content\/uploads\/2025\/02\/bendjama.jpeg","datePublished":"2025-07-23T11:47:31+00:00","dateModified":"2025-07-23T11:47:32+00:00","breadcrumb":{"@id":"https:\/\/lasentinelle.dz\/index.php\/2025\/07\/23\/amar-bendjama-a-lonu-le-reglement-pacifique-des-differends-est-la-pierre-angulaire-de-la-politique-etrangere-algerienne\/#breadcrumb"},"inLanguage":"fr-FR","potentialAction":[{"@type":"ReadAction","target":["https:\/\/lasentinelle.dz\/index.php\/2025\/07\/23\/amar-bendjama-a-lonu-le-reglement-pacifique-des-differends-est-la-pierre-angulaire-de-la-politique-etrangere-algerienne\/"]}]},{"@type":"ImageObject","inLanguage":"fr-FR","@id":"https:\/\/lasentinelle.dz\/index.php\/2025\/07\/23\/amar-bendjama-a-lonu-le-reglement-pacifique-des-differends-est-la-pierre-angulaire-de-la-politique-etrangere-algerienne\/#primaryimage","url":"https:\/\/lasentinelle.dz\/wp-content\/uploads\/2025\/02\/bendjama.jpeg","contentUrl":"https:\/\/lasentinelle.dz\/wp-content\/uploads\/2025\/02\/bendjama.jpeg","width":900,"height":675},{"@type":"BreadcrumbList","@id":"https:\/\/lasentinelle.dz\/index.php\/2025\/07\/23\/amar-bendjama-a-lonu-le-reglement-pacifique-des-differends-est-la-pierre-angulaire-de-la-politique-etrangere-algerienne\/#breadcrumb","itemListElement":[{"@type":"ListItem","position":1,"name":"Accueil","item":"https:\/\/lasentinelle.dz\/"},{"@type":"ListItem","position":2,"name":"Amar\u00a0Bendjama\u00a0\u00e0 l&rsquo;ONU\u00a0:\u00a0\u00a0\u00ab\u00a0Le r\u00e8glement pacifique des diff\u00e9rends est la pierre angulaire de la politique \u00e9trang\u00e8re alg\u00e9rienne\u00a0\u00bb"}]},{"@type":"WebSite","@id":"https:\/\/lasentinelle.dz\/#website","url":"https:\/\/lasentinelle.dz\/","name":"La Sentinelle","description":"Quotidien national d&#039;information","publisher":{"@id":"https:\/\/lasentinelle.dz\/#organization"},"potentialAction":[{"@type":"SearchAction","target":{"@type":"EntryPoint","urlTemplate":"https:\/\/lasentinelle.dz\/?s={search_term_string}"},"query-input":{"@type":"PropertyValueSpecification","valueRequired":true,"valueName":"search_term_string"}}],"inLanguage":"fr-FR"},{"@type":"Organization","@id":"https:\/\/lasentinelle.dz\/#organization","name":"Quotidien La Sentinelle","url":"https:\/\/lasentinelle.dz\/","logo":{"@type":"ImageObject","inLanguage":"fr-FR","@id":"https:\/\/lasentinelle.dz\/#\/schema\/logo\/image\/","url":"https:\/\/lasentinelle.dz\/wp-content\/uploads\/2021\/09\/logo-sentinelleSLOGAN-1.png","contentUrl":"https:\/\/lasentinelle.dz\/wp-content\/uploads\/2021\/09\/logo-sentinelleSLOGAN-1.png","width":615,"height":142,"caption":"Quotidien La Sentinelle"},"image":{"@id":"https:\/\/lasentinelle.dz\/#\/schema\/logo\/image\/"},"sameAs":["https:\/\/www.facebook.com\/La-Sentinelle-104059864394773"]},{"@type":"Person","@id":"https:\/\/lasentinelle.dz\/#\/schema\/person\/729ee0024f24e0b8c5ec17232f8e8b41","name":"admin","image":{"@type":"ImageObject","inLanguage":"fr-FR","@id":"https:\/\/secure.gravatar.com\/avatar\/4c81fed838786e9b53f540bf46533e750f5d292099ae3b66cfc6fb1982e29df7?s=96&d=mm&r=g","url":"https:\/\/secure.gravatar.com\/avatar\/4c81fed838786e9b53f540bf46533e750f5d292099ae3b66cfc6fb1982e29df7?s=96&d=mm&r=g","contentUrl":"https:\/\/secure.gravatar.com\/avatar\/4c81fed838786e9b53f540bf46533e750f5d292099ae3b66cfc6fb1982e29df7?s=96&d=mm&r=g","caption":"admin"},"description":"admin","url":"https:\/\/lasentinelle.dz\/author\/admin\/"}]}},"_links":{"self":[{"href":"https:\/\/lasentinelle.dz\/index.php\/wp-json\/wp\/v2\/posts\/70832","targetHints":{"allow":["GET"]}}],"collection":[{"href":"https:\/\/lasentinelle.dz\/index.php\/wp-json\/wp\/v2\/posts"}],"about":[{"href":"https:\/\/lasentinelle.dz\/index.php\/wp-json\/wp\/v2\/types\/post"}],"author":[{"embeddable":true,"href":"https:\/\/lasentinelle.dz\/index.php\/wp-json\/wp\/v2\/users\/6"}],"replies":[{"embeddable":true,"href":"https:\/\/lasentinelle.dz\/index.php\/wp-json\/wp\/v2\/comments?post=70832"}],"version-history":[{"count":2,"href":"https:\/\/lasentinelle.dz\/index.php\/wp-json\/wp\/v2\/posts\/70832\/revisions"}],"predecessor-version":[{"id":70834,"href":"https:\/\/lasentinelle.dz\/index.php\/wp-json\/wp\/v2\/posts\/70832\/revisions\/70834"}],"wp:featuredmedia":[{"embeddable":true,"href":"https:\/\/lasentinelle.dz\/index.php\/wp-json\/wp\/v2\/media\/62412"}],"wp:attachment":[{"href":"https:\/\/lasentinelle.dz\/index.php\/wp-json\/wp\/v2\/media?parent=70832"}],"wp:term":[{"taxonomy":"category","embeddable":true,"href":"https:\/\/lasentinelle.dz\/index.php\/wp-json\/wp\/v2\/categories?post=70832"},{"taxonomy":"post_tag","embeddable":true,"href":"https:\/\/lasentinelle.dz\/index.php\/wp-json\/wp\/v2\/tags?post=70832"}],"curies":[{"name":"wp","href":"https:\/\/api.w.org\/{rel}","templated":true}]}}