{"id":70835,"date":"2025-07-23T12:48:14","date_gmt":"2025-07-23T11:48:14","guid":{"rendered":"https:\/\/lasentinelle.dz\/?p=70835"},"modified":"2025-07-23T12:48:15","modified_gmt":"2025-07-23T11:48:15","slug":"visite-du-president-abdelmadjid-tebboune-en-italie-consolider-un-axe-strategique-mediterraneen","status":"publish","type":"post","link":"https:\/\/lasentinelle.dz\/index.php\/2025\/07\/23\/visite-du-president-abdelmadjid-tebboune-en-italie-consolider-un-axe-strategique-mediterraneen\/","title":{"rendered":"Visite du Pr\u00e9sident Abdelmadjid Tebboune en Italie\u00a0: Consolider un axe strat\u00e9gique m\u00e9diterran\u00e9en"},"content":{"rendered":"\n<p>Le&nbsp;pr\u00e9sident&nbsp;de la R\u00e9publique&nbsp;Abdelmadjid Tebboune&nbsp;a entam\u00e9 hier une visite&nbsp;officielle&nbsp;en Italie. Une visite qui&nbsp;transcende le cadre traditionnel des relations bilat\u00e9rales pour s&rsquo;inscrire dans une vision g\u00e9ostrat\u00e9gique ambitieuse.&nbsp;<\/p>\n\n\n\n<p>Le pr\u00e9sident de la R\u00e9publique doit&nbsp;copr\u00e9sider&nbsp;avec la Premi\u00e8re ministre Giorgia Meloni, au cours de cette visite,&nbsp;la cinqui\u00e8me session du Sommet intergouvernemental alg\u00e9ro-italien de haut niveau. Les deux dirigeants entendent faire de l&rsquo;axe Alger-Rome un v\u00e9ritable pivot&nbsp;m\u00e9diterran\u00e9en et principal axe&nbsp;du dialogue euro-africain.&nbsp;Une visite qui s&rsquo;inscrit dans une s\u00e9quence particuli\u00e8rement intense alors que l&rsquo;Alg\u00e9rie diversifie et consolide ses partenariats particuli\u00e8rement en Afrique et assume pleinement son r\u00f4le de porte du continent.<\/p>\n\n\n\n<p>Cette rencontre au sommet illustre&nbsp;aussi&nbsp;parfaitement la maturit\u00e9 d&rsquo;une relation exceptionnelle, forg\u00e9e par l&rsquo;histoire et consolid\u00e9e par une vision partag\u00e9e de l&rsquo;avenir. L&rsquo;Alg\u00e9rie et l&rsquo;Italie ne se contentent plus de cultiver leur amiti\u00e9 historique, elles ambitionnent de devenir les architectes d&rsquo;un nouveau mod\u00e8le de coop\u00e9ration Sud-Nord, fond\u00e9 sur l&rsquo;\u00e9galit\u00e9, le respect mutuel et la compl\u00e9mentarit\u00e9 \u00e9conomique. Cette approche s&rsquo;inscrit pleinement dans la philosophie du Plan Mattei pour l&rsquo;Afrique, initiative italienne qui pr\u00f4ne un partenariat \u00e9quilibr\u00e9 avec le continent africain, loin des logiques n\u00e9ocoloniales du pass\u00e9.&nbsp;L&rsquo;ampleur de cette ambition se mesure \u00e0 la richesse des secteurs de coop\u00e9ration explor\u00e9s. Au-del\u00e0 des domaines traditionnels de l&rsquo;\u00e9nergie et du commerce, o\u00f9 l&rsquo;Alg\u00e9rie s&rsquo;impose comme le premier partenaire \u00e9conomique de l&rsquo;Italie en Afrique avec plus de 150 entreprises italiennes pr\u00e9sentes sur son territoire, les deux pays ouvrent de nouveaux horizons. L&rsquo;\u00e9conomie circulaire, les infrastructures durables, l&rsquo;agriculture intelligente, l&rsquo;industrie pharmaceutique et les technologies spatiales constituent autant de terrains d&rsquo;innovation partag\u00e9e. Le m\u00e9gaprojet agricole de Timimoun, lanc\u00e9 sous l&rsquo;\u00e9gide de la Fondation Mattei Afrique, symbolise cette approche r\u00e9volutionnaire qui allie d\u00e9veloppement \u00e9conomique et s\u00e9curit\u00e9 alimentaire.<\/p>\n\n\n\n<p>Cette dynamique trouve sa force dans un cadre institutionnel solide, cristallis\u00e9 par le Trait\u00e9 d&rsquo;amiti\u00e9, de coop\u00e9ration et de bon voisinage qui lie les deux nations depuis plus de vingt ans. Les \u00e9changes de visites de haut niveau se sont intensifi\u00e9s, cr\u00e9ant un v\u00e9ritable momentum diplomatique. Apr\u00e8s la visite d&rsquo;\u00c9tat du pr\u00e9sident Tebboune en mai 2022, la participation au G7 de Bari en juin 2024, et les multiples rencontres minist\u00e9rielles, cette nouvelle s\u00e9quence confirme la priorit\u00e9 accord\u00e9e par les deux capitales \u00e0 leur partenariat strat\u00e9gique.<\/p>\n\n\n\n<p>L&rsquo;originalit\u00e9 de cette coop\u00e9ration r\u00e9side dans sa dimension m\u00e9diterran\u00e9enne affirm\u00e9e. Alger et Rome partagent une lecture commune des enjeux r\u00e9gionaux, qu&rsquo;il s&rsquo;agisse de la stabilisation de la Libye, de la r\u00e9solution du conflit au Sahara occidental, de la cause palestinienne ou de la s\u00e9curisation du Sahel. Cette convergence de vues transforme l&rsquo;axe alg\u00e9ro-italien en un facteur de stabilit\u00e9 r\u00e9gionale et en un interlocuteur cr\u00e9dible pour les grandes puissances mondiales. La M\u00e9diterran\u00e9e redevient ainsi un espace de dialogue et de prosp\u00e9rit\u00e9 partag\u00e9e, loin des tensions g\u00e9opolitiques qui la traversent.<\/p>\n\n\n\n<p>La nouvelle loi alg\u00e9rienne sur l&rsquo;investissement, qui consacre le principe gagnant-gagnant, offre un cadre juridique attractif pour les entreprises italiennes d\u00e9sireuses de s&rsquo;implanter durablement en Alg\u00e9rie. Cette s\u00e9curisation de l&rsquo;environnement des affaires, combin\u00e9e aux garanties offertes aux investisseurs \u00e9trangers, ouvre la voie \u00e0 une nouvelle g\u00e9n\u00e9ration de partenariats industriels et technologiques. Les op\u00e9rateurs \u00e9conomiques des deux pays peuvent d\u00e9sormais envisager des projets structurants, g\u00e9n\u00e9rateurs d&#8217;emplois qualifi\u00e9s et de transfert de technologies.<\/p>\n\n\n\n<p>L&rsquo;axe Alger-Rome incarne \u00e9galement une approche innovante du dialogue euro-africain, d\u00e9passant les sch\u00e9mas traditionnels de l&rsquo;aide au d\u00e9veloppement pour privil\u00e9gier le co-d\u00e9veloppement et l&rsquo;investissement productif. Cette vision trouve un \u00e9cho particulier dans le contexte actuel o\u00f9 l&rsquo;Europe cherche de nouveaux partenaires \u00e9nerg\u00e9tiques fiables et o\u00f9 l&rsquo;Afrique affirme sa volont\u00e9 de diversifier ses relations internationales. L&rsquo;Alg\u00e9rie, par sa position g\u00e9ographique strat\u00e9gique et ses ressources naturelles, et l&rsquo;Italie, par son dynamisme \u00e9conomique et sa proximit\u00e9 g\u00e9ographique, forment un tandem naturel pour r\u00e9inventer les relations euro-m\u00e9diterran\u00e9ennes.&nbsp;Cette ambition partag\u00e9e s&rsquo;enracine dans une confiance mutuelle \u00e9prouv\u00e9e par le temps et renforc\u00e9e par des convergences culturelles profondes. La coop\u00e9ration militaire, illustr\u00e9e par la r\u00e9cente visite du Chef d&rsquo;\u00c9tat-major de l&rsquo;ANP en octobre dernier, t\u00e9moigne de cette confiance strat\u00e9gique qui d\u00e9passe le seul cadre \u00e9conomique pour englober les questions de s\u00e9curit\u00e9 et de d\u00e9fense commune de la r\u00e9gion.&nbsp;En d\u00e9finitive, la cinqui\u00e8me session du Sommet intergouvernemental alg\u00e9ro-italien s&rsquo;annonce comme un moment charni\u00e8re dans la construction d&rsquo;un partenariat exemplaire. Au-del\u00e0 des accords qui seront sign\u00e9s et des projets qui seront lanc\u00e9s, cette rencontre porte l&rsquo;ambition de faire de l&rsquo;axe Alger-Rome un mod\u00e8le de coop\u00e9ration Sud-Nord pour le XXIe si\u00e8cle, un pont entre deux continents unis par la M\u00e9diterran\u00e9e et porteurs d&rsquo;une vision commune de paix, de stabilit\u00e9 et de prosp\u00e9rit\u00e9 partag\u00e9e.<\/p>\n\n\n\n<p>Salim Amokrane<\/p>\n","protected":false},"excerpt":{"rendered":"<p>Le&nbsp;pr\u00e9sident&nbsp;de la R\u00e9publique&nbsp;Abdelmadjid Tebboune&nbsp;a entam\u00e9 hier une visite&nbsp;officielle&nbsp;en Italie. Une visite qui&nbsp;transcende le cadre traditionnel des relations bilat\u00e9rales pour s&rsquo;inscrire<\/p>\n","protected":false},"author":6,"featured_media":70836,"comment_status":"open","ping_status":"closed","sticky":false,"template":"","format":"standard","meta":{"colormag_page_container_layout":"default_layout","colormag_page_sidebar_layout":"default_layout","om_disable_all_campaigns":false,"_monsterinsights_skip_tracking":false,"_monsterinsights_sitenote_active":false,"_monsterinsights_sitenote_note":"","_monsterinsights_sitenote_category":0,"footnotes":"","_wpscppro_dont_share_socialmedia":false,"_wpscppro_custom_social_share_image":0,"_facebook_share_type":"default","_twitter_share_type":"default","_linkedin_share_type":"default","_pinterest_share_type":"default","_linkedin_share_type_page":"","_instagram_share_type":"default","_medium_share_type":"default","_threads_share_type":"","_google_business_share_type":"","_selected_social_profile":[],"_wpsp_enable_custom_social_template":false,"_wpsp_social_scheduling":{"enabled":false,"datetime":null,"platforms":[],"status":"template_only","dateOption":"today","timeOption":"now","customDays":"","customHours":"","customDate":"","customTime":"","schedulingType":"absolute"},"_wpsp_active_default_template":true},"categories":[52,27],"tags":[],"class_list":["post-70835","post","type-post","status-publish","format-standard","has-post-thumbnail","hentry","category-a-la-une","category-actualite"],"aioseo_notices":[],"yoast_head":"<!-- This site is optimized with the Yoast SEO plugin v27.5 - https:\/\/yoast.com\/product\/yoast-seo-wordpress\/ -->\n<title>Visite du Pr\u00e9sident Abdelmadjid Tebboune en Italie\u00a0: Consolider un axe strat\u00e9gique m\u00e9diterran\u00e9en - La Sentinelle<\/title>\n<meta name=\"robots\" content=\"index, follow, max-snippet:-1, max-image-preview:large, max-video-preview:-1\" \/>\n<link rel=\"canonical\" href=\"https:\/\/lasentinelle.dz\/index.php\/2025\/07\/23\/visite-du-president-abdelmadjid-tebboune-en-italie-consolider-un-axe-strategique-mediterraneen\/\" \/>\n<meta property=\"og:locale\" content=\"fr_FR\" \/>\n<meta property=\"og:type\" content=\"article\" \/>\n<meta property=\"og:title\" content=\"Visite du Pr\u00e9sident Abdelmadjid Tebboune en Italie\u00a0: Consolider un axe strat\u00e9gique m\u00e9diterran\u00e9en - La Sentinelle\" \/>\n<meta property=\"og:description\" content=\"Le&nbsp;pr\u00e9sident&nbsp;de la R\u00e9publique&nbsp;Abdelmadjid Tebboune&nbsp;a entam\u00e9 hier une visite&nbsp;officielle&nbsp;en Italie. Une visite qui&nbsp;transcende le cadre traditionnel des relations bilat\u00e9rales pour s&rsquo;inscrire\" \/>\n<meta property=\"og:url\" content=\"https:\/\/lasentinelle.dz\/index.php\/2025\/07\/23\/visite-du-president-abdelmadjid-tebboune-en-italie-consolider-un-axe-strategique-mediterraneen\/\" \/>\n<meta property=\"og:site_name\" content=\"La Sentinelle\" \/>\n<meta property=\"article:publisher\" content=\"https:\/\/www.facebook.com\/La-Sentinelle-104059864394773\" \/>\n<meta property=\"article:published_time\" content=\"2025-07-23T11:48:14+00:00\" \/>\n<meta property=\"article:modified_time\" content=\"2025-07-23T11:48:15+00:00\" \/>\n<meta property=\"og:image\" content=\"https:\/\/lasentinelle.dz\/wp-content\/uploads\/2025\/07\/Tebboune-Rome.jpg\" \/>\n\t<meta property=\"og:image:width\" content=\"1280\" \/>\n\t<meta property=\"og:image:height\" content=\"853\" \/>\n\t<meta property=\"og:image:type\" content=\"image\/jpeg\" \/>\n<meta name=\"author\" content=\"admin\" \/>\n<meta name=\"twitter:card\" content=\"summary_large_image\" \/>\n<meta name=\"twitter:label1\" content=\"\u00c9crit par\" \/>\n\t<meta name=\"twitter:data1\" content=\"admin\" \/>\n\t<meta name=\"twitter:label2\" content=\"Dur\u00e9e de lecture estim\u00e9e\" \/>\n\t<meta name=\"twitter:data2\" content=\"5 minutes\" \/>\n<script type=\"application\/ld+json\" class=\"yoast-schema-graph\">{\"@context\":\"https:\\\/\\\/schema.org\",\"@graph\":[{\"@type\":\"Article\",\"@id\":\"https:\\\/\\\/lasentinelle.dz\\\/index.php\\\/2025\\\/07\\\/23\\\/visite-du-president-abdelmadjid-tebboune-en-italie-consolider-un-axe-strategique-mediterraneen\\\/#article\",\"isPartOf\":{\"@id\":\"https:\\\/\\\/lasentinelle.dz\\\/index.php\\\/2025\\\/07\\\/23\\\/visite-du-president-abdelmadjid-tebboune-en-italie-consolider-un-axe-strategique-mediterraneen\\\/\"},\"author\":{\"name\":\"admin\",\"@id\":\"https:\\\/\\\/lasentinelle.dz\\\/#\\\/schema\\\/person\\\/729ee0024f24e0b8c5ec17232f8e8b41\"},\"headline\":\"Visite du Pr\u00e9sident Abdelmadjid Tebboune en Italie\u00a0: Consolider un axe strat\u00e9gique m\u00e9diterran\u00e9en\",\"datePublished\":\"2025-07-23T11:48:14+00:00\",\"dateModified\":\"2025-07-23T11:48:15+00:00\",\"mainEntityOfPage\":{\"@id\":\"https:\\\/\\\/lasentinelle.dz\\\/index.php\\\/2025\\\/07\\\/23\\\/visite-du-president-abdelmadjid-tebboune-en-italie-consolider-un-axe-strategique-mediterraneen\\\/\"},\"wordCount\":938,\"commentCount\":0,\"publisher\":{\"@id\":\"https:\\\/\\\/lasentinelle.dz\\\/#organization\"},\"image\":{\"@id\":\"https:\\\/\\\/lasentinelle.dz\\\/index.php\\\/2025\\\/07\\\/23\\\/visite-du-president-abdelmadjid-tebboune-en-italie-consolider-un-axe-strategique-mediterraneen\\\/#primaryimage\"},\"thumbnailUrl\":\"https:\\\/\\\/lasentinelle.dz\\\/wp-content\\\/uploads\\\/2025\\\/07\\\/Tebboune-Rome.jpg\",\"articleSection\":[\"\u00c0 la Une\",\"Actualit\u00e9\"],\"inLanguage\":\"fr-FR\",\"potentialAction\":[{\"@type\":\"CommentAction\",\"name\":\"Comment\",\"target\":[\"https:\\\/\\\/lasentinelle.dz\\\/index.php\\\/2025\\\/07\\\/23\\\/visite-du-president-abdelmadjid-tebboune-en-italie-consolider-un-axe-strategique-mediterraneen\\\/#respond\"]}]},{\"@type\":\"WebPage\",\"@id\":\"https:\\\/\\\/lasentinelle.dz\\\/index.php\\\/2025\\\/07\\\/23\\\/visite-du-president-abdelmadjid-tebboune-en-italie-consolider-un-axe-strategique-mediterraneen\\\/\",\"url\":\"https:\\\/\\\/lasentinelle.dz\\\/index.php\\\/2025\\\/07\\\/23\\\/visite-du-president-abdelmadjid-tebboune-en-italie-consolider-un-axe-strategique-mediterraneen\\\/\",\"name\":\"Visite du Pr\u00e9sident Abdelmadjid Tebboune en Italie\u00a0: Consolider un axe strat\u00e9gique m\u00e9diterran\u00e9en - La Sentinelle\",\"isPartOf\":{\"@id\":\"https:\\\/\\\/lasentinelle.dz\\\/#website\"},\"primaryImageOfPage\":{\"@id\":\"https:\\\/\\\/lasentinelle.dz\\\/index.php\\\/2025\\\/07\\\/23\\\/visite-du-president-abdelmadjid-tebboune-en-italie-consolider-un-axe-strategique-mediterraneen\\\/#primaryimage\"},\"image\":{\"@id\":\"https:\\\/\\\/lasentinelle.dz\\\/index.php\\\/2025\\\/07\\\/23\\\/visite-du-president-abdelmadjid-tebboune-en-italie-consolider-un-axe-strategique-mediterraneen\\\/#primaryimage\"},\"thumbnailUrl\":\"https:\\\/\\\/lasentinelle.dz\\\/wp-content\\\/uploads\\\/2025\\\/07\\\/Tebboune-Rome.jpg\",\"datePublished\":\"2025-07-23T11:48:14+00:00\",\"dateModified\":\"2025-07-23T11:48:15+00:00\",\"breadcrumb\":{\"@id\":\"https:\\\/\\\/lasentinelle.dz\\\/index.php\\\/2025\\\/07\\\/23\\\/visite-du-president-abdelmadjid-tebboune-en-italie-consolider-un-axe-strategique-mediterraneen\\\/#breadcrumb\"},\"inLanguage\":\"fr-FR\",\"potentialAction\":[{\"@type\":\"ReadAction\",\"target\":[\"https:\\\/\\\/lasentinelle.dz\\\/index.php\\\/2025\\\/07\\\/23\\\/visite-du-president-abdelmadjid-tebboune-en-italie-consolider-un-axe-strategique-mediterraneen\\\/\"]}]},{\"@type\":\"ImageObject\",\"inLanguage\":\"fr-FR\",\"@id\":\"https:\\\/\\\/lasentinelle.dz\\\/index.php\\\/2025\\\/07\\\/23\\\/visite-du-president-abdelmadjid-tebboune-en-italie-consolider-un-axe-strategique-mediterraneen\\\/#primaryimage\",\"url\":\"https:\\\/\\\/lasentinelle.dz\\\/wp-content\\\/uploads\\\/2025\\\/07\\\/Tebboune-Rome.jpg\",\"contentUrl\":\"https:\\\/\\\/lasentinelle.dz\\\/wp-content\\\/uploads\\\/2025\\\/07\\\/Tebboune-Rome.jpg\",\"width\":1280,\"height\":853},{\"@type\":\"BreadcrumbList\",\"@id\":\"https:\\\/\\\/lasentinelle.dz\\\/index.php\\\/2025\\\/07\\\/23\\\/visite-du-president-abdelmadjid-tebboune-en-italie-consolider-un-axe-strategique-mediterraneen\\\/#breadcrumb\",\"itemListElement\":[{\"@type\":\"ListItem\",\"position\":1,\"name\":\"Accueil\",\"item\":\"https:\\\/\\\/lasentinelle.dz\\\/\"},{\"@type\":\"ListItem\",\"position\":2,\"name\":\"Visite du Pr\u00e9sident Abdelmadjid Tebboune en Italie\u00a0: Consolider un axe strat\u00e9gique m\u00e9diterran\u00e9en\"}]},{\"@type\":\"WebSite\",\"@id\":\"https:\\\/\\\/lasentinelle.dz\\\/#website\",\"url\":\"https:\\\/\\\/lasentinelle.dz\\\/\",\"name\":\"La Sentinelle\",\"description\":\"Quotidien national d&#039;information\",\"publisher\":{\"@id\":\"https:\\\/\\\/lasentinelle.dz\\\/#organization\"},\"potentialAction\":[{\"@type\":\"SearchAction\",\"target\":{\"@type\":\"EntryPoint\",\"urlTemplate\":\"https:\\\/\\\/lasentinelle.dz\\\/?s={search_term_string}\"},\"query-input\":{\"@type\":\"PropertyValueSpecification\",\"valueRequired\":true,\"valueName\":\"search_term_string\"}}],\"inLanguage\":\"fr-FR\"},{\"@type\":\"Organization\",\"@id\":\"https:\\\/\\\/lasentinelle.dz\\\/#organization\",\"name\":\"Quotidien La Sentinelle\",\"url\":\"https:\\\/\\\/lasentinelle.dz\\\/\",\"logo\":{\"@type\":\"ImageObject\",\"inLanguage\":\"fr-FR\",\"@id\":\"https:\\\/\\\/lasentinelle.dz\\\/#\\\/schema\\\/logo\\\/image\\\/\",\"url\":\"https:\\\/\\\/lasentinelle.dz\\\/wp-content\\\/uploads\\\/2021\\\/09\\\/logo-sentinelleSLOGAN-1.png\",\"contentUrl\":\"https:\\\/\\\/lasentinelle.dz\\\/wp-content\\\/uploads\\\/2021\\\/09\\\/logo-sentinelleSLOGAN-1.png\",\"width\":615,\"height\":142,\"caption\":\"Quotidien La Sentinelle\"},\"image\":{\"@id\":\"https:\\\/\\\/lasentinelle.dz\\\/#\\\/schema\\\/logo\\\/image\\\/\"},\"sameAs\":[\"https:\\\/\\\/www.facebook.com\\\/La-Sentinelle-104059864394773\"]},{\"@type\":\"Person\",\"@id\":\"https:\\\/\\\/lasentinelle.dz\\\/#\\\/schema\\\/person\\\/729ee0024f24e0b8c5ec17232f8e8b41\",\"name\":\"admin\",\"image\":{\"@type\":\"ImageObject\",\"inLanguage\":\"fr-FR\",\"@id\":\"https:\\\/\\\/secure.gravatar.com\\\/avatar\\\/4c81fed838786e9b53f540bf46533e750f5d292099ae3b66cfc6fb1982e29df7?s=96&d=mm&r=g\",\"url\":\"https:\\\/\\\/secure.gravatar.com\\\/avatar\\\/4c81fed838786e9b53f540bf46533e750f5d292099ae3b66cfc6fb1982e29df7?s=96&d=mm&r=g\",\"contentUrl\":\"https:\\\/\\\/secure.gravatar.com\\\/avatar\\\/4c81fed838786e9b53f540bf46533e750f5d292099ae3b66cfc6fb1982e29df7?s=96&d=mm&r=g\",\"caption\":\"admin\"},\"description\":\"admin\",\"url\":\"https:\\\/\\\/lasentinelle.dz\\\/author\\\/admin\\\/\"}]}<\/script>\n<!-- \/ Yoast SEO plugin. -->","yoast_head_json":{"title":"Visite du Pr\u00e9sident Abdelmadjid Tebboune en Italie\u00a0: Consolider un axe strat\u00e9gique m\u00e9diterran\u00e9en - La Sentinelle","robots":{"index":"index","follow":"follow","max-snippet":"max-snippet:-1","max-image-preview":"max-image-preview:large","max-video-preview":"max-video-preview:-1"},"canonical":"https:\/\/lasentinelle.dz\/index.php\/2025\/07\/23\/visite-du-president-abdelmadjid-tebboune-en-italie-consolider-un-axe-strategique-mediterraneen\/","og_locale":"fr_FR","og_type":"article","og_title":"Visite du Pr\u00e9sident Abdelmadjid Tebboune en Italie\u00a0: Consolider un axe strat\u00e9gique m\u00e9diterran\u00e9en - La Sentinelle","og_description":"Le&nbsp;pr\u00e9sident&nbsp;de la R\u00e9publique&nbsp;Abdelmadjid Tebboune&nbsp;a entam\u00e9 hier une visite&nbsp;officielle&nbsp;en Italie. Une visite qui&nbsp;transcende le cadre traditionnel des relations bilat\u00e9rales pour s&rsquo;inscrire","og_url":"https:\/\/lasentinelle.dz\/index.php\/2025\/07\/23\/visite-du-president-abdelmadjid-tebboune-en-italie-consolider-un-axe-strategique-mediterraneen\/","og_site_name":"La Sentinelle","article_publisher":"https:\/\/www.facebook.com\/La-Sentinelle-104059864394773","article_published_time":"2025-07-23T11:48:14+00:00","article_modified_time":"2025-07-23T11:48:15+00:00","og_image":[{"width":1280,"height":853,"url":"https:\/\/lasentinelle.dz\/wp-content\/uploads\/2025\/07\/Tebboune-Rome.jpg","type":"image\/jpeg"}],"author":"admin","twitter_card":"summary_large_image","twitter_misc":{"\u00c9crit par":"admin","Dur\u00e9e de lecture estim\u00e9e":"5 minutes"},"schema":{"@context":"https:\/\/schema.org","@graph":[{"@type":"Article","@id":"https:\/\/lasentinelle.dz\/index.php\/2025\/07\/23\/visite-du-president-abdelmadjid-tebboune-en-italie-consolider-un-axe-strategique-mediterraneen\/#article","isPartOf":{"@id":"https:\/\/lasentinelle.dz\/index.php\/2025\/07\/23\/visite-du-president-abdelmadjid-tebboune-en-italie-consolider-un-axe-strategique-mediterraneen\/"},"author":{"name":"admin","@id":"https:\/\/lasentinelle.dz\/#\/schema\/person\/729ee0024f24e0b8c5ec17232f8e8b41"},"headline":"Visite du Pr\u00e9sident Abdelmadjid Tebboune en Italie\u00a0: Consolider un axe strat\u00e9gique m\u00e9diterran\u00e9en","datePublished":"2025-07-23T11:48:14+00:00","dateModified":"2025-07-23T11:48:15+00:00","mainEntityOfPage":{"@id":"https:\/\/lasentinelle.dz\/index.php\/2025\/07\/23\/visite-du-president-abdelmadjid-tebboune-en-italie-consolider-un-axe-strategique-mediterraneen\/"},"wordCount":938,"commentCount":0,"publisher":{"@id":"https:\/\/lasentinelle.dz\/#organization"},"image":{"@id":"https:\/\/lasentinelle.dz\/index.php\/2025\/07\/23\/visite-du-president-abdelmadjid-tebboune-en-italie-consolider-un-axe-strategique-mediterraneen\/#primaryimage"},"thumbnailUrl":"https:\/\/lasentinelle.dz\/wp-content\/uploads\/2025\/07\/Tebboune-Rome.jpg","articleSection":["\u00c0 la Une","Actualit\u00e9"],"inLanguage":"fr-FR","potentialAction":[{"@type":"CommentAction","name":"Comment","target":["https:\/\/lasentinelle.dz\/index.php\/2025\/07\/23\/visite-du-president-abdelmadjid-tebboune-en-italie-consolider-un-axe-strategique-mediterraneen\/#respond"]}]},{"@type":"WebPage","@id":"https:\/\/lasentinelle.dz\/index.php\/2025\/07\/23\/visite-du-president-abdelmadjid-tebboune-en-italie-consolider-un-axe-strategique-mediterraneen\/","url":"https:\/\/lasentinelle.dz\/index.php\/2025\/07\/23\/visite-du-president-abdelmadjid-tebboune-en-italie-consolider-un-axe-strategique-mediterraneen\/","name":"Visite du Pr\u00e9sident Abdelmadjid Tebboune en Italie\u00a0: Consolider un axe strat\u00e9gique m\u00e9diterran\u00e9en - La Sentinelle","isPartOf":{"@id":"https:\/\/lasentinelle.dz\/#website"},"primaryImageOfPage":{"@id":"https:\/\/lasentinelle.dz\/index.php\/2025\/07\/23\/visite-du-president-abdelmadjid-tebboune-en-italie-consolider-un-axe-strategique-mediterraneen\/#primaryimage"},"image":{"@id":"https:\/\/lasentinelle.dz\/index.php\/2025\/07\/23\/visite-du-president-abdelmadjid-tebboune-en-italie-consolider-un-axe-strategique-mediterraneen\/#primaryimage"},"thumbnailUrl":"https:\/\/lasentinelle.dz\/wp-content\/uploads\/2025\/07\/Tebboune-Rome.jpg","datePublished":"2025-07-23T11:48:14+00:00","dateModified":"2025-07-23T11:48:15+00:00","breadcrumb":{"@id":"https:\/\/lasentinelle.dz\/index.php\/2025\/07\/23\/visite-du-president-abdelmadjid-tebboune-en-italie-consolider-un-axe-strategique-mediterraneen\/#breadcrumb"},"inLanguage":"fr-FR","potentialAction":[{"@type":"ReadAction","target":["https:\/\/lasentinelle.dz\/index.php\/2025\/07\/23\/visite-du-president-abdelmadjid-tebboune-en-italie-consolider-un-axe-strategique-mediterraneen\/"]}]},{"@type":"ImageObject","inLanguage":"fr-FR","@id":"https:\/\/lasentinelle.dz\/index.php\/2025\/07\/23\/visite-du-president-abdelmadjid-tebboune-en-italie-consolider-un-axe-strategique-mediterraneen\/#primaryimage","url":"https:\/\/lasentinelle.dz\/wp-content\/uploads\/2025\/07\/Tebboune-Rome.jpg","contentUrl":"https:\/\/lasentinelle.dz\/wp-content\/uploads\/2025\/07\/Tebboune-Rome.jpg","width":1280,"height":853},{"@type":"BreadcrumbList","@id":"https:\/\/lasentinelle.dz\/index.php\/2025\/07\/23\/visite-du-president-abdelmadjid-tebboune-en-italie-consolider-un-axe-strategique-mediterraneen\/#breadcrumb","itemListElement":[{"@type":"ListItem","position":1,"name":"Accueil","item":"https:\/\/lasentinelle.dz\/"},{"@type":"ListItem","position":2,"name":"Visite du Pr\u00e9sident Abdelmadjid Tebboune en Italie\u00a0: Consolider un axe strat\u00e9gique m\u00e9diterran\u00e9en"}]},{"@type":"WebSite","@id":"https:\/\/lasentinelle.dz\/#website","url":"https:\/\/lasentinelle.dz\/","name":"La Sentinelle","description":"Quotidien national d&#039;information","publisher":{"@id":"https:\/\/lasentinelle.dz\/#organization"},"potentialAction":[{"@type":"SearchAction","target":{"@type":"EntryPoint","urlTemplate":"https:\/\/lasentinelle.dz\/?s={search_term_string}"},"query-input":{"@type":"PropertyValueSpecification","valueRequired":true,"valueName":"search_term_string"}}],"inLanguage":"fr-FR"},{"@type":"Organization","@id":"https:\/\/lasentinelle.dz\/#organization","name":"Quotidien La Sentinelle","url":"https:\/\/lasentinelle.dz\/","logo":{"@type":"ImageObject","inLanguage":"fr-FR","@id":"https:\/\/lasentinelle.dz\/#\/schema\/logo\/image\/","url":"https:\/\/lasentinelle.dz\/wp-content\/uploads\/2021\/09\/logo-sentinelleSLOGAN-1.png","contentUrl":"https:\/\/lasentinelle.dz\/wp-content\/uploads\/2021\/09\/logo-sentinelleSLOGAN-1.png","width":615,"height":142,"caption":"Quotidien La Sentinelle"},"image":{"@id":"https:\/\/lasentinelle.dz\/#\/schema\/logo\/image\/"},"sameAs":["https:\/\/www.facebook.com\/La-Sentinelle-104059864394773"]},{"@type":"Person","@id":"https:\/\/lasentinelle.dz\/#\/schema\/person\/729ee0024f24e0b8c5ec17232f8e8b41","name":"admin","image":{"@type":"ImageObject","inLanguage":"fr-FR","@id":"https:\/\/secure.gravatar.com\/avatar\/4c81fed838786e9b53f540bf46533e750f5d292099ae3b66cfc6fb1982e29df7?s=96&d=mm&r=g","url":"https:\/\/secure.gravatar.com\/avatar\/4c81fed838786e9b53f540bf46533e750f5d292099ae3b66cfc6fb1982e29df7?s=96&d=mm&r=g","contentUrl":"https:\/\/secure.gravatar.com\/avatar\/4c81fed838786e9b53f540bf46533e750f5d292099ae3b66cfc6fb1982e29df7?s=96&d=mm&r=g","caption":"admin"},"description":"admin","url":"https:\/\/lasentinelle.dz\/author\/admin\/"}]}},"_links":{"self":[{"href":"https:\/\/lasentinelle.dz\/index.php\/wp-json\/wp\/v2\/posts\/70835","targetHints":{"allow":["GET"]}}],"collection":[{"href":"https:\/\/lasentinelle.dz\/index.php\/wp-json\/wp\/v2\/posts"}],"about":[{"href":"https:\/\/lasentinelle.dz\/index.php\/wp-json\/wp\/v2\/types\/post"}],"author":[{"embeddable":true,"href":"https:\/\/lasentinelle.dz\/index.php\/wp-json\/wp\/v2\/users\/6"}],"replies":[{"embeddable":true,"href":"https:\/\/lasentinelle.dz\/index.php\/wp-json\/wp\/v2\/comments?post=70835"}],"version-history":[{"count":1,"href":"https:\/\/lasentinelle.dz\/index.php\/wp-json\/wp\/v2\/posts\/70835\/revisions"}],"predecessor-version":[{"id":70837,"href":"https:\/\/lasentinelle.dz\/index.php\/wp-json\/wp\/v2\/posts\/70835\/revisions\/70837"}],"wp:featuredmedia":[{"embeddable":true,"href":"https:\/\/lasentinelle.dz\/index.php\/wp-json\/wp\/v2\/media\/70836"}],"wp:attachment":[{"href":"https:\/\/lasentinelle.dz\/index.php\/wp-json\/wp\/v2\/media?parent=70835"}],"wp:term":[{"taxonomy":"category","embeddable":true,"href":"https:\/\/lasentinelle.dz\/index.php\/wp-json\/wp\/v2\/categories?post=70835"},{"taxonomy":"post_tag","embeddable":true,"href":"https:\/\/lasentinelle.dz\/index.php\/wp-json\/wp\/v2\/tags?post=70835"}],"curies":[{"name":"wp","href":"https:\/\/api.w.org\/{rel}","templated":true}]}}