{"id":70841,"date":"2025-07-24T14:22:44","date_gmt":"2025-07-24T13:22:44","guid":{"rendered":"https:\/\/lasentinelle.dz\/?p=70841"},"modified":"2025-07-26T14:35:15","modified_gmt":"2025-07-26T13:35:15","slug":"bilan-operationnel-de-lanp-plus-de-3-quintaux-de-kif-en-provenance-du-maroc-saisis-2","status":"publish","type":"post","link":"https:\/\/lasentinelle.dz\/index.php\/2025\/07\/24\/bilan-operationnel-de-lanp-plus-de-3-quintaux-de-kif-en-provenance-du-maroc-saisis-2\/","title":{"rendered":"Bilan op\u00e9rationnel\u00a0de l\u2019ANP\u00a0: Plus de 3 quintaux de kif\u00a0en provenance du Maroc\u00a0saisis"},"content":{"rendered":"\n<p>Les unit\u00e9s et d\u00e9tachements de l&rsquo;Arm\u00e9e Nationale Populaire poursuivent sans rel\u00e2che leurs op\u00e9rations de s\u00e9curisation du territoire national, traquant tous types de trafics, de criminalit\u00e9 organis\u00e9e et particuli\u00e8rement le terrorisme. Le bilan des op\u00e9rations men\u00e9es du 16 au 22 du mois en cours t\u00e9moigne une nouvelle fois de l&rsquo;engagement et de la d\u00e9termination des forces arm\u00e9es alg\u00e9riennes.<\/p>\n\n\n\n<p>Dans le cadre de la lutte antiterroriste, les forces de l&rsquo;ANP ont proc\u00e9d\u00e9 \u00e0 l&rsquo;arrestation de cinq \u00e9l\u00e9ments de soutien aux groupes terroristes lors d&rsquo;op\u00e9rations distinctes men\u00e9es sur l&rsquo;ensemble du territoire national, selon un communiqu\u00e9 du minist\u00e8re de la D\u00e9fense nationale. Concernant la lutte contre la criminalit\u00e9 transfrontali\u00e8re, notamment le trafic de stup\u00e9fiants, les d\u00e9tachements conjoints de l&rsquo;ANP, en coordination avec les services de s\u00e9curit\u00e9, ont d\u00e9jou\u00e9 plusieurs tentatives d&rsquo;introduction de substances narcotiques en provenance des fronti\u00e8res marocaines. Ces op\u00e9rations ont permis l&rsquo;arrestation de 33 trafiquants de drogue et la saisie de 3,25 quintaux de kif trait\u00e9, ainsi que 94 011 comprim\u00e9s hallucinog\u00e8nes lors d&rsquo;interventions men\u00e9es dans diff\u00e9rentes r\u00e9gions militaires.<\/p>\n\n\n\n<p>L&rsquo;orpaillage illicite dans le Grand Sud constitue \u00e9galement un d\u00e9fi majeur pour les forces de l&rsquo;ANP. L&rsquo;affluence continue des orpailleurs subsahariens en qu\u00eate du m\u00e9tal pr\u00e9cieux ne faiblit pas, avec une augmentation hebdomadaire du nombre d&rsquo;individus pr\u00e9sents dans les villes du grand d\u00e9sert alg\u00e9rien. Cette semaine, les d\u00e9tachements de l&rsquo;ANP ont interpell\u00e9 286 personnes \u00e0 Tamanrasset, Bordj Badji Mokhtar, Ain Guezzam et El Oued. Ces op\u00e9rations ont donn\u00e9 lieu \u00e0 la saisie de 43 v\u00e9hicules, 162 groupes \u00e9lectrog\u00e8nes, 81 marteaux-piqueurs, cinq d\u00e9tecteurs de m\u00e9taux, ainsi que diverses quantit\u00e9s d&rsquo;or brut, de pierres, d&rsquo;explosifs, de mat\u00e9riel de d\u00e9tonation et d&rsquo;\u00e9quipements utilis\u00e9s dans l&rsquo;orpaillage clandestin.<\/p>\n\n\n\n<p>Parall\u00e8lement, quinze autres personnes ont \u00e9t\u00e9 arr\u00eat\u00e9es et les forces de s\u00e9curit\u00e9 ont saisi un fusil de chasse, 14 060 litres de carburant, dix quintaux de tabac et 171 tonnes de denr\u00e9es alimentaires destin\u00e9es \u00e0 la contrebande et \u00e0 la sp\u00e9culation lors d&rsquo;op\u00e9rations distinctes. S&rsquo;agissant de l&rsquo;\u00e9migration clandestine, les garde-c\u00f4tes ont d\u00e9jou\u00e9 plusieurs tentatives le long des c\u00f4tes nationales et secouru 272 personnes qui se trouvaient \u00e0 bord d&#8217;embarcations de fortune. Par voie terrestre, 439 immigrants subsahariens de diff\u00e9rentes nationalit\u00e9s ont \u00e9t\u00e9 interpell\u00e9s sur l&rsquo;ensemble du territoire national, conclut le communiqu\u00e9 du minist\u00e8re de la D\u00e9fense&nbsp;nationale.<\/p>\n\n\n\n<p>Sofia Chahine<\/p>\n","protected":false},"excerpt":{"rendered":"<p>Les unit\u00e9s et d\u00e9tachements de l&rsquo;Arm\u00e9e Nationale Populaire poursuivent sans rel\u00e2che leurs op\u00e9rations de s\u00e9curisation du territoire national, traquant tous<\/p>\n","protected":false},"author":6,"featured_media":42978,"comment_status":"open","ping_status":"closed","sticky":false,"template":"","format":"standard","meta":{"colormag_page_container_layout":"default_layout","colormag_page_sidebar_layout":"default_layout","om_disable_all_campaigns":false,"_monsterinsights_skip_tracking":false,"_monsterinsights_sitenote_active":false,"_monsterinsights_sitenote_note":"","_monsterinsights_sitenote_category":0,"footnotes":"","_wpscppro_dont_share_socialmedia":false,"_wpscppro_custom_social_share_image":0,"_facebook_share_type":"default","_twitter_share_type":"default","_linkedin_share_type":"default","_pinterest_share_type":"default","_linkedin_share_type_page":"","_instagram_share_type":"default","_medium_share_type":"default","_threads_share_type":"","_google_business_share_type":"","_selected_social_profile":[],"_wpsp_enable_custom_social_template":false,"_wpsp_social_scheduling":{"enabled":false,"datetime":null,"platforms":[],"status":"template_only","dateOption":"today","timeOption":"now","customDays":"","customHours":"","customDate":"","customTime":"","schedulingType":"absolute"},"_wpsp_active_default_template":true},"categories":[27],"tags":[],"class_list":["post-70841","post","type-post","status-publish","format-standard","has-post-thumbnail","hentry","category-actualite"],"aioseo_notices":[],"yoast_head":"<!-- This site is optimized with the Yoast SEO plugin v27.5 - https:\/\/yoast.com\/product\/yoast-seo-wordpress\/ -->\n<title>Bilan op\u00e9rationnel\u00a0de l\u2019ANP\u00a0: Plus de 3 quintaux de kif\u00a0en provenance du Maroc\u00a0saisis - La Sentinelle<\/title>\n<meta name=\"robots\" content=\"index, follow, max-snippet:-1, max-image-preview:large, max-video-preview:-1\" \/>\n<link rel=\"canonical\" href=\"https:\/\/lasentinelle.dz\/index.php\/2025\/07\/24\/bilan-operationnel-de-lanp-plus-de-3-quintaux-de-kif-en-provenance-du-maroc-saisis-2\/\" \/>\n<meta property=\"og:locale\" content=\"fr_FR\" \/>\n<meta property=\"og:type\" content=\"article\" \/>\n<meta property=\"og:title\" content=\"Bilan op\u00e9rationnel\u00a0de l\u2019ANP\u00a0: Plus de 3 quintaux de kif\u00a0en provenance du Maroc\u00a0saisis - La Sentinelle\" \/>\n<meta property=\"og:description\" content=\"Les unit\u00e9s et d\u00e9tachements de l&rsquo;Arm\u00e9e Nationale Populaire poursuivent sans rel\u00e2che leurs op\u00e9rations de s\u00e9curisation du territoire national, traquant tous\" \/>\n<meta property=\"og:url\" content=\"https:\/\/lasentinelle.dz\/index.php\/2025\/07\/24\/bilan-operationnel-de-lanp-plus-de-3-quintaux-de-kif-en-provenance-du-maroc-saisis-2\/\" \/>\n<meta property=\"og:site_name\" content=\"La Sentinelle\" \/>\n<meta property=\"article:publisher\" content=\"https:\/\/www.facebook.com\/La-Sentinelle-104059864394773\" \/>\n<meta property=\"article:published_time\" content=\"2025-07-24T13:22:44+00:00\" \/>\n<meta property=\"article:modified_time\" content=\"2025-07-26T13:35:15+00:00\" \/>\n<meta property=\"og:image\" content=\"https:\/\/lasentinelle.dz\/wp-content\/uploads\/2023\/06\/kif.jpg\" \/>\n\t<meta property=\"og:image:width\" content=\"1210\" \/>\n\t<meta property=\"og:image:height\" content=\"682\" \/>\n\t<meta property=\"og:image:type\" content=\"image\/jpeg\" \/>\n<meta name=\"author\" content=\"admin\" \/>\n<meta name=\"twitter:card\" content=\"summary_large_image\" \/>\n<meta name=\"twitter:label1\" content=\"\u00c9crit par\" \/>\n\t<meta name=\"twitter:data1\" content=\"admin\" \/>\n\t<meta name=\"twitter:label2\" content=\"Dur\u00e9e de lecture estim\u00e9e\" \/>\n\t<meta name=\"twitter:data2\" content=\"3 minutes\" \/>\n<script type=\"application\/ld+json\" class=\"yoast-schema-graph\">{\"@context\":\"https:\\\/\\\/schema.org\",\"@graph\":[{\"@type\":\"Article\",\"@id\":\"https:\\\/\\\/lasentinelle.dz\\\/index.php\\\/2025\\\/07\\\/24\\\/bilan-operationnel-de-lanp-plus-de-3-quintaux-de-kif-en-provenance-du-maroc-saisis-2\\\/#article\",\"isPartOf\":{\"@id\":\"https:\\\/\\\/lasentinelle.dz\\\/index.php\\\/2025\\\/07\\\/24\\\/bilan-operationnel-de-lanp-plus-de-3-quintaux-de-kif-en-provenance-du-maroc-saisis-2\\\/\"},\"author\":{\"name\":\"admin\",\"@id\":\"https:\\\/\\\/lasentinelle.dz\\\/#\\\/schema\\\/person\\\/729ee0024f24e0b8c5ec17232f8e8b41\"},\"headline\":\"Bilan op\u00e9rationnel\u00a0de l\u2019ANP\u00a0: Plus de 3 quintaux de kif\u00a0en provenance du Maroc\u00a0saisis\",\"datePublished\":\"2025-07-24T13:22:44+00:00\",\"dateModified\":\"2025-07-26T13:35:15+00:00\",\"mainEntityOfPage\":{\"@id\":\"https:\\\/\\\/lasentinelle.dz\\\/index.php\\\/2025\\\/07\\\/24\\\/bilan-operationnel-de-lanp-plus-de-3-quintaux-de-kif-en-provenance-du-maroc-saisis-2\\\/\"},\"wordCount\":454,\"commentCount\":0,\"publisher\":{\"@id\":\"https:\\\/\\\/lasentinelle.dz\\\/#organization\"},\"image\":{\"@id\":\"https:\\\/\\\/lasentinelle.dz\\\/index.php\\\/2025\\\/07\\\/24\\\/bilan-operationnel-de-lanp-plus-de-3-quintaux-de-kif-en-provenance-du-maroc-saisis-2\\\/#primaryimage\"},\"thumbnailUrl\":\"https:\\\/\\\/lasentinelle.dz\\\/wp-content\\\/uploads\\\/2023\\\/06\\\/kif.jpg\",\"articleSection\":[\"Actualit\u00e9\"],\"inLanguage\":\"fr-FR\",\"potentialAction\":[{\"@type\":\"CommentAction\",\"name\":\"Comment\",\"target\":[\"https:\\\/\\\/lasentinelle.dz\\\/index.php\\\/2025\\\/07\\\/24\\\/bilan-operationnel-de-lanp-plus-de-3-quintaux-de-kif-en-provenance-du-maroc-saisis-2\\\/#respond\"]}]},{\"@type\":\"WebPage\",\"@id\":\"https:\\\/\\\/lasentinelle.dz\\\/index.php\\\/2025\\\/07\\\/24\\\/bilan-operationnel-de-lanp-plus-de-3-quintaux-de-kif-en-provenance-du-maroc-saisis-2\\\/\",\"url\":\"https:\\\/\\\/lasentinelle.dz\\\/index.php\\\/2025\\\/07\\\/24\\\/bilan-operationnel-de-lanp-plus-de-3-quintaux-de-kif-en-provenance-du-maroc-saisis-2\\\/\",\"name\":\"Bilan op\u00e9rationnel\u00a0de l\u2019ANP\u00a0: Plus de 3 quintaux de kif\u00a0en provenance du Maroc\u00a0saisis - La Sentinelle\",\"isPartOf\":{\"@id\":\"https:\\\/\\\/lasentinelle.dz\\\/#website\"},\"primaryImageOfPage\":{\"@id\":\"https:\\\/\\\/lasentinelle.dz\\\/index.php\\\/2025\\\/07\\\/24\\\/bilan-operationnel-de-lanp-plus-de-3-quintaux-de-kif-en-provenance-du-maroc-saisis-2\\\/#primaryimage\"},\"image\":{\"@id\":\"https:\\\/\\\/lasentinelle.dz\\\/index.php\\\/2025\\\/07\\\/24\\\/bilan-operationnel-de-lanp-plus-de-3-quintaux-de-kif-en-provenance-du-maroc-saisis-2\\\/#primaryimage\"},\"thumbnailUrl\":\"https:\\\/\\\/lasentinelle.dz\\\/wp-content\\\/uploads\\\/2023\\\/06\\\/kif.jpg\",\"datePublished\":\"2025-07-24T13:22:44+00:00\",\"dateModified\":\"2025-07-26T13:35:15+00:00\",\"breadcrumb\":{\"@id\":\"https:\\\/\\\/lasentinelle.dz\\\/index.php\\\/2025\\\/07\\\/24\\\/bilan-operationnel-de-lanp-plus-de-3-quintaux-de-kif-en-provenance-du-maroc-saisis-2\\\/#breadcrumb\"},\"inLanguage\":\"fr-FR\",\"potentialAction\":[{\"@type\":\"ReadAction\",\"target\":[\"https:\\\/\\\/lasentinelle.dz\\\/index.php\\\/2025\\\/07\\\/24\\\/bilan-operationnel-de-lanp-plus-de-3-quintaux-de-kif-en-provenance-du-maroc-saisis-2\\\/\"]}]},{\"@type\":\"ImageObject\",\"inLanguage\":\"fr-FR\",\"@id\":\"https:\\\/\\\/lasentinelle.dz\\\/index.php\\\/2025\\\/07\\\/24\\\/bilan-operationnel-de-lanp-plus-de-3-quintaux-de-kif-en-provenance-du-maroc-saisis-2\\\/#primaryimage\",\"url\":\"https:\\\/\\\/lasentinelle.dz\\\/wp-content\\\/uploads\\\/2023\\\/06\\\/kif.jpg\",\"contentUrl\":\"https:\\\/\\\/lasentinelle.dz\\\/wp-content\\\/uploads\\\/2023\\\/06\\\/kif.jpg\",\"width\":1210,\"height\":682},{\"@type\":\"BreadcrumbList\",\"@id\":\"https:\\\/\\\/lasentinelle.dz\\\/index.php\\\/2025\\\/07\\\/24\\\/bilan-operationnel-de-lanp-plus-de-3-quintaux-de-kif-en-provenance-du-maroc-saisis-2\\\/#breadcrumb\",\"itemListElement\":[{\"@type\":\"ListItem\",\"position\":1,\"name\":\"Accueil\",\"item\":\"https:\\\/\\\/lasentinelle.dz\\\/\"},{\"@type\":\"ListItem\",\"position\":2,\"name\":\"Bilan op\u00e9rationnel\u00a0de l\u2019ANP\u00a0: Plus de 3 quintaux de kif\u00a0en provenance du Maroc\u00a0saisis\"}]},{\"@type\":\"WebSite\",\"@id\":\"https:\\\/\\\/lasentinelle.dz\\\/#website\",\"url\":\"https:\\\/\\\/lasentinelle.dz\\\/\",\"name\":\"La Sentinelle\",\"description\":\"Quotidien national d&#039;information\",\"publisher\":{\"@id\":\"https:\\\/\\\/lasentinelle.dz\\\/#organization\"},\"potentialAction\":[{\"@type\":\"SearchAction\",\"target\":{\"@type\":\"EntryPoint\",\"urlTemplate\":\"https:\\\/\\\/lasentinelle.dz\\\/?s={search_term_string}\"},\"query-input\":{\"@type\":\"PropertyValueSpecification\",\"valueRequired\":true,\"valueName\":\"search_term_string\"}}],\"inLanguage\":\"fr-FR\"},{\"@type\":\"Organization\",\"@id\":\"https:\\\/\\\/lasentinelle.dz\\\/#organization\",\"name\":\"Quotidien La Sentinelle\",\"url\":\"https:\\\/\\\/lasentinelle.dz\\\/\",\"logo\":{\"@type\":\"ImageObject\",\"inLanguage\":\"fr-FR\",\"@id\":\"https:\\\/\\\/lasentinelle.dz\\\/#\\\/schema\\\/logo\\\/image\\\/\",\"url\":\"https:\\\/\\\/lasentinelle.dz\\\/wp-content\\\/uploads\\\/2021\\\/09\\\/logo-sentinelleSLOGAN-1.png\",\"contentUrl\":\"https:\\\/\\\/lasentinelle.dz\\\/wp-content\\\/uploads\\\/2021\\\/09\\\/logo-sentinelleSLOGAN-1.png\",\"width\":615,\"height\":142,\"caption\":\"Quotidien La Sentinelle\"},\"image\":{\"@id\":\"https:\\\/\\\/lasentinelle.dz\\\/#\\\/schema\\\/logo\\\/image\\\/\"},\"sameAs\":[\"https:\\\/\\\/www.facebook.com\\\/La-Sentinelle-104059864394773\"]},{\"@type\":\"Person\",\"@id\":\"https:\\\/\\\/lasentinelle.dz\\\/#\\\/schema\\\/person\\\/729ee0024f24e0b8c5ec17232f8e8b41\",\"name\":\"admin\",\"image\":{\"@type\":\"ImageObject\",\"inLanguage\":\"fr-FR\",\"@id\":\"https:\\\/\\\/secure.gravatar.com\\\/avatar\\\/4c81fed838786e9b53f540bf46533e750f5d292099ae3b66cfc6fb1982e29df7?s=96&d=mm&r=g\",\"url\":\"https:\\\/\\\/secure.gravatar.com\\\/avatar\\\/4c81fed838786e9b53f540bf46533e750f5d292099ae3b66cfc6fb1982e29df7?s=96&d=mm&r=g\",\"contentUrl\":\"https:\\\/\\\/secure.gravatar.com\\\/avatar\\\/4c81fed838786e9b53f540bf46533e750f5d292099ae3b66cfc6fb1982e29df7?s=96&d=mm&r=g\",\"caption\":\"admin\"},\"description\":\"admin\",\"url\":\"https:\\\/\\\/lasentinelle.dz\\\/author\\\/admin\\\/\"}]}<\/script>\n<!-- \/ Yoast SEO plugin. -->","yoast_head_json":{"title":"Bilan op\u00e9rationnel\u00a0de l\u2019ANP\u00a0: Plus de 3 quintaux de kif\u00a0en provenance du Maroc\u00a0saisis - La Sentinelle","robots":{"index":"index","follow":"follow","max-snippet":"max-snippet:-1","max-image-preview":"max-image-preview:large","max-video-preview":"max-video-preview:-1"},"canonical":"https:\/\/lasentinelle.dz\/index.php\/2025\/07\/24\/bilan-operationnel-de-lanp-plus-de-3-quintaux-de-kif-en-provenance-du-maroc-saisis-2\/","og_locale":"fr_FR","og_type":"article","og_title":"Bilan op\u00e9rationnel\u00a0de l\u2019ANP\u00a0: Plus de 3 quintaux de kif\u00a0en provenance du Maroc\u00a0saisis - La Sentinelle","og_description":"Les unit\u00e9s et d\u00e9tachements de l&rsquo;Arm\u00e9e Nationale Populaire poursuivent sans rel\u00e2che leurs op\u00e9rations de s\u00e9curisation du territoire national, traquant tous","og_url":"https:\/\/lasentinelle.dz\/index.php\/2025\/07\/24\/bilan-operationnel-de-lanp-plus-de-3-quintaux-de-kif-en-provenance-du-maroc-saisis-2\/","og_site_name":"La Sentinelle","article_publisher":"https:\/\/www.facebook.com\/La-Sentinelle-104059864394773","article_published_time":"2025-07-24T13:22:44+00:00","article_modified_time":"2025-07-26T13:35:15+00:00","og_image":[{"width":1210,"height":682,"url":"https:\/\/lasentinelle.dz\/wp-content\/uploads\/2023\/06\/kif.jpg","type":"image\/jpeg"}],"author":"admin","twitter_card":"summary_large_image","twitter_misc":{"\u00c9crit par":"admin","Dur\u00e9e de lecture estim\u00e9e":"3 minutes"},"schema":{"@context":"https:\/\/schema.org","@graph":[{"@type":"Article","@id":"https:\/\/lasentinelle.dz\/index.php\/2025\/07\/24\/bilan-operationnel-de-lanp-plus-de-3-quintaux-de-kif-en-provenance-du-maroc-saisis-2\/#article","isPartOf":{"@id":"https:\/\/lasentinelle.dz\/index.php\/2025\/07\/24\/bilan-operationnel-de-lanp-plus-de-3-quintaux-de-kif-en-provenance-du-maroc-saisis-2\/"},"author":{"name":"admin","@id":"https:\/\/lasentinelle.dz\/#\/schema\/person\/729ee0024f24e0b8c5ec17232f8e8b41"},"headline":"Bilan op\u00e9rationnel\u00a0de l\u2019ANP\u00a0: Plus de 3 quintaux de kif\u00a0en provenance du Maroc\u00a0saisis","datePublished":"2025-07-24T13:22:44+00:00","dateModified":"2025-07-26T13:35:15+00:00","mainEntityOfPage":{"@id":"https:\/\/lasentinelle.dz\/index.php\/2025\/07\/24\/bilan-operationnel-de-lanp-plus-de-3-quintaux-de-kif-en-provenance-du-maroc-saisis-2\/"},"wordCount":454,"commentCount":0,"publisher":{"@id":"https:\/\/lasentinelle.dz\/#organization"},"image":{"@id":"https:\/\/lasentinelle.dz\/index.php\/2025\/07\/24\/bilan-operationnel-de-lanp-plus-de-3-quintaux-de-kif-en-provenance-du-maroc-saisis-2\/#primaryimage"},"thumbnailUrl":"https:\/\/lasentinelle.dz\/wp-content\/uploads\/2023\/06\/kif.jpg","articleSection":["Actualit\u00e9"],"inLanguage":"fr-FR","potentialAction":[{"@type":"CommentAction","name":"Comment","target":["https:\/\/lasentinelle.dz\/index.php\/2025\/07\/24\/bilan-operationnel-de-lanp-plus-de-3-quintaux-de-kif-en-provenance-du-maroc-saisis-2\/#respond"]}]},{"@type":"WebPage","@id":"https:\/\/lasentinelle.dz\/index.php\/2025\/07\/24\/bilan-operationnel-de-lanp-plus-de-3-quintaux-de-kif-en-provenance-du-maroc-saisis-2\/","url":"https:\/\/lasentinelle.dz\/index.php\/2025\/07\/24\/bilan-operationnel-de-lanp-plus-de-3-quintaux-de-kif-en-provenance-du-maroc-saisis-2\/","name":"Bilan op\u00e9rationnel\u00a0de l\u2019ANP\u00a0: Plus de 3 quintaux de kif\u00a0en provenance du Maroc\u00a0saisis - La Sentinelle","isPartOf":{"@id":"https:\/\/lasentinelle.dz\/#website"},"primaryImageOfPage":{"@id":"https:\/\/lasentinelle.dz\/index.php\/2025\/07\/24\/bilan-operationnel-de-lanp-plus-de-3-quintaux-de-kif-en-provenance-du-maroc-saisis-2\/#primaryimage"},"image":{"@id":"https:\/\/lasentinelle.dz\/index.php\/2025\/07\/24\/bilan-operationnel-de-lanp-plus-de-3-quintaux-de-kif-en-provenance-du-maroc-saisis-2\/#primaryimage"},"thumbnailUrl":"https:\/\/lasentinelle.dz\/wp-content\/uploads\/2023\/06\/kif.jpg","datePublished":"2025-07-24T13:22:44+00:00","dateModified":"2025-07-26T13:35:15+00:00","breadcrumb":{"@id":"https:\/\/lasentinelle.dz\/index.php\/2025\/07\/24\/bilan-operationnel-de-lanp-plus-de-3-quintaux-de-kif-en-provenance-du-maroc-saisis-2\/#breadcrumb"},"inLanguage":"fr-FR","potentialAction":[{"@type":"ReadAction","target":["https:\/\/lasentinelle.dz\/index.php\/2025\/07\/24\/bilan-operationnel-de-lanp-plus-de-3-quintaux-de-kif-en-provenance-du-maroc-saisis-2\/"]}]},{"@type":"ImageObject","inLanguage":"fr-FR","@id":"https:\/\/lasentinelle.dz\/index.php\/2025\/07\/24\/bilan-operationnel-de-lanp-plus-de-3-quintaux-de-kif-en-provenance-du-maroc-saisis-2\/#primaryimage","url":"https:\/\/lasentinelle.dz\/wp-content\/uploads\/2023\/06\/kif.jpg","contentUrl":"https:\/\/lasentinelle.dz\/wp-content\/uploads\/2023\/06\/kif.jpg","width":1210,"height":682},{"@type":"BreadcrumbList","@id":"https:\/\/lasentinelle.dz\/index.php\/2025\/07\/24\/bilan-operationnel-de-lanp-plus-de-3-quintaux-de-kif-en-provenance-du-maroc-saisis-2\/#breadcrumb","itemListElement":[{"@type":"ListItem","position":1,"name":"Accueil","item":"https:\/\/lasentinelle.dz\/"},{"@type":"ListItem","position":2,"name":"Bilan op\u00e9rationnel\u00a0de l\u2019ANP\u00a0: Plus de 3 quintaux de kif\u00a0en provenance du Maroc\u00a0saisis"}]},{"@type":"WebSite","@id":"https:\/\/lasentinelle.dz\/#website","url":"https:\/\/lasentinelle.dz\/","name":"La Sentinelle","description":"Quotidien national d&#039;information","publisher":{"@id":"https:\/\/lasentinelle.dz\/#organization"},"potentialAction":[{"@type":"SearchAction","target":{"@type":"EntryPoint","urlTemplate":"https:\/\/lasentinelle.dz\/?s={search_term_string}"},"query-input":{"@type":"PropertyValueSpecification","valueRequired":true,"valueName":"search_term_string"}}],"inLanguage":"fr-FR"},{"@type":"Organization","@id":"https:\/\/lasentinelle.dz\/#organization","name":"Quotidien La Sentinelle","url":"https:\/\/lasentinelle.dz\/","logo":{"@type":"ImageObject","inLanguage":"fr-FR","@id":"https:\/\/lasentinelle.dz\/#\/schema\/logo\/image\/","url":"https:\/\/lasentinelle.dz\/wp-content\/uploads\/2021\/09\/logo-sentinelleSLOGAN-1.png","contentUrl":"https:\/\/lasentinelle.dz\/wp-content\/uploads\/2021\/09\/logo-sentinelleSLOGAN-1.png","width":615,"height":142,"caption":"Quotidien La Sentinelle"},"image":{"@id":"https:\/\/lasentinelle.dz\/#\/schema\/logo\/image\/"},"sameAs":["https:\/\/www.facebook.com\/La-Sentinelle-104059864394773"]},{"@type":"Person","@id":"https:\/\/lasentinelle.dz\/#\/schema\/person\/729ee0024f24e0b8c5ec17232f8e8b41","name":"admin","image":{"@type":"ImageObject","inLanguage":"fr-FR","@id":"https:\/\/secure.gravatar.com\/avatar\/4c81fed838786e9b53f540bf46533e750f5d292099ae3b66cfc6fb1982e29df7?s=96&d=mm&r=g","url":"https:\/\/secure.gravatar.com\/avatar\/4c81fed838786e9b53f540bf46533e750f5d292099ae3b66cfc6fb1982e29df7?s=96&d=mm&r=g","contentUrl":"https:\/\/secure.gravatar.com\/avatar\/4c81fed838786e9b53f540bf46533e750f5d292099ae3b66cfc6fb1982e29df7?s=96&d=mm&r=g","caption":"admin"},"description":"admin","url":"https:\/\/lasentinelle.dz\/author\/admin\/"}]}},"_links":{"self":[{"href":"https:\/\/lasentinelle.dz\/index.php\/wp-json\/wp\/v2\/posts\/70841","targetHints":{"allow":["GET"]}}],"collection":[{"href":"https:\/\/lasentinelle.dz\/index.php\/wp-json\/wp\/v2\/posts"}],"about":[{"href":"https:\/\/lasentinelle.dz\/index.php\/wp-json\/wp\/v2\/types\/post"}],"author":[{"embeddable":true,"href":"https:\/\/lasentinelle.dz\/index.php\/wp-json\/wp\/v2\/users\/6"}],"replies":[{"embeddable":true,"href":"https:\/\/lasentinelle.dz\/index.php\/wp-json\/wp\/v2\/comments?post=70841"}],"version-history":[{"count":1,"href":"https:\/\/lasentinelle.dz\/index.php\/wp-json\/wp\/v2\/posts\/70841\/revisions"}],"predecessor-version":[{"id":70842,"href":"https:\/\/lasentinelle.dz\/index.php\/wp-json\/wp\/v2\/posts\/70841\/revisions\/70842"}],"wp:featuredmedia":[{"embeddable":true,"href":"https:\/\/lasentinelle.dz\/index.php\/wp-json\/wp\/v2\/media\/42978"}],"wp:attachment":[{"href":"https:\/\/lasentinelle.dz\/index.php\/wp-json\/wp\/v2\/media?parent=70841"}],"wp:term":[{"taxonomy":"category","embeddable":true,"href":"https:\/\/lasentinelle.dz\/index.php\/wp-json\/wp\/v2\/categories?post=70841"},{"taxonomy":"post_tag","embeddable":true,"href":"https:\/\/lasentinelle.dz\/index.php\/wp-json\/wp\/v2\/tags?post=70841"}],"curies":[{"name":"wp","href":"https:\/\/api.w.org\/{rel}","templated":true}]}}