{"id":70846,"date":"2025-07-24T14:34:26","date_gmt":"2025-07-24T13:34:26","guid":{"rendered":"https:\/\/lasentinelle.dz\/?p=70846"},"modified":"2025-07-26T14:35:46","modified_gmt":"2025-07-26T13:35:46","slug":"iran-les-droits-de-lhomme-brandis-par-les-occidentaux-ne-sont-quun-mensonge","status":"publish","type":"post","link":"https:\/\/lasentinelle.dz\/index.php\/2025\/07\/24\/iran-les-droits-de-lhomme-brandis-par-les-occidentaux-ne-sont-quun-mensonge\/","title":{"rendered":"Iran\u00a0:\u00a0Les droits de l&rsquo;Homme brandis par les occidentaux ne sont qu&rsquo;\u00a0\u00bbun mensonge\u00a0\u00bb\u00a0"},"content":{"rendered":"\n<p>Le pr\u00e9sident iranien, Massoud Pezeshkian, a qualifi\u00e9 les pr\u00e9tentions des pays occidentaux en mati\u00e8re des droits de l&rsquo;Homme de \u00ab\u00a0mensonge\u00a0\u00bb, d\u00e9non\u00e7ant le silence de ces derniers face aux agressions sionistes r\u00e9p\u00e9t\u00e9es contre la souverainet\u00e9 territoriale de plusieurs pays dans la r\u00e9gion. \u00ab\u00a0Les droits humains que pr\u00e9tendent d\u00e9fendre l&rsquo;Occident et les organisations internationales ne sont qu&rsquo;un mensonge\u00a0\u00bb, a d\u00e9clar\u00e9 le pr\u00e9sident iranien mardi dans un discours \u00e0 l&rsquo;occasion de la c\u00e9r\u00e9monie d&rsquo;hommage aux martyrs de la culture, des arts et des m\u00e9dias, correspondant au 22 juillet. \u00ab\u00a0Dans ce monde soi-disant civilis\u00e9, sous les yeux de tous, on ferme l&rsquo;acc\u00e8s \u00e0 l&rsquo;eau et \u00e0 la nourriture \u00e0 des populations innocentes, \u00e0 des femmes et \u00e0 des enfants, et on perp\u00e8tre un v\u00e9ritable g\u00e9nocide. Et malgr\u00e9 cela, ils continuent \u00e0 parler de droits de l&rsquo;Homme, alors qu&rsquo;eux-m\u00eames violent partout les lois internationales, de Ghaza au Liban en passant par la Syrie et l&rsquo;Iran, et commettent des crimes contre l&rsquo;humanit\u00e9\u00a0\u00bb, a-t-il ajout\u00e9. Pezeshkian a, par ailleurs, d\u00e9nonc\u00e9 les accusations mensong\u00e8res port\u00e9es contre l&rsquo;Iran au sujet de la fabrication d&rsquo;armes nucl\u00e9aires. \u00ab\u00a0Sous pr\u00e9texte de fausses accusations sur un pr\u00e9tendu programme nucl\u00e9aire, ils ont attaqu\u00e9 nos h\u00f4pitaux, nos habitations, pris pour cibles des femmes, des enfants et des civils innocents\u00a0\u00bb, a-t-il d\u00e9nonc\u00e9, affirmant que \u00ab\u00a0le peuple iranien ne pliera jamais face \u00e0 l&rsquo;oppression, comme il l&rsquo;a d\u00e9j\u00e0 prouv\u00e9\u00a0\u00bb.<\/p>\n\n\n\n<p>Sur le terrain, les tensions persistent.&nbsp;Selon les m\u00e9dias d\u2019\u00c9tat iraniens et des informations publi\u00e9es sur les r\u00e9seaux sociaux, l\u2019Iran a d\u00e9ploy\u00e9 un h\u00e9licopt\u00e8re de guerre pour \u00ab avertir \u00bb un destroyer de la marine am\u00e9ricaine dans le golfe d\u2019Oman, qui&nbsp;est&nbsp;rentr\u00e9 dans ses eaux territoriales. T\u00e9h\u00e9ran affirme que l\u2019intervention de son a\u00e9ronef a contraint le navire am\u00e9ricain \u00e0 se retirer.&nbsp;L\u2019incident s\u2019est produit vers 10 heures, heure locale, ce mercredi, impliquant l\u2019USS Fitzgerald, selon l\u2019agence iranienne Tasnim.&nbsp;Le rapport de l\u2019agence iranienne&nbsp;indique&nbsp;que le destroyer a menac\u00e9 de cibler l\u2019h\u00e9licopt\u00e8re iranien \u00e0 moins qu\u2019il ne quitte la zone. Cependant, le pilote de l\u2019h\u00e9licopt\u00e8re a persist\u00e9, selon Tasnim, et l\u2019USS Fitzgerald a finalement chang\u00e9 de cap et \u00e9viter l\u2019affrontement.<\/p>\n\n\n\n<p>R.I.<\/p>\n","protected":false},"excerpt":{"rendered":"<p>Le pr\u00e9sident iranien, Massoud Pezeshkian, a qualifi\u00e9 les pr\u00e9tentions des pays occidentaux en mati\u00e8re des droits de l&rsquo;Homme de \u00ab\u00a0mensonge\u00a0\u00bb,<\/p>\n","protected":false},"author":6,"featured_media":70032,"comment_status":"open","ping_status":"closed","sticky":false,"template":"","format":"standard","meta":{"colormag_page_container_layout":"default_layout","colormag_page_sidebar_layout":"default_layout","om_disable_all_campaigns":false,"_monsterinsights_skip_tracking":false,"_monsterinsights_sitenote_active":false,"_monsterinsights_sitenote_note":"","_monsterinsights_sitenote_category":0,"footnotes":"","_wpscppro_dont_share_socialmedia":false,"_wpscppro_custom_social_share_image":0,"_facebook_share_type":"default","_twitter_share_type":"default","_linkedin_share_type":"default","_pinterest_share_type":"default","_linkedin_share_type_page":"","_instagram_share_type":"default","_medium_share_type":"default","_threads_share_type":"","_google_business_share_type":"","_selected_social_profile":[],"_wpsp_enable_custom_social_template":false,"_wpsp_social_scheduling":{"enabled":false,"datetime":null,"platforms":[],"status":"template_only","dateOption":"today","timeOption":"now","customDays":"","customHours":"","customDate":"","customTime":"","schedulingType":"absolute"},"_wpsp_active_default_template":true},"categories":[37],"tags":[],"class_list":["post-70846","post","type-post","status-publish","format-standard","has-post-thumbnail","hentry","category-monde"],"aioseo_notices":[],"yoast_head":"<!-- This site is optimized with the Yoast SEO plugin v27.5 - https:\/\/yoast.com\/product\/yoast-seo-wordpress\/ -->\n<title>Iran\u00a0:\u00a0Les droits de l&rsquo;Homme brandis par les occidentaux ne sont qu&rsquo;\u00a0\u00bbun mensonge\u00a0\u00bb\u00a0 - La Sentinelle<\/title>\n<meta name=\"robots\" content=\"index, follow, max-snippet:-1, max-image-preview:large, max-video-preview:-1\" \/>\n<link rel=\"canonical\" href=\"https:\/\/lasentinelle.dz\/index.php\/2025\/07\/24\/iran-les-droits-de-lhomme-brandis-par-les-occidentaux-ne-sont-quun-mensonge\/\" \/>\n<meta property=\"og:locale\" content=\"fr_FR\" \/>\n<meta property=\"og:type\" content=\"article\" \/>\n<meta property=\"og:title\" content=\"Iran\u00a0:\u00a0Les droits de l&rsquo;Homme brandis par les occidentaux ne sont qu&rsquo;\u00a0\u00bbun mensonge\u00a0\u00bb\u00a0 - La Sentinelle\" \/>\n<meta property=\"og:description\" content=\"Le pr\u00e9sident iranien, Massoud Pezeshkian, a qualifi\u00e9 les pr\u00e9tentions des pays occidentaux en mati\u00e8re des droits de l&rsquo;Homme de \u00ab\u00a0mensonge\u00a0\u00bb,\" \/>\n<meta property=\"og:url\" content=\"https:\/\/lasentinelle.dz\/index.php\/2025\/07\/24\/iran-les-droits-de-lhomme-brandis-par-les-occidentaux-ne-sont-quun-mensonge\/\" \/>\n<meta property=\"og:site_name\" content=\"La Sentinelle\" \/>\n<meta property=\"article:publisher\" content=\"https:\/\/www.facebook.com\/La-Sentinelle-104059864394773\" \/>\n<meta property=\"article:published_time\" content=\"2025-07-24T13:34:26+00:00\" \/>\n<meta property=\"article:modified_time\" content=\"2025-07-26T13:35:46+00:00\" \/>\n<meta property=\"og:image\" content=\"https:\/\/lasentinelle.dz\/wp-content\/uploads\/2025\/07\/Massoud-Pezeshkian.jpg\" \/>\n\t<meta property=\"og:image:width\" content=\"780\" \/>\n\t<meta property=\"og:image:height\" content=\"470\" \/>\n\t<meta property=\"og:image:type\" content=\"image\/jpeg\" \/>\n<meta name=\"author\" content=\"admin\" \/>\n<meta name=\"twitter:card\" content=\"summary_large_image\" \/>\n<meta name=\"twitter:label1\" content=\"\u00c9crit par\" \/>\n\t<meta name=\"twitter:data1\" content=\"admin\" \/>\n\t<meta name=\"twitter:label2\" content=\"Dur\u00e9e de lecture estim\u00e9e\" \/>\n\t<meta name=\"twitter:data2\" content=\"2 minutes\" \/>\n<script type=\"application\/ld+json\" class=\"yoast-schema-graph\">{\"@context\":\"https:\\\/\\\/schema.org\",\"@graph\":[{\"@type\":\"Article\",\"@id\":\"https:\\\/\\\/lasentinelle.dz\\\/index.php\\\/2025\\\/07\\\/24\\\/iran-les-droits-de-lhomme-brandis-par-les-occidentaux-ne-sont-quun-mensonge\\\/#article\",\"isPartOf\":{\"@id\":\"https:\\\/\\\/lasentinelle.dz\\\/index.php\\\/2025\\\/07\\\/24\\\/iran-les-droits-de-lhomme-brandis-par-les-occidentaux-ne-sont-quun-mensonge\\\/\"},\"author\":{\"name\":\"admin\",\"@id\":\"https:\\\/\\\/lasentinelle.dz\\\/#\\\/schema\\\/person\\\/729ee0024f24e0b8c5ec17232f8e8b41\"},\"headline\":\"Iran\u00a0:\u00a0Les droits de l&rsquo;Homme brandis par les occidentaux ne sont qu&rsquo;\u00a0\u00bbun mensonge\u00a0\u00bb\u00a0\",\"datePublished\":\"2025-07-24T13:34:26+00:00\",\"dateModified\":\"2025-07-26T13:35:46+00:00\",\"mainEntityOfPage\":{\"@id\":\"https:\\\/\\\/lasentinelle.dz\\\/index.php\\\/2025\\\/07\\\/24\\\/iran-les-droits-de-lhomme-brandis-par-les-occidentaux-ne-sont-quun-mensonge\\\/\"},\"wordCount\":430,\"commentCount\":0,\"publisher\":{\"@id\":\"https:\\\/\\\/lasentinelle.dz\\\/#organization\"},\"image\":{\"@id\":\"https:\\\/\\\/lasentinelle.dz\\\/index.php\\\/2025\\\/07\\\/24\\\/iran-les-droits-de-lhomme-brandis-par-les-occidentaux-ne-sont-quun-mensonge\\\/#primaryimage\"},\"thumbnailUrl\":\"https:\\\/\\\/lasentinelle.dz\\\/wp-content\\\/uploads\\\/2025\\\/07\\\/Massoud-Pezeshkian.jpg\",\"articleSection\":[\"Monde\"],\"inLanguage\":\"fr-FR\",\"potentialAction\":[{\"@type\":\"CommentAction\",\"name\":\"Comment\",\"target\":[\"https:\\\/\\\/lasentinelle.dz\\\/index.php\\\/2025\\\/07\\\/24\\\/iran-les-droits-de-lhomme-brandis-par-les-occidentaux-ne-sont-quun-mensonge\\\/#respond\"]}]},{\"@type\":\"WebPage\",\"@id\":\"https:\\\/\\\/lasentinelle.dz\\\/index.php\\\/2025\\\/07\\\/24\\\/iran-les-droits-de-lhomme-brandis-par-les-occidentaux-ne-sont-quun-mensonge\\\/\",\"url\":\"https:\\\/\\\/lasentinelle.dz\\\/index.php\\\/2025\\\/07\\\/24\\\/iran-les-droits-de-lhomme-brandis-par-les-occidentaux-ne-sont-quun-mensonge\\\/\",\"name\":\"Iran\u00a0:\u00a0Les droits de l&rsquo;Homme brandis par les occidentaux ne sont qu&rsquo;\u00a0\u00bbun mensonge\u00a0\u00bb\u00a0 - La Sentinelle\",\"isPartOf\":{\"@id\":\"https:\\\/\\\/lasentinelle.dz\\\/#website\"},\"primaryImageOfPage\":{\"@id\":\"https:\\\/\\\/lasentinelle.dz\\\/index.php\\\/2025\\\/07\\\/24\\\/iran-les-droits-de-lhomme-brandis-par-les-occidentaux-ne-sont-quun-mensonge\\\/#primaryimage\"},\"image\":{\"@id\":\"https:\\\/\\\/lasentinelle.dz\\\/index.php\\\/2025\\\/07\\\/24\\\/iran-les-droits-de-lhomme-brandis-par-les-occidentaux-ne-sont-quun-mensonge\\\/#primaryimage\"},\"thumbnailUrl\":\"https:\\\/\\\/lasentinelle.dz\\\/wp-content\\\/uploads\\\/2025\\\/07\\\/Massoud-Pezeshkian.jpg\",\"datePublished\":\"2025-07-24T13:34:26+00:00\",\"dateModified\":\"2025-07-26T13:35:46+00:00\",\"breadcrumb\":{\"@id\":\"https:\\\/\\\/lasentinelle.dz\\\/index.php\\\/2025\\\/07\\\/24\\\/iran-les-droits-de-lhomme-brandis-par-les-occidentaux-ne-sont-quun-mensonge\\\/#breadcrumb\"},\"inLanguage\":\"fr-FR\",\"potentialAction\":[{\"@type\":\"ReadAction\",\"target\":[\"https:\\\/\\\/lasentinelle.dz\\\/index.php\\\/2025\\\/07\\\/24\\\/iran-les-droits-de-lhomme-brandis-par-les-occidentaux-ne-sont-quun-mensonge\\\/\"]}]},{\"@type\":\"ImageObject\",\"inLanguage\":\"fr-FR\",\"@id\":\"https:\\\/\\\/lasentinelle.dz\\\/index.php\\\/2025\\\/07\\\/24\\\/iran-les-droits-de-lhomme-brandis-par-les-occidentaux-ne-sont-quun-mensonge\\\/#primaryimage\",\"url\":\"https:\\\/\\\/lasentinelle.dz\\\/wp-content\\\/uploads\\\/2025\\\/07\\\/Massoud-Pezeshkian.jpg\",\"contentUrl\":\"https:\\\/\\\/lasentinelle.dz\\\/wp-content\\\/uploads\\\/2025\\\/07\\\/Massoud-Pezeshkian.jpg\",\"width\":780,\"height\":470},{\"@type\":\"BreadcrumbList\",\"@id\":\"https:\\\/\\\/lasentinelle.dz\\\/index.php\\\/2025\\\/07\\\/24\\\/iran-les-droits-de-lhomme-brandis-par-les-occidentaux-ne-sont-quun-mensonge\\\/#breadcrumb\",\"itemListElement\":[{\"@type\":\"ListItem\",\"position\":1,\"name\":\"Accueil\",\"item\":\"https:\\\/\\\/lasentinelle.dz\\\/\"},{\"@type\":\"ListItem\",\"position\":2,\"name\":\"Iran\u00a0:\u00a0Les droits de l&rsquo;Homme brandis par les occidentaux ne sont qu&rsquo;\u00a0\u00bbun mensonge\u00a0\u00bb\u00a0\"}]},{\"@type\":\"WebSite\",\"@id\":\"https:\\\/\\\/lasentinelle.dz\\\/#website\",\"url\":\"https:\\\/\\\/lasentinelle.dz\\\/\",\"name\":\"La Sentinelle\",\"description\":\"Quotidien national d&#039;information\",\"publisher\":{\"@id\":\"https:\\\/\\\/lasentinelle.dz\\\/#organization\"},\"potentialAction\":[{\"@type\":\"SearchAction\",\"target\":{\"@type\":\"EntryPoint\",\"urlTemplate\":\"https:\\\/\\\/lasentinelle.dz\\\/?s={search_term_string}\"},\"query-input\":{\"@type\":\"PropertyValueSpecification\",\"valueRequired\":true,\"valueName\":\"search_term_string\"}}],\"inLanguage\":\"fr-FR\"},{\"@type\":\"Organization\",\"@id\":\"https:\\\/\\\/lasentinelle.dz\\\/#organization\",\"name\":\"Quotidien La Sentinelle\",\"url\":\"https:\\\/\\\/lasentinelle.dz\\\/\",\"logo\":{\"@type\":\"ImageObject\",\"inLanguage\":\"fr-FR\",\"@id\":\"https:\\\/\\\/lasentinelle.dz\\\/#\\\/schema\\\/logo\\\/image\\\/\",\"url\":\"https:\\\/\\\/lasentinelle.dz\\\/wp-content\\\/uploads\\\/2021\\\/09\\\/logo-sentinelleSLOGAN-1.png\",\"contentUrl\":\"https:\\\/\\\/lasentinelle.dz\\\/wp-content\\\/uploads\\\/2021\\\/09\\\/logo-sentinelleSLOGAN-1.png\",\"width\":615,\"height\":142,\"caption\":\"Quotidien La Sentinelle\"},\"image\":{\"@id\":\"https:\\\/\\\/lasentinelle.dz\\\/#\\\/schema\\\/logo\\\/image\\\/\"},\"sameAs\":[\"https:\\\/\\\/www.facebook.com\\\/La-Sentinelle-104059864394773\"]},{\"@type\":\"Person\",\"@id\":\"https:\\\/\\\/lasentinelle.dz\\\/#\\\/schema\\\/person\\\/729ee0024f24e0b8c5ec17232f8e8b41\",\"name\":\"admin\",\"image\":{\"@type\":\"ImageObject\",\"inLanguage\":\"fr-FR\",\"@id\":\"https:\\\/\\\/secure.gravatar.com\\\/avatar\\\/4c81fed838786e9b53f540bf46533e750f5d292099ae3b66cfc6fb1982e29df7?s=96&d=mm&r=g\",\"url\":\"https:\\\/\\\/secure.gravatar.com\\\/avatar\\\/4c81fed838786e9b53f540bf46533e750f5d292099ae3b66cfc6fb1982e29df7?s=96&d=mm&r=g\",\"contentUrl\":\"https:\\\/\\\/secure.gravatar.com\\\/avatar\\\/4c81fed838786e9b53f540bf46533e750f5d292099ae3b66cfc6fb1982e29df7?s=96&d=mm&r=g\",\"caption\":\"admin\"},\"description\":\"admin\",\"url\":\"https:\\\/\\\/lasentinelle.dz\\\/author\\\/admin\\\/\"}]}<\/script>\n<!-- \/ Yoast SEO plugin. -->","yoast_head_json":{"title":"Iran\u00a0:\u00a0Les droits de l&rsquo;Homme brandis par les occidentaux ne sont qu&rsquo;\u00a0\u00bbun mensonge\u00a0\u00bb\u00a0 - La Sentinelle","robots":{"index":"index","follow":"follow","max-snippet":"max-snippet:-1","max-image-preview":"max-image-preview:large","max-video-preview":"max-video-preview:-1"},"canonical":"https:\/\/lasentinelle.dz\/index.php\/2025\/07\/24\/iran-les-droits-de-lhomme-brandis-par-les-occidentaux-ne-sont-quun-mensonge\/","og_locale":"fr_FR","og_type":"article","og_title":"Iran\u00a0:\u00a0Les droits de l&rsquo;Homme brandis par les occidentaux ne sont qu&rsquo;\u00a0\u00bbun mensonge\u00a0\u00bb\u00a0 - La Sentinelle","og_description":"Le pr\u00e9sident iranien, Massoud Pezeshkian, a qualifi\u00e9 les pr\u00e9tentions des pays occidentaux en mati\u00e8re des droits de l&rsquo;Homme de \u00ab\u00a0mensonge\u00a0\u00bb,","og_url":"https:\/\/lasentinelle.dz\/index.php\/2025\/07\/24\/iran-les-droits-de-lhomme-brandis-par-les-occidentaux-ne-sont-quun-mensonge\/","og_site_name":"La Sentinelle","article_publisher":"https:\/\/www.facebook.com\/La-Sentinelle-104059864394773","article_published_time":"2025-07-24T13:34:26+00:00","article_modified_time":"2025-07-26T13:35:46+00:00","og_image":[{"width":780,"height":470,"url":"https:\/\/lasentinelle.dz\/wp-content\/uploads\/2025\/07\/Massoud-Pezeshkian.jpg","type":"image\/jpeg"}],"author":"admin","twitter_card":"summary_large_image","twitter_misc":{"\u00c9crit par":"admin","Dur\u00e9e de lecture estim\u00e9e":"2 minutes"},"schema":{"@context":"https:\/\/schema.org","@graph":[{"@type":"Article","@id":"https:\/\/lasentinelle.dz\/index.php\/2025\/07\/24\/iran-les-droits-de-lhomme-brandis-par-les-occidentaux-ne-sont-quun-mensonge\/#article","isPartOf":{"@id":"https:\/\/lasentinelle.dz\/index.php\/2025\/07\/24\/iran-les-droits-de-lhomme-brandis-par-les-occidentaux-ne-sont-quun-mensonge\/"},"author":{"name":"admin","@id":"https:\/\/lasentinelle.dz\/#\/schema\/person\/729ee0024f24e0b8c5ec17232f8e8b41"},"headline":"Iran\u00a0:\u00a0Les droits de l&rsquo;Homme brandis par les occidentaux ne sont qu&rsquo;\u00a0\u00bbun mensonge\u00a0\u00bb\u00a0","datePublished":"2025-07-24T13:34:26+00:00","dateModified":"2025-07-26T13:35:46+00:00","mainEntityOfPage":{"@id":"https:\/\/lasentinelle.dz\/index.php\/2025\/07\/24\/iran-les-droits-de-lhomme-brandis-par-les-occidentaux-ne-sont-quun-mensonge\/"},"wordCount":430,"commentCount":0,"publisher":{"@id":"https:\/\/lasentinelle.dz\/#organization"},"image":{"@id":"https:\/\/lasentinelle.dz\/index.php\/2025\/07\/24\/iran-les-droits-de-lhomme-brandis-par-les-occidentaux-ne-sont-quun-mensonge\/#primaryimage"},"thumbnailUrl":"https:\/\/lasentinelle.dz\/wp-content\/uploads\/2025\/07\/Massoud-Pezeshkian.jpg","articleSection":["Monde"],"inLanguage":"fr-FR","potentialAction":[{"@type":"CommentAction","name":"Comment","target":["https:\/\/lasentinelle.dz\/index.php\/2025\/07\/24\/iran-les-droits-de-lhomme-brandis-par-les-occidentaux-ne-sont-quun-mensonge\/#respond"]}]},{"@type":"WebPage","@id":"https:\/\/lasentinelle.dz\/index.php\/2025\/07\/24\/iran-les-droits-de-lhomme-brandis-par-les-occidentaux-ne-sont-quun-mensonge\/","url":"https:\/\/lasentinelle.dz\/index.php\/2025\/07\/24\/iran-les-droits-de-lhomme-brandis-par-les-occidentaux-ne-sont-quun-mensonge\/","name":"Iran\u00a0:\u00a0Les droits de l&rsquo;Homme brandis par les occidentaux ne sont qu&rsquo;\u00a0\u00bbun mensonge\u00a0\u00bb\u00a0 - La Sentinelle","isPartOf":{"@id":"https:\/\/lasentinelle.dz\/#website"},"primaryImageOfPage":{"@id":"https:\/\/lasentinelle.dz\/index.php\/2025\/07\/24\/iran-les-droits-de-lhomme-brandis-par-les-occidentaux-ne-sont-quun-mensonge\/#primaryimage"},"image":{"@id":"https:\/\/lasentinelle.dz\/index.php\/2025\/07\/24\/iran-les-droits-de-lhomme-brandis-par-les-occidentaux-ne-sont-quun-mensonge\/#primaryimage"},"thumbnailUrl":"https:\/\/lasentinelle.dz\/wp-content\/uploads\/2025\/07\/Massoud-Pezeshkian.jpg","datePublished":"2025-07-24T13:34:26+00:00","dateModified":"2025-07-26T13:35:46+00:00","breadcrumb":{"@id":"https:\/\/lasentinelle.dz\/index.php\/2025\/07\/24\/iran-les-droits-de-lhomme-brandis-par-les-occidentaux-ne-sont-quun-mensonge\/#breadcrumb"},"inLanguage":"fr-FR","potentialAction":[{"@type":"ReadAction","target":["https:\/\/lasentinelle.dz\/index.php\/2025\/07\/24\/iran-les-droits-de-lhomme-brandis-par-les-occidentaux-ne-sont-quun-mensonge\/"]}]},{"@type":"ImageObject","inLanguage":"fr-FR","@id":"https:\/\/lasentinelle.dz\/index.php\/2025\/07\/24\/iran-les-droits-de-lhomme-brandis-par-les-occidentaux-ne-sont-quun-mensonge\/#primaryimage","url":"https:\/\/lasentinelle.dz\/wp-content\/uploads\/2025\/07\/Massoud-Pezeshkian.jpg","contentUrl":"https:\/\/lasentinelle.dz\/wp-content\/uploads\/2025\/07\/Massoud-Pezeshkian.jpg","width":780,"height":470},{"@type":"BreadcrumbList","@id":"https:\/\/lasentinelle.dz\/index.php\/2025\/07\/24\/iran-les-droits-de-lhomme-brandis-par-les-occidentaux-ne-sont-quun-mensonge\/#breadcrumb","itemListElement":[{"@type":"ListItem","position":1,"name":"Accueil","item":"https:\/\/lasentinelle.dz\/"},{"@type":"ListItem","position":2,"name":"Iran\u00a0:\u00a0Les droits de l&rsquo;Homme brandis par les occidentaux ne sont qu&rsquo;\u00a0\u00bbun mensonge\u00a0\u00bb\u00a0"}]},{"@type":"WebSite","@id":"https:\/\/lasentinelle.dz\/#website","url":"https:\/\/lasentinelle.dz\/","name":"La Sentinelle","description":"Quotidien national d&#039;information","publisher":{"@id":"https:\/\/lasentinelle.dz\/#organization"},"potentialAction":[{"@type":"SearchAction","target":{"@type":"EntryPoint","urlTemplate":"https:\/\/lasentinelle.dz\/?s={search_term_string}"},"query-input":{"@type":"PropertyValueSpecification","valueRequired":true,"valueName":"search_term_string"}}],"inLanguage":"fr-FR"},{"@type":"Organization","@id":"https:\/\/lasentinelle.dz\/#organization","name":"Quotidien La Sentinelle","url":"https:\/\/lasentinelle.dz\/","logo":{"@type":"ImageObject","inLanguage":"fr-FR","@id":"https:\/\/lasentinelle.dz\/#\/schema\/logo\/image\/","url":"https:\/\/lasentinelle.dz\/wp-content\/uploads\/2021\/09\/logo-sentinelleSLOGAN-1.png","contentUrl":"https:\/\/lasentinelle.dz\/wp-content\/uploads\/2021\/09\/logo-sentinelleSLOGAN-1.png","width":615,"height":142,"caption":"Quotidien La Sentinelle"},"image":{"@id":"https:\/\/lasentinelle.dz\/#\/schema\/logo\/image\/"},"sameAs":["https:\/\/www.facebook.com\/La-Sentinelle-104059864394773"]},{"@type":"Person","@id":"https:\/\/lasentinelle.dz\/#\/schema\/person\/729ee0024f24e0b8c5ec17232f8e8b41","name":"admin","image":{"@type":"ImageObject","inLanguage":"fr-FR","@id":"https:\/\/secure.gravatar.com\/avatar\/4c81fed838786e9b53f540bf46533e750f5d292099ae3b66cfc6fb1982e29df7?s=96&d=mm&r=g","url":"https:\/\/secure.gravatar.com\/avatar\/4c81fed838786e9b53f540bf46533e750f5d292099ae3b66cfc6fb1982e29df7?s=96&d=mm&r=g","contentUrl":"https:\/\/secure.gravatar.com\/avatar\/4c81fed838786e9b53f540bf46533e750f5d292099ae3b66cfc6fb1982e29df7?s=96&d=mm&r=g","caption":"admin"},"description":"admin","url":"https:\/\/lasentinelle.dz\/author\/admin\/"}]}},"_links":{"self":[{"href":"https:\/\/lasentinelle.dz\/index.php\/wp-json\/wp\/v2\/posts\/70846","targetHints":{"allow":["GET"]}}],"collection":[{"href":"https:\/\/lasentinelle.dz\/index.php\/wp-json\/wp\/v2\/posts"}],"about":[{"href":"https:\/\/lasentinelle.dz\/index.php\/wp-json\/wp\/v2\/types\/post"}],"author":[{"embeddable":true,"href":"https:\/\/lasentinelle.dz\/index.php\/wp-json\/wp\/v2\/users\/6"}],"replies":[{"embeddable":true,"href":"https:\/\/lasentinelle.dz\/index.php\/wp-json\/wp\/v2\/comments?post=70846"}],"version-history":[{"count":2,"href":"https:\/\/lasentinelle.dz\/index.php\/wp-json\/wp\/v2\/posts\/70846\/revisions"}],"predecessor-version":[{"id":70848,"href":"https:\/\/lasentinelle.dz\/index.php\/wp-json\/wp\/v2\/posts\/70846\/revisions\/70848"}],"wp:featuredmedia":[{"embeddable":true,"href":"https:\/\/lasentinelle.dz\/index.php\/wp-json\/wp\/v2\/media\/70032"}],"wp:attachment":[{"href":"https:\/\/lasentinelle.dz\/index.php\/wp-json\/wp\/v2\/media?parent=70846"}],"wp:term":[{"taxonomy":"category","embeddable":true,"href":"https:\/\/lasentinelle.dz\/index.php\/wp-json\/wp\/v2\/categories?post=70846"},{"taxonomy":"post_tag","embeddable":true,"href":"https:\/\/lasentinelle.dz\/index.php\/wp-json\/wp\/v2\/tags?post=70846"}],"curies":[{"name":"wp","href":"https:\/\/api.w.org\/{rel}","templated":true}]}}