{"id":70852,"date":"2025-07-24T14:37:19","date_gmt":"2025-07-24T13:37:19","guid":{"rendered":"https:\/\/lasentinelle.dz\/?p=70852"},"modified":"2025-07-26T14:39:48","modified_gmt":"2025-07-26T13:39:48","slug":"ministere-de-la-culture-et-des-arts-les-instituts-superieurs-des-arts-et-du-patrimoine-ouvrent-leurs-portes-aux-nouveaux-bacheliers","status":"publish","type":"post","link":"https:\/\/lasentinelle.dz\/index.php\/2025\/07\/24\/ministere-de-la-culture-et-des-arts-les-instituts-superieurs-des-arts-et-du-patrimoine-ouvrent-leurs-portes-aux-nouveaux-bacheliers\/","title":{"rendered":"Minist\u00e8re de la Culture et des Arts\u00a0:Les Instituts sup\u00e9rieurs des arts et du patrimoine ouvrent leurs portes aux nouveaux bacheliers"},"content":{"rendered":"\n<p>Une vaste campagne d&rsquo;orientation se d\u00e9ploie actuellement \u00e0 travers toutes les wilayas, \u00e0 destination des nouveaux bacheliers de la session 2025. Cette initiative nationale, lanc\u00e9e sous l&rsquo;impulsion du ministre de la Culture et des Arts, Zouhir Ballou, vise \u00e0 d\u00e9mocratiser l&rsquo;acc\u00e8s \u00e0 l&rsquo;enseignement artistique sup\u00e9rieur et \u00e0 r\u00e9v\u00e9ler les talents cach\u00e9s du territoire national. Plac\u00e9e sous le slogan \u00e9vocateur \u00ab\u00a0Votre parcours vers l&rsquo;excellence&#8230; du talent au leadership\u00a0\u00bb,&nbsp;la campagne affiche un&nbsp;objectif ambitieux : lever tous les obstacles susceptibles d&#8217;emp\u00eacher la diffusion de l&rsquo;information aupr\u00e8s des jeunes passionn\u00e9s par les formations artistiques sup\u00e9rieures. Cette d\u00e9marche s&rsquo;inscrit dans une vision nationale de d\u00e9couverte et de valorisation des comp\u00e9tences locales, particuli\u00e8rement dans les domaines cr\u00e9atifs o\u00f9 l&rsquo;Alg\u00e9rie dispose d&rsquo;un potentiel consid\u00e9rable mais parfois m\u00e9connu. Les rencontres, organis\u00e9es dans les maisons de la culture de chaque wilaya, constituent un pont direct entre les aspirations des nouveaux dipl\u00f4m\u00e9s et les opportunit\u00e9s offertes par les institutions culturelles nationales.<\/p>\n\n\n\n<p>Les formations propos\u00e9es couvrent un spectre artistique particuli\u00e8rement large et attractif. Le cin\u00e9ma, art en pleine expansion en Alg\u00e9rie, offre aux futurs \u00e9tudiants la possibilit\u00e9 de ma\u00eetriser les techniques de r\u00e9alisation, de production et de post-production dans un contexte o\u00f9 l&rsquo;industrie cin\u00e9matographique nationale conna\u00eet un renouveau remarquable. La musique, pilier de l&rsquo;identit\u00e9 culturelle alg\u00e9rienne, b\u00e9n\u00e9ficie d&rsquo;un cursus adapt\u00e9 aux enjeux contemporains, alliant tradition et modernit\u00e9. Les arts du spectacle permettent d&rsquo;explorer le th\u00e9\u00e2tre, la danse et les performances sc\u00e9niques, domaines o\u00f9 la cr\u00e9ativit\u00e9 alg\u00e9rienne s&rsquo;exprime avec force depuis des d\u00e9cennies.<\/p>\n\n\n\n<p>Les arts plastiques constituent \u00e9galement un axe majeur de cette offre de formation. Dans un pays riche d&rsquo;une tradition artistique mill\u00e9naire, de la peinture rupestre du Tassili aux expressions contemporaines, ces formations permettent aux jeunes cr\u00e9ateurs de s&rsquo;inscrire dans une continuit\u00e9 historique tout en d\u00e9veloppant leur propre langage artistique. Le patrimoine, cinqui\u00e8me pilier de cette offre \u00e9ducative, rev\u00eat une importance particuli\u00e8re dans le contexte alg\u00e9rien. La pr\u00e9servation, la valorisation et la transmission du patrimoine mat\u00e9riel et immat\u00e9riel constituent des enjeux cruciaux pour l&rsquo;identit\u00e9 nationale, n\u00e9cessitant des comp\u00e9tences sp\u00e9cialis\u00e9es de haut niveau.<\/p>\n\n\n\n<p>L&rsquo;accent mis sur la formation d&rsquo;\u00e9lite dans ces domaines artistiques r\u00e9pond \u00e0 une double n\u00e9cessit\u00e9 : d&rsquo;une part, \u00e9lever le niveau technique et artistique des productions nationales, d&rsquo;autre part, former une nouvelle g\u00e9n\u00e9ration de cr\u00e9ateurs capables de porter la voix culturelle de l&rsquo;Alg\u00e9rie sur la sc\u00e8ne internationale.&nbsp;<\/p>\n\n\n\n<p>M. S.<\/p>\n","protected":false},"excerpt":{"rendered":"<p>Une vaste campagne d&rsquo;orientation se d\u00e9ploie actuellement \u00e0 travers toutes les wilayas, \u00e0 destination des nouveaux bacheliers de la session<\/p>\n","protected":false},"author":6,"featured_media":28274,"comment_status":"open","ping_status":"closed","sticky":false,"template":"","format":"standard","meta":{"colormag_page_container_layout":"default_layout","colormag_page_sidebar_layout":"default_layout","om_disable_all_campaigns":false,"_monsterinsights_skip_tracking":false,"_monsterinsights_sitenote_active":false,"_monsterinsights_sitenote_note":"","_monsterinsights_sitenote_category":0,"footnotes":"","_wpscppro_dont_share_socialmedia":false,"_wpscppro_custom_social_share_image":0,"_facebook_share_type":"default","_twitter_share_type":"default","_linkedin_share_type":"default","_pinterest_share_type":"default","_linkedin_share_type_page":"","_instagram_share_type":"default","_medium_share_type":"default","_threads_share_type":"","_google_business_share_type":"","_selected_social_profile":[],"_wpsp_enable_custom_social_template":false,"_wpsp_social_scheduling":{"enabled":false,"datetime":null,"platforms":[],"status":"template_only","dateOption":"today","timeOption":"now","customDays":"","customHours":"","customDate":"","customTime":"","schedulingType":"absolute"},"_wpsp_active_default_template":true},"categories":[36],"tags":[],"class_list":["post-70852","post","type-post","status-publish","format-standard","has-post-thumbnail","hentry","category-culture"],"aioseo_notices":[],"yoast_head":"<!-- This site is optimized with the Yoast SEO plugin v27.4 - https:\/\/yoast.com\/product\/yoast-seo-wordpress\/ -->\n<title>Minist\u00e8re de la Culture et des Arts\u00a0:Les Instituts sup\u00e9rieurs des arts et du patrimoine ouvrent leurs portes aux nouveaux bacheliers - La Sentinelle<\/title>\n<meta name=\"robots\" content=\"index, follow, max-snippet:-1, max-image-preview:large, max-video-preview:-1\" \/>\n<link rel=\"canonical\" href=\"https:\/\/lasentinelle.dz\/index.php\/2025\/07\/24\/ministere-de-la-culture-et-des-arts-les-instituts-superieurs-des-arts-et-du-patrimoine-ouvrent-leurs-portes-aux-nouveaux-bacheliers\/\" \/>\n<meta property=\"og:locale\" content=\"fr_FR\" \/>\n<meta property=\"og:type\" content=\"article\" \/>\n<meta property=\"og:title\" content=\"Minist\u00e8re de la Culture et des Arts\u00a0:Les Instituts sup\u00e9rieurs des arts et du patrimoine ouvrent leurs portes aux nouveaux bacheliers - La Sentinelle\" \/>\n<meta property=\"og:description\" content=\"Une vaste campagne d&rsquo;orientation se d\u00e9ploie actuellement \u00e0 travers toutes les wilayas, \u00e0 destination des nouveaux bacheliers de la session\" \/>\n<meta property=\"og:url\" content=\"https:\/\/lasentinelle.dz\/index.php\/2025\/07\/24\/ministere-de-la-culture-et-des-arts-les-instituts-superieurs-des-arts-et-du-patrimoine-ouvrent-leurs-portes-aux-nouveaux-bacheliers\/\" \/>\n<meta property=\"og:site_name\" content=\"La Sentinelle\" \/>\n<meta property=\"article:publisher\" content=\"https:\/\/www.facebook.com\/La-Sentinelle-104059864394773\" \/>\n<meta property=\"article:published_time\" content=\"2025-07-24T13:37:19+00:00\" \/>\n<meta property=\"article:modified_time\" content=\"2025-07-26T13:39:48+00:00\" \/>\n<meta property=\"og:image\" content=\"https:\/\/lasentinelle.dz\/wp-content\/uploads\/2022\/10\/ministere-de-la-culture-et-des-arts.png\" \/>\n\t<meta property=\"og:image:width\" content=\"1350\" \/>\n\t<meta property=\"og:image:height\" content=\"900\" \/>\n\t<meta property=\"og:image:type\" content=\"image\/png\" \/>\n<meta name=\"author\" content=\"admin\" \/>\n<meta name=\"twitter:card\" content=\"summary_large_image\" \/>\n<meta name=\"twitter:label1\" content=\"\u00c9crit par\" \/>\n\t<meta name=\"twitter:data1\" content=\"admin\" \/>\n\t<meta name=\"twitter:label2\" content=\"Dur\u00e9e de lecture estim\u00e9e\" \/>\n\t<meta name=\"twitter:data2\" content=\"3 minutes\" \/>\n<script type=\"application\/ld+json\" class=\"yoast-schema-graph\">{\"@context\":\"https:\\\/\\\/schema.org\",\"@graph\":[{\"@type\":\"Article\",\"@id\":\"https:\\\/\\\/lasentinelle.dz\\\/index.php\\\/2025\\\/07\\\/24\\\/ministere-de-la-culture-et-des-arts-les-instituts-superieurs-des-arts-et-du-patrimoine-ouvrent-leurs-portes-aux-nouveaux-bacheliers\\\/#article\",\"isPartOf\":{\"@id\":\"https:\\\/\\\/lasentinelle.dz\\\/index.php\\\/2025\\\/07\\\/24\\\/ministere-de-la-culture-et-des-arts-les-instituts-superieurs-des-arts-et-du-patrimoine-ouvrent-leurs-portes-aux-nouveaux-bacheliers\\\/\"},\"author\":{\"name\":\"admin\",\"@id\":\"https:\\\/\\\/lasentinelle.dz\\\/#\\\/schema\\\/person\\\/729ee0024f24e0b8c5ec17232f8e8b41\"},\"headline\":\"Minist\u00e8re de la Culture et des Arts\u00a0:Les Instituts sup\u00e9rieurs des arts et du patrimoine ouvrent leurs portes aux nouveaux bacheliers\",\"datePublished\":\"2025-07-24T13:37:19+00:00\",\"dateModified\":\"2025-07-26T13:39:48+00:00\",\"mainEntityOfPage\":{\"@id\":\"https:\\\/\\\/lasentinelle.dz\\\/index.php\\\/2025\\\/07\\\/24\\\/ministere-de-la-culture-et-des-arts-les-instituts-superieurs-des-arts-et-du-patrimoine-ouvrent-leurs-portes-aux-nouveaux-bacheliers\\\/\"},\"wordCount\":485,\"commentCount\":0,\"publisher\":{\"@id\":\"https:\\\/\\\/lasentinelle.dz\\\/#organization\"},\"image\":{\"@id\":\"https:\\\/\\\/lasentinelle.dz\\\/index.php\\\/2025\\\/07\\\/24\\\/ministere-de-la-culture-et-des-arts-les-instituts-superieurs-des-arts-et-du-patrimoine-ouvrent-leurs-portes-aux-nouveaux-bacheliers\\\/#primaryimage\"},\"thumbnailUrl\":\"https:\\\/\\\/lasentinelle.dz\\\/wp-content\\\/uploads\\\/2022\\\/10\\\/ministere-de-la-culture-et-des-arts.png\",\"articleSection\":[\"Culture\"],\"inLanguage\":\"fr-FR\",\"potentialAction\":[{\"@type\":\"CommentAction\",\"name\":\"Comment\",\"target\":[\"https:\\\/\\\/lasentinelle.dz\\\/index.php\\\/2025\\\/07\\\/24\\\/ministere-de-la-culture-et-des-arts-les-instituts-superieurs-des-arts-et-du-patrimoine-ouvrent-leurs-portes-aux-nouveaux-bacheliers\\\/#respond\"]}]},{\"@type\":\"WebPage\",\"@id\":\"https:\\\/\\\/lasentinelle.dz\\\/index.php\\\/2025\\\/07\\\/24\\\/ministere-de-la-culture-et-des-arts-les-instituts-superieurs-des-arts-et-du-patrimoine-ouvrent-leurs-portes-aux-nouveaux-bacheliers\\\/\",\"url\":\"https:\\\/\\\/lasentinelle.dz\\\/index.php\\\/2025\\\/07\\\/24\\\/ministere-de-la-culture-et-des-arts-les-instituts-superieurs-des-arts-et-du-patrimoine-ouvrent-leurs-portes-aux-nouveaux-bacheliers\\\/\",\"name\":\"Minist\u00e8re de la Culture et des Arts\u00a0:Les Instituts sup\u00e9rieurs des arts et du patrimoine ouvrent leurs portes aux nouveaux bacheliers - La Sentinelle\",\"isPartOf\":{\"@id\":\"https:\\\/\\\/lasentinelle.dz\\\/#website\"},\"primaryImageOfPage\":{\"@id\":\"https:\\\/\\\/lasentinelle.dz\\\/index.php\\\/2025\\\/07\\\/24\\\/ministere-de-la-culture-et-des-arts-les-instituts-superieurs-des-arts-et-du-patrimoine-ouvrent-leurs-portes-aux-nouveaux-bacheliers\\\/#primaryimage\"},\"image\":{\"@id\":\"https:\\\/\\\/lasentinelle.dz\\\/index.php\\\/2025\\\/07\\\/24\\\/ministere-de-la-culture-et-des-arts-les-instituts-superieurs-des-arts-et-du-patrimoine-ouvrent-leurs-portes-aux-nouveaux-bacheliers\\\/#primaryimage\"},\"thumbnailUrl\":\"https:\\\/\\\/lasentinelle.dz\\\/wp-content\\\/uploads\\\/2022\\\/10\\\/ministere-de-la-culture-et-des-arts.png\",\"datePublished\":\"2025-07-24T13:37:19+00:00\",\"dateModified\":\"2025-07-26T13:39:48+00:00\",\"breadcrumb\":{\"@id\":\"https:\\\/\\\/lasentinelle.dz\\\/index.php\\\/2025\\\/07\\\/24\\\/ministere-de-la-culture-et-des-arts-les-instituts-superieurs-des-arts-et-du-patrimoine-ouvrent-leurs-portes-aux-nouveaux-bacheliers\\\/#breadcrumb\"},\"inLanguage\":\"fr-FR\",\"potentialAction\":[{\"@type\":\"ReadAction\",\"target\":[\"https:\\\/\\\/lasentinelle.dz\\\/index.php\\\/2025\\\/07\\\/24\\\/ministere-de-la-culture-et-des-arts-les-instituts-superieurs-des-arts-et-du-patrimoine-ouvrent-leurs-portes-aux-nouveaux-bacheliers\\\/\"]}]},{\"@type\":\"ImageObject\",\"inLanguage\":\"fr-FR\",\"@id\":\"https:\\\/\\\/lasentinelle.dz\\\/index.php\\\/2025\\\/07\\\/24\\\/ministere-de-la-culture-et-des-arts-les-instituts-superieurs-des-arts-et-du-patrimoine-ouvrent-leurs-portes-aux-nouveaux-bacheliers\\\/#primaryimage\",\"url\":\"https:\\\/\\\/lasentinelle.dz\\\/wp-content\\\/uploads\\\/2022\\\/10\\\/ministere-de-la-culture-et-des-arts.png\",\"contentUrl\":\"https:\\\/\\\/lasentinelle.dz\\\/wp-content\\\/uploads\\\/2022\\\/10\\\/ministere-de-la-culture-et-des-arts.png\",\"width\":1350,\"height\":900},{\"@type\":\"BreadcrumbList\",\"@id\":\"https:\\\/\\\/lasentinelle.dz\\\/index.php\\\/2025\\\/07\\\/24\\\/ministere-de-la-culture-et-des-arts-les-instituts-superieurs-des-arts-et-du-patrimoine-ouvrent-leurs-portes-aux-nouveaux-bacheliers\\\/#breadcrumb\",\"itemListElement\":[{\"@type\":\"ListItem\",\"position\":1,\"name\":\"Accueil\",\"item\":\"https:\\\/\\\/lasentinelle.dz\\\/\"},{\"@type\":\"ListItem\",\"position\":2,\"name\":\"Minist\u00e8re de la Culture et des Arts\u00a0:Les Instituts sup\u00e9rieurs des arts et du patrimoine ouvrent leurs portes aux nouveaux bacheliers\"}]},{\"@type\":\"WebSite\",\"@id\":\"https:\\\/\\\/lasentinelle.dz\\\/#website\",\"url\":\"https:\\\/\\\/lasentinelle.dz\\\/\",\"name\":\"La Sentinelle\",\"description\":\"Quotidien national d&#039;information\",\"publisher\":{\"@id\":\"https:\\\/\\\/lasentinelle.dz\\\/#organization\"},\"potentialAction\":[{\"@type\":\"SearchAction\",\"target\":{\"@type\":\"EntryPoint\",\"urlTemplate\":\"https:\\\/\\\/lasentinelle.dz\\\/?s={search_term_string}\"},\"query-input\":{\"@type\":\"PropertyValueSpecification\",\"valueRequired\":true,\"valueName\":\"search_term_string\"}}],\"inLanguage\":\"fr-FR\"},{\"@type\":\"Organization\",\"@id\":\"https:\\\/\\\/lasentinelle.dz\\\/#organization\",\"name\":\"Quotidien La Sentinelle\",\"url\":\"https:\\\/\\\/lasentinelle.dz\\\/\",\"logo\":{\"@type\":\"ImageObject\",\"inLanguage\":\"fr-FR\",\"@id\":\"https:\\\/\\\/lasentinelle.dz\\\/#\\\/schema\\\/logo\\\/image\\\/\",\"url\":\"https:\\\/\\\/lasentinelle.dz\\\/wp-content\\\/uploads\\\/2021\\\/09\\\/logo-sentinelleSLOGAN-1.png\",\"contentUrl\":\"https:\\\/\\\/lasentinelle.dz\\\/wp-content\\\/uploads\\\/2021\\\/09\\\/logo-sentinelleSLOGAN-1.png\",\"width\":615,\"height\":142,\"caption\":\"Quotidien La Sentinelle\"},\"image\":{\"@id\":\"https:\\\/\\\/lasentinelle.dz\\\/#\\\/schema\\\/logo\\\/image\\\/\"},\"sameAs\":[\"https:\\\/\\\/www.facebook.com\\\/La-Sentinelle-104059864394773\"]},{\"@type\":\"Person\",\"@id\":\"https:\\\/\\\/lasentinelle.dz\\\/#\\\/schema\\\/person\\\/729ee0024f24e0b8c5ec17232f8e8b41\",\"name\":\"admin\",\"image\":{\"@type\":\"ImageObject\",\"inLanguage\":\"fr-FR\",\"@id\":\"https:\\\/\\\/secure.gravatar.com\\\/avatar\\\/4c81fed838786e9b53f540bf46533e750f5d292099ae3b66cfc6fb1982e29df7?s=96&d=mm&r=g\",\"url\":\"https:\\\/\\\/secure.gravatar.com\\\/avatar\\\/4c81fed838786e9b53f540bf46533e750f5d292099ae3b66cfc6fb1982e29df7?s=96&d=mm&r=g\",\"contentUrl\":\"https:\\\/\\\/secure.gravatar.com\\\/avatar\\\/4c81fed838786e9b53f540bf46533e750f5d292099ae3b66cfc6fb1982e29df7?s=96&d=mm&r=g\",\"caption\":\"admin\"},\"description\":\"admin\",\"url\":\"https:\\\/\\\/lasentinelle.dz\\\/author\\\/admin\\\/\"}]}<\/script>\n<!-- \/ Yoast SEO plugin. -->","yoast_head_json":{"title":"Minist\u00e8re de la Culture et des Arts\u00a0:Les Instituts sup\u00e9rieurs des arts et du patrimoine ouvrent leurs portes aux nouveaux bacheliers - La Sentinelle","robots":{"index":"index","follow":"follow","max-snippet":"max-snippet:-1","max-image-preview":"max-image-preview:large","max-video-preview":"max-video-preview:-1"},"canonical":"https:\/\/lasentinelle.dz\/index.php\/2025\/07\/24\/ministere-de-la-culture-et-des-arts-les-instituts-superieurs-des-arts-et-du-patrimoine-ouvrent-leurs-portes-aux-nouveaux-bacheliers\/","og_locale":"fr_FR","og_type":"article","og_title":"Minist\u00e8re de la Culture et des Arts\u00a0:Les Instituts sup\u00e9rieurs des arts et du patrimoine ouvrent leurs portes aux nouveaux bacheliers - La Sentinelle","og_description":"Une vaste campagne d&rsquo;orientation se d\u00e9ploie actuellement \u00e0 travers toutes les wilayas, \u00e0 destination des nouveaux bacheliers de la session","og_url":"https:\/\/lasentinelle.dz\/index.php\/2025\/07\/24\/ministere-de-la-culture-et-des-arts-les-instituts-superieurs-des-arts-et-du-patrimoine-ouvrent-leurs-portes-aux-nouveaux-bacheliers\/","og_site_name":"La Sentinelle","article_publisher":"https:\/\/www.facebook.com\/La-Sentinelle-104059864394773","article_published_time":"2025-07-24T13:37:19+00:00","article_modified_time":"2025-07-26T13:39:48+00:00","og_image":[{"width":1350,"height":900,"url":"https:\/\/lasentinelle.dz\/wp-content\/uploads\/2022\/10\/ministere-de-la-culture-et-des-arts.png","type":"image\/png"}],"author":"admin","twitter_card":"summary_large_image","twitter_misc":{"\u00c9crit par":"admin","Dur\u00e9e de lecture estim\u00e9e":"3 minutes"},"schema":{"@context":"https:\/\/schema.org","@graph":[{"@type":"Article","@id":"https:\/\/lasentinelle.dz\/index.php\/2025\/07\/24\/ministere-de-la-culture-et-des-arts-les-instituts-superieurs-des-arts-et-du-patrimoine-ouvrent-leurs-portes-aux-nouveaux-bacheliers\/#article","isPartOf":{"@id":"https:\/\/lasentinelle.dz\/index.php\/2025\/07\/24\/ministere-de-la-culture-et-des-arts-les-instituts-superieurs-des-arts-et-du-patrimoine-ouvrent-leurs-portes-aux-nouveaux-bacheliers\/"},"author":{"name":"admin","@id":"https:\/\/lasentinelle.dz\/#\/schema\/person\/729ee0024f24e0b8c5ec17232f8e8b41"},"headline":"Minist\u00e8re de la Culture et des Arts\u00a0:Les Instituts sup\u00e9rieurs des arts et du patrimoine ouvrent leurs portes aux nouveaux bacheliers","datePublished":"2025-07-24T13:37:19+00:00","dateModified":"2025-07-26T13:39:48+00:00","mainEntityOfPage":{"@id":"https:\/\/lasentinelle.dz\/index.php\/2025\/07\/24\/ministere-de-la-culture-et-des-arts-les-instituts-superieurs-des-arts-et-du-patrimoine-ouvrent-leurs-portes-aux-nouveaux-bacheliers\/"},"wordCount":485,"commentCount":0,"publisher":{"@id":"https:\/\/lasentinelle.dz\/#organization"},"image":{"@id":"https:\/\/lasentinelle.dz\/index.php\/2025\/07\/24\/ministere-de-la-culture-et-des-arts-les-instituts-superieurs-des-arts-et-du-patrimoine-ouvrent-leurs-portes-aux-nouveaux-bacheliers\/#primaryimage"},"thumbnailUrl":"https:\/\/lasentinelle.dz\/wp-content\/uploads\/2022\/10\/ministere-de-la-culture-et-des-arts.png","articleSection":["Culture"],"inLanguage":"fr-FR","potentialAction":[{"@type":"CommentAction","name":"Comment","target":["https:\/\/lasentinelle.dz\/index.php\/2025\/07\/24\/ministere-de-la-culture-et-des-arts-les-instituts-superieurs-des-arts-et-du-patrimoine-ouvrent-leurs-portes-aux-nouveaux-bacheliers\/#respond"]}]},{"@type":"WebPage","@id":"https:\/\/lasentinelle.dz\/index.php\/2025\/07\/24\/ministere-de-la-culture-et-des-arts-les-instituts-superieurs-des-arts-et-du-patrimoine-ouvrent-leurs-portes-aux-nouveaux-bacheliers\/","url":"https:\/\/lasentinelle.dz\/index.php\/2025\/07\/24\/ministere-de-la-culture-et-des-arts-les-instituts-superieurs-des-arts-et-du-patrimoine-ouvrent-leurs-portes-aux-nouveaux-bacheliers\/","name":"Minist\u00e8re de la Culture et des Arts\u00a0:Les Instituts sup\u00e9rieurs des arts et du patrimoine ouvrent leurs portes aux nouveaux bacheliers - La Sentinelle","isPartOf":{"@id":"https:\/\/lasentinelle.dz\/#website"},"primaryImageOfPage":{"@id":"https:\/\/lasentinelle.dz\/index.php\/2025\/07\/24\/ministere-de-la-culture-et-des-arts-les-instituts-superieurs-des-arts-et-du-patrimoine-ouvrent-leurs-portes-aux-nouveaux-bacheliers\/#primaryimage"},"image":{"@id":"https:\/\/lasentinelle.dz\/index.php\/2025\/07\/24\/ministere-de-la-culture-et-des-arts-les-instituts-superieurs-des-arts-et-du-patrimoine-ouvrent-leurs-portes-aux-nouveaux-bacheliers\/#primaryimage"},"thumbnailUrl":"https:\/\/lasentinelle.dz\/wp-content\/uploads\/2022\/10\/ministere-de-la-culture-et-des-arts.png","datePublished":"2025-07-24T13:37:19+00:00","dateModified":"2025-07-26T13:39:48+00:00","breadcrumb":{"@id":"https:\/\/lasentinelle.dz\/index.php\/2025\/07\/24\/ministere-de-la-culture-et-des-arts-les-instituts-superieurs-des-arts-et-du-patrimoine-ouvrent-leurs-portes-aux-nouveaux-bacheliers\/#breadcrumb"},"inLanguage":"fr-FR","potentialAction":[{"@type":"ReadAction","target":["https:\/\/lasentinelle.dz\/index.php\/2025\/07\/24\/ministere-de-la-culture-et-des-arts-les-instituts-superieurs-des-arts-et-du-patrimoine-ouvrent-leurs-portes-aux-nouveaux-bacheliers\/"]}]},{"@type":"ImageObject","inLanguage":"fr-FR","@id":"https:\/\/lasentinelle.dz\/index.php\/2025\/07\/24\/ministere-de-la-culture-et-des-arts-les-instituts-superieurs-des-arts-et-du-patrimoine-ouvrent-leurs-portes-aux-nouveaux-bacheliers\/#primaryimage","url":"https:\/\/lasentinelle.dz\/wp-content\/uploads\/2022\/10\/ministere-de-la-culture-et-des-arts.png","contentUrl":"https:\/\/lasentinelle.dz\/wp-content\/uploads\/2022\/10\/ministere-de-la-culture-et-des-arts.png","width":1350,"height":900},{"@type":"BreadcrumbList","@id":"https:\/\/lasentinelle.dz\/index.php\/2025\/07\/24\/ministere-de-la-culture-et-des-arts-les-instituts-superieurs-des-arts-et-du-patrimoine-ouvrent-leurs-portes-aux-nouveaux-bacheliers\/#breadcrumb","itemListElement":[{"@type":"ListItem","position":1,"name":"Accueil","item":"https:\/\/lasentinelle.dz\/"},{"@type":"ListItem","position":2,"name":"Minist\u00e8re de la Culture et des Arts\u00a0:Les Instituts sup\u00e9rieurs des arts et du patrimoine ouvrent leurs portes aux nouveaux bacheliers"}]},{"@type":"WebSite","@id":"https:\/\/lasentinelle.dz\/#website","url":"https:\/\/lasentinelle.dz\/","name":"La Sentinelle","description":"Quotidien national d&#039;information","publisher":{"@id":"https:\/\/lasentinelle.dz\/#organization"},"potentialAction":[{"@type":"SearchAction","target":{"@type":"EntryPoint","urlTemplate":"https:\/\/lasentinelle.dz\/?s={search_term_string}"},"query-input":{"@type":"PropertyValueSpecification","valueRequired":true,"valueName":"search_term_string"}}],"inLanguage":"fr-FR"},{"@type":"Organization","@id":"https:\/\/lasentinelle.dz\/#organization","name":"Quotidien La Sentinelle","url":"https:\/\/lasentinelle.dz\/","logo":{"@type":"ImageObject","inLanguage":"fr-FR","@id":"https:\/\/lasentinelle.dz\/#\/schema\/logo\/image\/","url":"https:\/\/lasentinelle.dz\/wp-content\/uploads\/2021\/09\/logo-sentinelleSLOGAN-1.png","contentUrl":"https:\/\/lasentinelle.dz\/wp-content\/uploads\/2021\/09\/logo-sentinelleSLOGAN-1.png","width":615,"height":142,"caption":"Quotidien La Sentinelle"},"image":{"@id":"https:\/\/lasentinelle.dz\/#\/schema\/logo\/image\/"},"sameAs":["https:\/\/www.facebook.com\/La-Sentinelle-104059864394773"]},{"@type":"Person","@id":"https:\/\/lasentinelle.dz\/#\/schema\/person\/729ee0024f24e0b8c5ec17232f8e8b41","name":"admin","image":{"@type":"ImageObject","inLanguage":"fr-FR","@id":"https:\/\/secure.gravatar.com\/avatar\/4c81fed838786e9b53f540bf46533e750f5d292099ae3b66cfc6fb1982e29df7?s=96&d=mm&r=g","url":"https:\/\/secure.gravatar.com\/avatar\/4c81fed838786e9b53f540bf46533e750f5d292099ae3b66cfc6fb1982e29df7?s=96&d=mm&r=g","contentUrl":"https:\/\/secure.gravatar.com\/avatar\/4c81fed838786e9b53f540bf46533e750f5d292099ae3b66cfc6fb1982e29df7?s=96&d=mm&r=g","caption":"admin"},"description":"admin","url":"https:\/\/lasentinelle.dz\/author\/admin\/"}]}},"_links":{"self":[{"href":"https:\/\/lasentinelle.dz\/index.php\/wp-json\/wp\/v2\/posts\/70852","targetHints":{"allow":["GET"]}}],"collection":[{"href":"https:\/\/lasentinelle.dz\/index.php\/wp-json\/wp\/v2\/posts"}],"about":[{"href":"https:\/\/lasentinelle.dz\/index.php\/wp-json\/wp\/v2\/types\/post"}],"author":[{"embeddable":true,"href":"https:\/\/lasentinelle.dz\/index.php\/wp-json\/wp\/v2\/users\/6"}],"replies":[{"embeddable":true,"href":"https:\/\/lasentinelle.dz\/index.php\/wp-json\/wp\/v2\/comments?post=70852"}],"version-history":[{"count":1,"href":"https:\/\/lasentinelle.dz\/index.php\/wp-json\/wp\/v2\/posts\/70852\/revisions"}],"predecessor-version":[{"id":70853,"href":"https:\/\/lasentinelle.dz\/index.php\/wp-json\/wp\/v2\/posts\/70852\/revisions\/70853"}],"wp:featuredmedia":[{"embeddable":true,"href":"https:\/\/lasentinelle.dz\/index.php\/wp-json\/wp\/v2\/media\/28274"}],"wp:attachment":[{"href":"https:\/\/lasentinelle.dz\/index.php\/wp-json\/wp\/v2\/media?parent=70852"}],"wp:term":[{"taxonomy":"category","embeddable":true,"href":"https:\/\/lasentinelle.dz\/index.php\/wp-json\/wp\/v2\/categories?post=70852"},{"taxonomy":"post_tag","embeddable":true,"href":"https:\/\/lasentinelle.dz\/index.php\/wp-json\/wp\/v2\/tags?post=70852"}],"curies":[{"name":"wp","href":"https:\/\/api.w.org\/{rel}","templated":true}]}}