{"id":70854,"date":"2025-07-24T14:40:13","date_gmt":"2025-07-24T13:40:13","guid":{"rendered":"https:\/\/lasentinelle.dz\/?p=70854"},"modified":"2025-07-26T14:40:46","modified_gmt":"2025-07-26T13:40:46","slug":"ouverture-du-festival-de-la-chanson-oranaise-conjuguer-tradition-et-renouvellement","status":"publish","type":"post","link":"https:\/\/lasentinelle.dz\/index.php\/2025\/07\/24\/ouverture-du-festival-de-la-chanson-oranaise-conjuguer-tradition-et-renouvellement\/","title":{"rendered":"Ouverture du festival de la chanson oranaise\u00a0:\u00a0Conjuguer tradition et renouvellement"},"content":{"rendered":"\n<p>La capitale de l&rsquo;Ouest a ouvert mardi soir les portes de sa seizi\u00e8me \u00e9dition du Festival local de la musique et de la chanson oranaises, transformant le prestigieux Th\u00e9\u00e2tre r\u00e9gional Abdelkader Alloula en \u00e9crin musical pour c\u00e9l\u00e9brer l&rsquo;une des traditions artistiques les plus embl\u00e9matiques du pays.&nbsp;<\/p>\n\n\n\n<p>Plac\u00e9 sous le slogan \u00e9vocateur \u00ab\u00a0rythme de l&rsquo;authenticit\u00e9\u00a0\u00bb, cet \u00e9v\u00e9nement annuel confirme une fois&nbsp;le&nbsp;r\u00f4le d\u2019El Bahia en tant que&nbsp;conservatoire vivant d&rsquo;un patrimoine musical s\u00e9culaire. La c\u00e9r\u00e9monie d&rsquo;ouverture, pr\u00e9sid\u00e9e par le wali d&rsquo;Oran Samir Chibani, a rassembl\u00e9 un parterre d&rsquo;artistes reconnus et un public nombreux de m\u00e9lomanes, t\u00e9moignant de l&rsquo;attachement profond de la population locale \u00e0 cet h\u00e9ritage culturel unique. Dans son allocution inaugurale, le repr\u00e9sentant de l&rsquo;\u00c9tat a soulign\u00e9 que ce festival vient confirmer \u00ab\u00a0la capacit\u00e9 de la ville d&rsquo;Oran \u00e0 produire une cr\u00e9ation musicale de haute facture\u00a0\u00bb, inscrivant cette manifestation dans le cadre plus large des acquis r\u00e9alis\u00e9s dans le secteur culturel national, fruits des efforts soutenus des pouvoirs publics. Cette reconnaissance officielle traduit l&rsquo;importance accord\u00e9e par les autorit\u00e9s \u00e0 la pr\u00e9servation et \u00e0 la promotion des expressions artistiques r\u00e9gionales, consid\u00e9r\u00e9es comme autant de facettes de l&rsquo;identit\u00e9 nationale alg\u00e9rienne.<\/p>\n\n\n\n<p>La directrice de la Culture et des Arts de la wilaya d&rsquo;Oran, Bouchra Salhi, a apport\u00e9 un \u00e9clairage particuli\u00e8rement pertinent sur la signification de cet \u00e9v\u00e9nement, expliquant qu&rsquo;il \u00ab\u00a0traduit la profondeur de l&rsquo;appartenance et une lecture du patrimoine musical alg\u00e9rien, et en particulier l&rsquo;\u00c9cole oranaise authentique qui a donn\u00e9 de grandes figures ayant enrichi la sc\u00e8ne culturelle nationale et port\u00e9 la voix de l&rsquo;Alg\u00e9rie sur les sc\u00e8nes internationales\u00a0\u00bb. Cette analyse met en lumi\u00e8re la dimension \u00e0 la fois locale et universelle de la musique oranaise, qui puise ses racines dans les traditions populaires de la r\u00e9gion tout en rayonnant bien au-del\u00e0 des fronti\u00e8res nationales. L&rsquo;\u00c9cole oranaise, avec ses codes sp\u00e9cifiques, ses rythmes caract\u00e9ristiques et sa po\u00e9sie urbaine, constitue effectivement l&rsquo;un des piliers de l&rsquo;expression musicale alg\u00e9rienne, au m\u00eame titre que le cha\u00e2bi alg\u00e9rois ou la musique kabyle.<\/p>\n\n\n\n<p>La responsable a \u00e9galement mis l&rsquo;accent sur l&rsquo;engagement du minist\u00e8re de la Culture et des Arts, pr\u00e9cisant que \u00ab\u00a0en soutenant ces manifestations culturelles et artistiques \u00e0 travers le pays, il r\u00e9affirme son engagement constant \u00e0 accompagner les talents, pr\u00e9server le patrimoine culturel et soutenir toutes les initiatives ayant trait aux arts et visant \u00e0 les rapprocher du citoyen, notamment des jeunes\u00a0\u00bb. La commissaire du Festival, Souad Bouali, a enrichi cette r\u00e9flexion en appelant \u00ab\u00a0\u00e0 l&rsquo;attachement \u00e0 la culture et l&rsquo;identit\u00e9 alg\u00e9riennes, ainsi que leur promotion, et \u00e0 sauvegarder le patrimoine culturel mat\u00e9riel et immat\u00e9riel ainsi que les diff\u00e9rents genres musicaux\u00a0\u00bb. Son message souligne l&rsquo;urgence de la transmission interg\u00e9n\u00e9rationnelle et la n\u00e9cessit\u00e9 de maintenir vivantes des traditions qui risquent de s&rsquo;effacer face aux mutations sociales contemporaines. Cette pr\u00e9occupation patrimoniale s&rsquo;inscrit dans une d\u00e9marche de r\u00e9sistance culturelle face \u00e0 l&rsquo;uniformisation mondiale des expressions artistiques.<\/p>\n\n\n\n<p>Le programme artistique de cette \u00e9dition t\u00e9moigne d&rsquo;une volont\u00e9 de conjuguer tradition et renouvellement. L&rsquo;orchestre du festival, compos\u00e9 majoritairement de dipl\u00f4m\u00e9s des instituts de musique, a offert un pr\u00e9lude musical avec l&rsquo;interpr\u00e9tation d&rsquo;un instrumental intitul\u00e9 \u00ab\u00a0El-Bahia\u00a0\u00bb, compos\u00e9 et dirig\u00e9 par le maestro Khalil Baba-Ahmed. La c\u00e9r\u00e9monie d&rsquo;ouverture a \u00e9galement \u00e9t\u00e9 marqu\u00e9e par la pr\u00e9sentation du g\u00e9n\u00e9rique du festival, \u00ab\u00a0Korrat La\u00e2iene\u00a0\u00bb, \u0153uvre embl\u00e9matique \u00e9crite par le po\u00e8te Abdallah Tamouh et compos\u00e9e par la figure l\u00e9gendaire de la chanson oranaise, le regrett\u00e9 Blaoui Houari, disparu en 2017 apr\u00e8s avoir marqu\u00e9 de son empreinte plusieurs d\u00e9cennies de cr\u00e9ation musicale. Cette r\u00e9f\u00e9rence au ma\u00eetre incontest\u00e9 de l&rsquo;\u00c9cole oranaise rappelle l&rsquo;importance des figures tut\u00e9laires dans la constitution et la perp\u00e9tuation d&rsquo;une tradition artistique vivante.<\/p>\n\n\n\n<p>Les hommages constituent un aspect central de cette \u00e9dition, avec la distinction accord\u00e9e \u00e0 l&rsquo;artiste Houari Mesbahi lors de la soir\u00e9e d&rsquo;ouverture, tandis qu&rsquo;un hommage sera rendu au chanteur Moulay Abdennebi lors de la cl\u00f4ture du festival. Ces deux personnalit\u00e9s, consid\u00e9r\u00e9es comme des figures embl\u00e9matiques de la musique oranaise et anciens membres de l&rsquo;orchestre de Blaoui Houari, incarnent la continuit\u00e9 d&rsquo;une \u00e9cole artistique qui a su traverser les \u00e9poques en pr\u00e9servant son authenticit\u00e9.<\/p>\n\n\n\n<p>La programmation de cette seizi\u00e8me \u00e9dition r\u00e9v\u00e8le une richesse et une diversit\u00e9 remarquables, avec la participation de dix-huit artistes qui offriront au public oranais et aux visiteurs un panorama complet des expressions musicales locales. Les spectacles de \u00ab\u00a0meddahates\u00a0\u00bb, ces chants traditionnels f\u00e9minins, seront interpr\u00e9t\u00e9s par une troupe f\u00e9minine sp\u00e9cialis\u00e9e, tandis qu&rsquo;une formation folklorique proposera des \u0153uvres dans le style b\u00e9douin, rappelant les origines nomades d&rsquo;une partie de la culture musicale r\u00e9gionale.<\/p>\n\n\n\n<p>Le volet comp\u00e9titif du festival m\u00e9rite une attention particuli\u00e8re, avec la participation de huit jeunes talents s\u00e9lectionn\u00e9s parmi vingt-six candidats lors des pr\u00e9s\u00e9lections. Cette comp\u00e9tition, plac\u00e9e sous la supervision d&rsquo;un jury pr\u00e9sid\u00e9 par le po\u00e8te Abdallah Tamouh, constitue un laboratoire essentiel pour l&rsquo;\u00e9mergence de nouvelles voix et la r\u00e9g\u00e9n\u00e9ration continue de la tradition oranaise.&nbsp;<\/p>\n\n\n\n<p>Mohand Seghir<\/p>\n","protected":false},"excerpt":{"rendered":"<p>La capitale de l&rsquo;Ouest a ouvert mardi soir les portes de sa seizi\u00e8me \u00e9dition du Festival local de la musique<\/p>\n","protected":false},"author":6,"featured_media":70855,"comment_status":"open","ping_status":"closed","sticky":false,"template":"","format":"standard","meta":{"colormag_page_container_layout":"default_layout","colormag_page_sidebar_layout":"default_layout","om_disable_all_campaigns":false,"_monsterinsights_skip_tracking":false,"_monsterinsights_sitenote_active":false,"_monsterinsights_sitenote_note":"","_monsterinsights_sitenote_category":0,"footnotes":"","_wpscppro_dont_share_socialmedia":false,"_wpscppro_custom_social_share_image":0,"_facebook_share_type":"default","_twitter_share_type":"default","_linkedin_share_type":"default","_pinterest_share_type":"default","_linkedin_share_type_page":"","_instagram_share_type":"default","_medium_share_type":"default","_threads_share_type":"","_google_business_share_type":"","_selected_social_profile":[],"_wpsp_enable_custom_social_template":false,"_wpsp_social_scheduling":{"enabled":false,"datetime":null,"platforms":[],"status":"template_only","dateOption":"today","timeOption":"now","customDays":"","customHours":"","customDate":"","customTime":"","schedulingType":"absolute"},"_wpsp_active_default_template":true},"categories":[36],"tags":[],"class_list":["post-70854","post","type-post","status-publish","format-standard","has-post-thumbnail","hentry","category-culture"],"aioseo_notices":[],"yoast_head":"<!-- This site is optimized with the Yoast SEO plugin v27.4 - https:\/\/yoast.com\/product\/yoast-seo-wordpress\/ -->\n<title>Ouverture du festival de la chanson oranaise\u00a0:\u00a0Conjuguer tradition et renouvellement - La Sentinelle<\/title>\n<meta name=\"robots\" content=\"index, follow, max-snippet:-1, max-image-preview:large, max-video-preview:-1\" \/>\n<link rel=\"canonical\" href=\"https:\/\/lasentinelle.dz\/index.php\/2025\/07\/24\/ouverture-du-festival-de-la-chanson-oranaise-conjuguer-tradition-et-renouvellement\/\" \/>\n<meta property=\"og:locale\" content=\"fr_FR\" \/>\n<meta property=\"og:type\" content=\"article\" \/>\n<meta property=\"og:title\" content=\"Ouverture du festival de la chanson oranaise\u00a0:\u00a0Conjuguer tradition et renouvellement - La Sentinelle\" \/>\n<meta property=\"og:description\" content=\"La capitale de l&rsquo;Ouest a ouvert mardi soir les portes de sa seizi\u00e8me \u00e9dition du Festival local de la musique\" \/>\n<meta property=\"og:url\" content=\"https:\/\/lasentinelle.dz\/index.php\/2025\/07\/24\/ouverture-du-festival-de-la-chanson-oranaise-conjuguer-tradition-et-renouvellement\/\" \/>\n<meta property=\"og:site_name\" content=\"La Sentinelle\" \/>\n<meta property=\"article:publisher\" content=\"https:\/\/www.facebook.com\/La-Sentinelle-104059864394773\" \/>\n<meta property=\"article:published_time\" content=\"2025-07-24T13:40:13+00:00\" \/>\n<meta property=\"article:modified_time\" content=\"2025-07-26T13:40:46+00:00\" \/>\n<meta property=\"og:image\" content=\"https:\/\/lasentinelle.dz\/wp-content\/uploads\/2025\/07\/chanson-oranaise.jpeg\" \/>\n\t<meta property=\"og:image:width\" content=\"738\" \/>\n\t<meta property=\"og:image:height\" content=\"450\" \/>\n\t<meta property=\"og:image:type\" content=\"image\/jpeg\" \/>\n<meta name=\"author\" content=\"admin\" \/>\n<meta name=\"twitter:card\" content=\"summary_large_image\" \/>\n<meta name=\"twitter:label1\" content=\"\u00c9crit par\" \/>\n\t<meta name=\"twitter:data1\" content=\"admin\" \/>\n\t<meta name=\"twitter:label2\" content=\"Dur\u00e9e de lecture estim\u00e9e\" \/>\n\t<meta name=\"twitter:data2\" content=\"5 minutes\" \/>\n<script type=\"application\/ld+json\" class=\"yoast-schema-graph\">{\"@context\":\"https:\\\/\\\/schema.org\",\"@graph\":[{\"@type\":\"Article\",\"@id\":\"https:\\\/\\\/lasentinelle.dz\\\/index.php\\\/2025\\\/07\\\/24\\\/ouverture-du-festival-de-la-chanson-oranaise-conjuguer-tradition-et-renouvellement\\\/#article\",\"isPartOf\":{\"@id\":\"https:\\\/\\\/lasentinelle.dz\\\/index.php\\\/2025\\\/07\\\/24\\\/ouverture-du-festival-de-la-chanson-oranaise-conjuguer-tradition-et-renouvellement\\\/\"},\"author\":{\"name\":\"admin\",\"@id\":\"https:\\\/\\\/lasentinelle.dz\\\/#\\\/schema\\\/person\\\/729ee0024f24e0b8c5ec17232f8e8b41\"},\"headline\":\"Ouverture du festival de la chanson oranaise\u00a0:\u00a0Conjuguer tradition et renouvellement\",\"datePublished\":\"2025-07-24T13:40:13+00:00\",\"dateModified\":\"2025-07-26T13:40:46+00:00\",\"mainEntityOfPage\":{\"@id\":\"https:\\\/\\\/lasentinelle.dz\\\/index.php\\\/2025\\\/07\\\/24\\\/ouverture-du-festival-de-la-chanson-oranaise-conjuguer-tradition-et-renouvellement\\\/\"},\"wordCount\":950,\"commentCount\":0,\"publisher\":{\"@id\":\"https:\\\/\\\/lasentinelle.dz\\\/#organization\"},\"image\":{\"@id\":\"https:\\\/\\\/lasentinelle.dz\\\/index.php\\\/2025\\\/07\\\/24\\\/ouverture-du-festival-de-la-chanson-oranaise-conjuguer-tradition-et-renouvellement\\\/#primaryimage\"},\"thumbnailUrl\":\"https:\\\/\\\/lasentinelle.dz\\\/wp-content\\\/uploads\\\/2025\\\/07\\\/chanson-oranaise.jpeg\",\"articleSection\":[\"Culture\"],\"inLanguage\":\"fr-FR\",\"potentialAction\":[{\"@type\":\"CommentAction\",\"name\":\"Comment\",\"target\":[\"https:\\\/\\\/lasentinelle.dz\\\/index.php\\\/2025\\\/07\\\/24\\\/ouverture-du-festival-de-la-chanson-oranaise-conjuguer-tradition-et-renouvellement\\\/#respond\"]}]},{\"@type\":\"WebPage\",\"@id\":\"https:\\\/\\\/lasentinelle.dz\\\/index.php\\\/2025\\\/07\\\/24\\\/ouverture-du-festival-de-la-chanson-oranaise-conjuguer-tradition-et-renouvellement\\\/\",\"url\":\"https:\\\/\\\/lasentinelle.dz\\\/index.php\\\/2025\\\/07\\\/24\\\/ouverture-du-festival-de-la-chanson-oranaise-conjuguer-tradition-et-renouvellement\\\/\",\"name\":\"Ouverture du festival de la chanson oranaise\u00a0:\u00a0Conjuguer tradition et renouvellement - La Sentinelle\",\"isPartOf\":{\"@id\":\"https:\\\/\\\/lasentinelle.dz\\\/#website\"},\"primaryImageOfPage\":{\"@id\":\"https:\\\/\\\/lasentinelle.dz\\\/index.php\\\/2025\\\/07\\\/24\\\/ouverture-du-festival-de-la-chanson-oranaise-conjuguer-tradition-et-renouvellement\\\/#primaryimage\"},\"image\":{\"@id\":\"https:\\\/\\\/lasentinelle.dz\\\/index.php\\\/2025\\\/07\\\/24\\\/ouverture-du-festival-de-la-chanson-oranaise-conjuguer-tradition-et-renouvellement\\\/#primaryimage\"},\"thumbnailUrl\":\"https:\\\/\\\/lasentinelle.dz\\\/wp-content\\\/uploads\\\/2025\\\/07\\\/chanson-oranaise.jpeg\",\"datePublished\":\"2025-07-24T13:40:13+00:00\",\"dateModified\":\"2025-07-26T13:40:46+00:00\",\"breadcrumb\":{\"@id\":\"https:\\\/\\\/lasentinelle.dz\\\/index.php\\\/2025\\\/07\\\/24\\\/ouverture-du-festival-de-la-chanson-oranaise-conjuguer-tradition-et-renouvellement\\\/#breadcrumb\"},\"inLanguage\":\"fr-FR\",\"potentialAction\":[{\"@type\":\"ReadAction\",\"target\":[\"https:\\\/\\\/lasentinelle.dz\\\/index.php\\\/2025\\\/07\\\/24\\\/ouverture-du-festival-de-la-chanson-oranaise-conjuguer-tradition-et-renouvellement\\\/\"]}]},{\"@type\":\"ImageObject\",\"inLanguage\":\"fr-FR\",\"@id\":\"https:\\\/\\\/lasentinelle.dz\\\/index.php\\\/2025\\\/07\\\/24\\\/ouverture-du-festival-de-la-chanson-oranaise-conjuguer-tradition-et-renouvellement\\\/#primaryimage\",\"url\":\"https:\\\/\\\/lasentinelle.dz\\\/wp-content\\\/uploads\\\/2025\\\/07\\\/chanson-oranaise.jpeg\",\"contentUrl\":\"https:\\\/\\\/lasentinelle.dz\\\/wp-content\\\/uploads\\\/2025\\\/07\\\/chanson-oranaise.jpeg\",\"width\":738,\"height\":450},{\"@type\":\"BreadcrumbList\",\"@id\":\"https:\\\/\\\/lasentinelle.dz\\\/index.php\\\/2025\\\/07\\\/24\\\/ouverture-du-festival-de-la-chanson-oranaise-conjuguer-tradition-et-renouvellement\\\/#breadcrumb\",\"itemListElement\":[{\"@type\":\"ListItem\",\"position\":1,\"name\":\"Accueil\",\"item\":\"https:\\\/\\\/lasentinelle.dz\\\/\"},{\"@type\":\"ListItem\",\"position\":2,\"name\":\"Ouverture du festival de la chanson oranaise\u00a0:\u00a0Conjuguer tradition et renouvellement\"}]},{\"@type\":\"WebSite\",\"@id\":\"https:\\\/\\\/lasentinelle.dz\\\/#website\",\"url\":\"https:\\\/\\\/lasentinelle.dz\\\/\",\"name\":\"La Sentinelle\",\"description\":\"Quotidien national d&#039;information\",\"publisher\":{\"@id\":\"https:\\\/\\\/lasentinelle.dz\\\/#organization\"},\"potentialAction\":[{\"@type\":\"SearchAction\",\"target\":{\"@type\":\"EntryPoint\",\"urlTemplate\":\"https:\\\/\\\/lasentinelle.dz\\\/?s={search_term_string}\"},\"query-input\":{\"@type\":\"PropertyValueSpecification\",\"valueRequired\":true,\"valueName\":\"search_term_string\"}}],\"inLanguage\":\"fr-FR\"},{\"@type\":\"Organization\",\"@id\":\"https:\\\/\\\/lasentinelle.dz\\\/#organization\",\"name\":\"Quotidien La Sentinelle\",\"url\":\"https:\\\/\\\/lasentinelle.dz\\\/\",\"logo\":{\"@type\":\"ImageObject\",\"inLanguage\":\"fr-FR\",\"@id\":\"https:\\\/\\\/lasentinelle.dz\\\/#\\\/schema\\\/logo\\\/image\\\/\",\"url\":\"https:\\\/\\\/lasentinelle.dz\\\/wp-content\\\/uploads\\\/2021\\\/09\\\/logo-sentinelleSLOGAN-1.png\",\"contentUrl\":\"https:\\\/\\\/lasentinelle.dz\\\/wp-content\\\/uploads\\\/2021\\\/09\\\/logo-sentinelleSLOGAN-1.png\",\"width\":615,\"height\":142,\"caption\":\"Quotidien La Sentinelle\"},\"image\":{\"@id\":\"https:\\\/\\\/lasentinelle.dz\\\/#\\\/schema\\\/logo\\\/image\\\/\"},\"sameAs\":[\"https:\\\/\\\/www.facebook.com\\\/La-Sentinelle-104059864394773\"]},{\"@type\":\"Person\",\"@id\":\"https:\\\/\\\/lasentinelle.dz\\\/#\\\/schema\\\/person\\\/729ee0024f24e0b8c5ec17232f8e8b41\",\"name\":\"admin\",\"image\":{\"@type\":\"ImageObject\",\"inLanguage\":\"fr-FR\",\"@id\":\"https:\\\/\\\/secure.gravatar.com\\\/avatar\\\/4c81fed838786e9b53f540bf46533e750f5d292099ae3b66cfc6fb1982e29df7?s=96&d=mm&r=g\",\"url\":\"https:\\\/\\\/secure.gravatar.com\\\/avatar\\\/4c81fed838786e9b53f540bf46533e750f5d292099ae3b66cfc6fb1982e29df7?s=96&d=mm&r=g\",\"contentUrl\":\"https:\\\/\\\/secure.gravatar.com\\\/avatar\\\/4c81fed838786e9b53f540bf46533e750f5d292099ae3b66cfc6fb1982e29df7?s=96&d=mm&r=g\",\"caption\":\"admin\"},\"description\":\"admin\",\"url\":\"https:\\\/\\\/lasentinelle.dz\\\/author\\\/admin\\\/\"}]}<\/script>\n<!-- \/ Yoast SEO plugin. -->","yoast_head_json":{"title":"Ouverture du festival de la chanson oranaise\u00a0:\u00a0Conjuguer tradition et renouvellement - La Sentinelle","robots":{"index":"index","follow":"follow","max-snippet":"max-snippet:-1","max-image-preview":"max-image-preview:large","max-video-preview":"max-video-preview:-1"},"canonical":"https:\/\/lasentinelle.dz\/index.php\/2025\/07\/24\/ouverture-du-festival-de-la-chanson-oranaise-conjuguer-tradition-et-renouvellement\/","og_locale":"fr_FR","og_type":"article","og_title":"Ouverture du festival de la chanson oranaise\u00a0:\u00a0Conjuguer tradition et renouvellement - La Sentinelle","og_description":"La capitale de l&rsquo;Ouest a ouvert mardi soir les portes de sa seizi\u00e8me \u00e9dition du Festival local de la musique","og_url":"https:\/\/lasentinelle.dz\/index.php\/2025\/07\/24\/ouverture-du-festival-de-la-chanson-oranaise-conjuguer-tradition-et-renouvellement\/","og_site_name":"La Sentinelle","article_publisher":"https:\/\/www.facebook.com\/La-Sentinelle-104059864394773","article_published_time":"2025-07-24T13:40:13+00:00","article_modified_time":"2025-07-26T13:40:46+00:00","og_image":[{"width":738,"height":450,"url":"https:\/\/lasentinelle.dz\/wp-content\/uploads\/2025\/07\/chanson-oranaise.jpeg","type":"image\/jpeg"}],"author":"admin","twitter_card":"summary_large_image","twitter_misc":{"\u00c9crit par":"admin","Dur\u00e9e de lecture estim\u00e9e":"5 minutes"},"schema":{"@context":"https:\/\/schema.org","@graph":[{"@type":"Article","@id":"https:\/\/lasentinelle.dz\/index.php\/2025\/07\/24\/ouverture-du-festival-de-la-chanson-oranaise-conjuguer-tradition-et-renouvellement\/#article","isPartOf":{"@id":"https:\/\/lasentinelle.dz\/index.php\/2025\/07\/24\/ouverture-du-festival-de-la-chanson-oranaise-conjuguer-tradition-et-renouvellement\/"},"author":{"name":"admin","@id":"https:\/\/lasentinelle.dz\/#\/schema\/person\/729ee0024f24e0b8c5ec17232f8e8b41"},"headline":"Ouverture du festival de la chanson oranaise\u00a0:\u00a0Conjuguer tradition et renouvellement","datePublished":"2025-07-24T13:40:13+00:00","dateModified":"2025-07-26T13:40:46+00:00","mainEntityOfPage":{"@id":"https:\/\/lasentinelle.dz\/index.php\/2025\/07\/24\/ouverture-du-festival-de-la-chanson-oranaise-conjuguer-tradition-et-renouvellement\/"},"wordCount":950,"commentCount":0,"publisher":{"@id":"https:\/\/lasentinelle.dz\/#organization"},"image":{"@id":"https:\/\/lasentinelle.dz\/index.php\/2025\/07\/24\/ouverture-du-festival-de-la-chanson-oranaise-conjuguer-tradition-et-renouvellement\/#primaryimage"},"thumbnailUrl":"https:\/\/lasentinelle.dz\/wp-content\/uploads\/2025\/07\/chanson-oranaise.jpeg","articleSection":["Culture"],"inLanguage":"fr-FR","potentialAction":[{"@type":"CommentAction","name":"Comment","target":["https:\/\/lasentinelle.dz\/index.php\/2025\/07\/24\/ouverture-du-festival-de-la-chanson-oranaise-conjuguer-tradition-et-renouvellement\/#respond"]}]},{"@type":"WebPage","@id":"https:\/\/lasentinelle.dz\/index.php\/2025\/07\/24\/ouverture-du-festival-de-la-chanson-oranaise-conjuguer-tradition-et-renouvellement\/","url":"https:\/\/lasentinelle.dz\/index.php\/2025\/07\/24\/ouverture-du-festival-de-la-chanson-oranaise-conjuguer-tradition-et-renouvellement\/","name":"Ouverture du festival de la chanson oranaise\u00a0:\u00a0Conjuguer tradition et renouvellement - La Sentinelle","isPartOf":{"@id":"https:\/\/lasentinelle.dz\/#website"},"primaryImageOfPage":{"@id":"https:\/\/lasentinelle.dz\/index.php\/2025\/07\/24\/ouverture-du-festival-de-la-chanson-oranaise-conjuguer-tradition-et-renouvellement\/#primaryimage"},"image":{"@id":"https:\/\/lasentinelle.dz\/index.php\/2025\/07\/24\/ouverture-du-festival-de-la-chanson-oranaise-conjuguer-tradition-et-renouvellement\/#primaryimage"},"thumbnailUrl":"https:\/\/lasentinelle.dz\/wp-content\/uploads\/2025\/07\/chanson-oranaise.jpeg","datePublished":"2025-07-24T13:40:13+00:00","dateModified":"2025-07-26T13:40:46+00:00","breadcrumb":{"@id":"https:\/\/lasentinelle.dz\/index.php\/2025\/07\/24\/ouverture-du-festival-de-la-chanson-oranaise-conjuguer-tradition-et-renouvellement\/#breadcrumb"},"inLanguage":"fr-FR","potentialAction":[{"@type":"ReadAction","target":["https:\/\/lasentinelle.dz\/index.php\/2025\/07\/24\/ouverture-du-festival-de-la-chanson-oranaise-conjuguer-tradition-et-renouvellement\/"]}]},{"@type":"ImageObject","inLanguage":"fr-FR","@id":"https:\/\/lasentinelle.dz\/index.php\/2025\/07\/24\/ouverture-du-festival-de-la-chanson-oranaise-conjuguer-tradition-et-renouvellement\/#primaryimage","url":"https:\/\/lasentinelle.dz\/wp-content\/uploads\/2025\/07\/chanson-oranaise.jpeg","contentUrl":"https:\/\/lasentinelle.dz\/wp-content\/uploads\/2025\/07\/chanson-oranaise.jpeg","width":738,"height":450},{"@type":"BreadcrumbList","@id":"https:\/\/lasentinelle.dz\/index.php\/2025\/07\/24\/ouverture-du-festival-de-la-chanson-oranaise-conjuguer-tradition-et-renouvellement\/#breadcrumb","itemListElement":[{"@type":"ListItem","position":1,"name":"Accueil","item":"https:\/\/lasentinelle.dz\/"},{"@type":"ListItem","position":2,"name":"Ouverture du festival de la chanson oranaise\u00a0:\u00a0Conjuguer tradition et renouvellement"}]},{"@type":"WebSite","@id":"https:\/\/lasentinelle.dz\/#website","url":"https:\/\/lasentinelle.dz\/","name":"La Sentinelle","description":"Quotidien national d&#039;information","publisher":{"@id":"https:\/\/lasentinelle.dz\/#organization"},"potentialAction":[{"@type":"SearchAction","target":{"@type":"EntryPoint","urlTemplate":"https:\/\/lasentinelle.dz\/?s={search_term_string}"},"query-input":{"@type":"PropertyValueSpecification","valueRequired":true,"valueName":"search_term_string"}}],"inLanguage":"fr-FR"},{"@type":"Organization","@id":"https:\/\/lasentinelle.dz\/#organization","name":"Quotidien La Sentinelle","url":"https:\/\/lasentinelle.dz\/","logo":{"@type":"ImageObject","inLanguage":"fr-FR","@id":"https:\/\/lasentinelle.dz\/#\/schema\/logo\/image\/","url":"https:\/\/lasentinelle.dz\/wp-content\/uploads\/2021\/09\/logo-sentinelleSLOGAN-1.png","contentUrl":"https:\/\/lasentinelle.dz\/wp-content\/uploads\/2021\/09\/logo-sentinelleSLOGAN-1.png","width":615,"height":142,"caption":"Quotidien La Sentinelle"},"image":{"@id":"https:\/\/lasentinelle.dz\/#\/schema\/logo\/image\/"},"sameAs":["https:\/\/www.facebook.com\/La-Sentinelle-104059864394773"]},{"@type":"Person","@id":"https:\/\/lasentinelle.dz\/#\/schema\/person\/729ee0024f24e0b8c5ec17232f8e8b41","name":"admin","image":{"@type":"ImageObject","inLanguage":"fr-FR","@id":"https:\/\/secure.gravatar.com\/avatar\/4c81fed838786e9b53f540bf46533e750f5d292099ae3b66cfc6fb1982e29df7?s=96&d=mm&r=g","url":"https:\/\/secure.gravatar.com\/avatar\/4c81fed838786e9b53f540bf46533e750f5d292099ae3b66cfc6fb1982e29df7?s=96&d=mm&r=g","contentUrl":"https:\/\/secure.gravatar.com\/avatar\/4c81fed838786e9b53f540bf46533e750f5d292099ae3b66cfc6fb1982e29df7?s=96&d=mm&r=g","caption":"admin"},"description":"admin","url":"https:\/\/lasentinelle.dz\/author\/admin\/"}]}},"_links":{"self":[{"href":"https:\/\/lasentinelle.dz\/index.php\/wp-json\/wp\/v2\/posts\/70854","targetHints":{"allow":["GET"]}}],"collection":[{"href":"https:\/\/lasentinelle.dz\/index.php\/wp-json\/wp\/v2\/posts"}],"about":[{"href":"https:\/\/lasentinelle.dz\/index.php\/wp-json\/wp\/v2\/types\/post"}],"author":[{"embeddable":true,"href":"https:\/\/lasentinelle.dz\/index.php\/wp-json\/wp\/v2\/users\/6"}],"replies":[{"embeddable":true,"href":"https:\/\/lasentinelle.dz\/index.php\/wp-json\/wp\/v2\/comments?post=70854"}],"version-history":[{"count":1,"href":"https:\/\/lasentinelle.dz\/index.php\/wp-json\/wp\/v2\/posts\/70854\/revisions"}],"predecessor-version":[{"id":70856,"href":"https:\/\/lasentinelle.dz\/index.php\/wp-json\/wp\/v2\/posts\/70854\/revisions\/70856"}],"wp:featuredmedia":[{"embeddable":true,"href":"https:\/\/lasentinelle.dz\/index.php\/wp-json\/wp\/v2\/media\/70855"}],"wp:attachment":[{"href":"https:\/\/lasentinelle.dz\/index.php\/wp-json\/wp\/v2\/media?parent=70854"}],"wp:term":[{"taxonomy":"category","embeddable":true,"href":"https:\/\/lasentinelle.dz\/index.php\/wp-json\/wp\/v2\/categories?post=70854"},{"taxonomy":"post_tag","embeddable":true,"href":"https:\/\/lasentinelle.dz\/index.php\/wp-json\/wp\/v2\/tags?post=70854"}],"curies":[{"name":"wp","href":"https:\/\/api.w.org\/{rel}","templated":true}]}}