{"id":70866,"date":"2025-07-24T14:43:19","date_gmt":"2025-07-24T13:43:19","guid":{"rendered":"https:\/\/lasentinelle.dz\/?p=70866"},"modified":"2025-07-26T14:44:04","modified_gmt":"2025-07-26T13:44:04","slug":"mercato-estival-en-ligue-1-mobilis-les-clubs-recrutent-a-tours-de-bras","status":"publish","type":"post","link":"https:\/\/lasentinelle.dz\/index.php\/2025\/07\/24\/mercato-estival-en-ligue-1-mobilis-les-clubs-recrutent-a-tours-de-bras\/","title":{"rendered":"Mercato estival en Ligue 1 Mobilis\u00a0: Les clubs recrutent \u00e0 tours de bras"},"content":{"rendered":"\n<p>Le mercato estival de la Ligue 1 Mobilis bat son plein avec une s\u00e9rie de mouvements significatifs qui redessinent d\u00e9j\u00e0 les contours de la saison 2025-2026.&nbsp;<\/p>\n\n\n\n<p>L&rsquo;Entente de S\u00e9tif frappe fort en s&rsquo;attachant les services de l&rsquo;international gambien Gibril Sillah pour deux saisons. \u00c0 26 ans, cet attaquant polyvalent capable d&rsquo;\u00e9voluer sur les deux flancs apporte son exp\u00e9rience internationale acquise la saison derni\u00e8re au sein du club tanzanien Azam FC. Cette signature s&rsquo;inscrit dans une politique de recrutement ambitieuse men\u00e9e par la direction s\u00e9tifienne qui a proc\u00e9d\u00e9 \u00e0 un renouvellement cons\u00e9quent de son effectif avec douze d\u00e9parts compens\u00e9s par huit arriv\u00e9es, auxquelles s&rsquo;ajoutent deux promotions issues des cat\u00e9gories jeunes. Le porte-parole Idris Kedidah laisse entendre que d&rsquo;autres renforts sont programm\u00e9s, t\u00e9moignant de la volont\u00e9 du club de retrouver les sommets du football alg\u00e9rien.&nbsp;Du c\u00f4t\u00e9 de Mostaganem, l&rsquo;ES mise sur l&rsquo;exp\u00e9rience avec les recrutements d&rsquo;Adil Djabout en provenance du NC Magra et de Zoubir Motrani qui quitte le MC Oran. Ces deux attaquants, \u00e2g\u00e9s respectivement de 32 et 29 ans, constituent les premi\u00e8res pierres d&rsquo;un projet de reconstruction offensive pour un club qui a v\u00e9cu une saison p\u00e9rilleuse, ne s&rsquo;assurant le maintien qu&rsquo;\u00e0 la derni\u00e8re journ\u00e9e gr\u00e2ce \u00e0 une victoire cruciale face au Paradou AC. Cette strat\u00e9gie pragmatique vise \u00e0 apporter stabilit\u00e9 et efficacit\u00e9 \u00e0 une formation qui a termin\u00e9 au treizi\u00e8me rang avec seulement 34 points. Le d\u00e9part de l&rsquo;ancien international Djamel Benlamri vers le promu MB Rouissat confirme cette volont\u00e9 de rajeunissement contr\u00f4l\u00e9, m\u00eame si l&rsquo;incertitude plane encore autour de l&rsquo;entra\u00eeneur Nadir Leknaoui dont le renouvellement n&rsquo;est pas encore officialis\u00e9 malgr\u00e9 sa priorit\u00e9 accord\u00e9e au club.<\/p>\n\n\n\n<p>L&rsquo;USM Alger traverse une p\u00e9riode de transition marqu\u00e9e par le d\u00e9part officiel d&rsquo;Imad-Eddine Azzi, dont l&rsquo;aventure alg\u00e9roise s&rsquo;ach\u00e8ve apr\u00e8s une saison remarquable couronn\u00e9e par le sacre en Coupe d&rsquo;Alg\u00e9rie. Le d\u00e9fenseur central, pr\u00eat\u00e9 par le club kowe\u00eftien Kazma Sporting Club, a exprim\u00e9 sa d\u00e9ception de ne pouvoir poursuivre l&rsquo;aventure malgr\u00e9 les efforts de la direction usmiste pour racheter son contrat. Sa complicit\u00e9 d\u00e9fensive avec Adem Alilet avait largement contribu\u00e9 au neuvi\u00e8me titre de l&rsquo;USMA dans l&rsquo;\u00e9preuve populaire. Les derni\u00e8res informations sugg\u00e8rent que Kazma aurait re\u00e7u une offre du club russe Dynamo Makhatchkala pour le joueur, illustrant l&rsquo;attractivit\u00e9 internationale qu&rsquo;a acquise Azzi lors de son passage en&nbsp;Ligue 1 Mobilis.<\/p>\n\n\n\n<p>Le MC Alger, champion d&rsquo;Alg\u00e9rie en titre, poursuit sa r\u00e9volution avec la nomination de Sid Ahmed Khedis au poste de manager sportif en remplacement de Mohamed Khezrouni. Cette d\u00e9cision s&rsquo;inscrit dans la continuit\u00e9 des changements op\u00e9r\u00e9s par le Doyen qui a \u00e9galement confi\u00e9 les r\u00eanes techniques au Sud-africain Rhulani Mokwena, succ\u00e9dant au Tunisien Khaled Benyahia. L&rsquo;ancien entra\u00eeneur des Orlando Pirates et Mamelodi Sundowns s&rsquo;est entour\u00e9 d&rsquo;un staff international avec Enzo Denis et Wendell Robinson comme adjoints, ainsi que Mahlangu Sibusiso en tant que pr\u00e9parateur physique. Cette internationalisation du projet sportif t\u00e9moigne des ambitions continentales du club qui entend d\u00e9fendre son titre avec les moyens de ses ambitions. Parall\u00e8lement, Salim Menad prend les r\u00eanes de la direction technique des cat\u00e9gories jeunes, rempla\u00e7ant Mohamed Mekhazni dans cette mission strat\u00e9gique de formation. Sur le plan des mouvements d&rsquo;effectif, le lat\u00e9ral droit Aymen Bouguerra, en provenance du CS Constantine, constitue la premi\u00e8re recrue estivale, tandis que le gardien Seif Eddine Belkhir voit son contrat r\u00e9sili\u00e9 \u00e0 l&rsquo;amiable, portant \u00e0 sept le nombre de d\u00e9parts enregistr\u00e9s.<\/p>\n\n\n\n<p>La reprise des entra\u00eenements, d\u00e9j\u00e0 effective pour plusieurs \u00e9quipes dont le MC Alger, marque le d\u00e9but d&rsquo;une p\u00e9riode cruciale o\u00f9 ces choix de mercato devront rapidement trouver leur coh\u00e9rence sur le terrain. Les semaines \u00e0 venir devraient voir s&rsquo;acc\u00e9l\u00e9rer les n\u00e9gociations, plusieurs clubs ayant annonc\u00e9 que leurs recrutements n&rsquo;\u00e9taient pas termin\u00e9s, laissant pr\u00e9sager un mercato riche en rebondissements jusqu&rsquo;\u00e0 sa fermeture.<\/p>\n\n\n\n<p>Moncef Dahleb<\/p>\n","protected":false},"excerpt":{"rendered":"<p>Le mercato estival de la Ligue 1 Mobilis bat son plein avec une s\u00e9rie de mouvements significatifs qui redessinent d\u00e9j\u00e0<\/p>\n","protected":false},"author":6,"featured_media":70867,"comment_status":"open","ping_status":"closed","sticky":false,"template":"","format":"standard","meta":{"colormag_page_container_layout":"default_layout","colormag_page_sidebar_layout":"default_layout","om_disable_all_campaigns":false,"_monsterinsights_skip_tracking":false,"_monsterinsights_sitenote_active":false,"_monsterinsights_sitenote_note":"","_monsterinsights_sitenote_category":0,"footnotes":"","_wpscppro_dont_share_socialmedia":false,"_wpscppro_custom_social_share_image":0,"_facebook_share_type":"default","_twitter_share_type":"default","_linkedin_share_type":"default","_pinterest_share_type":"default","_linkedin_share_type_page":"","_instagram_share_type":"default","_medium_share_type":"default","_threads_share_type":"","_google_business_share_type":"","_selected_social_profile":[],"_wpsp_enable_custom_social_template":false,"_wpsp_social_scheduling":{"enabled":false,"datetime":null,"platforms":[],"status":"template_only","dateOption":"today","timeOption":"now","customDays":"","customHours":"","customDate":"","customTime":"","schedulingType":"absolute"},"_wpsp_active_default_template":true},"categories":[33],"tags":[],"class_list":["post-70866","post","type-post","status-publish","format-standard","has-post-thumbnail","hentry","category-sports"],"aioseo_notices":[],"yoast_head":"<!-- This site is optimized with the Yoast SEO plugin v27.5 - https:\/\/yoast.com\/product\/yoast-seo-wordpress\/ -->\n<title>Mercato estival en Ligue 1 Mobilis\u00a0: Les clubs recrutent \u00e0 tours de bras - La Sentinelle<\/title>\n<meta name=\"robots\" content=\"index, follow, max-snippet:-1, max-image-preview:large, max-video-preview:-1\" \/>\n<link rel=\"canonical\" href=\"https:\/\/lasentinelle.dz\/index.php\/2025\/07\/24\/mercato-estival-en-ligue-1-mobilis-les-clubs-recrutent-a-tours-de-bras\/\" \/>\n<meta property=\"og:locale\" content=\"fr_FR\" \/>\n<meta property=\"og:type\" content=\"article\" \/>\n<meta property=\"og:title\" content=\"Mercato estival en Ligue 1 Mobilis\u00a0: Les clubs recrutent \u00e0 tours de bras - La Sentinelle\" \/>\n<meta property=\"og:description\" content=\"Le mercato estival de la Ligue 1 Mobilis bat son plein avec une s\u00e9rie de mouvements significatifs qui redessinent d\u00e9j\u00e0\" \/>\n<meta property=\"og:url\" content=\"https:\/\/lasentinelle.dz\/index.php\/2025\/07\/24\/mercato-estival-en-ligue-1-mobilis-les-clubs-recrutent-a-tours-de-bras\/\" \/>\n<meta property=\"og:site_name\" content=\"La Sentinelle\" \/>\n<meta property=\"article:publisher\" content=\"https:\/\/www.facebook.com\/La-Sentinelle-104059864394773\" \/>\n<meta property=\"article:published_time\" content=\"2025-07-24T13:43:19+00:00\" \/>\n<meta property=\"article:modified_time\" content=\"2025-07-26T13:44:04+00:00\" \/>\n<meta property=\"og:image\" content=\"https:\/\/lasentinelle.dz\/wp-content\/uploads\/2025\/07\/Gibril-Sillah.jpeg\" \/>\n\t<meta property=\"og:image:width\" content=\"1024\" \/>\n\t<meta property=\"og:image:height\" content=\"1003\" \/>\n\t<meta property=\"og:image:type\" content=\"image\/jpeg\" \/>\n<meta name=\"author\" content=\"admin\" \/>\n<meta name=\"twitter:card\" content=\"summary_large_image\" \/>\n<meta name=\"twitter:label1\" content=\"\u00c9crit par\" \/>\n\t<meta name=\"twitter:data1\" content=\"admin\" \/>\n\t<meta name=\"twitter:label2\" content=\"Dur\u00e9e de lecture estim\u00e9e\" \/>\n\t<meta name=\"twitter:data2\" content=\"4 minutes\" \/>\n<script type=\"application\/ld+json\" class=\"yoast-schema-graph\">{\"@context\":\"https:\\\/\\\/schema.org\",\"@graph\":[{\"@type\":\"Article\",\"@id\":\"https:\\\/\\\/lasentinelle.dz\\\/index.php\\\/2025\\\/07\\\/24\\\/mercato-estival-en-ligue-1-mobilis-les-clubs-recrutent-a-tours-de-bras\\\/#article\",\"isPartOf\":{\"@id\":\"https:\\\/\\\/lasentinelle.dz\\\/index.php\\\/2025\\\/07\\\/24\\\/mercato-estival-en-ligue-1-mobilis-les-clubs-recrutent-a-tours-de-bras\\\/\"},\"author\":{\"name\":\"admin\",\"@id\":\"https:\\\/\\\/lasentinelle.dz\\\/#\\\/schema\\\/person\\\/729ee0024f24e0b8c5ec17232f8e8b41\"},\"headline\":\"Mercato estival en Ligue 1 Mobilis\u00a0: Les clubs recrutent \u00e0 tours de bras\",\"datePublished\":\"2025-07-24T13:43:19+00:00\",\"dateModified\":\"2025-07-26T13:44:04+00:00\",\"mainEntityOfPage\":{\"@id\":\"https:\\\/\\\/lasentinelle.dz\\\/index.php\\\/2025\\\/07\\\/24\\\/mercato-estival-en-ligue-1-mobilis-les-clubs-recrutent-a-tours-de-bras\\\/\"},\"wordCount\":727,\"commentCount\":0,\"publisher\":{\"@id\":\"https:\\\/\\\/lasentinelle.dz\\\/#organization\"},\"image\":{\"@id\":\"https:\\\/\\\/lasentinelle.dz\\\/index.php\\\/2025\\\/07\\\/24\\\/mercato-estival-en-ligue-1-mobilis-les-clubs-recrutent-a-tours-de-bras\\\/#primaryimage\"},\"thumbnailUrl\":\"https:\\\/\\\/lasentinelle.dz\\\/wp-content\\\/uploads\\\/2025\\\/07\\\/Gibril-Sillah.jpeg\",\"articleSection\":[\"Sports\"],\"inLanguage\":\"fr-FR\",\"potentialAction\":[{\"@type\":\"CommentAction\",\"name\":\"Comment\",\"target\":[\"https:\\\/\\\/lasentinelle.dz\\\/index.php\\\/2025\\\/07\\\/24\\\/mercato-estival-en-ligue-1-mobilis-les-clubs-recrutent-a-tours-de-bras\\\/#respond\"]}]},{\"@type\":\"WebPage\",\"@id\":\"https:\\\/\\\/lasentinelle.dz\\\/index.php\\\/2025\\\/07\\\/24\\\/mercato-estival-en-ligue-1-mobilis-les-clubs-recrutent-a-tours-de-bras\\\/\",\"url\":\"https:\\\/\\\/lasentinelle.dz\\\/index.php\\\/2025\\\/07\\\/24\\\/mercato-estival-en-ligue-1-mobilis-les-clubs-recrutent-a-tours-de-bras\\\/\",\"name\":\"Mercato estival en Ligue 1 Mobilis\u00a0: Les clubs recrutent \u00e0 tours de bras - La Sentinelle\",\"isPartOf\":{\"@id\":\"https:\\\/\\\/lasentinelle.dz\\\/#website\"},\"primaryImageOfPage\":{\"@id\":\"https:\\\/\\\/lasentinelle.dz\\\/index.php\\\/2025\\\/07\\\/24\\\/mercato-estival-en-ligue-1-mobilis-les-clubs-recrutent-a-tours-de-bras\\\/#primaryimage\"},\"image\":{\"@id\":\"https:\\\/\\\/lasentinelle.dz\\\/index.php\\\/2025\\\/07\\\/24\\\/mercato-estival-en-ligue-1-mobilis-les-clubs-recrutent-a-tours-de-bras\\\/#primaryimage\"},\"thumbnailUrl\":\"https:\\\/\\\/lasentinelle.dz\\\/wp-content\\\/uploads\\\/2025\\\/07\\\/Gibril-Sillah.jpeg\",\"datePublished\":\"2025-07-24T13:43:19+00:00\",\"dateModified\":\"2025-07-26T13:44:04+00:00\",\"breadcrumb\":{\"@id\":\"https:\\\/\\\/lasentinelle.dz\\\/index.php\\\/2025\\\/07\\\/24\\\/mercato-estival-en-ligue-1-mobilis-les-clubs-recrutent-a-tours-de-bras\\\/#breadcrumb\"},\"inLanguage\":\"fr-FR\",\"potentialAction\":[{\"@type\":\"ReadAction\",\"target\":[\"https:\\\/\\\/lasentinelle.dz\\\/index.php\\\/2025\\\/07\\\/24\\\/mercato-estival-en-ligue-1-mobilis-les-clubs-recrutent-a-tours-de-bras\\\/\"]}]},{\"@type\":\"ImageObject\",\"inLanguage\":\"fr-FR\",\"@id\":\"https:\\\/\\\/lasentinelle.dz\\\/index.php\\\/2025\\\/07\\\/24\\\/mercato-estival-en-ligue-1-mobilis-les-clubs-recrutent-a-tours-de-bras\\\/#primaryimage\",\"url\":\"https:\\\/\\\/lasentinelle.dz\\\/wp-content\\\/uploads\\\/2025\\\/07\\\/Gibril-Sillah.jpeg\",\"contentUrl\":\"https:\\\/\\\/lasentinelle.dz\\\/wp-content\\\/uploads\\\/2025\\\/07\\\/Gibril-Sillah.jpeg\",\"width\":1024,\"height\":1003},{\"@type\":\"BreadcrumbList\",\"@id\":\"https:\\\/\\\/lasentinelle.dz\\\/index.php\\\/2025\\\/07\\\/24\\\/mercato-estival-en-ligue-1-mobilis-les-clubs-recrutent-a-tours-de-bras\\\/#breadcrumb\",\"itemListElement\":[{\"@type\":\"ListItem\",\"position\":1,\"name\":\"Accueil\",\"item\":\"https:\\\/\\\/lasentinelle.dz\\\/\"},{\"@type\":\"ListItem\",\"position\":2,\"name\":\"Mercato estival en Ligue 1 Mobilis\u00a0: Les clubs recrutent \u00e0 tours de bras\"}]},{\"@type\":\"WebSite\",\"@id\":\"https:\\\/\\\/lasentinelle.dz\\\/#website\",\"url\":\"https:\\\/\\\/lasentinelle.dz\\\/\",\"name\":\"La Sentinelle\",\"description\":\"Quotidien national d&#039;information\",\"publisher\":{\"@id\":\"https:\\\/\\\/lasentinelle.dz\\\/#organization\"},\"potentialAction\":[{\"@type\":\"SearchAction\",\"target\":{\"@type\":\"EntryPoint\",\"urlTemplate\":\"https:\\\/\\\/lasentinelle.dz\\\/?s={search_term_string}\"},\"query-input\":{\"@type\":\"PropertyValueSpecification\",\"valueRequired\":true,\"valueName\":\"search_term_string\"}}],\"inLanguage\":\"fr-FR\"},{\"@type\":\"Organization\",\"@id\":\"https:\\\/\\\/lasentinelle.dz\\\/#organization\",\"name\":\"Quotidien La Sentinelle\",\"url\":\"https:\\\/\\\/lasentinelle.dz\\\/\",\"logo\":{\"@type\":\"ImageObject\",\"inLanguage\":\"fr-FR\",\"@id\":\"https:\\\/\\\/lasentinelle.dz\\\/#\\\/schema\\\/logo\\\/image\\\/\",\"url\":\"https:\\\/\\\/lasentinelle.dz\\\/wp-content\\\/uploads\\\/2021\\\/09\\\/logo-sentinelleSLOGAN-1.png\",\"contentUrl\":\"https:\\\/\\\/lasentinelle.dz\\\/wp-content\\\/uploads\\\/2021\\\/09\\\/logo-sentinelleSLOGAN-1.png\",\"width\":615,\"height\":142,\"caption\":\"Quotidien La Sentinelle\"},\"image\":{\"@id\":\"https:\\\/\\\/lasentinelle.dz\\\/#\\\/schema\\\/logo\\\/image\\\/\"},\"sameAs\":[\"https:\\\/\\\/www.facebook.com\\\/La-Sentinelle-104059864394773\"]},{\"@type\":\"Person\",\"@id\":\"https:\\\/\\\/lasentinelle.dz\\\/#\\\/schema\\\/person\\\/729ee0024f24e0b8c5ec17232f8e8b41\",\"name\":\"admin\",\"image\":{\"@type\":\"ImageObject\",\"inLanguage\":\"fr-FR\",\"@id\":\"https:\\\/\\\/secure.gravatar.com\\\/avatar\\\/4c81fed838786e9b53f540bf46533e750f5d292099ae3b66cfc6fb1982e29df7?s=96&d=mm&r=g\",\"url\":\"https:\\\/\\\/secure.gravatar.com\\\/avatar\\\/4c81fed838786e9b53f540bf46533e750f5d292099ae3b66cfc6fb1982e29df7?s=96&d=mm&r=g\",\"contentUrl\":\"https:\\\/\\\/secure.gravatar.com\\\/avatar\\\/4c81fed838786e9b53f540bf46533e750f5d292099ae3b66cfc6fb1982e29df7?s=96&d=mm&r=g\",\"caption\":\"admin\"},\"description\":\"admin\",\"url\":\"https:\\\/\\\/lasentinelle.dz\\\/author\\\/admin\\\/\"}]}<\/script>\n<!-- \/ Yoast SEO plugin. -->","yoast_head_json":{"title":"Mercato estival en Ligue 1 Mobilis\u00a0: Les clubs recrutent \u00e0 tours de bras - La Sentinelle","robots":{"index":"index","follow":"follow","max-snippet":"max-snippet:-1","max-image-preview":"max-image-preview:large","max-video-preview":"max-video-preview:-1"},"canonical":"https:\/\/lasentinelle.dz\/index.php\/2025\/07\/24\/mercato-estival-en-ligue-1-mobilis-les-clubs-recrutent-a-tours-de-bras\/","og_locale":"fr_FR","og_type":"article","og_title":"Mercato estival en Ligue 1 Mobilis\u00a0: Les clubs recrutent \u00e0 tours de bras - La Sentinelle","og_description":"Le mercato estival de la Ligue 1 Mobilis bat son plein avec une s\u00e9rie de mouvements significatifs qui redessinent d\u00e9j\u00e0","og_url":"https:\/\/lasentinelle.dz\/index.php\/2025\/07\/24\/mercato-estival-en-ligue-1-mobilis-les-clubs-recrutent-a-tours-de-bras\/","og_site_name":"La Sentinelle","article_publisher":"https:\/\/www.facebook.com\/La-Sentinelle-104059864394773","article_published_time":"2025-07-24T13:43:19+00:00","article_modified_time":"2025-07-26T13:44:04+00:00","og_image":[{"width":1024,"height":1003,"url":"https:\/\/lasentinelle.dz\/wp-content\/uploads\/2025\/07\/Gibril-Sillah.jpeg","type":"image\/jpeg"}],"author":"admin","twitter_card":"summary_large_image","twitter_misc":{"\u00c9crit par":"admin","Dur\u00e9e de lecture estim\u00e9e":"4 minutes"},"schema":{"@context":"https:\/\/schema.org","@graph":[{"@type":"Article","@id":"https:\/\/lasentinelle.dz\/index.php\/2025\/07\/24\/mercato-estival-en-ligue-1-mobilis-les-clubs-recrutent-a-tours-de-bras\/#article","isPartOf":{"@id":"https:\/\/lasentinelle.dz\/index.php\/2025\/07\/24\/mercato-estival-en-ligue-1-mobilis-les-clubs-recrutent-a-tours-de-bras\/"},"author":{"name":"admin","@id":"https:\/\/lasentinelle.dz\/#\/schema\/person\/729ee0024f24e0b8c5ec17232f8e8b41"},"headline":"Mercato estival en Ligue 1 Mobilis\u00a0: Les clubs recrutent \u00e0 tours de bras","datePublished":"2025-07-24T13:43:19+00:00","dateModified":"2025-07-26T13:44:04+00:00","mainEntityOfPage":{"@id":"https:\/\/lasentinelle.dz\/index.php\/2025\/07\/24\/mercato-estival-en-ligue-1-mobilis-les-clubs-recrutent-a-tours-de-bras\/"},"wordCount":727,"commentCount":0,"publisher":{"@id":"https:\/\/lasentinelle.dz\/#organization"},"image":{"@id":"https:\/\/lasentinelle.dz\/index.php\/2025\/07\/24\/mercato-estival-en-ligue-1-mobilis-les-clubs-recrutent-a-tours-de-bras\/#primaryimage"},"thumbnailUrl":"https:\/\/lasentinelle.dz\/wp-content\/uploads\/2025\/07\/Gibril-Sillah.jpeg","articleSection":["Sports"],"inLanguage":"fr-FR","potentialAction":[{"@type":"CommentAction","name":"Comment","target":["https:\/\/lasentinelle.dz\/index.php\/2025\/07\/24\/mercato-estival-en-ligue-1-mobilis-les-clubs-recrutent-a-tours-de-bras\/#respond"]}]},{"@type":"WebPage","@id":"https:\/\/lasentinelle.dz\/index.php\/2025\/07\/24\/mercato-estival-en-ligue-1-mobilis-les-clubs-recrutent-a-tours-de-bras\/","url":"https:\/\/lasentinelle.dz\/index.php\/2025\/07\/24\/mercato-estival-en-ligue-1-mobilis-les-clubs-recrutent-a-tours-de-bras\/","name":"Mercato estival en Ligue 1 Mobilis\u00a0: Les clubs recrutent \u00e0 tours de bras - La Sentinelle","isPartOf":{"@id":"https:\/\/lasentinelle.dz\/#website"},"primaryImageOfPage":{"@id":"https:\/\/lasentinelle.dz\/index.php\/2025\/07\/24\/mercato-estival-en-ligue-1-mobilis-les-clubs-recrutent-a-tours-de-bras\/#primaryimage"},"image":{"@id":"https:\/\/lasentinelle.dz\/index.php\/2025\/07\/24\/mercato-estival-en-ligue-1-mobilis-les-clubs-recrutent-a-tours-de-bras\/#primaryimage"},"thumbnailUrl":"https:\/\/lasentinelle.dz\/wp-content\/uploads\/2025\/07\/Gibril-Sillah.jpeg","datePublished":"2025-07-24T13:43:19+00:00","dateModified":"2025-07-26T13:44:04+00:00","breadcrumb":{"@id":"https:\/\/lasentinelle.dz\/index.php\/2025\/07\/24\/mercato-estival-en-ligue-1-mobilis-les-clubs-recrutent-a-tours-de-bras\/#breadcrumb"},"inLanguage":"fr-FR","potentialAction":[{"@type":"ReadAction","target":["https:\/\/lasentinelle.dz\/index.php\/2025\/07\/24\/mercato-estival-en-ligue-1-mobilis-les-clubs-recrutent-a-tours-de-bras\/"]}]},{"@type":"ImageObject","inLanguage":"fr-FR","@id":"https:\/\/lasentinelle.dz\/index.php\/2025\/07\/24\/mercato-estival-en-ligue-1-mobilis-les-clubs-recrutent-a-tours-de-bras\/#primaryimage","url":"https:\/\/lasentinelle.dz\/wp-content\/uploads\/2025\/07\/Gibril-Sillah.jpeg","contentUrl":"https:\/\/lasentinelle.dz\/wp-content\/uploads\/2025\/07\/Gibril-Sillah.jpeg","width":1024,"height":1003},{"@type":"BreadcrumbList","@id":"https:\/\/lasentinelle.dz\/index.php\/2025\/07\/24\/mercato-estival-en-ligue-1-mobilis-les-clubs-recrutent-a-tours-de-bras\/#breadcrumb","itemListElement":[{"@type":"ListItem","position":1,"name":"Accueil","item":"https:\/\/lasentinelle.dz\/"},{"@type":"ListItem","position":2,"name":"Mercato estival en Ligue 1 Mobilis\u00a0: Les clubs recrutent \u00e0 tours de bras"}]},{"@type":"WebSite","@id":"https:\/\/lasentinelle.dz\/#website","url":"https:\/\/lasentinelle.dz\/","name":"La Sentinelle","description":"Quotidien national d&#039;information","publisher":{"@id":"https:\/\/lasentinelle.dz\/#organization"},"potentialAction":[{"@type":"SearchAction","target":{"@type":"EntryPoint","urlTemplate":"https:\/\/lasentinelle.dz\/?s={search_term_string}"},"query-input":{"@type":"PropertyValueSpecification","valueRequired":true,"valueName":"search_term_string"}}],"inLanguage":"fr-FR"},{"@type":"Organization","@id":"https:\/\/lasentinelle.dz\/#organization","name":"Quotidien La Sentinelle","url":"https:\/\/lasentinelle.dz\/","logo":{"@type":"ImageObject","inLanguage":"fr-FR","@id":"https:\/\/lasentinelle.dz\/#\/schema\/logo\/image\/","url":"https:\/\/lasentinelle.dz\/wp-content\/uploads\/2021\/09\/logo-sentinelleSLOGAN-1.png","contentUrl":"https:\/\/lasentinelle.dz\/wp-content\/uploads\/2021\/09\/logo-sentinelleSLOGAN-1.png","width":615,"height":142,"caption":"Quotidien La Sentinelle"},"image":{"@id":"https:\/\/lasentinelle.dz\/#\/schema\/logo\/image\/"},"sameAs":["https:\/\/www.facebook.com\/La-Sentinelle-104059864394773"]},{"@type":"Person","@id":"https:\/\/lasentinelle.dz\/#\/schema\/person\/729ee0024f24e0b8c5ec17232f8e8b41","name":"admin","image":{"@type":"ImageObject","inLanguage":"fr-FR","@id":"https:\/\/secure.gravatar.com\/avatar\/4c81fed838786e9b53f540bf46533e750f5d292099ae3b66cfc6fb1982e29df7?s=96&d=mm&r=g","url":"https:\/\/secure.gravatar.com\/avatar\/4c81fed838786e9b53f540bf46533e750f5d292099ae3b66cfc6fb1982e29df7?s=96&d=mm&r=g","contentUrl":"https:\/\/secure.gravatar.com\/avatar\/4c81fed838786e9b53f540bf46533e750f5d292099ae3b66cfc6fb1982e29df7?s=96&d=mm&r=g","caption":"admin"},"description":"admin","url":"https:\/\/lasentinelle.dz\/author\/admin\/"}]}},"_links":{"self":[{"href":"https:\/\/lasentinelle.dz\/index.php\/wp-json\/wp\/v2\/posts\/70866","targetHints":{"allow":["GET"]}}],"collection":[{"href":"https:\/\/lasentinelle.dz\/index.php\/wp-json\/wp\/v2\/posts"}],"about":[{"href":"https:\/\/lasentinelle.dz\/index.php\/wp-json\/wp\/v2\/types\/post"}],"author":[{"embeddable":true,"href":"https:\/\/lasentinelle.dz\/index.php\/wp-json\/wp\/v2\/users\/6"}],"replies":[{"embeddable":true,"href":"https:\/\/lasentinelle.dz\/index.php\/wp-json\/wp\/v2\/comments?post=70866"}],"version-history":[{"count":1,"href":"https:\/\/lasentinelle.dz\/index.php\/wp-json\/wp\/v2\/posts\/70866\/revisions"}],"predecessor-version":[{"id":70868,"href":"https:\/\/lasentinelle.dz\/index.php\/wp-json\/wp\/v2\/posts\/70866\/revisions\/70868"}],"wp:featuredmedia":[{"embeddable":true,"href":"https:\/\/lasentinelle.dz\/index.php\/wp-json\/wp\/v2\/media\/70867"}],"wp:attachment":[{"href":"https:\/\/lasentinelle.dz\/index.php\/wp-json\/wp\/v2\/media?parent=70866"}],"wp:term":[{"taxonomy":"category","embeddable":true,"href":"https:\/\/lasentinelle.dz\/index.php\/wp-json\/wp\/v2\/categories?post=70866"},{"taxonomy":"post_tag","embeddable":true,"href":"https:\/\/lasentinelle.dz\/index.php\/wp-json\/wp\/v2\/tags?post=70866"}],"curies":[{"name":"wp","href":"https:\/\/api.w.org\/{rel}","templated":true}]}}