{"id":70870,"date":"2025-07-24T14:44:31","date_gmt":"2025-07-24T13:44:31","guid":{"rendered":"https:\/\/lasentinelle.dz\/?p=70870"},"modified":"2025-07-26T14:45:11","modified_gmt":"2025-07-26T13:45:11","slug":"chan-2025-bougherra-a-tranche","status":"publish","type":"post","link":"https:\/\/lasentinelle.dz\/index.php\/2025\/07\/24\/chan-2025-bougherra-a-tranche\/","title":{"rendered":"CHAN 2025\u00a0:\u00a0Bougherra\u00a0a tranch\u00e9"},"content":{"rendered":"\n<p>\u00c0 quelques jours du coup d&rsquo;envoi du Championnat d&rsquo;Afrique des Nations 2025, l&rsquo;\u00e9quipe nationale A&rsquo; d&rsquo;Alg\u00e9rie peaufine sa pr\u00e9paration au Centre technique national de Sidi Moussa avec une d\u00e9termination palpable.&nbsp;<\/p>\n\n\n\n<p>Madjid Bougherra, le s\u00e9lectionneur des Verts locaux, vient de d\u00e9voiler sa liste d\u00e9finitive de 26 joueurs pour cette comp\u00e9tition qui se d\u00e9roulera du 2 au 30 ao\u00fbt entre le Kenya, la Tanzanie et l&rsquo;Ouganda. Une s\u00e9lection qui m\u00e9lange habilement exp\u00e9rience internationale et talents \u00e9mergents du championnat national, avec quelques surprises qui ne manquent pas de faire parler.&nbsp;L&rsquo;ancien d\u00e9fenseur international, aujourd&rsquo;hui reconverti en tacticien, a d\u00fb proc\u00e9der \u00e0 des choix corn\u00e9liens pour finaliser son groupe. Initialement compos\u00e9e de 28 \u00e9l\u00e9ments, la liste s&rsquo;est affin\u00e9e avec deux absences remarqu\u00e9es. Redouane Berkane, le jeune prodige de 22 ans de la JS Kabylie, manque \u00e0 l&rsquo;appel, sa probable signature avec le club belge de Zulte Waregem ayant visiblement pris le dessus sur ses obligations internationales. L&rsquo;autre absent de marque, Abderaouf Benguit du CR Belouizdad, semble davantage victime d&rsquo;un choix purement sportif de l&rsquo;entra\u00eeneur.<\/p>\n\n\n\n<p>La composition de cette s\u00e9lection r\u00e9v\u00e8le une philosophie tactique int\u00e9ressante de la part de Bougherra qui n&rsquo;h\u00e9site pas \u00e0 faire confiance aux cadres tout en insufflant une dynamique nouvelle. Dans les buts, le trio Medjadel de l&rsquo;ASO Chlef, Bouhalfaya du CS Constantine et Bousseder de l&rsquo;ES S\u00e9tif offre un \u00e9ventail de profils compl\u00e9mentaires, chacun apportant son exp\u00e9rience respective des grands rendez-vous. Le secteur d\u00e9fensif s&rsquo;appuie sur des certitudes avec Redouani et Chetti de l&rsquo;USM Alger, Hala\u00efmia et Ghezala du MC Alger, sans oublier le roc Alilet qui forme avec ses co\u00e9quipiers une charni\u00e8re centrale redoutable. La pr\u00e9sence de Nechat de la JSK et des lat\u00e9raux Abada, Bekkour, Khacef compl\u00e8te un compartiment d\u00e9fensif solide et polyvalent.<\/p>\n\n\n\n<p>Au c\u0153ur du jeu, Bougherra peut compter sur un entrejeu de qualit\u00e9 orchestr\u00e9 par les techniciens du MC Alger Bouras, Benkhemassa et Draoui, \u00e9paul\u00e9s par l&rsquo;exp\u00e9rience de Boudjema\u00e2 de la JSK et la fougue de Boukerchaoui du CRB. Cette densit\u00e9 au milieu de terrain devrait permettre \u00e0 l&rsquo;Alg\u00e9rie de contr\u00f4ler les d\u00e9bats face \u00e0 des adversaires qui privil\u00e9gient souvent l&rsquo;intensit\u00e9 physique. Merbah du CS Constantine compl\u00e8te ce secteur nevralgique o\u00f9 la cr\u00e9ativit\u00e9 se m\u00eale \u00e0 la rigueur tactique.<\/p>\n\n\n\n<p><strong>Le cas Mahious<\/strong><\/p>\n\n\n\n<p>L&rsquo;attaque alg\u00e9rienne pr\u00e9sente un visage s\u00e9duisant avec un m\u00e9lange de vitesse, de technique et d&rsquo;opportunisme. Akhrib de la JSK, Merghem et Mechid de l&rsquo;USMA constituent le fer de lance d&rsquo;une animation offensive prometteuse, soutenus par Belhocini du CSC et l&rsquo;intrigant Kohili du Paradou AC. La pr\u00e9sence d&rsquo;Aymen Mahious suscite n\u00e9anmoins quelques interrogations r\u00e9glementaires, l&rsquo;attaquant du CRB \u00e9tant r\u00e9cemment revenu de son pr\u00eat en Suisse \u00e0 Yverdon. Son \u00e9ligibilit\u00e9 pour le CHAN pourrait poser question, mais sa pr\u00e9sence dans le groupe laisse penser que les instances f\u00e9d\u00e9rales ont valid\u00e9 sa participation. Bayazid du MCA et Meziane du CRB compl\u00e8tent un secteur offensif fourni et vari\u00e9 dans ses profils.<\/p>\n\n\n\n<p>L&rsquo;ambiance au Centre technique national de Sidi Moussa t\u00e9moigne de la concentration maximale qui r\u00e8gne dans les rangs alg\u00e9riens. Les s\u00e9ances biquotidiennes impos\u00e9es par le staff technique r\u00e9v\u00e8lent une approche professionnelle sans concession, alternant travail physique et perfectionnement tactique. L&rsquo;arriv\u00e9e tardive mais autoris\u00e9e de Mahious au regroupement montre la flexibilit\u00e9 de Bougherra qui sait s&rsquo;adapter aux contraintes individuelles tout en maintenant l&rsquo;exigence collective. Le travail sp\u00e9cifique de Ghezala et Benkhemassa en marge du groupe illustre cette attention particuli\u00e8re port\u00e9e \u00e0 chaque \u00e9l\u00e9ment de l&rsquo;effectif.<\/p>\n\n\n\n<p><strong>Un groupe C relev\u00e9<\/strong><\/p>\n\n\n\n<p>La dimension strat\u00e9gique de la pr\u00e9paration se manifeste \u00e9galement par l&rsquo;analyse minutieuse des futurs adversaires. L&rsquo;observation collective du match amical entre l&rsquo;Ouganda et la Tanzanie par l&rsquo;ensemble du groupe alg\u00e9rien d\u00e9montre cette approche m\u00e9thodique qui ne laisse rien au hasard. Cette victoire tanzanienne sur le score de 1-0 a certainement fourni des enseignements pr\u00e9cieux sur le niveau de la concurrence \u00e0 venir.<\/p>\n\n\n\n<p>Le parcours alg\u00e9rien dans ce CHAN 2025 s&rsquo;annonce p\u00e9rilleux avec un groupe C relev\u00e9 qui mettra \u00e0 l&rsquo;\u00e9preuve toutes les qualit\u00e9s des prot\u00e9g\u00e9s de Bougherra. Le calendrier d\u00e9bute par un choc face \u00e0 l&rsquo;Ouganda le 4 ao\u00fbt au mythique Mandela National Stadium de Kampala, un adversaire \u00e0 domicile qui ne manquera pas de motivation. S&rsquo;ensuivront les confrontations avec l&rsquo;Afrique du Sud, toujours \u00e0 Kampala, puis la Guin\u00e9e, avant de cl\u00f4turer la phase de groupes contre le Niger au Nyayo Stadium de Nairobi. Cette programmation exigeante n\u00e9cessitera une gestion fine de l&rsquo;effectif et une adaptation constante aux conditions climatiques et aux sp\u00e9cificit\u00e9s de chaque adversaire.<\/p>\n\n\n\n<p>Vice-championne d&rsquo;Afrique en titre, l&rsquo;Alg\u00e9rie aborde cette \u00e9dition avec les faveurs du pronostic mais aussi la pression qui accompagne ce statut. L&rsquo;objectif affich\u00e9 reste \u00e9videmment la conqu\u00eate du titre continental, une ambition l\u00e9gitim\u00e9e par la progression constante de cette g\u00e9n\u00e9ration de joueurs locaux. La qualification obtenue aux d\u00e9pens de la Gambie lors des barrages avait d\u00e9j\u00e0 d\u00e9montr\u00e9 le potentiel de ce groupe, capable du meilleur comme en t\u00e9moigne cette victoire probante 3-0 \u00e0 Annaba apr\u00e8s le nul frustrant au Bakau.&nbsp;Moncef Dahleb<\/p>\n","protected":false},"excerpt":{"rendered":"<p>\u00c0 quelques jours du coup d&rsquo;envoi du Championnat d&rsquo;Afrique des Nations 2025, l&rsquo;\u00e9quipe nationale A&rsquo; d&rsquo;Alg\u00e9rie peaufine sa pr\u00e9paration au<\/p>\n","protected":false},"author":6,"featured_media":70871,"comment_status":"open","ping_status":"closed","sticky":false,"template":"","format":"standard","meta":{"colormag_page_container_layout":"default_layout","colormag_page_sidebar_layout":"default_layout","om_disable_all_campaigns":false,"_monsterinsights_skip_tracking":false,"_monsterinsights_sitenote_active":false,"_monsterinsights_sitenote_note":"","_monsterinsights_sitenote_category":0,"footnotes":"","_wpscppro_dont_share_socialmedia":false,"_wpscppro_custom_social_share_image":0,"_facebook_share_type":"default","_twitter_share_type":"default","_linkedin_share_type":"default","_pinterest_share_type":"default","_linkedin_share_type_page":"","_instagram_share_type":"default","_medium_share_type":"default","_threads_share_type":"","_google_business_share_type":"","_selected_social_profile":[],"_wpsp_enable_custom_social_template":false,"_wpsp_social_scheduling":{"enabled":false,"datetime":null,"platforms":[],"status":"template_only","dateOption":"today","timeOption":"now","customDays":"","customHours":"","customDate":"","customTime":"","schedulingType":"absolute"},"_wpsp_active_default_template":true},"categories":[52,33],"tags":[],"class_list":["post-70870","post","type-post","status-publish","format-standard","has-post-thumbnail","hentry","category-a-la-une","category-sports"],"aioseo_notices":[],"yoast_head":"<!-- This site is optimized with the Yoast SEO plugin v27.5 - https:\/\/yoast.com\/product\/yoast-seo-wordpress\/ -->\n<title>CHAN 2025\u00a0:\u00a0Bougherra\u00a0a tranch\u00e9 - La Sentinelle<\/title>\n<meta name=\"robots\" content=\"index, follow, max-snippet:-1, max-image-preview:large, max-video-preview:-1\" \/>\n<link rel=\"canonical\" href=\"https:\/\/lasentinelle.dz\/index.php\/2025\/07\/24\/chan-2025-bougherra-a-tranche\/\" \/>\n<meta property=\"og:locale\" content=\"fr_FR\" \/>\n<meta property=\"og:type\" content=\"article\" \/>\n<meta property=\"og:title\" content=\"CHAN 2025\u00a0:\u00a0Bougherra\u00a0a tranch\u00e9 - La Sentinelle\" \/>\n<meta property=\"og:description\" content=\"\u00c0 quelques jours du coup d&rsquo;envoi du Championnat d&rsquo;Afrique des Nations 2025, l&rsquo;\u00e9quipe nationale A&rsquo; d&rsquo;Alg\u00e9rie peaufine sa pr\u00e9paration au\" \/>\n<meta property=\"og:url\" content=\"https:\/\/lasentinelle.dz\/index.php\/2025\/07\/24\/chan-2025-bougherra-a-tranche\/\" \/>\n<meta property=\"og:site_name\" content=\"La Sentinelle\" \/>\n<meta property=\"article:publisher\" content=\"https:\/\/www.facebook.com\/La-Sentinelle-104059864394773\" \/>\n<meta property=\"article:published_time\" content=\"2025-07-24T13:44:31+00:00\" \/>\n<meta property=\"article:modified_time\" content=\"2025-07-26T13:45:11+00:00\" \/>\n<meta property=\"og:image\" content=\"https:\/\/lasentinelle.dz\/wp-content\/uploads\/2025\/07\/Liste.jpg\" \/>\n\t<meta property=\"og:image:width\" content=\"1728\" \/>\n\t<meta property=\"og:image:height\" content=\"972\" \/>\n\t<meta property=\"og:image:type\" content=\"image\/jpeg\" \/>\n<meta name=\"author\" content=\"admin\" \/>\n<meta name=\"twitter:card\" content=\"summary_large_image\" \/>\n<meta name=\"twitter:label1\" content=\"\u00c9crit par\" \/>\n\t<meta name=\"twitter:data1\" content=\"admin\" \/>\n\t<meta name=\"twitter:label2\" content=\"Dur\u00e9e de lecture estim\u00e9e\" \/>\n\t<meta name=\"twitter:data2\" content=\"5 minutes\" \/>\n<script type=\"application\/ld+json\" class=\"yoast-schema-graph\">{\"@context\":\"https:\\\/\\\/schema.org\",\"@graph\":[{\"@type\":\"Article\",\"@id\":\"https:\\\/\\\/lasentinelle.dz\\\/index.php\\\/2025\\\/07\\\/24\\\/chan-2025-bougherra-a-tranche\\\/#article\",\"isPartOf\":{\"@id\":\"https:\\\/\\\/lasentinelle.dz\\\/index.php\\\/2025\\\/07\\\/24\\\/chan-2025-bougherra-a-tranche\\\/\"},\"author\":{\"name\":\"admin\",\"@id\":\"https:\\\/\\\/lasentinelle.dz\\\/#\\\/schema\\\/person\\\/729ee0024f24e0b8c5ec17232f8e8b41\"},\"headline\":\"CHAN 2025\u00a0:\u00a0Bougherra\u00a0a tranch\u00e9\",\"datePublished\":\"2025-07-24T13:44:31+00:00\",\"dateModified\":\"2025-07-26T13:45:11+00:00\",\"mainEntityOfPage\":{\"@id\":\"https:\\\/\\\/lasentinelle.dz\\\/index.php\\\/2025\\\/07\\\/24\\\/chan-2025-bougherra-a-tranche\\\/\"},\"wordCount\":939,\"commentCount\":0,\"publisher\":{\"@id\":\"https:\\\/\\\/lasentinelle.dz\\\/#organization\"},\"image\":{\"@id\":\"https:\\\/\\\/lasentinelle.dz\\\/index.php\\\/2025\\\/07\\\/24\\\/chan-2025-bougherra-a-tranche\\\/#primaryimage\"},\"thumbnailUrl\":\"https:\\\/\\\/lasentinelle.dz\\\/wp-content\\\/uploads\\\/2025\\\/07\\\/Liste.jpg\",\"articleSection\":[\"\u00c0 la Une\",\"Sports\"],\"inLanguage\":\"fr-FR\",\"potentialAction\":[{\"@type\":\"CommentAction\",\"name\":\"Comment\",\"target\":[\"https:\\\/\\\/lasentinelle.dz\\\/index.php\\\/2025\\\/07\\\/24\\\/chan-2025-bougherra-a-tranche\\\/#respond\"]}]},{\"@type\":\"WebPage\",\"@id\":\"https:\\\/\\\/lasentinelle.dz\\\/index.php\\\/2025\\\/07\\\/24\\\/chan-2025-bougherra-a-tranche\\\/\",\"url\":\"https:\\\/\\\/lasentinelle.dz\\\/index.php\\\/2025\\\/07\\\/24\\\/chan-2025-bougherra-a-tranche\\\/\",\"name\":\"CHAN 2025\u00a0:\u00a0Bougherra\u00a0a tranch\u00e9 - La Sentinelle\",\"isPartOf\":{\"@id\":\"https:\\\/\\\/lasentinelle.dz\\\/#website\"},\"primaryImageOfPage\":{\"@id\":\"https:\\\/\\\/lasentinelle.dz\\\/index.php\\\/2025\\\/07\\\/24\\\/chan-2025-bougherra-a-tranche\\\/#primaryimage\"},\"image\":{\"@id\":\"https:\\\/\\\/lasentinelle.dz\\\/index.php\\\/2025\\\/07\\\/24\\\/chan-2025-bougherra-a-tranche\\\/#primaryimage\"},\"thumbnailUrl\":\"https:\\\/\\\/lasentinelle.dz\\\/wp-content\\\/uploads\\\/2025\\\/07\\\/Liste.jpg\",\"datePublished\":\"2025-07-24T13:44:31+00:00\",\"dateModified\":\"2025-07-26T13:45:11+00:00\",\"breadcrumb\":{\"@id\":\"https:\\\/\\\/lasentinelle.dz\\\/index.php\\\/2025\\\/07\\\/24\\\/chan-2025-bougherra-a-tranche\\\/#breadcrumb\"},\"inLanguage\":\"fr-FR\",\"potentialAction\":[{\"@type\":\"ReadAction\",\"target\":[\"https:\\\/\\\/lasentinelle.dz\\\/index.php\\\/2025\\\/07\\\/24\\\/chan-2025-bougherra-a-tranche\\\/\"]}]},{\"@type\":\"ImageObject\",\"inLanguage\":\"fr-FR\",\"@id\":\"https:\\\/\\\/lasentinelle.dz\\\/index.php\\\/2025\\\/07\\\/24\\\/chan-2025-bougherra-a-tranche\\\/#primaryimage\",\"url\":\"https:\\\/\\\/lasentinelle.dz\\\/wp-content\\\/uploads\\\/2025\\\/07\\\/Liste.jpg\",\"contentUrl\":\"https:\\\/\\\/lasentinelle.dz\\\/wp-content\\\/uploads\\\/2025\\\/07\\\/Liste.jpg\",\"width\":1728,\"height\":972},{\"@type\":\"BreadcrumbList\",\"@id\":\"https:\\\/\\\/lasentinelle.dz\\\/index.php\\\/2025\\\/07\\\/24\\\/chan-2025-bougherra-a-tranche\\\/#breadcrumb\",\"itemListElement\":[{\"@type\":\"ListItem\",\"position\":1,\"name\":\"Accueil\",\"item\":\"https:\\\/\\\/lasentinelle.dz\\\/\"},{\"@type\":\"ListItem\",\"position\":2,\"name\":\"CHAN 2025\u00a0:\u00a0Bougherra\u00a0a tranch\u00e9\"}]},{\"@type\":\"WebSite\",\"@id\":\"https:\\\/\\\/lasentinelle.dz\\\/#website\",\"url\":\"https:\\\/\\\/lasentinelle.dz\\\/\",\"name\":\"La Sentinelle\",\"description\":\"Quotidien national d&#039;information\",\"publisher\":{\"@id\":\"https:\\\/\\\/lasentinelle.dz\\\/#organization\"},\"potentialAction\":[{\"@type\":\"SearchAction\",\"target\":{\"@type\":\"EntryPoint\",\"urlTemplate\":\"https:\\\/\\\/lasentinelle.dz\\\/?s={search_term_string}\"},\"query-input\":{\"@type\":\"PropertyValueSpecification\",\"valueRequired\":true,\"valueName\":\"search_term_string\"}}],\"inLanguage\":\"fr-FR\"},{\"@type\":\"Organization\",\"@id\":\"https:\\\/\\\/lasentinelle.dz\\\/#organization\",\"name\":\"Quotidien La Sentinelle\",\"url\":\"https:\\\/\\\/lasentinelle.dz\\\/\",\"logo\":{\"@type\":\"ImageObject\",\"inLanguage\":\"fr-FR\",\"@id\":\"https:\\\/\\\/lasentinelle.dz\\\/#\\\/schema\\\/logo\\\/image\\\/\",\"url\":\"https:\\\/\\\/lasentinelle.dz\\\/wp-content\\\/uploads\\\/2021\\\/09\\\/logo-sentinelleSLOGAN-1.png\",\"contentUrl\":\"https:\\\/\\\/lasentinelle.dz\\\/wp-content\\\/uploads\\\/2021\\\/09\\\/logo-sentinelleSLOGAN-1.png\",\"width\":615,\"height\":142,\"caption\":\"Quotidien La Sentinelle\"},\"image\":{\"@id\":\"https:\\\/\\\/lasentinelle.dz\\\/#\\\/schema\\\/logo\\\/image\\\/\"},\"sameAs\":[\"https:\\\/\\\/www.facebook.com\\\/La-Sentinelle-104059864394773\"]},{\"@type\":\"Person\",\"@id\":\"https:\\\/\\\/lasentinelle.dz\\\/#\\\/schema\\\/person\\\/729ee0024f24e0b8c5ec17232f8e8b41\",\"name\":\"admin\",\"image\":{\"@type\":\"ImageObject\",\"inLanguage\":\"fr-FR\",\"@id\":\"https:\\\/\\\/secure.gravatar.com\\\/avatar\\\/4c81fed838786e9b53f540bf46533e750f5d292099ae3b66cfc6fb1982e29df7?s=96&d=mm&r=g\",\"url\":\"https:\\\/\\\/secure.gravatar.com\\\/avatar\\\/4c81fed838786e9b53f540bf46533e750f5d292099ae3b66cfc6fb1982e29df7?s=96&d=mm&r=g\",\"contentUrl\":\"https:\\\/\\\/secure.gravatar.com\\\/avatar\\\/4c81fed838786e9b53f540bf46533e750f5d292099ae3b66cfc6fb1982e29df7?s=96&d=mm&r=g\",\"caption\":\"admin\"},\"description\":\"admin\",\"url\":\"https:\\\/\\\/lasentinelle.dz\\\/author\\\/admin\\\/\"}]}<\/script>\n<!-- \/ Yoast SEO plugin. -->","yoast_head_json":{"title":"CHAN 2025\u00a0:\u00a0Bougherra\u00a0a tranch\u00e9 - La Sentinelle","robots":{"index":"index","follow":"follow","max-snippet":"max-snippet:-1","max-image-preview":"max-image-preview:large","max-video-preview":"max-video-preview:-1"},"canonical":"https:\/\/lasentinelle.dz\/index.php\/2025\/07\/24\/chan-2025-bougherra-a-tranche\/","og_locale":"fr_FR","og_type":"article","og_title":"CHAN 2025\u00a0:\u00a0Bougherra\u00a0a tranch\u00e9 - La Sentinelle","og_description":"\u00c0 quelques jours du coup d&rsquo;envoi du Championnat d&rsquo;Afrique des Nations 2025, l&rsquo;\u00e9quipe nationale A&rsquo; d&rsquo;Alg\u00e9rie peaufine sa pr\u00e9paration au","og_url":"https:\/\/lasentinelle.dz\/index.php\/2025\/07\/24\/chan-2025-bougherra-a-tranche\/","og_site_name":"La Sentinelle","article_publisher":"https:\/\/www.facebook.com\/La-Sentinelle-104059864394773","article_published_time":"2025-07-24T13:44:31+00:00","article_modified_time":"2025-07-26T13:45:11+00:00","og_image":[{"width":1728,"height":972,"url":"https:\/\/lasentinelle.dz\/wp-content\/uploads\/2025\/07\/Liste.jpg","type":"image\/jpeg"}],"author":"admin","twitter_card":"summary_large_image","twitter_misc":{"\u00c9crit par":"admin","Dur\u00e9e de lecture estim\u00e9e":"5 minutes"},"schema":{"@context":"https:\/\/schema.org","@graph":[{"@type":"Article","@id":"https:\/\/lasentinelle.dz\/index.php\/2025\/07\/24\/chan-2025-bougherra-a-tranche\/#article","isPartOf":{"@id":"https:\/\/lasentinelle.dz\/index.php\/2025\/07\/24\/chan-2025-bougherra-a-tranche\/"},"author":{"name":"admin","@id":"https:\/\/lasentinelle.dz\/#\/schema\/person\/729ee0024f24e0b8c5ec17232f8e8b41"},"headline":"CHAN 2025\u00a0:\u00a0Bougherra\u00a0a tranch\u00e9","datePublished":"2025-07-24T13:44:31+00:00","dateModified":"2025-07-26T13:45:11+00:00","mainEntityOfPage":{"@id":"https:\/\/lasentinelle.dz\/index.php\/2025\/07\/24\/chan-2025-bougherra-a-tranche\/"},"wordCount":939,"commentCount":0,"publisher":{"@id":"https:\/\/lasentinelle.dz\/#organization"},"image":{"@id":"https:\/\/lasentinelle.dz\/index.php\/2025\/07\/24\/chan-2025-bougherra-a-tranche\/#primaryimage"},"thumbnailUrl":"https:\/\/lasentinelle.dz\/wp-content\/uploads\/2025\/07\/Liste.jpg","articleSection":["\u00c0 la Une","Sports"],"inLanguage":"fr-FR","potentialAction":[{"@type":"CommentAction","name":"Comment","target":["https:\/\/lasentinelle.dz\/index.php\/2025\/07\/24\/chan-2025-bougherra-a-tranche\/#respond"]}]},{"@type":"WebPage","@id":"https:\/\/lasentinelle.dz\/index.php\/2025\/07\/24\/chan-2025-bougherra-a-tranche\/","url":"https:\/\/lasentinelle.dz\/index.php\/2025\/07\/24\/chan-2025-bougherra-a-tranche\/","name":"CHAN 2025\u00a0:\u00a0Bougherra\u00a0a tranch\u00e9 - La Sentinelle","isPartOf":{"@id":"https:\/\/lasentinelle.dz\/#website"},"primaryImageOfPage":{"@id":"https:\/\/lasentinelle.dz\/index.php\/2025\/07\/24\/chan-2025-bougherra-a-tranche\/#primaryimage"},"image":{"@id":"https:\/\/lasentinelle.dz\/index.php\/2025\/07\/24\/chan-2025-bougherra-a-tranche\/#primaryimage"},"thumbnailUrl":"https:\/\/lasentinelle.dz\/wp-content\/uploads\/2025\/07\/Liste.jpg","datePublished":"2025-07-24T13:44:31+00:00","dateModified":"2025-07-26T13:45:11+00:00","breadcrumb":{"@id":"https:\/\/lasentinelle.dz\/index.php\/2025\/07\/24\/chan-2025-bougherra-a-tranche\/#breadcrumb"},"inLanguage":"fr-FR","potentialAction":[{"@type":"ReadAction","target":["https:\/\/lasentinelle.dz\/index.php\/2025\/07\/24\/chan-2025-bougherra-a-tranche\/"]}]},{"@type":"ImageObject","inLanguage":"fr-FR","@id":"https:\/\/lasentinelle.dz\/index.php\/2025\/07\/24\/chan-2025-bougherra-a-tranche\/#primaryimage","url":"https:\/\/lasentinelle.dz\/wp-content\/uploads\/2025\/07\/Liste.jpg","contentUrl":"https:\/\/lasentinelle.dz\/wp-content\/uploads\/2025\/07\/Liste.jpg","width":1728,"height":972},{"@type":"BreadcrumbList","@id":"https:\/\/lasentinelle.dz\/index.php\/2025\/07\/24\/chan-2025-bougherra-a-tranche\/#breadcrumb","itemListElement":[{"@type":"ListItem","position":1,"name":"Accueil","item":"https:\/\/lasentinelle.dz\/"},{"@type":"ListItem","position":2,"name":"CHAN 2025\u00a0:\u00a0Bougherra\u00a0a tranch\u00e9"}]},{"@type":"WebSite","@id":"https:\/\/lasentinelle.dz\/#website","url":"https:\/\/lasentinelle.dz\/","name":"La Sentinelle","description":"Quotidien national d&#039;information","publisher":{"@id":"https:\/\/lasentinelle.dz\/#organization"},"potentialAction":[{"@type":"SearchAction","target":{"@type":"EntryPoint","urlTemplate":"https:\/\/lasentinelle.dz\/?s={search_term_string}"},"query-input":{"@type":"PropertyValueSpecification","valueRequired":true,"valueName":"search_term_string"}}],"inLanguage":"fr-FR"},{"@type":"Organization","@id":"https:\/\/lasentinelle.dz\/#organization","name":"Quotidien La Sentinelle","url":"https:\/\/lasentinelle.dz\/","logo":{"@type":"ImageObject","inLanguage":"fr-FR","@id":"https:\/\/lasentinelle.dz\/#\/schema\/logo\/image\/","url":"https:\/\/lasentinelle.dz\/wp-content\/uploads\/2021\/09\/logo-sentinelleSLOGAN-1.png","contentUrl":"https:\/\/lasentinelle.dz\/wp-content\/uploads\/2021\/09\/logo-sentinelleSLOGAN-1.png","width":615,"height":142,"caption":"Quotidien La Sentinelle"},"image":{"@id":"https:\/\/lasentinelle.dz\/#\/schema\/logo\/image\/"},"sameAs":["https:\/\/www.facebook.com\/La-Sentinelle-104059864394773"]},{"@type":"Person","@id":"https:\/\/lasentinelle.dz\/#\/schema\/person\/729ee0024f24e0b8c5ec17232f8e8b41","name":"admin","image":{"@type":"ImageObject","inLanguage":"fr-FR","@id":"https:\/\/secure.gravatar.com\/avatar\/4c81fed838786e9b53f540bf46533e750f5d292099ae3b66cfc6fb1982e29df7?s=96&d=mm&r=g","url":"https:\/\/secure.gravatar.com\/avatar\/4c81fed838786e9b53f540bf46533e750f5d292099ae3b66cfc6fb1982e29df7?s=96&d=mm&r=g","contentUrl":"https:\/\/secure.gravatar.com\/avatar\/4c81fed838786e9b53f540bf46533e750f5d292099ae3b66cfc6fb1982e29df7?s=96&d=mm&r=g","caption":"admin"},"description":"admin","url":"https:\/\/lasentinelle.dz\/author\/admin\/"}]}},"_links":{"self":[{"href":"https:\/\/lasentinelle.dz\/index.php\/wp-json\/wp\/v2\/posts\/70870","targetHints":{"allow":["GET"]}}],"collection":[{"href":"https:\/\/lasentinelle.dz\/index.php\/wp-json\/wp\/v2\/posts"}],"about":[{"href":"https:\/\/lasentinelle.dz\/index.php\/wp-json\/wp\/v2\/types\/post"}],"author":[{"embeddable":true,"href":"https:\/\/lasentinelle.dz\/index.php\/wp-json\/wp\/v2\/users\/6"}],"replies":[{"embeddable":true,"href":"https:\/\/lasentinelle.dz\/index.php\/wp-json\/wp\/v2\/comments?post=70870"}],"version-history":[{"count":1,"href":"https:\/\/lasentinelle.dz\/index.php\/wp-json\/wp\/v2\/posts\/70870\/revisions"}],"predecessor-version":[{"id":70872,"href":"https:\/\/lasentinelle.dz\/index.php\/wp-json\/wp\/v2\/posts\/70870\/revisions\/70872"}],"wp:featuredmedia":[{"embeddable":true,"href":"https:\/\/lasentinelle.dz\/index.php\/wp-json\/wp\/v2\/media\/70871"}],"wp:attachment":[{"href":"https:\/\/lasentinelle.dz\/index.php\/wp-json\/wp\/v2\/media?parent=70870"}],"wp:term":[{"taxonomy":"category","embeddable":true,"href":"https:\/\/lasentinelle.dz\/index.php\/wp-json\/wp\/v2\/categories?post=70870"},{"taxonomy":"post_tag","embeddable":true,"href":"https:\/\/lasentinelle.dz\/index.php\/wp-json\/wp\/v2\/tags?post=70870"}],"curies":[{"name":"wp","href":"https:\/\/api.w.org\/{rel}","templated":true}]}}