{"id":70893,"date":"2025-07-24T14:52:01","date_gmt":"2025-07-24T13:52:01","guid":{"rendered":"https:\/\/lasentinelle.dz\/?p=70893"},"modified":"2025-07-26T14:52:29","modified_gmt":"2025-07-26T13:52:29","slug":"gaz-naturel-laie-table-sur-une-reprise-de-la-demande-en-2026","status":"publish","type":"post","link":"https:\/\/lasentinelle.dz\/index.php\/2025\/07\/24\/gaz-naturel-laie-table-sur-une-reprise-de-la-demande-en-2026\/","title":{"rendered":"Gaz naturel\u00a0: L\u2019AIE table sur une reprise de la demande en 2026"},"content":{"rendered":"\n<p>Apr\u00e8s un ralentissement marqu\u00e9 en 2025 caus\u00e9 par la tension des march\u00e9s qui a pouss\u00e9 les prix \u00e0 la hausse, des \u00e9quilibres plus favorables se dessinent \u00e0 l&rsquo;horizon pour le secteur gazier mondial, bien que d&rsquo;importantes incertitudes persistent selon le dernier rapport trimestriel de l&rsquo;Agence internationale de l&rsquo;\u00e9nergie. L&rsquo;organisme bas\u00e9 \u00e0 Paris&nbsp;et qui d\u00e9fend les int\u00e9r\u00eats des pays consommateurs de p\u00e9trole et de gaz&nbsp;pr\u00e9voit une reprise de la croissance de la demande mondiale de gaz naturel en 2026, apr\u00e8s une p\u00e9riode de contraction cette ann\u00e9e. Cette \u00e9volution s&rsquo;inscrit dans un contexte g\u00e9opolitique complexe o\u00f9 les fondamentaux du march\u00e9 sont rest\u00e9s tendus durant le premier semestre 2025, r\u00e9sultat d&rsquo;une combinaison de facteurs d\u00e9favorables incluant la baisse des exportations russes de gaz par pipeline vers l&rsquo;Union europ\u00e9enne, une croissance relativement modeste de la production de gaz naturel liqu\u00e9fi\u00e9 et des besoins accrus de stockage en Europe.<\/p>\n\n\n\n<p>Dans ce contexte d&rsquo;incertitude macro\u00e9conomique \u00e9lev\u00e9e, la croissance de la demande mondiale de gaz naturel devrait ralentir significativement, passant de 2,8% en 2024 \u00e0 environ 1,3% en 2025, selon les projections de l\u2019AIE. Cette augmentation limit\u00e9e cette ann\u00e9e devrait \u00eatre presque enti\u00e8rement port\u00e9e par l&rsquo;Am\u00e9rique du Nord et l&rsquo;Europe, tandis que la croissance de la consommation dans la r\u00e9gion Asie-Pacifique, o\u00f9 de nombreux march\u00e9s se montrent sensibles aux prix \u00e9lev\u00e9s, devrait chuter \u00e0 son rythme annuel le plus faible depuis la crise \u00e9nerg\u00e9tique de 2022. Toutefois, l&rsquo;horizon 2026 s&rsquo;annonce plus prometteur avec une acc\u00e9l\u00e9ration attendue de la croissance de la demande mondiale autour de 2%, stimul\u00e9e par une augmentation consid\u00e9rable de l&rsquo;offre de gaz naturel liqu\u00e9fi\u00e9 qui devrait assouplir les fondamentaux du march\u00e9 et favoriser une croissance plus forte de la demande en Asie.<\/p>\n\n\n\n<p>L&rsquo;ann\u00e9e 2026 marquera un tournant d\u00e9cisif avec une hausse pr\u00e9vue de 7% de l&rsquo;approvisionnement en GNL, soit 40 milliards de m\u00e8tres cubes, repr\u00e9sentant la plus forte augmentation depuis 2019 gr\u00e2ce \u00e0 la mise en service de nouveaux projets aux \u00c9tats-Unis, au Canada et au Qatar. Cette vague d&rsquo;approvisionnement s&rsquo;accompagne d&rsquo;un contexte g\u00e9opolitique particuli\u00e8rement volatil, notamment au Moyen-Orient, r\u00e9gion dont les tensions ont aliment\u00e9 la r\u00e9cente volatilit\u00e9 des prix selon Keisuke Sadamori, directeur des march\u00e9s \u00e9nerg\u00e9tiques et de la s\u00e9curit\u00e9 \u00e0 l&rsquo;AIE, qui souligne que \u00ab\u00a0le contexte des march\u00e9s gaziers mondiaux \u00e9volue alors que nous entrons dans la seconde moiti\u00e9 de cette ann\u00e9e et regardons vers 2026\u00a0\u00bb.<\/p>\n\n\n\n<p>L&rsquo;analyse des performances r\u00e9gionales r\u00e9v\u00e8le des disparit\u00e9s importantes. En Europe, la consommation de gaz naturel a augment\u00e9 de 6,5% en glissement annuel au premier semestre 2025, principalement soutenue par le secteur \u00e9lectrique dans un contexte de production d&rsquo;\u00e9lectricit\u00e9 r\u00e9duite par l&rsquo;\u00e9olien et l&rsquo;hydraulique. Cette situation, bien qu&rsquo;elle ne doive pas \u00eatre interpr\u00e9t\u00e9e comme une tendance structurelle, illustre le r\u00f4le cl\u00e9 que jouent souvent les centrales \u00e0 gaz pour assurer la s\u00e9curit\u00e9 d&rsquo;approvisionnement \u00e9lectrique dans les march\u00e9s avec des parts plus \u00e9lev\u00e9es d&rsquo;\u00e9nergies renouvelables variables. \u00c0 l&rsquo;inverse, la demande chinoise de gaz naturel a diminu\u00e9 d&rsquo;environ 1% en rythme annuel, les importations de GNL du pays chutant de plus de 20%. En Am\u00e9rique du Nord, la demande a progress\u00e9 de 2,5% par rapport \u00e0 la m\u00eame p\u00e9riode l&rsquo;ann\u00e9e pr\u00e9c\u00e9dente, cette croissance \u00e9tant concentr\u00e9e au premier trimestre lorsque des conditions m\u00e9t\u00e9orologiques plus froides ont stimul\u00e9 l&rsquo;usage gazier dans les b\u00e2timents.&nbsp;<\/p>\n\n\n\n<p>Samira Ghrib<\/p>\n","protected":false},"excerpt":{"rendered":"<p>Apr\u00e8s un ralentissement marqu\u00e9 en 2025 caus\u00e9 par la tension des march\u00e9s qui a pouss\u00e9 les prix \u00e0 la hausse,<\/p>\n","protected":false},"author":6,"featured_media":49302,"comment_status":"open","ping_status":"closed","sticky":false,"template":"","format":"standard","meta":{"colormag_page_container_layout":"default_layout","colormag_page_sidebar_layout":"default_layout","om_disable_all_campaigns":false,"_monsterinsights_skip_tracking":false,"_monsterinsights_sitenote_active":false,"_monsterinsights_sitenote_note":"","_monsterinsights_sitenote_category":0,"footnotes":"","_wpscppro_dont_share_socialmedia":false,"_wpscppro_custom_social_share_image":0,"_facebook_share_type":"default","_twitter_share_type":"default","_linkedin_share_type":"default","_pinterest_share_type":"default","_linkedin_share_type_page":"","_instagram_share_type":"default","_medium_share_type":"default","_threads_share_type":"","_google_business_share_type":"","_selected_social_profile":[],"_wpsp_enable_custom_social_template":false,"_wpsp_social_scheduling":{"enabled":false,"datetime":null,"platforms":[],"status":"template_only","dateOption":"today","timeOption":"now","customDays":"","customHours":"","customDate":"","customTime":"","schedulingType":"absolute"},"_wpsp_active_default_template":true},"categories":[29],"tags":[],"class_list":["post-70893","post","type-post","status-publish","format-standard","has-post-thumbnail","hentry","category-economie"],"aioseo_notices":[],"yoast_head":"<!-- This site is optimized with the Yoast SEO plugin v27.5 - https:\/\/yoast.com\/product\/yoast-seo-wordpress\/ -->\n<title>Gaz naturel\u00a0: L\u2019AIE table sur une reprise de la demande en 2026 - La Sentinelle<\/title>\n<meta name=\"robots\" content=\"index, follow, max-snippet:-1, max-image-preview:large, max-video-preview:-1\" \/>\n<link rel=\"canonical\" href=\"https:\/\/lasentinelle.dz\/index.php\/2025\/07\/24\/gaz-naturel-laie-table-sur-une-reprise-de-la-demande-en-2026\/\" \/>\n<meta property=\"og:locale\" content=\"fr_FR\" \/>\n<meta property=\"og:type\" content=\"article\" \/>\n<meta property=\"og:title\" content=\"Gaz naturel\u00a0: L\u2019AIE table sur une reprise de la demande en 2026 - La Sentinelle\" \/>\n<meta property=\"og:description\" content=\"Apr\u00e8s un ralentissement marqu\u00e9 en 2025 caus\u00e9 par la tension des march\u00e9s qui a pouss\u00e9 les prix \u00e0 la hausse,\" \/>\n<meta property=\"og:url\" content=\"https:\/\/lasentinelle.dz\/index.php\/2025\/07\/24\/gaz-naturel-laie-table-sur-une-reprise-de-la-demande-en-2026\/\" \/>\n<meta property=\"og:site_name\" content=\"La Sentinelle\" \/>\n<meta property=\"article:publisher\" content=\"https:\/\/www.facebook.com\/La-Sentinelle-104059864394773\" \/>\n<meta property=\"article:published_time\" content=\"2025-07-24T13:52:01+00:00\" \/>\n<meta property=\"article:modified_time\" content=\"2025-07-26T13:52:29+00:00\" \/>\n<meta property=\"og:image\" content=\"https:\/\/lasentinelle.dz\/wp-content\/uploads\/2024\/02\/gazoduc.jpeg\" \/>\n\t<meta property=\"og:image:width\" content=\"1280\" \/>\n\t<meta property=\"og:image:height\" content=\"720\" \/>\n\t<meta property=\"og:image:type\" content=\"image\/jpeg\" \/>\n<meta name=\"author\" content=\"admin\" \/>\n<meta name=\"twitter:card\" content=\"summary_large_image\" \/>\n<meta name=\"twitter:label1\" content=\"\u00c9crit par\" \/>\n\t<meta name=\"twitter:data1\" content=\"admin\" \/>\n\t<meta name=\"twitter:label2\" content=\"Dur\u00e9e de lecture estim\u00e9e\" \/>\n\t<meta name=\"twitter:data2\" content=\"3 minutes\" \/>\n<script type=\"application\/ld+json\" class=\"yoast-schema-graph\">{\"@context\":\"https:\\\/\\\/schema.org\",\"@graph\":[{\"@type\":\"Article\",\"@id\":\"https:\\\/\\\/lasentinelle.dz\\\/index.php\\\/2025\\\/07\\\/24\\\/gaz-naturel-laie-table-sur-une-reprise-de-la-demande-en-2026\\\/#article\",\"isPartOf\":{\"@id\":\"https:\\\/\\\/lasentinelle.dz\\\/index.php\\\/2025\\\/07\\\/24\\\/gaz-naturel-laie-table-sur-une-reprise-de-la-demande-en-2026\\\/\"},\"author\":{\"name\":\"admin\",\"@id\":\"https:\\\/\\\/lasentinelle.dz\\\/#\\\/schema\\\/person\\\/729ee0024f24e0b8c5ec17232f8e8b41\"},\"headline\":\"Gaz naturel\u00a0: L\u2019AIE table sur une reprise de la demande en 2026\",\"datePublished\":\"2025-07-24T13:52:01+00:00\",\"dateModified\":\"2025-07-26T13:52:29+00:00\",\"mainEntityOfPage\":{\"@id\":\"https:\\\/\\\/lasentinelle.dz\\\/index.php\\\/2025\\\/07\\\/24\\\/gaz-naturel-laie-table-sur-une-reprise-de-la-demande-en-2026\\\/\"},\"wordCount\":621,\"commentCount\":0,\"publisher\":{\"@id\":\"https:\\\/\\\/lasentinelle.dz\\\/#organization\"},\"image\":{\"@id\":\"https:\\\/\\\/lasentinelle.dz\\\/index.php\\\/2025\\\/07\\\/24\\\/gaz-naturel-laie-table-sur-une-reprise-de-la-demande-en-2026\\\/#primaryimage\"},\"thumbnailUrl\":\"https:\\\/\\\/lasentinelle.dz\\\/wp-content\\\/uploads\\\/2024\\\/02\\\/gazoduc.jpeg\",\"articleSection\":[\"\u00c9conomie\"],\"inLanguage\":\"fr-FR\",\"potentialAction\":[{\"@type\":\"CommentAction\",\"name\":\"Comment\",\"target\":[\"https:\\\/\\\/lasentinelle.dz\\\/index.php\\\/2025\\\/07\\\/24\\\/gaz-naturel-laie-table-sur-une-reprise-de-la-demande-en-2026\\\/#respond\"]}]},{\"@type\":\"WebPage\",\"@id\":\"https:\\\/\\\/lasentinelle.dz\\\/index.php\\\/2025\\\/07\\\/24\\\/gaz-naturel-laie-table-sur-une-reprise-de-la-demande-en-2026\\\/\",\"url\":\"https:\\\/\\\/lasentinelle.dz\\\/index.php\\\/2025\\\/07\\\/24\\\/gaz-naturel-laie-table-sur-une-reprise-de-la-demande-en-2026\\\/\",\"name\":\"Gaz naturel\u00a0: L\u2019AIE table sur une reprise de la demande en 2026 - La Sentinelle\",\"isPartOf\":{\"@id\":\"https:\\\/\\\/lasentinelle.dz\\\/#website\"},\"primaryImageOfPage\":{\"@id\":\"https:\\\/\\\/lasentinelle.dz\\\/index.php\\\/2025\\\/07\\\/24\\\/gaz-naturel-laie-table-sur-une-reprise-de-la-demande-en-2026\\\/#primaryimage\"},\"image\":{\"@id\":\"https:\\\/\\\/lasentinelle.dz\\\/index.php\\\/2025\\\/07\\\/24\\\/gaz-naturel-laie-table-sur-une-reprise-de-la-demande-en-2026\\\/#primaryimage\"},\"thumbnailUrl\":\"https:\\\/\\\/lasentinelle.dz\\\/wp-content\\\/uploads\\\/2024\\\/02\\\/gazoduc.jpeg\",\"datePublished\":\"2025-07-24T13:52:01+00:00\",\"dateModified\":\"2025-07-26T13:52:29+00:00\",\"breadcrumb\":{\"@id\":\"https:\\\/\\\/lasentinelle.dz\\\/index.php\\\/2025\\\/07\\\/24\\\/gaz-naturel-laie-table-sur-une-reprise-de-la-demande-en-2026\\\/#breadcrumb\"},\"inLanguage\":\"fr-FR\",\"potentialAction\":[{\"@type\":\"ReadAction\",\"target\":[\"https:\\\/\\\/lasentinelle.dz\\\/index.php\\\/2025\\\/07\\\/24\\\/gaz-naturel-laie-table-sur-une-reprise-de-la-demande-en-2026\\\/\"]}]},{\"@type\":\"ImageObject\",\"inLanguage\":\"fr-FR\",\"@id\":\"https:\\\/\\\/lasentinelle.dz\\\/index.php\\\/2025\\\/07\\\/24\\\/gaz-naturel-laie-table-sur-une-reprise-de-la-demande-en-2026\\\/#primaryimage\",\"url\":\"https:\\\/\\\/lasentinelle.dz\\\/wp-content\\\/uploads\\\/2024\\\/02\\\/gazoduc.jpeg\",\"contentUrl\":\"https:\\\/\\\/lasentinelle.dz\\\/wp-content\\\/uploads\\\/2024\\\/02\\\/gazoduc.jpeg\",\"width\":1280,\"height\":720,\"caption\":\"Oil Or Gas Transportation With Blue Gas Or Pipe Line Valves On Soil And Sunrise Background\"},{\"@type\":\"BreadcrumbList\",\"@id\":\"https:\\\/\\\/lasentinelle.dz\\\/index.php\\\/2025\\\/07\\\/24\\\/gaz-naturel-laie-table-sur-une-reprise-de-la-demande-en-2026\\\/#breadcrumb\",\"itemListElement\":[{\"@type\":\"ListItem\",\"position\":1,\"name\":\"Accueil\",\"item\":\"https:\\\/\\\/lasentinelle.dz\\\/\"},{\"@type\":\"ListItem\",\"position\":2,\"name\":\"Gaz naturel\u00a0: L\u2019AIE table sur une reprise de la demande en 2026\"}]},{\"@type\":\"WebSite\",\"@id\":\"https:\\\/\\\/lasentinelle.dz\\\/#website\",\"url\":\"https:\\\/\\\/lasentinelle.dz\\\/\",\"name\":\"La Sentinelle\",\"description\":\"Quotidien national d&#039;information\",\"publisher\":{\"@id\":\"https:\\\/\\\/lasentinelle.dz\\\/#organization\"},\"potentialAction\":[{\"@type\":\"SearchAction\",\"target\":{\"@type\":\"EntryPoint\",\"urlTemplate\":\"https:\\\/\\\/lasentinelle.dz\\\/?s={search_term_string}\"},\"query-input\":{\"@type\":\"PropertyValueSpecification\",\"valueRequired\":true,\"valueName\":\"search_term_string\"}}],\"inLanguage\":\"fr-FR\"},{\"@type\":\"Organization\",\"@id\":\"https:\\\/\\\/lasentinelle.dz\\\/#organization\",\"name\":\"Quotidien La Sentinelle\",\"url\":\"https:\\\/\\\/lasentinelle.dz\\\/\",\"logo\":{\"@type\":\"ImageObject\",\"inLanguage\":\"fr-FR\",\"@id\":\"https:\\\/\\\/lasentinelle.dz\\\/#\\\/schema\\\/logo\\\/image\\\/\",\"url\":\"https:\\\/\\\/lasentinelle.dz\\\/wp-content\\\/uploads\\\/2021\\\/09\\\/logo-sentinelleSLOGAN-1.png\",\"contentUrl\":\"https:\\\/\\\/lasentinelle.dz\\\/wp-content\\\/uploads\\\/2021\\\/09\\\/logo-sentinelleSLOGAN-1.png\",\"width\":615,\"height\":142,\"caption\":\"Quotidien La Sentinelle\"},\"image\":{\"@id\":\"https:\\\/\\\/lasentinelle.dz\\\/#\\\/schema\\\/logo\\\/image\\\/\"},\"sameAs\":[\"https:\\\/\\\/www.facebook.com\\\/La-Sentinelle-104059864394773\"]},{\"@type\":\"Person\",\"@id\":\"https:\\\/\\\/lasentinelle.dz\\\/#\\\/schema\\\/person\\\/729ee0024f24e0b8c5ec17232f8e8b41\",\"name\":\"admin\",\"image\":{\"@type\":\"ImageObject\",\"inLanguage\":\"fr-FR\",\"@id\":\"https:\\\/\\\/secure.gravatar.com\\\/avatar\\\/4c81fed838786e9b53f540bf46533e750f5d292099ae3b66cfc6fb1982e29df7?s=96&d=mm&r=g\",\"url\":\"https:\\\/\\\/secure.gravatar.com\\\/avatar\\\/4c81fed838786e9b53f540bf46533e750f5d292099ae3b66cfc6fb1982e29df7?s=96&d=mm&r=g\",\"contentUrl\":\"https:\\\/\\\/secure.gravatar.com\\\/avatar\\\/4c81fed838786e9b53f540bf46533e750f5d292099ae3b66cfc6fb1982e29df7?s=96&d=mm&r=g\",\"caption\":\"admin\"},\"description\":\"admin\",\"url\":\"https:\\\/\\\/lasentinelle.dz\\\/author\\\/admin\\\/\"}]}<\/script>\n<!-- \/ Yoast SEO plugin. -->","yoast_head_json":{"title":"Gaz naturel\u00a0: L\u2019AIE table sur une reprise de la demande en 2026 - La Sentinelle","robots":{"index":"index","follow":"follow","max-snippet":"max-snippet:-1","max-image-preview":"max-image-preview:large","max-video-preview":"max-video-preview:-1"},"canonical":"https:\/\/lasentinelle.dz\/index.php\/2025\/07\/24\/gaz-naturel-laie-table-sur-une-reprise-de-la-demande-en-2026\/","og_locale":"fr_FR","og_type":"article","og_title":"Gaz naturel\u00a0: L\u2019AIE table sur une reprise de la demande en 2026 - La Sentinelle","og_description":"Apr\u00e8s un ralentissement marqu\u00e9 en 2025 caus\u00e9 par la tension des march\u00e9s qui a pouss\u00e9 les prix \u00e0 la hausse,","og_url":"https:\/\/lasentinelle.dz\/index.php\/2025\/07\/24\/gaz-naturel-laie-table-sur-une-reprise-de-la-demande-en-2026\/","og_site_name":"La Sentinelle","article_publisher":"https:\/\/www.facebook.com\/La-Sentinelle-104059864394773","article_published_time":"2025-07-24T13:52:01+00:00","article_modified_time":"2025-07-26T13:52:29+00:00","og_image":[{"width":1280,"height":720,"url":"https:\/\/lasentinelle.dz\/wp-content\/uploads\/2024\/02\/gazoduc.jpeg","type":"image\/jpeg"}],"author":"admin","twitter_card":"summary_large_image","twitter_misc":{"\u00c9crit par":"admin","Dur\u00e9e de lecture estim\u00e9e":"3 minutes"},"schema":{"@context":"https:\/\/schema.org","@graph":[{"@type":"Article","@id":"https:\/\/lasentinelle.dz\/index.php\/2025\/07\/24\/gaz-naturel-laie-table-sur-une-reprise-de-la-demande-en-2026\/#article","isPartOf":{"@id":"https:\/\/lasentinelle.dz\/index.php\/2025\/07\/24\/gaz-naturel-laie-table-sur-une-reprise-de-la-demande-en-2026\/"},"author":{"name":"admin","@id":"https:\/\/lasentinelle.dz\/#\/schema\/person\/729ee0024f24e0b8c5ec17232f8e8b41"},"headline":"Gaz naturel\u00a0: L\u2019AIE table sur une reprise de la demande en 2026","datePublished":"2025-07-24T13:52:01+00:00","dateModified":"2025-07-26T13:52:29+00:00","mainEntityOfPage":{"@id":"https:\/\/lasentinelle.dz\/index.php\/2025\/07\/24\/gaz-naturel-laie-table-sur-une-reprise-de-la-demande-en-2026\/"},"wordCount":621,"commentCount":0,"publisher":{"@id":"https:\/\/lasentinelle.dz\/#organization"},"image":{"@id":"https:\/\/lasentinelle.dz\/index.php\/2025\/07\/24\/gaz-naturel-laie-table-sur-une-reprise-de-la-demande-en-2026\/#primaryimage"},"thumbnailUrl":"https:\/\/lasentinelle.dz\/wp-content\/uploads\/2024\/02\/gazoduc.jpeg","articleSection":["\u00c9conomie"],"inLanguage":"fr-FR","potentialAction":[{"@type":"CommentAction","name":"Comment","target":["https:\/\/lasentinelle.dz\/index.php\/2025\/07\/24\/gaz-naturel-laie-table-sur-une-reprise-de-la-demande-en-2026\/#respond"]}]},{"@type":"WebPage","@id":"https:\/\/lasentinelle.dz\/index.php\/2025\/07\/24\/gaz-naturel-laie-table-sur-une-reprise-de-la-demande-en-2026\/","url":"https:\/\/lasentinelle.dz\/index.php\/2025\/07\/24\/gaz-naturel-laie-table-sur-une-reprise-de-la-demande-en-2026\/","name":"Gaz naturel\u00a0: L\u2019AIE table sur une reprise de la demande en 2026 - La Sentinelle","isPartOf":{"@id":"https:\/\/lasentinelle.dz\/#website"},"primaryImageOfPage":{"@id":"https:\/\/lasentinelle.dz\/index.php\/2025\/07\/24\/gaz-naturel-laie-table-sur-une-reprise-de-la-demande-en-2026\/#primaryimage"},"image":{"@id":"https:\/\/lasentinelle.dz\/index.php\/2025\/07\/24\/gaz-naturel-laie-table-sur-une-reprise-de-la-demande-en-2026\/#primaryimage"},"thumbnailUrl":"https:\/\/lasentinelle.dz\/wp-content\/uploads\/2024\/02\/gazoduc.jpeg","datePublished":"2025-07-24T13:52:01+00:00","dateModified":"2025-07-26T13:52:29+00:00","breadcrumb":{"@id":"https:\/\/lasentinelle.dz\/index.php\/2025\/07\/24\/gaz-naturel-laie-table-sur-une-reprise-de-la-demande-en-2026\/#breadcrumb"},"inLanguage":"fr-FR","potentialAction":[{"@type":"ReadAction","target":["https:\/\/lasentinelle.dz\/index.php\/2025\/07\/24\/gaz-naturel-laie-table-sur-une-reprise-de-la-demande-en-2026\/"]}]},{"@type":"ImageObject","inLanguage":"fr-FR","@id":"https:\/\/lasentinelle.dz\/index.php\/2025\/07\/24\/gaz-naturel-laie-table-sur-une-reprise-de-la-demande-en-2026\/#primaryimage","url":"https:\/\/lasentinelle.dz\/wp-content\/uploads\/2024\/02\/gazoduc.jpeg","contentUrl":"https:\/\/lasentinelle.dz\/wp-content\/uploads\/2024\/02\/gazoduc.jpeg","width":1280,"height":720,"caption":"Oil Or Gas Transportation With Blue Gas Or Pipe Line Valves On Soil And Sunrise Background"},{"@type":"BreadcrumbList","@id":"https:\/\/lasentinelle.dz\/index.php\/2025\/07\/24\/gaz-naturel-laie-table-sur-une-reprise-de-la-demande-en-2026\/#breadcrumb","itemListElement":[{"@type":"ListItem","position":1,"name":"Accueil","item":"https:\/\/lasentinelle.dz\/"},{"@type":"ListItem","position":2,"name":"Gaz naturel\u00a0: L\u2019AIE table sur une reprise de la demande en 2026"}]},{"@type":"WebSite","@id":"https:\/\/lasentinelle.dz\/#website","url":"https:\/\/lasentinelle.dz\/","name":"La Sentinelle","description":"Quotidien national d&#039;information","publisher":{"@id":"https:\/\/lasentinelle.dz\/#organization"},"potentialAction":[{"@type":"SearchAction","target":{"@type":"EntryPoint","urlTemplate":"https:\/\/lasentinelle.dz\/?s={search_term_string}"},"query-input":{"@type":"PropertyValueSpecification","valueRequired":true,"valueName":"search_term_string"}}],"inLanguage":"fr-FR"},{"@type":"Organization","@id":"https:\/\/lasentinelle.dz\/#organization","name":"Quotidien La Sentinelle","url":"https:\/\/lasentinelle.dz\/","logo":{"@type":"ImageObject","inLanguage":"fr-FR","@id":"https:\/\/lasentinelle.dz\/#\/schema\/logo\/image\/","url":"https:\/\/lasentinelle.dz\/wp-content\/uploads\/2021\/09\/logo-sentinelleSLOGAN-1.png","contentUrl":"https:\/\/lasentinelle.dz\/wp-content\/uploads\/2021\/09\/logo-sentinelleSLOGAN-1.png","width":615,"height":142,"caption":"Quotidien La Sentinelle"},"image":{"@id":"https:\/\/lasentinelle.dz\/#\/schema\/logo\/image\/"},"sameAs":["https:\/\/www.facebook.com\/La-Sentinelle-104059864394773"]},{"@type":"Person","@id":"https:\/\/lasentinelle.dz\/#\/schema\/person\/729ee0024f24e0b8c5ec17232f8e8b41","name":"admin","image":{"@type":"ImageObject","inLanguage":"fr-FR","@id":"https:\/\/secure.gravatar.com\/avatar\/4c81fed838786e9b53f540bf46533e750f5d292099ae3b66cfc6fb1982e29df7?s=96&d=mm&r=g","url":"https:\/\/secure.gravatar.com\/avatar\/4c81fed838786e9b53f540bf46533e750f5d292099ae3b66cfc6fb1982e29df7?s=96&d=mm&r=g","contentUrl":"https:\/\/secure.gravatar.com\/avatar\/4c81fed838786e9b53f540bf46533e750f5d292099ae3b66cfc6fb1982e29df7?s=96&d=mm&r=g","caption":"admin"},"description":"admin","url":"https:\/\/lasentinelle.dz\/author\/admin\/"}]}},"_links":{"self":[{"href":"https:\/\/lasentinelle.dz\/index.php\/wp-json\/wp\/v2\/posts\/70893","targetHints":{"allow":["GET"]}}],"collection":[{"href":"https:\/\/lasentinelle.dz\/index.php\/wp-json\/wp\/v2\/posts"}],"about":[{"href":"https:\/\/lasentinelle.dz\/index.php\/wp-json\/wp\/v2\/types\/post"}],"author":[{"embeddable":true,"href":"https:\/\/lasentinelle.dz\/index.php\/wp-json\/wp\/v2\/users\/6"}],"replies":[{"embeddable":true,"href":"https:\/\/lasentinelle.dz\/index.php\/wp-json\/wp\/v2\/comments?post=70893"}],"version-history":[{"count":1,"href":"https:\/\/lasentinelle.dz\/index.php\/wp-json\/wp\/v2\/posts\/70893\/revisions"}],"predecessor-version":[{"id":70894,"href":"https:\/\/lasentinelle.dz\/index.php\/wp-json\/wp\/v2\/posts\/70893\/revisions\/70894"}],"wp:featuredmedia":[{"embeddable":true,"href":"https:\/\/lasentinelle.dz\/index.php\/wp-json\/wp\/v2\/media\/49302"}],"wp:attachment":[{"href":"https:\/\/lasentinelle.dz\/index.php\/wp-json\/wp\/v2\/media?parent=70893"}],"wp:term":[{"taxonomy":"category","embeddable":true,"href":"https:\/\/lasentinelle.dz\/index.php\/wp-json\/wp\/v2\/categories?post=70893"},{"taxonomy":"post_tag","embeddable":true,"href":"https:\/\/lasentinelle.dz\/index.php\/wp-json\/wp\/v2\/tags?post=70893"}],"curies":[{"name":"wp","href":"https:\/\/api.w.org\/{rel}","templated":true}]}}