{"id":70895,"date":"2025-07-24T14:52:41","date_gmt":"2025-07-24T13:52:41","guid":{"rendered":"https:\/\/lasentinelle.dz\/?p=70895"},"modified":"2025-07-26T14:53:11","modified_gmt":"2025-07-26T13:53:11","slug":"vehicules-importes-les-prix-sous-la-loupe","status":"publish","type":"post","link":"https:\/\/lasentinelle.dz\/index.php\/2025\/07\/24\/vehicules-importes-les-prix-sous-la-loupe\/","title":{"rendered":"V\u00e9hicules import\u00e9s\u00a0:\u00a0Les prix sous la loupe"},"content":{"rendered":"\n<p>L&rsquo;administration douani\u00e8re&nbsp;vient de red\u00e9finir&nbsp;radicalement les modalit\u00e9s d&rsquo;\u00e9valuation des v\u00e9hicules import\u00e9s par les particuliers. Cette mesure, entr\u00e9e en vigueur le 21 juillet&nbsp;en cours, s&rsquo;inscrit dans une d\u00e9marche plus large de lutte contre la fraude d\u00e9clarative et de pr\u00e9servation des recettes publiques, tout en garantissant une application \u00e9quitable des r\u00e8gles douani\u00e8res sur l&rsquo;ensemble du territoire national.<\/p>\n\n\n\n<p>La Direction g\u00e9n\u00e9rale des Douanes a publi\u00e9 mardi un communiqu\u00e9 annon\u00e7ant cette nouvelle circulaire interne, portant le num\u00e9ro 3873 et dat\u00e9e du 21 juillet courant, qui fixe d\u00e9sormais les modalit\u00e9s pratiques de contr\u00f4le de la valeur des v\u00e9hicules import\u00e9s par les particuliers ainsi que les m\u00e9thodes d&rsquo;utilisation des bases de donn\u00e9es nationales par les services douaniers. Cette initiative s&rsquo;appuie sur le d\u00e9ploiement du nouveau syst\u00e8me d&rsquo;information des Douanes baptis\u00e9 \u00ab\u00a0ALCES\u00a0\u00bb, une plateforme technologique moderne qui centralise et harmonise les proc\u00e9dures de contr\u00f4le \u00e0 travers tout le pays.<\/p>\n\n\n\n<p>Selon les termes du communiqu\u00e9 officiel, cette mesure permettra d\u00e9sormais de \u00ab\u00a0proc\u00e9der au traitement des dossiers de d\u00e9douanement des v\u00e9hicules import\u00e9s sur la base des donn\u00e9es r\u00e9elles des op\u00e9rations commerciales, tout en prenant compte, lors des op\u00e9rations de contr\u00f4le douanier de la valeur, des facteurs objectifs influant sur les prix des v\u00e9hicules, tels que les caract\u00e9ristiques techniques et le pays d&rsquo;origine\u00a0\u00bb. Cette approche marque une rupture significative avec les pratiques ant\u00e9rieures o\u00f9 l&rsquo;\u00e9valuation reposait principalement sur les documents fournis par l&rsquo;importateur, cr\u00e9ant parfois des disparit\u00e9s de traitement selon les bureaux de douane concern\u00e9s.<\/p>\n\n\n\n<p>La nouvelle m\u00e9thodologie impose aux agents douaniers de croiser syst\u00e9matiquement les d\u00e9clarations de valeur avec des bases de donn\u00e9es nationales int\u00e9gr\u00e9es dans le syst\u00e8me ALCES, permettant ainsi de v\u00e9rifier la coh\u00e9rence des prix d\u00e9clar\u00e9s avec les r\u00e9alit\u00e9s du march\u00e9 automobile international. Cette d\u00e9marche vise particuli\u00e8rement \u00e0 lutter contre les tentatives de sous-\u00e9valuation qui privent l&rsquo;\u00c9tat de recettes douani\u00e8res substantielles, tout en \u00e9tablissant des crit\u00e8res d&rsquo;\u00e9valuation objectifs et uniformes sur l&rsquo;ensemble du territoire.<\/p>\n\n\n\n<p>Les facteurs d\u00e9sormais pris en compte lors du contr\u00f4le de la valeur incluent un \u00e9ventail \u00e9largi de caract\u00e9ristiques techniques du v\u00e9hicule, notamment la motorisation, l&rsquo;ann\u00e9e de fabrication, les \u00e9quipements sp\u00e9cifiques, l&rsquo;\u00e9tat g\u00e9n\u00e9ral du v\u00e9hicule, ainsi que son pays d&rsquo;origine. Cette derni\u00e8re variable rev\u00eat une importance particuli\u00e8re car certaines zones g\u00e9ographiques influencent naturellement les co\u00fbts de production et, par cons\u00e9quent, la valeur \u00e0 l&rsquo;importation. Cette grille d&rsquo;\u00e9valuation multicrit\u00e8res permet aux services douaniers de mieux refl\u00e9ter les r\u00e9alit\u00e9s du march\u00e9 automobile mondial tout en prot\u00e9geant l&rsquo;administration des fraudes d\u00e9claratives.<\/p>\n\n\n\n<p>Pour les particuliers souhaitant importer un v\u00e9hicule, cette \u00e9volution r\u00e9glementaire implique des changements concrets dans leurs d\u00e9marches. Les documents traditionnellement fournis, tels que les factures d&rsquo;achat et les certificats d&rsquo;origine, seront d\u00e9sormais syst\u00e9matiquement confront\u00e9s aux donn\u00e9es de r\u00e9f\u00e9rence internes de l&rsquo;administration douani\u00e8re. Tout \u00e9cart significatif entre la valeur d\u00e9clar\u00e9e et les r\u00e9f\u00e9rences du syst\u00e8me pourra entra\u00eener une r\u00e9\u00e9valuation, obligeant l&rsquo;importateur \u00e0 justifier les sp\u00e9cificit\u00e9s de son v\u00e9hicule ou \u00e0 accepter une valorisation r\u00e9vis\u00e9e. Les services douaniers disposeront ainsi d&rsquo;outils performants pour d\u00e9tecter rapidement les anomalies ou incoh\u00e9rences dans les d\u00e9clarations, r\u00e9duisant consid\u00e9rablement les marges de man\u0153uvre pour les tentatives de fraude.<\/p>\n\n\n\n<p>Cette initiative s&rsquo;inscrit, selon la Direction g\u00e9n\u00e9rale des Douanes, \u00ab\u00a0dans le cadre de la poursuite des efforts des Douanes alg\u00e9riennes visant \u00e0 am\u00e9liorer le service public douanier et \u00e0 assurer l&rsquo;application saine et uniforme des dispositions l\u00e9gislatives et r\u00e9glementaires en lien avec l&rsquo;\u00e9valuation des v\u00e9hicules import\u00e9s par les particuliers\u00a0\u00bb. Au-del\u00e0 de la dimension technique, cette r\u00e9forme traduit une volont\u00e9 politique de moderniser l&rsquo;administration douani\u00e8re et de la doter d&rsquo;outils technologiques performants capables de s&rsquo;adapter aux \u00e9volutions du commerce international et aux nouvelles formes de fraude.<\/p>\n\n\n\n<p>L&rsquo;impact \u00e9conomique de cette mesure pourrait s&rsquo;av\u00e9rer significatif, notamment en termes de recettes douani\u00e8res suppl\u00e9mentaires g\u00e9n\u00e9r\u00e9es par une \u00e9valuation plus pr\u00e9cise des v\u00e9hicules import\u00e9s. Cette modernisation des proc\u00e9dures vise \u00e9galement \u00e0 garantir une \u00e9galit\u00e9 de traitement entre tous les citoyens, ind\u00e9pendamment du bureau de douane o\u00f9 ils effectuent leurs d\u00e9marches, contribuant ainsi \u00e0 renforcer l&rsquo;\u00e9quit\u00e9 fiscale et la transparence administrative dans un secteur particuli\u00e8rement sensible aux variations de prix et aux pratiques sp\u00e9culatives.<\/p>\n\n\n\n<p>Samir Benisid<\/p>\n","protected":false},"excerpt":{"rendered":"<p>L&rsquo;administration douani\u00e8re&nbsp;vient de red\u00e9finir&nbsp;radicalement les modalit\u00e9s d&rsquo;\u00e9valuation des v\u00e9hicules import\u00e9s par les particuliers. Cette mesure, entr\u00e9e en vigueur le 21<\/p>\n","protected":false},"author":6,"featured_media":70896,"comment_status":"open","ping_status":"closed","sticky":false,"template":"","format":"standard","meta":{"colormag_page_container_layout":"default_layout","colormag_page_sidebar_layout":"default_layout","om_disable_all_campaigns":false,"_monsterinsights_skip_tracking":false,"_monsterinsights_sitenote_active":false,"_monsterinsights_sitenote_note":"","_monsterinsights_sitenote_category":0,"footnotes":"","_wpscppro_dont_share_socialmedia":false,"_wpscppro_custom_social_share_image":0,"_facebook_share_type":"default","_twitter_share_type":"default","_linkedin_share_type":"default","_pinterest_share_type":"default","_linkedin_share_type_page":"","_instagram_share_type":"default","_medium_share_type":"default","_threads_share_type":"","_google_business_share_type":"","_selected_social_profile":[],"_wpsp_enable_custom_social_template":false,"_wpsp_social_scheduling":{"enabled":false,"datetime":null,"platforms":[],"status":"template_only","dateOption":"today","timeOption":"now","customDays":"","customHours":"","customDate":"","customTime":"","schedulingType":"absolute"},"_wpsp_active_default_template":true},"categories":[52,29],"tags":[],"class_list":["post-70895","post","type-post","status-publish","format-standard","has-post-thumbnail","hentry","category-a-la-une","category-economie"],"aioseo_notices":[],"yoast_head":"<!-- This site is optimized with the Yoast SEO plugin v27.5 - https:\/\/yoast.com\/product\/yoast-seo-wordpress\/ -->\n<title>V\u00e9hicules import\u00e9s\u00a0:\u00a0Les prix sous la loupe - La Sentinelle<\/title>\n<meta name=\"robots\" content=\"index, follow, max-snippet:-1, max-image-preview:large, max-video-preview:-1\" \/>\n<link rel=\"canonical\" href=\"https:\/\/lasentinelle.dz\/index.php\/2025\/07\/24\/vehicules-importes-les-prix-sous-la-loupe\/\" \/>\n<meta property=\"og:locale\" content=\"fr_FR\" \/>\n<meta property=\"og:type\" content=\"article\" \/>\n<meta property=\"og:title\" content=\"V\u00e9hicules import\u00e9s\u00a0:\u00a0Les prix sous la loupe - La Sentinelle\" \/>\n<meta property=\"og:description\" content=\"L&rsquo;administration douani\u00e8re&nbsp;vient de red\u00e9finir&nbsp;radicalement les modalit\u00e9s d&rsquo;\u00e9valuation des v\u00e9hicules import\u00e9s par les particuliers. Cette mesure, entr\u00e9e en vigueur le 21\" \/>\n<meta property=\"og:url\" content=\"https:\/\/lasentinelle.dz\/index.php\/2025\/07\/24\/vehicules-importes-les-prix-sous-la-loupe\/\" \/>\n<meta property=\"og:site_name\" content=\"La Sentinelle\" \/>\n<meta property=\"article:publisher\" content=\"https:\/\/www.facebook.com\/La-Sentinelle-104059864394773\" \/>\n<meta property=\"article:published_time\" content=\"2025-07-24T13:52:41+00:00\" \/>\n<meta property=\"article:modified_time\" content=\"2025-07-26T13:53:11+00:00\" \/>\n<meta property=\"og:image\" content=\"https:\/\/lasentinelle.dz\/wp-content\/uploads\/2025\/07\/Voitures.jpeg\" \/>\n\t<meta property=\"og:image:width\" content=\"700\" \/>\n\t<meta property=\"og:image:height\" content=\"400\" \/>\n\t<meta property=\"og:image:type\" content=\"image\/jpeg\" \/>\n<meta name=\"author\" content=\"admin\" \/>\n<meta name=\"twitter:card\" content=\"summary_large_image\" \/>\n<meta name=\"twitter:label1\" content=\"\u00c9crit par\" \/>\n\t<meta name=\"twitter:data1\" content=\"admin\" \/>\n\t<meta name=\"twitter:label2\" content=\"Dur\u00e9e de lecture estim\u00e9e\" \/>\n\t<meta name=\"twitter:data2\" content=\"4 minutes\" \/>\n<script type=\"application\/ld+json\" class=\"yoast-schema-graph\">{\"@context\":\"https:\\\/\\\/schema.org\",\"@graph\":[{\"@type\":\"Article\",\"@id\":\"https:\\\/\\\/lasentinelle.dz\\\/index.php\\\/2025\\\/07\\\/24\\\/vehicules-importes-les-prix-sous-la-loupe\\\/#article\",\"isPartOf\":{\"@id\":\"https:\\\/\\\/lasentinelle.dz\\\/index.php\\\/2025\\\/07\\\/24\\\/vehicules-importes-les-prix-sous-la-loupe\\\/\"},\"author\":{\"name\":\"admin\",\"@id\":\"https:\\\/\\\/lasentinelle.dz\\\/#\\\/schema\\\/person\\\/729ee0024f24e0b8c5ec17232f8e8b41\"},\"headline\":\"V\u00e9hicules import\u00e9s\u00a0:\u00a0Les prix sous la loupe\",\"datePublished\":\"2025-07-24T13:52:41+00:00\",\"dateModified\":\"2025-07-26T13:53:11+00:00\",\"mainEntityOfPage\":{\"@id\":\"https:\\\/\\\/lasentinelle.dz\\\/index.php\\\/2025\\\/07\\\/24\\\/vehicules-importes-les-prix-sous-la-loupe\\\/\"},\"wordCount\":824,\"commentCount\":0,\"publisher\":{\"@id\":\"https:\\\/\\\/lasentinelle.dz\\\/#organization\"},\"image\":{\"@id\":\"https:\\\/\\\/lasentinelle.dz\\\/index.php\\\/2025\\\/07\\\/24\\\/vehicules-importes-les-prix-sous-la-loupe\\\/#primaryimage\"},\"thumbnailUrl\":\"https:\\\/\\\/lasentinelle.dz\\\/wp-content\\\/uploads\\\/2025\\\/07\\\/Voitures.jpeg\",\"articleSection\":[\"\u00c0 la Une\",\"\u00c9conomie\"],\"inLanguage\":\"fr-FR\",\"potentialAction\":[{\"@type\":\"CommentAction\",\"name\":\"Comment\",\"target\":[\"https:\\\/\\\/lasentinelle.dz\\\/index.php\\\/2025\\\/07\\\/24\\\/vehicules-importes-les-prix-sous-la-loupe\\\/#respond\"]}]},{\"@type\":\"WebPage\",\"@id\":\"https:\\\/\\\/lasentinelle.dz\\\/index.php\\\/2025\\\/07\\\/24\\\/vehicules-importes-les-prix-sous-la-loupe\\\/\",\"url\":\"https:\\\/\\\/lasentinelle.dz\\\/index.php\\\/2025\\\/07\\\/24\\\/vehicules-importes-les-prix-sous-la-loupe\\\/\",\"name\":\"V\u00e9hicules import\u00e9s\u00a0:\u00a0Les prix sous la loupe - La Sentinelle\",\"isPartOf\":{\"@id\":\"https:\\\/\\\/lasentinelle.dz\\\/#website\"},\"primaryImageOfPage\":{\"@id\":\"https:\\\/\\\/lasentinelle.dz\\\/index.php\\\/2025\\\/07\\\/24\\\/vehicules-importes-les-prix-sous-la-loupe\\\/#primaryimage\"},\"image\":{\"@id\":\"https:\\\/\\\/lasentinelle.dz\\\/index.php\\\/2025\\\/07\\\/24\\\/vehicules-importes-les-prix-sous-la-loupe\\\/#primaryimage\"},\"thumbnailUrl\":\"https:\\\/\\\/lasentinelle.dz\\\/wp-content\\\/uploads\\\/2025\\\/07\\\/Voitures.jpeg\",\"datePublished\":\"2025-07-24T13:52:41+00:00\",\"dateModified\":\"2025-07-26T13:53:11+00:00\",\"breadcrumb\":{\"@id\":\"https:\\\/\\\/lasentinelle.dz\\\/index.php\\\/2025\\\/07\\\/24\\\/vehicules-importes-les-prix-sous-la-loupe\\\/#breadcrumb\"},\"inLanguage\":\"fr-FR\",\"potentialAction\":[{\"@type\":\"ReadAction\",\"target\":[\"https:\\\/\\\/lasentinelle.dz\\\/index.php\\\/2025\\\/07\\\/24\\\/vehicules-importes-les-prix-sous-la-loupe\\\/\"]}]},{\"@type\":\"ImageObject\",\"inLanguage\":\"fr-FR\",\"@id\":\"https:\\\/\\\/lasentinelle.dz\\\/index.php\\\/2025\\\/07\\\/24\\\/vehicules-importes-les-prix-sous-la-loupe\\\/#primaryimage\",\"url\":\"https:\\\/\\\/lasentinelle.dz\\\/wp-content\\\/uploads\\\/2025\\\/07\\\/Voitures.jpeg\",\"contentUrl\":\"https:\\\/\\\/lasentinelle.dz\\\/wp-content\\\/uploads\\\/2025\\\/07\\\/Voitures.jpeg\",\"width\":700,\"height\":400},{\"@type\":\"BreadcrumbList\",\"@id\":\"https:\\\/\\\/lasentinelle.dz\\\/index.php\\\/2025\\\/07\\\/24\\\/vehicules-importes-les-prix-sous-la-loupe\\\/#breadcrumb\",\"itemListElement\":[{\"@type\":\"ListItem\",\"position\":1,\"name\":\"Accueil\",\"item\":\"https:\\\/\\\/lasentinelle.dz\\\/\"},{\"@type\":\"ListItem\",\"position\":2,\"name\":\"V\u00e9hicules import\u00e9s\u00a0:\u00a0Les prix sous la loupe\"}]},{\"@type\":\"WebSite\",\"@id\":\"https:\\\/\\\/lasentinelle.dz\\\/#website\",\"url\":\"https:\\\/\\\/lasentinelle.dz\\\/\",\"name\":\"La Sentinelle\",\"description\":\"Quotidien national d&#039;information\",\"publisher\":{\"@id\":\"https:\\\/\\\/lasentinelle.dz\\\/#organization\"},\"potentialAction\":[{\"@type\":\"SearchAction\",\"target\":{\"@type\":\"EntryPoint\",\"urlTemplate\":\"https:\\\/\\\/lasentinelle.dz\\\/?s={search_term_string}\"},\"query-input\":{\"@type\":\"PropertyValueSpecification\",\"valueRequired\":true,\"valueName\":\"search_term_string\"}}],\"inLanguage\":\"fr-FR\"},{\"@type\":\"Organization\",\"@id\":\"https:\\\/\\\/lasentinelle.dz\\\/#organization\",\"name\":\"Quotidien La Sentinelle\",\"url\":\"https:\\\/\\\/lasentinelle.dz\\\/\",\"logo\":{\"@type\":\"ImageObject\",\"inLanguage\":\"fr-FR\",\"@id\":\"https:\\\/\\\/lasentinelle.dz\\\/#\\\/schema\\\/logo\\\/image\\\/\",\"url\":\"https:\\\/\\\/lasentinelle.dz\\\/wp-content\\\/uploads\\\/2021\\\/09\\\/logo-sentinelleSLOGAN-1.png\",\"contentUrl\":\"https:\\\/\\\/lasentinelle.dz\\\/wp-content\\\/uploads\\\/2021\\\/09\\\/logo-sentinelleSLOGAN-1.png\",\"width\":615,\"height\":142,\"caption\":\"Quotidien La Sentinelle\"},\"image\":{\"@id\":\"https:\\\/\\\/lasentinelle.dz\\\/#\\\/schema\\\/logo\\\/image\\\/\"},\"sameAs\":[\"https:\\\/\\\/www.facebook.com\\\/La-Sentinelle-104059864394773\"]},{\"@type\":\"Person\",\"@id\":\"https:\\\/\\\/lasentinelle.dz\\\/#\\\/schema\\\/person\\\/729ee0024f24e0b8c5ec17232f8e8b41\",\"name\":\"admin\",\"image\":{\"@type\":\"ImageObject\",\"inLanguage\":\"fr-FR\",\"@id\":\"https:\\\/\\\/secure.gravatar.com\\\/avatar\\\/4c81fed838786e9b53f540bf46533e750f5d292099ae3b66cfc6fb1982e29df7?s=96&d=mm&r=g\",\"url\":\"https:\\\/\\\/secure.gravatar.com\\\/avatar\\\/4c81fed838786e9b53f540bf46533e750f5d292099ae3b66cfc6fb1982e29df7?s=96&d=mm&r=g\",\"contentUrl\":\"https:\\\/\\\/secure.gravatar.com\\\/avatar\\\/4c81fed838786e9b53f540bf46533e750f5d292099ae3b66cfc6fb1982e29df7?s=96&d=mm&r=g\",\"caption\":\"admin\"},\"description\":\"admin\",\"url\":\"https:\\\/\\\/lasentinelle.dz\\\/author\\\/admin\\\/\"}]}<\/script>\n<!-- \/ Yoast SEO plugin. -->","yoast_head_json":{"title":"V\u00e9hicules import\u00e9s\u00a0:\u00a0Les prix sous la loupe - La Sentinelle","robots":{"index":"index","follow":"follow","max-snippet":"max-snippet:-1","max-image-preview":"max-image-preview:large","max-video-preview":"max-video-preview:-1"},"canonical":"https:\/\/lasentinelle.dz\/index.php\/2025\/07\/24\/vehicules-importes-les-prix-sous-la-loupe\/","og_locale":"fr_FR","og_type":"article","og_title":"V\u00e9hicules import\u00e9s\u00a0:\u00a0Les prix sous la loupe - La Sentinelle","og_description":"L&rsquo;administration douani\u00e8re&nbsp;vient de red\u00e9finir&nbsp;radicalement les modalit\u00e9s d&rsquo;\u00e9valuation des v\u00e9hicules import\u00e9s par les particuliers. Cette mesure, entr\u00e9e en vigueur le 21","og_url":"https:\/\/lasentinelle.dz\/index.php\/2025\/07\/24\/vehicules-importes-les-prix-sous-la-loupe\/","og_site_name":"La Sentinelle","article_publisher":"https:\/\/www.facebook.com\/La-Sentinelle-104059864394773","article_published_time":"2025-07-24T13:52:41+00:00","article_modified_time":"2025-07-26T13:53:11+00:00","og_image":[{"width":700,"height":400,"url":"https:\/\/lasentinelle.dz\/wp-content\/uploads\/2025\/07\/Voitures.jpeg","type":"image\/jpeg"}],"author":"admin","twitter_card":"summary_large_image","twitter_misc":{"\u00c9crit par":"admin","Dur\u00e9e de lecture estim\u00e9e":"4 minutes"},"schema":{"@context":"https:\/\/schema.org","@graph":[{"@type":"Article","@id":"https:\/\/lasentinelle.dz\/index.php\/2025\/07\/24\/vehicules-importes-les-prix-sous-la-loupe\/#article","isPartOf":{"@id":"https:\/\/lasentinelle.dz\/index.php\/2025\/07\/24\/vehicules-importes-les-prix-sous-la-loupe\/"},"author":{"name":"admin","@id":"https:\/\/lasentinelle.dz\/#\/schema\/person\/729ee0024f24e0b8c5ec17232f8e8b41"},"headline":"V\u00e9hicules import\u00e9s\u00a0:\u00a0Les prix sous la loupe","datePublished":"2025-07-24T13:52:41+00:00","dateModified":"2025-07-26T13:53:11+00:00","mainEntityOfPage":{"@id":"https:\/\/lasentinelle.dz\/index.php\/2025\/07\/24\/vehicules-importes-les-prix-sous-la-loupe\/"},"wordCount":824,"commentCount":0,"publisher":{"@id":"https:\/\/lasentinelle.dz\/#organization"},"image":{"@id":"https:\/\/lasentinelle.dz\/index.php\/2025\/07\/24\/vehicules-importes-les-prix-sous-la-loupe\/#primaryimage"},"thumbnailUrl":"https:\/\/lasentinelle.dz\/wp-content\/uploads\/2025\/07\/Voitures.jpeg","articleSection":["\u00c0 la Une","\u00c9conomie"],"inLanguage":"fr-FR","potentialAction":[{"@type":"CommentAction","name":"Comment","target":["https:\/\/lasentinelle.dz\/index.php\/2025\/07\/24\/vehicules-importes-les-prix-sous-la-loupe\/#respond"]}]},{"@type":"WebPage","@id":"https:\/\/lasentinelle.dz\/index.php\/2025\/07\/24\/vehicules-importes-les-prix-sous-la-loupe\/","url":"https:\/\/lasentinelle.dz\/index.php\/2025\/07\/24\/vehicules-importes-les-prix-sous-la-loupe\/","name":"V\u00e9hicules import\u00e9s\u00a0:\u00a0Les prix sous la loupe - La Sentinelle","isPartOf":{"@id":"https:\/\/lasentinelle.dz\/#website"},"primaryImageOfPage":{"@id":"https:\/\/lasentinelle.dz\/index.php\/2025\/07\/24\/vehicules-importes-les-prix-sous-la-loupe\/#primaryimage"},"image":{"@id":"https:\/\/lasentinelle.dz\/index.php\/2025\/07\/24\/vehicules-importes-les-prix-sous-la-loupe\/#primaryimage"},"thumbnailUrl":"https:\/\/lasentinelle.dz\/wp-content\/uploads\/2025\/07\/Voitures.jpeg","datePublished":"2025-07-24T13:52:41+00:00","dateModified":"2025-07-26T13:53:11+00:00","breadcrumb":{"@id":"https:\/\/lasentinelle.dz\/index.php\/2025\/07\/24\/vehicules-importes-les-prix-sous-la-loupe\/#breadcrumb"},"inLanguage":"fr-FR","potentialAction":[{"@type":"ReadAction","target":["https:\/\/lasentinelle.dz\/index.php\/2025\/07\/24\/vehicules-importes-les-prix-sous-la-loupe\/"]}]},{"@type":"ImageObject","inLanguage":"fr-FR","@id":"https:\/\/lasentinelle.dz\/index.php\/2025\/07\/24\/vehicules-importes-les-prix-sous-la-loupe\/#primaryimage","url":"https:\/\/lasentinelle.dz\/wp-content\/uploads\/2025\/07\/Voitures.jpeg","contentUrl":"https:\/\/lasentinelle.dz\/wp-content\/uploads\/2025\/07\/Voitures.jpeg","width":700,"height":400},{"@type":"BreadcrumbList","@id":"https:\/\/lasentinelle.dz\/index.php\/2025\/07\/24\/vehicules-importes-les-prix-sous-la-loupe\/#breadcrumb","itemListElement":[{"@type":"ListItem","position":1,"name":"Accueil","item":"https:\/\/lasentinelle.dz\/"},{"@type":"ListItem","position":2,"name":"V\u00e9hicules import\u00e9s\u00a0:\u00a0Les prix sous la loupe"}]},{"@type":"WebSite","@id":"https:\/\/lasentinelle.dz\/#website","url":"https:\/\/lasentinelle.dz\/","name":"La Sentinelle","description":"Quotidien national d&#039;information","publisher":{"@id":"https:\/\/lasentinelle.dz\/#organization"},"potentialAction":[{"@type":"SearchAction","target":{"@type":"EntryPoint","urlTemplate":"https:\/\/lasentinelle.dz\/?s={search_term_string}"},"query-input":{"@type":"PropertyValueSpecification","valueRequired":true,"valueName":"search_term_string"}}],"inLanguage":"fr-FR"},{"@type":"Organization","@id":"https:\/\/lasentinelle.dz\/#organization","name":"Quotidien La Sentinelle","url":"https:\/\/lasentinelle.dz\/","logo":{"@type":"ImageObject","inLanguage":"fr-FR","@id":"https:\/\/lasentinelle.dz\/#\/schema\/logo\/image\/","url":"https:\/\/lasentinelle.dz\/wp-content\/uploads\/2021\/09\/logo-sentinelleSLOGAN-1.png","contentUrl":"https:\/\/lasentinelle.dz\/wp-content\/uploads\/2021\/09\/logo-sentinelleSLOGAN-1.png","width":615,"height":142,"caption":"Quotidien La Sentinelle"},"image":{"@id":"https:\/\/lasentinelle.dz\/#\/schema\/logo\/image\/"},"sameAs":["https:\/\/www.facebook.com\/La-Sentinelle-104059864394773"]},{"@type":"Person","@id":"https:\/\/lasentinelle.dz\/#\/schema\/person\/729ee0024f24e0b8c5ec17232f8e8b41","name":"admin","image":{"@type":"ImageObject","inLanguage":"fr-FR","@id":"https:\/\/secure.gravatar.com\/avatar\/4c81fed838786e9b53f540bf46533e750f5d292099ae3b66cfc6fb1982e29df7?s=96&d=mm&r=g","url":"https:\/\/secure.gravatar.com\/avatar\/4c81fed838786e9b53f540bf46533e750f5d292099ae3b66cfc6fb1982e29df7?s=96&d=mm&r=g","contentUrl":"https:\/\/secure.gravatar.com\/avatar\/4c81fed838786e9b53f540bf46533e750f5d292099ae3b66cfc6fb1982e29df7?s=96&d=mm&r=g","caption":"admin"},"description":"admin","url":"https:\/\/lasentinelle.dz\/author\/admin\/"}]}},"_links":{"self":[{"href":"https:\/\/lasentinelle.dz\/index.php\/wp-json\/wp\/v2\/posts\/70895","targetHints":{"allow":["GET"]}}],"collection":[{"href":"https:\/\/lasentinelle.dz\/index.php\/wp-json\/wp\/v2\/posts"}],"about":[{"href":"https:\/\/lasentinelle.dz\/index.php\/wp-json\/wp\/v2\/types\/post"}],"author":[{"embeddable":true,"href":"https:\/\/lasentinelle.dz\/index.php\/wp-json\/wp\/v2\/users\/6"}],"replies":[{"embeddable":true,"href":"https:\/\/lasentinelle.dz\/index.php\/wp-json\/wp\/v2\/comments?post=70895"}],"version-history":[{"count":1,"href":"https:\/\/lasentinelle.dz\/index.php\/wp-json\/wp\/v2\/posts\/70895\/revisions"}],"predecessor-version":[{"id":70897,"href":"https:\/\/lasentinelle.dz\/index.php\/wp-json\/wp\/v2\/posts\/70895\/revisions\/70897"}],"wp:featuredmedia":[{"embeddable":true,"href":"https:\/\/lasentinelle.dz\/index.php\/wp-json\/wp\/v2\/media\/70896"}],"wp:attachment":[{"href":"https:\/\/lasentinelle.dz\/index.php\/wp-json\/wp\/v2\/media?parent=70895"}],"wp:term":[{"taxonomy":"category","embeddable":true,"href":"https:\/\/lasentinelle.dz\/index.php\/wp-json\/wp\/v2\/categories?post=70895"},{"taxonomy":"post_tag","embeddable":true,"href":"https:\/\/lasentinelle.dz\/index.php\/wp-json\/wp\/v2\/tags?post=70895"}],"curies":[{"name":"wp","href":"https:\/\/api.w.org\/{rel}","templated":true}]}}