{"id":70898,"date":"2025-07-24T14:53:40","date_gmt":"2025-07-24T13:53:40","guid":{"rendered":"https:\/\/lasentinelle.dz\/?p=70898"},"modified":"2025-07-26T14:55:35","modified_gmt":"2025-07-26T13:55:35","slug":"algerie-rwanda-signature-dun-protocole-de-cooperation-militaire","status":"publish","type":"post","link":"https:\/\/lasentinelle.dz\/index.php\/2025\/07\/24\/algerie-rwanda-signature-dun-protocole-de-cooperation-militaire\/","title":{"rendered":"Alg\u00e9rie-Rwanda\u00a0:\u00a0Signature d&rsquo;un protocole de coop\u00e9ration militaire\u00a0"},"content":{"rendered":"\n<p>Le G\u00e9n\u00e9ral d&rsquo;Arm\u00e9e Sa\u00efd Chenegriha, Chef d&rsquo;\u00c9tat-major de l&rsquo;Arm\u00e9e nationale populaire (ANP), a re\u00e7u mercredi au si\u00e8ge de l&rsquo;\u00c9tat-major le ministre rwandais de la D\u00e9fense, Juvenal Marizamunda, en visite officielle \u00e0 la t\u00eate d&rsquo;une d\u00e9l\u00e9gation militaire de haut niveau.&nbsp;Cette rencontre, marqu\u00e9e par les protocoles d&rsquo;usage avec salut aux drapeaux et hymnes nationaux, s&rsquo;est d\u00e9roul\u00e9e en pr\u00e9sence des principaux responsables militaires alg\u00e9riens et des membres de la d\u00e9l\u00e9gation rwandaise.&nbsp;Les deux parties ont examin\u00e9 les opportunit\u00e9s de coop\u00e9ration militaire bilat\u00e9rale et les moyens de renforcer la coordination sur les questions d&rsquo;int\u00e9r\u00eat commun, ainsi que les d\u00e9fis s\u00e9curitaires en Afrique et dans le monde.<\/p>\n\n\n\n<p>Le G\u00e9n\u00e9ral d&rsquo;Arm\u00e9e Chenegriha a soulign\u00e9 la nouvelle dynamique des relations alg\u00e9ro-rwandaises : \u00ab Les relations alg\u00e9ro-rwandaises ont connu, ces derni\u00e8res ann\u00e9es, une nouvelle dynamique marqu\u00e9e par des \u00e9changes de visites entre les responsables des deux pays, la derni\u00e8re \u00e9tant la visite officielle effectu\u00e9e par le pr\u00e9sident de la R\u00e9publique du Rwanda, M. Paul Kagam\u00e9, \u00e0 Alger en juin dernier. \u00bb&nbsp;\u00ab Cette visite a ouvert des horizons prometteurs pour la coop\u00e9ration bilat\u00e9rale dans les diff\u00e9rents domaines, y compris militaire et s\u00e9curitaire, de m\u00eame qu&rsquo;elle a favoris\u00e9 un rapprochement actif entre nos deux pays, notamment en termes de partage des exp\u00e9riences et des bonnes pratiques, ainsi que de coordination pour faire face aux diff\u00e9rents d\u00e9fis qui s&rsquo;imposent \u00e0 notre continent \u00bb, a-t-il ajout\u00e9.&nbsp;Le point culminant de cette rencontre a \u00e9t\u00e9 la signature du protocole d&rsquo;accord intergouvernemental conjoint alg\u00e9ro-rwandais de coop\u00e9ration dans le domaine militaire. \u00ab Notre rencontre d&rsquo;aujourd&rsquo;hui, qui conna\u00eetra la signature du protocole d&rsquo;accord intergouvernemental conjoint alg\u00e9ro-rwandais de coop\u00e9ration dans le domaine militaire, confirme la volont\u00e9 des dirigeants des deux pays \u00e0 promouvoir les relations bilat\u00e9rales au niveau d&rsquo;exemplarit\u00e9 \u00bb, a d\u00e9clar\u00e9 le Chef d&rsquo;\u00c9tat-major de l&rsquo;ANP.<\/p>\n\n\n\n<p>Le G\u00e9n\u00e9ral d&rsquo;Arm\u00e9e a exprim\u00e9 \u00ab les sentiments de gratitude et de consid\u00e9ration \u00e0 l&rsquo;\u00e9quipe alg\u00e9ro-rwandaise qui a contribu\u00e9 \u00e0 l&rsquo;\u00e9laboration de cet instrument juridique, qui permettra sans aucun doute de conf\u00e9rer une dynamique exceptionnelle et efficace au domaine de la coop\u00e9ration militaire bilat\u00e9rale. \u00bb&nbsp;De son c\u00f4t\u00e9, le ministre rwandais Juvenal Marizamunda a exprim\u00e9 ses remerciements pour l&rsquo;accueil r\u00e9serv\u00e9 \u00e0 sa d\u00e9l\u00e9gation et affich\u00e9 sa satisfaction de la volont\u00e9 alg\u00e9rienne de consolider les relations de coop\u00e9ration entre les deux pays, \u00ab de mani\u00e8re \u00e0 contribuer au renforcement de la s\u00e9curit\u00e9 et de la stabilit\u00e9 dans le continent africain \u00bb.<\/p>\n\n\n\n<p>Chokri Hafed<\/p>\n","protected":false},"excerpt":{"rendered":"<p>Le G\u00e9n\u00e9ral d&rsquo;Arm\u00e9e Sa\u00efd Chenegriha, Chef d&rsquo;\u00c9tat-major de l&rsquo;Arm\u00e9e nationale populaire (ANP), a re\u00e7u mercredi au si\u00e8ge de l&rsquo;\u00c9tat-major le<\/p>\n","protected":false},"author":6,"featured_media":70899,"comment_status":"open","ping_status":"closed","sticky":false,"template":"","format":"standard","meta":{"colormag_page_container_layout":"default_layout","colormag_page_sidebar_layout":"default_layout","om_disable_all_campaigns":false,"_monsterinsights_skip_tracking":false,"_monsterinsights_sitenote_active":false,"_monsterinsights_sitenote_note":"","_monsterinsights_sitenote_category":0,"footnotes":"","_wpscppro_dont_share_socialmedia":false,"_wpscppro_custom_social_share_image":0,"_facebook_share_type":"default","_twitter_share_type":"default","_linkedin_share_type":"default","_pinterest_share_type":"default","_linkedin_share_type_page":"","_instagram_share_type":"default","_medium_share_type":"default","_threads_share_type":"","_google_business_share_type":"","_selected_social_profile":[],"_wpsp_enable_custom_social_template":false,"_wpsp_social_scheduling":{"enabled":false,"datetime":null,"platforms":[],"status":"template_only","dateOption":"today","timeOption":"now","customDays":"","customHours":"","customDate":"","customTime":"","schedulingType":"absolute"},"_wpsp_active_default_template":true},"categories":[27],"tags":[],"class_list":["post-70898","post","type-post","status-publish","format-standard","has-post-thumbnail","hentry","category-actualite"],"aioseo_notices":[],"yoast_head":"<!-- This site is optimized with the Yoast SEO plugin v27.5 - https:\/\/yoast.com\/product\/yoast-seo-wordpress\/ -->\n<title>Alg\u00e9rie-Rwanda\u00a0:\u00a0Signature d&rsquo;un protocole de coop\u00e9ration militaire\u00a0 - La Sentinelle<\/title>\n<meta name=\"robots\" content=\"index, follow, max-snippet:-1, max-image-preview:large, max-video-preview:-1\" \/>\n<link rel=\"canonical\" href=\"https:\/\/lasentinelle.dz\/index.php\/2025\/07\/24\/algerie-rwanda-signature-dun-protocole-de-cooperation-militaire\/\" \/>\n<meta property=\"og:locale\" content=\"fr_FR\" \/>\n<meta property=\"og:type\" content=\"article\" \/>\n<meta property=\"og:title\" content=\"Alg\u00e9rie-Rwanda\u00a0:\u00a0Signature d&rsquo;un protocole de coop\u00e9ration militaire\u00a0 - La Sentinelle\" \/>\n<meta property=\"og:description\" content=\"Le G\u00e9n\u00e9ral d&rsquo;Arm\u00e9e Sa\u00efd Chenegriha, Chef d&rsquo;\u00c9tat-major de l&rsquo;Arm\u00e9e nationale populaire (ANP), a re\u00e7u mercredi au si\u00e8ge de l&rsquo;\u00c9tat-major le\" \/>\n<meta property=\"og:url\" content=\"https:\/\/lasentinelle.dz\/index.php\/2025\/07\/24\/algerie-rwanda-signature-dun-protocole-de-cooperation-militaire\/\" \/>\n<meta property=\"og:site_name\" content=\"La Sentinelle\" \/>\n<meta property=\"article:publisher\" content=\"https:\/\/www.facebook.com\/La-Sentinelle-104059864394773\" \/>\n<meta property=\"article:published_time\" content=\"2025-07-24T13:53:40+00:00\" \/>\n<meta property=\"article:modified_time\" content=\"2025-07-26T13:55:35+00:00\" \/>\n<meta property=\"og:image\" content=\"https:\/\/lasentinelle.dz\/wp-content\/uploads\/2025\/07\/cem23072025_7.jpeg\" \/>\n\t<meta property=\"og:image:width\" content=\"800\" \/>\n\t<meta property=\"og:image:height\" content=\"533\" \/>\n\t<meta property=\"og:image:type\" content=\"image\/jpeg\" \/>\n<meta name=\"author\" content=\"admin\" \/>\n<meta name=\"twitter:card\" content=\"summary_large_image\" \/>\n<meta name=\"twitter:label1\" content=\"\u00c9crit par\" \/>\n\t<meta name=\"twitter:data1\" content=\"admin\" \/>\n\t<meta name=\"twitter:label2\" content=\"Dur\u00e9e de lecture estim\u00e9e\" \/>\n\t<meta name=\"twitter:data2\" content=\"3 minutes\" \/>\n<script type=\"application\/ld+json\" class=\"yoast-schema-graph\">{\"@context\":\"https:\\\/\\\/schema.org\",\"@graph\":[{\"@type\":\"Article\",\"@id\":\"https:\\\/\\\/lasentinelle.dz\\\/index.php\\\/2025\\\/07\\\/24\\\/algerie-rwanda-signature-dun-protocole-de-cooperation-militaire\\\/#article\",\"isPartOf\":{\"@id\":\"https:\\\/\\\/lasentinelle.dz\\\/index.php\\\/2025\\\/07\\\/24\\\/algerie-rwanda-signature-dun-protocole-de-cooperation-militaire\\\/\"},\"author\":{\"name\":\"admin\",\"@id\":\"https:\\\/\\\/lasentinelle.dz\\\/#\\\/schema\\\/person\\\/729ee0024f24e0b8c5ec17232f8e8b41\"},\"headline\":\"Alg\u00e9rie-Rwanda\u00a0:\u00a0Signature d&rsquo;un protocole de coop\u00e9ration militaire\u00a0\",\"datePublished\":\"2025-07-24T13:53:40+00:00\",\"dateModified\":\"2025-07-26T13:55:35+00:00\",\"mainEntityOfPage\":{\"@id\":\"https:\\\/\\\/lasentinelle.dz\\\/index.php\\\/2025\\\/07\\\/24\\\/algerie-rwanda-signature-dun-protocole-de-cooperation-militaire\\\/\"},\"wordCount\":481,\"commentCount\":0,\"publisher\":{\"@id\":\"https:\\\/\\\/lasentinelle.dz\\\/#organization\"},\"image\":{\"@id\":\"https:\\\/\\\/lasentinelle.dz\\\/index.php\\\/2025\\\/07\\\/24\\\/algerie-rwanda-signature-dun-protocole-de-cooperation-militaire\\\/#primaryimage\"},\"thumbnailUrl\":\"https:\\\/\\\/lasentinelle.dz\\\/wp-content\\\/uploads\\\/2025\\\/07\\\/cem23072025_7.jpeg\",\"articleSection\":[\"Actualit\u00e9\"],\"inLanguage\":\"fr-FR\",\"potentialAction\":[{\"@type\":\"CommentAction\",\"name\":\"Comment\",\"target\":[\"https:\\\/\\\/lasentinelle.dz\\\/index.php\\\/2025\\\/07\\\/24\\\/algerie-rwanda-signature-dun-protocole-de-cooperation-militaire\\\/#respond\"]}]},{\"@type\":\"WebPage\",\"@id\":\"https:\\\/\\\/lasentinelle.dz\\\/index.php\\\/2025\\\/07\\\/24\\\/algerie-rwanda-signature-dun-protocole-de-cooperation-militaire\\\/\",\"url\":\"https:\\\/\\\/lasentinelle.dz\\\/index.php\\\/2025\\\/07\\\/24\\\/algerie-rwanda-signature-dun-protocole-de-cooperation-militaire\\\/\",\"name\":\"Alg\u00e9rie-Rwanda\u00a0:\u00a0Signature d&rsquo;un protocole de coop\u00e9ration militaire\u00a0 - La Sentinelle\",\"isPartOf\":{\"@id\":\"https:\\\/\\\/lasentinelle.dz\\\/#website\"},\"primaryImageOfPage\":{\"@id\":\"https:\\\/\\\/lasentinelle.dz\\\/index.php\\\/2025\\\/07\\\/24\\\/algerie-rwanda-signature-dun-protocole-de-cooperation-militaire\\\/#primaryimage\"},\"image\":{\"@id\":\"https:\\\/\\\/lasentinelle.dz\\\/index.php\\\/2025\\\/07\\\/24\\\/algerie-rwanda-signature-dun-protocole-de-cooperation-militaire\\\/#primaryimage\"},\"thumbnailUrl\":\"https:\\\/\\\/lasentinelle.dz\\\/wp-content\\\/uploads\\\/2025\\\/07\\\/cem23072025_7.jpeg\",\"datePublished\":\"2025-07-24T13:53:40+00:00\",\"dateModified\":\"2025-07-26T13:55:35+00:00\",\"breadcrumb\":{\"@id\":\"https:\\\/\\\/lasentinelle.dz\\\/index.php\\\/2025\\\/07\\\/24\\\/algerie-rwanda-signature-dun-protocole-de-cooperation-militaire\\\/#breadcrumb\"},\"inLanguage\":\"fr-FR\",\"potentialAction\":[{\"@type\":\"ReadAction\",\"target\":[\"https:\\\/\\\/lasentinelle.dz\\\/index.php\\\/2025\\\/07\\\/24\\\/algerie-rwanda-signature-dun-protocole-de-cooperation-militaire\\\/\"]}]},{\"@type\":\"ImageObject\",\"inLanguage\":\"fr-FR\",\"@id\":\"https:\\\/\\\/lasentinelle.dz\\\/index.php\\\/2025\\\/07\\\/24\\\/algerie-rwanda-signature-dun-protocole-de-cooperation-militaire\\\/#primaryimage\",\"url\":\"https:\\\/\\\/lasentinelle.dz\\\/wp-content\\\/uploads\\\/2025\\\/07\\\/cem23072025_7.jpeg\",\"contentUrl\":\"https:\\\/\\\/lasentinelle.dz\\\/wp-content\\\/uploads\\\/2025\\\/07\\\/cem23072025_7.jpeg\",\"width\":800,\"height\":533},{\"@type\":\"BreadcrumbList\",\"@id\":\"https:\\\/\\\/lasentinelle.dz\\\/index.php\\\/2025\\\/07\\\/24\\\/algerie-rwanda-signature-dun-protocole-de-cooperation-militaire\\\/#breadcrumb\",\"itemListElement\":[{\"@type\":\"ListItem\",\"position\":1,\"name\":\"Accueil\",\"item\":\"https:\\\/\\\/lasentinelle.dz\\\/\"},{\"@type\":\"ListItem\",\"position\":2,\"name\":\"Alg\u00e9rie-Rwanda\u00a0:\u00a0Signature d&rsquo;un protocole de coop\u00e9ration militaire\u00a0\"}]},{\"@type\":\"WebSite\",\"@id\":\"https:\\\/\\\/lasentinelle.dz\\\/#website\",\"url\":\"https:\\\/\\\/lasentinelle.dz\\\/\",\"name\":\"La Sentinelle\",\"description\":\"Quotidien national d&#039;information\",\"publisher\":{\"@id\":\"https:\\\/\\\/lasentinelle.dz\\\/#organization\"},\"potentialAction\":[{\"@type\":\"SearchAction\",\"target\":{\"@type\":\"EntryPoint\",\"urlTemplate\":\"https:\\\/\\\/lasentinelle.dz\\\/?s={search_term_string}\"},\"query-input\":{\"@type\":\"PropertyValueSpecification\",\"valueRequired\":true,\"valueName\":\"search_term_string\"}}],\"inLanguage\":\"fr-FR\"},{\"@type\":\"Organization\",\"@id\":\"https:\\\/\\\/lasentinelle.dz\\\/#organization\",\"name\":\"Quotidien La Sentinelle\",\"url\":\"https:\\\/\\\/lasentinelle.dz\\\/\",\"logo\":{\"@type\":\"ImageObject\",\"inLanguage\":\"fr-FR\",\"@id\":\"https:\\\/\\\/lasentinelle.dz\\\/#\\\/schema\\\/logo\\\/image\\\/\",\"url\":\"https:\\\/\\\/lasentinelle.dz\\\/wp-content\\\/uploads\\\/2021\\\/09\\\/logo-sentinelleSLOGAN-1.png\",\"contentUrl\":\"https:\\\/\\\/lasentinelle.dz\\\/wp-content\\\/uploads\\\/2021\\\/09\\\/logo-sentinelleSLOGAN-1.png\",\"width\":615,\"height\":142,\"caption\":\"Quotidien La Sentinelle\"},\"image\":{\"@id\":\"https:\\\/\\\/lasentinelle.dz\\\/#\\\/schema\\\/logo\\\/image\\\/\"},\"sameAs\":[\"https:\\\/\\\/www.facebook.com\\\/La-Sentinelle-104059864394773\"]},{\"@type\":\"Person\",\"@id\":\"https:\\\/\\\/lasentinelle.dz\\\/#\\\/schema\\\/person\\\/729ee0024f24e0b8c5ec17232f8e8b41\",\"name\":\"admin\",\"image\":{\"@type\":\"ImageObject\",\"inLanguage\":\"fr-FR\",\"@id\":\"https:\\\/\\\/secure.gravatar.com\\\/avatar\\\/4c81fed838786e9b53f540bf46533e750f5d292099ae3b66cfc6fb1982e29df7?s=96&d=mm&r=g\",\"url\":\"https:\\\/\\\/secure.gravatar.com\\\/avatar\\\/4c81fed838786e9b53f540bf46533e750f5d292099ae3b66cfc6fb1982e29df7?s=96&d=mm&r=g\",\"contentUrl\":\"https:\\\/\\\/secure.gravatar.com\\\/avatar\\\/4c81fed838786e9b53f540bf46533e750f5d292099ae3b66cfc6fb1982e29df7?s=96&d=mm&r=g\",\"caption\":\"admin\"},\"description\":\"admin\",\"url\":\"https:\\\/\\\/lasentinelle.dz\\\/author\\\/admin\\\/\"}]}<\/script>\n<!-- \/ Yoast SEO plugin. -->","yoast_head_json":{"title":"Alg\u00e9rie-Rwanda\u00a0:\u00a0Signature d&rsquo;un protocole de coop\u00e9ration militaire\u00a0 - La Sentinelle","robots":{"index":"index","follow":"follow","max-snippet":"max-snippet:-1","max-image-preview":"max-image-preview:large","max-video-preview":"max-video-preview:-1"},"canonical":"https:\/\/lasentinelle.dz\/index.php\/2025\/07\/24\/algerie-rwanda-signature-dun-protocole-de-cooperation-militaire\/","og_locale":"fr_FR","og_type":"article","og_title":"Alg\u00e9rie-Rwanda\u00a0:\u00a0Signature d&rsquo;un protocole de coop\u00e9ration militaire\u00a0 - La Sentinelle","og_description":"Le G\u00e9n\u00e9ral d&rsquo;Arm\u00e9e Sa\u00efd Chenegriha, Chef d&rsquo;\u00c9tat-major de l&rsquo;Arm\u00e9e nationale populaire (ANP), a re\u00e7u mercredi au si\u00e8ge de l&rsquo;\u00c9tat-major le","og_url":"https:\/\/lasentinelle.dz\/index.php\/2025\/07\/24\/algerie-rwanda-signature-dun-protocole-de-cooperation-militaire\/","og_site_name":"La Sentinelle","article_publisher":"https:\/\/www.facebook.com\/La-Sentinelle-104059864394773","article_published_time":"2025-07-24T13:53:40+00:00","article_modified_time":"2025-07-26T13:55:35+00:00","og_image":[{"width":800,"height":533,"url":"https:\/\/lasentinelle.dz\/wp-content\/uploads\/2025\/07\/cem23072025_7.jpeg","type":"image\/jpeg"}],"author":"admin","twitter_card":"summary_large_image","twitter_misc":{"\u00c9crit par":"admin","Dur\u00e9e de lecture estim\u00e9e":"3 minutes"},"schema":{"@context":"https:\/\/schema.org","@graph":[{"@type":"Article","@id":"https:\/\/lasentinelle.dz\/index.php\/2025\/07\/24\/algerie-rwanda-signature-dun-protocole-de-cooperation-militaire\/#article","isPartOf":{"@id":"https:\/\/lasentinelle.dz\/index.php\/2025\/07\/24\/algerie-rwanda-signature-dun-protocole-de-cooperation-militaire\/"},"author":{"name":"admin","@id":"https:\/\/lasentinelle.dz\/#\/schema\/person\/729ee0024f24e0b8c5ec17232f8e8b41"},"headline":"Alg\u00e9rie-Rwanda\u00a0:\u00a0Signature d&rsquo;un protocole de coop\u00e9ration militaire\u00a0","datePublished":"2025-07-24T13:53:40+00:00","dateModified":"2025-07-26T13:55:35+00:00","mainEntityOfPage":{"@id":"https:\/\/lasentinelle.dz\/index.php\/2025\/07\/24\/algerie-rwanda-signature-dun-protocole-de-cooperation-militaire\/"},"wordCount":481,"commentCount":0,"publisher":{"@id":"https:\/\/lasentinelle.dz\/#organization"},"image":{"@id":"https:\/\/lasentinelle.dz\/index.php\/2025\/07\/24\/algerie-rwanda-signature-dun-protocole-de-cooperation-militaire\/#primaryimage"},"thumbnailUrl":"https:\/\/lasentinelle.dz\/wp-content\/uploads\/2025\/07\/cem23072025_7.jpeg","articleSection":["Actualit\u00e9"],"inLanguage":"fr-FR","potentialAction":[{"@type":"CommentAction","name":"Comment","target":["https:\/\/lasentinelle.dz\/index.php\/2025\/07\/24\/algerie-rwanda-signature-dun-protocole-de-cooperation-militaire\/#respond"]}]},{"@type":"WebPage","@id":"https:\/\/lasentinelle.dz\/index.php\/2025\/07\/24\/algerie-rwanda-signature-dun-protocole-de-cooperation-militaire\/","url":"https:\/\/lasentinelle.dz\/index.php\/2025\/07\/24\/algerie-rwanda-signature-dun-protocole-de-cooperation-militaire\/","name":"Alg\u00e9rie-Rwanda\u00a0:\u00a0Signature d&rsquo;un protocole de coop\u00e9ration militaire\u00a0 - La Sentinelle","isPartOf":{"@id":"https:\/\/lasentinelle.dz\/#website"},"primaryImageOfPage":{"@id":"https:\/\/lasentinelle.dz\/index.php\/2025\/07\/24\/algerie-rwanda-signature-dun-protocole-de-cooperation-militaire\/#primaryimage"},"image":{"@id":"https:\/\/lasentinelle.dz\/index.php\/2025\/07\/24\/algerie-rwanda-signature-dun-protocole-de-cooperation-militaire\/#primaryimage"},"thumbnailUrl":"https:\/\/lasentinelle.dz\/wp-content\/uploads\/2025\/07\/cem23072025_7.jpeg","datePublished":"2025-07-24T13:53:40+00:00","dateModified":"2025-07-26T13:55:35+00:00","breadcrumb":{"@id":"https:\/\/lasentinelle.dz\/index.php\/2025\/07\/24\/algerie-rwanda-signature-dun-protocole-de-cooperation-militaire\/#breadcrumb"},"inLanguage":"fr-FR","potentialAction":[{"@type":"ReadAction","target":["https:\/\/lasentinelle.dz\/index.php\/2025\/07\/24\/algerie-rwanda-signature-dun-protocole-de-cooperation-militaire\/"]}]},{"@type":"ImageObject","inLanguage":"fr-FR","@id":"https:\/\/lasentinelle.dz\/index.php\/2025\/07\/24\/algerie-rwanda-signature-dun-protocole-de-cooperation-militaire\/#primaryimage","url":"https:\/\/lasentinelle.dz\/wp-content\/uploads\/2025\/07\/cem23072025_7.jpeg","contentUrl":"https:\/\/lasentinelle.dz\/wp-content\/uploads\/2025\/07\/cem23072025_7.jpeg","width":800,"height":533},{"@type":"BreadcrumbList","@id":"https:\/\/lasentinelle.dz\/index.php\/2025\/07\/24\/algerie-rwanda-signature-dun-protocole-de-cooperation-militaire\/#breadcrumb","itemListElement":[{"@type":"ListItem","position":1,"name":"Accueil","item":"https:\/\/lasentinelle.dz\/"},{"@type":"ListItem","position":2,"name":"Alg\u00e9rie-Rwanda\u00a0:\u00a0Signature d&rsquo;un protocole de coop\u00e9ration militaire\u00a0"}]},{"@type":"WebSite","@id":"https:\/\/lasentinelle.dz\/#website","url":"https:\/\/lasentinelle.dz\/","name":"La Sentinelle","description":"Quotidien national d&#039;information","publisher":{"@id":"https:\/\/lasentinelle.dz\/#organization"},"potentialAction":[{"@type":"SearchAction","target":{"@type":"EntryPoint","urlTemplate":"https:\/\/lasentinelle.dz\/?s={search_term_string}"},"query-input":{"@type":"PropertyValueSpecification","valueRequired":true,"valueName":"search_term_string"}}],"inLanguage":"fr-FR"},{"@type":"Organization","@id":"https:\/\/lasentinelle.dz\/#organization","name":"Quotidien La Sentinelle","url":"https:\/\/lasentinelle.dz\/","logo":{"@type":"ImageObject","inLanguage":"fr-FR","@id":"https:\/\/lasentinelle.dz\/#\/schema\/logo\/image\/","url":"https:\/\/lasentinelle.dz\/wp-content\/uploads\/2021\/09\/logo-sentinelleSLOGAN-1.png","contentUrl":"https:\/\/lasentinelle.dz\/wp-content\/uploads\/2021\/09\/logo-sentinelleSLOGAN-1.png","width":615,"height":142,"caption":"Quotidien La Sentinelle"},"image":{"@id":"https:\/\/lasentinelle.dz\/#\/schema\/logo\/image\/"},"sameAs":["https:\/\/www.facebook.com\/La-Sentinelle-104059864394773"]},{"@type":"Person","@id":"https:\/\/lasentinelle.dz\/#\/schema\/person\/729ee0024f24e0b8c5ec17232f8e8b41","name":"admin","image":{"@type":"ImageObject","inLanguage":"fr-FR","@id":"https:\/\/secure.gravatar.com\/avatar\/4c81fed838786e9b53f540bf46533e750f5d292099ae3b66cfc6fb1982e29df7?s=96&d=mm&r=g","url":"https:\/\/secure.gravatar.com\/avatar\/4c81fed838786e9b53f540bf46533e750f5d292099ae3b66cfc6fb1982e29df7?s=96&d=mm&r=g","contentUrl":"https:\/\/secure.gravatar.com\/avatar\/4c81fed838786e9b53f540bf46533e750f5d292099ae3b66cfc6fb1982e29df7?s=96&d=mm&r=g","caption":"admin"},"description":"admin","url":"https:\/\/lasentinelle.dz\/author\/admin\/"}]}},"_links":{"self":[{"href":"https:\/\/lasentinelle.dz\/index.php\/wp-json\/wp\/v2\/posts\/70898","targetHints":{"allow":["GET"]}}],"collection":[{"href":"https:\/\/lasentinelle.dz\/index.php\/wp-json\/wp\/v2\/posts"}],"about":[{"href":"https:\/\/lasentinelle.dz\/index.php\/wp-json\/wp\/v2\/types\/post"}],"author":[{"embeddable":true,"href":"https:\/\/lasentinelle.dz\/index.php\/wp-json\/wp\/v2\/users\/6"}],"replies":[{"embeddable":true,"href":"https:\/\/lasentinelle.dz\/index.php\/wp-json\/wp\/v2\/comments?post=70898"}],"version-history":[{"count":2,"href":"https:\/\/lasentinelle.dz\/index.php\/wp-json\/wp\/v2\/posts\/70898\/revisions"}],"predecessor-version":[{"id":70901,"href":"https:\/\/lasentinelle.dz\/index.php\/wp-json\/wp\/v2\/posts\/70898\/revisions\/70901"}],"wp:featuredmedia":[{"embeddable":true,"href":"https:\/\/lasentinelle.dz\/index.php\/wp-json\/wp\/v2\/media\/70899"}],"wp:attachment":[{"href":"https:\/\/lasentinelle.dz\/index.php\/wp-json\/wp\/v2\/media?parent=70898"}],"wp:term":[{"taxonomy":"category","embeddable":true,"href":"https:\/\/lasentinelle.dz\/index.php\/wp-json\/wp\/v2\/categories?post=70898"},{"taxonomy":"post_tag","embeddable":true,"href":"https:\/\/lasentinelle.dz\/index.php\/wp-json\/wp\/v2\/tags?post=70898"}],"curies":[{"name":"wp","href":"https:\/\/api.w.org\/{rel}","templated":true}]}}