{"id":70902,"date":"2025-07-24T14:56:19","date_gmt":"2025-07-24T13:56:19","guid":{"rendered":"https:\/\/lasentinelle.dz\/?p=70902"},"modified":"2025-07-26T14:57:00","modified_gmt":"2025-07-26T13:57:00","slug":"sonatrach-et-eni-signent-a-rome-un-protocole-daccord-dans-le-domaine-des-hydrocarbures-et-de-la-transition-energetique","status":"publish","type":"post","link":"https:\/\/lasentinelle.dz\/index.php\/2025\/07\/24\/sonatrach-et-eni-signent-a-rome-un-protocole-daccord-dans-le-domaine-des-hydrocarbures-et-de-la-transition-energetique\/","title":{"rendered":"Sonatrach et Eni signent \u00e0 Rome un protocole d&rsquo;accord dans le domaine des hydrocarbures et de la transition \u00e9nerg\u00e9tique"},"content":{"rendered":"\n<p><strong>Augmenter la production de gaz de 5,5 milliards M3<\/strong><\/p>\n\n\n\n<p>Le groupe Sonatrach et l&rsquo;italien Eni ont sign\u00e9 mercredi \u00e0 Rome, dans le cadre de la visite officielle du pr\u00e9sident de la R\u00e9publique M. Abdelmadjid Tebboune en R\u00e9publique italienne, un protocole d&rsquo;accord visant \u00e0 renforcer la coop\u00e9ration dans le domaine des hydrocarbures, de la transition \u00e9nerg\u00e9tique et des \u00e9nergies renouvelables. Selon un communiqu\u00e9 de Sonatrach, le document de coop\u00e9ration a \u00e9t\u00e9 sign\u00e9 par Rachid Hachichi, Pdg du groupe et Claudio Descalzi, CEO d&rsquo;Eni, lors d&rsquo;une c\u00e9r\u00e9monie copr\u00e9sid\u00e9e par le pr\u00e9sident de la R\u00e9publique, M. Abdelmadjid Tebboune, et Mme Giorgia Meloni, pr\u00e9sidente du Conseil des ministres italien. Le protocole d&rsquo;accord \u00ab\u00a0refl\u00e8te l&rsquo;intention des parties et leur volont\u00e9 commune de renforcer leur coop\u00e9ration dans l&rsquo;objectif d&rsquo;assurer un d\u00e9veloppement \u00e9conomique durable et la s\u00e9curit\u00e9 \u00e9nerg\u00e9tique des deux pays\u00a0\u00bb, souligne la m\u00eame source. A ce titre, souligne le communiqu\u00e9, les deux compagnies s&rsquo;engagent ainsi \u00e0 \u00ab\u00a0consolider leur coop\u00e9ration pour la valorisation des ressources \u00e9nerg\u00e9tiques alg\u00e9riennes, gr\u00e2ce \u00e0 de nouveaux contrats d&rsquo;hydrocarbures visant l&rsquo;augmentation de la production de gaz, ce qui permettra la prorogation des contrats d&rsquo;approvisionnement en gaz pour l&rsquo;exportation vers l&rsquo;Italie\u00a0\u00bb. Concernant le d\u00e9veloppement des \u00e9nergies renouvelables et la transition \u00e9nerg\u00e9tique, Sonatrach et Eni s&rsquo;engagent aussi \u00e0 renforcer leur collaboration dans ce domaine notamment, \u00e0 travers la d\u00e9finition de nouvelles initiatives, indique le communiqu\u00e9. Ce protocole d&rsquo;accord fait suite \u00e0 la r\u00e9cente signature entre Sonatrach et Eni de deux contrats d&rsquo;hydrocarbures sur les p\u00e9rim\u00e8tres de Zemoul El Kbar et de Reggane II, qui, avec les initiatives couvertes par ce protocole, contribueront \u00e0 augmenter la production de gaz de 5,5 milliards de m\u00e8tres cubes par an d&rsquo;ici 2028, rappelle la m\u00eame source.&nbsp;<\/p>\n\n\n\n<p>APS<\/p>\n","protected":false},"excerpt":{"rendered":"<p>Augmenter la production de gaz de 5,5 milliards M3 Le groupe Sonatrach et l&rsquo;italien Eni ont sign\u00e9 mercredi \u00e0 Rome,<\/p>\n","protected":false},"author":6,"featured_media":65366,"comment_status":"open","ping_status":"closed","sticky":false,"template":"","format":"standard","meta":{"colormag_page_container_layout":"default_layout","colormag_page_sidebar_layout":"default_layout","om_disable_all_campaigns":false,"_monsterinsights_skip_tracking":false,"_monsterinsights_sitenote_active":false,"_monsterinsights_sitenote_note":"","_monsterinsights_sitenote_category":0,"footnotes":"","_wpscppro_dont_share_socialmedia":false,"_wpscppro_custom_social_share_image":0,"_facebook_share_type":"default","_twitter_share_type":"default","_linkedin_share_type":"default","_pinterest_share_type":"default","_linkedin_share_type_page":"","_instagram_share_type":"default","_medium_share_type":"default","_threads_share_type":"","_google_business_share_type":"","_selected_social_profile":[],"_wpsp_enable_custom_social_template":false,"_wpsp_social_scheduling":{"enabled":false,"datetime":null,"platforms":[],"status":"template_only","dateOption":"today","timeOption":"now","customDays":"","customHours":"","customDate":"","customTime":"","schedulingType":"absolute"},"_wpsp_active_default_template":true},"categories":[27],"tags":[],"class_list":["post-70902","post","type-post","status-publish","format-standard","has-post-thumbnail","hentry","category-actualite"],"aioseo_notices":[],"yoast_head":"<!-- This site is optimized with the Yoast SEO plugin v27.5 - https:\/\/yoast.com\/product\/yoast-seo-wordpress\/ -->\n<title>Sonatrach et Eni signent \u00e0 Rome un protocole d&rsquo;accord dans le domaine des hydrocarbures et de la transition \u00e9nerg\u00e9tique - La Sentinelle<\/title>\n<meta name=\"robots\" content=\"index, follow, max-snippet:-1, max-image-preview:large, max-video-preview:-1\" \/>\n<link rel=\"canonical\" href=\"https:\/\/lasentinelle.dz\/index.php\/2025\/07\/24\/sonatrach-et-eni-signent-a-rome-un-protocole-daccord-dans-le-domaine-des-hydrocarbures-et-de-la-transition-energetique\/\" \/>\n<meta property=\"og:locale\" content=\"fr_FR\" \/>\n<meta property=\"og:type\" content=\"article\" \/>\n<meta property=\"og:title\" content=\"Sonatrach et Eni signent \u00e0 Rome un protocole d&rsquo;accord dans le domaine des hydrocarbures et de la transition \u00e9nerg\u00e9tique - La Sentinelle\" \/>\n<meta property=\"og:description\" content=\"Augmenter la production de gaz de 5,5 milliards M3 Le groupe Sonatrach et l&rsquo;italien Eni ont sign\u00e9 mercredi \u00e0 Rome,\" \/>\n<meta property=\"og:url\" content=\"https:\/\/lasentinelle.dz\/index.php\/2025\/07\/24\/sonatrach-et-eni-signent-a-rome-un-protocole-daccord-dans-le-domaine-des-hydrocarbures-et-de-la-transition-energetique\/\" \/>\n<meta property=\"og:site_name\" content=\"La Sentinelle\" \/>\n<meta property=\"article:publisher\" content=\"https:\/\/www.facebook.com\/La-Sentinelle-104059864394773\" \/>\n<meta property=\"article:published_time\" content=\"2025-07-24T13:56:19+00:00\" \/>\n<meta property=\"article:modified_time\" content=\"2025-07-26T13:57:00+00:00\" \/>\n<meta property=\"og:image\" content=\"https:\/\/lasentinelle.dz\/wp-content\/uploads\/2025\/04\/ENI-sonatrach.jpg\" \/>\n\t<meta property=\"og:image:width\" content=\"745\" \/>\n\t<meta property=\"og:image:height\" content=\"470\" \/>\n\t<meta property=\"og:image:type\" content=\"image\/jpeg\" \/>\n<meta name=\"author\" content=\"admin\" \/>\n<meta name=\"twitter:card\" content=\"summary_large_image\" \/>\n<meta name=\"twitter:label1\" content=\"\u00c9crit par\" \/>\n\t<meta name=\"twitter:data1\" content=\"admin\" \/>\n\t<meta name=\"twitter:label2\" content=\"Dur\u00e9e de lecture estim\u00e9e\" \/>\n\t<meta name=\"twitter:data2\" content=\"2 minutes\" \/>\n<script type=\"application\/ld+json\" class=\"yoast-schema-graph\">{\"@context\":\"https:\\\/\\\/schema.org\",\"@graph\":[{\"@type\":\"Article\",\"@id\":\"https:\\\/\\\/lasentinelle.dz\\\/index.php\\\/2025\\\/07\\\/24\\\/sonatrach-et-eni-signent-a-rome-un-protocole-daccord-dans-le-domaine-des-hydrocarbures-et-de-la-transition-energetique\\\/#article\",\"isPartOf\":{\"@id\":\"https:\\\/\\\/lasentinelle.dz\\\/index.php\\\/2025\\\/07\\\/24\\\/sonatrach-et-eni-signent-a-rome-un-protocole-daccord-dans-le-domaine-des-hydrocarbures-et-de-la-transition-energetique\\\/\"},\"author\":{\"name\":\"admin\",\"@id\":\"https:\\\/\\\/lasentinelle.dz\\\/#\\\/schema\\\/person\\\/729ee0024f24e0b8c5ec17232f8e8b41\"},\"headline\":\"Sonatrach et Eni signent \u00e0 Rome un protocole d&rsquo;accord dans le domaine des hydrocarbures et de la transition \u00e9nerg\u00e9tique\",\"datePublished\":\"2025-07-24T13:56:19+00:00\",\"dateModified\":\"2025-07-26T13:57:00+00:00\",\"mainEntityOfPage\":{\"@id\":\"https:\\\/\\\/lasentinelle.dz\\\/index.php\\\/2025\\\/07\\\/24\\\/sonatrach-et-eni-signent-a-rome-un-protocole-daccord-dans-le-domaine-des-hydrocarbures-et-de-la-transition-energetique\\\/\"},\"wordCount\":338,\"commentCount\":0,\"publisher\":{\"@id\":\"https:\\\/\\\/lasentinelle.dz\\\/#organization\"},\"image\":{\"@id\":\"https:\\\/\\\/lasentinelle.dz\\\/index.php\\\/2025\\\/07\\\/24\\\/sonatrach-et-eni-signent-a-rome-un-protocole-daccord-dans-le-domaine-des-hydrocarbures-et-de-la-transition-energetique\\\/#primaryimage\"},\"thumbnailUrl\":\"https:\\\/\\\/lasentinelle.dz\\\/wp-content\\\/uploads\\\/2025\\\/04\\\/ENI-sonatrach.jpg\",\"articleSection\":[\"Actualit\u00e9\"],\"inLanguage\":\"fr-FR\",\"potentialAction\":[{\"@type\":\"CommentAction\",\"name\":\"Comment\",\"target\":[\"https:\\\/\\\/lasentinelle.dz\\\/index.php\\\/2025\\\/07\\\/24\\\/sonatrach-et-eni-signent-a-rome-un-protocole-daccord-dans-le-domaine-des-hydrocarbures-et-de-la-transition-energetique\\\/#respond\"]}]},{\"@type\":\"WebPage\",\"@id\":\"https:\\\/\\\/lasentinelle.dz\\\/index.php\\\/2025\\\/07\\\/24\\\/sonatrach-et-eni-signent-a-rome-un-protocole-daccord-dans-le-domaine-des-hydrocarbures-et-de-la-transition-energetique\\\/\",\"url\":\"https:\\\/\\\/lasentinelle.dz\\\/index.php\\\/2025\\\/07\\\/24\\\/sonatrach-et-eni-signent-a-rome-un-protocole-daccord-dans-le-domaine-des-hydrocarbures-et-de-la-transition-energetique\\\/\",\"name\":\"Sonatrach et Eni signent \u00e0 Rome un protocole d&rsquo;accord dans le domaine des hydrocarbures et de la transition \u00e9nerg\u00e9tique - La Sentinelle\",\"isPartOf\":{\"@id\":\"https:\\\/\\\/lasentinelle.dz\\\/#website\"},\"primaryImageOfPage\":{\"@id\":\"https:\\\/\\\/lasentinelle.dz\\\/index.php\\\/2025\\\/07\\\/24\\\/sonatrach-et-eni-signent-a-rome-un-protocole-daccord-dans-le-domaine-des-hydrocarbures-et-de-la-transition-energetique\\\/#primaryimage\"},\"image\":{\"@id\":\"https:\\\/\\\/lasentinelle.dz\\\/index.php\\\/2025\\\/07\\\/24\\\/sonatrach-et-eni-signent-a-rome-un-protocole-daccord-dans-le-domaine-des-hydrocarbures-et-de-la-transition-energetique\\\/#primaryimage\"},\"thumbnailUrl\":\"https:\\\/\\\/lasentinelle.dz\\\/wp-content\\\/uploads\\\/2025\\\/04\\\/ENI-sonatrach.jpg\",\"datePublished\":\"2025-07-24T13:56:19+00:00\",\"dateModified\":\"2025-07-26T13:57:00+00:00\",\"breadcrumb\":{\"@id\":\"https:\\\/\\\/lasentinelle.dz\\\/index.php\\\/2025\\\/07\\\/24\\\/sonatrach-et-eni-signent-a-rome-un-protocole-daccord-dans-le-domaine-des-hydrocarbures-et-de-la-transition-energetique\\\/#breadcrumb\"},\"inLanguage\":\"fr-FR\",\"potentialAction\":[{\"@type\":\"ReadAction\",\"target\":[\"https:\\\/\\\/lasentinelle.dz\\\/index.php\\\/2025\\\/07\\\/24\\\/sonatrach-et-eni-signent-a-rome-un-protocole-daccord-dans-le-domaine-des-hydrocarbures-et-de-la-transition-energetique\\\/\"]}]},{\"@type\":\"ImageObject\",\"inLanguage\":\"fr-FR\",\"@id\":\"https:\\\/\\\/lasentinelle.dz\\\/index.php\\\/2025\\\/07\\\/24\\\/sonatrach-et-eni-signent-a-rome-un-protocole-daccord-dans-le-domaine-des-hydrocarbures-et-de-la-transition-energetique\\\/#primaryimage\",\"url\":\"https:\\\/\\\/lasentinelle.dz\\\/wp-content\\\/uploads\\\/2025\\\/04\\\/ENI-sonatrach.jpg\",\"contentUrl\":\"https:\\\/\\\/lasentinelle.dz\\\/wp-content\\\/uploads\\\/2025\\\/04\\\/ENI-sonatrach.jpg\",\"width\":745,\"height\":470},{\"@type\":\"BreadcrumbList\",\"@id\":\"https:\\\/\\\/lasentinelle.dz\\\/index.php\\\/2025\\\/07\\\/24\\\/sonatrach-et-eni-signent-a-rome-un-protocole-daccord-dans-le-domaine-des-hydrocarbures-et-de-la-transition-energetique\\\/#breadcrumb\",\"itemListElement\":[{\"@type\":\"ListItem\",\"position\":1,\"name\":\"Accueil\",\"item\":\"https:\\\/\\\/lasentinelle.dz\\\/\"},{\"@type\":\"ListItem\",\"position\":2,\"name\":\"Sonatrach et Eni signent \u00e0 Rome un protocole d&rsquo;accord dans le domaine des hydrocarbures et de la transition \u00e9nerg\u00e9tique\"}]},{\"@type\":\"WebSite\",\"@id\":\"https:\\\/\\\/lasentinelle.dz\\\/#website\",\"url\":\"https:\\\/\\\/lasentinelle.dz\\\/\",\"name\":\"La Sentinelle\",\"description\":\"Quotidien national d&#039;information\",\"publisher\":{\"@id\":\"https:\\\/\\\/lasentinelle.dz\\\/#organization\"},\"potentialAction\":[{\"@type\":\"SearchAction\",\"target\":{\"@type\":\"EntryPoint\",\"urlTemplate\":\"https:\\\/\\\/lasentinelle.dz\\\/?s={search_term_string}\"},\"query-input\":{\"@type\":\"PropertyValueSpecification\",\"valueRequired\":true,\"valueName\":\"search_term_string\"}}],\"inLanguage\":\"fr-FR\"},{\"@type\":\"Organization\",\"@id\":\"https:\\\/\\\/lasentinelle.dz\\\/#organization\",\"name\":\"Quotidien La Sentinelle\",\"url\":\"https:\\\/\\\/lasentinelle.dz\\\/\",\"logo\":{\"@type\":\"ImageObject\",\"inLanguage\":\"fr-FR\",\"@id\":\"https:\\\/\\\/lasentinelle.dz\\\/#\\\/schema\\\/logo\\\/image\\\/\",\"url\":\"https:\\\/\\\/lasentinelle.dz\\\/wp-content\\\/uploads\\\/2021\\\/09\\\/logo-sentinelleSLOGAN-1.png\",\"contentUrl\":\"https:\\\/\\\/lasentinelle.dz\\\/wp-content\\\/uploads\\\/2021\\\/09\\\/logo-sentinelleSLOGAN-1.png\",\"width\":615,\"height\":142,\"caption\":\"Quotidien La Sentinelle\"},\"image\":{\"@id\":\"https:\\\/\\\/lasentinelle.dz\\\/#\\\/schema\\\/logo\\\/image\\\/\"},\"sameAs\":[\"https:\\\/\\\/www.facebook.com\\\/La-Sentinelle-104059864394773\"]},{\"@type\":\"Person\",\"@id\":\"https:\\\/\\\/lasentinelle.dz\\\/#\\\/schema\\\/person\\\/729ee0024f24e0b8c5ec17232f8e8b41\",\"name\":\"admin\",\"image\":{\"@type\":\"ImageObject\",\"inLanguage\":\"fr-FR\",\"@id\":\"https:\\\/\\\/secure.gravatar.com\\\/avatar\\\/4c81fed838786e9b53f540bf46533e750f5d292099ae3b66cfc6fb1982e29df7?s=96&d=mm&r=g\",\"url\":\"https:\\\/\\\/secure.gravatar.com\\\/avatar\\\/4c81fed838786e9b53f540bf46533e750f5d292099ae3b66cfc6fb1982e29df7?s=96&d=mm&r=g\",\"contentUrl\":\"https:\\\/\\\/secure.gravatar.com\\\/avatar\\\/4c81fed838786e9b53f540bf46533e750f5d292099ae3b66cfc6fb1982e29df7?s=96&d=mm&r=g\",\"caption\":\"admin\"},\"description\":\"admin\",\"url\":\"https:\\\/\\\/lasentinelle.dz\\\/author\\\/admin\\\/\"}]}<\/script>\n<!-- \/ Yoast SEO plugin. -->","yoast_head_json":{"title":"Sonatrach et Eni signent \u00e0 Rome un protocole d&rsquo;accord dans le domaine des hydrocarbures et de la transition \u00e9nerg\u00e9tique - La Sentinelle","robots":{"index":"index","follow":"follow","max-snippet":"max-snippet:-1","max-image-preview":"max-image-preview:large","max-video-preview":"max-video-preview:-1"},"canonical":"https:\/\/lasentinelle.dz\/index.php\/2025\/07\/24\/sonatrach-et-eni-signent-a-rome-un-protocole-daccord-dans-le-domaine-des-hydrocarbures-et-de-la-transition-energetique\/","og_locale":"fr_FR","og_type":"article","og_title":"Sonatrach et Eni signent \u00e0 Rome un protocole d&rsquo;accord dans le domaine des hydrocarbures et de la transition \u00e9nerg\u00e9tique - La Sentinelle","og_description":"Augmenter la production de gaz de 5,5 milliards M3 Le groupe Sonatrach et l&rsquo;italien Eni ont sign\u00e9 mercredi \u00e0 Rome,","og_url":"https:\/\/lasentinelle.dz\/index.php\/2025\/07\/24\/sonatrach-et-eni-signent-a-rome-un-protocole-daccord-dans-le-domaine-des-hydrocarbures-et-de-la-transition-energetique\/","og_site_name":"La Sentinelle","article_publisher":"https:\/\/www.facebook.com\/La-Sentinelle-104059864394773","article_published_time":"2025-07-24T13:56:19+00:00","article_modified_time":"2025-07-26T13:57:00+00:00","og_image":[{"width":745,"height":470,"url":"https:\/\/lasentinelle.dz\/wp-content\/uploads\/2025\/04\/ENI-sonatrach.jpg","type":"image\/jpeg"}],"author":"admin","twitter_card":"summary_large_image","twitter_misc":{"\u00c9crit par":"admin","Dur\u00e9e de lecture estim\u00e9e":"2 minutes"},"schema":{"@context":"https:\/\/schema.org","@graph":[{"@type":"Article","@id":"https:\/\/lasentinelle.dz\/index.php\/2025\/07\/24\/sonatrach-et-eni-signent-a-rome-un-protocole-daccord-dans-le-domaine-des-hydrocarbures-et-de-la-transition-energetique\/#article","isPartOf":{"@id":"https:\/\/lasentinelle.dz\/index.php\/2025\/07\/24\/sonatrach-et-eni-signent-a-rome-un-protocole-daccord-dans-le-domaine-des-hydrocarbures-et-de-la-transition-energetique\/"},"author":{"name":"admin","@id":"https:\/\/lasentinelle.dz\/#\/schema\/person\/729ee0024f24e0b8c5ec17232f8e8b41"},"headline":"Sonatrach et Eni signent \u00e0 Rome un protocole d&rsquo;accord dans le domaine des hydrocarbures et de la transition \u00e9nerg\u00e9tique","datePublished":"2025-07-24T13:56:19+00:00","dateModified":"2025-07-26T13:57:00+00:00","mainEntityOfPage":{"@id":"https:\/\/lasentinelle.dz\/index.php\/2025\/07\/24\/sonatrach-et-eni-signent-a-rome-un-protocole-daccord-dans-le-domaine-des-hydrocarbures-et-de-la-transition-energetique\/"},"wordCount":338,"commentCount":0,"publisher":{"@id":"https:\/\/lasentinelle.dz\/#organization"},"image":{"@id":"https:\/\/lasentinelle.dz\/index.php\/2025\/07\/24\/sonatrach-et-eni-signent-a-rome-un-protocole-daccord-dans-le-domaine-des-hydrocarbures-et-de-la-transition-energetique\/#primaryimage"},"thumbnailUrl":"https:\/\/lasentinelle.dz\/wp-content\/uploads\/2025\/04\/ENI-sonatrach.jpg","articleSection":["Actualit\u00e9"],"inLanguage":"fr-FR","potentialAction":[{"@type":"CommentAction","name":"Comment","target":["https:\/\/lasentinelle.dz\/index.php\/2025\/07\/24\/sonatrach-et-eni-signent-a-rome-un-protocole-daccord-dans-le-domaine-des-hydrocarbures-et-de-la-transition-energetique\/#respond"]}]},{"@type":"WebPage","@id":"https:\/\/lasentinelle.dz\/index.php\/2025\/07\/24\/sonatrach-et-eni-signent-a-rome-un-protocole-daccord-dans-le-domaine-des-hydrocarbures-et-de-la-transition-energetique\/","url":"https:\/\/lasentinelle.dz\/index.php\/2025\/07\/24\/sonatrach-et-eni-signent-a-rome-un-protocole-daccord-dans-le-domaine-des-hydrocarbures-et-de-la-transition-energetique\/","name":"Sonatrach et Eni signent \u00e0 Rome un protocole d&rsquo;accord dans le domaine des hydrocarbures et de la transition \u00e9nerg\u00e9tique - La Sentinelle","isPartOf":{"@id":"https:\/\/lasentinelle.dz\/#website"},"primaryImageOfPage":{"@id":"https:\/\/lasentinelle.dz\/index.php\/2025\/07\/24\/sonatrach-et-eni-signent-a-rome-un-protocole-daccord-dans-le-domaine-des-hydrocarbures-et-de-la-transition-energetique\/#primaryimage"},"image":{"@id":"https:\/\/lasentinelle.dz\/index.php\/2025\/07\/24\/sonatrach-et-eni-signent-a-rome-un-protocole-daccord-dans-le-domaine-des-hydrocarbures-et-de-la-transition-energetique\/#primaryimage"},"thumbnailUrl":"https:\/\/lasentinelle.dz\/wp-content\/uploads\/2025\/04\/ENI-sonatrach.jpg","datePublished":"2025-07-24T13:56:19+00:00","dateModified":"2025-07-26T13:57:00+00:00","breadcrumb":{"@id":"https:\/\/lasentinelle.dz\/index.php\/2025\/07\/24\/sonatrach-et-eni-signent-a-rome-un-protocole-daccord-dans-le-domaine-des-hydrocarbures-et-de-la-transition-energetique\/#breadcrumb"},"inLanguage":"fr-FR","potentialAction":[{"@type":"ReadAction","target":["https:\/\/lasentinelle.dz\/index.php\/2025\/07\/24\/sonatrach-et-eni-signent-a-rome-un-protocole-daccord-dans-le-domaine-des-hydrocarbures-et-de-la-transition-energetique\/"]}]},{"@type":"ImageObject","inLanguage":"fr-FR","@id":"https:\/\/lasentinelle.dz\/index.php\/2025\/07\/24\/sonatrach-et-eni-signent-a-rome-un-protocole-daccord-dans-le-domaine-des-hydrocarbures-et-de-la-transition-energetique\/#primaryimage","url":"https:\/\/lasentinelle.dz\/wp-content\/uploads\/2025\/04\/ENI-sonatrach.jpg","contentUrl":"https:\/\/lasentinelle.dz\/wp-content\/uploads\/2025\/04\/ENI-sonatrach.jpg","width":745,"height":470},{"@type":"BreadcrumbList","@id":"https:\/\/lasentinelle.dz\/index.php\/2025\/07\/24\/sonatrach-et-eni-signent-a-rome-un-protocole-daccord-dans-le-domaine-des-hydrocarbures-et-de-la-transition-energetique\/#breadcrumb","itemListElement":[{"@type":"ListItem","position":1,"name":"Accueil","item":"https:\/\/lasentinelle.dz\/"},{"@type":"ListItem","position":2,"name":"Sonatrach et Eni signent \u00e0 Rome un protocole d&rsquo;accord dans le domaine des hydrocarbures et de la transition \u00e9nerg\u00e9tique"}]},{"@type":"WebSite","@id":"https:\/\/lasentinelle.dz\/#website","url":"https:\/\/lasentinelle.dz\/","name":"La Sentinelle","description":"Quotidien national d&#039;information","publisher":{"@id":"https:\/\/lasentinelle.dz\/#organization"},"potentialAction":[{"@type":"SearchAction","target":{"@type":"EntryPoint","urlTemplate":"https:\/\/lasentinelle.dz\/?s={search_term_string}"},"query-input":{"@type":"PropertyValueSpecification","valueRequired":true,"valueName":"search_term_string"}}],"inLanguage":"fr-FR"},{"@type":"Organization","@id":"https:\/\/lasentinelle.dz\/#organization","name":"Quotidien La Sentinelle","url":"https:\/\/lasentinelle.dz\/","logo":{"@type":"ImageObject","inLanguage":"fr-FR","@id":"https:\/\/lasentinelle.dz\/#\/schema\/logo\/image\/","url":"https:\/\/lasentinelle.dz\/wp-content\/uploads\/2021\/09\/logo-sentinelleSLOGAN-1.png","contentUrl":"https:\/\/lasentinelle.dz\/wp-content\/uploads\/2021\/09\/logo-sentinelleSLOGAN-1.png","width":615,"height":142,"caption":"Quotidien La Sentinelle"},"image":{"@id":"https:\/\/lasentinelle.dz\/#\/schema\/logo\/image\/"},"sameAs":["https:\/\/www.facebook.com\/La-Sentinelle-104059864394773"]},{"@type":"Person","@id":"https:\/\/lasentinelle.dz\/#\/schema\/person\/729ee0024f24e0b8c5ec17232f8e8b41","name":"admin","image":{"@type":"ImageObject","inLanguage":"fr-FR","@id":"https:\/\/secure.gravatar.com\/avatar\/4c81fed838786e9b53f540bf46533e750f5d292099ae3b66cfc6fb1982e29df7?s=96&d=mm&r=g","url":"https:\/\/secure.gravatar.com\/avatar\/4c81fed838786e9b53f540bf46533e750f5d292099ae3b66cfc6fb1982e29df7?s=96&d=mm&r=g","contentUrl":"https:\/\/secure.gravatar.com\/avatar\/4c81fed838786e9b53f540bf46533e750f5d292099ae3b66cfc6fb1982e29df7?s=96&d=mm&r=g","caption":"admin"},"description":"admin","url":"https:\/\/lasentinelle.dz\/author\/admin\/"}]}},"_links":{"self":[{"href":"https:\/\/lasentinelle.dz\/index.php\/wp-json\/wp\/v2\/posts\/70902","targetHints":{"allow":["GET"]}}],"collection":[{"href":"https:\/\/lasentinelle.dz\/index.php\/wp-json\/wp\/v2\/posts"}],"about":[{"href":"https:\/\/lasentinelle.dz\/index.php\/wp-json\/wp\/v2\/types\/post"}],"author":[{"embeddable":true,"href":"https:\/\/lasentinelle.dz\/index.php\/wp-json\/wp\/v2\/users\/6"}],"replies":[{"embeddable":true,"href":"https:\/\/lasentinelle.dz\/index.php\/wp-json\/wp\/v2\/comments?post=70902"}],"version-history":[{"count":2,"href":"https:\/\/lasentinelle.dz\/index.php\/wp-json\/wp\/v2\/posts\/70902\/revisions"}],"predecessor-version":[{"id":70904,"href":"https:\/\/lasentinelle.dz\/index.php\/wp-json\/wp\/v2\/posts\/70902\/revisions\/70904"}],"wp:featuredmedia":[{"embeddable":true,"href":"https:\/\/lasentinelle.dz\/index.php\/wp-json\/wp\/v2\/media\/65366"}],"wp:attachment":[{"href":"https:\/\/lasentinelle.dz\/index.php\/wp-json\/wp\/v2\/media?parent=70902"}],"wp:term":[{"taxonomy":"category","embeddable":true,"href":"https:\/\/lasentinelle.dz\/index.php\/wp-json\/wp\/v2\/categories?post=70902"},{"taxonomy":"post_tag","embeddable":true,"href":"https:\/\/lasentinelle.dz\/index.php\/wp-json\/wp\/v2\/tags?post=70902"}],"curies":[{"name":"wp","href":"https:\/\/api.w.org\/{rel}","templated":true}]}}