{"id":70905,"date":"2025-07-24T14:57:03","date_gmt":"2025-07-24T13:57:03","guid":{"rendered":"https:\/\/lasentinelle.dz\/?p=70905"},"modified":"2025-07-26T14:58:28","modified_gmt":"2025-07-26T13:58:28","slug":"5e-sommet-intergouvernemental-algero-italien-plus-de-vingt-accords-signes","status":"publish","type":"post","link":"https:\/\/lasentinelle.dz\/index.php\/2025\/07\/24\/5e-sommet-intergouvernemental-algero-italien-plus-de-vingt-accords-signes\/","title":{"rendered":"5e Sommet intergouvernemental\u00a0alg\u00e9ro-italien\u00a0:\u00a0Plus de vingt accords sign\u00e9s\u00a0"},"content":{"rendered":"\n<p>Le pr\u00e9sident&nbsp;de la R\u00e9publique&nbsp;Abdelmadjid Tebboune et la Premi\u00e8re ministre italienne Giorgia Meloni ont copr\u00e9sid\u00e9 mercredi \u00e0 Rome la c\u00e9r\u00e9monie de signature de plus de vingt accords de partenariat et m\u00e9morandums d&rsquo;entente couvrant une large gamme de secteurs, \u00e0 l&rsquo;issue du 5e Sommet intergouvernemental alg\u00e9ro-italien de haut niveau.&nbsp;<\/p>\n\n\n\n<p>Les accords sign\u00e9s touchent des domaines strat\u00e9giques incluant l&rsquo;industrie, l&rsquo;\u00e9nergie, l&rsquo;agriculture, la formation technique, l&rsquo;\u00e9conomie circulaire, les t\u00e9l\u00e9communications et la sant\u00e9. Ces partenariats visent \u00e0 consolider les cha\u00eenes de valeur entre les deux rives de la M\u00e9diterran\u00e9e et \u00e0 revitaliser la coop\u00e9ration industrielle. L&rsquo;Alg\u00e9rie, consid\u00e9r\u00e9e comme un march\u00e9 de trois milliards d&rsquo;euros selon les d\u00e9clarations du&nbsp;pr\u00e9sident de l&rsquo;Agence ICE Matteo Zoppas&nbsp;\u00e0 l\u2019agence italienne Nova, repr\u00e9sente un potentiel de croissance important dans le cadre d&rsquo;un partenariat strat\u00e9gique de plus en plus mature.<\/p>\n\n\n\n<p>Dans le secteur \u00e9nerg\u00e9tique, Eni et Sonatrach ont sign\u00e9 un protocole d&rsquo;accord majeur visant \u00e0 renforcer la s\u00e9curit\u00e9 d&rsquo;approvisionnement et \u00e0 promouvoir la transition \u00e9nerg\u00e9tique. Cet accord pr\u00e9voit de nouveaux investissements en amont et la prolongation des contrats expirant en 2027.&nbsp;Selon l\u2019agence Nova, Telecom Italia Sparkle et Alg\u00e9rie T\u00e9l\u00e9com collaboreront \u00e0 la pose d&rsquo;un nouveau c\u00e2ble sous-marin de transmission de donn\u00e9es entre l&rsquo;Italie et l&rsquo;Alg\u00e9rie, ainsi qu&rsquo;au d\u00e9veloppement de centres de donn\u00e9es et de programmes de formation num\u00e9rique.<\/p>\n\n\n\n<p>L&rsquo;\u00e9conomie circulaire et les \u00e9nergies renouvelables occupent une place centrale dans ces accords. Duferco et Copresud collaboreront dans les secteurs des \u00e9nergies vertes et des infrastructures \u00e9lectriques, tandis que Tecnocryo et Rayanox se concentreront sur la valorisation des d\u00e9chets organiques pour la production de biogaz et de CO2 cryog\u00e9nique de qualit\u00e9 alimentaire. Stemin et le Groupe Condor cr\u00e9eront un p\u00f4le industriel d\u00e9di\u00e9 au traitement et \u00e0 la fusion de ferraille, s&rsquo;inscrivant dans une strat\u00e9gie plus large d&rsquo;\u00e9conomie circulaire m\u00e9diterran\u00e9enne.<\/p>\n\n\n\n<p>Dans l&rsquo;industrie automobile, la soci\u00e9t\u00e9 italienne Sigit Spa a sign\u00e9 un accord avec Acs Holding Alg\u00e9rie pour le lancement d&rsquo;une usine de 10.000 m\u00e8tres carr\u00e9s \u00e0 S\u00e9tif destin\u00e9e \u00e0 la production de composants en plastique pour le secteur automobile, avec des fournitures \u00e9galement pr\u00e9vues pour le groupe Stellantis. L&rsquo;Acad\u00e9mie Comau, la Fondation Enrico Mattei et le groupe Berrahal ont \u00e9galement sign\u00e9 un accord pour la cr\u00e9ation de centres de formation aux comp\u00e9tences industrielles et \u00e0 l&rsquo;automatisation.<\/p>\n\n\n\n<p><strong>Un projet sid\u00e9rurgique d&rsquo;un milliard d&rsquo;euros<\/strong><\/p>\n\n\n\n<p>L&rsquo;un des accords les plus ambitieux concerne la sid\u00e9rurgie avec la signature d&rsquo;un protocole entre le Consortium italien Electroside pour le fer pr\u00e9-r\u00e9duit (CEIP Scarl) et l&rsquo;entreprise alg\u00e9rienne Copresud. Ce projet vise \u00e0 r\u00e9aliser une \u00e9tude de faisabilit\u00e9 pour la construction d&rsquo;une usine de production de fer pr\u00e9-r\u00e9duit en Alg\u00e9rie, estim\u00e9e \u00e0 un milliard d&rsquo;euros, ajoute Nova. CEIP Scarl, cr\u00e9\u00e9 en 2022 par douze aci\u00e9ries italiennes utilisant des fours \u00e0 arc \u00e9lectrique, cherche \u00e0 garantir un approvisionnement durable en fer pr\u00e9-r\u00e9duit pour l&rsquo;industrie sid\u00e9rurgique italienne. Cette collaboration, \u00e9galement soutenue par le groupe Duferco, repose sur des synergies \u00e9videntes : acc\u00e8s \u00e0 une \u00e9nergie \u00e0 faible co\u00fbt, proximit\u00e9 du march\u00e9 europ\u00e9en et impacts positifs en termes d&#8217;emploi et d&rsquo;environnement. Le projet comprend l&rsquo;\u00e9tude de l&rsquo;int\u00e9gration des sources renouvelables et l&rsquo;utilisation progressive de l&rsquo;hydrog\u00e8ne vert dans les processus de production, conform\u00e9ment aux objectifs de d\u00e9carbonation de l&rsquo;industrie lourde. Les parties se sont engag\u00e9es \u00e0 soumettre conjointement le dossier technique \u00e0 l&rsquo;Agence alg\u00e9rienne de promotion des investissements pour obtenir sa qualification et acc\u00e9der aux incitations pr\u00e9vues par la l\u00e9gislation locale.<\/p>\n\n\n\n<p><strong>Une \u00e9cole du marbre pr\u00e8s d&rsquo;Oran<\/strong><\/p>\n\n\n\n<p>Dans le secteur du marbre et des pierres ornementales, l&rsquo;Agence italienne pour le commerce (ICE) et l&rsquo;entreprise publique alg\u00e9rienne Sonarem ont sign\u00e9 un accord pour la cr\u00e9ation d&rsquo;un centre italo-alg\u00e9rien de formation technologique. Cette \u00e9cole sera situ\u00e9e \u00e0 Cristel, pr\u00e8s d&rsquo;Oran, et sera enti\u00e8rement financ\u00e9e par l&rsquo;Italie, qui fournira les formateurs et les experts, tandis que l&rsquo;Alg\u00e9rie fournira le si\u00e8ge et le soutien logistique.&nbsp;Le&nbsp;pr\u00e9sident-directeur g\u00e9n\u00e9ral de Sonarem, Djebbar M&rsquo;Hidi,&nbsp;a soulign\u00e9 dans une d\u00e9claration \u00e0 Nova&nbsp;cette initiative \u00ab\u00a0historique\u00a0\u00bb vise \u00e0 renforcer l&rsquo;expertise locale dans un secteur \u00e0 fort potentiel et \u00e0 r\u00e9duire la d\u00e9pendance aux importations. \u00ab\u00a0Notre pays compte parmi les plus riches en marbre de la r\u00e9gion. Nous souhaitons d\u00e9sormais transformer cette richesse en emplois et en capacit\u00e9s de production locales\u00a0\u00bb, a-t-il expliqu\u00e9. L&rsquo;accord, d&rsquo;une dur\u00e9e de trois ans, sera soutenu par un groupe d&rsquo;entreprises italiennes du secteur de la pierre et s&rsquo;inscrit dans un cadre plus large de coop\u00e9ration dans la formation technique et professionnelle, d\u00e9j\u00e0 en cours avec des projets pilotes dans le secteur minier.<\/p>\n\n\n\n<p><strong>Coop\u00e9ration renforc\u00e9e en mati\u00e8re de d\u00e9fense<\/strong><\/p>\n\n\n\n<p>Sur le plan s\u00e9curitaire, les deux pays ont sign\u00e9 un accord de coop\u00e9ration en mati\u00e8re de lutte antiterroriste et une d\u00e9claration conjointe dans le domaine de la d\u00e9fense. Ces accords compl\u00e8tent les m\u00e9morandums d&rsquo;entente sign\u00e9s dans les domaines des secours et de la lutte contre les incendies, ainsi qu&rsquo;un plan op\u00e9rationnel de recherche et de sauvetage en mer, t\u00e9moignant de la volont\u00e9 des deux pays de renforcer leur coop\u00e9ration s\u00e9curitaire face aux d\u00e9fis r\u00e9gionaux. Cette dimension s\u00e9curitaire s&rsquo;ajoute aux accords dans d&rsquo;autres secteurs comme l&rsquo;agriculture et la p\u00eache, la transformation des aliments, l&rsquo;aquaculture, la poste et les t\u00e9l\u00e9communications, ainsi que la protection des personnes \u00e0 besoins sp\u00e9cifiques.<\/p>\n\n\n\n<p>Cette s\u00e9rie d&rsquo;accords, qualifi\u00e9e d&rsquo;importance particuli\u00e8re pour le raffermissement des liens d&rsquo;amiti\u00e9 historiques, refl\u00e8te la maturit\u00e9 croissante du partenariat strat\u00e9gique alg\u00e9ro-italien et ouvre de nouvelles perspectives pour une alliance industrielle \u00e0 long terme entre les deux pays m\u00e9diterran\u00e9ens.<\/p>\n\n\n\n<p>Salim Amokrane<\/p>\n","protected":false},"excerpt":{"rendered":"<p>Le pr\u00e9sident&nbsp;de la R\u00e9publique&nbsp;Abdelmadjid Tebboune et la Premi\u00e8re ministre italienne Giorgia Meloni ont copr\u00e9sid\u00e9 mercredi \u00e0 Rome la c\u00e9r\u00e9monie de<\/p>\n","protected":false},"author":6,"featured_media":70906,"comment_status":"open","ping_status":"closed","sticky":false,"template":"","format":"standard","meta":{"colormag_page_container_layout":"default_layout","colormag_page_sidebar_layout":"default_layout","om_disable_all_campaigns":false,"_monsterinsights_skip_tracking":false,"_monsterinsights_sitenote_active":false,"_monsterinsights_sitenote_note":"","_monsterinsights_sitenote_category":0,"footnotes":"","_wpscppro_dont_share_socialmedia":false,"_wpscppro_custom_social_share_image":0,"_facebook_share_type":"default","_twitter_share_type":"default","_linkedin_share_type":"default","_pinterest_share_type":"default","_linkedin_share_type_page":"","_instagram_share_type":"default","_medium_share_type":"default","_threads_share_type":"","_google_business_share_type":"","_selected_social_profile":[],"_wpsp_enable_custom_social_template":false,"_wpsp_social_scheduling":{"enabled":false,"datetime":null,"platforms":[],"status":"template_only","dateOption":"today","timeOption":"now","customDays":"","customHours":"","customDate":"","customTime":"","schedulingType":"absolute"},"_wpsp_active_default_template":true},"categories":[52],"tags":[],"class_list":["post-70905","post","type-post","status-publish","format-standard","has-post-thumbnail","hentry","category-a-la-une"],"aioseo_notices":[],"yoast_head":"<!-- This site is optimized with the Yoast SEO plugin v27.5 - https:\/\/yoast.com\/product\/yoast-seo-wordpress\/ -->\n<title>5e Sommet intergouvernemental\u00a0alg\u00e9ro-italien\u00a0:\u00a0Plus de vingt accords sign\u00e9s\u00a0 - La Sentinelle<\/title>\n<meta name=\"robots\" content=\"index, follow, max-snippet:-1, max-image-preview:large, max-video-preview:-1\" \/>\n<link rel=\"canonical\" href=\"https:\/\/lasentinelle.dz\/index.php\/2025\/07\/24\/5e-sommet-intergouvernemental-algero-italien-plus-de-vingt-accords-signes\/\" \/>\n<meta property=\"og:locale\" content=\"fr_FR\" \/>\n<meta property=\"og:type\" content=\"article\" \/>\n<meta property=\"og:title\" content=\"5e Sommet intergouvernemental\u00a0alg\u00e9ro-italien\u00a0:\u00a0Plus de vingt accords sign\u00e9s\u00a0 - La Sentinelle\" \/>\n<meta property=\"og:description\" content=\"Le pr\u00e9sident&nbsp;de la R\u00e9publique&nbsp;Abdelmadjid Tebboune et la Premi\u00e8re ministre italienne Giorgia Meloni ont copr\u00e9sid\u00e9 mercredi \u00e0 Rome la c\u00e9r\u00e9monie de\" \/>\n<meta property=\"og:url\" content=\"https:\/\/lasentinelle.dz\/index.php\/2025\/07\/24\/5e-sommet-intergouvernemental-algero-italien-plus-de-vingt-accords-signes\/\" \/>\n<meta property=\"og:site_name\" content=\"La Sentinelle\" \/>\n<meta property=\"article:publisher\" content=\"https:\/\/www.facebook.com\/La-Sentinelle-104059864394773\" \/>\n<meta property=\"article:published_time\" content=\"2025-07-24T13:57:03+00:00\" \/>\n<meta property=\"article:modified_time\" content=\"2025-07-26T13:58:28+00:00\" \/>\n<meta property=\"og:image\" content=\"https:\/\/lasentinelle.dz\/wp-content\/uploads\/2025\/07\/accords-e1753538292732.jpeg\" \/>\n\t<meta property=\"og:image:width\" content=\"780\" \/>\n\t<meta property=\"og:image:height\" content=\"486\" \/>\n\t<meta property=\"og:image:type\" content=\"image\/jpeg\" \/>\n<meta name=\"author\" content=\"admin\" \/>\n<meta name=\"twitter:card\" content=\"summary_large_image\" \/>\n<meta name=\"twitter:label1\" content=\"\u00c9crit par\" \/>\n\t<meta name=\"twitter:data1\" content=\"admin\" \/>\n\t<meta name=\"twitter:label2\" content=\"Dur\u00e9e de lecture estim\u00e9e\" \/>\n\t<meta name=\"twitter:data2\" content=\"5 minutes\" \/>\n<script type=\"application\/ld+json\" class=\"yoast-schema-graph\">{\"@context\":\"https:\\\/\\\/schema.org\",\"@graph\":[{\"@type\":\"Article\",\"@id\":\"https:\\\/\\\/lasentinelle.dz\\\/index.php\\\/2025\\\/07\\\/24\\\/5e-sommet-intergouvernemental-algero-italien-plus-de-vingt-accords-signes\\\/#article\",\"isPartOf\":{\"@id\":\"https:\\\/\\\/lasentinelle.dz\\\/index.php\\\/2025\\\/07\\\/24\\\/5e-sommet-intergouvernemental-algero-italien-plus-de-vingt-accords-signes\\\/\"},\"author\":{\"name\":\"admin\",\"@id\":\"https:\\\/\\\/lasentinelle.dz\\\/#\\\/schema\\\/person\\\/729ee0024f24e0b8c5ec17232f8e8b41\"},\"headline\":\"5e Sommet intergouvernemental\u00a0alg\u00e9ro-italien\u00a0:\u00a0Plus de vingt accords sign\u00e9s\u00a0\",\"datePublished\":\"2025-07-24T13:57:03+00:00\",\"dateModified\":\"2025-07-26T13:58:28+00:00\",\"mainEntityOfPage\":{\"@id\":\"https:\\\/\\\/lasentinelle.dz\\\/index.php\\\/2025\\\/07\\\/24\\\/5e-sommet-intergouvernemental-algero-italien-plus-de-vingt-accords-signes\\\/\"},\"wordCount\":1065,\"commentCount\":0,\"publisher\":{\"@id\":\"https:\\\/\\\/lasentinelle.dz\\\/#organization\"},\"image\":{\"@id\":\"https:\\\/\\\/lasentinelle.dz\\\/index.php\\\/2025\\\/07\\\/24\\\/5e-sommet-intergouvernemental-algero-italien-plus-de-vingt-accords-signes\\\/#primaryimage\"},\"thumbnailUrl\":\"https:\\\/\\\/lasentinelle.dz\\\/wp-content\\\/uploads\\\/2025\\\/07\\\/accords-e1753538292732.jpeg\",\"articleSection\":[\"\u00c0 la Une\"],\"inLanguage\":\"fr-FR\",\"potentialAction\":[{\"@type\":\"CommentAction\",\"name\":\"Comment\",\"target\":[\"https:\\\/\\\/lasentinelle.dz\\\/index.php\\\/2025\\\/07\\\/24\\\/5e-sommet-intergouvernemental-algero-italien-plus-de-vingt-accords-signes\\\/#respond\"]}]},{\"@type\":\"WebPage\",\"@id\":\"https:\\\/\\\/lasentinelle.dz\\\/index.php\\\/2025\\\/07\\\/24\\\/5e-sommet-intergouvernemental-algero-italien-plus-de-vingt-accords-signes\\\/\",\"url\":\"https:\\\/\\\/lasentinelle.dz\\\/index.php\\\/2025\\\/07\\\/24\\\/5e-sommet-intergouvernemental-algero-italien-plus-de-vingt-accords-signes\\\/\",\"name\":\"5e Sommet intergouvernemental\u00a0alg\u00e9ro-italien\u00a0:\u00a0Plus de vingt accords sign\u00e9s\u00a0 - La Sentinelle\",\"isPartOf\":{\"@id\":\"https:\\\/\\\/lasentinelle.dz\\\/#website\"},\"primaryImageOfPage\":{\"@id\":\"https:\\\/\\\/lasentinelle.dz\\\/index.php\\\/2025\\\/07\\\/24\\\/5e-sommet-intergouvernemental-algero-italien-plus-de-vingt-accords-signes\\\/#primaryimage\"},\"image\":{\"@id\":\"https:\\\/\\\/lasentinelle.dz\\\/index.php\\\/2025\\\/07\\\/24\\\/5e-sommet-intergouvernemental-algero-italien-plus-de-vingt-accords-signes\\\/#primaryimage\"},\"thumbnailUrl\":\"https:\\\/\\\/lasentinelle.dz\\\/wp-content\\\/uploads\\\/2025\\\/07\\\/accords-e1753538292732.jpeg\",\"datePublished\":\"2025-07-24T13:57:03+00:00\",\"dateModified\":\"2025-07-26T13:58:28+00:00\",\"breadcrumb\":{\"@id\":\"https:\\\/\\\/lasentinelle.dz\\\/index.php\\\/2025\\\/07\\\/24\\\/5e-sommet-intergouvernemental-algero-italien-plus-de-vingt-accords-signes\\\/#breadcrumb\"},\"inLanguage\":\"fr-FR\",\"potentialAction\":[{\"@type\":\"ReadAction\",\"target\":[\"https:\\\/\\\/lasentinelle.dz\\\/index.php\\\/2025\\\/07\\\/24\\\/5e-sommet-intergouvernemental-algero-italien-plus-de-vingt-accords-signes\\\/\"]}]},{\"@type\":\"ImageObject\",\"inLanguage\":\"fr-FR\",\"@id\":\"https:\\\/\\\/lasentinelle.dz\\\/index.php\\\/2025\\\/07\\\/24\\\/5e-sommet-intergouvernemental-algero-italien-plus-de-vingt-accords-signes\\\/#primaryimage\",\"url\":\"https:\\\/\\\/lasentinelle.dz\\\/wp-content\\\/uploads\\\/2025\\\/07\\\/accords-e1753538292732.jpeg\",\"contentUrl\":\"https:\\\/\\\/lasentinelle.dz\\\/wp-content\\\/uploads\\\/2025\\\/07\\\/accords-e1753538292732.jpeg\",\"width\":780,\"height\":486},{\"@type\":\"BreadcrumbList\",\"@id\":\"https:\\\/\\\/lasentinelle.dz\\\/index.php\\\/2025\\\/07\\\/24\\\/5e-sommet-intergouvernemental-algero-italien-plus-de-vingt-accords-signes\\\/#breadcrumb\",\"itemListElement\":[{\"@type\":\"ListItem\",\"position\":1,\"name\":\"Accueil\",\"item\":\"https:\\\/\\\/lasentinelle.dz\\\/\"},{\"@type\":\"ListItem\",\"position\":2,\"name\":\"5e Sommet intergouvernemental\u00a0alg\u00e9ro-italien\u00a0:\u00a0Plus de vingt accords sign\u00e9s\u00a0\"}]},{\"@type\":\"WebSite\",\"@id\":\"https:\\\/\\\/lasentinelle.dz\\\/#website\",\"url\":\"https:\\\/\\\/lasentinelle.dz\\\/\",\"name\":\"La Sentinelle\",\"description\":\"Quotidien national d&#039;information\",\"publisher\":{\"@id\":\"https:\\\/\\\/lasentinelle.dz\\\/#organization\"},\"potentialAction\":[{\"@type\":\"SearchAction\",\"target\":{\"@type\":\"EntryPoint\",\"urlTemplate\":\"https:\\\/\\\/lasentinelle.dz\\\/?s={search_term_string}\"},\"query-input\":{\"@type\":\"PropertyValueSpecification\",\"valueRequired\":true,\"valueName\":\"search_term_string\"}}],\"inLanguage\":\"fr-FR\"},{\"@type\":\"Organization\",\"@id\":\"https:\\\/\\\/lasentinelle.dz\\\/#organization\",\"name\":\"Quotidien La Sentinelle\",\"url\":\"https:\\\/\\\/lasentinelle.dz\\\/\",\"logo\":{\"@type\":\"ImageObject\",\"inLanguage\":\"fr-FR\",\"@id\":\"https:\\\/\\\/lasentinelle.dz\\\/#\\\/schema\\\/logo\\\/image\\\/\",\"url\":\"https:\\\/\\\/lasentinelle.dz\\\/wp-content\\\/uploads\\\/2021\\\/09\\\/logo-sentinelleSLOGAN-1.png\",\"contentUrl\":\"https:\\\/\\\/lasentinelle.dz\\\/wp-content\\\/uploads\\\/2021\\\/09\\\/logo-sentinelleSLOGAN-1.png\",\"width\":615,\"height\":142,\"caption\":\"Quotidien La Sentinelle\"},\"image\":{\"@id\":\"https:\\\/\\\/lasentinelle.dz\\\/#\\\/schema\\\/logo\\\/image\\\/\"},\"sameAs\":[\"https:\\\/\\\/www.facebook.com\\\/La-Sentinelle-104059864394773\"]},{\"@type\":\"Person\",\"@id\":\"https:\\\/\\\/lasentinelle.dz\\\/#\\\/schema\\\/person\\\/729ee0024f24e0b8c5ec17232f8e8b41\",\"name\":\"admin\",\"image\":{\"@type\":\"ImageObject\",\"inLanguage\":\"fr-FR\",\"@id\":\"https:\\\/\\\/secure.gravatar.com\\\/avatar\\\/4c81fed838786e9b53f540bf46533e750f5d292099ae3b66cfc6fb1982e29df7?s=96&d=mm&r=g\",\"url\":\"https:\\\/\\\/secure.gravatar.com\\\/avatar\\\/4c81fed838786e9b53f540bf46533e750f5d292099ae3b66cfc6fb1982e29df7?s=96&d=mm&r=g\",\"contentUrl\":\"https:\\\/\\\/secure.gravatar.com\\\/avatar\\\/4c81fed838786e9b53f540bf46533e750f5d292099ae3b66cfc6fb1982e29df7?s=96&d=mm&r=g\",\"caption\":\"admin\"},\"description\":\"admin\",\"url\":\"https:\\\/\\\/lasentinelle.dz\\\/author\\\/admin\\\/\"}]}<\/script>\n<!-- \/ Yoast SEO plugin. -->","yoast_head_json":{"title":"5e Sommet intergouvernemental\u00a0alg\u00e9ro-italien\u00a0:\u00a0Plus de vingt accords sign\u00e9s\u00a0 - La Sentinelle","robots":{"index":"index","follow":"follow","max-snippet":"max-snippet:-1","max-image-preview":"max-image-preview:large","max-video-preview":"max-video-preview:-1"},"canonical":"https:\/\/lasentinelle.dz\/index.php\/2025\/07\/24\/5e-sommet-intergouvernemental-algero-italien-plus-de-vingt-accords-signes\/","og_locale":"fr_FR","og_type":"article","og_title":"5e Sommet intergouvernemental\u00a0alg\u00e9ro-italien\u00a0:\u00a0Plus de vingt accords sign\u00e9s\u00a0 - La Sentinelle","og_description":"Le pr\u00e9sident&nbsp;de la R\u00e9publique&nbsp;Abdelmadjid Tebboune et la Premi\u00e8re ministre italienne Giorgia Meloni ont copr\u00e9sid\u00e9 mercredi \u00e0 Rome la c\u00e9r\u00e9monie de","og_url":"https:\/\/lasentinelle.dz\/index.php\/2025\/07\/24\/5e-sommet-intergouvernemental-algero-italien-plus-de-vingt-accords-signes\/","og_site_name":"La Sentinelle","article_publisher":"https:\/\/www.facebook.com\/La-Sentinelle-104059864394773","article_published_time":"2025-07-24T13:57:03+00:00","article_modified_time":"2025-07-26T13:58:28+00:00","og_image":[{"width":780,"height":486,"url":"https:\/\/lasentinelle.dz\/wp-content\/uploads\/2025\/07\/accords-e1753538292732.jpeg","type":"image\/jpeg"}],"author":"admin","twitter_card":"summary_large_image","twitter_misc":{"\u00c9crit par":"admin","Dur\u00e9e de lecture estim\u00e9e":"5 minutes"},"schema":{"@context":"https:\/\/schema.org","@graph":[{"@type":"Article","@id":"https:\/\/lasentinelle.dz\/index.php\/2025\/07\/24\/5e-sommet-intergouvernemental-algero-italien-plus-de-vingt-accords-signes\/#article","isPartOf":{"@id":"https:\/\/lasentinelle.dz\/index.php\/2025\/07\/24\/5e-sommet-intergouvernemental-algero-italien-plus-de-vingt-accords-signes\/"},"author":{"name":"admin","@id":"https:\/\/lasentinelle.dz\/#\/schema\/person\/729ee0024f24e0b8c5ec17232f8e8b41"},"headline":"5e Sommet intergouvernemental\u00a0alg\u00e9ro-italien\u00a0:\u00a0Plus de vingt accords sign\u00e9s\u00a0","datePublished":"2025-07-24T13:57:03+00:00","dateModified":"2025-07-26T13:58:28+00:00","mainEntityOfPage":{"@id":"https:\/\/lasentinelle.dz\/index.php\/2025\/07\/24\/5e-sommet-intergouvernemental-algero-italien-plus-de-vingt-accords-signes\/"},"wordCount":1065,"commentCount":0,"publisher":{"@id":"https:\/\/lasentinelle.dz\/#organization"},"image":{"@id":"https:\/\/lasentinelle.dz\/index.php\/2025\/07\/24\/5e-sommet-intergouvernemental-algero-italien-plus-de-vingt-accords-signes\/#primaryimage"},"thumbnailUrl":"https:\/\/lasentinelle.dz\/wp-content\/uploads\/2025\/07\/accords-e1753538292732.jpeg","articleSection":["\u00c0 la Une"],"inLanguage":"fr-FR","potentialAction":[{"@type":"CommentAction","name":"Comment","target":["https:\/\/lasentinelle.dz\/index.php\/2025\/07\/24\/5e-sommet-intergouvernemental-algero-italien-plus-de-vingt-accords-signes\/#respond"]}]},{"@type":"WebPage","@id":"https:\/\/lasentinelle.dz\/index.php\/2025\/07\/24\/5e-sommet-intergouvernemental-algero-italien-plus-de-vingt-accords-signes\/","url":"https:\/\/lasentinelle.dz\/index.php\/2025\/07\/24\/5e-sommet-intergouvernemental-algero-italien-plus-de-vingt-accords-signes\/","name":"5e Sommet intergouvernemental\u00a0alg\u00e9ro-italien\u00a0:\u00a0Plus de vingt accords sign\u00e9s\u00a0 - La Sentinelle","isPartOf":{"@id":"https:\/\/lasentinelle.dz\/#website"},"primaryImageOfPage":{"@id":"https:\/\/lasentinelle.dz\/index.php\/2025\/07\/24\/5e-sommet-intergouvernemental-algero-italien-plus-de-vingt-accords-signes\/#primaryimage"},"image":{"@id":"https:\/\/lasentinelle.dz\/index.php\/2025\/07\/24\/5e-sommet-intergouvernemental-algero-italien-plus-de-vingt-accords-signes\/#primaryimage"},"thumbnailUrl":"https:\/\/lasentinelle.dz\/wp-content\/uploads\/2025\/07\/accords-e1753538292732.jpeg","datePublished":"2025-07-24T13:57:03+00:00","dateModified":"2025-07-26T13:58:28+00:00","breadcrumb":{"@id":"https:\/\/lasentinelle.dz\/index.php\/2025\/07\/24\/5e-sommet-intergouvernemental-algero-italien-plus-de-vingt-accords-signes\/#breadcrumb"},"inLanguage":"fr-FR","potentialAction":[{"@type":"ReadAction","target":["https:\/\/lasentinelle.dz\/index.php\/2025\/07\/24\/5e-sommet-intergouvernemental-algero-italien-plus-de-vingt-accords-signes\/"]}]},{"@type":"ImageObject","inLanguage":"fr-FR","@id":"https:\/\/lasentinelle.dz\/index.php\/2025\/07\/24\/5e-sommet-intergouvernemental-algero-italien-plus-de-vingt-accords-signes\/#primaryimage","url":"https:\/\/lasentinelle.dz\/wp-content\/uploads\/2025\/07\/accords-e1753538292732.jpeg","contentUrl":"https:\/\/lasentinelle.dz\/wp-content\/uploads\/2025\/07\/accords-e1753538292732.jpeg","width":780,"height":486},{"@type":"BreadcrumbList","@id":"https:\/\/lasentinelle.dz\/index.php\/2025\/07\/24\/5e-sommet-intergouvernemental-algero-italien-plus-de-vingt-accords-signes\/#breadcrumb","itemListElement":[{"@type":"ListItem","position":1,"name":"Accueil","item":"https:\/\/lasentinelle.dz\/"},{"@type":"ListItem","position":2,"name":"5e Sommet intergouvernemental\u00a0alg\u00e9ro-italien\u00a0:\u00a0Plus de vingt accords sign\u00e9s\u00a0"}]},{"@type":"WebSite","@id":"https:\/\/lasentinelle.dz\/#website","url":"https:\/\/lasentinelle.dz\/","name":"La Sentinelle","description":"Quotidien national d&#039;information","publisher":{"@id":"https:\/\/lasentinelle.dz\/#organization"},"potentialAction":[{"@type":"SearchAction","target":{"@type":"EntryPoint","urlTemplate":"https:\/\/lasentinelle.dz\/?s={search_term_string}"},"query-input":{"@type":"PropertyValueSpecification","valueRequired":true,"valueName":"search_term_string"}}],"inLanguage":"fr-FR"},{"@type":"Organization","@id":"https:\/\/lasentinelle.dz\/#organization","name":"Quotidien La Sentinelle","url":"https:\/\/lasentinelle.dz\/","logo":{"@type":"ImageObject","inLanguage":"fr-FR","@id":"https:\/\/lasentinelle.dz\/#\/schema\/logo\/image\/","url":"https:\/\/lasentinelle.dz\/wp-content\/uploads\/2021\/09\/logo-sentinelleSLOGAN-1.png","contentUrl":"https:\/\/lasentinelle.dz\/wp-content\/uploads\/2021\/09\/logo-sentinelleSLOGAN-1.png","width":615,"height":142,"caption":"Quotidien La Sentinelle"},"image":{"@id":"https:\/\/lasentinelle.dz\/#\/schema\/logo\/image\/"},"sameAs":["https:\/\/www.facebook.com\/La-Sentinelle-104059864394773"]},{"@type":"Person","@id":"https:\/\/lasentinelle.dz\/#\/schema\/person\/729ee0024f24e0b8c5ec17232f8e8b41","name":"admin","image":{"@type":"ImageObject","inLanguage":"fr-FR","@id":"https:\/\/secure.gravatar.com\/avatar\/4c81fed838786e9b53f540bf46533e750f5d292099ae3b66cfc6fb1982e29df7?s=96&d=mm&r=g","url":"https:\/\/secure.gravatar.com\/avatar\/4c81fed838786e9b53f540bf46533e750f5d292099ae3b66cfc6fb1982e29df7?s=96&d=mm&r=g","contentUrl":"https:\/\/secure.gravatar.com\/avatar\/4c81fed838786e9b53f540bf46533e750f5d292099ae3b66cfc6fb1982e29df7?s=96&d=mm&r=g","caption":"admin"},"description":"admin","url":"https:\/\/lasentinelle.dz\/author\/admin\/"}]}},"_links":{"self":[{"href":"https:\/\/lasentinelle.dz\/index.php\/wp-json\/wp\/v2\/posts\/70905","targetHints":{"allow":["GET"]}}],"collection":[{"href":"https:\/\/lasentinelle.dz\/index.php\/wp-json\/wp\/v2\/posts"}],"about":[{"href":"https:\/\/lasentinelle.dz\/index.php\/wp-json\/wp\/v2\/types\/post"}],"author":[{"embeddable":true,"href":"https:\/\/lasentinelle.dz\/index.php\/wp-json\/wp\/v2\/users\/6"}],"replies":[{"embeddable":true,"href":"https:\/\/lasentinelle.dz\/index.php\/wp-json\/wp\/v2\/comments?post=70905"}],"version-history":[{"count":1,"href":"https:\/\/lasentinelle.dz\/index.php\/wp-json\/wp\/v2\/posts\/70905\/revisions"}],"predecessor-version":[{"id":70907,"href":"https:\/\/lasentinelle.dz\/index.php\/wp-json\/wp\/v2\/posts\/70905\/revisions\/70907"}],"wp:featuredmedia":[{"embeddable":true,"href":"https:\/\/lasentinelle.dz\/index.php\/wp-json\/wp\/v2\/media\/70906"}],"wp:attachment":[{"href":"https:\/\/lasentinelle.dz\/index.php\/wp-json\/wp\/v2\/media?parent=70905"}],"wp:term":[{"taxonomy":"category","embeddable":true,"href":"https:\/\/lasentinelle.dz\/index.php\/wp-json\/wp\/v2\/categories?post=70905"},{"taxonomy":"post_tag","embeddable":true,"href":"https:\/\/lasentinelle.dz\/index.php\/wp-json\/wp\/v2\/tags?post=70905"}],"curies":[{"name":"wp","href":"https:\/\/api.w.org\/{rel}","templated":true}]}}