{"id":70910,"date":"2025-07-24T14:59:23","date_gmt":"2025-07-24T13:59:23","guid":{"rendered":"https:\/\/lasentinelle.dz\/?p=70910"},"modified":"2025-07-26T15:01:01","modified_gmt":"2025-07-26T14:01:01","slug":"forum-daffaires-algero-italien-tebboune-souligne-les-performances-economiques-de-lalgerie","status":"publish","type":"post","link":"https:\/\/lasentinelle.dz\/index.php\/2025\/07\/24\/forum-daffaires-algero-italien-tebboune-souligne-les-performances-economiques-de-lalgerie\/","title":{"rendered":"Forum d&rsquo;affaires alg\u00e9ro-italien:\u00a0Tebboune\u00a0souligne\u00a0les performances \u00e9conomiques de l&rsquo;Alg\u00e9rie\u00a0"},"content":{"rendered":"\n<p>Le pr\u00e9sident&nbsp;de la R\u00e9publique&nbsp;a&nbsp;invit\u00e9&nbsp;mercredi \u00e0 Rome les entreprises italiennes \u00e0 saisir les opportunit\u00e9s d&rsquo;investissement dans un pays en pleine transformation.&nbsp;Copr\u00e9sidant avec la Premi\u00e8re ministre italienne Giorgia Meloni la cl\u00f4ture du Forum d&rsquo;affaires alg\u00e9ro-italien, le&nbsp;Pr\u00e9sident Abdelmadjid Tebboune a livr\u00e9 un plaidoyer appuy\u00e9 en faveur des performances \u00e9conomiques&nbsp;de l\u2019Alg\u00e9rie, qualifiant l&rsquo;Italie de \u00ab partenaire essentiel et s\u00e9rieux dans l&rsquo;accompagnement de la dynamique \u00e9conomique ambitieuse de notre pays, au service des int\u00e9r\u00eats mutuels, \u00e0 travers la coop\u00e9ration fructueuse et l&rsquo;\u00e9change d&rsquo;expertises \u00bb. Le chef de l&rsquo;\u00c9tat a d&#8217;embl\u00e9e soulign\u00e9 que la tenue de ce forum \u00ab refl\u00e8te la profondeur des relations historiques et incarne notre engagement \u00e0 les renforcer davantage et \u00e0 les hisser au niveau escompt\u00e9 \u00bb. Il&nbsp;a soulign\u00e9 que l\u2019\u00e9conomie nationale&nbsp;conna\u00eet dans diff\u00e9rents secteurs \u00ab une grande dynamique, comme en t\u00e9moigne le bilan positif r\u00e9alis\u00e9 au cours des derni\u00e8res ann\u00e9es \u00bb, avec des indicateurs \u00ab parmi les meilleurs dans la r\u00e9gion m\u00e9diterran\u00e9enne \u00bb. Tebboune a particuli\u00e8rement mis en avant \u00ab la croissance \u00e9conomique, la diversification de l&rsquo;\u00e9conomie et la ma\u00eetrise des grands \u00e9quilibres \u00bb, \u00e9l\u00e9ments qui selon lui \u00ab d\u00e9montrent l&rsquo;efficacit\u00e9 des mesures prises pour parvenir au mod\u00e8le en vigueur dans les pays class\u00e9s comme \u00e9mergents en Europe \u00bb.&nbsp;Cette rh\u00e9torique volontariste s&rsquo;accompagne d&rsquo;un argumentaire sur \u00ab la stabilit\u00e9 politique et institutionnelle \u00bb dont jouit l&rsquo;Alg\u00e9rie, facteur crucial pour rassurer les investisseurs internationaux. Le pr\u00e9sident&nbsp;de la R\u00e9publique&nbsp;a \u00e9galement mis l&rsquo;accent sur le d\u00e9veloppement des infrastructures, se vantant que l&rsquo;Alg\u00e9rie dispose du \u00ab plus grand r\u00e9seau routier en Afrique \u00bb et ambitionne de r\u00e9aliser \u00ab le plus grand r\u00e9seau de transport ferroviaire du continent \u00bb. Il a compl\u00e9t\u00e9 ce tableau en mentionnant que le pays dispose de 24 a\u00e9roports, infrastructure essentielle pour l&rsquo;attractivit\u00e9 \u00e9conomique.<\/p>\n\n\n\n<p>L&rsquo;atout d\u00e9mographique n&rsquo;a pas \u00e9t\u00e9 oubli\u00e9 dans cette pr\u00e9sentation. \u00ab Gr\u00e2ce \u00e0 son capital humain et \u00e0 sa jeunesse ambitieuse, l&rsquo;Alg\u00e9rie offre de v\u00e9ritables opportunit\u00e9s d&rsquo;investissement dans divers domaines, tels que les \u00e9nergies renouvelables, les industries pharmaceutique et de transformation, la transformation num\u00e9rique, les mines, l&rsquo;agriculture, le tourisme et le d\u00e9veloppement des services financiers \u00bb, a d\u00e9clar\u00e9 Tebboune, \u00e9num\u00e9rant un large \u00e9ventail de secteurs porteurs cens\u00e9s attirer les capitaux \u00e9trangers.<\/p>\n\n\n\n<p>Le pr\u00e9sident alg\u00e9rien a ensuite d\u00e9taill\u00e9 sa vision industrielle, d\u00e9clarant : \u00ab Je souhaite r\u00e9affirmer ici notre volont\u00e9 de relancer l&rsquo;industrie sur des bases durables qui permettent de r\u00e9pondre, dans un premier temps, aux besoins du march\u00e9 national, pour ensuite nous tourner vers l&rsquo;exportation \u00bb. Cette strat\u00e9gie en deux temps t\u00e9moigne d&rsquo;une approche pragmatique visant d&rsquo;abord la substitution aux importations avant de conqu\u00e9rir les march\u00e9s ext\u00e9rieurs.<\/p>\n\n\n\n<p>L&rsquo;exp\u00e9rience italienne constitue une r\u00e9f\u00e9rence explicite pour Alger. \u00ab Nous souhaitons b\u00e9n\u00e9ficier de l&rsquo;exp\u00e9rience italienne, reconnue mondialement, qui a fait de l&rsquo;Italie la deuxi\u00e8me puissance \u00e9conomique en Europe, notamment s&rsquo;agissant de l&rsquo;\u00e9cosyst\u00e8me des zones industrielles \u00bb, a poursuivi le&nbsp;Pr\u00e9sident.&nbsp;S&rsquo;adressant directement aux op\u00e9rateurs \u00e9conomiques pr\u00e9sents, Tebboune les a invit\u00e9s \u00e0 \u00ab s&rsquo;appuyer sur le capital des relations historiques entre les deux pays et sur la dynamique que connaissent leurs entreprises strat\u00e9giques, en vue de renforcer le partenariat selon le principe gagnant-gagnant \u00bb. Il a encourag\u00e9 les entreprises \u00e0 tirer \u00ab parti des compl\u00e9mentarit\u00e9s dans divers secteurs, notamment la r\u00e9alisation des grands projets, l&rsquo;extension du r\u00e9seau ferroviaire dans le Grand Sud sur 8.000 km, la valorisation des mati\u00e8res premi\u00e8res et la num\u00e9risation \u00bb.<\/p>\n\n\n\n<p>Le pr\u00e9sident a conclu son intervention en saluant les r\u00e9alisations concr\u00e8tes du partenariat bilat\u00e9ral, notamment \u00ab les projets bilat\u00e9raux concr\u00e9tis\u00e9s dans le domaine des hydrocarbures, dont le dernier contrat sign\u00e9 entre la soci\u00e9t\u00e9 italienne ENI et le groupe Sonatrach d&rsquo;une valeur de plus d&rsquo;un milliard de dollars \u00bb.&nbsp;<\/p>\n\n\n\n<p>Amar Malki<\/p>\n","protected":false},"excerpt":{"rendered":"<p>Le pr\u00e9sident&nbsp;de la R\u00e9publique&nbsp;a&nbsp;invit\u00e9&nbsp;mercredi \u00e0 Rome les entreprises italiennes \u00e0 saisir les opportunit\u00e9s d&rsquo;investissement dans un pays en pleine transformation.&nbsp;Copr\u00e9sidant<\/p>\n","protected":false},"author":6,"featured_media":70911,"comment_status":"open","ping_status":"closed","sticky":false,"template":"","format":"standard","meta":{"colormag_page_container_layout":"default_layout","colormag_page_sidebar_layout":"default_layout","om_disable_all_campaigns":false,"_monsterinsights_skip_tracking":false,"_monsterinsights_sitenote_active":false,"_monsterinsights_sitenote_note":"","_monsterinsights_sitenote_category":0,"footnotes":"","_wpscppro_dont_share_socialmedia":false,"_wpscppro_custom_social_share_image":0,"_facebook_share_type":"default","_twitter_share_type":"default","_linkedin_share_type":"default","_pinterest_share_type":"default","_linkedin_share_type_page":"","_instagram_share_type":"default","_medium_share_type":"default","_threads_share_type":"","_google_business_share_type":"","_selected_social_profile":[],"_wpsp_enable_custom_social_template":false,"_wpsp_social_scheduling":{"enabled":false,"datetime":null,"platforms":[],"status":"template_only","dateOption":"today","timeOption":"now","customDays":"","customHours":"","customDate":"","customTime":"","schedulingType":"absolute"},"_wpsp_active_default_template":true},"categories":[27],"tags":[],"class_list":["post-70910","post","type-post","status-publish","format-standard","has-post-thumbnail","hentry","category-actualite"],"aioseo_notices":[],"yoast_head":"<!-- This site is optimized with the Yoast SEO plugin v27.5 - https:\/\/yoast.com\/product\/yoast-seo-wordpress\/ -->\n<title>Forum d&rsquo;affaires alg\u00e9ro-italien:\u00a0Tebboune\u00a0souligne\u00a0les performances \u00e9conomiques de l&rsquo;Alg\u00e9rie\u00a0 - La Sentinelle<\/title>\n<meta name=\"robots\" content=\"index, follow, max-snippet:-1, max-image-preview:large, max-video-preview:-1\" \/>\n<link rel=\"canonical\" href=\"https:\/\/lasentinelle.dz\/index.php\/2025\/07\/24\/forum-daffaires-algero-italien-tebboune-souligne-les-performances-economiques-de-lalgerie\/\" \/>\n<meta property=\"og:locale\" content=\"fr_FR\" \/>\n<meta property=\"og:type\" content=\"article\" \/>\n<meta property=\"og:title\" content=\"Forum d&rsquo;affaires alg\u00e9ro-italien:\u00a0Tebboune\u00a0souligne\u00a0les performances \u00e9conomiques de l&rsquo;Alg\u00e9rie\u00a0 - La Sentinelle\" \/>\n<meta property=\"og:description\" content=\"Le pr\u00e9sident&nbsp;de la R\u00e9publique&nbsp;a&nbsp;invit\u00e9&nbsp;mercredi \u00e0 Rome les entreprises italiennes \u00e0 saisir les opportunit\u00e9s d&rsquo;investissement dans un pays en pleine transformation.&nbsp;Copr\u00e9sidant\" \/>\n<meta property=\"og:url\" content=\"https:\/\/lasentinelle.dz\/index.php\/2025\/07\/24\/forum-daffaires-algero-italien-tebboune-souligne-les-performances-economiques-de-lalgerie\/\" \/>\n<meta property=\"og:site_name\" content=\"La Sentinelle\" \/>\n<meta property=\"article:publisher\" content=\"https:\/\/www.facebook.com\/La-Sentinelle-104059864394773\" \/>\n<meta property=\"article:published_time\" content=\"2025-07-24T13:59:23+00:00\" \/>\n<meta property=\"article:modified_time\" content=\"2025-07-26T14:01:01+00:00\" \/>\n<meta property=\"og:image\" content=\"https:\/\/lasentinelle.dz\/wp-content\/uploads\/2025\/07\/Tebboune.jpeg\" \/>\n\t<meta property=\"og:image:width\" content=\"1775\" \/>\n\t<meta property=\"og:image:height\" content=\"1183\" \/>\n\t<meta property=\"og:image:type\" content=\"image\/jpeg\" \/>\n<meta name=\"author\" content=\"admin\" \/>\n<meta name=\"twitter:card\" content=\"summary_large_image\" \/>\n<meta name=\"twitter:label1\" content=\"\u00c9crit par\" \/>\n\t<meta name=\"twitter:data1\" content=\"admin\" \/>\n\t<meta name=\"twitter:label2\" content=\"Dur\u00e9e de lecture estim\u00e9e\" \/>\n\t<meta name=\"twitter:data2\" content=\"4 minutes\" \/>\n<script type=\"application\/ld+json\" class=\"yoast-schema-graph\">{\"@context\":\"https:\\\/\\\/schema.org\",\"@graph\":[{\"@type\":\"Article\",\"@id\":\"https:\\\/\\\/lasentinelle.dz\\\/index.php\\\/2025\\\/07\\\/24\\\/forum-daffaires-algero-italien-tebboune-souligne-les-performances-economiques-de-lalgerie\\\/#article\",\"isPartOf\":{\"@id\":\"https:\\\/\\\/lasentinelle.dz\\\/index.php\\\/2025\\\/07\\\/24\\\/forum-daffaires-algero-italien-tebboune-souligne-les-performances-economiques-de-lalgerie\\\/\"},\"author\":{\"name\":\"admin\",\"@id\":\"https:\\\/\\\/lasentinelle.dz\\\/#\\\/schema\\\/person\\\/729ee0024f24e0b8c5ec17232f8e8b41\"},\"headline\":\"Forum d&rsquo;affaires alg\u00e9ro-italien:\u00a0Tebboune\u00a0souligne\u00a0les performances \u00e9conomiques de l&rsquo;Alg\u00e9rie\u00a0\",\"datePublished\":\"2025-07-24T13:59:23+00:00\",\"dateModified\":\"2025-07-26T14:01:01+00:00\",\"mainEntityOfPage\":{\"@id\":\"https:\\\/\\\/lasentinelle.dz\\\/index.php\\\/2025\\\/07\\\/24\\\/forum-daffaires-algero-italien-tebboune-souligne-les-performances-economiques-de-lalgerie\\\/\"},\"wordCount\":719,\"commentCount\":0,\"publisher\":{\"@id\":\"https:\\\/\\\/lasentinelle.dz\\\/#organization\"},\"image\":{\"@id\":\"https:\\\/\\\/lasentinelle.dz\\\/index.php\\\/2025\\\/07\\\/24\\\/forum-daffaires-algero-italien-tebboune-souligne-les-performances-economiques-de-lalgerie\\\/#primaryimage\"},\"thumbnailUrl\":\"https:\\\/\\\/lasentinelle.dz\\\/wp-content\\\/uploads\\\/2025\\\/07\\\/Tebboune.jpeg\",\"articleSection\":[\"Actualit\u00e9\"],\"inLanguage\":\"fr-FR\",\"potentialAction\":[{\"@type\":\"CommentAction\",\"name\":\"Comment\",\"target\":[\"https:\\\/\\\/lasentinelle.dz\\\/index.php\\\/2025\\\/07\\\/24\\\/forum-daffaires-algero-italien-tebboune-souligne-les-performances-economiques-de-lalgerie\\\/#respond\"]}]},{\"@type\":\"WebPage\",\"@id\":\"https:\\\/\\\/lasentinelle.dz\\\/index.php\\\/2025\\\/07\\\/24\\\/forum-daffaires-algero-italien-tebboune-souligne-les-performances-economiques-de-lalgerie\\\/\",\"url\":\"https:\\\/\\\/lasentinelle.dz\\\/index.php\\\/2025\\\/07\\\/24\\\/forum-daffaires-algero-italien-tebboune-souligne-les-performances-economiques-de-lalgerie\\\/\",\"name\":\"Forum d&rsquo;affaires alg\u00e9ro-italien:\u00a0Tebboune\u00a0souligne\u00a0les performances \u00e9conomiques de l&rsquo;Alg\u00e9rie\u00a0 - La Sentinelle\",\"isPartOf\":{\"@id\":\"https:\\\/\\\/lasentinelle.dz\\\/#website\"},\"primaryImageOfPage\":{\"@id\":\"https:\\\/\\\/lasentinelle.dz\\\/index.php\\\/2025\\\/07\\\/24\\\/forum-daffaires-algero-italien-tebboune-souligne-les-performances-economiques-de-lalgerie\\\/#primaryimage\"},\"image\":{\"@id\":\"https:\\\/\\\/lasentinelle.dz\\\/index.php\\\/2025\\\/07\\\/24\\\/forum-daffaires-algero-italien-tebboune-souligne-les-performances-economiques-de-lalgerie\\\/#primaryimage\"},\"thumbnailUrl\":\"https:\\\/\\\/lasentinelle.dz\\\/wp-content\\\/uploads\\\/2025\\\/07\\\/Tebboune.jpeg\",\"datePublished\":\"2025-07-24T13:59:23+00:00\",\"dateModified\":\"2025-07-26T14:01:01+00:00\",\"breadcrumb\":{\"@id\":\"https:\\\/\\\/lasentinelle.dz\\\/index.php\\\/2025\\\/07\\\/24\\\/forum-daffaires-algero-italien-tebboune-souligne-les-performances-economiques-de-lalgerie\\\/#breadcrumb\"},\"inLanguage\":\"fr-FR\",\"potentialAction\":[{\"@type\":\"ReadAction\",\"target\":[\"https:\\\/\\\/lasentinelle.dz\\\/index.php\\\/2025\\\/07\\\/24\\\/forum-daffaires-algero-italien-tebboune-souligne-les-performances-economiques-de-lalgerie\\\/\"]}]},{\"@type\":\"ImageObject\",\"inLanguage\":\"fr-FR\",\"@id\":\"https:\\\/\\\/lasentinelle.dz\\\/index.php\\\/2025\\\/07\\\/24\\\/forum-daffaires-algero-italien-tebboune-souligne-les-performances-economiques-de-lalgerie\\\/#primaryimage\",\"url\":\"https:\\\/\\\/lasentinelle.dz\\\/wp-content\\\/uploads\\\/2025\\\/07\\\/Tebboune.jpeg\",\"contentUrl\":\"https:\\\/\\\/lasentinelle.dz\\\/wp-content\\\/uploads\\\/2025\\\/07\\\/Tebboune.jpeg\",\"width\":1775,\"height\":1183},{\"@type\":\"BreadcrumbList\",\"@id\":\"https:\\\/\\\/lasentinelle.dz\\\/index.php\\\/2025\\\/07\\\/24\\\/forum-daffaires-algero-italien-tebboune-souligne-les-performances-economiques-de-lalgerie\\\/#breadcrumb\",\"itemListElement\":[{\"@type\":\"ListItem\",\"position\":1,\"name\":\"Accueil\",\"item\":\"https:\\\/\\\/lasentinelle.dz\\\/\"},{\"@type\":\"ListItem\",\"position\":2,\"name\":\"Forum d&rsquo;affaires alg\u00e9ro-italien:\u00a0Tebboune\u00a0souligne\u00a0les performances \u00e9conomiques de l&rsquo;Alg\u00e9rie\u00a0\"}]},{\"@type\":\"WebSite\",\"@id\":\"https:\\\/\\\/lasentinelle.dz\\\/#website\",\"url\":\"https:\\\/\\\/lasentinelle.dz\\\/\",\"name\":\"La Sentinelle\",\"description\":\"Quotidien national d&#039;information\",\"publisher\":{\"@id\":\"https:\\\/\\\/lasentinelle.dz\\\/#organization\"},\"potentialAction\":[{\"@type\":\"SearchAction\",\"target\":{\"@type\":\"EntryPoint\",\"urlTemplate\":\"https:\\\/\\\/lasentinelle.dz\\\/?s={search_term_string}\"},\"query-input\":{\"@type\":\"PropertyValueSpecification\",\"valueRequired\":true,\"valueName\":\"search_term_string\"}}],\"inLanguage\":\"fr-FR\"},{\"@type\":\"Organization\",\"@id\":\"https:\\\/\\\/lasentinelle.dz\\\/#organization\",\"name\":\"Quotidien La Sentinelle\",\"url\":\"https:\\\/\\\/lasentinelle.dz\\\/\",\"logo\":{\"@type\":\"ImageObject\",\"inLanguage\":\"fr-FR\",\"@id\":\"https:\\\/\\\/lasentinelle.dz\\\/#\\\/schema\\\/logo\\\/image\\\/\",\"url\":\"https:\\\/\\\/lasentinelle.dz\\\/wp-content\\\/uploads\\\/2021\\\/09\\\/logo-sentinelleSLOGAN-1.png\",\"contentUrl\":\"https:\\\/\\\/lasentinelle.dz\\\/wp-content\\\/uploads\\\/2021\\\/09\\\/logo-sentinelleSLOGAN-1.png\",\"width\":615,\"height\":142,\"caption\":\"Quotidien La Sentinelle\"},\"image\":{\"@id\":\"https:\\\/\\\/lasentinelle.dz\\\/#\\\/schema\\\/logo\\\/image\\\/\"},\"sameAs\":[\"https:\\\/\\\/www.facebook.com\\\/La-Sentinelle-104059864394773\"]},{\"@type\":\"Person\",\"@id\":\"https:\\\/\\\/lasentinelle.dz\\\/#\\\/schema\\\/person\\\/729ee0024f24e0b8c5ec17232f8e8b41\",\"name\":\"admin\",\"image\":{\"@type\":\"ImageObject\",\"inLanguage\":\"fr-FR\",\"@id\":\"https:\\\/\\\/secure.gravatar.com\\\/avatar\\\/4c81fed838786e9b53f540bf46533e750f5d292099ae3b66cfc6fb1982e29df7?s=96&d=mm&r=g\",\"url\":\"https:\\\/\\\/secure.gravatar.com\\\/avatar\\\/4c81fed838786e9b53f540bf46533e750f5d292099ae3b66cfc6fb1982e29df7?s=96&d=mm&r=g\",\"contentUrl\":\"https:\\\/\\\/secure.gravatar.com\\\/avatar\\\/4c81fed838786e9b53f540bf46533e750f5d292099ae3b66cfc6fb1982e29df7?s=96&d=mm&r=g\",\"caption\":\"admin\"},\"description\":\"admin\",\"url\":\"https:\\\/\\\/lasentinelle.dz\\\/author\\\/admin\\\/\"}]}<\/script>\n<!-- \/ Yoast SEO plugin. -->","yoast_head_json":{"title":"Forum d&rsquo;affaires alg\u00e9ro-italien:\u00a0Tebboune\u00a0souligne\u00a0les performances \u00e9conomiques de l&rsquo;Alg\u00e9rie\u00a0 - La Sentinelle","robots":{"index":"index","follow":"follow","max-snippet":"max-snippet:-1","max-image-preview":"max-image-preview:large","max-video-preview":"max-video-preview:-1"},"canonical":"https:\/\/lasentinelle.dz\/index.php\/2025\/07\/24\/forum-daffaires-algero-italien-tebboune-souligne-les-performances-economiques-de-lalgerie\/","og_locale":"fr_FR","og_type":"article","og_title":"Forum d&rsquo;affaires alg\u00e9ro-italien:\u00a0Tebboune\u00a0souligne\u00a0les performances \u00e9conomiques de l&rsquo;Alg\u00e9rie\u00a0 - La Sentinelle","og_description":"Le pr\u00e9sident&nbsp;de la R\u00e9publique&nbsp;a&nbsp;invit\u00e9&nbsp;mercredi \u00e0 Rome les entreprises italiennes \u00e0 saisir les opportunit\u00e9s d&rsquo;investissement dans un pays en pleine transformation.&nbsp;Copr\u00e9sidant","og_url":"https:\/\/lasentinelle.dz\/index.php\/2025\/07\/24\/forum-daffaires-algero-italien-tebboune-souligne-les-performances-economiques-de-lalgerie\/","og_site_name":"La Sentinelle","article_publisher":"https:\/\/www.facebook.com\/La-Sentinelle-104059864394773","article_published_time":"2025-07-24T13:59:23+00:00","article_modified_time":"2025-07-26T14:01:01+00:00","og_image":[{"width":1775,"height":1183,"url":"https:\/\/lasentinelle.dz\/wp-content\/uploads\/2025\/07\/Tebboune.jpeg","type":"image\/jpeg"}],"author":"admin","twitter_card":"summary_large_image","twitter_misc":{"\u00c9crit par":"admin","Dur\u00e9e de lecture estim\u00e9e":"4 minutes"},"schema":{"@context":"https:\/\/schema.org","@graph":[{"@type":"Article","@id":"https:\/\/lasentinelle.dz\/index.php\/2025\/07\/24\/forum-daffaires-algero-italien-tebboune-souligne-les-performances-economiques-de-lalgerie\/#article","isPartOf":{"@id":"https:\/\/lasentinelle.dz\/index.php\/2025\/07\/24\/forum-daffaires-algero-italien-tebboune-souligne-les-performances-economiques-de-lalgerie\/"},"author":{"name":"admin","@id":"https:\/\/lasentinelle.dz\/#\/schema\/person\/729ee0024f24e0b8c5ec17232f8e8b41"},"headline":"Forum d&rsquo;affaires alg\u00e9ro-italien:\u00a0Tebboune\u00a0souligne\u00a0les performances \u00e9conomiques de l&rsquo;Alg\u00e9rie\u00a0","datePublished":"2025-07-24T13:59:23+00:00","dateModified":"2025-07-26T14:01:01+00:00","mainEntityOfPage":{"@id":"https:\/\/lasentinelle.dz\/index.php\/2025\/07\/24\/forum-daffaires-algero-italien-tebboune-souligne-les-performances-economiques-de-lalgerie\/"},"wordCount":719,"commentCount":0,"publisher":{"@id":"https:\/\/lasentinelle.dz\/#organization"},"image":{"@id":"https:\/\/lasentinelle.dz\/index.php\/2025\/07\/24\/forum-daffaires-algero-italien-tebboune-souligne-les-performances-economiques-de-lalgerie\/#primaryimage"},"thumbnailUrl":"https:\/\/lasentinelle.dz\/wp-content\/uploads\/2025\/07\/Tebboune.jpeg","articleSection":["Actualit\u00e9"],"inLanguage":"fr-FR","potentialAction":[{"@type":"CommentAction","name":"Comment","target":["https:\/\/lasentinelle.dz\/index.php\/2025\/07\/24\/forum-daffaires-algero-italien-tebboune-souligne-les-performances-economiques-de-lalgerie\/#respond"]}]},{"@type":"WebPage","@id":"https:\/\/lasentinelle.dz\/index.php\/2025\/07\/24\/forum-daffaires-algero-italien-tebboune-souligne-les-performances-economiques-de-lalgerie\/","url":"https:\/\/lasentinelle.dz\/index.php\/2025\/07\/24\/forum-daffaires-algero-italien-tebboune-souligne-les-performances-economiques-de-lalgerie\/","name":"Forum d&rsquo;affaires alg\u00e9ro-italien:\u00a0Tebboune\u00a0souligne\u00a0les performances \u00e9conomiques de l&rsquo;Alg\u00e9rie\u00a0 - La Sentinelle","isPartOf":{"@id":"https:\/\/lasentinelle.dz\/#website"},"primaryImageOfPage":{"@id":"https:\/\/lasentinelle.dz\/index.php\/2025\/07\/24\/forum-daffaires-algero-italien-tebboune-souligne-les-performances-economiques-de-lalgerie\/#primaryimage"},"image":{"@id":"https:\/\/lasentinelle.dz\/index.php\/2025\/07\/24\/forum-daffaires-algero-italien-tebboune-souligne-les-performances-economiques-de-lalgerie\/#primaryimage"},"thumbnailUrl":"https:\/\/lasentinelle.dz\/wp-content\/uploads\/2025\/07\/Tebboune.jpeg","datePublished":"2025-07-24T13:59:23+00:00","dateModified":"2025-07-26T14:01:01+00:00","breadcrumb":{"@id":"https:\/\/lasentinelle.dz\/index.php\/2025\/07\/24\/forum-daffaires-algero-italien-tebboune-souligne-les-performances-economiques-de-lalgerie\/#breadcrumb"},"inLanguage":"fr-FR","potentialAction":[{"@type":"ReadAction","target":["https:\/\/lasentinelle.dz\/index.php\/2025\/07\/24\/forum-daffaires-algero-italien-tebboune-souligne-les-performances-economiques-de-lalgerie\/"]}]},{"@type":"ImageObject","inLanguage":"fr-FR","@id":"https:\/\/lasentinelle.dz\/index.php\/2025\/07\/24\/forum-daffaires-algero-italien-tebboune-souligne-les-performances-economiques-de-lalgerie\/#primaryimage","url":"https:\/\/lasentinelle.dz\/wp-content\/uploads\/2025\/07\/Tebboune.jpeg","contentUrl":"https:\/\/lasentinelle.dz\/wp-content\/uploads\/2025\/07\/Tebboune.jpeg","width":1775,"height":1183},{"@type":"BreadcrumbList","@id":"https:\/\/lasentinelle.dz\/index.php\/2025\/07\/24\/forum-daffaires-algero-italien-tebboune-souligne-les-performances-economiques-de-lalgerie\/#breadcrumb","itemListElement":[{"@type":"ListItem","position":1,"name":"Accueil","item":"https:\/\/lasentinelle.dz\/"},{"@type":"ListItem","position":2,"name":"Forum d&rsquo;affaires alg\u00e9ro-italien:\u00a0Tebboune\u00a0souligne\u00a0les performances \u00e9conomiques de l&rsquo;Alg\u00e9rie\u00a0"}]},{"@type":"WebSite","@id":"https:\/\/lasentinelle.dz\/#website","url":"https:\/\/lasentinelle.dz\/","name":"La Sentinelle","description":"Quotidien national d&#039;information","publisher":{"@id":"https:\/\/lasentinelle.dz\/#organization"},"potentialAction":[{"@type":"SearchAction","target":{"@type":"EntryPoint","urlTemplate":"https:\/\/lasentinelle.dz\/?s={search_term_string}"},"query-input":{"@type":"PropertyValueSpecification","valueRequired":true,"valueName":"search_term_string"}}],"inLanguage":"fr-FR"},{"@type":"Organization","@id":"https:\/\/lasentinelle.dz\/#organization","name":"Quotidien La Sentinelle","url":"https:\/\/lasentinelle.dz\/","logo":{"@type":"ImageObject","inLanguage":"fr-FR","@id":"https:\/\/lasentinelle.dz\/#\/schema\/logo\/image\/","url":"https:\/\/lasentinelle.dz\/wp-content\/uploads\/2021\/09\/logo-sentinelleSLOGAN-1.png","contentUrl":"https:\/\/lasentinelle.dz\/wp-content\/uploads\/2021\/09\/logo-sentinelleSLOGAN-1.png","width":615,"height":142,"caption":"Quotidien La Sentinelle"},"image":{"@id":"https:\/\/lasentinelle.dz\/#\/schema\/logo\/image\/"},"sameAs":["https:\/\/www.facebook.com\/La-Sentinelle-104059864394773"]},{"@type":"Person","@id":"https:\/\/lasentinelle.dz\/#\/schema\/person\/729ee0024f24e0b8c5ec17232f8e8b41","name":"admin","image":{"@type":"ImageObject","inLanguage":"fr-FR","@id":"https:\/\/secure.gravatar.com\/avatar\/4c81fed838786e9b53f540bf46533e750f5d292099ae3b66cfc6fb1982e29df7?s=96&d=mm&r=g","url":"https:\/\/secure.gravatar.com\/avatar\/4c81fed838786e9b53f540bf46533e750f5d292099ae3b66cfc6fb1982e29df7?s=96&d=mm&r=g","contentUrl":"https:\/\/secure.gravatar.com\/avatar\/4c81fed838786e9b53f540bf46533e750f5d292099ae3b66cfc6fb1982e29df7?s=96&d=mm&r=g","caption":"admin"},"description":"admin","url":"https:\/\/lasentinelle.dz\/author\/admin\/"}]}},"_links":{"self":[{"href":"https:\/\/lasentinelle.dz\/index.php\/wp-json\/wp\/v2\/posts\/70910","targetHints":{"allow":["GET"]}}],"collection":[{"href":"https:\/\/lasentinelle.dz\/index.php\/wp-json\/wp\/v2\/posts"}],"about":[{"href":"https:\/\/lasentinelle.dz\/index.php\/wp-json\/wp\/v2\/types\/post"}],"author":[{"embeddable":true,"href":"https:\/\/lasentinelle.dz\/index.php\/wp-json\/wp\/v2\/users\/6"}],"replies":[{"embeddable":true,"href":"https:\/\/lasentinelle.dz\/index.php\/wp-json\/wp\/v2\/comments?post=70910"}],"version-history":[{"count":2,"href":"https:\/\/lasentinelle.dz\/index.php\/wp-json\/wp\/v2\/posts\/70910\/revisions"}],"predecessor-version":[{"id":70913,"href":"https:\/\/lasentinelle.dz\/index.php\/wp-json\/wp\/v2\/posts\/70910\/revisions\/70913"}],"wp:featuredmedia":[{"embeddable":true,"href":"https:\/\/lasentinelle.dz\/index.php\/wp-json\/wp\/v2\/media\/70911"}],"wp:attachment":[{"href":"https:\/\/lasentinelle.dz\/index.php\/wp-json\/wp\/v2\/media?parent=70910"}],"wp:term":[{"taxonomy":"category","embeddable":true,"href":"https:\/\/lasentinelle.dz\/index.php\/wp-json\/wp\/v2\/categories?post=70910"},{"taxonomy":"post_tag","embeddable":true,"href":"https:\/\/lasentinelle.dz\/index.php\/wp-json\/wp\/v2\/tags?post=70910"}],"curies":[{"name":"wp","href":"https:\/\/api.w.org\/{rel}","templated":true}]}}