{"id":70914,"date":"2025-07-24T15:01:05","date_gmt":"2025-07-24T14:01:05","guid":{"rendered":"https:\/\/lasentinelle.dz\/?p=70914"},"modified":"2025-07-26T15:02:08","modified_gmt":"2025-07-26T14:02:08","slug":"un-partenariat-aux-enjeux-strategiques","status":"publish","type":"post","link":"https:\/\/lasentinelle.dz\/index.php\/2025\/07\/24\/un-partenariat-aux-enjeux-strategiques\/","title":{"rendered":"Un partenariat\u00a0aux enjeux strat\u00e9giques"},"content":{"rendered":"\n<p>La visite officielle du pr\u00e9sident&nbsp;de la R\u00e9publique&nbsp;en Italie marque une nouvelle \u00e9tape dans les relations bilat\u00e9rales, avec la signature de plus de vingt accords de coop\u00e9ration et l&rsquo;affirmation d&rsquo;un partenariat strat\u00e9gique.<\/p>\n\n\n\n<p>Le pr\u00e9sident de la R\u00e9publique, Abdelmadjid Tebboune, a&nbsp;effectu\u00e9&nbsp;mercredi \u00e0 Rome une visite officielle&nbsp;d\u2019importance strat\u00e9gique, marqu\u00e9e par la tenue de la 5e session du Sommet intergouvernemental alg\u00e9ro-italien de haut niveau. Cette rencontre, copr\u00e9sid\u00e9e avec la Premi\u00e8re ministre italienne Giorgia Meloni, illustre la mont\u00e9e en puissance d&rsquo;un partenariat bilat\u00e9ral aux enjeux g\u00e9opolitiques majeurs.&nbsp;Dans une d\u00e9claration conjointe \u00e0 la presse, le&nbsp;Pr\u00e9sident Tebboune a&nbsp;soulign\u00e9 que&nbsp;cette visite de \u00ab nouveau jalon dans l&rsquo;\u00e9difice des relations exemplaires entre l&rsquo;Alg\u00e9rie et l&rsquo;Italie \u00bb et d&rsquo;\u00ab \u00e9tape importante dans le cadre du travail et de la coordination continue pour le renforcement et l&rsquo;\u00e9largissement du partenariat entre les deux pays amis \u00bb. Le pr\u00e9sident&nbsp;de la R\u00e9publique&nbsp;a pr\u00e9cis\u00e9 que la 5e session du Sommet intergouvernemental vient \u00ab concr\u00e9tiser des d\u00e9marches pratiques refl\u00e9tant une volont\u00e9 politique ancr\u00e9e de renforcer nos relations historiques et d&rsquo;\u00e9riger davantage de passerelles de coop\u00e9ration dans des secteurs prometteurs, comme les ressources en eau, l&rsquo;agriculture durable, l&rsquo;industrie, les transports et la diversit\u00e9 culturelle et scientifique \u00bb. Il a particuli\u00e8rement insist\u00e9 sur le fait que cette session vient \u00ab confirmer la relation fiable avec l&rsquo;Italie, pays ami, dans les domaines de l&rsquo;\u00e9nergie et des \u00e9nergies renouvelables \u00bb.<\/p>\n\n\n\n<p>Cette approche multisectorielle t\u00e9moigne d&rsquo;une strat\u00e9gie de diversification des partenariats, l&rsquo;Alg\u00e9rie cherchant \u00e0 valoriser ses atouts au-del\u00e0 des hydrocarbures traditionnels. Le&nbsp;Pr\u00e9sident Tebboune s&rsquo;est \u00e9galement dit \u00ab convaincu que les r\u00e9sultats de ce sommet, aussi bien les accords sectoriels sign\u00e9s que les conclusions du Forum d&rsquo;affaires alg\u00e9ro-italien, ouvrent de larges perspectives au partenariat strat\u00e9gique et exemplaire entre l&rsquo;Alg\u00e9rie et l&rsquo;Italie, refl\u00e9tant la profondeur des relations historiques et des liens d&rsquo;amiti\u00e9 enracin\u00e9s entre les deux pays \u00bb.<\/p>\n\n\n\n<p><strong>Meloni salue la \u00ab\u00a0grande comp\u00e9tence\u00a0\u00bb de Tebboune<\/strong><\/p>\n\n\n\n<p>La Premi\u00e8re ministre italienne Giorgia Meloni, de son c\u00f4t\u00e9,&nbsp;n&rsquo;a pas m\u00e9nag\u00e9 ses \u00e9loges envers son homologue alg\u00e9rien, d\u00e9clarant que le pr\u00e9sident Tebboune jouissait d&rsquo;\u00ab une grande comp\u00e9tence \u00bb et soulignant que \u00ab les relations entre l&rsquo;Alg\u00e9rie et l&rsquo;Italie ne cessent de se renforcer \u00bb. Cette reconnaissance publique t\u00e9moigne de l&rsquo;importance accord\u00e9e par Rome \u00e0 ce partenariat strat\u00e9gique et de la confiance accord\u00e9e au leadership alg\u00e9rien.Evoquant les liens historiques unissant les deux pays m\u00e9diterran\u00e9ens, Meloni a soulign\u00e9 la dimension r\u00e9ciproque de cette relation d&rsquo;exception : \u00ab Tout comme l&rsquo;Italie s&rsquo;est tenue aux c\u00f4t\u00e9s de l&rsquo;Alg\u00e9rie dans les moments difficiles, l&rsquo;Alg\u00e9rie a toujours \u00e9t\u00e9 aux c\u00f4t\u00e9s de l&rsquo;Italie \u00bb. Cette r\u00e9f\u00e9rence aux \u00ab moments difficiles \u00bb \u00e9voque implicitement la p\u00e9riode coloniale et les \u00e9preuves travers\u00e9es par les deux nations, t\u00e9moignant d&rsquo;une maturit\u00e9 diplomatique dans l&rsquo;approche des relations bilat\u00e9rales.<\/p>\n\n\n\n<p>La dirigeante italienne a particuli\u00e8rement mis en avant le projet \u00ab Enrico Mattei \u00bb qui, selon ses termes, \u00ab rapproche les deux pays plus que jamais \u00bb. Cette r\u00e9f\u00e9rence au fondateur de l&rsquo;ENI, pionnier de la coop\u00e9ration \u00e9nerg\u00e9tique avec les pays producteurs, illustre la continuit\u00e9 historique de ce partenariat strat\u00e9gique.<\/p>\n\n\n\n<p>L&rsquo;enjeu \u00e9nerg\u00e9tique occupe une place centrale dans cette coop\u00e9ration renforc\u00e9e. Meloni a confirm\u00e9 l&rsquo;ambition g\u00e9opolitique de son pays en d\u00e9clarant que l&rsquo;Italie \u00ab aspire \u00e0 devenir un hub de distribution \u00e9nerg\u00e9tique en Europe \u00e0 travers le partenariat strat\u00e9gique qu&rsquo;il d\u00e9veloppe avec l&rsquo;Alg\u00e9rie \u00bb. Cette d\u00e9claration r\u00e9v\u00e8le la strat\u00e9gie italienne de se positionner comme la porte d&rsquo;entr\u00e9e privil\u00e9gi\u00e9e du gaz alg\u00e9rien vers l&rsquo;Europe, dans un contexte de diversification \u00e9nerg\u00e9tique.<\/p>\n\n\n\n<p><strong>Palestine&nbsp;: Tebboune interpelle la communaut\u00e9 internationale<\/strong><\/p>\n\n\n\n<p>Au-del\u00e0 des questions bilat\u00e9rales, le&nbsp;Pr\u00e9sident Tebboune a tenu \u00e0 aborder les grands dossiers r\u00e9gionaux avec une fermet\u00e9 remarqu\u00e9e. Il a ainsi appel\u00e9 la communaut\u00e9 internationale \u00e0 \u00ab assumer sa responsabilit\u00e9 politique et morale pour mettre fin au g\u00e9nocide et aux violations continues \u00e0 l&rsquo;encontre du peuple palestinien \u00bb. \u00ab Nous avons exprim\u00e9 dans ce contexte notre inqui\u00e9tude vis-\u00e0-vis de la situation g\u00e9n\u00e9rale au Moyen-Orient, qui exige des efforts de toute urgence pour \u00e9viter l&rsquo;escalade et l&rsquo;instabilit\u00e9 dans la r\u00e9gion \u00bb, a-t-il pr\u00e9cis\u00e9, inscrivant la position alg\u00e9rienne dans une approche r\u00e9gionale globale. Concernant le Sahara occidental, le pr\u00e9sident&nbsp;de la R\u00e9publique&nbsp;a r\u00e9affirm\u00e9 : \u00ab Nous avons r\u00e9affirm\u00e9 notre soutien commun \u00e0 l&rsquo;Envoy\u00e9 personnel du Secr\u00e9taire g\u00e9n\u00e9ral des Nations Unies en vue de parvenir \u00e0 une solution politique juste, conforme \u00e0 la l\u00e9galit\u00e9 internationale, permettant au peuple sahraoui d&rsquo;exercer son droit inali\u00e9nable \u00e0 l&rsquo;autod\u00e9termination \u00bb.<\/p>\n\n\n\n<p>Les entretiens ont \u00e9galement permis de \u00ab proc\u00e9der \u00e0 un \u00e9change de vues sur la situation au Sahel et les m\u00e9canismes de renforcement des efforts collectifs visant \u00e0 garantir la s\u00e9curit\u00e9 et le d\u00e9veloppement, ainsi qu&rsquo;en mati\u00e8re de lutte contre le terrorisme dans cette r\u00e9gion vitale \u00bb, confirmant le r\u00f4le pivot de l&rsquo;Alg\u00e9rie dans la stabilit\u00e9 r\u00e9gionale et sa fonction de m\u00e9diateur dans les crises sah\u00e9liennes.<\/p>\n\n\n\n<p>La signature de plus d&rsquo;une vingtaine d&rsquo;accords de coop\u00e9ration et m\u00e9morandums d&rsquo;entente dans diff\u00e9rents domaines, conclus en pr\u00e9sence des d\u00e9l\u00e9gations des deux pays lors de c\u00e9r\u00e9monies protocolaires au Palais du Quirinal avec le pr\u00e9sident Sergio Mattarella et \u00e0 la Villa Doria Pamphilj avec Giorgia Meloni, consacre ainsi l&rsquo;\u00e9mergence d&rsquo;un axe alg\u00e9ro-italien aux ramifications m\u00e9diterran\u00e9ennes et europ\u00e9ennes majeures.<\/p>\n\n\n\n<p>Hocine Fadheli<\/p>\n\n\n\n<p><strong>Le pr\u00e9sident de la R\u00e9publique rendra visite, jeudi, au Pape L\u00e9on XIV<\/strong><\/p>\n\n\n\n<p>Le pr\u00e9sident de la R\u00e9publique, M. Abdelmadjid Tebboune, rendra visite, jeudi, au Pape L\u00e9on XIV dans l&rsquo;Etat de la Cit\u00e9 du Vatican, a indiqu\u00e9 mercredi un communiqu\u00e9 de la Pr\u00e9sidence de la R\u00e9publique.(APS)<\/p>\n","protected":false},"excerpt":{"rendered":"<p>La visite officielle du pr\u00e9sident&nbsp;de la R\u00e9publique&nbsp;en Italie marque une nouvelle \u00e9tape dans les relations bilat\u00e9rales, avec la signature de<\/p>\n","protected":false},"author":6,"featured_media":70915,"comment_status":"open","ping_status":"closed","sticky":false,"template":"","format":"standard","meta":{"colormag_page_container_layout":"default_layout","colormag_page_sidebar_layout":"default_layout","om_disable_all_campaigns":false,"_monsterinsights_skip_tracking":false,"_monsterinsights_sitenote_active":false,"_monsterinsights_sitenote_note":"","_monsterinsights_sitenote_category":0,"footnotes":"","_wpscppro_dont_share_socialmedia":false,"_wpscppro_custom_social_share_image":0,"_facebook_share_type":"default","_twitter_share_type":"default","_linkedin_share_type":"default","_pinterest_share_type":"default","_linkedin_share_type_page":"","_instagram_share_type":"default","_medium_share_type":"default","_threads_share_type":"","_google_business_share_type":"","_selected_social_profile":[],"_wpsp_enable_custom_social_template":false,"_wpsp_social_scheduling":{"enabled":false,"datetime":null,"platforms":[],"status":"template_only","dateOption":"today","timeOption":"now","customDays":"","customHours":"","customDate":"","customTime":"","schedulingType":"absolute"},"_wpsp_active_default_template":true},"categories":[52,27],"tags":[],"class_list":["post-70914","post","type-post","status-publish","format-standard","has-post-thumbnail","hentry","category-a-la-une","category-actualite"],"aioseo_notices":[],"yoast_head":"<!-- This site is optimized with the Yoast SEO plugin v27.5 - https:\/\/yoast.com\/product\/yoast-seo-wordpress\/ -->\n<title>Un partenariat\u00a0aux enjeux strat\u00e9giques - La Sentinelle<\/title>\n<meta name=\"robots\" content=\"index, follow, max-snippet:-1, max-image-preview:large, max-video-preview:-1\" \/>\n<link rel=\"canonical\" href=\"https:\/\/lasentinelle.dz\/index.php\/2025\/07\/24\/un-partenariat-aux-enjeux-strategiques\/\" \/>\n<meta property=\"og:locale\" content=\"fr_FR\" \/>\n<meta property=\"og:type\" content=\"article\" \/>\n<meta property=\"og:title\" content=\"Un partenariat\u00a0aux enjeux strat\u00e9giques - La Sentinelle\" \/>\n<meta property=\"og:description\" content=\"La visite officielle du pr\u00e9sident&nbsp;de la R\u00e9publique&nbsp;en Italie marque une nouvelle \u00e9tape dans les relations bilat\u00e9rales, avec la signature de\" \/>\n<meta property=\"og:url\" content=\"https:\/\/lasentinelle.dz\/index.php\/2025\/07\/24\/un-partenariat-aux-enjeux-strategiques\/\" \/>\n<meta property=\"og:site_name\" content=\"La Sentinelle\" \/>\n<meta property=\"article:publisher\" content=\"https:\/\/www.facebook.com\/La-Sentinelle-104059864394773\" \/>\n<meta property=\"article:published_time\" content=\"2025-07-24T14:01:05+00:00\" \/>\n<meta property=\"article:modified_time\" content=\"2025-07-26T14:02:08+00:00\" \/>\n<meta property=\"og:image\" content=\"https:\/\/lasentinelle.dz\/wp-content\/uploads\/2025\/07\/523940496_1169652648529794_2777046591916574965_n.jpeg\" \/>\n\t<meta property=\"og:image:width\" content=\"2048\" \/>\n\t<meta property=\"og:image:height\" content=\"1366\" \/>\n\t<meta property=\"og:image:type\" content=\"image\/jpeg\" \/>\n<meta name=\"author\" content=\"admin\" \/>\n<meta name=\"twitter:card\" content=\"summary_large_image\" \/>\n<meta name=\"twitter:label1\" content=\"\u00c9crit par\" \/>\n\t<meta name=\"twitter:data1\" content=\"admin\" \/>\n\t<meta name=\"twitter:label2\" content=\"Dur\u00e9e de lecture estim\u00e9e\" \/>\n\t<meta name=\"twitter:data2\" content=\"5 minutes\" \/>\n<script type=\"application\/ld+json\" class=\"yoast-schema-graph\">{\"@context\":\"https:\\\/\\\/schema.org\",\"@graph\":[{\"@type\":\"Article\",\"@id\":\"https:\\\/\\\/lasentinelle.dz\\\/index.php\\\/2025\\\/07\\\/24\\\/un-partenariat-aux-enjeux-strategiques\\\/#article\",\"isPartOf\":{\"@id\":\"https:\\\/\\\/lasentinelle.dz\\\/index.php\\\/2025\\\/07\\\/24\\\/un-partenariat-aux-enjeux-strategiques\\\/\"},\"author\":{\"name\":\"admin\",\"@id\":\"https:\\\/\\\/lasentinelle.dz\\\/#\\\/schema\\\/person\\\/729ee0024f24e0b8c5ec17232f8e8b41\"},\"headline\":\"Un partenariat\u00a0aux enjeux strat\u00e9giques\",\"datePublished\":\"2025-07-24T14:01:05+00:00\",\"dateModified\":\"2025-07-26T14:02:08+00:00\",\"mainEntityOfPage\":{\"@id\":\"https:\\\/\\\/lasentinelle.dz\\\/index.php\\\/2025\\\/07\\\/24\\\/un-partenariat-aux-enjeux-strategiques\\\/\"},\"wordCount\":1068,\"commentCount\":0,\"publisher\":{\"@id\":\"https:\\\/\\\/lasentinelle.dz\\\/#organization\"},\"image\":{\"@id\":\"https:\\\/\\\/lasentinelle.dz\\\/index.php\\\/2025\\\/07\\\/24\\\/un-partenariat-aux-enjeux-strategiques\\\/#primaryimage\"},\"thumbnailUrl\":\"https:\\\/\\\/lasentinelle.dz\\\/wp-content\\\/uploads\\\/2025\\\/07\\\/523940496_1169652648529794_2777046591916574965_n.jpeg\",\"articleSection\":[\"\u00c0 la Une\",\"Actualit\u00e9\"],\"inLanguage\":\"fr-FR\",\"potentialAction\":[{\"@type\":\"CommentAction\",\"name\":\"Comment\",\"target\":[\"https:\\\/\\\/lasentinelle.dz\\\/index.php\\\/2025\\\/07\\\/24\\\/un-partenariat-aux-enjeux-strategiques\\\/#respond\"]}]},{\"@type\":\"WebPage\",\"@id\":\"https:\\\/\\\/lasentinelle.dz\\\/index.php\\\/2025\\\/07\\\/24\\\/un-partenariat-aux-enjeux-strategiques\\\/\",\"url\":\"https:\\\/\\\/lasentinelle.dz\\\/index.php\\\/2025\\\/07\\\/24\\\/un-partenariat-aux-enjeux-strategiques\\\/\",\"name\":\"Un partenariat\u00a0aux enjeux strat\u00e9giques - La Sentinelle\",\"isPartOf\":{\"@id\":\"https:\\\/\\\/lasentinelle.dz\\\/#website\"},\"primaryImageOfPage\":{\"@id\":\"https:\\\/\\\/lasentinelle.dz\\\/index.php\\\/2025\\\/07\\\/24\\\/un-partenariat-aux-enjeux-strategiques\\\/#primaryimage\"},\"image\":{\"@id\":\"https:\\\/\\\/lasentinelle.dz\\\/index.php\\\/2025\\\/07\\\/24\\\/un-partenariat-aux-enjeux-strategiques\\\/#primaryimage\"},\"thumbnailUrl\":\"https:\\\/\\\/lasentinelle.dz\\\/wp-content\\\/uploads\\\/2025\\\/07\\\/523940496_1169652648529794_2777046591916574965_n.jpeg\",\"datePublished\":\"2025-07-24T14:01:05+00:00\",\"dateModified\":\"2025-07-26T14:02:08+00:00\",\"breadcrumb\":{\"@id\":\"https:\\\/\\\/lasentinelle.dz\\\/index.php\\\/2025\\\/07\\\/24\\\/un-partenariat-aux-enjeux-strategiques\\\/#breadcrumb\"},\"inLanguage\":\"fr-FR\",\"potentialAction\":[{\"@type\":\"ReadAction\",\"target\":[\"https:\\\/\\\/lasentinelle.dz\\\/index.php\\\/2025\\\/07\\\/24\\\/un-partenariat-aux-enjeux-strategiques\\\/\"]}]},{\"@type\":\"ImageObject\",\"inLanguage\":\"fr-FR\",\"@id\":\"https:\\\/\\\/lasentinelle.dz\\\/index.php\\\/2025\\\/07\\\/24\\\/un-partenariat-aux-enjeux-strategiques\\\/#primaryimage\",\"url\":\"https:\\\/\\\/lasentinelle.dz\\\/wp-content\\\/uploads\\\/2025\\\/07\\\/523940496_1169652648529794_2777046591916574965_n.jpeg\",\"contentUrl\":\"https:\\\/\\\/lasentinelle.dz\\\/wp-content\\\/uploads\\\/2025\\\/07\\\/523940496_1169652648529794_2777046591916574965_n.jpeg\",\"width\":2048,\"height\":1366},{\"@type\":\"BreadcrumbList\",\"@id\":\"https:\\\/\\\/lasentinelle.dz\\\/index.php\\\/2025\\\/07\\\/24\\\/un-partenariat-aux-enjeux-strategiques\\\/#breadcrumb\",\"itemListElement\":[{\"@type\":\"ListItem\",\"position\":1,\"name\":\"Accueil\",\"item\":\"https:\\\/\\\/lasentinelle.dz\\\/\"},{\"@type\":\"ListItem\",\"position\":2,\"name\":\"Un partenariat\u00a0aux enjeux strat\u00e9giques\"}]},{\"@type\":\"WebSite\",\"@id\":\"https:\\\/\\\/lasentinelle.dz\\\/#website\",\"url\":\"https:\\\/\\\/lasentinelle.dz\\\/\",\"name\":\"La Sentinelle\",\"description\":\"Quotidien national d&#039;information\",\"publisher\":{\"@id\":\"https:\\\/\\\/lasentinelle.dz\\\/#organization\"},\"potentialAction\":[{\"@type\":\"SearchAction\",\"target\":{\"@type\":\"EntryPoint\",\"urlTemplate\":\"https:\\\/\\\/lasentinelle.dz\\\/?s={search_term_string}\"},\"query-input\":{\"@type\":\"PropertyValueSpecification\",\"valueRequired\":true,\"valueName\":\"search_term_string\"}}],\"inLanguage\":\"fr-FR\"},{\"@type\":\"Organization\",\"@id\":\"https:\\\/\\\/lasentinelle.dz\\\/#organization\",\"name\":\"Quotidien La Sentinelle\",\"url\":\"https:\\\/\\\/lasentinelle.dz\\\/\",\"logo\":{\"@type\":\"ImageObject\",\"inLanguage\":\"fr-FR\",\"@id\":\"https:\\\/\\\/lasentinelle.dz\\\/#\\\/schema\\\/logo\\\/image\\\/\",\"url\":\"https:\\\/\\\/lasentinelle.dz\\\/wp-content\\\/uploads\\\/2021\\\/09\\\/logo-sentinelleSLOGAN-1.png\",\"contentUrl\":\"https:\\\/\\\/lasentinelle.dz\\\/wp-content\\\/uploads\\\/2021\\\/09\\\/logo-sentinelleSLOGAN-1.png\",\"width\":615,\"height\":142,\"caption\":\"Quotidien La Sentinelle\"},\"image\":{\"@id\":\"https:\\\/\\\/lasentinelle.dz\\\/#\\\/schema\\\/logo\\\/image\\\/\"},\"sameAs\":[\"https:\\\/\\\/www.facebook.com\\\/La-Sentinelle-104059864394773\"]},{\"@type\":\"Person\",\"@id\":\"https:\\\/\\\/lasentinelle.dz\\\/#\\\/schema\\\/person\\\/729ee0024f24e0b8c5ec17232f8e8b41\",\"name\":\"admin\",\"image\":{\"@type\":\"ImageObject\",\"inLanguage\":\"fr-FR\",\"@id\":\"https:\\\/\\\/secure.gravatar.com\\\/avatar\\\/4c81fed838786e9b53f540bf46533e750f5d292099ae3b66cfc6fb1982e29df7?s=96&d=mm&r=g\",\"url\":\"https:\\\/\\\/secure.gravatar.com\\\/avatar\\\/4c81fed838786e9b53f540bf46533e750f5d292099ae3b66cfc6fb1982e29df7?s=96&d=mm&r=g\",\"contentUrl\":\"https:\\\/\\\/secure.gravatar.com\\\/avatar\\\/4c81fed838786e9b53f540bf46533e750f5d292099ae3b66cfc6fb1982e29df7?s=96&d=mm&r=g\",\"caption\":\"admin\"},\"description\":\"admin\",\"url\":\"https:\\\/\\\/lasentinelle.dz\\\/author\\\/admin\\\/\"}]}<\/script>\n<!-- \/ Yoast SEO plugin. -->","yoast_head_json":{"title":"Un partenariat\u00a0aux enjeux strat\u00e9giques - La Sentinelle","robots":{"index":"index","follow":"follow","max-snippet":"max-snippet:-1","max-image-preview":"max-image-preview:large","max-video-preview":"max-video-preview:-1"},"canonical":"https:\/\/lasentinelle.dz\/index.php\/2025\/07\/24\/un-partenariat-aux-enjeux-strategiques\/","og_locale":"fr_FR","og_type":"article","og_title":"Un partenariat\u00a0aux enjeux strat\u00e9giques - La Sentinelle","og_description":"La visite officielle du pr\u00e9sident&nbsp;de la R\u00e9publique&nbsp;en Italie marque une nouvelle \u00e9tape dans les relations bilat\u00e9rales, avec la signature de","og_url":"https:\/\/lasentinelle.dz\/index.php\/2025\/07\/24\/un-partenariat-aux-enjeux-strategiques\/","og_site_name":"La Sentinelle","article_publisher":"https:\/\/www.facebook.com\/La-Sentinelle-104059864394773","article_published_time":"2025-07-24T14:01:05+00:00","article_modified_time":"2025-07-26T14:02:08+00:00","og_image":[{"width":2048,"height":1366,"url":"https:\/\/lasentinelle.dz\/wp-content\/uploads\/2025\/07\/523940496_1169652648529794_2777046591916574965_n.jpeg","type":"image\/jpeg"}],"author":"admin","twitter_card":"summary_large_image","twitter_misc":{"\u00c9crit par":"admin","Dur\u00e9e de lecture estim\u00e9e":"5 minutes"},"schema":{"@context":"https:\/\/schema.org","@graph":[{"@type":"Article","@id":"https:\/\/lasentinelle.dz\/index.php\/2025\/07\/24\/un-partenariat-aux-enjeux-strategiques\/#article","isPartOf":{"@id":"https:\/\/lasentinelle.dz\/index.php\/2025\/07\/24\/un-partenariat-aux-enjeux-strategiques\/"},"author":{"name":"admin","@id":"https:\/\/lasentinelle.dz\/#\/schema\/person\/729ee0024f24e0b8c5ec17232f8e8b41"},"headline":"Un partenariat\u00a0aux enjeux strat\u00e9giques","datePublished":"2025-07-24T14:01:05+00:00","dateModified":"2025-07-26T14:02:08+00:00","mainEntityOfPage":{"@id":"https:\/\/lasentinelle.dz\/index.php\/2025\/07\/24\/un-partenariat-aux-enjeux-strategiques\/"},"wordCount":1068,"commentCount":0,"publisher":{"@id":"https:\/\/lasentinelle.dz\/#organization"},"image":{"@id":"https:\/\/lasentinelle.dz\/index.php\/2025\/07\/24\/un-partenariat-aux-enjeux-strategiques\/#primaryimage"},"thumbnailUrl":"https:\/\/lasentinelle.dz\/wp-content\/uploads\/2025\/07\/523940496_1169652648529794_2777046591916574965_n.jpeg","articleSection":["\u00c0 la Une","Actualit\u00e9"],"inLanguage":"fr-FR","potentialAction":[{"@type":"CommentAction","name":"Comment","target":["https:\/\/lasentinelle.dz\/index.php\/2025\/07\/24\/un-partenariat-aux-enjeux-strategiques\/#respond"]}]},{"@type":"WebPage","@id":"https:\/\/lasentinelle.dz\/index.php\/2025\/07\/24\/un-partenariat-aux-enjeux-strategiques\/","url":"https:\/\/lasentinelle.dz\/index.php\/2025\/07\/24\/un-partenariat-aux-enjeux-strategiques\/","name":"Un partenariat\u00a0aux enjeux strat\u00e9giques - La Sentinelle","isPartOf":{"@id":"https:\/\/lasentinelle.dz\/#website"},"primaryImageOfPage":{"@id":"https:\/\/lasentinelle.dz\/index.php\/2025\/07\/24\/un-partenariat-aux-enjeux-strategiques\/#primaryimage"},"image":{"@id":"https:\/\/lasentinelle.dz\/index.php\/2025\/07\/24\/un-partenariat-aux-enjeux-strategiques\/#primaryimage"},"thumbnailUrl":"https:\/\/lasentinelle.dz\/wp-content\/uploads\/2025\/07\/523940496_1169652648529794_2777046591916574965_n.jpeg","datePublished":"2025-07-24T14:01:05+00:00","dateModified":"2025-07-26T14:02:08+00:00","breadcrumb":{"@id":"https:\/\/lasentinelle.dz\/index.php\/2025\/07\/24\/un-partenariat-aux-enjeux-strategiques\/#breadcrumb"},"inLanguage":"fr-FR","potentialAction":[{"@type":"ReadAction","target":["https:\/\/lasentinelle.dz\/index.php\/2025\/07\/24\/un-partenariat-aux-enjeux-strategiques\/"]}]},{"@type":"ImageObject","inLanguage":"fr-FR","@id":"https:\/\/lasentinelle.dz\/index.php\/2025\/07\/24\/un-partenariat-aux-enjeux-strategiques\/#primaryimage","url":"https:\/\/lasentinelle.dz\/wp-content\/uploads\/2025\/07\/523940496_1169652648529794_2777046591916574965_n.jpeg","contentUrl":"https:\/\/lasentinelle.dz\/wp-content\/uploads\/2025\/07\/523940496_1169652648529794_2777046591916574965_n.jpeg","width":2048,"height":1366},{"@type":"BreadcrumbList","@id":"https:\/\/lasentinelle.dz\/index.php\/2025\/07\/24\/un-partenariat-aux-enjeux-strategiques\/#breadcrumb","itemListElement":[{"@type":"ListItem","position":1,"name":"Accueil","item":"https:\/\/lasentinelle.dz\/"},{"@type":"ListItem","position":2,"name":"Un partenariat\u00a0aux enjeux strat\u00e9giques"}]},{"@type":"WebSite","@id":"https:\/\/lasentinelle.dz\/#website","url":"https:\/\/lasentinelle.dz\/","name":"La Sentinelle","description":"Quotidien national d&#039;information","publisher":{"@id":"https:\/\/lasentinelle.dz\/#organization"},"potentialAction":[{"@type":"SearchAction","target":{"@type":"EntryPoint","urlTemplate":"https:\/\/lasentinelle.dz\/?s={search_term_string}"},"query-input":{"@type":"PropertyValueSpecification","valueRequired":true,"valueName":"search_term_string"}}],"inLanguage":"fr-FR"},{"@type":"Organization","@id":"https:\/\/lasentinelle.dz\/#organization","name":"Quotidien La Sentinelle","url":"https:\/\/lasentinelle.dz\/","logo":{"@type":"ImageObject","inLanguage":"fr-FR","@id":"https:\/\/lasentinelle.dz\/#\/schema\/logo\/image\/","url":"https:\/\/lasentinelle.dz\/wp-content\/uploads\/2021\/09\/logo-sentinelleSLOGAN-1.png","contentUrl":"https:\/\/lasentinelle.dz\/wp-content\/uploads\/2021\/09\/logo-sentinelleSLOGAN-1.png","width":615,"height":142,"caption":"Quotidien La Sentinelle"},"image":{"@id":"https:\/\/lasentinelle.dz\/#\/schema\/logo\/image\/"},"sameAs":["https:\/\/www.facebook.com\/La-Sentinelle-104059864394773"]},{"@type":"Person","@id":"https:\/\/lasentinelle.dz\/#\/schema\/person\/729ee0024f24e0b8c5ec17232f8e8b41","name":"admin","image":{"@type":"ImageObject","inLanguage":"fr-FR","@id":"https:\/\/secure.gravatar.com\/avatar\/4c81fed838786e9b53f540bf46533e750f5d292099ae3b66cfc6fb1982e29df7?s=96&d=mm&r=g","url":"https:\/\/secure.gravatar.com\/avatar\/4c81fed838786e9b53f540bf46533e750f5d292099ae3b66cfc6fb1982e29df7?s=96&d=mm&r=g","contentUrl":"https:\/\/secure.gravatar.com\/avatar\/4c81fed838786e9b53f540bf46533e750f5d292099ae3b66cfc6fb1982e29df7?s=96&d=mm&r=g","caption":"admin"},"description":"admin","url":"https:\/\/lasentinelle.dz\/author\/admin\/"}]}},"_links":{"self":[{"href":"https:\/\/lasentinelle.dz\/index.php\/wp-json\/wp\/v2\/posts\/70914","targetHints":{"allow":["GET"]}}],"collection":[{"href":"https:\/\/lasentinelle.dz\/index.php\/wp-json\/wp\/v2\/posts"}],"about":[{"href":"https:\/\/lasentinelle.dz\/index.php\/wp-json\/wp\/v2\/types\/post"}],"author":[{"embeddable":true,"href":"https:\/\/lasentinelle.dz\/index.php\/wp-json\/wp\/v2\/users\/6"}],"replies":[{"embeddable":true,"href":"https:\/\/lasentinelle.dz\/index.php\/wp-json\/wp\/v2\/comments?post=70914"}],"version-history":[{"count":1,"href":"https:\/\/lasentinelle.dz\/index.php\/wp-json\/wp\/v2\/posts\/70914\/revisions"}],"predecessor-version":[{"id":70916,"href":"https:\/\/lasentinelle.dz\/index.php\/wp-json\/wp\/v2\/posts\/70914\/revisions\/70916"}],"wp:featuredmedia":[{"embeddable":true,"href":"https:\/\/lasentinelle.dz\/index.php\/wp-json\/wp\/v2\/media\/70915"}],"wp:attachment":[{"href":"https:\/\/lasentinelle.dz\/index.php\/wp-json\/wp\/v2\/media?parent=70914"}],"wp:term":[{"taxonomy":"category","embeddable":true,"href":"https:\/\/lasentinelle.dz\/index.php\/wp-json\/wp\/v2\/categories?post=70914"},{"taxonomy":"post_tag","embeddable":true,"href":"https:\/\/lasentinelle.dz\/index.php\/wp-json\/wp\/v2\/tags?post=70914"}],"curies":[{"name":"wp","href":"https:\/\/api.w.org\/{rel}","templated":true}]}}