{"id":70917,"date":"2025-07-27T12:02:25","date_gmt":"2025-07-27T11:02:25","guid":{"rendered":"https:\/\/lasentinelle.dz\/?p=70917"},"modified":"2025-07-27T12:02:25","modified_gmt":"2025-07-27T11:02:25","slug":"dessalement-deau-de-mer-la-station-de-berrihane-tourne-a-pleine-capacite","status":"publish","type":"post","link":"https:\/\/lasentinelle.dz\/index.php\/2025\/07\/27\/dessalement-deau-de-mer-la-station-de-berrihane-tourne-a-pleine-capacite\/","title":{"rendered":"Dessalement d\u2019eau de mer\u00a0: La station de Berrihane tourne \u00e0 pleine capacit\u00e9"},"content":{"rendered":"\n<p>Le groupe Sonatrach&nbsp;a annonc\u00e9 hier&nbsp;le parach\u00e8vement des travaux d&rsquo;augmentation de la cadence de production \u00e0 l&rsquo;usine de dessalement d&rsquo;eau de mer de Koudiet Draouche, situ\u00e9e dans la commune de Berrihane, wilaya d&rsquo;El Tarf. Cette r\u00e9alisation technique d&rsquo;envergure, annonc\u00e9e vendredi par un communiqu\u00e9 officiel du groupe \u00e9nerg\u00e9tique national, marque un tournant d\u00e9cisif pour l&rsquo;approvisionnement hydrique&nbsp;de l\u2019Est&nbsp;du pays. L&rsquo;exploit technique r\u00e9side dans la rapidit\u00e9 d&rsquo;ex\u00e9cution de cette phase cruciale, accomplie \u00ab\u00a0dans un d\u00e9lai record n&rsquo;ayant pas d\u00e9pass\u00e9 48 heures\u00a0\u00bb selon les termes du communiqu\u00e9, tout en respectant scrupuleusement \u00ab\u00a0les protocoles techniques en vigueur lors des phases de mise en service progressive\u00a0\u00bb. Cette prouesse logistique constitue selon Sonatrach \u00ab\u00a0une \u00e9tape charni\u00e8re dans le processus de d\u00e9veloppement du projet\u00a0\u00bb, d\u00e9montrant la ma\u00eetrise technique des \u00e9quipes mobilis\u00e9es sur ce chantier strat\u00e9gique. D\u00e9sormais, l&rsquo;infrastructure industrielle \u00ab\u00a0a atteint son \u00e9tat de pleine disponibilit\u00e9 afin d&rsquo;atteindre, dans les prochains jours, sa capacit\u00e9 de production maximale estim\u00e9e \u00e0 300.000 m\u00e8tres cubes par jour\u00a0\u00bb, pr\u00e9cise le document officiel. Cette capacit\u00e9 exceptionnelle positionne l&rsquo;usine parmi les installations de dessalement les plus performantes du bassin m\u00e9diterran\u00e9en, capable de transformer quotidiennement l&rsquo;\u00e9quivalent de 300 millions de litres d&rsquo;eau de mer en eau potable de qualit\u00e9. L&rsquo;impact socio-\u00e9conomique de cette mont\u00e9e en puissance s&rsquo;av\u00e8re consid\u00e9rable pour les populations locales. Cette augmentation substantielle de production devrait \u00ab\u00a0renforcer l&rsquo;approvisionnement r\u00e9gulier et permanent en eau au profit des wilayas d&rsquo;El Tarf et d&rsquo;Annaba\u00a0\u00bb, permettant selon le communiqu\u00e9 \u00ab\u00a0d&rsquo;am\u00e9liorer la qualit\u00e9 du service public et d&rsquo;assurer la stabilit\u00e9 de l&rsquo;approvisionnement de cette ressource vitale\u00a0\u00bb. L&rsquo;ampleur du projet se mesure \u00e9galement \u00e0 sa port\u00e9e d\u00e9mographique, l&rsquo;usine \u00e9tant dimensionn\u00e9e pour \u00ab\u00a0couvrir les besoins de plus de 3 millions d&rsquo;habitants\u00a0\u00bb, r\u00e9pondant ainsi aux exigences des \u00ab\u00a0politiques publiques visant \u00e0 relever les d\u00e9fis li\u00e9s au manque d&rsquo;eau\u00a0\u00bb. Sonatrach inscrit cette r\u00e9alisation dans une vision strat\u00e9gique globale, qualifiant le projet de \u00ab\u00a0pilier strat\u00e9gique, s&rsquo;inscrivant dans le cadre des efforts nationaux visant \u00e0 s\u00e9curiser les ressources hydriques durables\u00a0\u00bb. Cette approche s&rsquo;int\u00e8gre parfaitement dans la strat\u00e9gie nationale de diversification des sources d&rsquo;approvisionnement en eau, particuli\u00e8rement cruciale dans un contexte de changements climatiques et de stress hydrique croissant. Le groupe \u00e9nerg\u00e9tique national r\u00e9affirme par ailleurs \u00ab\u00a0son engagement \u00e0 appuyer les grands projets \u00e0 dimension nationale, tout en veillant au respect des normes les plus \u00e9lev\u00e9es de qualit\u00e9, de s\u00e9curit\u00e9 et de durabilit\u00e9 \u00e0 toutes les phases de r\u00e9alisation et d&rsquo;exploitation\u00a0\u00bb, soulignant sa d\u00e9termination \u00e0 maintenir les standards internationaux dans la gestion de ces infrastructures vitales.<\/p>\n\n\n\n<p>Samir Benisid<\/p>\n","protected":false},"excerpt":{"rendered":"<p>Le groupe Sonatrach&nbsp;a annonc\u00e9 hier&nbsp;le parach\u00e8vement des travaux d&rsquo;augmentation de la cadence de production \u00e0 l&rsquo;usine de dessalement d&rsquo;eau de<\/p>\n","protected":false},"author":6,"featured_media":70918,"comment_status":"open","ping_status":"closed","sticky":false,"template":"","format":"standard","meta":{"colormag_page_container_layout":"default_layout","colormag_page_sidebar_layout":"default_layout","om_disable_all_campaigns":false,"_monsterinsights_skip_tracking":false,"_monsterinsights_sitenote_active":false,"_monsterinsights_sitenote_note":"","_monsterinsights_sitenote_category":0,"footnotes":"","_wpscppro_dont_share_socialmedia":false,"_wpscppro_custom_social_share_image":0,"_facebook_share_type":"default","_twitter_share_type":"default","_linkedin_share_type":"default","_pinterest_share_type":"default","_linkedin_share_type_page":"","_instagram_share_type":"default","_medium_share_type":"default","_threads_share_type":"","_google_business_share_type":"","_selected_social_profile":[],"_wpsp_enable_custom_social_template":false,"_wpsp_social_scheduling":{"enabled":false,"datetime":null,"platforms":[],"status":"template_only","dateOption":"today","timeOption":"now","customDays":"","customHours":"","customDate":"","customTime":"","schedulingType":"absolute"},"_wpsp_active_default_template":true},"categories":[27],"tags":[],"class_list":["post-70917","post","type-post","status-publish","format-standard","has-post-thumbnail","hentry","category-actualite"],"aioseo_notices":[],"yoast_head":"<!-- This site is optimized with the Yoast SEO plugin v27.5 - https:\/\/yoast.com\/product\/yoast-seo-wordpress\/ -->\n<title>Dessalement d\u2019eau de mer\u00a0: La station de Berrihane tourne \u00e0 pleine capacit\u00e9 - La Sentinelle<\/title>\n<meta name=\"robots\" content=\"index, follow, max-snippet:-1, max-image-preview:large, max-video-preview:-1\" \/>\n<link rel=\"canonical\" href=\"https:\/\/lasentinelle.dz\/index.php\/2025\/07\/27\/dessalement-deau-de-mer-la-station-de-berrihane-tourne-a-pleine-capacite\/\" \/>\n<meta property=\"og:locale\" content=\"fr_FR\" \/>\n<meta property=\"og:type\" content=\"article\" \/>\n<meta property=\"og:title\" content=\"Dessalement d\u2019eau de mer\u00a0: La station de Berrihane tourne \u00e0 pleine capacit\u00e9 - La Sentinelle\" \/>\n<meta property=\"og:description\" content=\"Le groupe Sonatrach&nbsp;a annonc\u00e9 hier&nbsp;le parach\u00e8vement des travaux d&rsquo;augmentation de la cadence de production \u00e0 l&rsquo;usine de dessalement d&rsquo;eau de\" \/>\n<meta property=\"og:url\" content=\"https:\/\/lasentinelle.dz\/index.php\/2025\/07\/27\/dessalement-deau-de-mer-la-station-de-berrihane-tourne-a-pleine-capacite\/\" \/>\n<meta property=\"og:site_name\" content=\"La Sentinelle\" \/>\n<meta property=\"article:publisher\" content=\"https:\/\/www.facebook.com\/La-Sentinelle-104059864394773\" \/>\n<meta property=\"article:published_time\" content=\"2025-07-27T11:02:25+00:00\" \/>\n<meta property=\"og:image\" content=\"https:\/\/lasentinelle.dz\/wp-content\/uploads\/2025\/07\/station-el-tarf.jpeg\" \/>\n\t<meta property=\"og:image:width\" content=\"855\" \/>\n\t<meta property=\"og:image:height\" content=\"516\" \/>\n\t<meta property=\"og:image:type\" content=\"image\/jpeg\" \/>\n<meta name=\"author\" content=\"admin\" \/>\n<meta name=\"twitter:card\" content=\"summary_large_image\" \/>\n<meta name=\"twitter:label1\" content=\"\u00c9crit par\" \/>\n\t<meta name=\"twitter:data1\" content=\"admin\" \/>\n\t<meta name=\"twitter:label2\" content=\"Dur\u00e9e de lecture estim\u00e9e\" \/>\n\t<meta name=\"twitter:data2\" content=\"3 minutes\" \/>\n<script type=\"application\/ld+json\" class=\"yoast-schema-graph\">{\"@context\":\"https:\\\/\\\/schema.org\",\"@graph\":[{\"@type\":\"Article\",\"@id\":\"https:\\\/\\\/lasentinelle.dz\\\/index.php\\\/2025\\\/07\\\/27\\\/dessalement-deau-de-mer-la-station-de-berrihane-tourne-a-pleine-capacite\\\/#article\",\"isPartOf\":{\"@id\":\"https:\\\/\\\/lasentinelle.dz\\\/index.php\\\/2025\\\/07\\\/27\\\/dessalement-deau-de-mer-la-station-de-berrihane-tourne-a-pleine-capacite\\\/\"},\"author\":{\"name\":\"admin\",\"@id\":\"https:\\\/\\\/lasentinelle.dz\\\/#\\\/schema\\\/person\\\/729ee0024f24e0b8c5ec17232f8e8b41\"},\"headline\":\"Dessalement d\u2019eau de mer\u00a0: La station de Berrihane tourne \u00e0 pleine capacit\u00e9\",\"datePublished\":\"2025-07-27T11:02:25+00:00\",\"mainEntityOfPage\":{\"@id\":\"https:\\\/\\\/lasentinelle.dz\\\/index.php\\\/2025\\\/07\\\/27\\\/dessalement-deau-de-mer-la-station-de-berrihane-tourne-a-pleine-capacite\\\/\"},\"wordCount\":486,\"commentCount\":0,\"publisher\":{\"@id\":\"https:\\\/\\\/lasentinelle.dz\\\/#organization\"},\"image\":{\"@id\":\"https:\\\/\\\/lasentinelle.dz\\\/index.php\\\/2025\\\/07\\\/27\\\/dessalement-deau-de-mer-la-station-de-berrihane-tourne-a-pleine-capacite\\\/#primaryimage\"},\"thumbnailUrl\":\"https:\\\/\\\/lasentinelle.dz\\\/wp-content\\\/uploads\\\/2025\\\/07\\\/station-el-tarf.jpeg\",\"articleSection\":[\"Actualit\u00e9\"],\"inLanguage\":\"fr-FR\",\"potentialAction\":[{\"@type\":\"CommentAction\",\"name\":\"Comment\",\"target\":[\"https:\\\/\\\/lasentinelle.dz\\\/index.php\\\/2025\\\/07\\\/27\\\/dessalement-deau-de-mer-la-station-de-berrihane-tourne-a-pleine-capacite\\\/#respond\"]}]},{\"@type\":\"WebPage\",\"@id\":\"https:\\\/\\\/lasentinelle.dz\\\/index.php\\\/2025\\\/07\\\/27\\\/dessalement-deau-de-mer-la-station-de-berrihane-tourne-a-pleine-capacite\\\/\",\"url\":\"https:\\\/\\\/lasentinelle.dz\\\/index.php\\\/2025\\\/07\\\/27\\\/dessalement-deau-de-mer-la-station-de-berrihane-tourne-a-pleine-capacite\\\/\",\"name\":\"Dessalement d\u2019eau de mer\u00a0: La station de Berrihane tourne \u00e0 pleine capacit\u00e9 - La Sentinelle\",\"isPartOf\":{\"@id\":\"https:\\\/\\\/lasentinelle.dz\\\/#website\"},\"primaryImageOfPage\":{\"@id\":\"https:\\\/\\\/lasentinelle.dz\\\/index.php\\\/2025\\\/07\\\/27\\\/dessalement-deau-de-mer-la-station-de-berrihane-tourne-a-pleine-capacite\\\/#primaryimage\"},\"image\":{\"@id\":\"https:\\\/\\\/lasentinelle.dz\\\/index.php\\\/2025\\\/07\\\/27\\\/dessalement-deau-de-mer-la-station-de-berrihane-tourne-a-pleine-capacite\\\/#primaryimage\"},\"thumbnailUrl\":\"https:\\\/\\\/lasentinelle.dz\\\/wp-content\\\/uploads\\\/2025\\\/07\\\/station-el-tarf.jpeg\",\"datePublished\":\"2025-07-27T11:02:25+00:00\",\"breadcrumb\":{\"@id\":\"https:\\\/\\\/lasentinelle.dz\\\/index.php\\\/2025\\\/07\\\/27\\\/dessalement-deau-de-mer-la-station-de-berrihane-tourne-a-pleine-capacite\\\/#breadcrumb\"},\"inLanguage\":\"fr-FR\",\"potentialAction\":[{\"@type\":\"ReadAction\",\"target\":[\"https:\\\/\\\/lasentinelle.dz\\\/index.php\\\/2025\\\/07\\\/27\\\/dessalement-deau-de-mer-la-station-de-berrihane-tourne-a-pleine-capacite\\\/\"]}]},{\"@type\":\"ImageObject\",\"inLanguage\":\"fr-FR\",\"@id\":\"https:\\\/\\\/lasentinelle.dz\\\/index.php\\\/2025\\\/07\\\/27\\\/dessalement-deau-de-mer-la-station-de-berrihane-tourne-a-pleine-capacite\\\/#primaryimage\",\"url\":\"https:\\\/\\\/lasentinelle.dz\\\/wp-content\\\/uploads\\\/2025\\\/07\\\/station-el-tarf.jpeg\",\"contentUrl\":\"https:\\\/\\\/lasentinelle.dz\\\/wp-content\\\/uploads\\\/2025\\\/07\\\/station-el-tarf.jpeg\",\"width\":855,\"height\":516},{\"@type\":\"BreadcrumbList\",\"@id\":\"https:\\\/\\\/lasentinelle.dz\\\/index.php\\\/2025\\\/07\\\/27\\\/dessalement-deau-de-mer-la-station-de-berrihane-tourne-a-pleine-capacite\\\/#breadcrumb\",\"itemListElement\":[{\"@type\":\"ListItem\",\"position\":1,\"name\":\"Accueil\",\"item\":\"https:\\\/\\\/lasentinelle.dz\\\/\"},{\"@type\":\"ListItem\",\"position\":2,\"name\":\"Dessalement d\u2019eau de mer\u00a0: La station de Berrihane tourne \u00e0 pleine capacit\u00e9\"}]},{\"@type\":\"WebSite\",\"@id\":\"https:\\\/\\\/lasentinelle.dz\\\/#website\",\"url\":\"https:\\\/\\\/lasentinelle.dz\\\/\",\"name\":\"La Sentinelle\",\"description\":\"Quotidien national d&#039;information\",\"publisher\":{\"@id\":\"https:\\\/\\\/lasentinelle.dz\\\/#organization\"},\"potentialAction\":[{\"@type\":\"SearchAction\",\"target\":{\"@type\":\"EntryPoint\",\"urlTemplate\":\"https:\\\/\\\/lasentinelle.dz\\\/?s={search_term_string}\"},\"query-input\":{\"@type\":\"PropertyValueSpecification\",\"valueRequired\":true,\"valueName\":\"search_term_string\"}}],\"inLanguage\":\"fr-FR\"},{\"@type\":\"Organization\",\"@id\":\"https:\\\/\\\/lasentinelle.dz\\\/#organization\",\"name\":\"Quotidien La Sentinelle\",\"url\":\"https:\\\/\\\/lasentinelle.dz\\\/\",\"logo\":{\"@type\":\"ImageObject\",\"inLanguage\":\"fr-FR\",\"@id\":\"https:\\\/\\\/lasentinelle.dz\\\/#\\\/schema\\\/logo\\\/image\\\/\",\"url\":\"https:\\\/\\\/lasentinelle.dz\\\/wp-content\\\/uploads\\\/2021\\\/09\\\/logo-sentinelleSLOGAN-1.png\",\"contentUrl\":\"https:\\\/\\\/lasentinelle.dz\\\/wp-content\\\/uploads\\\/2021\\\/09\\\/logo-sentinelleSLOGAN-1.png\",\"width\":615,\"height\":142,\"caption\":\"Quotidien La Sentinelle\"},\"image\":{\"@id\":\"https:\\\/\\\/lasentinelle.dz\\\/#\\\/schema\\\/logo\\\/image\\\/\"},\"sameAs\":[\"https:\\\/\\\/www.facebook.com\\\/La-Sentinelle-104059864394773\"]},{\"@type\":\"Person\",\"@id\":\"https:\\\/\\\/lasentinelle.dz\\\/#\\\/schema\\\/person\\\/729ee0024f24e0b8c5ec17232f8e8b41\",\"name\":\"admin\",\"image\":{\"@type\":\"ImageObject\",\"inLanguage\":\"fr-FR\",\"@id\":\"https:\\\/\\\/secure.gravatar.com\\\/avatar\\\/4c81fed838786e9b53f540bf46533e750f5d292099ae3b66cfc6fb1982e29df7?s=96&d=mm&r=g\",\"url\":\"https:\\\/\\\/secure.gravatar.com\\\/avatar\\\/4c81fed838786e9b53f540bf46533e750f5d292099ae3b66cfc6fb1982e29df7?s=96&d=mm&r=g\",\"contentUrl\":\"https:\\\/\\\/secure.gravatar.com\\\/avatar\\\/4c81fed838786e9b53f540bf46533e750f5d292099ae3b66cfc6fb1982e29df7?s=96&d=mm&r=g\",\"caption\":\"admin\"},\"description\":\"admin\",\"url\":\"https:\\\/\\\/lasentinelle.dz\\\/author\\\/admin\\\/\"}]}<\/script>\n<!-- \/ Yoast SEO plugin. -->","yoast_head_json":{"title":"Dessalement d\u2019eau de mer\u00a0: La station de Berrihane tourne \u00e0 pleine capacit\u00e9 - La Sentinelle","robots":{"index":"index","follow":"follow","max-snippet":"max-snippet:-1","max-image-preview":"max-image-preview:large","max-video-preview":"max-video-preview:-1"},"canonical":"https:\/\/lasentinelle.dz\/index.php\/2025\/07\/27\/dessalement-deau-de-mer-la-station-de-berrihane-tourne-a-pleine-capacite\/","og_locale":"fr_FR","og_type":"article","og_title":"Dessalement d\u2019eau de mer\u00a0: La station de Berrihane tourne \u00e0 pleine capacit\u00e9 - La Sentinelle","og_description":"Le groupe Sonatrach&nbsp;a annonc\u00e9 hier&nbsp;le parach\u00e8vement des travaux d&rsquo;augmentation de la cadence de production \u00e0 l&rsquo;usine de dessalement d&rsquo;eau de","og_url":"https:\/\/lasentinelle.dz\/index.php\/2025\/07\/27\/dessalement-deau-de-mer-la-station-de-berrihane-tourne-a-pleine-capacite\/","og_site_name":"La Sentinelle","article_publisher":"https:\/\/www.facebook.com\/La-Sentinelle-104059864394773","article_published_time":"2025-07-27T11:02:25+00:00","og_image":[{"width":855,"height":516,"url":"https:\/\/lasentinelle.dz\/wp-content\/uploads\/2025\/07\/station-el-tarf.jpeg","type":"image\/jpeg"}],"author":"admin","twitter_card":"summary_large_image","twitter_misc":{"\u00c9crit par":"admin","Dur\u00e9e de lecture estim\u00e9e":"3 minutes"},"schema":{"@context":"https:\/\/schema.org","@graph":[{"@type":"Article","@id":"https:\/\/lasentinelle.dz\/index.php\/2025\/07\/27\/dessalement-deau-de-mer-la-station-de-berrihane-tourne-a-pleine-capacite\/#article","isPartOf":{"@id":"https:\/\/lasentinelle.dz\/index.php\/2025\/07\/27\/dessalement-deau-de-mer-la-station-de-berrihane-tourne-a-pleine-capacite\/"},"author":{"name":"admin","@id":"https:\/\/lasentinelle.dz\/#\/schema\/person\/729ee0024f24e0b8c5ec17232f8e8b41"},"headline":"Dessalement d\u2019eau de mer\u00a0: La station de Berrihane tourne \u00e0 pleine capacit\u00e9","datePublished":"2025-07-27T11:02:25+00:00","mainEntityOfPage":{"@id":"https:\/\/lasentinelle.dz\/index.php\/2025\/07\/27\/dessalement-deau-de-mer-la-station-de-berrihane-tourne-a-pleine-capacite\/"},"wordCount":486,"commentCount":0,"publisher":{"@id":"https:\/\/lasentinelle.dz\/#organization"},"image":{"@id":"https:\/\/lasentinelle.dz\/index.php\/2025\/07\/27\/dessalement-deau-de-mer-la-station-de-berrihane-tourne-a-pleine-capacite\/#primaryimage"},"thumbnailUrl":"https:\/\/lasentinelle.dz\/wp-content\/uploads\/2025\/07\/station-el-tarf.jpeg","articleSection":["Actualit\u00e9"],"inLanguage":"fr-FR","potentialAction":[{"@type":"CommentAction","name":"Comment","target":["https:\/\/lasentinelle.dz\/index.php\/2025\/07\/27\/dessalement-deau-de-mer-la-station-de-berrihane-tourne-a-pleine-capacite\/#respond"]}]},{"@type":"WebPage","@id":"https:\/\/lasentinelle.dz\/index.php\/2025\/07\/27\/dessalement-deau-de-mer-la-station-de-berrihane-tourne-a-pleine-capacite\/","url":"https:\/\/lasentinelle.dz\/index.php\/2025\/07\/27\/dessalement-deau-de-mer-la-station-de-berrihane-tourne-a-pleine-capacite\/","name":"Dessalement d\u2019eau de mer\u00a0: La station de Berrihane tourne \u00e0 pleine capacit\u00e9 - La Sentinelle","isPartOf":{"@id":"https:\/\/lasentinelle.dz\/#website"},"primaryImageOfPage":{"@id":"https:\/\/lasentinelle.dz\/index.php\/2025\/07\/27\/dessalement-deau-de-mer-la-station-de-berrihane-tourne-a-pleine-capacite\/#primaryimage"},"image":{"@id":"https:\/\/lasentinelle.dz\/index.php\/2025\/07\/27\/dessalement-deau-de-mer-la-station-de-berrihane-tourne-a-pleine-capacite\/#primaryimage"},"thumbnailUrl":"https:\/\/lasentinelle.dz\/wp-content\/uploads\/2025\/07\/station-el-tarf.jpeg","datePublished":"2025-07-27T11:02:25+00:00","breadcrumb":{"@id":"https:\/\/lasentinelle.dz\/index.php\/2025\/07\/27\/dessalement-deau-de-mer-la-station-de-berrihane-tourne-a-pleine-capacite\/#breadcrumb"},"inLanguage":"fr-FR","potentialAction":[{"@type":"ReadAction","target":["https:\/\/lasentinelle.dz\/index.php\/2025\/07\/27\/dessalement-deau-de-mer-la-station-de-berrihane-tourne-a-pleine-capacite\/"]}]},{"@type":"ImageObject","inLanguage":"fr-FR","@id":"https:\/\/lasentinelle.dz\/index.php\/2025\/07\/27\/dessalement-deau-de-mer-la-station-de-berrihane-tourne-a-pleine-capacite\/#primaryimage","url":"https:\/\/lasentinelle.dz\/wp-content\/uploads\/2025\/07\/station-el-tarf.jpeg","contentUrl":"https:\/\/lasentinelle.dz\/wp-content\/uploads\/2025\/07\/station-el-tarf.jpeg","width":855,"height":516},{"@type":"BreadcrumbList","@id":"https:\/\/lasentinelle.dz\/index.php\/2025\/07\/27\/dessalement-deau-de-mer-la-station-de-berrihane-tourne-a-pleine-capacite\/#breadcrumb","itemListElement":[{"@type":"ListItem","position":1,"name":"Accueil","item":"https:\/\/lasentinelle.dz\/"},{"@type":"ListItem","position":2,"name":"Dessalement d\u2019eau de mer\u00a0: La station de Berrihane tourne \u00e0 pleine capacit\u00e9"}]},{"@type":"WebSite","@id":"https:\/\/lasentinelle.dz\/#website","url":"https:\/\/lasentinelle.dz\/","name":"La Sentinelle","description":"Quotidien national d&#039;information","publisher":{"@id":"https:\/\/lasentinelle.dz\/#organization"},"potentialAction":[{"@type":"SearchAction","target":{"@type":"EntryPoint","urlTemplate":"https:\/\/lasentinelle.dz\/?s={search_term_string}"},"query-input":{"@type":"PropertyValueSpecification","valueRequired":true,"valueName":"search_term_string"}}],"inLanguage":"fr-FR"},{"@type":"Organization","@id":"https:\/\/lasentinelle.dz\/#organization","name":"Quotidien La Sentinelle","url":"https:\/\/lasentinelle.dz\/","logo":{"@type":"ImageObject","inLanguage":"fr-FR","@id":"https:\/\/lasentinelle.dz\/#\/schema\/logo\/image\/","url":"https:\/\/lasentinelle.dz\/wp-content\/uploads\/2021\/09\/logo-sentinelleSLOGAN-1.png","contentUrl":"https:\/\/lasentinelle.dz\/wp-content\/uploads\/2021\/09\/logo-sentinelleSLOGAN-1.png","width":615,"height":142,"caption":"Quotidien La Sentinelle"},"image":{"@id":"https:\/\/lasentinelle.dz\/#\/schema\/logo\/image\/"},"sameAs":["https:\/\/www.facebook.com\/La-Sentinelle-104059864394773"]},{"@type":"Person","@id":"https:\/\/lasentinelle.dz\/#\/schema\/person\/729ee0024f24e0b8c5ec17232f8e8b41","name":"admin","image":{"@type":"ImageObject","inLanguage":"fr-FR","@id":"https:\/\/secure.gravatar.com\/avatar\/4c81fed838786e9b53f540bf46533e750f5d292099ae3b66cfc6fb1982e29df7?s=96&d=mm&r=g","url":"https:\/\/secure.gravatar.com\/avatar\/4c81fed838786e9b53f540bf46533e750f5d292099ae3b66cfc6fb1982e29df7?s=96&d=mm&r=g","contentUrl":"https:\/\/secure.gravatar.com\/avatar\/4c81fed838786e9b53f540bf46533e750f5d292099ae3b66cfc6fb1982e29df7?s=96&d=mm&r=g","caption":"admin"},"description":"admin","url":"https:\/\/lasentinelle.dz\/author\/admin\/"}]}},"_links":{"self":[{"href":"https:\/\/lasentinelle.dz\/index.php\/wp-json\/wp\/v2\/posts\/70917","targetHints":{"allow":["GET"]}}],"collection":[{"href":"https:\/\/lasentinelle.dz\/index.php\/wp-json\/wp\/v2\/posts"}],"about":[{"href":"https:\/\/lasentinelle.dz\/index.php\/wp-json\/wp\/v2\/types\/post"}],"author":[{"embeddable":true,"href":"https:\/\/lasentinelle.dz\/index.php\/wp-json\/wp\/v2\/users\/6"}],"replies":[{"embeddable":true,"href":"https:\/\/lasentinelle.dz\/index.php\/wp-json\/wp\/v2\/comments?post=70917"}],"version-history":[{"count":1,"href":"https:\/\/lasentinelle.dz\/index.php\/wp-json\/wp\/v2\/posts\/70917\/revisions"}],"predecessor-version":[{"id":70919,"href":"https:\/\/lasentinelle.dz\/index.php\/wp-json\/wp\/v2\/posts\/70917\/revisions\/70919"}],"wp:featuredmedia":[{"embeddable":true,"href":"https:\/\/lasentinelle.dz\/index.php\/wp-json\/wp\/v2\/media\/70918"}],"wp:attachment":[{"href":"https:\/\/lasentinelle.dz\/index.php\/wp-json\/wp\/v2\/media?parent=70917"}],"wp:term":[{"taxonomy":"category","embeddable":true,"href":"https:\/\/lasentinelle.dz\/index.php\/wp-json\/wp\/v2\/categories?post=70917"},{"taxonomy":"post_tag","embeddable":true,"href":"https:\/\/lasentinelle.dz\/index.php\/wp-json\/wp\/v2\/tags?post=70917"}],"curies":[{"name":"wp","href":"https:\/\/api.w.org\/{rel}","templated":true}]}}