{"id":70920,"date":"2025-07-27T12:03:52","date_gmt":"2025-07-27T11:03:52","guid":{"rendered":"https:\/\/lasentinelle.dz\/?p=70920"},"modified":"2025-07-27T12:03:52","modified_gmt":"2025-07-27T11:03:52","slug":"nucleaire-iranien-laiea-encourage-par-la-reprise-du-dialogue","status":"publish","type":"post","link":"https:\/\/lasentinelle.dz\/index.php\/2025\/07\/27\/nucleaire-iranien-laiea-encourage-par-la-reprise-du-dialogue\/","title":{"rendered":"Nucl\u00e9aire iranien\u00a0: L&rsquo;AIEA \u00ab\u00a0encourag\u00e9\u00a0\u00bb par la reprise du dialogue\u00a0"},"content":{"rendered":"\n<p>\u00ab\u00a0Je suis encourag\u00e9 par ce que j&rsquo;ai entendu de T\u00e9h\u00e9ran, \u00e0 savoir qu&rsquo;ils veulent renouer le dialogue avec nous\u00a0\u00bb, a fait savoir le chef de l&rsquo;Agence internationale de l&rsquo;\u00e9nergie atomique (AIEA), Rafael Grossi,&nbsp;vendredi.&nbsp;Le chef de l&rsquo;Agence internationale de l&rsquo;\u00e9nergie atomique (AIEA), Rafael Grossi, s&rsquo;est d\u00e9clar\u00e9 \u00ab\u00a0encourag\u00e9\u00a0\u00bb par le feu vert de l&rsquo;Iran pour une visite d&rsquo;une d\u00e9l\u00e9gation de l&rsquo;organe de surveillance nucl\u00e9aire des Nations unies dans le pays \u00ab\u00a0dans les semaines \u00e0 venir\u00a0\u00bb.Ces d\u00e9clarations interviennent au moment o\u00f9 des n\u00e9gociations se sont tenues vendredi \u00e0 Istanbul en l&rsquo;Iran et la France, le Royaume-Uni et l&rsquo;Allemagne. La visite d&rsquo;une \u00e9quipe technique de l&rsquo;AIEA pourrait conduire au retour des inspecteurs de l&rsquo;ONU en Iran, \u00e9ventuellement dans le courant de l&rsquo;ann\u00e9e, a estim\u00e9 Rafael Grossi. \u00ab\u00a0Si nous ne revenons pas rapidement, il y aura un grave probl\u00e8me, car il s&rsquo;agit d&rsquo;une obligation internationale de l&rsquo;Iran\u00a0\u00bb, a-t-il d\u00e9clar\u00e9 \u00e0 des journalistes lors d&rsquo;une visite \u00e0 Singapour.&nbsp;\u00ab\u00a0Je suis encourag\u00e9 par ce que j&rsquo;ai entendu de T\u00e9h\u00e9ran, \u00e0 savoir qu&rsquo;ils veulent renouer le dialogue avec nous\u00a0\u00bb, a-t-il poursuivi, ajoutant que cette visite, dont la date n&rsquo;a pas encore \u00e9t\u00e9 fix\u00e9e, aurait lieu \u00ab\u00a0dans les semaines \u00e0 venir\u00a0\u00bb. Le vice-ministre iranien des affaires \u00e9trang\u00e8res, Kazem Gharibabadi, a d\u00e9clar\u00e9 mercredi aux Nations unies \u00e0 New York qu&rsquo;une d\u00e9l\u00e9gation de l&rsquo;AIEA se rendrait en Iran dans les \u00ab\u00a0deux \u00e0 trois semaines\u00a0\u00bb qui viennent. Le groupe n&rsquo;aura pas acc\u00e8s aux sites nucl\u00e9aires, a pr\u00e9cis\u00e9 Kazem Gharibabadi, ajoutant que la visite serait ax\u00e9e sur l&rsquo;\u00e9tablissement de nouvelles relations avec l&rsquo;organisme.&nbsp;\u00ab\u00a0Nous devons \u00e9couter l&rsquo;Iran pour savoir ce qu&rsquo;il consid\u00e8re comme des pr\u00e9cautions \u00e0 prendre. Certains endroits ont \u00e9t\u00e9 d\u00e9truits. Nous devrions \u00e9galement v\u00e9rifier cela et d\u00e9cider ensuite d&rsquo;un jour pr\u00e9cis pour commencer le processus d&rsquo;inspection, comme nous le faisons normalement\u00a0\u00bb, a estim\u00e9 Rafael Grossi. Une \u00e9quipe de l&rsquo;AIEA a quitt\u00e9 l&rsquo;Iran d\u00e9but juillet pour retourner au si\u00e8ge de l&rsquo;organisation \u00e0 Vienne, apr\u00e8s que T\u00e9h\u00e9ran a suspendu sa coop\u00e9ration avec l&rsquo;agence.&nbsp;L&rsquo;Iran a accus\u00e9 l&rsquo;AIEA d&rsquo;\u00eatre en partie responsable des attaquesisra\u00e9liennes&nbsp;men\u00e9es contre ses installations nucl\u00e9aires en juin. Les \u00c9tats-Unis ont men\u00e9 leurs propres frappes le 22 juin, ciblant les installations nucl\u00e9aires iraniennes de Fordo, Ispahan et Natanz.<\/p>\n\n\n\n<p><strong>Notons que sur le terrain,<\/strong>&nbsp;au moins cinq civils ont \u00e9t\u00e9 tu\u00e9s samedi dans une attaque \u00ab\u00a0terroriste\u00a0\u00bb contre un b\u00e2timent de la justice dans le sud-est de l&rsquo;Iran, a rapport\u00e9 le pouvoir judiciaire. \u00ab\u00a0Des hommes arm\u00e9s non identifi\u00e9s ont attaqu\u00e9 le centre judiciaire de Zahedan\u00a0\u00bb, a indiqu\u00e9 la justice iranienne, faisant \u00e9tat de cinq morts et 13 bless\u00e9s dans une \u00ab\u00a0attaque terroriste\u00a0\u00bb. L&rsquo;agence de presse officielle Irna pr\u00e9cise que trois assaillants ont \u00e9galement \u00e9t\u00e9 tu\u00e9s. Zahedan, situ\u00e9e \u00e0 plus d&rsquo;un millier de kilom\u00e8tres au sud-est de T\u00e9h\u00e9ran, est la capitale provinciale du Sistan-Baloutchistan, une r\u00e9gion frontali\u00e8re du Pakistan et de l&rsquo;Afghanistan r\u00e9guli\u00e8rement en proie \u00e0 l&rsquo;instabilit\u00e9. Les assaillants ont tent\u00e9 de p\u00e9n\u00e9trer dans le b\u00e2timent en se faisant passer pour des visiteurs et lanc\u00e9 une grenade, a indiqu\u00e9 le commandant adjoint de la police du Sistan-Baloutchistan, Alireza Dalili.<\/p>\n\n\n\n<p>R.I.<\/p>\n","protected":false},"excerpt":{"rendered":"<p>\u00ab\u00a0Je suis encourag\u00e9 par ce que j&rsquo;ai entendu de T\u00e9h\u00e9ran, \u00e0 savoir qu&rsquo;ils veulent renouer le dialogue avec nous\u00a0\u00bb, a<\/p>\n","protected":false},"author":6,"featured_media":70921,"comment_status":"open","ping_status":"closed","sticky":false,"template":"","format":"standard","meta":{"colormag_page_container_layout":"default_layout","colormag_page_sidebar_layout":"default_layout","om_disable_all_campaigns":false,"_monsterinsights_skip_tracking":false,"_monsterinsights_sitenote_active":false,"_monsterinsights_sitenote_note":"","_monsterinsights_sitenote_category":0,"footnotes":"","_wpscppro_dont_share_socialmedia":false,"_wpscppro_custom_social_share_image":0,"_facebook_share_type":"default","_twitter_share_type":"default","_linkedin_share_type":"default","_pinterest_share_type":"default","_linkedin_share_type_page":"","_instagram_share_type":"default","_medium_share_type":"default","_threads_share_type":"","_google_business_share_type":"","_selected_social_profile":[],"_wpsp_enable_custom_social_template":false,"_wpsp_social_scheduling":{"enabled":false,"datetime":null,"platforms":[],"status":"template_only","dateOption":"today","timeOption":"now","customDays":"","customHours":"","customDate":"","customTime":"","schedulingType":"absolute"},"_wpsp_active_default_template":true},"categories":[37],"tags":[],"class_list":["post-70920","post","type-post","status-publish","format-standard","has-post-thumbnail","hentry","category-monde"],"aioseo_notices":[],"yoast_head":"<!-- This site is optimized with the Yoast SEO plugin v27.5 - https:\/\/yoast.com\/product\/yoast-seo-wordpress\/ -->\n<title>Nucl\u00e9aire iranien\u00a0: L&rsquo;AIEA \u00ab\u00a0encourag\u00e9\u00a0\u00bb par la reprise du dialogue\u00a0 - La Sentinelle<\/title>\n<meta name=\"robots\" content=\"index, follow, max-snippet:-1, max-image-preview:large, max-video-preview:-1\" \/>\n<link rel=\"canonical\" href=\"https:\/\/lasentinelle.dz\/index.php\/2025\/07\/27\/nucleaire-iranien-laiea-encourage-par-la-reprise-du-dialogue\/\" \/>\n<meta property=\"og:locale\" content=\"fr_FR\" \/>\n<meta property=\"og:type\" content=\"article\" \/>\n<meta property=\"og:title\" content=\"Nucl\u00e9aire iranien\u00a0: L&rsquo;AIEA \u00ab\u00a0encourag\u00e9\u00a0\u00bb par la reprise du dialogue\u00a0 - La Sentinelle\" \/>\n<meta property=\"og:description\" content=\"\u00ab\u00a0Je suis encourag\u00e9 par ce que j&rsquo;ai entendu de T\u00e9h\u00e9ran, \u00e0 savoir qu&rsquo;ils veulent renouer le dialogue avec nous\u00a0\u00bb, a\" \/>\n<meta property=\"og:url\" content=\"https:\/\/lasentinelle.dz\/index.php\/2025\/07\/27\/nucleaire-iranien-laiea-encourage-par-la-reprise-du-dialogue\/\" \/>\n<meta property=\"og:site_name\" content=\"La Sentinelle\" \/>\n<meta property=\"article:publisher\" content=\"https:\/\/www.facebook.com\/La-Sentinelle-104059864394773\" \/>\n<meta property=\"article:published_time\" content=\"2025-07-27T11:03:52+00:00\" \/>\n<meta property=\"og:image\" content=\"https:\/\/lasentinelle.dz\/wp-content\/uploads\/2025\/07\/grossi.jpeg\" \/>\n\t<meta property=\"og:image:width\" content=\"1000\" \/>\n\t<meta property=\"og:image:height\" content=\"563\" \/>\n\t<meta property=\"og:image:type\" content=\"image\/jpeg\" \/>\n<meta name=\"author\" content=\"admin\" \/>\n<meta name=\"twitter:card\" content=\"summary_large_image\" \/>\n<meta name=\"twitter:label1\" content=\"\u00c9crit par\" \/>\n\t<meta name=\"twitter:data1\" content=\"admin\" \/>\n\t<meta name=\"twitter:label2\" content=\"Dur\u00e9e de lecture estim\u00e9e\" \/>\n\t<meta name=\"twitter:data2\" content=\"3 minutes\" \/>\n<script type=\"application\/ld+json\" class=\"yoast-schema-graph\">{\"@context\":\"https:\\\/\\\/schema.org\",\"@graph\":[{\"@type\":\"Article\",\"@id\":\"https:\\\/\\\/lasentinelle.dz\\\/index.php\\\/2025\\\/07\\\/27\\\/nucleaire-iranien-laiea-encourage-par-la-reprise-du-dialogue\\\/#article\",\"isPartOf\":{\"@id\":\"https:\\\/\\\/lasentinelle.dz\\\/index.php\\\/2025\\\/07\\\/27\\\/nucleaire-iranien-laiea-encourage-par-la-reprise-du-dialogue\\\/\"},\"author\":{\"name\":\"admin\",\"@id\":\"https:\\\/\\\/lasentinelle.dz\\\/#\\\/schema\\\/person\\\/729ee0024f24e0b8c5ec17232f8e8b41\"},\"headline\":\"Nucl\u00e9aire iranien\u00a0: L&rsquo;AIEA \u00ab\u00a0encourag\u00e9\u00a0\u00bb par la reprise du dialogue\u00a0\",\"datePublished\":\"2025-07-27T11:03:52+00:00\",\"mainEntityOfPage\":{\"@id\":\"https:\\\/\\\/lasentinelle.dz\\\/index.php\\\/2025\\\/07\\\/27\\\/nucleaire-iranien-laiea-encourage-par-la-reprise-du-dialogue\\\/\"},\"wordCount\":604,\"commentCount\":0,\"publisher\":{\"@id\":\"https:\\\/\\\/lasentinelle.dz\\\/#organization\"},\"image\":{\"@id\":\"https:\\\/\\\/lasentinelle.dz\\\/index.php\\\/2025\\\/07\\\/27\\\/nucleaire-iranien-laiea-encourage-par-la-reprise-du-dialogue\\\/#primaryimage\"},\"thumbnailUrl\":\"https:\\\/\\\/lasentinelle.dz\\\/wp-content\\\/uploads\\\/2025\\\/07\\\/grossi.jpeg\",\"articleSection\":[\"Monde\"],\"inLanguage\":\"fr-FR\",\"potentialAction\":[{\"@type\":\"CommentAction\",\"name\":\"Comment\",\"target\":[\"https:\\\/\\\/lasentinelle.dz\\\/index.php\\\/2025\\\/07\\\/27\\\/nucleaire-iranien-laiea-encourage-par-la-reprise-du-dialogue\\\/#respond\"]}]},{\"@type\":\"WebPage\",\"@id\":\"https:\\\/\\\/lasentinelle.dz\\\/index.php\\\/2025\\\/07\\\/27\\\/nucleaire-iranien-laiea-encourage-par-la-reprise-du-dialogue\\\/\",\"url\":\"https:\\\/\\\/lasentinelle.dz\\\/index.php\\\/2025\\\/07\\\/27\\\/nucleaire-iranien-laiea-encourage-par-la-reprise-du-dialogue\\\/\",\"name\":\"Nucl\u00e9aire iranien\u00a0: L&rsquo;AIEA \u00ab\u00a0encourag\u00e9\u00a0\u00bb par la reprise du dialogue\u00a0 - La Sentinelle\",\"isPartOf\":{\"@id\":\"https:\\\/\\\/lasentinelle.dz\\\/#website\"},\"primaryImageOfPage\":{\"@id\":\"https:\\\/\\\/lasentinelle.dz\\\/index.php\\\/2025\\\/07\\\/27\\\/nucleaire-iranien-laiea-encourage-par-la-reprise-du-dialogue\\\/#primaryimage\"},\"image\":{\"@id\":\"https:\\\/\\\/lasentinelle.dz\\\/index.php\\\/2025\\\/07\\\/27\\\/nucleaire-iranien-laiea-encourage-par-la-reprise-du-dialogue\\\/#primaryimage\"},\"thumbnailUrl\":\"https:\\\/\\\/lasentinelle.dz\\\/wp-content\\\/uploads\\\/2025\\\/07\\\/grossi.jpeg\",\"datePublished\":\"2025-07-27T11:03:52+00:00\",\"breadcrumb\":{\"@id\":\"https:\\\/\\\/lasentinelle.dz\\\/index.php\\\/2025\\\/07\\\/27\\\/nucleaire-iranien-laiea-encourage-par-la-reprise-du-dialogue\\\/#breadcrumb\"},\"inLanguage\":\"fr-FR\",\"potentialAction\":[{\"@type\":\"ReadAction\",\"target\":[\"https:\\\/\\\/lasentinelle.dz\\\/index.php\\\/2025\\\/07\\\/27\\\/nucleaire-iranien-laiea-encourage-par-la-reprise-du-dialogue\\\/\"]}]},{\"@type\":\"ImageObject\",\"inLanguage\":\"fr-FR\",\"@id\":\"https:\\\/\\\/lasentinelle.dz\\\/index.php\\\/2025\\\/07\\\/27\\\/nucleaire-iranien-laiea-encourage-par-la-reprise-du-dialogue\\\/#primaryimage\",\"url\":\"https:\\\/\\\/lasentinelle.dz\\\/wp-content\\\/uploads\\\/2025\\\/07\\\/grossi.jpeg\",\"contentUrl\":\"https:\\\/\\\/lasentinelle.dz\\\/wp-content\\\/uploads\\\/2025\\\/07\\\/grossi.jpeg\",\"width\":1000,\"height\":563},{\"@type\":\"BreadcrumbList\",\"@id\":\"https:\\\/\\\/lasentinelle.dz\\\/index.php\\\/2025\\\/07\\\/27\\\/nucleaire-iranien-laiea-encourage-par-la-reprise-du-dialogue\\\/#breadcrumb\",\"itemListElement\":[{\"@type\":\"ListItem\",\"position\":1,\"name\":\"Accueil\",\"item\":\"https:\\\/\\\/lasentinelle.dz\\\/\"},{\"@type\":\"ListItem\",\"position\":2,\"name\":\"Nucl\u00e9aire iranien\u00a0: L&rsquo;AIEA \u00ab\u00a0encourag\u00e9\u00a0\u00bb par la reprise du dialogue\u00a0\"}]},{\"@type\":\"WebSite\",\"@id\":\"https:\\\/\\\/lasentinelle.dz\\\/#website\",\"url\":\"https:\\\/\\\/lasentinelle.dz\\\/\",\"name\":\"La Sentinelle\",\"description\":\"Quotidien national d&#039;information\",\"publisher\":{\"@id\":\"https:\\\/\\\/lasentinelle.dz\\\/#organization\"},\"potentialAction\":[{\"@type\":\"SearchAction\",\"target\":{\"@type\":\"EntryPoint\",\"urlTemplate\":\"https:\\\/\\\/lasentinelle.dz\\\/?s={search_term_string}\"},\"query-input\":{\"@type\":\"PropertyValueSpecification\",\"valueRequired\":true,\"valueName\":\"search_term_string\"}}],\"inLanguage\":\"fr-FR\"},{\"@type\":\"Organization\",\"@id\":\"https:\\\/\\\/lasentinelle.dz\\\/#organization\",\"name\":\"Quotidien La Sentinelle\",\"url\":\"https:\\\/\\\/lasentinelle.dz\\\/\",\"logo\":{\"@type\":\"ImageObject\",\"inLanguage\":\"fr-FR\",\"@id\":\"https:\\\/\\\/lasentinelle.dz\\\/#\\\/schema\\\/logo\\\/image\\\/\",\"url\":\"https:\\\/\\\/lasentinelle.dz\\\/wp-content\\\/uploads\\\/2021\\\/09\\\/logo-sentinelleSLOGAN-1.png\",\"contentUrl\":\"https:\\\/\\\/lasentinelle.dz\\\/wp-content\\\/uploads\\\/2021\\\/09\\\/logo-sentinelleSLOGAN-1.png\",\"width\":615,\"height\":142,\"caption\":\"Quotidien La Sentinelle\"},\"image\":{\"@id\":\"https:\\\/\\\/lasentinelle.dz\\\/#\\\/schema\\\/logo\\\/image\\\/\"},\"sameAs\":[\"https:\\\/\\\/www.facebook.com\\\/La-Sentinelle-104059864394773\"]},{\"@type\":\"Person\",\"@id\":\"https:\\\/\\\/lasentinelle.dz\\\/#\\\/schema\\\/person\\\/729ee0024f24e0b8c5ec17232f8e8b41\",\"name\":\"admin\",\"image\":{\"@type\":\"ImageObject\",\"inLanguage\":\"fr-FR\",\"@id\":\"https:\\\/\\\/secure.gravatar.com\\\/avatar\\\/4c81fed838786e9b53f540bf46533e750f5d292099ae3b66cfc6fb1982e29df7?s=96&d=mm&r=g\",\"url\":\"https:\\\/\\\/secure.gravatar.com\\\/avatar\\\/4c81fed838786e9b53f540bf46533e750f5d292099ae3b66cfc6fb1982e29df7?s=96&d=mm&r=g\",\"contentUrl\":\"https:\\\/\\\/secure.gravatar.com\\\/avatar\\\/4c81fed838786e9b53f540bf46533e750f5d292099ae3b66cfc6fb1982e29df7?s=96&d=mm&r=g\",\"caption\":\"admin\"},\"description\":\"admin\",\"url\":\"https:\\\/\\\/lasentinelle.dz\\\/author\\\/admin\\\/\"}]}<\/script>\n<!-- \/ Yoast SEO plugin. -->","yoast_head_json":{"title":"Nucl\u00e9aire iranien\u00a0: L&rsquo;AIEA \u00ab\u00a0encourag\u00e9\u00a0\u00bb par la reprise du dialogue\u00a0 - La Sentinelle","robots":{"index":"index","follow":"follow","max-snippet":"max-snippet:-1","max-image-preview":"max-image-preview:large","max-video-preview":"max-video-preview:-1"},"canonical":"https:\/\/lasentinelle.dz\/index.php\/2025\/07\/27\/nucleaire-iranien-laiea-encourage-par-la-reprise-du-dialogue\/","og_locale":"fr_FR","og_type":"article","og_title":"Nucl\u00e9aire iranien\u00a0: L&rsquo;AIEA \u00ab\u00a0encourag\u00e9\u00a0\u00bb par la reprise du dialogue\u00a0 - La Sentinelle","og_description":"\u00ab\u00a0Je suis encourag\u00e9 par ce que j&rsquo;ai entendu de T\u00e9h\u00e9ran, \u00e0 savoir qu&rsquo;ils veulent renouer le dialogue avec nous\u00a0\u00bb, a","og_url":"https:\/\/lasentinelle.dz\/index.php\/2025\/07\/27\/nucleaire-iranien-laiea-encourage-par-la-reprise-du-dialogue\/","og_site_name":"La Sentinelle","article_publisher":"https:\/\/www.facebook.com\/La-Sentinelle-104059864394773","article_published_time":"2025-07-27T11:03:52+00:00","og_image":[{"width":1000,"height":563,"url":"https:\/\/lasentinelle.dz\/wp-content\/uploads\/2025\/07\/grossi.jpeg","type":"image\/jpeg"}],"author":"admin","twitter_card":"summary_large_image","twitter_misc":{"\u00c9crit par":"admin","Dur\u00e9e de lecture estim\u00e9e":"3 minutes"},"schema":{"@context":"https:\/\/schema.org","@graph":[{"@type":"Article","@id":"https:\/\/lasentinelle.dz\/index.php\/2025\/07\/27\/nucleaire-iranien-laiea-encourage-par-la-reprise-du-dialogue\/#article","isPartOf":{"@id":"https:\/\/lasentinelle.dz\/index.php\/2025\/07\/27\/nucleaire-iranien-laiea-encourage-par-la-reprise-du-dialogue\/"},"author":{"name":"admin","@id":"https:\/\/lasentinelle.dz\/#\/schema\/person\/729ee0024f24e0b8c5ec17232f8e8b41"},"headline":"Nucl\u00e9aire iranien\u00a0: L&rsquo;AIEA \u00ab\u00a0encourag\u00e9\u00a0\u00bb par la reprise du dialogue\u00a0","datePublished":"2025-07-27T11:03:52+00:00","mainEntityOfPage":{"@id":"https:\/\/lasentinelle.dz\/index.php\/2025\/07\/27\/nucleaire-iranien-laiea-encourage-par-la-reprise-du-dialogue\/"},"wordCount":604,"commentCount":0,"publisher":{"@id":"https:\/\/lasentinelle.dz\/#organization"},"image":{"@id":"https:\/\/lasentinelle.dz\/index.php\/2025\/07\/27\/nucleaire-iranien-laiea-encourage-par-la-reprise-du-dialogue\/#primaryimage"},"thumbnailUrl":"https:\/\/lasentinelle.dz\/wp-content\/uploads\/2025\/07\/grossi.jpeg","articleSection":["Monde"],"inLanguage":"fr-FR","potentialAction":[{"@type":"CommentAction","name":"Comment","target":["https:\/\/lasentinelle.dz\/index.php\/2025\/07\/27\/nucleaire-iranien-laiea-encourage-par-la-reprise-du-dialogue\/#respond"]}]},{"@type":"WebPage","@id":"https:\/\/lasentinelle.dz\/index.php\/2025\/07\/27\/nucleaire-iranien-laiea-encourage-par-la-reprise-du-dialogue\/","url":"https:\/\/lasentinelle.dz\/index.php\/2025\/07\/27\/nucleaire-iranien-laiea-encourage-par-la-reprise-du-dialogue\/","name":"Nucl\u00e9aire iranien\u00a0: L&rsquo;AIEA \u00ab\u00a0encourag\u00e9\u00a0\u00bb par la reprise du dialogue\u00a0 - La Sentinelle","isPartOf":{"@id":"https:\/\/lasentinelle.dz\/#website"},"primaryImageOfPage":{"@id":"https:\/\/lasentinelle.dz\/index.php\/2025\/07\/27\/nucleaire-iranien-laiea-encourage-par-la-reprise-du-dialogue\/#primaryimage"},"image":{"@id":"https:\/\/lasentinelle.dz\/index.php\/2025\/07\/27\/nucleaire-iranien-laiea-encourage-par-la-reprise-du-dialogue\/#primaryimage"},"thumbnailUrl":"https:\/\/lasentinelle.dz\/wp-content\/uploads\/2025\/07\/grossi.jpeg","datePublished":"2025-07-27T11:03:52+00:00","breadcrumb":{"@id":"https:\/\/lasentinelle.dz\/index.php\/2025\/07\/27\/nucleaire-iranien-laiea-encourage-par-la-reprise-du-dialogue\/#breadcrumb"},"inLanguage":"fr-FR","potentialAction":[{"@type":"ReadAction","target":["https:\/\/lasentinelle.dz\/index.php\/2025\/07\/27\/nucleaire-iranien-laiea-encourage-par-la-reprise-du-dialogue\/"]}]},{"@type":"ImageObject","inLanguage":"fr-FR","@id":"https:\/\/lasentinelle.dz\/index.php\/2025\/07\/27\/nucleaire-iranien-laiea-encourage-par-la-reprise-du-dialogue\/#primaryimage","url":"https:\/\/lasentinelle.dz\/wp-content\/uploads\/2025\/07\/grossi.jpeg","contentUrl":"https:\/\/lasentinelle.dz\/wp-content\/uploads\/2025\/07\/grossi.jpeg","width":1000,"height":563},{"@type":"BreadcrumbList","@id":"https:\/\/lasentinelle.dz\/index.php\/2025\/07\/27\/nucleaire-iranien-laiea-encourage-par-la-reprise-du-dialogue\/#breadcrumb","itemListElement":[{"@type":"ListItem","position":1,"name":"Accueil","item":"https:\/\/lasentinelle.dz\/"},{"@type":"ListItem","position":2,"name":"Nucl\u00e9aire iranien\u00a0: L&rsquo;AIEA \u00ab\u00a0encourag\u00e9\u00a0\u00bb par la reprise du dialogue\u00a0"}]},{"@type":"WebSite","@id":"https:\/\/lasentinelle.dz\/#website","url":"https:\/\/lasentinelle.dz\/","name":"La Sentinelle","description":"Quotidien national d&#039;information","publisher":{"@id":"https:\/\/lasentinelle.dz\/#organization"},"potentialAction":[{"@type":"SearchAction","target":{"@type":"EntryPoint","urlTemplate":"https:\/\/lasentinelle.dz\/?s={search_term_string}"},"query-input":{"@type":"PropertyValueSpecification","valueRequired":true,"valueName":"search_term_string"}}],"inLanguage":"fr-FR"},{"@type":"Organization","@id":"https:\/\/lasentinelle.dz\/#organization","name":"Quotidien La Sentinelle","url":"https:\/\/lasentinelle.dz\/","logo":{"@type":"ImageObject","inLanguage":"fr-FR","@id":"https:\/\/lasentinelle.dz\/#\/schema\/logo\/image\/","url":"https:\/\/lasentinelle.dz\/wp-content\/uploads\/2021\/09\/logo-sentinelleSLOGAN-1.png","contentUrl":"https:\/\/lasentinelle.dz\/wp-content\/uploads\/2021\/09\/logo-sentinelleSLOGAN-1.png","width":615,"height":142,"caption":"Quotidien La Sentinelle"},"image":{"@id":"https:\/\/lasentinelle.dz\/#\/schema\/logo\/image\/"},"sameAs":["https:\/\/www.facebook.com\/La-Sentinelle-104059864394773"]},{"@type":"Person","@id":"https:\/\/lasentinelle.dz\/#\/schema\/person\/729ee0024f24e0b8c5ec17232f8e8b41","name":"admin","image":{"@type":"ImageObject","inLanguage":"fr-FR","@id":"https:\/\/secure.gravatar.com\/avatar\/4c81fed838786e9b53f540bf46533e750f5d292099ae3b66cfc6fb1982e29df7?s=96&d=mm&r=g","url":"https:\/\/secure.gravatar.com\/avatar\/4c81fed838786e9b53f540bf46533e750f5d292099ae3b66cfc6fb1982e29df7?s=96&d=mm&r=g","contentUrl":"https:\/\/secure.gravatar.com\/avatar\/4c81fed838786e9b53f540bf46533e750f5d292099ae3b66cfc6fb1982e29df7?s=96&d=mm&r=g","caption":"admin"},"description":"admin","url":"https:\/\/lasentinelle.dz\/author\/admin\/"}]}},"_links":{"self":[{"href":"https:\/\/lasentinelle.dz\/index.php\/wp-json\/wp\/v2\/posts\/70920","targetHints":{"allow":["GET"]}}],"collection":[{"href":"https:\/\/lasentinelle.dz\/index.php\/wp-json\/wp\/v2\/posts"}],"about":[{"href":"https:\/\/lasentinelle.dz\/index.php\/wp-json\/wp\/v2\/types\/post"}],"author":[{"embeddable":true,"href":"https:\/\/lasentinelle.dz\/index.php\/wp-json\/wp\/v2\/users\/6"}],"replies":[{"embeddable":true,"href":"https:\/\/lasentinelle.dz\/index.php\/wp-json\/wp\/v2\/comments?post=70920"}],"version-history":[{"count":2,"href":"https:\/\/lasentinelle.dz\/index.php\/wp-json\/wp\/v2\/posts\/70920\/revisions"}],"predecessor-version":[{"id":70923,"href":"https:\/\/lasentinelle.dz\/index.php\/wp-json\/wp\/v2\/posts\/70920\/revisions\/70923"}],"wp:featuredmedia":[{"embeddable":true,"href":"https:\/\/lasentinelle.dz\/index.php\/wp-json\/wp\/v2\/media\/70921"}],"wp:attachment":[{"href":"https:\/\/lasentinelle.dz\/index.php\/wp-json\/wp\/v2\/media?parent=70920"}],"wp:term":[{"taxonomy":"category","embeddable":true,"href":"https:\/\/lasentinelle.dz\/index.php\/wp-json\/wp\/v2\/categories?post=70920"},{"taxonomy":"post_tag","embeddable":true,"href":"https:\/\/lasentinelle.dz\/index.php\/wp-json\/wp\/v2\/tags?post=70920"}],"curies":[{"name":"wp","href":"https:\/\/api.w.org\/{rel}","templated":true}]}}