{"id":70924,"date":"2025-07-27T12:04:38","date_gmt":"2025-07-27T11:04:38","guid":{"rendered":"https:\/\/lasentinelle.dz\/?p=70924"},"modified":"2025-07-27T12:04:39","modified_gmt":"2025-07-27T11:04:39","slug":"genocide-sioniste-a-ghaza-lonu-denonce-lindifference-internationale","status":"publish","type":"post","link":"https:\/\/lasentinelle.dz\/index.php\/2025\/07\/27\/genocide-sioniste-a-ghaza-lonu-denonce-lindifference-internationale\/","title":{"rendered":"G\u00e9nocide sioniste \u00e0 Ghaza\u00a0:\u00a0L&rsquo;ONU d\u00e9nonce l&rsquo;indiff\u00e9rence internationale\u00a0"},"content":{"rendered":"\n<p>La communaut\u00e9 internationale se trouve aujourd&rsquo;hui face \u00e0 une crise morale sans pr\u00e9c\u00e9dent alors que le g\u00e9nocide perp\u00e9tr\u00e9 par l&rsquo;entit\u00e9 sioniste contre la population palestinienne de Ghaza se poursuit depuis octobre 2023.&nbsp;<\/p>\n\n\n\n<p>Le Secr\u00e9taire g\u00e9n\u00e9ral de l&rsquo;ONU, Antonio Guterres, a exprim\u00e9 vendredi sa plus vive indignation face \u00e0 \u00ab\u00a0l&rsquo;indiff\u00e9rence\u00a0\u00bb et \u00ab\u00a0l&rsquo;inaction\u00a0\u00bb de nombreux membres de la communaut\u00e9 internationale devant cette trag\u00e9die humanitaire d&rsquo;une ampleur inou\u00efe.&nbsp;S&rsquo;exprimant par t\u00e9l\u00e9conf\u00e9rence devant les repr\u00e9sentants d&rsquo;Amnesty International r\u00e9unis pour leur Assembl\u00e9e mondiale, M. Guterres a d\u00e9nonc\u00e9 sans d\u00e9tour \u00ab\u00a0l&rsquo;explosion de morts et de destructions\u00a0\u00bb dans l&rsquo;enclave palestinienne. \u00ab\u00a0Je ne peux expliquer le niveau d&rsquo;indiff\u00e9rence et d&rsquo;inaction que nous constatons chez trop de membres de la communaut\u00e9 internationale. Le manque de compassion, le manque de v\u00e9rit\u00e9, le manque d&rsquo;humanit\u00e9\u00a0\u00bb, a d\u00e9plor\u00e9 le chef de l&rsquo;ONU, soulignant qu&rsquo;il ne s&rsquo;agit pas seulement d&rsquo;une crise humanitaire mais d&rsquo;une \u00ab\u00a0crise morale qui interpelle la conscience mondiale\u00a0\u00bb.<\/p>\n\n\n\n<p>Le bilan de cette agression g\u00e9nocidaire continue de s&rsquo;alourdir dramatiquement. Selon les derniers chiffres des autorit\u00e9s sanitaires palestiniennes, plus de 59.733 martyrs et 144.477 bless\u00e9s ont \u00e9t\u00e9 recens\u00e9s depuis le d\u00e9but de cette campagne d&rsquo;extermination syst\u00e9matique. Au cours des derni\u00e8res 24 heures seulement, 29 nouveaux martyrs et plus de 165 bless\u00e9s sont arriv\u00e9s dans les h\u00f4pitaux de Ghaza. Ces statistiques glaciales t\u00e9moignent de l&rsquo;intensit\u00e9 de la machine de guerre sioniste qui continue de broyer la population civile palestinienne.<\/p>\n\n\n\n<p>La situation sur le terrain r\u00e9v\u00e8le toute l&rsquo;horreur de cette entreprise g\u00e9nocidaire. Depuis le 27 mai, l&rsquo;ONU a recens\u00e9 plus de 1.000 Palestiniens tomb\u00e9s en martyrs en tentant simplement d&rsquo;acc\u00e9der \u00e0 la nourriture, \u00ab\u00a0par d\u00e9sespoir, alors que la population enti\u00e8re meurt de faim\u00a0\u00bb. Les travailleurs humanitaires de l&rsquo;ONU, que M. Guterres qualifie d&rsquo;h\u00e9ro\u00efques, continuent leurs missions dans des conditions inimaginables, beaucoup \u00e9tant si \u00ab\u00a0abasourdis et \u00e9puis\u00e9s qu&rsquo;ils disent ne se sentir ni morts ni vivants\u00a0\u00bb. Le Secr\u00e9taire g\u00e9n\u00e9ral r\u00e9v\u00e8le m\u00eame organiser \u00ab\u00a0des appels vid\u00e9o avec nos propres travailleurs humanitaires qui meurent de faim sous nos yeux\u00a0\u00bb.<\/p>\n\n\n\n<p>Face \u00e0 cette catastrophe humanitaire orchestr\u00e9e, l&rsquo;Union europ\u00e9enne fait l&rsquo;objet de vives critiques de la part de ses propres citoyens. Des associations comme Accion Contra el Odio ont lanc\u00e9 un appel d\u00e9non\u00e7ant la position \u00ab\u00a0honteuse\u00a0\u00bb de la Commission europ\u00e9enne face au g\u00e9nocide perp\u00e9tr\u00e9 \u00e0 Ghaza. Les signataires accusent directement la pr\u00e9sidente Ursula von der Leyen et la responsable de la politique \u00e9trang\u00e8re Kaja Kallas d&rsquo;\u00eatre \u00ab\u00a0l\u00e9galement et moralement complices de l&rsquo;an\u00e9antissement syst\u00e9matique et d\u00e9vastateur de la population de Ghaza\u00a0\u00bb. Ils exigent la suspension imm\u00e9diate de l&rsquo;accord d&rsquo;association UE-entit\u00e9 sioniste et menacent de porter plainte devant la Cour p\u00e9nale internationale pour complicit\u00e9 de g\u00e9nocide.&nbsp;Au Royaume-Uni, la pression monte \u00e9galement sur le gouvernement de Keir Starmer. Plus de 100 d\u00e9put\u00e9s britanniques ont exhort\u00e9 vendredi le Premier ministre \u00e0 reconna\u00eetre l&rsquo;\u00c9tat de Palestine, estimant qu&rsquo;une telle reconnaissance serait \u00ab\u00a0particuli\u00e8rement puissante\u00a0\u00bb et donnerait corps \u00e0 la position britannique historique en faveur de la solution \u00e0 deux \u00c9tats. Starmer a reconnu que \u00ab\u00a0la souffrance et la famine qui se d\u00e9roulent \u00e0 Ghaza sont indicibles et ind\u00e9fendables\u00a0\u00bb, tout en affirmant qu&rsquo;un cessez-le-feu \u00ab\u00a0nous mettrait sur la voie de la reconnaissance d&rsquo;un \u00c9tat palestinien\u00a0\u00bb.<\/p>\n\n\n\n<p>La solidarit\u00e9 internationale s&rsquo;exprime aussi dans la rue, notamment \u00e0 Berlin o\u00f9 des centaines de manifestants ont d\u00e9fil\u00e9 vendredi pour protester contre la politique de famine men\u00e9e par l&rsquo;occupant sioniste. Brandissant des drapeaux palestiniens et portant des assiettes et des casseroles symboliques, ils ont d\u00e9nonc\u00e9 le blocage de l&rsquo;aide alimentaire et scand\u00e9 des slogans comme \u00ab\u00a0Arr\u00eatez le g\u00e9nocide\u00a0\u00bb et \u00ab\u00a0Le silence est complice du crime\u00a0\u00bb.<\/p>\n\n\n\n<p><strong>Hamas rejette les accusations de Trump sur les n\u00e9gociations<\/strong><\/p>\n\n\n\n<p>Les tensions diplomatiques se sont intensifi\u00e9es apr\u00e8s les d\u00e9clarations du pr\u00e9sident am\u00e9ricain Donald Trump accusant le mouvement de r\u00e9sistance palestinien Hamas de ne pas vouloir d&rsquo;accord sur un cessez-le-feu. Trump a affirm\u00e9 vendredi que le Hamas \u00ab\u00a0ne voulait pas d&rsquo;accord\u00a0\u00bb apr\u00e8s l&rsquo;\u00e9chec des n\u00e9gociations indirectes tenues \u00e0 Doha, et voulait \u00ab\u00a0mourir\u00a0\u00bb. Le mouvement de r\u00e9sistance a qualifi\u00e9 ces propos de \u00ab\u00a0choquants\u00a0\u00bb, particuli\u00e8rement apr\u00e8s ce qu&rsquo;il d\u00e9crit comme \u00ab\u00a0des avanc\u00e9es sur certains dossiers en n\u00e9gociation\u00a0\u00bb. Taher al-Nounou, dirigeant du Hamas, a exprim\u00e9 sa surprise face \u00e0 ces d\u00e9clarations, soulignant que le mouvement n&rsquo;avait \u00e9t\u00e9 inform\u00e9 \u00ab\u00a0d&rsquo;aucun probl\u00e8me sur les dossiers en n\u00e9gociation\u00a0\u00bb. Un autre responsable, Izzat al-Risheq, a d\u00e9nonc\u00e9 le fait que Washington \u00ab\u00a0ferme l&rsquo;oeil sur le v\u00e9ritable obstacle \u00e0 tout accord, \u00e0 savoir le gouvernement de Netanyahu, qui met des obstacles, tergiverse et se soustrait \u00e0 ses engagements\u00a0\u00bb. Il a soulign\u00e9 que le Hamas avait fait preuve de \u00ab\u00a0flexibilit\u00e9\u00a0\u00bb et appel\u00e9 l&rsquo;administration am\u00e9ricaine \u00e0 \u00ab\u00a0faire pression sur le gouvernement d&rsquo;occupation pour qu&rsquo;il s&rsquo;engage s\u00e9rieusement\u00a0\u00bb.<\/p>\n\n\n\n<p>Sur le terrain, la machine de mort sioniste continue son \u0153uvre destructrice. Samedi, au moins six Palestiniens sont tomb\u00e9s en martyrs dans une frappe de drone contre une tente abritant des personnes d\u00e9plac\u00e9es dans la r\u00e9gion d&rsquo;Al-Mawasi, \u00e0 l&rsquo;ouest de Khan Younes, une zone que les forces d&rsquo;occupation pr\u00e9tendaient pourtant \u00eatre \u00ab\u00a0s\u00fbre\u00a0\u00bb. Cette attaque illustre parfaitement la strat\u00e9gie terroriste de l&rsquo;entit\u00e9 sioniste qui cible d\u00e9lib\u00e9r\u00e9ment les civils, y compris dans des zones suppos\u00e9es prot\u00e9g\u00e9es.<\/p>\n\n\n\n<p>Lyes Sa\u00efdi<\/p>\n","protected":false},"excerpt":{"rendered":"<p>La communaut\u00e9 internationale se trouve aujourd&rsquo;hui face \u00e0 une crise morale sans pr\u00e9c\u00e9dent alors que le g\u00e9nocide perp\u00e9tr\u00e9 par l&rsquo;entit\u00e9<\/p>\n","protected":false},"author":6,"featured_media":40128,"comment_status":"open","ping_status":"closed","sticky":false,"template":"","format":"standard","meta":{"colormag_page_container_layout":"default_layout","colormag_page_sidebar_layout":"default_layout","om_disable_all_campaigns":false,"_monsterinsights_skip_tracking":false,"_monsterinsights_sitenote_active":false,"_monsterinsights_sitenote_note":"","_monsterinsights_sitenote_category":0,"footnotes":"","_wpscppro_dont_share_socialmedia":false,"_wpscppro_custom_social_share_image":0,"_facebook_share_type":"default","_twitter_share_type":"default","_linkedin_share_type":"default","_pinterest_share_type":"default","_linkedin_share_type_page":"","_instagram_share_type":"default","_medium_share_type":"default","_threads_share_type":"","_google_business_share_type":"","_selected_social_profile":[],"_wpsp_enable_custom_social_template":false,"_wpsp_social_scheduling":{"enabled":false,"datetime":null,"platforms":[],"status":"template_only","dateOption":"today","timeOption":"now","customDays":"","customHours":"","customDate":"","customTime":"","schedulingType":"absolute"},"_wpsp_active_default_template":true},"categories":[52,37],"tags":[],"class_list":["post-70924","post","type-post","status-publish","format-standard","has-post-thumbnail","hentry","category-a-la-une","category-monde"],"aioseo_notices":[],"yoast_head":"<!-- This site is optimized with the Yoast SEO plugin v27.5 - https:\/\/yoast.com\/product\/yoast-seo-wordpress\/ -->\n<title>G\u00e9nocide sioniste \u00e0 Ghaza\u00a0:\u00a0L&rsquo;ONU d\u00e9nonce l&rsquo;indiff\u00e9rence internationale\u00a0 - La Sentinelle<\/title>\n<meta name=\"robots\" content=\"index, follow, max-snippet:-1, max-image-preview:large, max-video-preview:-1\" \/>\n<link rel=\"canonical\" href=\"https:\/\/lasentinelle.dz\/index.php\/2025\/07\/27\/genocide-sioniste-a-ghaza-lonu-denonce-lindifference-internationale\/\" \/>\n<meta property=\"og:locale\" content=\"fr_FR\" \/>\n<meta property=\"og:type\" content=\"article\" \/>\n<meta property=\"og:title\" content=\"G\u00e9nocide sioniste \u00e0 Ghaza\u00a0:\u00a0L&rsquo;ONU d\u00e9nonce l&rsquo;indiff\u00e9rence internationale\u00a0 - La Sentinelle\" \/>\n<meta property=\"og:description\" content=\"La communaut\u00e9 internationale se trouve aujourd&rsquo;hui face \u00e0 une crise morale sans pr\u00e9c\u00e9dent alors que le g\u00e9nocide perp\u00e9tr\u00e9 par l&rsquo;entit\u00e9\" \/>\n<meta property=\"og:url\" content=\"https:\/\/lasentinelle.dz\/index.php\/2025\/07\/27\/genocide-sioniste-a-ghaza-lonu-denonce-lindifference-internationale\/\" \/>\n<meta property=\"og:site_name\" content=\"La Sentinelle\" \/>\n<meta property=\"article:publisher\" content=\"https:\/\/www.facebook.com\/La-Sentinelle-104059864394773\" \/>\n<meta property=\"article:published_time\" content=\"2025-07-27T11:04:38+00:00\" \/>\n<meta property=\"article:modified_time\" content=\"2025-07-27T11:04:39+00:00\" \/>\n<meta property=\"og:image\" content=\"https:\/\/lasentinelle.dz\/wp-content\/uploads\/2023\/04\/guterres.png\" \/>\n\t<meta property=\"og:image:width\" content=\"1349\" \/>\n\t<meta property=\"og:image:height\" content=\"900\" \/>\n\t<meta property=\"og:image:type\" content=\"image\/png\" \/>\n<meta name=\"author\" content=\"admin\" \/>\n<meta name=\"twitter:card\" content=\"summary_large_image\" \/>\n<meta name=\"twitter:label1\" content=\"\u00c9crit par\" \/>\n\t<meta name=\"twitter:data1\" content=\"admin\" \/>\n\t<meta name=\"twitter:label2\" content=\"Dur\u00e9e de lecture estim\u00e9e\" \/>\n\t<meta name=\"twitter:data2\" content=\"5 minutes\" \/>\n<script type=\"application\/ld+json\" class=\"yoast-schema-graph\">{\"@context\":\"https:\\\/\\\/schema.org\",\"@graph\":[{\"@type\":\"Article\",\"@id\":\"https:\\\/\\\/lasentinelle.dz\\\/index.php\\\/2025\\\/07\\\/27\\\/genocide-sioniste-a-ghaza-lonu-denonce-lindifference-internationale\\\/#article\",\"isPartOf\":{\"@id\":\"https:\\\/\\\/lasentinelle.dz\\\/index.php\\\/2025\\\/07\\\/27\\\/genocide-sioniste-a-ghaza-lonu-denonce-lindifference-internationale\\\/\"},\"author\":{\"name\":\"admin\",\"@id\":\"https:\\\/\\\/lasentinelle.dz\\\/#\\\/schema\\\/person\\\/729ee0024f24e0b8c5ec17232f8e8b41\"},\"headline\":\"G\u00e9nocide sioniste \u00e0 Ghaza\u00a0:\u00a0L&rsquo;ONU d\u00e9nonce l&rsquo;indiff\u00e9rence internationale\u00a0\",\"datePublished\":\"2025-07-27T11:04:38+00:00\",\"dateModified\":\"2025-07-27T11:04:39+00:00\",\"mainEntityOfPage\":{\"@id\":\"https:\\\/\\\/lasentinelle.dz\\\/index.php\\\/2025\\\/07\\\/27\\\/genocide-sioniste-a-ghaza-lonu-denonce-lindifference-internationale\\\/\"},\"wordCount\":982,\"commentCount\":0,\"publisher\":{\"@id\":\"https:\\\/\\\/lasentinelle.dz\\\/#organization\"},\"image\":{\"@id\":\"https:\\\/\\\/lasentinelle.dz\\\/index.php\\\/2025\\\/07\\\/27\\\/genocide-sioniste-a-ghaza-lonu-denonce-lindifference-internationale\\\/#primaryimage\"},\"thumbnailUrl\":\"https:\\\/\\\/lasentinelle.dz\\\/wp-content\\\/uploads\\\/2023\\\/04\\\/guterres.png\",\"articleSection\":[\"\u00c0 la Une\",\"Monde\"],\"inLanguage\":\"fr-FR\",\"potentialAction\":[{\"@type\":\"CommentAction\",\"name\":\"Comment\",\"target\":[\"https:\\\/\\\/lasentinelle.dz\\\/index.php\\\/2025\\\/07\\\/27\\\/genocide-sioniste-a-ghaza-lonu-denonce-lindifference-internationale\\\/#respond\"]}]},{\"@type\":\"WebPage\",\"@id\":\"https:\\\/\\\/lasentinelle.dz\\\/index.php\\\/2025\\\/07\\\/27\\\/genocide-sioniste-a-ghaza-lonu-denonce-lindifference-internationale\\\/\",\"url\":\"https:\\\/\\\/lasentinelle.dz\\\/index.php\\\/2025\\\/07\\\/27\\\/genocide-sioniste-a-ghaza-lonu-denonce-lindifference-internationale\\\/\",\"name\":\"G\u00e9nocide sioniste \u00e0 Ghaza\u00a0:\u00a0L&rsquo;ONU d\u00e9nonce l&rsquo;indiff\u00e9rence internationale\u00a0 - La Sentinelle\",\"isPartOf\":{\"@id\":\"https:\\\/\\\/lasentinelle.dz\\\/#website\"},\"primaryImageOfPage\":{\"@id\":\"https:\\\/\\\/lasentinelle.dz\\\/index.php\\\/2025\\\/07\\\/27\\\/genocide-sioniste-a-ghaza-lonu-denonce-lindifference-internationale\\\/#primaryimage\"},\"image\":{\"@id\":\"https:\\\/\\\/lasentinelle.dz\\\/index.php\\\/2025\\\/07\\\/27\\\/genocide-sioniste-a-ghaza-lonu-denonce-lindifference-internationale\\\/#primaryimage\"},\"thumbnailUrl\":\"https:\\\/\\\/lasentinelle.dz\\\/wp-content\\\/uploads\\\/2023\\\/04\\\/guterres.png\",\"datePublished\":\"2025-07-27T11:04:38+00:00\",\"dateModified\":\"2025-07-27T11:04:39+00:00\",\"breadcrumb\":{\"@id\":\"https:\\\/\\\/lasentinelle.dz\\\/index.php\\\/2025\\\/07\\\/27\\\/genocide-sioniste-a-ghaza-lonu-denonce-lindifference-internationale\\\/#breadcrumb\"},\"inLanguage\":\"fr-FR\",\"potentialAction\":[{\"@type\":\"ReadAction\",\"target\":[\"https:\\\/\\\/lasentinelle.dz\\\/index.php\\\/2025\\\/07\\\/27\\\/genocide-sioniste-a-ghaza-lonu-denonce-lindifference-internationale\\\/\"]}]},{\"@type\":\"ImageObject\",\"inLanguage\":\"fr-FR\",\"@id\":\"https:\\\/\\\/lasentinelle.dz\\\/index.php\\\/2025\\\/07\\\/27\\\/genocide-sioniste-a-ghaza-lonu-denonce-lindifference-internationale\\\/#primaryimage\",\"url\":\"https:\\\/\\\/lasentinelle.dz\\\/wp-content\\\/uploads\\\/2023\\\/04\\\/guterres.png\",\"contentUrl\":\"https:\\\/\\\/lasentinelle.dz\\\/wp-content\\\/uploads\\\/2023\\\/04\\\/guterres.png\",\"width\":1349,\"height\":900},{\"@type\":\"BreadcrumbList\",\"@id\":\"https:\\\/\\\/lasentinelle.dz\\\/index.php\\\/2025\\\/07\\\/27\\\/genocide-sioniste-a-ghaza-lonu-denonce-lindifference-internationale\\\/#breadcrumb\",\"itemListElement\":[{\"@type\":\"ListItem\",\"position\":1,\"name\":\"Accueil\",\"item\":\"https:\\\/\\\/lasentinelle.dz\\\/\"},{\"@type\":\"ListItem\",\"position\":2,\"name\":\"G\u00e9nocide sioniste \u00e0 Ghaza\u00a0:\u00a0L&rsquo;ONU d\u00e9nonce l&rsquo;indiff\u00e9rence internationale\u00a0\"}]},{\"@type\":\"WebSite\",\"@id\":\"https:\\\/\\\/lasentinelle.dz\\\/#website\",\"url\":\"https:\\\/\\\/lasentinelle.dz\\\/\",\"name\":\"La Sentinelle\",\"description\":\"Quotidien national d&#039;information\",\"publisher\":{\"@id\":\"https:\\\/\\\/lasentinelle.dz\\\/#organization\"},\"potentialAction\":[{\"@type\":\"SearchAction\",\"target\":{\"@type\":\"EntryPoint\",\"urlTemplate\":\"https:\\\/\\\/lasentinelle.dz\\\/?s={search_term_string}\"},\"query-input\":{\"@type\":\"PropertyValueSpecification\",\"valueRequired\":true,\"valueName\":\"search_term_string\"}}],\"inLanguage\":\"fr-FR\"},{\"@type\":\"Organization\",\"@id\":\"https:\\\/\\\/lasentinelle.dz\\\/#organization\",\"name\":\"Quotidien La Sentinelle\",\"url\":\"https:\\\/\\\/lasentinelle.dz\\\/\",\"logo\":{\"@type\":\"ImageObject\",\"inLanguage\":\"fr-FR\",\"@id\":\"https:\\\/\\\/lasentinelle.dz\\\/#\\\/schema\\\/logo\\\/image\\\/\",\"url\":\"https:\\\/\\\/lasentinelle.dz\\\/wp-content\\\/uploads\\\/2021\\\/09\\\/logo-sentinelleSLOGAN-1.png\",\"contentUrl\":\"https:\\\/\\\/lasentinelle.dz\\\/wp-content\\\/uploads\\\/2021\\\/09\\\/logo-sentinelleSLOGAN-1.png\",\"width\":615,\"height\":142,\"caption\":\"Quotidien La Sentinelle\"},\"image\":{\"@id\":\"https:\\\/\\\/lasentinelle.dz\\\/#\\\/schema\\\/logo\\\/image\\\/\"},\"sameAs\":[\"https:\\\/\\\/www.facebook.com\\\/La-Sentinelle-104059864394773\"]},{\"@type\":\"Person\",\"@id\":\"https:\\\/\\\/lasentinelle.dz\\\/#\\\/schema\\\/person\\\/729ee0024f24e0b8c5ec17232f8e8b41\",\"name\":\"admin\",\"image\":{\"@type\":\"ImageObject\",\"inLanguage\":\"fr-FR\",\"@id\":\"https:\\\/\\\/secure.gravatar.com\\\/avatar\\\/4c81fed838786e9b53f540bf46533e750f5d292099ae3b66cfc6fb1982e29df7?s=96&d=mm&r=g\",\"url\":\"https:\\\/\\\/secure.gravatar.com\\\/avatar\\\/4c81fed838786e9b53f540bf46533e750f5d292099ae3b66cfc6fb1982e29df7?s=96&d=mm&r=g\",\"contentUrl\":\"https:\\\/\\\/secure.gravatar.com\\\/avatar\\\/4c81fed838786e9b53f540bf46533e750f5d292099ae3b66cfc6fb1982e29df7?s=96&d=mm&r=g\",\"caption\":\"admin\"},\"description\":\"admin\",\"url\":\"https:\\\/\\\/lasentinelle.dz\\\/author\\\/admin\\\/\"}]}<\/script>\n<!-- \/ Yoast SEO plugin. -->","yoast_head_json":{"title":"G\u00e9nocide sioniste \u00e0 Ghaza\u00a0:\u00a0L&rsquo;ONU d\u00e9nonce l&rsquo;indiff\u00e9rence internationale\u00a0 - La Sentinelle","robots":{"index":"index","follow":"follow","max-snippet":"max-snippet:-1","max-image-preview":"max-image-preview:large","max-video-preview":"max-video-preview:-1"},"canonical":"https:\/\/lasentinelle.dz\/index.php\/2025\/07\/27\/genocide-sioniste-a-ghaza-lonu-denonce-lindifference-internationale\/","og_locale":"fr_FR","og_type":"article","og_title":"G\u00e9nocide sioniste \u00e0 Ghaza\u00a0:\u00a0L&rsquo;ONU d\u00e9nonce l&rsquo;indiff\u00e9rence internationale\u00a0 - La Sentinelle","og_description":"La communaut\u00e9 internationale se trouve aujourd&rsquo;hui face \u00e0 une crise morale sans pr\u00e9c\u00e9dent alors que le g\u00e9nocide perp\u00e9tr\u00e9 par l&rsquo;entit\u00e9","og_url":"https:\/\/lasentinelle.dz\/index.php\/2025\/07\/27\/genocide-sioniste-a-ghaza-lonu-denonce-lindifference-internationale\/","og_site_name":"La Sentinelle","article_publisher":"https:\/\/www.facebook.com\/La-Sentinelle-104059864394773","article_published_time":"2025-07-27T11:04:38+00:00","article_modified_time":"2025-07-27T11:04:39+00:00","og_image":[{"width":1349,"height":900,"url":"https:\/\/lasentinelle.dz\/wp-content\/uploads\/2023\/04\/guterres.png","type":"image\/png"}],"author":"admin","twitter_card":"summary_large_image","twitter_misc":{"\u00c9crit par":"admin","Dur\u00e9e de lecture estim\u00e9e":"5 minutes"},"schema":{"@context":"https:\/\/schema.org","@graph":[{"@type":"Article","@id":"https:\/\/lasentinelle.dz\/index.php\/2025\/07\/27\/genocide-sioniste-a-ghaza-lonu-denonce-lindifference-internationale\/#article","isPartOf":{"@id":"https:\/\/lasentinelle.dz\/index.php\/2025\/07\/27\/genocide-sioniste-a-ghaza-lonu-denonce-lindifference-internationale\/"},"author":{"name":"admin","@id":"https:\/\/lasentinelle.dz\/#\/schema\/person\/729ee0024f24e0b8c5ec17232f8e8b41"},"headline":"G\u00e9nocide sioniste \u00e0 Ghaza\u00a0:\u00a0L&rsquo;ONU d\u00e9nonce l&rsquo;indiff\u00e9rence internationale\u00a0","datePublished":"2025-07-27T11:04:38+00:00","dateModified":"2025-07-27T11:04:39+00:00","mainEntityOfPage":{"@id":"https:\/\/lasentinelle.dz\/index.php\/2025\/07\/27\/genocide-sioniste-a-ghaza-lonu-denonce-lindifference-internationale\/"},"wordCount":982,"commentCount":0,"publisher":{"@id":"https:\/\/lasentinelle.dz\/#organization"},"image":{"@id":"https:\/\/lasentinelle.dz\/index.php\/2025\/07\/27\/genocide-sioniste-a-ghaza-lonu-denonce-lindifference-internationale\/#primaryimage"},"thumbnailUrl":"https:\/\/lasentinelle.dz\/wp-content\/uploads\/2023\/04\/guterres.png","articleSection":["\u00c0 la Une","Monde"],"inLanguage":"fr-FR","potentialAction":[{"@type":"CommentAction","name":"Comment","target":["https:\/\/lasentinelle.dz\/index.php\/2025\/07\/27\/genocide-sioniste-a-ghaza-lonu-denonce-lindifference-internationale\/#respond"]}]},{"@type":"WebPage","@id":"https:\/\/lasentinelle.dz\/index.php\/2025\/07\/27\/genocide-sioniste-a-ghaza-lonu-denonce-lindifference-internationale\/","url":"https:\/\/lasentinelle.dz\/index.php\/2025\/07\/27\/genocide-sioniste-a-ghaza-lonu-denonce-lindifference-internationale\/","name":"G\u00e9nocide sioniste \u00e0 Ghaza\u00a0:\u00a0L&rsquo;ONU d\u00e9nonce l&rsquo;indiff\u00e9rence internationale\u00a0 - La Sentinelle","isPartOf":{"@id":"https:\/\/lasentinelle.dz\/#website"},"primaryImageOfPage":{"@id":"https:\/\/lasentinelle.dz\/index.php\/2025\/07\/27\/genocide-sioniste-a-ghaza-lonu-denonce-lindifference-internationale\/#primaryimage"},"image":{"@id":"https:\/\/lasentinelle.dz\/index.php\/2025\/07\/27\/genocide-sioniste-a-ghaza-lonu-denonce-lindifference-internationale\/#primaryimage"},"thumbnailUrl":"https:\/\/lasentinelle.dz\/wp-content\/uploads\/2023\/04\/guterres.png","datePublished":"2025-07-27T11:04:38+00:00","dateModified":"2025-07-27T11:04:39+00:00","breadcrumb":{"@id":"https:\/\/lasentinelle.dz\/index.php\/2025\/07\/27\/genocide-sioniste-a-ghaza-lonu-denonce-lindifference-internationale\/#breadcrumb"},"inLanguage":"fr-FR","potentialAction":[{"@type":"ReadAction","target":["https:\/\/lasentinelle.dz\/index.php\/2025\/07\/27\/genocide-sioniste-a-ghaza-lonu-denonce-lindifference-internationale\/"]}]},{"@type":"ImageObject","inLanguage":"fr-FR","@id":"https:\/\/lasentinelle.dz\/index.php\/2025\/07\/27\/genocide-sioniste-a-ghaza-lonu-denonce-lindifference-internationale\/#primaryimage","url":"https:\/\/lasentinelle.dz\/wp-content\/uploads\/2023\/04\/guterres.png","contentUrl":"https:\/\/lasentinelle.dz\/wp-content\/uploads\/2023\/04\/guterres.png","width":1349,"height":900},{"@type":"BreadcrumbList","@id":"https:\/\/lasentinelle.dz\/index.php\/2025\/07\/27\/genocide-sioniste-a-ghaza-lonu-denonce-lindifference-internationale\/#breadcrumb","itemListElement":[{"@type":"ListItem","position":1,"name":"Accueil","item":"https:\/\/lasentinelle.dz\/"},{"@type":"ListItem","position":2,"name":"G\u00e9nocide sioniste \u00e0 Ghaza\u00a0:\u00a0L&rsquo;ONU d\u00e9nonce l&rsquo;indiff\u00e9rence internationale\u00a0"}]},{"@type":"WebSite","@id":"https:\/\/lasentinelle.dz\/#website","url":"https:\/\/lasentinelle.dz\/","name":"La Sentinelle","description":"Quotidien national d&#039;information","publisher":{"@id":"https:\/\/lasentinelle.dz\/#organization"},"potentialAction":[{"@type":"SearchAction","target":{"@type":"EntryPoint","urlTemplate":"https:\/\/lasentinelle.dz\/?s={search_term_string}"},"query-input":{"@type":"PropertyValueSpecification","valueRequired":true,"valueName":"search_term_string"}}],"inLanguage":"fr-FR"},{"@type":"Organization","@id":"https:\/\/lasentinelle.dz\/#organization","name":"Quotidien La Sentinelle","url":"https:\/\/lasentinelle.dz\/","logo":{"@type":"ImageObject","inLanguage":"fr-FR","@id":"https:\/\/lasentinelle.dz\/#\/schema\/logo\/image\/","url":"https:\/\/lasentinelle.dz\/wp-content\/uploads\/2021\/09\/logo-sentinelleSLOGAN-1.png","contentUrl":"https:\/\/lasentinelle.dz\/wp-content\/uploads\/2021\/09\/logo-sentinelleSLOGAN-1.png","width":615,"height":142,"caption":"Quotidien La Sentinelle"},"image":{"@id":"https:\/\/lasentinelle.dz\/#\/schema\/logo\/image\/"},"sameAs":["https:\/\/www.facebook.com\/La-Sentinelle-104059864394773"]},{"@type":"Person","@id":"https:\/\/lasentinelle.dz\/#\/schema\/person\/729ee0024f24e0b8c5ec17232f8e8b41","name":"admin","image":{"@type":"ImageObject","inLanguage":"fr-FR","@id":"https:\/\/secure.gravatar.com\/avatar\/4c81fed838786e9b53f540bf46533e750f5d292099ae3b66cfc6fb1982e29df7?s=96&d=mm&r=g","url":"https:\/\/secure.gravatar.com\/avatar\/4c81fed838786e9b53f540bf46533e750f5d292099ae3b66cfc6fb1982e29df7?s=96&d=mm&r=g","contentUrl":"https:\/\/secure.gravatar.com\/avatar\/4c81fed838786e9b53f540bf46533e750f5d292099ae3b66cfc6fb1982e29df7?s=96&d=mm&r=g","caption":"admin"},"description":"admin","url":"https:\/\/lasentinelle.dz\/author\/admin\/"}]}},"_links":{"self":[{"href":"https:\/\/lasentinelle.dz\/index.php\/wp-json\/wp\/v2\/posts\/70924","targetHints":{"allow":["GET"]}}],"collection":[{"href":"https:\/\/lasentinelle.dz\/index.php\/wp-json\/wp\/v2\/posts"}],"about":[{"href":"https:\/\/lasentinelle.dz\/index.php\/wp-json\/wp\/v2\/types\/post"}],"author":[{"embeddable":true,"href":"https:\/\/lasentinelle.dz\/index.php\/wp-json\/wp\/v2\/users\/6"}],"replies":[{"embeddable":true,"href":"https:\/\/lasentinelle.dz\/index.php\/wp-json\/wp\/v2\/comments?post=70924"}],"version-history":[{"count":2,"href":"https:\/\/lasentinelle.dz\/index.php\/wp-json\/wp\/v2\/posts\/70924\/revisions"}],"predecessor-version":[{"id":70926,"href":"https:\/\/lasentinelle.dz\/index.php\/wp-json\/wp\/v2\/posts\/70924\/revisions\/70926"}],"wp:featuredmedia":[{"embeddable":true,"href":"https:\/\/lasentinelle.dz\/index.php\/wp-json\/wp\/v2\/media\/40128"}],"wp:attachment":[{"href":"https:\/\/lasentinelle.dz\/index.php\/wp-json\/wp\/v2\/media?parent=70924"}],"wp:term":[{"taxonomy":"category","embeddable":true,"href":"https:\/\/lasentinelle.dz\/index.php\/wp-json\/wp\/v2\/categories?post=70924"},{"taxonomy":"post_tag","embeddable":true,"href":"https:\/\/lasentinelle.dz\/index.php\/wp-json\/wp\/v2\/tags?post=70924"}],"curies":[{"name":"wp","href":"https:\/\/api.w.org\/{rel}","templated":true}]}}