{"id":70927,"date":"2025-07-27T12:06:16","date_gmt":"2025-07-27T11:06:16","guid":{"rendered":"https:\/\/lasentinelle.dz\/?p=70927"},"modified":"2025-07-27T12:06:16","modified_gmt":"2025-07-27T11:06:16","slug":"musique-le-maestro-libanais-ziad-rahbani-nest-plus","status":"publish","type":"post","link":"https:\/\/lasentinelle.dz\/index.php\/2025\/07\/27\/musique-le-maestro-libanais-ziad-rahbani-nest-plus\/","title":{"rendered":"Musique\u00a0: Le maestro libanais\u00a0Ziad Rahbani\u00a0n\u2019est plus"},"content":{"rendered":"\n<p>Le monde arabe a perdu l&rsquo;une de ses figures culturelles les plus embl\u00e9matiques avec le d\u00e9c\u00e8s samedi matin \u00e0 Beyrouth du musicien libanais Ziad Rahbani, emport\u00e9 par une crise cardiaque \u00e0 l&rsquo;\u00e2ge de 69 ans. Fils de l&rsquo;ic\u00f4ne Feyrouz et du compositeur Assi Rahbani, cet artiste visionnaire laisse derri\u00e8re lui un h\u00e9ritage artistique incommensurable qui a profond\u00e9ment marqu\u00e9 la musique et le th\u00e9\u00e2tre libanais et arabe contemporains. D\u00e8s ses d\u00e9buts au d\u00e9but des ann\u00e9es 1970, Ziad Rahbani s&rsquo;est impos\u00e9 comme l&rsquo;un des plus audacieux novateurs de la sc\u00e8ne culturelle libanaise, r\u00e9volutionnant la chanson et le th\u00e9\u00e2tre par son ton acerbe et son regard lucide sur la soci\u00e9t\u00e9. Sa premi\u00e8re \u0153uvre th\u00e9\u00e2trale \u00ab\u00a0Sahriy\u00e9\u00a0\u00bb, cr\u00e9\u00e9e alors qu&rsquo;il n&rsquo;avait que 17 ans, marquait d\u00e9j\u00e0 l&rsquo;\u00e9mergence d&rsquo;un talent exceptionnel et d&rsquo;une voix libre qui ne cesserait jamais de questionner son \u00e9poque. L&rsquo;artiste d\u00e9funt s&rsquo;est particuli\u00e8rement distingu\u00e9 par ses pi\u00e8ces th\u00e9\u00e2trales qui refl\u00e9taient la r\u00e9alit\u00e9 libanaise avec un style satirique et intelligent, ses \u0153uvres se caract\u00e9risant par leur audace et leur analyse profonde de la soci\u00e9t\u00e9. Cette d\u00e9marche artistique courageuse faisait de lui une conscience libre et engag\u00e9e que certains ne voulaient pas entendre mais que d&rsquo;autres n&rsquo;oublieront jamais. Sa contribution \u00e0 la musique moderne a \u00e9t\u00e9 tout aussi r\u00e9volutionnaire, introduisant des \u00e9l\u00e9ments du jazz occidental dans les m\u00e9lodies orientales traditionnelles, cr\u00e9ant ainsi un style musical unique qui a influenc\u00e9 toute une g\u00e9n\u00e9ration d&rsquo;artistes arabes. Cette fusion innovante entre Orient et Occident t\u00e9moignait de sa vision artistique avant-gardiste et de sa capacit\u00e9 \u00e0 transcender les fronti\u00e8res culturelles. Au-del\u00e0 de sa propre carri\u00e8re, Ziad Rahbani a \u00e9galement marqu\u00e9 l&rsquo;\u0153uvre de sa m\u00e8re Feyrouz en composant et arrangeant de nombreuses chansons qui ont jalonn\u00e9 une nouvelle phase de sa carri\u00e8re artistique. Parmi ces cr\u00e9ations figurent des titres devenus cultes comme \u00ab\u00a0Ana Indi Hanin\u00a0\u00bb, \u00ab\u00a0Al Bosta\u00a0\u00bb, \u00ab\u00a0Sallim Li Alayh\u00a0\u00bb ou encore \u00ab\u00a0Kifak Inta\u00a0\u00bb, qui t\u00e9moignent de sa capacit\u00e9 \u00e0 renouveler le r\u00e9pertoire de la diva libanaise tout en respectant son univers artistique. Sa filmographie comprend \u00e9galement la composition de la musique du film alg\u00e9rien \u00ab\u00a0Nahla\u00a0\u00bb du regrett\u00e9 r\u00e9alisateur alg\u00e9rien Farouk Beloufa, produit en 1979, qui mettait en lumi\u00e8re la r\u00e9sistance dans le sud du Liban. Cette collaboration internationale illustrait sa volont\u00e9 de porter son art au-del\u00e0 des fronti\u00e8res libanaises et d&rsquo;aborder les questions politiques et sociales de la r\u00e9gion. Pianiste accompli, compositeur visionnaire et dramaturge provocateur, Ziad Rahbani \u00e9tait \u00e9galement reconnu pour ses commentaires politiques incisifs qui faisaient de lui une figure intellectuelle respect\u00e9e. Son d\u00e9c\u00e8s, confirm\u00e9 par l&rsquo;Agence nationale d&rsquo;information libanaise et qualifi\u00e9 de \u00ab\u00a0perte nationale\u00a0\u00bb par les autorit\u00e9s, marque la fin d&rsquo;une \u00e9poque pour la culture arabe contemporaine et laisse un vide immense dans le paysage artistique r\u00e9gional.<\/p>\n\n\n\n<p>Mohand Seghir<\/p>\n","protected":false},"excerpt":{"rendered":"<p>Le monde arabe a perdu l&rsquo;une de ses figures culturelles les plus embl\u00e9matiques avec le d\u00e9c\u00e8s samedi matin \u00e0 Beyrouth<\/p>\n","protected":false},"author":2,"featured_media":70928,"comment_status":"open","ping_status":"closed","sticky":false,"template":"","format":"standard","meta":{"colormag_page_container_layout":"default_layout","colormag_page_sidebar_layout":"default_layout","om_disable_all_campaigns":false,"_monsterinsights_skip_tracking":false,"_monsterinsights_sitenote_active":false,"_monsterinsights_sitenote_note":"","_monsterinsights_sitenote_category":0,"footnotes":"","_wpscppro_dont_share_socialmedia":false,"_wpscppro_custom_social_share_image":0,"_facebook_share_type":"default","_twitter_share_type":"default","_linkedin_share_type":"default","_pinterest_share_type":"default","_linkedin_share_type_page":"","_instagram_share_type":"default","_medium_share_type":"default","_threads_share_type":"","_google_business_share_type":"","_selected_social_profile":[],"_wpsp_enable_custom_social_template":false,"_wpsp_social_scheduling":{"enabled":false,"datetime":null,"platforms":[],"status":"template_only","dateOption":"today","timeOption":"now","customDays":"","customHours":"","customDate":"","customTime":"","schedulingType":"absolute"},"_wpsp_active_default_template":true},"categories":[36],"tags":[],"class_list":["post-70927","post","type-post","status-publish","format-standard","has-post-thumbnail","hentry","category-culture"],"aioseo_notices":[],"yoast_head":"<!-- This site is optimized with the Yoast SEO plugin v27.5 - https:\/\/yoast.com\/product\/yoast-seo-wordpress\/ -->\n<title>Musique\u00a0: Le maestro libanais\u00a0Ziad Rahbani\u00a0n\u2019est plus - La Sentinelle<\/title>\n<meta name=\"robots\" content=\"index, follow, max-snippet:-1, max-image-preview:large, max-video-preview:-1\" \/>\n<link rel=\"canonical\" href=\"https:\/\/lasentinelle.dz\/index.php\/2025\/07\/27\/musique-le-maestro-libanais-ziad-rahbani-nest-plus\/\" \/>\n<meta property=\"og:locale\" content=\"fr_FR\" \/>\n<meta property=\"og:type\" content=\"article\" \/>\n<meta property=\"og:title\" content=\"Musique\u00a0: Le maestro libanais\u00a0Ziad Rahbani\u00a0n\u2019est plus - La Sentinelle\" \/>\n<meta property=\"og:description\" content=\"Le monde arabe a perdu l&rsquo;une de ses figures culturelles les plus embl\u00e9matiques avec le d\u00e9c\u00e8s samedi matin \u00e0 Beyrouth\" \/>\n<meta property=\"og:url\" content=\"https:\/\/lasentinelle.dz\/index.php\/2025\/07\/27\/musique-le-maestro-libanais-ziad-rahbani-nest-plus\/\" \/>\n<meta property=\"og:site_name\" content=\"La Sentinelle\" \/>\n<meta property=\"article:publisher\" content=\"https:\/\/www.facebook.com\/La-Sentinelle-104059864394773\" \/>\n<meta property=\"article:published_time\" content=\"2025-07-27T11:06:16+00:00\" \/>\n<meta property=\"og:image\" content=\"https:\/\/lasentinelle.dz\/wp-content\/uploads\/2025\/07\/Ziad-Rahbani-.jpeg\" \/>\n\t<meta property=\"og:image:width\" content=\"680\" \/>\n\t<meta property=\"og:image:height\" content=\"400\" \/>\n\t<meta property=\"og:image:type\" content=\"image\/jpeg\" \/>\n<meta name=\"author\" content=\"Azzedine Belferag\" \/>\n<meta name=\"twitter:card\" content=\"summary_large_image\" \/>\n<meta name=\"twitter:label1\" content=\"\u00c9crit par\" \/>\n\t<meta name=\"twitter:data1\" content=\"Azzedine Belferag\" \/>\n\t<meta name=\"twitter:label2\" content=\"Dur\u00e9e de lecture estim\u00e9e\" \/>\n\t<meta name=\"twitter:data2\" content=\"3 minutes\" \/>\n<script type=\"application\/ld+json\" class=\"yoast-schema-graph\">{\"@context\":\"https:\\\/\\\/schema.org\",\"@graph\":[{\"@type\":\"Article\",\"@id\":\"https:\\\/\\\/lasentinelle.dz\\\/index.php\\\/2025\\\/07\\\/27\\\/musique-le-maestro-libanais-ziad-rahbani-nest-plus\\\/#article\",\"isPartOf\":{\"@id\":\"https:\\\/\\\/lasentinelle.dz\\\/index.php\\\/2025\\\/07\\\/27\\\/musique-le-maestro-libanais-ziad-rahbani-nest-plus\\\/\"},\"author\":{\"name\":\"Azzedine Belferag\",\"@id\":\"https:\\\/\\\/lasentinelle.dz\\\/#\\\/schema\\\/person\\\/e22c868643946ece5f328ac9d185b29f\"},\"headline\":\"Musique\u00a0: Le maestro libanais\u00a0Ziad Rahbani\u00a0n\u2019est plus\",\"datePublished\":\"2025-07-27T11:06:16+00:00\",\"mainEntityOfPage\":{\"@id\":\"https:\\\/\\\/lasentinelle.dz\\\/index.php\\\/2025\\\/07\\\/27\\\/musique-le-maestro-libanais-ziad-rahbani-nest-plus\\\/\"},\"wordCount\":520,\"commentCount\":0,\"publisher\":{\"@id\":\"https:\\\/\\\/lasentinelle.dz\\\/#organization\"},\"image\":{\"@id\":\"https:\\\/\\\/lasentinelle.dz\\\/index.php\\\/2025\\\/07\\\/27\\\/musique-le-maestro-libanais-ziad-rahbani-nest-plus\\\/#primaryimage\"},\"thumbnailUrl\":\"https:\\\/\\\/lasentinelle.dz\\\/wp-content\\\/uploads\\\/2025\\\/07\\\/Ziad-Rahbani-.jpeg\",\"articleSection\":[\"Culture\"],\"inLanguage\":\"fr-FR\",\"potentialAction\":[{\"@type\":\"CommentAction\",\"name\":\"Comment\",\"target\":[\"https:\\\/\\\/lasentinelle.dz\\\/index.php\\\/2025\\\/07\\\/27\\\/musique-le-maestro-libanais-ziad-rahbani-nest-plus\\\/#respond\"]}]},{\"@type\":\"WebPage\",\"@id\":\"https:\\\/\\\/lasentinelle.dz\\\/index.php\\\/2025\\\/07\\\/27\\\/musique-le-maestro-libanais-ziad-rahbani-nest-plus\\\/\",\"url\":\"https:\\\/\\\/lasentinelle.dz\\\/index.php\\\/2025\\\/07\\\/27\\\/musique-le-maestro-libanais-ziad-rahbani-nest-plus\\\/\",\"name\":\"Musique\u00a0: Le maestro libanais\u00a0Ziad Rahbani\u00a0n\u2019est plus - La Sentinelle\",\"isPartOf\":{\"@id\":\"https:\\\/\\\/lasentinelle.dz\\\/#website\"},\"primaryImageOfPage\":{\"@id\":\"https:\\\/\\\/lasentinelle.dz\\\/index.php\\\/2025\\\/07\\\/27\\\/musique-le-maestro-libanais-ziad-rahbani-nest-plus\\\/#primaryimage\"},\"image\":{\"@id\":\"https:\\\/\\\/lasentinelle.dz\\\/index.php\\\/2025\\\/07\\\/27\\\/musique-le-maestro-libanais-ziad-rahbani-nest-plus\\\/#primaryimage\"},\"thumbnailUrl\":\"https:\\\/\\\/lasentinelle.dz\\\/wp-content\\\/uploads\\\/2025\\\/07\\\/Ziad-Rahbani-.jpeg\",\"datePublished\":\"2025-07-27T11:06:16+00:00\",\"breadcrumb\":{\"@id\":\"https:\\\/\\\/lasentinelle.dz\\\/index.php\\\/2025\\\/07\\\/27\\\/musique-le-maestro-libanais-ziad-rahbani-nest-plus\\\/#breadcrumb\"},\"inLanguage\":\"fr-FR\",\"potentialAction\":[{\"@type\":\"ReadAction\",\"target\":[\"https:\\\/\\\/lasentinelle.dz\\\/index.php\\\/2025\\\/07\\\/27\\\/musique-le-maestro-libanais-ziad-rahbani-nest-plus\\\/\"]}]},{\"@type\":\"ImageObject\",\"inLanguage\":\"fr-FR\",\"@id\":\"https:\\\/\\\/lasentinelle.dz\\\/index.php\\\/2025\\\/07\\\/27\\\/musique-le-maestro-libanais-ziad-rahbani-nest-plus\\\/#primaryimage\",\"url\":\"https:\\\/\\\/lasentinelle.dz\\\/wp-content\\\/uploads\\\/2025\\\/07\\\/Ziad-Rahbani-.jpeg\",\"contentUrl\":\"https:\\\/\\\/lasentinelle.dz\\\/wp-content\\\/uploads\\\/2025\\\/07\\\/Ziad-Rahbani-.jpeg\",\"width\":680,\"height\":400},{\"@type\":\"BreadcrumbList\",\"@id\":\"https:\\\/\\\/lasentinelle.dz\\\/index.php\\\/2025\\\/07\\\/27\\\/musique-le-maestro-libanais-ziad-rahbani-nest-plus\\\/#breadcrumb\",\"itemListElement\":[{\"@type\":\"ListItem\",\"position\":1,\"name\":\"Accueil\",\"item\":\"https:\\\/\\\/lasentinelle.dz\\\/\"},{\"@type\":\"ListItem\",\"position\":2,\"name\":\"Musique\u00a0: Le maestro libanais\u00a0Ziad Rahbani\u00a0n\u2019est plus\"}]},{\"@type\":\"WebSite\",\"@id\":\"https:\\\/\\\/lasentinelle.dz\\\/#website\",\"url\":\"https:\\\/\\\/lasentinelle.dz\\\/\",\"name\":\"La Sentinelle\",\"description\":\"Quotidien national d&#039;information\",\"publisher\":{\"@id\":\"https:\\\/\\\/lasentinelle.dz\\\/#organization\"},\"potentialAction\":[{\"@type\":\"SearchAction\",\"target\":{\"@type\":\"EntryPoint\",\"urlTemplate\":\"https:\\\/\\\/lasentinelle.dz\\\/?s={search_term_string}\"},\"query-input\":{\"@type\":\"PropertyValueSpecification\",\"valueRequired\":true,\"valueName\":\"search_term_string\"}}],\"inLanguage\":\"fr-FR\"},{\"@type\":\"Organization\",\"@id\":\"https:\\\/\\\/lasentinelle.dz\\\/#organization\",\"name\":\"Quotidien La Sentinelle\",\"url\":\"https:\\\/\\\/lasentinelle.dz\\\/\",\"logo\":{\"@type\":\"ImageObject\",\"inLanguage\":\"fr-FR\",\"@id\":\"https:\\\/\\\/lasentinelle.dz\\\/#\\\/schema\\\/logo\\\/image\\\/\",\"url\":\"https:\\\/\\\/lasentinelle.dz\\\/wp-content\\\/uploads\\\/2021\\\/09\\\/logo-sentinelleSLOGAN-1.png\",\"contentUrl\":\"https:\\\/\\\/lasentinelle.dz\\\/wp-content\\\/uploads\\\/2021\\\/09\\\/logo-sentinelleSLOGAN-1.png\",\"width\":615,\"height\":142,\"caption\":\"Quotidien La Sentinelle\"},\"image\":{\"@id\":\"https:\\\/\\\/lasentinelle.dz\\\/#\\\/schema\\\/logo\\\/image\\\/\"},\"sameAs\":[\"https:\\\/\\\/www.facebook.com\\\/La-Sentinelle-104059864394773\"]},{\"@type\":\"Person\",\"@id\":\"https:\\\/\\\/lasentinelle.dz\\\/#\\\/schema\\\/person\\\/e22c868643946ece5f328ac9d185b29f\",\"name\":\"Azzedine Belferag\",\"image\":{\"@type\":\"ImageObject\",\"inLanguage\":\"fr-FR\",\"@id\":\"https:\\\/\\\/secure.gravatar.com\\\/avatar\\\/767ecc3bfcf23cd6d0dae1705f124feb13a88fded1daa56498e4fb3aa3fc36a1?s=96&d=mm&r=g\",\"url\":\"https:\\\/\\\/secure.gravatar.com\\\/avatar\\\/767ecc3bfcf23cd6d0dae1705f124feb13a88fded1daa56498e4fb3aa3fc36a1?s=96&d=mm&r=g\",\"contentUrl\":\"https:\\\/\\\/secure.gravatar.com\\\/avatar\\\/767ecc3bfcf23cd6d0dae1705f124feb13a88fded1daa56498e4fb3aa3fc36a1?s=96&d=mm&r=g\",\"caption\":\"Azzedine Belferag\"},\"sameAs\":[\"http:\\\/\\\/www.lasentinelle.dz\"],\"url\":\"https:\\\/\\\/lasentinelle.dz\\\/author\\\/belferag\\\/\"}]}<\/script>\n<!-- \/ Yoast SEO plugin. -->","yoast_head_json":{"title":"Musique\u00a0: Le maestro libanais\u00a0Ziad Rahbani\u00a0n\u2019est plus - La Sentinelle","robots":{"index":"index","follow":"follow","max-snippet":"max-snippet:-1","max-image-preview":"max-image-preview:large","max-video-preview":"max-video-preview:-1"},"canonical":"https:\/\/lasentinelle.dz\/index.php\/2025\/07\/27\/musique-le-maestro-libanais-ziad-rahbani-nest-plus\/","og_locale":"fr_FR","og_type":"article","og_title":"Musique\u00a0: Le maestro libanais\u00a0Ziad Rahbani\u00a0n\u2019est plus - La Sentinelle","og_description":"Le monde arabe a perdu l&rsquo;une de ses figures culturelles les plus embl\u00e9matiques avec le d\u00e9c\u00e8s samedi matin \u00e0 Beyrouth","og_url":"https:\/\/lasentinelle.dz\/index.php\/2025\/07\/27\/musique-le-maestro-libanais-ziad-rahbani-nest-plus\/","og_site_name":"La Sentinelle","article_publisher":"https:\/\/www.facebook.com\/La-Sentinelle-104059864394773","article_published_time":"2025-07-27T11:06:16+00:00","og_image":[{"width":680,"height":400,"url":"https:\/\/lasentinelle.dz\/wp-content\/uploads\/2025\/07\/Ziad-Rahbani-.jpeg","type":"image\/jpeg"}],"author":"Azzedine Belferag","twitter_card":"summary_large_image","twitter_misc":{"\u00c9crit par":"Azzedine Belferag","Dur\u00e9e de lecture estim\u00e9e":"3 minutes"},"schema":{"@context":"https:\/\/schema.org","@graph":[{"@type":"Article","@id":"https:\/\/lasentinelle.dz\/index.php\/2025\/07\/27\/musique-le-maestro-libanais-ziad-rahbani-nest-plus\/#article","isPartOf":{"@id":"https:\/\/lasentinelle.dz\/index.php\/2025\/07\/27\/musique-le-maestro-libanais-ziad-rahbani-nest-plus\/"},"author":{"name":"Azzedine Belferag","@id":"https:\/\/lasentinelle.dz\/#\/schema\/person\/e22c868643946ece5f328ac9d185b29f"},"headline":"Musique\u00a0: Le maestro libanais\u00a0Ziad Rahbani\u00a0n\u2019est plus","datePublished":"2025-07-27T11:06:16+00:00","mainEntityOfPage":{"@id":"https:\/\/lasentinelle.dz\/index.php\/2025\/07\/27\/musique-le-maestro-libanais-ziad-rahbani-nest-plus\/"},"wordCount":520,"commentCount":0,"publisher":{"@id":"https:\/\/lasentinelle.dz\/#organization"},"image":{"@id":"https:\/\/lasentinelle.dz\/index.php\/2025\/07\/27\/musique-le-maestro-libanais-ziad-rahbani-nest-plus\/#primaryimage"},"thumbnailUrl":"https:\/\/lasentinelle.dz\/wp-content\/uploads\/2025\/07\/Ziad-Rahbani-.jpeg","articleSection":["Culture"],"inLanguage":"fr-FR","potentialAction":[{"@type":"CommentAction","name":"Comment","target":["https:\/\/lasentinelle.dz\/index.php\/2025\/07\/27\/musique-le-maestro-libanais-ziad-rahbani-nest-plus\/#respond"]}]},{"@type":"WebPage","@id":"https:\/\/lasentinelle.dz\/index.php\/2025\/07\/27\/musique-le-maestro-libanais-ziad-rahbani-nest-plus\/","url":"https:\/\/lasentinelle.dz\/index.php\/2025\/07\/27\/musique-le-maestro-libanais-ziad-rahbani-nest-plus\/","name":"Musique\u00a0: Le maestro libanais\u00a0Ziad Rahbani\u00a0n\u2019est plus - La Sentinelle","isPartOf":{"@id":"https:\/\/lasentinelle.dz\/#website"},"primaryImageOfPage":{"@id":"https:\/\/lasentinelle.dz\/index.php\/2025\/07\/27\/musique-le-maestro-libanais-ziad-rahbani-nest-plus\/#primaryimage"},"image":{"@id":"https:\/\/lasentinelle.dz\/index.php\/2025\/07\/27\/musique-le-maestro-libanais-ziad-rahbani-nest-plus\/#primaryimage"},"thumbnailUrl":"https:\/\/lasentinelle.dz\/wp-content\/uploads\/2025\/07\/Ziad-Rahbani-.jpeg","datePublished":"2025-07-27T11:06:16+00:00","breadcrumb":{"@id":"https:\/\/lasentinelle.dz\/index.php\/2025\/07\/27\/musique-le-maestro-libanais-ziad-rahbani-nest-plus\/#breadcrumb"},"inLanguage":"fr-FR","potentialAction":[{"@type":"ReadAction","target":["https:\/\/lasentinelle.dz\/index.php\/2025\/07\/27\/musique-le-maestro-libanais-ziad-rahbani-nest-plus\/"]}]},{"@type":"ImageObject","inLanguage":"fr-FR","@id":"https:\/\/lasentinelle.dz\/index.php\/2025\/07\/27\/musique-le-maestro-libanais-ziad-rahbani-nest-plus\/#primaryimage","url":"https:\/\/lasentinelle.dz\/wp-content\/uploads\/2025\/07\/Ziad-Rahbani-.jpeg","contentUrl":"https:\/\/lasentinelle.dz\/wp-content\/uploads\/2025\/07\/Ziad-Rahbani-.jpeg","width":680,"height":400},{"@type":"BreadcrumbList","@id":"https:\/\/lasentinelle.dz\/index.php\/2025\/07\/27\/musique-le-maestro-libanais-ziad-rahbani-nest-plus\/#breadcrumb","itemListElement":[{"@type":"ListItem","position":1,"name":"Accueil","item":"https:\/\/lasentinelle.dz\/"},{"@type":"ListItem","position":2,"name":"Musique\u00a0: Le maestro libanais\u00a0Ziad Rahbani\u00a0n\u2019est plus"}]},{"@type":"WebSite","@id":"https:\/\/lasentinelle.dz\/#website","url":"https:\/\/lasentinelle.dz\/","name":"La Sentinelle","description":"Quotidien national d&#039;information","publisher":{"@id":"https:\/\/lasentinelle.dz\/#organization"},"potentialAction":[{"@type":"SearchAction","target":{"@type":"EntryPoint","urlTemplate":"https:\/\/lasentinelle.dz\/?s={search_term_string}"},"query-input":{"@type":"PropertyValueSpecification","valueRequired":true,"valueName":"search_term_string"}}],"inLanguage":"fr-FR"},{"@type":"Organization","@id":"https:\/\/lasentinelle.dz\/#organization","name":"Quotidien La Sentinelle","url":"https:\/\/lasentinelle.dz\/","logo":{"@type":"ImageObject","inLanguage":"fr-FR","@id":"https:\/\/lasentinelle.dz\/#\/schema\/logo\/image\/","url":"https:\/\/lasentinelle.dz\/wp-content\/uploads\/2021\/09\/logo-sentinelleSLOGAN-1.png","contentUrl":"https:\/\/lasentinelle.dz\/wp-content\/uploads\/2021\/09\/logo-sentinelleSLOGAN-1.png","width":615,"height":142,"caption":"Quotidien La Sentinelle"},"image":{"@id":"https:\/\/lasentinelle.dz\/#\/schema\/logo\/image\/"},"sameAs":["https:\/\/www.facebook.com\/La-Sentinelle-104059864394773"]},{"@type":"Person","@id":"https:\/\/lasentinelle.dz\/#\/schema\/person\/e22c868643946ece5f328ac9d185b29f","name":"Azzedine Belferag","image":{"@type":"ImageObject","inLanguage":"fr-FR","@id":"https:\/\/secure.gravatar.com\/avatar\/767ecc3bfcf23cd6d0dae1705f124feb13a88fded1daa56498e4fb3aa3fc36a1?s=96&d=mm&r=g","url":"https:\/\/secure.gravatar.com\/avatar\/767ecc3bfcf23cd6d0dae1705f124feb13a88fded1daa56498e4fb3aa3fc36a1?s=96&d=mm&r=g","contentUrl":"https:\/\/secure.gravatar.com\/avatar\/767ecc3bfcf23cd6d0dae1705f124feb13a88fded1daa56498e4fb3aa3fc36a1?s=96&d=mm&r=g","caption":"Azzedine Belferag"},"sameAs":["http:\/\/www.lasentinelle.dz"],"url":"https:\/\/lasentinelle.dz\/author\/belferag\/"}]}},"_links":{"self":[{"href":"https:\/\/lasentinelle.dz\/index.php\/wp-json\/wp\/v2\/posts\/70927","targetHints":{"allow":["GET"]}}],"collection":[{"href":"https:\/\/lasentinelle.dz\/index.php\/wp-json\/wp\/v2\/posts"}],"about":[{"href":"https:\/\/lasentinelle.dz\/index.php\/wp-json\/wp\/v2\/types\/post"}],"author":[{"embeddable":true,"href":"https:\/\/lasentinelle.dz\/index.php\/wp-json\/wp\/v2\/users\/2"}],"replies":[{"embeddable":true,"href":"https:\/\/lasentinelle.dz\/index.php\/wp-json\/wp\/v2\/comments?post=70927"}],"version-history":[{"count":1,"href":"https:\/\/lasentinelle.dz\/index.php\/wp-json\/wp\/v2\/posts\/70927\/revisions"}],"predecessor-version":[{"id":70929,"href":"https:\/\/lasentinelle.dz\/index.php\/wp-json\/wp\/v2\/posts\/70927\/revisions\/70929"}],"wp:featuredmedia":[{"embeddable":true,"href":"https:\/\/lasentinelle.dz\/index.php\/wp-json\/wp\/v2\/media\/70928"}],"wp:attachment":[{"href":"https:\/\/lasentinelle.dz\/index.php\/wp-json\/wp\/v2\/media?parent=70927"}],"wp:term":[{"taxonomy":"category","embeddable":true,"href":"https:\/\/lasentinelle.dz\/index.php\/wp-json\/wp\/v2\/categories?post=70927"},{"taxonomy":"post_tag","embeddable":true,"href":"https:\/\/lasentinelle.dz\/index.php\/wp-json\/wp\/v2\/tags?post=70927"}],"curies":[{"name":"wp","href":"https:\/\/api.w.org\/{rel}","templated":true}]}}