{"id":70930,"date":"2025-07-27T12:06:46","date_gmt":"2025-07-27T11:06:46","guid":{"rendered":"https:\/\/lasentinelle.dz\/?p=70930"},"modified":"2025-07-27T12:06:47","modified_gmt":"2025-07-27T11:06:47","slug":"le-film-roqia-selectionne-pour-la-semaine-internationale-de-la-critique-le-cinema-algerien-sinvite-a-la-mostra-de-venise","status":"publish","type":"post","link":"https:\/\/lasentinelle.dz\/index.php\/2025\/07\/27\/le-film-roqia-selectionne-pour-la-semaine-internationale-de-la-critique-le-cinema-algerien-sinvite-a-la-mostra-de-venise\/","title":{"rendered":"Le film \u00ab\u00a0Roqia\u00a0\u00bb s\u00e9lectionn\u00e9 pour la\u00a0Semaine Internationale de la Critique\u00a0: Le cin\u00e9ma alg\u00e9rien s\u2019invite \u00e0 la Mostra de Venise"},"content":{"rendered":"\n<p>\u00ab\u00a0Roqia\u00a0\u00bb&nbsp;est un&nbsp;thriller horrifique qui plonge les spectateurs dans un labyrinthe temporel o\u00f9 pass\u00e9 et pr\u00e9sent s&rsquo;entrem\u00ealent dans une danse macabre.<\/p>\n\n\n\n<p>La S\u00e9r\u00e9nissime d\u2019appr\u00eate&nbsp;\u00e0 frissonner&nbsp;avec l&rsquo;arriv\u00e9e de \u00ab\u00a0Roqia\u00a0\u00bb, le premier long m\u00e9trage de fiction&nbsp;dans le genre de l\u2019horreur&nbsp;du cin\u00e9aste alg\u00e9rien Yanis Koussim, s\u00e9lectionn\u00e9 dans la comp\u00e9tition officielle de la 40e Semaine Internationale de la Critique lors de la 82e Mostra de Venise qui se d\u00e9roulera du 27 ao\u00fbt au 6 septembre prochain. Cette reconnaissance internationale marque une \u00e9tape d\u00e9cisive pour le cin\u00e9ma alg\u00e9rien contemporain qui continue de tisser sa toile sur la sc\u00e8ne mondiale. N\u00e9 \u00e0 S\u00e9tif en 1977 et form\u00e9 \u00e0 la prestigieuse F\u00e9mis, Yanis Koussim avait d\u00e9j\u00e0 fait parler de lui avec son court m\u00e9trage \u00ab\u00a0Khouya\u00a0\u00bb prim\u00e9 aux festivals de Locarno et d&rsquo;Amiens, avant de contribuer au documentaire \u00ab\u00a0Un \u00e9t\u00e9 \u00e0 Alger\u00a0\u00bb et de co\u00e9crire plusieurs sc\u00e9narios remarqu\u00e9s. Fondateur du collectif \u00ab\u00a0Plateau19\u00a0\u00bb d\u00e9di\u00e9 au soutien du cin\u00e9ma ind\u00e9pendant alg\u00e9rien, ce r\u00e9alisateur visionnaire franchit aujourd&rsquo;hui un cap majeur avec \u00ab\u00a0Roqia\u00a0\u00bb, thriller horrifique qui plonge les spectateurs dans un labyrinthe temporel o\u00f9 pass\u00e9 et pr\u00e9sent s&rsquo;entrem\u00ealent dans une danse macabre. L&rsquo;intrigue se d\u00e9ploie magistralement sur deux \u00e9poques distinctes, cr\u00e9ant un dialogue troublant entre les traumatismes collectifs et individuels. En 1993, Ahmed sort d&rsquo;un accident de voiture qui l&rsquo;a rendu amn\u00e9sique et retourne dans son village natal o\u00f9 rien ne lui semble familier, ni sa femme, ni ses enfants qui le craignent, particuli\u00e8rement le plus jeune effray\u00e9 par son visage band\u00e9. Chaque nuit, d&rsquo;\u00e9tranges visiteurs murmurent des litanies dans une langue inconnue, transformant son quotidien en cauchemar \u00e9veill\u00e9. Parall\u00e8lement, \u00e0 notre \u00e9poque, un Raqi vieillissant lutte contre la maladie d&rsquo;Alzheimer tandis que son disciple s&rsquo;inqui\u00e8te de voir les personnes poss\u00e9d\u00e9es parler des langues \u00e9trang\u00e8res et la violence augmenter, craignant que le d\u00e9clin de son ma\u00eetre ne d\u00e9clenche un mal ancien. Le casting r\u00e9unit des talents confirm\u00e9s du cin\u00e9ma maghr\u00e9bin avec Ali Namous, remarqu\u00e9 l&rsquo;ann\u00e9e derni\u00e8re dans \u00ab\u00a0Algiers\u00a0\u00bb, Akram Djeghim aper\u00e7u dans \u00ab\u00a0Les Terrasses\u00a0\u00bb, Mostefa Djadjam appr\u00e9ci\u00e9 dans \u00ab\u00a0Six pieds sur Terre\u00a0\u00bb, Hanaa Mansour de \u00ab\u00a0Front Row\u00a0\u00bb et Lydia Hanni, formant une distribution capable de porter cette \u0153uvre ambitieuse aux fronti\u00e8res du genre fantastique. Selon Beatrice Fiorentino, directrice artistique de la Semaine Internationale de la Critique, le film explore \u00ab\u00a0comme un exorcisme le trauma, la m\u00e9moire et la peur, en r\u00e9fl\u00e9chissant \u00e0 l&rsquo;identit\u00e9 fragment\u00e9e du monde arabe\u00a0\u00bb, transformant \u00ab\u00a0le genre de l&rsquo;horreur en espace de tension, d&rsquo;\u00e9loignement, de confrontation entre les g\u00e9n\u00e9rations\u00a0\u00bb. Cette approche singuli\u00e8re fait de \u00ab\u00a0Roqia\u00a0\u00bb bien plus qu&rsquo;un simple film d&rsquo;\u00e9pouvante, mais un v\u00e9ritable rituel de catharsis collective qui d\u00e9voile la fracture s\u00e9parant foi et violence, spiritualit\u00e9 et terreur. La production, pilot\u00e9e par Far\u00e8s Ladjimi pour la soci\u00e9t\u00e9 fran\u00e7aise Supernova Films en coproduction avec la soci\u00e9t\u00e9 alg\u00e9rienne 19, Mulholland Drive, a b\u00e9n\u00e9fici\u00e9 d&rsquo;un soutien international remarquable incluant le Doha Film Institute, le Red Sea Fund, l&rsquo;Aide aux Cin\u00e9mas du Monde du CNC, la r\u00e9gion Sud, le minist\u00e8re&nbsp;de la Culture&nbsp;et des Arts&nbsp;et l&rsquo;Arab Fund for Arts and Culture. La direction photo confi\u00e9e \u00e0 Jean-Marie Delorme, fid\u00e8le complice du cin\u00e9aste, promet une esth\u00e9tique soign\u00e9e au service de cette narration complexe. Les droits pour la zone MENA ont \u00e9t\u00e9 acquis sur sc\u00e9nario par Film Clinic tandis qu&rsquo;Alpha Violet pilote les ventes internationales, t\u00e9moignant de l&rsquo;int\u00e9r\u00eat commercial suscit\u00e9 par cette \u0153uvre audacieuse. Avec \u00ab\u00a0Roqia\u00a0\u00bb, le cin\u00e9ma alg\u00e9rien confirme sa capacit\u00e9 \u00e0 produire des \u0153uvres universelles tout en puisant dans ses racines culturelles profondes, offrant au public v\u00e9nitien une exp\u00e9rience cin\u00e9matographique unique o\u00f9 l&rsquo;horreur devient le prisme d&rsquo;une r\u00e9flexion sur l&rsquo;identit\u00e9 et la m\u00e9moire collective.<\/p>\n\n\n\n<p>Mohand Seghir<\/p>\n","protected":false},"excerpt":{"rendered":"<p>\u00ab\u00a0Roqia\u00a0\u00bb&nbsp;est un&nbsp;thriller horrifique qui plonge les spectateurs dans un labyrinthe temporel o\u00f9 pass\u00e9 et pr\u00e9sent s&rsquo;entrem\u00ealent dans une danse macabre.<\/p>\n","protected":false},"author":6,"featured_media":70931,"comment_status":"open","ping_status":"closed","sticky":false,"template":"","format":"standard","meta":{"colormag_page_container_layout":"default_layout","colormag_page_sidebar_layout":"default_layout","om_disable_all_campaigns":false,"_monsterinsights_skip_tracking":false,"_monsterinsights_sitenote_active":false,"_monsterinsights_sitenote_note":"","_monsterinsights_sitenote_category":0,"footnotes":"","_wpscppro_dont_share_socialmedia":false,"_wpscppro_custom_social_share_image":0,"_facebook_share_type":"default","_twitter_share_type":"default","_linkedin_share_type":"default","_pinterest_share_type":"default","_linkedin_share_type_page":"","_instagram_share_type":"default","_medium_share_type":"default","_threads_share_type":"","_google_business_share_type":"","_selected_social_profile":[],"_wpsp_enable_custom_social_template":false,"_wpsp_social_scheduling":{"enabled":false,"datetime":null,"platforms":[],"status":"template_only","dateOption":"today","timeOption":"now","customDays":"","customHours":"","customDate":"","customTime":"","schedulingType":"absolute"},"_wpsp_active_default_template":true},"categories":[36],"tags":[],"class_list":["post-70930","post","type-post","status-publish","format-standard","has-post-thumbnail","hentry","category-culture"],"aioseo_notices":[],"yoast_head":"<!-- This site is optimized with the Yoast SEO plugin v27.5 - https:\/\/yoast.com\/product\/yoast-seo-wordpress\/ -->\n<title>Le film \u00ab\u00a0Roqia\u00a0\u00bb s\u00e9lectionn\u00e9 pour la\u00a0Semaine Internationale de la Critique\u00a0: Le cin\u00e9ma alg\u00e9rien s\u2019invite \u00e0 la Mostra de Venise - La Sentinelle<\/title>\n<meta name=\"robots\" content=\"index, follow, max-snippet:-1, max-image-preview:large, max-video-preview:-1\" \/>\n<link rel=\"canonical\" href=\"https:\/\/lasentinelle.dz\/index.php\/2025\/07\/27\/le-film-roqia-selectionne-pour-la-semaine-internationale-de-la-critique-le-cinema-algerien-sinvite-a-la-mostra-de-venise\/\" \/>\n<meta property=\"og:locale\" content=\"fr_FR\" \/>\n<meta property=\"og:type\" content=\"article\" \/>\n<meta property=\"og:title\" content=\"Le film \u00ab\u00a0Roqia\u00a0\u00bb s\u00e9lectionn\u00e9 pour la\u00a0Semaine Internationale de la Critique\u00a0: Le cin\u00e9ma alg\u00e9rien s\u2019invite \u00e0 la Mostra de Venise - La Sentinelle\" \/>\n<meta property=\"og:description\" content=\"\u00ab\u00a0Roqia\u00a0\u00bb&nbsp;est un&nbsp;thriller horrifique qui plonge les spectateurs dans un labyrinthe temporel o\u00f9 pass\u00e9 et pr\u00e9sent s&rsquo;entrem\u00ealent dans une danse macabre.\" \/>\n<meta property=\"og:url\" content=\"https:\/\/lasentinelle.dz\/index.php\/2025\/07\/27\/le-film-roqia-selectionne-pour-la-semaine-internationale-de-la-critique-le-cinema-algerien-sinvite-a-la-mostra-de-venise\/\" \/>\n<meta property=\"og:site_name\" content=\"La Sentinelle\" \/>\n<meta property=\"article:publisher\" content=\"https:\/\/www.facebook.com\/La-Sentinelle-104059864394773\" \/>\n<meta property=\"article:published_time\" content=\"2025-07-27T11:06:46+00:00\" \/>\n<meta property=\"article:modified_time\" content=\"2025-07-27T11:06:47+00:00\" \/>\n<meta property=\"og:image\" content=\"https:\/\/lasentinelle.dz\/wp-content\/uploads\/2025\/07\/Film.jpeg\" \/>\n\t<meta property=\"og:image:width\" content=\"620\" \/>\n\t<meta property=\"og:image:height\" content=\"413\" \/>\n\t<meta property=\"og:image:type\" content=\"image\/jpeg\" \/>\n<meta name=\"author\" content=\"admin\" \/>\n<meta name=\"twitter:card\" content=\"summary_large_image\" \/>\n<meta name=\"twitter:label1\" content=\"\u00c9crit par\" \/>\n\t<meta name=\"twitter:data1\" content=\"admin\" \/>\n\t<meta name=\"twitter:label2\" content=\"Dur\u00e9e de lecture estim\u00e9e\" \/>\n\t<meta name=\"twitter:data2\" content=\"4 minutes\" \/>\n<script type=\"application\/ld+json\" class=\"yoast-schema-graph\">{\"@context\":\"https:\\\/\\\/schema.org\",\"@graph\":[{\"@type\":\"Article\",\"@id\":\"https:\\\/\\\/lasentinelle.dz\\\/index.php\\\/2025\\\/07\\\/27\\\/le-film-roqia-selectionne-pour-la-semaine-internationale-de-la-critique-le-cinema-algerien-sinvite-a-la-mostra-de-venise\\\/#article\",\"isPartOf\":{\"@id\":\"https:\\\/\\\/lasentinelle.dz\\\/index.php\\\/2025\\\/07\\\/27\\\/le-film-roqia-selectionne-pour-la-semaine-internationale-de-la-critique-le-cinema-algerien-sinvite-a-la-mostra-de-venise\\\/\"},\"author\":{\"name\":\"admin\",\"@id\":\"https:\\\/\\\/lasentinelle.dz\\\/#\\\/schema\\\/person\\\/729ee0024f24e0b8c5ec17232f8e8b41\"},\"headline\":\"Le film \u00ab\u00a0Roqia\u00a0\u00bb s\u00e9lectionn\u00e9 pour la\u00a0Semaine Internationale de la Critique\u00a0: Le cin\u00e9ma alg\u00e9rien s\u2019invite \u00e0 la Mostra de Venise\",\"datePublished\":\"2025-07-27T11:06:46+00:00\",\"dateModified\":\"2025-07-27T11:06:47+00:00\",\"mainEntityOfPage\":{\"@id\":\"https:\\\/\\\/lasentinelle.dz\\\/index.php\\\/2025\\\/07\\\/27\\\/le-film-roqia-selectionne-pour-la-semaine-internationale-de-la-critique-le-cinema-algerien-sinvite-a-la-mostra-de-venise\\\/\"},\"wordCount\":726,\"commentCount\":0,\"publisher\":{\"@id\":\"https:\\\/\\\/lasentinelle.dz\\\/#organization\"},\"image\":{\"@id\":\"https:\\\/\\\/lasentinelle.dz\\\/index.php\\\/2025\\\/07\\\/27\\\/le-film-roqia-selectionne-pour-la-semaine-internationale-de-la-critique-le-cinema-algerien-sinvite-a-la-mostra-de-venise\\\/#primaryimage\"},\"thumbnailUrl\":\"https:\\\/\\\/lasentinelle.dz\\\/wp-content\\\/uploads\\\/2025\\\/07\\\/Film.jpeg\",\"articleSection\":[\"Culture\"],\"inLanguage\":\"fr-FR\",\"potentialAction\":[{\"@type\":\"CommentAction\",\"name\":\"Comment\",\"target\":[\"https:\\\/\\\/lasentinelle.dz\\\/index.php\\\/2025\\\/07\\\/27\\\/le-film-roqia-selectionne-pour-la-semaine-internationale-de-la-critique-le-cinema-algerien-sinvite-a-la-mostra-de-venise\\\/#respond\"]}]},{\"@type\":\"WebPage\",\"@id\":\"https:\\\/\\\/lasentinelle.dz\\\/index.php\\\/2025\\\/07\\\/27\\\/le-film-roqia-selectionne-pour-la-semaine-internationale-de-la-critique-le-cinema-algerien-sinvite-a-la-mostra-de-venise\\\/\",\"url\":\"https:\\\/\\\/lasentinelle.dz\\\/index.php\\\/2025\\\/07\\\/27\\\/le-film-roqia-selectionne-pour-la-semaine-internationale-de-la-critique-le-cinema-algerien-sinvite-a-la-mostra-de-venise\\\/\",\"name\":\"Le film \u00ab\u00a0Roqia\u00a0\u00bb s\u00e9lectionn\u00e9 pour la\u00a0Semaine Internationale de la Critique\u00a0: Le cin\u00e9ma alg\u00e9rien s\u2019invite \u00e0 la Mostra de Venise - La Sentinelle\",\"isPartOf\":{\"@id\":\"https:\\\/\\\/lasentinelle.dz\\\/#website\"},\"primaryImageOfPage\":{\"@id\":\"https:\\\/\\\/lasentinelle.dz\\\/index.php\\\/2025\\\/07\\\/27\\\/le-film-roqia-selectionne-pour-la-semaine-internationale-de-la-critique-le-cinema-algerien-sinvite-a-la-mostra-de-venise\\\/#primaryimage\"},\"image\":{\"@id\":\"https:\\\/\\\/lasentinelle.dz\\\/index.php\\\/2025\\\/07\\\/27\\\/le-film-roqia-selectionne-pour-la-semaine-internationale-de-la-critique-le-cinema-algerien-sinvite-a-la-mostra-de-venise\\\/#primaryimage\"},\"thumbnailUrl\":\"https:\\\/\\\/lasentinelle.dz\\\/wp-content\\\/uploads\\\/2025\\\/07\\\/Film.jpeg\",\"datePublished\":\"2025-07-27T11:06:46+00:00\",\"dateModified\":\"2025-07-27T11:06:47+00:00\",\"breadcrumb\":{\"@id\":\"https:\\\/\\\/lasentinelle.dz\\\/index.php\\\/2025\\\/07\\\/27\\\/le-film-roqia-selectionne-pour-la-semaine-internationale-de-la-critique-le-cinema-algerien-sinvite-a-la-mostra-de-venise\\\/#breadcrumb\"},\"inLanguage\":\"fr-FR\",\"potentialAction\":[{\"@type\":\"ReadAction\",\"target\":[\"https:\\\/\\\/lasentinelle.dz\\\/index.php\\\/2025\\\/07\\\/27\\\/le-film-roqia-selectionne-pour-la-semaine-internationale-de-la-critique-le-cinema-algerien-sinvite-a-la-mostra-de-venise\\\/\"]}]},{\"@type\":\"ImageObject\",\"inLanguage\":\"fr-FR\",\"@id\":\"https:\\\/\\\/lasentinelle.dz\\\/index.php\\\/2025\\\/07\\\/27\\\/le-film-roqia-selectionne-pour-la-semaine-internationale-de-la-critique-le-cinema-algerien-sinvite-a-la-mostra-de-venise\\\/#primaryimage\",\"url\":\"https:\\\/\\\/lasentinelle.dz\\\/wp-content\\\/uploads\\\/2025\\\/07\\\/Film.jpeg\",\"contentUrl\":\"https:\\\/\\\/lasentinelle.dz\\\/wp-content\\\/uploads\\\/2025\\\/07\\\/Film.jpeg\",\"width\":620,\"height\":413},{\"@type\":\"BreadcrumbList\",\"@id\":\"https:\\\/\\\/lasentinelle.dz\\\/index.php\\\/2025\\\/07\\\/27\\\/le-film-roqia-selectionne-pour-la-semaine-internationale-de-la-critique-le-cinema-algerien-sinvite-a-la-mostra-de-venise\\\/#breadcrumb\",\"itemListElement\":[{\"@type\":\"ListItem\",\"position\":1,\"name\":\"Accueil\",\"item\":\"https:\\\/\\\/lasentinelle.dz\\\/\"},{\"@type\":\"ListItem\",\"position\":2,\"name\":\"Le film \u00ab\u00a0Roqia\u00a0\u00bb s\u00e9lectionn\u00e9 pour la\u00a0Semaine Internationale de la Critique\u00a0: Le cin\u00e9ma alg\u00e9rien s\u2019invite \u00e0 la Mostra de Venise\"}]},{\"@type\":\"WebSite\",\"@id\":\"https:\\\/\\\/lasentinelle.dz\\\/#website\",\"url\":\"https:\\\/\\\/lasentinelle.dz\\\/\",\"name\":\"La Sentinelle\",\"description\":\"Quotidien national d&#039;information\",\"publisher\":{\"@id\":\"https:\\\/\\\/lasentinelle.dz\\\/#organization\"},\"potentialAction\":[{\"@type\":\"SearchAction\",\"target\":{\"@type\":\"EntryPoint\",\"urlTemplate\":\"https:\\\/\\\/lasentinelle.dz\\\/?s={search_term_string}\"},\"query-input\":{\"@type\":\"PropertyValueSpecification\",\"valueRequired\":true,\"valueName\":\"search_term_string\"}}],\"inLanguage\":\"fr-FR\"},{\"@type\":\"Organization\",\"@id\":\"https:\\\/\\\/lasentinelle.dz\\\/#organization\",\"name\":\"Quotidien La Sentinelle\",\"url\":\"https:\\\/\\\/lasentinelle.dz\\\/\",\"logo\":{\"@type\":\"ImageObject\",\"inLanguage\":\"fr-FR\",\"@id\":\"https:\\\/\\\/lasentinelle.dz\\\/#\\\/schema\\\/logo\\\/image\\\/\",\"url\":\"https:\\\/\\\/lasentinelle.dz\\\/wp-content\\\/uploads\\\/2021\\\/09\\\/logo-sentinelleSLOGAN-1.png\",\"contentUrl\":\"https:\\\/\\\/lasentinelle.dz\\\/wp-content\\\/uploads\\\/2021\\\/09\\\/logo-sentinelleSLOGAN-1.png\",\"width\":615,\"height\":142,\"caption\":\"Quotidien La Sentinelle\"},\"image\":{\"@id\":\"https:\\\/\\\/lasentinelle.dz\\\/#\\\/schema\\\/logo\\\/image\\\/\"},\"sameAs\":[\"https:\\\/\\\/www.facebook.com\\\/La-Sentinelle-104059864394773\"]},{\"@type\":\"Person\",\"@id\":\"https:\\\/\\\/lasentinelle.dz\\\/#\\\/schema\\\/person\\\/729ee0024f24e0b8c5ec17232f8e8b41\",\"name\":\"admin\",\"image\":{\"@type\":\"ImageObject\",\"inLanguage\":\"fr-FR\",\"@id\":\"https:\\\/\\\/secure.gravatar.com\\\/avatar\\\/4c81fed838786e9b53f540bf46533e750f5d292099ae3b66cfc6fb1982e29df7?s=96&d=mm&r=g\",\"url\":\"https:\\\/\\\/secure.gravatar.com\\\/avatar\\\/4c81fed838786e9b53f540bf46533e750f5d292099ae3b66cfc6fb1982e29df7?s=96&d=mm&r=g\",\"contentUrl\":\"https:\\\/\\\/secure.gravatar.com\\\/avatar\\\/4c81fed838786e9b53f540bf46533e750f5d292099ae3b66cfc6fb1982e29df7?s=96&d=mm&r=g\",\"caption\":\"admin\"},\"description\":\"admin\",\"url\":\"https:\\\/\\\/lasentinelle.dz\\\/author\\\/admin\\\/\"}]}<\/script>\n<!-- \/ Yoast SEO plugin. -->","yoast_head_json":{"title":"Le film \u00ab\u00a0Roqia\u00a0\u00bb s\u00e9lectionn\u00e9 pour la\u00a0Semaine Internationale de la Critique\u00a0: Le cin\u00e9ma alg\u00e9rien s\u2019invite \u00e0 la Mostra de Venise - La Sentinelle","robots":{"index":"index","follow":"follow","max-snippet":"max-snippet:-1","max-image-preview":"max-image-preview:large","max-video-preview":"max-video-preview:-1"},"canonical":"https:\/\/lasentinelle.dz\/index.php\/2025\/07\/27\/le-film-roqia-selectionne-pour-la-semaine-internationale-de-la-critique-le-cinema-algerien-sinvite-a-la-mostra-de-venise\/","og_locale":"fr_FR","og_type":"article","og_title":"Le film \u00ab\u00a0Roqia\u00a0\u00bb s\u00e9lectionn\u00e9 pour la\u00a0Semaine Internationale de la Critique\u00a0: Le cin\u00e9ma alg\u00e9rien s\u2019invite \u00e0 la Mostra de Venise - La Sentinelle","og_description":"\u00ab\u00a0Roqia\u00a0\u00bb&nbsp;est un&nbsp;thriller horrifique qui plonge les spectateurs dans un labyrinthe temporel o\u00f9 pass\u00e9 et pr\u00e9sent s&rsquo;entrem\u00ealent dans une danse macabre.","og_url":"https:\/\/lasentinelle.dz\/index.php\/2025\/07\/27\/le-film-roqia-selectionne-pour-la-semaine-internationale-de-la-critique-le-cinema-algerien-sinvite-a-la-mostra-de-venise\/","og_site_name":"La Sentinelle","article_publisher":"https:\/\/www.facebook.com\/La-Sentinelle-104059864394773","article_published_time":"2025-07-27T11:06:46+00:00","article_modified_time":"2025-07-27T11:06:47+00:00","og_image":[{"width":620,"height":413,"url":"https:\/\/lasentinelle.dz\/wp-content\/uploads\/2025\/07\/Film.jpeg","type":"image\/jpeg"}],"author":"admin","twitter_card":"summary_large_image","twitter_misc":{"\u00c9crit par":"admin","Dur\u00e9e de lecture estim\u00e9e":"4 minutes"},"schema":{"@context":"https:\/\/schema.org","@graph":[{"@type":"Article","@id":"https:\/\/lasentinelle.dz\/index.php\/2025\/07\/27\/le-film-roqia-selectionne-pour-la-semaine-internationale-de-la-critique-le-cinema-algerien-sinvite-a-la-mostra-de-venise\/#article","isPartOf":{"@id":"https:\/\/lasentinelle.dz\/index.php\/2025\/07\/27\/le-film-roqia-selectionne-pour-la-semaine-internationale-de-la-critique-le-cinema-algerien-sinvite-a-la-mostra-de-venise\/"},"author":{"name":"admin","@id":"https:\/\/lasentinelle.dz\/#\/schema\/person\/729ee0024f24e0b8c5ec17232f8e8b41"},"headline":"Le film \u00ab\u00a0Roqia\u00a0\u00bb s\u00e9lectionn\u00e9 pour la\u00a0Semaine Internationale de la Critique\u00a0: Le cin\u00e9ma alg\u00e9rien s\u2019invite \u00e0 la Mostra de Venise","datePublished":"2025-07-27T11:06:46+00:00","dateModified":"2025-07-27T11:06:47+00:00","mainEntityOfPage":{"@id":"https:\/\/lasentinelle.dz\/index.php\/2025\/07\/27\/le-film-roqia-selectionne-pour-la-semaine-internationale-de-la-critique-le-cinema-algerien-sinvite-a-la-mostra-de-venise\/"},"wordCount":726,"commentCount":0,"publisher":{"@id":"https:\/\/lasentinelle.dz\/#organization"},"image":{"@id":"https:\/\/lasentinelle.dz\/index.php\/2025\/07\/27\/le-film-roqia-selectionne-pour-la-semaine-internationale-de-la-critique-le-cinema-algerien-sinvite-a-la-mostra-de-venise\/#primaryimage"},"thumbnailUrl":"https:\/\/lasentinelle.dz\/wp-content\/uploads\/2025\/07\/Film.jpeg","articleSection":["Culture"],"inLanguage":"fr-FR","potentialAction":[{"@type":"CommentAction","name":"Comment","target":["https:\/\/lasentinelle.dz\/index.php\/2025\/07\/27\/le-film-roqia-selectionne-pour-la-semaine-internationale-de-la-critique-le-cinema-algerien-sinvite-a-la-mostra-de-venise\/#respond"]}]},{"@type":"WebPage","@id":"https:\/\/lasentinelle.dz\/index.php\/2025\/07\/27\/le-film-roqia-selectionne-pour-la-semaine-internationale-de-la-critique-le-cinema-algerien-sinvite-a-la-mostra-de-venise\/","url":"https:\/\/lasentinelle.dz\/index.php\/2025\/07\/27\/le-film-roqia-selectionne-pour-la-semaine-internationale-de-la-critique-le-cinema-algerien-sinvite-a-la-mostra-de-venise\/","name":"Le film \u00ab\u00a0Roqia\u00a0\u00bb s\u00e9lectionn\u00e9 pour la\u00a0Semaine Internationale de la Critique\u00a0: Le cin\u00e9ma alg\u00e9rien s\u2019invite \u00e0 la Mostra de Venise - La Sentinelle","isPartOf":{"@id":"https:\/\/lasentinelle.dz\/#website"},"primaryImageOfPage":{"@id":"https:\/\/lasentinelle.dz\/index.php\/2025\/07\/27\/le-film-roqia-selectionne-pour-la-semaine-internationale-de-la-critique-le-cinema-algerien-sinvite-a-la-mostra-de-venise\/#primaryimage"},"image":{"@id":"https:\/\/lasentinelle.dz\/index.php\/2025\/07\/27\/le-film-roqia-selectionne-pour-la-semaine-internationale-de-la-critique-le-cinema-algerien-sinvite-a-la-mostra-de-venise\/#primaryimage"},"thumbnailUrl":"https:\/\/lasentinelle.dz\/wp-content\/uploads\/2025\/07\/Film.jpeg","datePublished":"2025-07-27T11:06:46+00:00","dateModified":"2025-07-27T11:06:47+00:00","breadcrumb":{"@id":"https:\/\/lasentinelle.dz\/index.php\/2025\/07\/27\/le-film-roqia-selectionne-pour-la-semaine-internationale-de-la-critique-le-cinema-algerien-sinvite-a-la-mostra-de-venise\/#breadcrumb"},"inLanguage":"fr-FR","potentialAction":[{"@type":"ReadAction","target":["https:\/\/lasentinelle.dz\/index.php\/2025\/07\/27\/le-film-roqia-selectionne-pour-la-semaine-internationale-de-la-critique-le-cinema-algerien-sinvite-a-la-mostra-de-venise\/"]}]},{"@type":"ImageObject","inLanguage":"fr-FR","@id":"https:\/\/lasentinelle.dz\/index.php\/2025\/07\/27\/le-film-roqia-selectionne-pour-la-semaine-internationale-de-la-critique-le-cinema-algerien-sinvite-a-la-mostra-de-venise\/#primaryimage","url":"https:\/\/lasentinelle.dz\/wp-content\/uploads\/2025\/07\/Film.jpeg","contentUrl":"https:\/\/lasentinelle.dz\/wp-content\/uploads\/2025\/07\/Film.jpeg","width":620,"height":413},{"@type":"BreadcrumbList","@id":"https:\/\/lasentinelle.dz\/index.php\/2025\/07\/27\/le-film-roqia-selectionne-pour-la-semaine-internationale-de-la-critique-le-cinema-algerien-sinvite-a-la-mostra-de-venise\/#breadcrumb","itemListElement":[{"@type":"ListItem","position":1,"name":"Accueil","item":"https:\/\/lasentinelle.dz\/"},{"@type":"ListItem","position":2,"name":"Le film \u00ab\u00a0Roqia\u00a0\u00bb s\u00e9lectionn\u00e9 pour la\u00a0Semaine Internationale de la Critique\u00a0: Le cin\u00e9ma alg\u00e9rien s\u2019invite \u00e0 la Mostra de Venise"}]},{"@type":"WebSite","@id":"https:\/\/lasentinelle.dz\/#website","url":"https:\/\/lasentinelle.dz\/","name":"La Sentinelle","description":"Quotidien national d&#039;information","publisher":{"@id":"https:\/\/lasentinelle.dz\/#organization"},"potentialAction":[{"@type":"SearchAction","target":{"@type":"EntryPoint","urlTemplate":"https:\/\/lasentinelle.dz\/?s={search_term_string}"},"query-input":{"@type":"PropertyValueSpecification","valueRequired":true,"valueName":"search_term_string"}}],"inLanguage":"fr-FR"},{"@type":"Organization","@id":"https:\/\/lasentinelle.dz\/#organization","name":"Quotidien La Sentinelle","url":"https:\/\/lasentinelle.dz\/","logo":{"@type":"ImageObject","inLanguage":"fr-FR","@id":"https:\/\/lasentinelle.dz\/#\/schema\/logo\/image\/","url":"https:\/\/lasentinelle.dz\/wp-content\/uploads\/2021\/09\/logo-sentinelleSLOGAN-1.png","contentUrl":"https:\/\/lasentinelle.dz\/wp-content\/uploads\/2021\/09\/logo-sentinelleSLOGAN-1.png","width":615,"height":142,"caption":"Quotidien La Sentinelle"},"image":{"@id":"https:\/\/lasentinelle.dz\/#\/schema\/logo\/image\/"},"sameAs":["https:\/\/www.facebook.com\/La-Sentinelle-104059864394773"]},{"@type":"Person","@id":"https:\/\/lasentinelle.dz\/#\/schema\/person\/729ee0024f24e0b8c5ec17232f8e8b41","name":"admin","image":{"@type":"ImageObject","inLanguage":"fr-FR","@id":"https:\/\/secure.gravatar.com\/avatar\/4c81fed838786e9b53f540bf46533e750f5d292099ae3b66cfc6fb1982e29df7?s=96&d=mm&r=g","url":"https:\/\/secure.gravatar.com\/avatar\/4c81fed838786e9b53f540bf46533e750f5d292099ae3b66cfc6fb1982e29df7?s=96&d=mm&r=g","contentUrl":"https:\/\/secure.gravatar.com\/avatar\/4c81fed838786e9b53f540bf46533e750f5d292099ae3b66cfc6fb1982e29df7?s=96&d=mm&r=g","caption":"admin"},"description":"admin","url":"https:\/\/lasentinelle.dz\/author\/admin\/"}]}},"_links":{"self":[{"href":"https:\/\/lasentinelle.dz\/index.php\/wp-json\/wp\/v2\/posts\/70930","targetHints":{"allow":["GET"]}}],"collection":[{"href":"https:\/\/lasentinelle.dz\/index.php\/wp-json\/wp\/v2\/posts"}],"about":[{"href":"https:\/\/lasentinelle.dz\/index.php\/wp-json\/wp\/v2\/types\/post"}],"author":[{"embeddable":true,"href":"https:\/\/lasentinelle.dz\/index.php\/wp-json\/wp\/v2\/users\/6"}],"replies":[{"embeddable":true,"href":"https:\/\/lasentinelle.dz\/index.php\/wp-json\/wp\/v2\/comments?post=70930"}],"version-history":[{"count":1,"href":"https:\/\/lasentinelle.dz\/index.php\/wp-json\/wp\/v2\/posts\/70930\/revisions"}],"predecessor-version":[{"id":70932,"href":"https:\/\/lasentinelle.dz\/index.php\/wp-json\/wp\/v2\/posts\/70930\/revisions\/70932"}],"wp:featuredmedia":[{"embeddable":true,"href":"https:\/\/lasentinelle.dz\/index.php\/wp-json\/wp\/v2\/media\/70931"}],"wp:attachment":[{"href":"https:\/\/lasentinelle.dz\/index.php\/wp-json\/wp\/v2\/media?parent=70930"}],"wp:term":[{"taxonomy":"category","embeddable":true,"href":"https:\/\/lasentinelle.dz\/index.php\/wp-json\/wp\/v2\/categories?post=70930"},{"taxonomy":"post_tag","embeddable":true,"href":"https:\/\/lasentinelle.dz\/index.php\/wp-json\/wp\/v2\/tags?post=70930"}],"curies":[{"name":"wp","href":"https:\/\/api.w.org\/{rel}","templated":true}]}}