{"id":70933,"date":"2025-07-27T12:07:58","date_gmt":"2025-07-27T11:07:58","guid":{"rendered":"https:\/\/lasentinelle.dz\/?p=70933"},"modified":"2025-07-27T12:07:59","modified_gmt":"2025-07-27T11:07:59","slug":"championnats-dafrique-de-karate-lalgerie-decroche-deux-medailles-de-bronze-en-kata","status":"publish","type":"post","link":"https:\/\/lasentinelle.dz\/index.php\/2025\/07\/27\/championnats-dafrique-de-karate-lalgerie-decroche-deux-medailles-de-bronze-en-kata\/","title":{"rendered":"Championnats d&rsquo;Afrique\u00a0de Karat\u00e9\u00a0: L&rsquo;Alg\u00e9rie d\u00e9croche deux m\u00e9dailles de bronze en kata"},"content":{"rendered":"\n<p>La moisson alg\u00e9rienne s&rsquo;enrichit \u00e0 Abuja avec deux nouvelles m\u00e9dailles de bronze r\u00e9colt\u00e9es samedi lors de la deuxi\u00e8me journ\u00e9e des Championnats d&rsquo;Afrique de karat\u00e9. Youcef Ziad chez les seniors et Abderraouf Maansri dans la cat\u00e9gorie juniors ont brill\u00e9 en kata, ajoutant leurs noms au palmar\u00e8s d\u00e9j\u00e0 prometteur de la d\u00e9l\u00e9gation alg\u00e9rienne dans la capitale nig\u00e9riane. Pour Ziad, cette m\u00e9daille rev\u00eat une importance particuli\u00e8re puisqu&rsquo;elle lui ouvre les portes du Championnat du monde 2025 programm\u00e9 en octobre prochain en Egypte, validant ainsi sa qualification pour ce rendez-vous plan\u00e9taire majeur.&nbsp;Cette performance confirme la mont\u00e9e en puissance du karat\u00e9 alg\u00e9rien sur la sc\u00e8ne continentale, d&rsquo;autant que la premi\u00e8re journ\u00e9e avait d\u00e9j\u00e0 offert une belle satisfaction avec le sacre d&rsquo;Aymen Benkhedda. Le jeune prodige alg\u00e9rien a conserv\u00e9 son titre continental chez les cadets en cat\u00e9gorie moins de 52 kilos, s&rsquo;imposant en finale face au Nig\u00e9rien Ayatoulahi Chekaraou Gado dans une d\u00e9monstration de ma\u00eetrise technique remarquable. Cette victoire permet \u00e0 Benkhedda de r\u00e9\u00e9diter son exploit de 2024 en Tunisie, confirmant sa domination dans cette cat\u00e9gorie d&rsquo;\u00e2ge et laissant entrevoir un avenir radieux pour ce talent pr\u00e9coce du karat\u00e9 national.<\/p>\n\n\n\n<p>Le podium de cette cat\u00e9gorie cadets a \u00e9galement vu briller d&rsquo;autres nations africaines avec les m\u00e9dailles de bronze attribu\u00e9es au Sud-africain Dylan Seyffert et \u00e0 l&rsquo;Egyptien Karim Abu El Arous, t\u00e9moignant de la comp\u00e9titivit\u00e9 \u00e9lev\u00e9e de ces championnats continentaux. Cette r\u00e9partition g\u00e9ographique des m\u00e9dailles illustre parfaitement la diversit\u00e9 et la richesse du karat\u00e9 africain, o\u00f9 plusieurs \u00e9coles et traditions martiales s&rsquo;affrontent dans un esprit de d\u00e9passement constant.<\/p>\n\n\n\n<p>M.D.<\/p>\n","protected":false},"excerpt":{"rendered":"<p>La moisson alg\u00e9rienne s&rsquo;enrichit \u00e0 Abuja avec deux nouvelles m\u00e9dailles de bronze r\u00e9colt\u00e9es samedi lors de la deuxi\u00e8me journ\u00e9e des<\/p>\n","protected":false},"author":6,"featured_media":70643,"comment_status":"open","ping_status":"closed","sticky":false,"template":"","format":"standard","meta":{"colormag_page_container_layout":"default_layout","colormag_page_sidebar_layout":"default_layout","om_disable_all_campaigns":false,"_monsterinsights_skip_tracking":false,"_monsterinsights_sitenote_active":false,"_monsterinsights_sitenote_note":"","_monsterinsights_sitenote_category":0,"footnotes":"","_wpscppro_dont_share_socialmedia":false,"_wpscppro_custom_social_share_image":0,"_facebook_share_type":"default","_twitter_share_type":"default","_linkedin_share_type":"default","_pinterest_share_type":"default","_linkedin_share_type_page":"","_instagram_share_type":"default","_medium_share_type":"default","_threads_share_type":"","_google_business_share_type":"","_selected_social_profile":[],"_wpsp_enable_custom_social_template":false,"_wpsp_social_scheduling":{"enabled":false,"datetime":null,"platforms":[],"status":"template_only","dateOption":"today","timeOption":"now","customDays":"","customHours":"","customDate":"","customTime":"","schedulingType":"absolute"},"_wpsp_active_default_template":true},"categories":[33],"tags":[],"class_list":["post-70933","post","type-post","status-publish","format-standard","has-post-thumbnail","hentry","category-sports"],"aioseo_notices":[],"yoast_head":"<!-- This site is optimized with the Yoast SEO plugin v27.5 - https:\/\/yoast.com\/product\/yoast-seo-wordpress\/ -->\n<title>Championnats d&rsquo;Afrique\u00a0de Karat\u00e9\u00a0: L&rsquo;Alg\u00e9rie d\u00e9croche deux m\u00e9dailles de bronze en kata - La Sentinelle<\/title>\n<meta name=\"robots\" content=\"index, follow, max-snippet:-1, max-image-preview:large, max-video-preview:-1\" \/>\n<link rel=\"canonical\" href=\"https:\/\/lasentinelle.dz\/index.php\/2025\/07\/27\/championnats-dafrique-de-karate-lalgerie-decroche-deux-medailles-de-bronze-en-kata\/\" \/>\n<meta property=\"og:locale\" content=\"fr_FR\" \/>\n<meta property=\"og:type\" content=\"article\" \/>\n<meta property=\"og:title\" content=\"Championnats d&rsquo;Afrique\u00a0de Karat\u00e9\u00a0: L&rsquo;Alg\u00e9rie d\u00e9croche deux m\u00e9dailles de bronze en kata - La Sentinelle\" \/>\n<meta property=\"og:description\" content=\"La moisson alg\u00e9rienne s&rsquo;enrichit \u00e0 Abuja avec deux nouvelles m\u00e9dailles de bronze r\u00e9colt\u00e9es samedi lors de la deuxi\u00e8me journ\u00e9e des\" \/>\n<meta property=\"og:url\" content=\"https:\/\/lasentinelle.dz\/index.php\/2025\/07\/27\/championnats-dafrique-de-karate-lalgerie-decroche-deux-medailles-de-bronze-en-kata\/\" \/>\n<meta property=\"og:site_name\" content=\"La Sentinelle\" \/>\n<meta property=\"article:publisher\" content=\"https:\/\/www.facebook.com\/La-Sentinelle-104059864394773\" \/>\n<meta property=\"article:published_time\" content=\"2025-07-27T11:07:58+00:00\" \/>\n<meta property=\"article:modified_time\" content=\"2025-07-27T11:07:59+00:00\" \/>\n<meta property=\"og:image\" content=\"https:\/\/lasentinelle.dz\/wp-content\/uploads\/2025\/07\/karate.jpg\" \/>\n\t<meta property=\"og:image:width\" content=\"405\" \/>\n\t<meta property=\"og:image:height\" content=\"311\" \/>\n\t<meta property=\"og:image:type\" content=\"image\/jpeg\" \/>\n<meta name=\"author\" content=\"admin\" \/>\n<meta name=\"twitter:card\" content=\"summary_large_image\" \/>\n<meta name=\"twitter:label1\" content=\"\u00c9crit par\" \/>\n\t<meta name=\"twitter:data1\" content=\"admin\" \/>\n\t<meta name=\"twitter:label2\" content=\"Dur\u00e9e de lecture estim\u00e9e\" \/>\n\t<meta name=\"twitter:data2\" content=\"2 minutes\" \/>\n<script type=\"application\/ld+json\" class=\"yoast-schema-graph\">{\"@context\":\"https:\\\/\\\/schema.org\",\"@graph\":[{\"@type\":\"Article\",\"@id\":\"https:\\\/\\\/lasentinelle.dz\\\/index.php\\\/2025\\\/07\\\/27\\\/championnats-dafrique-de-karate-lalgerie-decroche-deux-medailles-de-bronze-en-kata\\\/#article\",\"isPartOf\":{\"@id\":\"https:\\\/\\\/lasentinelle.dz\\\/index.php\\\/2025\\\/07\\\/27\\\/championnats-dafrique-de-karate-lalgerie-decroche-deux-medailles-de-bronze-en-kata\\\/\"},\"author\":{\"name\":\"admin\",\"@id\":\"https:\\\/\\\/lasentinelle.dz\\\/#\\\/schema\\\/person\\\/729ee0024f24e0b8c5ec17232f8e8b41\"},\"headline\":\"Championnats d&rsquo;Afrique\u00a0de Karat\u00e9\u00a0: L&rsquo;Alg\u00e9rie d\u00e9croche deux m\u00e9dailles de bronze en kata\",\"datePublished\":\"2025-07-27T11:07:58+00:00\",\"dateModified\":\"2025-07-27T11:07:59+00:00\",\"mainEntityOfPage\":{\"@id\":\"https:\\\/\\\/lasentinelle.dz\\\/index.php\\\/2025\\\/07\\\/27\\\/championnats-dafrique-de-karate-lalgerie-decroche-deux-medailles-de-bronze-en-kata\\\/\"},\"wordCount\":319,\"commentCount\":0,\"publisher\":{\"@id\":\"https:\\\/\\\/lasentinelle.dz\\\/#organization\"},\"image\":{\"@id\":\"https:\\\/\\\/lasentinelle.dz\\\/index.php\\\/2025\\\/07\\\/27\\\/championnats-dafrique-de-karate-lalgerie-decroche-deux-medailles-de-bronze-en-kata\\\/#primaryimage\"},\"thumbnailUrl\":\"https:\\\/\\\/lasentinelle.dz\\\/wp-content\\\/uploads\\\/2025\\\/07\\\/karate.jpg\",\"articleSection\":[\"Sports\"],\"inLanguage\":\"fr-FR\",\"potentialAction\":[{\"@type\":\"CommentAction\",\"name\":\"Comment\",\"target\":[\"https:\\\/\\\/lasentinelle.dz\\\/index.php\\\/2025\\\/07\\\/27\\\/championnats-dafrique-de-karate-lalgerie-decroche-deux-medailles-de-bronze-en-kata\\\/#respond\"]}]},{\"@type\":\"WebPage\",\"@id\":\"https:\\\/\\\/lasentinelle.dz\\\/index.php\\\/2025\\\/07\\\/27\\\/championnats-dafrique-de-karate-lalgerie-decroche-deux-medailles-de-bronze-en-kata\\\/\",\"url\":\"https:\\\/\\\/lasentinelle.dz\\\/index.php\\\/2025\\\/07\\\/27\\\/championnats-dafrique-de-karate-lalgerie-decroche-deux-medailles-de-bronze-en-kata\\\/\",\"name\":\"Championnats d&rsquo;Afrique\u00a0de Karat\u00e9\u00a0: L&rsquo;Alg\u00e9rie d\u00e9croche deux m\u00e9dailles de bronze en kata - La Sentinelle\",\"isPartOf\":{\"@id\":\"https:\\\/\\\/lasentinelle.dz\\\/#website\"},\"primaryImageOfPage\":{\"@id\":\"https:\\\/\\\/lasentinelle.dz\\\/index.php\\\/2025\\\/07\\\/27\\\/championnats-dafrique-de-karate-lalgerie-decroche-deux-medailles-de-bronze-en-kata\\\/#primaryimage\"},\"image\":{\"@id\":\"https:\\\/\\\/lasentinelle.dz\\\/index.php\\\/2025\\\/07\\\/27\\\/championnats-dafrique-de-karate-lalgerie-decroche-deux-medailles-de-bronze-en-kata\\\/#primaryimage\"},\"thumbnailUrl\":\"https:\\\/\\\/lasentinelle.dz\\\/wp-content\\\/uploads\\\/2025\\\/07\\\/karate.jpg\",\"datePublished\":\"2025-07-27T11:07:58+00:00\",\"dateModified\":\"2025-07-27T11:07:59+00:00\",\"breadcrumb\":{\"@id\":\"https:\\\/\\\/lasentinelle.dz\\\/index.php\\\/2025\\\/07\\\/27\\\/championnats-dafrique-de-karate-lalgerie-decroche-deux-medailles-de-bronze-en-kata\\\/#breadcrumb\"},\"inLanguage\":\"fr-FR\",\"potentialAction\":[{\"@type\":\"ReadAction\",\"target\":[\"https:\\\/\\\/lasentinelle.dz\\\/index.php\\\/2025\\\/07\\\/27\\\/championnats-dafrique-de-karate-lalgerie-decroche-deux-medailles-de-bronze-en-kata\\\/\"]}]},{\"@type\":\"ImageObject\",\"inLanguage\":\"fr-FR\",\"@id\":\"https:\\\/\\\/lasentinelle.dz\\\/index.php\\\/2025\\\/07\\\/27\\\/championnats-dafrique-de-karate-lalgerie-decroche-deux-medailles-de-bronze-en-kata\\\/#primaryimage\",\"url\":\"https:\\\/\\\/lasentinelle.dz\\\/wp-content\\\/uploads\\\/2025\\\/07\\\/karate.jpg\",\"contentUrl\":\"https:\\\/\\\/lasentinelle.dz\\\/wp-content\\\/uploads\\\/2025\\\/07\\\/karate.jpg\",\"width\":405,\"height\":311},{\"@type\":\"BreadcrumbList\",\"@id\":\"https:\\\/\\\/lasentinelle.dz\\\/index.php\\\/2025\\\/07\\\/27\\\/championnats-dafrique-de-karate-lalgerie-decroche-deux-medailles-de-bronze-en-kata\\\/#breadcrumb\",\"itemListElement\":[{\"@type\":\"ListItem\",\"position\":1,\"name\":\"Accueil\",\"item\":\"https:\\\/\\\/lasentinelle.dz\\\/\"},{\"@type\":\"ListItem\",\"position\":2,\"name\":\"Championnats d&rsquo;Afrique\u00a0de Karat\u00e9\u00a0: L&rsquo;Alg\u00e9rie d\u00e9croche deux m\u00e9dailles de bronze en kata\"}]},{\"@type\":\"WebSite\",\"@id\":\"https:\\\/\\\/lasentinelle.dz\\\/#website\",\"url\":\"https:\\\/\\\/lasentinelle.dz\\\/\",\"name\":\"La Sentinelle\",\"description\":\"Quotidien national d&#039;information\",\"publisher\":{\"@id\":\"https:\\\/\\\/lasentinelle.dz\\\/#organization\"},\"potentialAction\":[{\"@type\":\"SearchAction\",\"target\":{\"@type\":\"EntryPoint\",\"urlTemplate\":\"https:\\\/\\\/lasentinelle.dz\\\/?s={search_term_string}\"},\"query-input\":{\"@type\":\"PropertyValueSpecification\",\"valueRequired\":true,\"valueName\":\"search_term_string\"}}],\"inLanguage\":\"fr-FR\"},{\"@type\":\"Organization\",\"@id\":\"https:\\\/\\\/lasentinelle.dz\\\/#organization\",\"name\":\"Quotidien La Sentinelle\",\"url\":\"https:\\\/\\\/lasentinelle.dz\\\/\",\"logo\":{\"@type\":\"ImageObject\",\"inLanguage\":\"fr-FR\",\"@id\":\"https:\\\/\\\/lasentinelle.dz\\\/#\\\/schema\\\/logo\\\/image\\\/\",\"url\":\"https:\\\/\\\/lasentinelle.dz\\\/wp-content\\\/uploads\\\/2021\\\/09\\\/logo-sentinelleSLOGAN-1.png\",\"contentUrl\":\"https:\\\/\\\/lasentinelle.dz\\\/wp-content\\\/uploads\\\/2021\\\/09\\\/logo-sentinelleSLOGAN-1.png\",\"width\":615,\"height\":142,\"caption\":\"Quotidien La Sentinelle\"},\"image\":{\"@id\":\"https:\\\/\\\/lasentinelle.dz\\\/#\\\/schema\\\/logo\\\/image\\\/\"},\"sameAs\":[\"https:\\\/\\\/www.facebook.com\\\/La-Sentinelle-104059864394773\"]},{\"@type\":\"Person\",\"@id\":\"https:\\\/\\\/lasentinelle.dz\\\/#\\\/schema\\\/person\\\/729ee0024f24e0b8c5ec17232f8e8b41\",\"name\":\"admin\",\"image\":{\"@type\":\"ImageObject\",\"inLanguage\":\"fr-FR\",\"@id\":\"https:\\\/\\\/secure.gravatar.com\\\/avatar\\\/4c81fed838786e9b53f540bf46533e750f5d292099ae3b66cfc6fb1982e29df7?s=96&d=mm&r=g\",\"url\":\"https:\\\/\\\/secure.gravatar.com\\\/avatar\\\/4c81fed838786e9b53f540bf46533e750f5d292099ae3b66cfc6fb1982e29df7?s=96&d=mm&r=g\",\"contentUrl\":\"https:\\\/\\\/secure.gravatar.com\\\/avatar\\\/4c81fed838786e9b53f540bf46533e750f5d292099ae3b66cfc6fb1982e29df7?s=96&d=mm&r=g\",\"caption\":\"admin\"},\"description\":\"admin\",\"url\":\"https:\\\/\\\/lasentinelle.dz\\\/author\\\/admin\\\/\"}]}<\/script>\n<!-- \/ Yoast SEO plugin. -->","yoast_head_json":{"title":"Championnats d&rsquo;Afrique\u00a0de Karat\u00e9\u00a0: L&rsquo;Alg\u00e9rie d\u00e9croche deux m\u00e9dailles de bronze en kata - La Sentinelle","robots":{"index":"index","follow":"follow","max-snippet":"max-snippet:-1","max-image-preview":"max-image-preview:large","max-video-preview":"max-video-preview:-1"},"canonical":"https:\/\/lasentinelle.dz\/index.php\/2025\/07\/27\/championnats-dafrique-de-karate-lalgerie-decroche-deux-medailles-de-bronze-en-kata\/","og_locale":"fr_FR","og_type":"article","og_title":"Championnats d&rsquo;Afrique\u00a0de Karat\u00e9\u00a0: L&rsquo;Alg\u00e9rie d\u00e9croche deux m\u00e9dailles de bronze en kata - La Sentinelle","og_description":"La moisson alg\u00e9rienne s&rsquo;enrichit \u00e0 Abuja avec deux nouvelles m\u00e9dailles de bronze r\u00e9colt\u00e9es samedi lors de la deuxi\u00e8me journ\u00e9e des","og_url":"https:\/\/lasentinelle.dz\/index.php\/2025\/07\/27\/championnats-dafrique-de-karate-lalgerie-decroche-deux-medailles-de-bronze-en-kata\/","og_site_name":"La Sentinelle","article_publisher":"https:\/\/www.facebook.com\/La-Sentinelle-104059864394773","article_published_time":"2025-07-27T11:07:58+00:00","article_modified_time":"2025-07-27T11:07:59+00:00","og_image":[{"width":405,"height":311,"url":"https:\/\/lasentinelle.dz\/wp-content\/uploads\/2025\/07\/karate.jpg","type":"image\/jpeg"}],"author":"admin","twitter_card":"summary_large_image","twitter_misc":{"\u00c9crit par":"admin","Dur\u00e9e de lecture estim\u00e9e":"2 minutes"},"schema":{"@context":"https:\/\/schema.org","@graph":[{"@type":"Article","@id":"https:\/\/lasentinelle.dz\/index.php\/2025\/07\/27\/championnats-dafrique-de-karate-lalgerie-decroche-deux-medailles-de-bronze-en-kata\/#article","isPartOf":{"@id":"https:\/\/lasentinelle.dz\/index.php\/2025\/07\/27\/championnats-dafrique-de-karate-lalgerie-decroche-deux-medailles-de-bronze-en-kata\/"},"author":{"name":"admin","@id":"https:\/\/lasentinelle.dz\/#\/schema\/person\/729ee0024f24e0b8c5ec17232f8e8b41"},"headline":"Championnats d&rsquo;Afrique\u00a0de Karat\u00e9\u00a0: L&rsquo;Alg\u00e9rie d\u00e9croche deux m\u00e9dailles de bronze en kata","datePublished":"2025-07-27T11:07:58+00:00","dateModified":"2025-07-27T11:07:59+00:00","mainEntityOfPage":{"@id":"https:\/\/lasentinelle.dz\/index.php\/2025\/07\/27\/championnats-dafrique-de-karate-lalgerie-decroche-deux-medailles-de-bronze-en-kata\/"},"wordCount":319,"commentCount":0,"publisher":{"@id":"https:\/\/lasentinelle.dz\/#organization"},"image":{"@id":"https:\/\/lasentinelle.dz\/index.php\/2025\/07\/27\/championnats-dafrique-de-karate-lalgerie-decroche-deux-medailles-de-bronze-en-kata\/#primaryimage"},"thumbnailUrl":"https:\/\/lasentinelle.dz\/wp-content\/uploads\/2025\/07\/karate.jpg","articleSection":["Sports"],"inLanguage":"fr-FR","potentialAction":[{"@type":"CommentAction","name":"Comment","target":["https:\/\/lasentinelle.dz\/index.php\/2025\/07\/27\/championnats-dafrique-de-karate-lalgerie-decroche-deux-medailles-de-bronze-en-kata\/#respond"]}]},{"@type":"WebPage","@id":"https:\/\/lasentinelle.dz\/index.php\/2025\/07\/27\/championnats-dafrique-de-karate-lalgerie-decroche-deux-medailles-de-bronze-en-kata\/","url":"https:\/\/lasentinelle.dz\/index.php\/2025\/07\/27\/championnats-dafrique-de-karate-lalgerie-decroche-deux-medailles-de-bronze-en-kata\/","name":"Championnats d&rsquo;Afrique\u00a0de Karat\u00e9\u00a0: L&rsquo;Alg\u00e9rie d\u00e9croche deux m\u00e9dailles de bronze en kata - La Sentinelle","isPartOf":{"@id":"https:\/\/lasentinelle.dz\/#website"},"primaryImageOfPage":{"@id":"https:\/\/lasentinelle.dz\/index.php\/2025\/07\/27\/championnats-dafrique-de-karate-lalgerie-decroche-deux-medailles-de-bronze-en-kata\/#primaryimage"},"image":{"@id":"https:\/\/lasentinelle.dz\/index.php\/2025\/07\/27\/championnats-dafrique-de-karate-lalgerie-decroche-deux-medailles-de-bronze-en-kata\/#primaryimage"},"thumbnailUrl":"https:\/\/lasentinelle.dz\/wp-content\/uploads\/2025\/07\/karate.jpg","datePublished":"2025-07-27T11:07:58+00:00","dateModified":"2025-07-27T11:07:59+00:00","breadcrumb":{"@id":"https:\/\/lasentinelle.dz\/index.php\/2025\/07\/27\/championnats-dafrique-de-karate-lalgerie-decroche-deux-medailles-de-bronze-en-kata\/#breadcrumb"},"inLanguage":"fr-FR","potentialAction":[{"@type":"ReadAction","target":["https:\/\/lasentinelle.dz\/index.php\/2025\/07\/27\/championnats-dafrique-de-karate-lalgerie-decroche-deux-medailles-de-bronze-en-kata\/"]}]},{"@type":"ImageObject","inLanguage":"fr-FR","@id":"https:\/\/lasentinelle.dz\/index.php\/2025\/07\/27\/championnats-dafrique-de-karate-lalgerie-decroche-deux-medailles-de-bronze-en-kata\/#primaryimage","url":"https:\/\/lasentinelle.dz\/wp-content\/uploads\/2025\/07\/karate.jpg","contentUrl":"https:\/\/lasentinelle.dz\/wp-content\/uploads\/2025\/07\/karate.jpg","width":405,"height":311},{"@type":"BreadcrumbList","@id":"https:\/\/lasentinelle.dz\/index.php\/2025\/07\/27\/championnats-dafrique-de-karate-lalgerie-decroche-deux-medailles-de-bronze-en-kata\/#breadcrumb","itemListElement":[{"@type":"ListItem","position":1,"name":"Accueil","item":"https:\/\/lasentinelle.dz\/"},{"@type":"ListItem","position":2,"name":"Championnats d&rsquo;Afrique\u00a0de Karat\u00e9\u00a0: L&rsquo;Alg\u00e9rie d\u00e9croche deux m\u00e9dailles de bronze en kata"}]},{"@type":"WebSite","@id":"https:\/\/lasentinelle.dz\/#website","url":"https:\/\/lasentinelle.dz\/","name":"La Sentinelle","description":"Quotidien national d&#039;information","publisher":{"@id":"https:\/\/lasentinelle.dz\/#organization"},"potentialAction":[{"@type":"SearchAction","target":{"@type":"EntryPoint","urlTemplate":"https:\/\/lasentinelle.dz\/?s={search_term_string}"},"query-input":{"@type":"PropertyValueSpecification","valueRequired":true,"valueName":"search_term_string"}}],"inLanguage":"fr-FR"},{"@type":"Organization","@id":"https:\/\/lasentinelle.dz\/#organization","name":"Quotidien La Sentinelle","url":"https:\/\/lasentinelle.dz\/","logo":{"@type":"ImageObject","inLanguage":"fr-FR","@id":"https:\/\/lasentinelle.dz\/#\/schema\/logo\/image\/","url":"https:\/\/lasentinelle.dz\/wp-content\/uploads\/2021\/09\/logo-sentinelleSLOGAN-1.png","contentUrl":"https:\/\/lasentinelle.dz\/wp-content\/uploads\/2021\/09\/logo-sentinelleSLOGAN-1.png","width":615,"height":142,"caption":"Quotidien La Sentinelle"},"image":{"@id":"https:\/\/lasentinelle.dz\/#\/schema\/logo\/image\/"},"sameAs":["https:\/\/www.facebook.com\/La-Sentinelle-104059864394773"]},{"@type":"Person","@id":"https:\/\/lasentinelle.dz\/#\/schema\/person\/729ee0024f24e0b8c5ec17232f8e8b41","name":"admin","image":{"@type":"ImageObject","inLanguage":"fr-FR","@id":"https:\/\/secure.gravatar.com\/avatar\/4c81fed838786e9b53f540bf46533e750f5d292099ae3b66cfc6fb1982e29df7?s=96&d=mm&r=g","url":"https:\/\/secure.gravatar.com\/avatar\/4c81fed838786e9b53f540bf46533e750f5d292099ae3b66cfc6fb1982e29df7?s=96&d=mm&r=g","contentUrl":"https:\/\/secure.gravatar.com\/avatar\/4c81fed838786e9b53f540bf46533e750f5d292099ae3b66cfc6fb1982e29df7?s=96&d=mm&r=g","caption":"admin"},"description":"admin","url":"https:\/\/lasentinelle.dz\/author\/admin\/"}]}},"_links":{"self":[{"href":"https:\/\/lasentinelle.dz\/index.php\/wp-json\/wp\/v2\/posts\/70933","targetHints":{"allow":["GET"]}}],"collection":[{"href":"https:\/\/lasentinelle.dz\/index.php\/wp-json\/wp\/v2\/posts"}],"about":[{"href":"https:\/\/lasentinelle.dz\/index.php\/wp-json\/wp\/v2\/types\/post"}],"author":[{"embeddable":true,"href":"https:\/\/lasentinelle.dz\/index.php\/wp-json\/wp\/v2\/users\/6"}],"replies":[{"embeddable":true,"href":"https:\/\/lasentinelle.dz\/index.php\/wp-json\/wp\/v2\/comments?post=70933"}],"version-history":[{"count":2,"href":"https:\/\/lasentinelle.dz\/index.php\/wp-json\/wp\/v2\/posts\/70933\/revisions"}],"predecessor-version":[{"id":70935,"href":"https:\/\/lasentinelle.dz\/index.php\/wp-json\/wp\/v2\/posts\/70933\/revisions\/70935"}],"wp:featuredmedia":[{"embeddable":true,"href":"https:\/\/lasentinelle.dz\/index.php\/wp-json\/wp\/v2\/media\/70643"}],"wp:attachment":[{"href":"https:\/\/lasentinelle.dz\/index.php\/wp-json\/wp\/v2\/media?parent=70933"}],"wp:term":[{"taxonomy":"category","embeddable":true,"href":"https:\/\/lasentinelle.dz\/index.php\/wp-json\/wp\/v2\/categories?post=70933"},{"taxonomy":"post_tag","embeddable":true,"href":"https:\/\/lasentinelle.dz\/index.php\/wp-json\/wp\/v2\/tags?post=70933"}],"curies":[{"name":"wp","href":"https:\/\/api.w.org\/{rel}","templated":true}]}}