{"id":70942,"date":"2025-07-27T12:10:26","date_gmt":"2025-07-27T11:10:26","guid":{"rendered":"https:\/\/lasentinelle.dz\/?p=70942"},"modified":"2025-07-27T12:10:26","modified_gmt":"2025-07-27T11:10:26","slug":"ligue-1-mobilis-les-clubs-accelerent-leur-preparation","status":"publish","type":"post","link":"https:\/\/lasentinelle.dz\/index.php\/2025\/07\/27\/ligue-1-mobilis-les-clubs-accelerent-leur-preparation\/","title":{"rendered":"Ligue 1 Mobilis\u00a0: Les clubs acc\u00e9l\u00e8rent leur pr\u00e9paration"},"content":{"rendered":"\n<p>\u00c0 quelques semaines du coup d&rsquo;envoi de la saison 2025-2026 de Ligue 1 Mobilis, les clubs multiplient les initiatives pour aborder cette nouvelle campagne dans les meilleures conditions possibles. Entre stages de pr\u00e9paration \u00e0 l&rsquo;\u00e9tranger et activit\u00e9 contrast\u00e9e sur le march\u00e9 des transferts, les formations de l&rsquo;\u00e9lite dessinent progressivement les contours de leurs ambitions pour l&rsquo;exercice \u00e0 venir.&nbsp;Le CS Constantine s&rsquo;installe&nbsp;pour trois semaines dans la ville tunisienne de Hammam-Bourguiba. Sous la houlette du nouvel entra\u00eeneur bosnien Rusmir Cviko, recrut\u00e9 pour succ\u00e9der \u00e0 Khe\u00efreddine Madoui, les co\u00e9quipiers du capitaine Ibrahim Dib ont travers\u00e9 la fronti\u00e8re par voie terrestre pour entamer un programme intensif ponctu\u00e9 de matchs amicaux contre des formations locales et potentiellement alg\u00e9riennes. Cette approche m\u00e9thodique tranche avec l&rsquo;inactivit\u00e9 du club sur le front des transferts, le CSC n&rsquo;ayant toujours pas officialis\u00e9 de nouvelles recrues vingt-cinq jours apr\u00e8s l&rsquo;ouverture du mercato. La direction constantinoise, qui a r\u00e9cemment nomm\u00e9 Ameur Mansoul au poste de directeur sportif en remplacement de Mohamed Ghoualmi, semble privil\u00e9gier la continuit\u00e9 apr\u00e8s une saison remarquable couronn\u00e9e par une qualification historique en demi-finales de la Coupe de la Conf\u00e9d\u00e9ration africaine.&nbsp;L&rsquo;ES Mostaganem adopte une strat\u00e9gie diam\u00e9tralement oppos\u00e9e en multipliant les mouvements sur le march\u00e9 des transferts tout en organisant sa pr\u00e9paration sur le territoire national. Le club de l&rsquo;Ouest entame ce samedi un stage bloqu\u00e9 \u00e0 S\u00e9tif, premi\u00e8re \u00e9tape d&rsquo;une pr\u00e9paration qui se poursuivra dans un lieu encore \u00e0 d\u00e9terminer. Cette approche pragmatique s&rsquo;accompagne d&rsquo;une politique de recrutement particuli\u00e8rement ambitieuse avec pas moins de huit nouvelles recrues int\u00e9gr\u00e9es \u00e0 l&rsquo;effectif. Adel Djaabout en provenance du NC Magra, Zoubir Motrani et Abdelhafid Benamara d\u00e9bauch\u00e9s au MC Oran, Tahar Benkhelifa r\u00e9cup\u00e9r\u00e9 \u00e0 l&rsquo;ES S\u00e9tif, Sid Ahmed Laamri arrach\u00e9 \u00e0 l&rsquo;O Akbou, Boualem Serir transf\u00e9r\u00e9 de l&rsquo;ASO Chlef, ainsi qu&rsquo;Houssem Bayoud et Mohamed Toumi du MC El Bayadh composent cette impressionnante moisson estivale. Parall\u00e8lement, la direction a s\u00e9curis\u00e9 les prolongations de Djamel Benlamri, Benali Benamar, Abdeslam Henane et Ameur Bouguettaya, t\u00e9moignant d&rsquo;une volont\u00e9 de conjuguer exp\u00e9rience et sang neuf.&nbsp;Du c\u00f4t\u00e9 du MC Oran, l&rsquo;heure est \u00e0 la reconstruction apr\u00e8s une saison d\u00e9licate sold\u00e9e par un maintien acquis dans les derni\u00e8res journ\u00e9es. Le retour de Mokhtar Belkhiter, ancien international form\u00e9 au club et fort d&rsquo;un palmar\u00e8s \u00e9toff\u00e9 avec notamment trois titres de champion remport\u00e9s au CR Belouizdad, symbolise cette qu\u00eate de retrouvailles avec les sommets. \u00c0 trente-trois ans, le d\u00e9fenseur exp\u00e9riment\u00e9, pass\u00e9 par la Tunisie et l&rsquo;Arabie Saoudite, apporte son v\u00e9cu \u00e0 une formation qui compte d\u00e9sormais cinq recrues estivales avec le milieu botswanais Gape Edwin Mohutsiwa, les d\u00e9fenseurs Abderrahim Hamra et Oussama Kaddour, ainsi que le milieu Chakib Aoudjane. Cette restructuration s&rsquo;accompagne d&rsquo;un changement \u00e0 la t\u00eate de l&rsquo;\u00e9quipe technique, Abdelkader Amrani ayant vu son contrat r\u00e9sili\u00e9 \u00e0 l&rsquo;amiable, contraignant la direction \u00e0 d\u00e9nicher un nouveau tacticien avant la reprise des entra\u00eenements sur le terrain annexe du stade Miloud-Hadefi.<\/p>\n\n\n\n<p>L&rsquo;USM Alger privil\u00e9gie quant \u00e0 elle la continuit\u00e9 et la mont\u00e9e en puissance progressive. Bela\u00efd Medjahed, pr\u00e9parateur physique du club de Soustara, se f\u00e9licite de la r\u00e9ceptivit\u00e9 des joueurs au programme de travail entam\u00e9 au stade Omar-Hamadi. L&rsquo;accent mis sur les tests physiques et m\u00e9dicaux durant la premi\u00e8re semaine traduit une approche scientifique de la pr\u00e9paration, l&rsquo;intensit\u00e9 devant cro\u00eetre progressivement. Cette m\u00e9thodologie rassure apr\u00e8s une saison 2024-2025 sauv\u00e9e par un neuvi\u00e8me succ\u00e8s en Coupe d&rsquo;Alg\u00e9rie face au CR Belouizdad. Si le club alg\u00e9rois demeure discret sur le march\u00e9 des transferts, \u00e9voquant seulement un possible accord avec le d\u00e9fenseur camerounais Che Malone, il a d\u00e9j\u00e0 act\u00e9 plusieurs d\u00e9parts significatifs. L&rsquo;attaquant bolivien Adalid Terrazas, le milieu Oussama Chita et le d\u00e9fenseur congolais K\u00e9vin Mondeko ont quitt\u00e9 le navire, tandis qu&rsquo;Imad-Eddine Azzi a pr\u00e9f\u00e9r\u00e9 tenter l&rsquo;aventure russe \u00e0 Anzhi Makhachkala plut\u00f4t que de poursuivre l&rsquo;aventure alg\u00e9roise.<\/p>\n\n\n\n<p>M.D.<\/p>\n","protected":false},"excerpt":{"rendered":"<p>\u00c0 quelques semaines du coup d&rsquo;envoi de la saison 2025-2026 de Ligue 1 Mobilis, les clubs multiplient les initiatives pour<\/p>\n","protected":false},"author":6,"featured_media":43719,"comment_status":"open","ping_status":"closed","sticky":false,"template":"","format":"standard","meta":{"colormag_page_container_layout":"default_layout","colormag_page_sidebar_layout":"default_layout","om_disable_all_campaigns":false,"_monsterinsights_skip_tracking":false,"_monsterinsights_sitenote_active":false,"_monsterinsights_sitenote_note":"","_monsterinsights_sitenote_category":0,"footnotes":"","_wpscppro_dont_share_socialmedia":false,"_wpscppro_custom_social_share_image":0,"_facebook_share_type":"default","_twitter_share_type":"default","_linkedin_share_type":"default","_pinterest_share_type":"default","_linkedin_share_type_page":"","_instagram_share_type":"default","_medium_share_type":"default","_threads_share_type":"","_google_business_share_type":"","_selected_social_profile":[],"_wpsp_enable_custom_social_template":false,"_wpsp_social_scheduling":{"enabled":false,"datetime":null,"platforms":[],"status":"template_only","dateOption":"today","timeOption":"now","customDays":"","customHours":"","customDate":"","customTime":"","schedulingType":"absolute"},"_wpsp_active_default_template":true},"categories":[33],"tags":[],"class_list":["post-70942","post","type-post","status-publish","format-standard","has-post-thumbnail","hentry","category-sports"],"aioseo_notices":[],"yoast_head":"<!-- This site is optimized with the Yoast SEO plugin v27.4 - https:\/\/yoast.com\/product\/yoast-seo-wordpress\/ -->\n<title>Ligue 1 Mobilis\u00a0: Les clubs acc\u00e9l\u00e8rent leur pr\u00e9paration - La Sentinelle<\/title>\n<meta name=\"robots\" content=\"index, follow, max-snippet:-1, max-image-preview:large, max-video-preview:-1\" \/>\n<link rel=\"canonical\" href=\"https:\/\/lasentinelle.dz\/index.php\/2025\/07\/27\/ligue-1-mobilis-les-clubs-accelerent-leur-preparation\/\" \/>\n<meta property=\"og:locale\" content=\"fr_FR\" \/>\n<meta property=\"og:type\" content=\"article\" \/>\n<meta property=\"og:title\" content=\"Ligue 1 Mobilis\u00a0: Les clubs acc\u00e9l\u00e8rent leur pr\u00e9paration - La Sentinelle\" \/>\n<meta property=\"og:description\" content=\"\u00c0 quelques semaines du coup d&rsquo;envoi de la saison 2025-2026 de Ligue 1 Mobilis, les clubs multiplient les initiatives pour\" \/>\n<meta property=\"og:url\" content=\"https:\/\/lasentinelle.dz\/index.php\/2025\/07\/27\/ligue-1-mobilis-les-clubs-accelerent-leur-preparation\/\" \/>\n<meta property=\"og:site_name\" content=\"La Sentinelle\" \/>\n<meta property=\"article:publisher\" content=\"https:\/\/www.facebook.com\/La-Sentinelle-104059864394773\" \/>\n<meta property=\"article:published_time\" content=\"2025-07-27T11:10:26+00:00\" \/>\n<meta property=\"og:image\" content=\"https:\/\/lasentinelle.dz\/wp-content\/uploads\/2023\/07\/Ligue-1.jpeg\" \/>\n\t<meta property=\"og:image:width\" content=\"580\" \/>\n\t<meta property=\"og:image:height\" content=\"350\" \/>\n\t<meta property=\"og:image:type\" content=\"image\/jpeg\" \/>\n<meta name=\"author\" content=\"admin\" \/>\n<meta name=\"twitter:card\" content=\"summary_large_image\" \/>\n<meta name=\"twitter:label1\" content=\"\u00c9crit par\" \/>\n\t<meta name=\"twitter:data1\" content=\"admin\" \/>\n\t<meta name=\"twitter:label2\" content=\"Dur\u00e9e de lecture estim\u00e9e\" \/>\n\t<meta name=\"twitter:data2\" content=\"4 minutes\" \/>\n<script type=\"application\/ld+json\" class=\"yoast-schema-graph\">{\"@context\":\"https:\\\/\\\/schema.org\",\"@graph\":[{\"@type\":\"Article\",\"@id\":\"https:\\\/\\\/lasentinelle.dz\\\/index.php\\\/2025\\\/07\\\/27\\\/ligue-1-mobilis-les-clubs-accelerent-leur-preparation\\\/#article\",\"isPartOf\":{\"@id\":\"https:\\\/\\\/lasentinelle.dz\\\/index.php\\\/2025\\\/07\\\/27\\\/ligue-1-mobilis-les-clubs-accelerent-leur-preparation\\\/\"},\"author\":{\"name\":\"admin\",\"@id\":\"https:\\\/\\\/lasentinelle.dz\\\/#\\\/schema\\\/person\\\/729ee0024f24e0b8c5ec17232f8e8b41\"},\"headline\":\"Ligue 1 Mobilis\u00a0: Les clubs acc\u00e9l\u00e8rent leur pr\u00e9paration\",\"datePublished\":\"2025-07-27T11:10:26+00:00\",\"mainEntityOfPage\":{\"@id\":\"https:\\\/\\\/lasentinelle.dz\\\/index.php\\\/2025\\\/07\\\/27\\\/ligue-1-mobilis-les-clubs-accelerent-leur-preparation\\\/\"},\"wordCount\":727,\"commentCount\":0,\"publisher\":{\"@id\":\"https:\\\/\\\/lasentinelle.dz\\\/#organization\"},\"image\":{\"@id\":\"https:\\\/\\\/lasentinelle.dz\\\/index.php\\\/2025\\\/07\\\/27\\\/ligue-1-mobilis-les-clubs-accelerent-leur-preparation\\\/#primaryimage\"},\"thumbnailUrl\":\"https:\\\/\\\/lasentinelle.dz\\\/wp-content\\\/uploads\\\/2023\\\/07\\\/Ligue-1.jpeg\",\"articleSection\":[\"Sports\"],\"inLanguage\":\"fr-FR\",\"potentialAction\":[{\"@type\":\"CommentAction\",\"name\":\"Comment\",\"target\":[\"https:\\\/\\\/lasentinelle.dz\\\/index.php\\\/2025\\\/07\\\/27\\\/ligue-1-mobilis-les-clubs-accelerent-leur-preparation\\\/#respond\"]}]},{\"@type\":\"WebPage\",\"@id\":\"https:\\\/\\\/lasentinelle.dz\\\/index.php\\\/2025\\\/07\\\/27\\\/ligue-1-mobilis-les-clubs-accelerent-leur-preparation\\\/\",\"url\":\"https:\\\/\\\/lasentinelle.dz\\\/index.php\\\/2025\\\/07\\\/27\\\/ligue-1-mobilis-les-clubs-accelerent-leur-preparation\\\/\",\"name\":\"Ligue 1 Mobilis\u00a0: Les clubs acc\u00e9l\u00e8rent leur pr\u00e9paration - La Sentinelle\",\"isPartOf\":{\"@id\":\"https:\\\/\\\/lasentinelle.dz\\\/#website\"},\"primaryImageOfPage\":{\"@id\":\"https:\\\/\\\/lasentinelle.dz\\\/index.php\\\/2025\\\/07\\\/27\\\/ligue-1-mobilis-les-clubs-accelerent-leur-preparation\\\/#primaryimage\"},\"image\":{\"@id\":\"https:\\\/\\\/lasentinelle.dz\\\/index.php\\\/2025\\\/07\\\/27\\\/ligue-1-mobilis-les-clubs-accelerent-leur-preparation\\\/#primaryimage\"},\"thumbnailUrl\":\"https:\\\/\\\/lasentinelle.dz\\\/wp-content\\\/uploads\\\/2023\\\/07\\\/Ligue-1.jpeg\",\"datePublished\":\"2025-07-27T11:10:26+00:00\",\"breadcrumb\":{\"@id\":\"https:\\\/\\\/lasentinelle.dz\\\/index.php\\\/2025\\\/07\\\/27\\\/ligue-1-mobilis-les-clubs-accelerent-leur-preparation\\\/#breadcrumb\"},\"inLanguage\":\"fr-FR\",\"potentialAction\":[{\"@type\":\"ReadAction\",\"target\":[\"https:\\\/\\\/lasentinelle.dz\\\/index.php\\\/2025\\\/07\\\/27\\\/ligue-1-mobilis-les-clubs-accelerent-leur-preparation\\\/\"]}]},{\"@type\":\"ImageObject\",\"inLanguage\":\"fr-FR\",\"@id\":\"https:\\\/\\\/lasentinelle.dz\\\/index.php\\\/2025\\\/07\\\/27\\\/ligue-1-mobilis-les-clubs-accelerent-leur-preparation\\\/#primaryimage\",\"url\":\"https:\\\/\\\/lasentinelle.dz\\\/wp-content\\\/uploads\\\/2023\\\/07\\\/Ligue-1.jpeg\",\"contentUrl\":\"https:\\\/\\\/lasentinelle.dz\\\/wp-content\\\/uploads\\\/2023\\\/07\\\/Ligue-1.jpeg\",\"width\":580,\"height\":350},{\"@type\":\"BreadcrumbList\",\"@id\":\"https:\\\/\\\/lasentinelle.dz\\\/index.php\\\/2025\\\/07\\\/27\\\/ligue-1-mobilis-les-clubs-accelerent-leur-preparation\\\/#breadcrumb\",\"itemListElement\":[{\"@type\":\"ListItem\",\"position\":1,\"name\":\"Accueil\",\"item\":\"https:\\\/\\\/lasentinelle.dz\\\/\"},{\"@type\":\"ListItem\",\"position\":2,\"name\":\"Ligue 1 Mobilis\u00a0: Les clubs acc\u00e9l\u00e8rent leur pr\u00e9paration\"}]},{\"@type\":\"WebSite\",\"@id\":\"https:\\\/\\\/lasentinelle.dz\\\/#website\",\"url\":\"https:\\\/\\\/lasentinelle.dz\\\/\",\"name\":\"La Sentinelle\",\"description\":\"Quotidien national d&#039;information\",\"publisher\":{\"@id\":\"https:\\\/\\\/lasentinelle.dz\\\/#organization\"},\"potentialAction\":[{\"@type\":\"SearchAction\",\"target\":{\"@type\":\"EntryPoint\",\"urlTemplate\":\"https:\\\/\\\/lasentinelle.dz\\\/?s={search_term_string}\"},\"query-input\":{\"@type\":\"PropertyValueSpecification\",\"valueRequired\":true,\"valueName\":\"search_term_string\"}}],\"inLanguage\":\"fr-FR\"},{\"@type\":\"Organization\",\"@id\":\"https:\\\/\\\/lasentinelle.dz\\\/#organization\",\"name\":\"Quotidien La Sentinelle\",\"url\":\"https:\\\/\\\/lasentinelle.dz\\\/\",\"logo\":{\"@type\":\"ImageObject\",\"inLanguage\":\"fr-FR\",\"@id\":\"https:\\\/\\\/lasentinelle.dz\\\/#\\\/schema\\\/logo\\\/image\\\/\",\"url\":\"https:\\\/\\\/lasentinelle.dz\\\/wp-content\\\/uploads\\\/2021\\\/09\\\/logo-sentinelleSLOGAN-1.png\",\"contentUrl\":\"https:\\\/\\\/lasentinelle.dz\\\/wp-content\\\/uploads\\\/2021\\\/09\\\/logo-sentinelleSLOGAN-1.png\",\"width\":615,\"height\":142,\"caption\":\"Quotidien La Sentinelle\"},\"image\":{\"@id\":\"https:\\\/\\\/lasentinelle.dz\\\/#\\\/schema\\\/logo\\\/image\\\/\"},\"sameAs\":[\"https:\\\/\\\/www.facebook.com\\\/La-Sentinelle-104059864394773\"]},{\"@type\":\"Person\",\"@id\":\"https:\\\/\\\/lasentinelle.dz\\\/#\\\/schema\\\/person\\\/729ee0024f24e0b8c5ec17232f8e8b41\",\"name\":\"admin\",\"image\":{\"@type\":\"ImageObject\",\"inLanguage\":\"fr-FR\",\"@id\":\"https:\\\/\\\/secure.gravatar.com\\\/avatar\\\/4c81fed838786e9b53f540bf46533e750f5d292099ae3b66cfc6fb1982e29df7?s=96&d=mm&r=g\",\"url\":\"https:\\\/\\\/secure.gravatar.com\\\/avatar\\\/4c81fed838786e9b53f540bf46533e750f5d292099ae3b66cfc6fb1982e29df7?s=96&d=mm&r=g\",\"contentUrl\":\"https:\\\/\\\/secure.gravatar.com\\\/avatar\\\/4c81fed838786e9b53f540bf46533e750f5d292099ae3b66cfc6fb1982e29df7?s=96&d=mm&r=g\",\"caption\":\"admin\"},\"description\":\"admin\",\"url\":\"https:\\\/\\\/lasentinelle.dz\\\/author\\\/admin\\\/\"}]}<\/script>\n<!-- \/ Yoast SEO plugin. -->","yoast_head_json":{"title":"Ligue 1 Mobilis\u00a0: Les clubs acc\u00e9l\u00e8rent leur pr\u00e9paration - La Sentinelle","robots":{"index":"index","follow":"follow","max-snippet":"max-snippet:-1","max-image-preview":"max-image-preview:large","max-video-preview":"max-video-preview:-1"},"canonical":"https:\/\/lasentinelle.dz\/index.php\/2025\/07\/27\/ligue-1-mobilis-les-clubs-accelerent-leur-preparation\/","og_locale":"fr_FR","og_type":"article","og_title":"Ligue 1 Mobilis\u00a0: Les clubs acc\u00e9l\u00e8rent leur pr\u00e9paration - La Sentinelle","og_description":"\u00c0 quelques semaines du coup d&rsquo;envoi de la saison 2025-2026 de Ligue 1 Mobilis, les clubs multiplient les initiatives pour","og_url":"https:\/\/lasentinelle.dz\/index.php\/2025\/07\/27\/ligue-1-mobilis-les-clubs-accelerent-leur-preparation\/","og_site_name":"La Sentinelle","article_publisher":"https:\/\/www.facebook.com\/La-Sentinelle-104059864394773","article_published_time":"2025-07-27T11:10:26+00:00","og_image":[{"width":580,"height":350,"url":"https:\/\/lasentinelle.dz\/wp-content\/uploads\/2023\/07\/Ligue-1.jpeg","type":"image\/jpeg"}],"author":"admin","twitter_card":"summary_large_image","twitter_misc":{"\u00c9crit par":"admin","Dur\u00e9e de lecture estim\u00e9e":"4 minutes"},"schema":{"@context":"https:\/\/schema.org","@graph":[{"@type":"Article","@id":"https:\/\/lasentinelle.dz\/index.php\/2025\/07\/27\/ligue-1-mobilis-les-clubs-accelerent-leur-preparation\/#article","isPartOf":{"@id":"https:\/\/lasentinelle.dz\/index.php\/2025\/07\/27\/ligue-1-mobilis-les-clubs-accelerent-leur-preparation\/"},"author":{"name":"admin","@id":"https:\/\/lasentinelle.dz\/#\/schema\/person\/729ee0024f24e0b8c5ec17232f8e8b41"},"headline":"Ligue 1 Mobilis\u00a0: Les clubs acc\u00e9l\u00e8rent leur pr\u00e9paration","datePublished":"2025-07-27T11:10:26+00:00","mainEntityOfPage":{"@id":"https:\/\/lasentinelle.dz\/index.php\/2025\/07\/27\/ligue-1-mobilis-les-clubs-accelerent-leur-preparation\/"},"wordCount":727,"commentCount":0,"publisher":{"@id":"https:\/\/lasentinelle.dz\/#organization"},"image":{"@id":"https:\/\/lasentinelle.dz\/index.php\/2025\/07\/27\/ligue-1-mobilis-les-clubs-accelerent-leur-preparation\/#primaryimage"},"thumbnailUrl":"https:\/\/lasentinelle.dz\/wp-content\/uploads\/2023\/07\/Ligue-1.jpeg","articleSection":["Sports"],"inLanguage":"fr-FR","potentialAction":[{"@type":"CommentAction","name":"Comment","target":["https:\/\/lasentinelle.dz\/index.php\/2025\/07\/27\/ligue-1-mobilis-les-clubs-accelerent-leur-preparation\/#respond"]}]},{"@type":"WebPage","@id":"https:\/\/lasentinelle.dz\/index.php\/2025\/07\/27\/ligue-1-mobilis-les-clubs-accelerent-leur-preparation\/","url":"https:\/\/lasentinelle.dz\/index.php\/2025\/07\/27\/ligue-1-mobilis-les-clubs-accelerent-leur-preparation\/","name":"Ligue 1 Mobilis\u00a0: Les clubs acc\u00e9l\u00e8rent leur pr\u00e9paration - La Sentinelle","isPartOf":{"@id":"https:\/\/lasentinelle.dz\/#website"},"primaryImageOfPage":{"@id":"https:\/\/lasentinelle.dz\/index.php\/2025\/07\/27\/ligue-1-mobilis-les-clubs-accelerent-leur-preparation\/#primaryimage"},"image":{"@id":"https:\/\/lasentinelle.dz\/index.php\/2025\/07\/27\/ligue-1-mobilis-les-clubs-accelerent-leur-preparation\/#primaryimage"},"thumbnailUrl":"https:\/\/lasentinelle.dz\/wp-content\/uploads\/2023\/07\/Ligue-1.jpeg","datePublished":"2025-07-27T11:10:26+00:00","breadcrumb":{"@id":"https:\/\/lasentinelle.dz\/index.php\/2025\/07\/27\/ligue-1-mobilis-les-clubs-accelerent-leur-preparation\/#breadcrumb"},"inLanguage":"fr-FR","potentialAction":[{"@type":"ReadAction","target":["https:\/\/lasentinelle.dz\/index.php\/2025\/07\/27\/ligue-1-mobilis-les-clubs-accelerent-leur-preparation\/"]}]},{"@type":"ImageObject","inLanguage":"fr-FR","@id":"https:\/\/lasentinelle.dz\/index.php\/2025\/07\/27\/ligue-1-mobilis-les-clubs-accelerent-leur-preparation\/#primaryimage","url":"https:\/\/lasentinelle.dz\/wp-content\/uploads\/2023\/07\/Ligue-1.jpeg","contentUrl":"https:\/\/lasentinelle.dz\/wp-content\/uploads\/2023\/07\/Ligue-1.jpeg","width":580,"height":350},{"@type":"BreadcrumbList","@id":"https:\/\/lasentinelle.dz\/index.php\/2025\/07\/27\/ligue-1-mobilis-les-clubs-accelerent-leur-preparation\/#breadcrumb","itemListElement":[{"@type":"ListItem","position":1,"name":"Accueil","item":"https:\/\/lasentinelle.dz\/"},{"@type":"ListItem","position":2,"name":"Ligue 1 Mobilis\u00a0: Les clubs acc\u00e9l\u00e8rent leur pr\u00e9paration"}]},{"@type":"WebSite","@id":"https:\/\/lasentinelle.dz\/#website","url":"https:\/\/lasentinelle.dz\/","name":"La Sentinelle","description":"Quotidien national d&#039;information","publisher":{"@id":"https:\/\/lasentinelle.dz\/#organization"},"potentialAction":[{"@type":"SearchAction","target":{"@type":"EntryPoint","urlTemplate":"https:\/\/lasentinelle.dz\/?s={search_term_string}"},"query-input":{"@type":"PropertyValueSpecification","valueRequired":true,"valueName":"search_term_string"}}],"inLanguage":"fr-FR"},{"@type":"Organization","@id":"https:\/\/lasentinelle.dz\/#organization","name":"Quotidien La Sentinelle","url":"https:\/\/lasentinelle.dz\/","logo":{"@type":"ImageObject","inLanguage":"fr-FR","@id":"https:\/\/lasentinelle.dz\/#\/schema\/logo\/image\/","url":"https:\/\/lasentinelle.dz\/wp-content\/uploads\/2021\/09\/logo-sentinelleSLOGAN-1.png","contentUrl":"https:\/\/lasentinelle.dz\/wp-content\/uploads\/2021\/09\/logo-sentinelleSLOGAN-1.png","width":615,"height":142,"caption":"Quotidien La Sentinelle"},"image":{"@id":"https:\/\/lasentinelle.dz\/#\/schema\/logo\/image\/"},"sameAs":["https:\/\/www.facebook.com\/La-Sentinelle-104059864394773"]},{"@type":"Person","@id":"https:\/\/lasentinelle.dz\/#\/schema\/person\/729ee0024f24e0b8c5ec17232f8e8b41","name":"admin","image":{"@type":"ImageObject","inLanguage":"fr-FR","@id":"https:\/\/secure.gravatar.com\/avatar\/4c81fed838786e9b53f540bf46533e750f5d292099ae3b66cfc6fb1982e29df7?s=96&d=mm&r=g","url":"https:\/\/secure.gravatar.com\/avatar\/4c81fed838786e9b53f540bf46533e750f5d292099ae3b66cfc6fb1982e29df7?s=96&d=mm&r=g","contentUrl":"https:\/\/secure.gravatar.com\/avatar\/4c81fed838786e9b53f540bf46533e750f5d292099ae3b66cfc6fb1982e29df7?s=96&d=mm&r=g","caption":"admin"},"description":"admin","url":"https:\/\/lasentinelle.dz\/author\/admin\/"}]}},"_links":{"self":[{"href":"https:\/\/lasentinelle.dz\/index.php\/wp-json\/wp\/v2\/posts\/70942","targetHints":{"allow":["GET"]}}],"collection":[{"href":"https:\/\/lasentinelle.dz\/index.php\/wp-json\/wp\/v2\/posts"}],"about":[{"href":"https:\/\/lasentinelle.dz\/index.php\/wp-json\/wp\/v2\/types\/post"}],"author":[{"embeddable":true,"href":"https:\/\/lasentinelle.dz\/index.php\/wp-json\/wp\/v2\/users\/6"}],"replies":[{"embeddable":true,"href":"https:\/\/lasentinelle.dz\/index.php\/wp-json\/wp\/v2\/comments?post=70942"}],"version-history":[{"count":1,"href":"https:\/\/lasentinelle.dz\/index.php\/wp-json\/wp\/v2\/posts\/70942\/revisions"}],"predecessor-version":[{"id":70943,"href":"https:\/\/lasentinelle.dz\/index.php\/wp-json\/wp\/v2\/posts\/70942\/revisions\/70943"}],"wp:featuredmedia":[{"embeddable":true,"href":"https:\/\/lasentinelle.dz\/index.php\/wp-json\/wp\/v2\/media\/43719"}],"wp:attachment":[{"href":"https:\/\/lasentinelle.dz\/index.php\/wp-json\/wp\/v2\/media?parent=70942"}],"wp:term":[{"taxonomy":"category","embeddable":true,"href":"https:\/\/lasentinelle.dz\/index.php\/wp-json\/wp\/v2\/categories?post=70942"},{"taxonomy":"post_tag","embeddable":true,"href":"https:\/\/lasentinelle.dz\/index.php\/wp-json\/wp\/v2\/tags?post=70942"}],"curies":[{"name":"wp","href":"https:\/\/api.w.org\/{rel}","templated":true}]}}