{"id":70944,"date":"2025-07-27T12:11:37","date_gmt":"2025-07-27T11:11:37","guid":{"rendered":"https:\/\/lasentinelle.dz\/?p=70944"},"modified":"2025-07-27T12:11:37","modified_gmt":"2025-07-27T11:11:37","slug":"bougherra-face-aux-medias-derniers-reglages-avant-le-chan","status":"publish","type":"post","link":"https:\/\/lasentinelle.dz\/index.php\/2025\/07\/27\/bougherra-face-aux-medias-derniers-reglages-avant-le-chan\/","title":{"rendered":"Bougherra face aux m\u00e9dias\u00a0: Derniers r\u00e9glages avant le CHAN"},"content":{"rendered":"\n<p>\u00c0 quelques jours du coup d&rsquo;envoi du Championnat d&rsquo;Afrique des Nations pr\u00e9vu du 2 au 30 ao\u00fbt en Tanzanie, au Kenya et en Ouganda, le s\u00e9lectionneur de l&rsquo;\u00e9quipe nationale A&rsquo; Madjid Bougherra s&rsquo;appr\u00eate \u00e0 faire le point sur l&rsquo;\u00e9tat de pr\u00e9paration de ses prot\u00e9g\u00e9s. Le technicien alg\u00e9rien animera une conf\u00e9rence de presse ce lundi 28 juillet \u00e0 14h30 dans la salle des conf\u00e9rences Mohamed Sellah du stade Nelson Mandela de Baraki, ultime rendez-vous m\u00e9diatique avant le d\u00e9part pour l&rsquo;Afrique de l&rsquo;Est.&nbsp;Cette prise de parole intervient dans un contexte de pr\u00e9paration intensive men\u00e9e au Centre technique national de Sidi Moussa o\u00f9 l&rsquo;ancien d\u00e9fenseur international peaufine les derniers d\u00e9tails tactiques avec un groupe d\u00e9sormais au complet. L&rsquo;int\u00e9gration r\u00e9cente de Naoufel Khacef, qui suit un programme de remise en forme sp\u00e9cifique, a permis \u00e0 Bougherra de disposer de l&rsquo;int\u00e9gralit\u00e9 de son effectif de vingt-six joueurs retenus pour cette comp\u00e9tition continentale r\u00e9serv\u00e9e aux footballeurs \u00e9voluant dans leurs championnats domestiques respectifs.&nbsp;Cette conf\u00e9rence permettra vraisemblablement \u00e0 Bougherra d&rsquo;exposer sa philosophie de jeu et ses ambitions pour un tournoi o\u00f9 l&rsquo;Alg\u00e9rie \u00e9voluera dans le groupe C particuli\u00e8rement relev\u00e9. Les Verts locaux entameront leur parcours face \u00e0 l&rsquo;Ouganda, pays co-organisateur, le lundi 4 ao\u00fbt au Mandela National Stadium de Kampala \u00e0 dix-huit heures. Cette premi\u00e8re confrontation face aux Cranes sur leurs terres repr\u00e9sente un d\u00e9fi de taille pour des Alg\u00e9riens qui devront composer avec la ferveur du public local et la pression de l&rsquo;\u00e9v\u00e9nement.&nbsp;Le calendrier se poursuivra avec un duel contre l&rsquo;Afrique du Sud le vendredi 8 ao\u00fbt dans la m\u00eame enceinte kampaliaise, avant de retrouver la Guin\u00e9e le 15 ao\u00fbt et de cl\u00f4turer la phase de groupes face au Niger le 18 ao\u00fbt au Nyayo Stadium de Nairobi. Cette programmation \u00e9tal\u00e9e sur quinze jours exigera une gestion rigoureuse des efforts et une rotation judicieuse de l&rsquo;effectif.&nbsp;Les r\u00e9cents entra\u00eenements au Centre technique de Sidi Moussa ont r\u00e9v\u00e9l\u00e9 un staff technique m\u00e9ticuleux dans sa pr\u00e9paration. Le match d&rsquo;application organis\u00e9 entre les joueurs, r\u00e9partis en deux formations pendant cinquante minutes, a permis d&rsquo;\u00e9valuer la condition physique g\u00e9n\u00e9rale et l&rsquo;assimilation des consignes tactiques. Six \u00e9l\u00e9ments ont b\u00e9n\u00e9fici\u00e9 d&rsquo;un programme personnalis\u00e9, signe d&rsquo;une approche individualis\u00e9e dans la pr\u00e9paration.<\/p>\n\n\n\n<p>M.D.<\/p>\n","protected":false},"excerpt":{"rendered":"<p>\u00c0 quelques jours du coup d&rsquo;envoi du Championnat d&rsquo;Afrique des Nations pr\u00e9vu du 2 au 30 ao\u00fbt en Tanzanie, au<\/p>\n","protected":false},"author":6,"featured_media":68710,"comment_status":"open","ping_status":"closed","sticky":false,"template":"","format":"standard","meta":{"colormag_page_container_layout":"default_layout","colormag_page_sidebar_layout":"default_layout","om_disable_all_campaigns":false,"_monsterinsights_skip_tracking":false,"_monsterinsights_sitenote_active":false,"_monsterinsights_sitenote_note":"","_monsterinsights_sitenote_category":0,"footnotes":"","_wpscppro_dont_share_socialmedia":false,"_wpscppro_custom_social_share_image":0,"_facebook_share_type":"default","_twitter_share_type":"default","_linkedin_share_type":"default","_pinterest_share_type":"default","_linkedin_share_type_page":"","_instagram_share_type":"default","_medium_share_type":"default","_threads_share_type":"","_google_business_share_type":"","_selected_social_profile":[],"_wpsp_enable_custom_social_template":false,"_wpsp_social_scheduling":{"enabled":false,"datetime":null,"platforms":[],"status":"template_only","dateOption":"today","timeOption":"now","customDays":"","customHours":"","customDate":"","customTime":"","schedulingType":"absolute"},"_wpsp_active_default_template":true},"categories":[33],"tags":[],"class_list":["post-70944","post","type-post","status-publish","format-standard","has-post-thumbnail","hentry","category-sports"],"aioseo_notices":[],"yoast_head":"<!-- This site is optimized with the Yoast SEO plugin v27.5 - https:\/\/yoast.com\/product\/yoast-seo-wordpress\/ -->\n<title>Bougherra face aux m\u00e9dias\u00a0: Derniers r\u00e9glages avant le CHAN - La Sentinelle<\/title>\n<meta name=\"robots\" content=\"index, follow, max-snippet:-1, max-image-preview:large, max-video-preview:-1\" \/>\n<link rel=\"canonical\" href=\"https:\/\/lasentinelle.dz\/index.php\/2025\/07\/27\/bougherra-face-aux-medias-derniers-reglages-avant-le-chan\/\" \/>\n<meta property=\"og:locale\" content=\"fr_FR\" \/>\n<meta property=\"og:type\" content=\"article\" \/>\n<meta property=\"og:title\" content=\"Bougherra face aux m\u00e9dias\u00a0: Derniers r\u00e9glages avant le CHAN - La Sentinelle\" \/>\n<meta property=\"og:description\" content=\"\u00c0 quelques jours du coup d&rsquo;envoi du Championnat d&rsquo;Afrique des Nations pr\u00e9vu du 2 au 30 ao\u00fbt en Tanzanie, au\" \/>\n<meta property=\"og:url\" content=\"https:\/\/lasentinelle.dz\/index.php\/2025\/07\/27\/bougherra-face-aux-medias-derniers-reglages-avant-le-chan\/\" \/>\n<meta property=\"og:site_name\" content=\"La Sentinelle\" \/>\n<meta property=\"article:publisher\" content=\"https:\/\/www.facebook.com\/La-Sentinelle-104059864394773\" \/>\n<meta property=\"article:published_time\" content=\"2025-07-27T11:11:37+00:00\" \/>\n<meta property=\"og:image\" content=\"https:\/\/lasentinelle.dz\/wp-content\/uploads\/2025\/06\/Bougherra.png\" \/>\n\t<meta property=\"og:image:width\" content=\"1626\" \/>\n\t<meta property=\"og:image:height\" content=\"920\" \/>\n\t<meta property=\"og:image:type\" content=\"image\/png\" \/>\n<meta name=\"author\" content=\"admin\" \/>\n<meta name=\"twitter:card\" content=\"summary_large_image\" \/>\n<meta name=\"twitter:label1\" content=\"\u00c9crit par\" \/>\n\t<meta name=\"twitter:data1\" content=\"admin\" \/>\n\t<meta name=\"twitter:label2\" content=\"Dur\u00e9e de lecture estim\u00e9e\" \/>\n\t<meta name=\"twitter:data2\" content=\"3 minutes\" \/>\n<script type=\"application\/ld+json\" class=\"yoast-schema-graph\">{\"@context\":\"https:\\\/\\\/schema.org\",\"@graph\":[{\"@type\":\"Article\",\"@id\":\"https:\\\/\\\/lasentinelle.dz\\\/index.php\\\/2025\\\/07\\\/27\\\/bougherra-face-aux-medias-derniers-reglages-avant-le-chan\\\/#article\",\"isPartOf\":{\"@id\":\"https:\\\/\\\/lasentinelle.dz\\\/index.php\\\/2025\\\/07\\\/27\\\/bougherra-face-aux-medias-derniers-reglages-avant-le-chan\\\/\"},\"author\":{\"name\":\"admin\",\"@id\":\"https:\\\/\\\/lasentinelle.dz\\\/#\\\/schema\\\/person\\\/729ee0024f24e0b8c5ec17232f8e8b41\"},\"headline\":\"Bougherra face aux m\u00e9dias\u00a0: Derniers r\u00e9glages avant le CHAN\",\"datePublished\":\"2025-07-27T11:11:37+00:00\",\"mainEntityOfPage\":{\"@id\":\"https:\\\/\\\/lasentinelle.dz\\\/index.php\\\/2025\\\/07\\\/27\\\/bougherra-face-aux-medias-derniers-reglages-avant-le-chan\\\/\"},\"wordCount\":438,\"commentCount\":0,\"publisher\":{\"@id\":\"https:\\\/\\\/lasentinelle.dz\\\/#organization\"},\"image\":{\"@id\":\"https:\\\/\\\/lasentinelle.dz\\\/index.php\\\/2025\\\/07\\\/27\\\/bougherra-face-aux-medias-derniers-reglages-avant-le-chan\\\/#primaryimage\"},\"thumbnailUrl\":\"https:\\\/\\\/lasentinelle.dz\\\/wp-content\\\/uploads\\\/2025\\\/06\\\/Bougherra.png\",\"articleSection\":[\"Sports\"],\"inLanguage\":\"fr-FR\",\"potentialAction\":[{\"@type\":\"CommentAction\",\"name\":\"Comment\",\"target\":[\"https:\\\/\\\/lasentinelle.dz\\\/index.php\\\/2025\\\/07\\\/27\\\/bougherra-face-aux-medias-derniers-reglages-avant-le-chan\\\/#respond\"]}]},{\"@type\":\"WebPage\",\"@id\":\"https:\\\/\\\/lasentinelle.dz\\\/index.php\\\/2025\\\/07\\\/27\\\/bougherra-face-aux-medias-derniers-reglages-avant-le-chan\\\/\",\"url\":\"https:\\\/\\\/lasentinelle.dz\\\/index.php\\\/2025\\\/07\\\/27\\\/bougherra-face-aux-medias-derniers-reglages-avant-le-chan\\\/\",\"name\":\"Bougherra face aux m\u00e9dias\u00a0: Derniers r\u00e9glages avant le CHAN - La Sentinelle\",\"isPartOf\":{\"@id\":\"https:\\\/\\\/lasentinelle.dz\\\/#website\"},\"primaryImageOfPage\":{\"@id\":\"https:\\\/\\\/lasentinelle.dz\\\/index.php\\\/2025\\\/07\\\/27\\\/bougherra-face-aux-medias-derniers-reglages-avant-le-chan\\\/#primaryimage\"},\"image\":{\"@id\":\"https:\\\/\\\/lasentinelle.dz\\\/index.php\\\/2025\\\/07\\\/27\\\/bougherra-face-aux-medias-derniers-reglages-avant-le-chan\\\/#primaryimage\"},\"thumbnailUrl\":\"https:\\\/\\\/lasentinelle.dz\\\/wp-content\\\/uploads\\\/2025\\\/06\\\/Bougherra.png\",\"datePublished\":\"2025-07-27T11:11:37+00:00\",\"breadcrumb\":{\"@id\":\"https:\\\/\\\/lasentinelle.dz\\\/index.php\\\/2025\\\/07\\\/27\\\/bougherra-face-aux-medias-derniers-reglages-avant-le-chan\\\/#breadcrumb\"},\"inLanguage\":\"fr-FR\",\"potentialAction\":[{\"@type\":\"ReadAction\",\"target\":[\"https:\\\/\\\/lasentinelle.dz\\\/index.php\\\/2025\\\/07\\\/27\\\/bougherra-face-aux-medias-derniers-reglages-avant-le-chan\\\/\"]}]},{\"@type\":\"ImageObject\",\"inLanguage\":\"fr-FR\",\"@id\":\"https:\\\/\\\/lasentinelle.dz\\\/index.php\\\/2025\\\/07\\\/27\\\/bougherra-face-aux-medias-derniers-reglages-avant-le-chan\\\/#primaryimage\",\"url\":\"https:\\\/\\\/lasentinelle.dz\\\/wp-content\\\/uploads\\\/2025\\\/06\\\/Bougherra.png\",\"contentUrl\":\"https:\\\/\\\/lasentinelle.dz\\\/wp-content\\\/uploads\\\/2025\\\/06\\\/Bougherra.png\",\"width\":1626,\"height\":920},{\"@type\":\"BreadcrumbList\",\"@id\":\"https:\\\/\\\/lasentinelle.dz\\\/index.php\\\/2025\\\/07\\\/27\\\/bougherra-face-aux-medias-derniers-reglages-avant-le-chan\\\/#breadcrumb\",\"itemListElement\":[{\"@type\":\"ListItem\",\"position\":1,\"name\":\"Accueil\",\"item\":\"https:\\\/\\\/lasentinelle.dz\\\/\"},{\"@type\":\"ListItem\",\"position\":2,\"name\":\"Bougherra face aux m\u00e9dias\u00a0: Derniers r\u00e9glages avant le CHAN\"}]},{\"@type\":\"WebSite\",\"@id\":\"https:\\\/\\\/lasentinelle.dz\\\/#website\",\"url\":\"https:\\\/\\\/lasentinelle.dz\\\/\",\"name\":\"La Sentinelle\",\"description\":\"Quotidien national d&#039;information\",\"publisher\":{\"@id\":\"https:\\\/\\\/lasentinelle.dz\\\/#organization\"},\"potentialAction\":[{\"@type\":\"SearchAction\",\"target\":{\"@type\":\"EntryPoint\",\"urlTemplate\":\"https:\\\/\\\/lasentinelle.dz\\\/?s={search_term_string}\"},\"query-input\":{\"@type\":\"PropertyValueSpecification\",\"valueRequired\":true,\"valueName\":\"search_term_string\"}}],\"inLanguage\":\"fr-FR\"},{\"@type\":\"Organization\",\"@id\":\"https:\\\/\\\/lasentinelle.dz\\\/#organization\",\"name\":\"Quotidien La Sentinelle\",\"url\":\"https:\\\/\\\/lasentinelle.dz\\\/\",\"logo\":{\"@type\":\"ImageObject\",\"inLanguage\":\"fr-FR\",\"@id\":\"https:\\\/\\\/lasentinelle.dz\\\/#\\\/schema\\\/logo\\\/image\\\/\",\"url\":\"https:\\\/\\\/lasentinelle.dz\\\/wp-content\\\/uploads\\\/2021\\\/09\\\/logo-sentinelleSLOGAN-1.png\",\"contentUrl\":\"https:\\\/\\\/lasentinelle.dz\\\/wp-content\\\/uploads\\\/2021\\\/09\\\/logo-sentinelleSLOGAN-1.png\",\"width\":615,\"height\":142,\"caption\":\"Quotidien La Sentinelle\"},\"image\":{\"@id\":\"https:\\\/\\\/lasentinelle.dz\\\/#\\\/schema\\\/logo\\\/image\\\/\"},\"sameAs\":[\"https:\\\/\\\/www.facebook.com\\\/La-Sentinelle-104059864394773\"]},{\"@type\":\"Person\",\"@id\":\"https:\\\/\\\/lasentinelle.dz\\\/#\\\/schema\\\/person\\\/729ee0024f24e0b8c5ec17232f8e8b41\",\"name\":\"admin\",\"image\":{\"@type\":\"ImageObject\",\"inLanguage\":\"fr-FR\",\"@id\":\"https:\\\/\\\/secure.gravatar.com\\\/avatar\\\/4c81fed838786e9b53f540bf46533e750f5d292099ae3b66cfc6fb1982e29df7?s=96&d=mm&r=g\",\"url\":\"https:\\\/\\\/secure.gravatar.com\\\/avatar\\\/4c81fed838786e9b53f540bf46533e750f5d292099ae3b66cfc6fb1982e29df7?s=96&d=mm&r=g\",\"contentUrl\":\"https:\\\/\\\/secure.gravatar.com\\\/avatar\\\/4c81fed838786e9b53f540bf46533e750f5d292099ae3b66cfc6fb1982e29df7?s=96&d=mm&r=g\",\"caption\":\"admin\"},\"description\":\"admin\",\"url\":\"https:\\\/\\\/lasentinelle.dz\\\/author\\\/admin\\\/\"}]}<\/script>\n<!-- \/ Yoast SEO plugin. -->","yoast_head_json":{"title":"Bougherra face aux m\u00e9dias\u00a0: Derniers r\u00e9glages avant le CHAN - La Sentinelle","robots":{"index":"index","follow":"follow","max-snippet":"max-snippet:-1","max-image-preview":"max-image-preview:large","max-video-preview":"max-video-preview:-1"},"canonical":"https:\/\/lasentinelle.dz\/index.php\/2025\/07\/27\/bougherra-face-aux-medias-derniers-reglages-avant-le-chan\/","og_locale":"fr_FR","og_type":"article","og_title":"Bougherra face aux m\u00e9dias\u00a0: Derniers r\u00e9glages avant le CHAN - La Sentinelle","og_description":"\u00c0 quelques jours du coup d&rsquo;envoi du Championnat d&rsquo;Afrique des Nations pr\u00e9vu du 2 au 30 ao\u00fbt en Tanzanie, au","og_url":"https:\/\/lasentinelle.dz\/index.php\/2025\/07\/27\/bougherra-face-aux-medias-derniers-reglages-avant-le-chan\/","og_site_name":"La Sentinelle","article_publisher":"https:\/\/www.facebook.com\/La-Sentinelle-104059864394773","article_published_time":"2025-07-27T11:11:37+00:00","og_image":[{"width":1626,"height":920,"url":"https:\/\/lasentinelle.dz\/wp-content\/uploads\/2025\/06\/Bougherra.png","type":"image\/png"}],"author":"admin","twitter_card":"summary_large_image","twitter_misc":{"\u00c9crit par":"admin","Dur\u00e9e de lecture estim\u00e9e":"3 minutes"},"schema":{"@context":"https:\/\/schema.org","@graph":[{"@type":"Article","@id":"https:\/\/lasentinelle.dz\/index.php\/2025\/07\/27\/bougherra-face-aux-medias-derniers-reglages-avant-le-chan\/#article","isPartOf":{"@id":"https:\/\/lasentinelle.dz\/index.php\/2025\/07\/27\/bougherra-face-aux-medias-derniers-reglages-avant-le-chan\/"},"author":{"name":"admin","@id":"https:\/\/lasentinelle.dz\/#\/schema\/person\/729ee0024f24e0b8c5ec17232f8e8b41"},"headline":"Bougherra face aux m\u00e9dias\u00a0: Derniers r\u00e9glages avant le CHAN","datePublished":"2025-07-27T11:11:37+00:00","mainEntityOfPage":{"@id":"https:\/\/lasentinelle.dz\/index.php\/2025\/07\/27\/bougherra-face-aux-medias-derniers-reglages-avant-le-chan\/"},"wordCount":438,"commentCount":0,"publisher":{"@id":"https:\/\/lasentinelle.dz\/#organization"},"image":{"@id":"https:\/\/lasentinelle.dz\/index.php\/2025\/07\/27\/bougherra-face-aux-medias-derniers-reglages-avant-le-chan\/#primaryimage"},"thumbnailUrl":"https:\/\/lasentinelle.dz\/wp-content\/uploads\/2025\/06\/Bougherra.png","articleSection":["Sports"],"inLanguage":"fr-FR","potentialAction":[{"@type":"CommentAction","name":"Comment","target":["https:\/\/lasentinelle.dz\/index.php\/2025\/07\/27\/bougherra-face-aux-medias-derniers-reglages-avant-le-chan\/#respond"]}]},{"@type":"WebPage","@id":"https:\/\/lasentinelle.dz\/index.php\/2025\/07\/27\/bougherra-face-aux-medias-derniers-reglages-avant-le-chan\/","url":"https:\/\/lasentinelle.dz\/index.php\/2025\/07\/27\/bougherra-face-aux-medias-derniers-reglages-avant-le-chan\/","name":"Bougherra face aux m\u00e9dias\u00a0: Derniers r\u00e9glages avant le CHAN - La Sentinelle","isPartOf":{"@id":"https:\/\/lasentinelle.dz\/#website"},"primaryImageOfPage":{"@id":"https:\/\/lasentinelle.dz\/index.php\/2025\/07\/27\/bougherra-face-aux-medias-derniers-reglages-avant-le-chan\/#primaryimage"},"image":{"@id":"https:\/\/lasentinelle.dz\/index.php\/2025\/07\/27\/bougherra-face-aux-medias-derniers-reglages-avant-le-chan\/#primaryimage"},"thumbnailUrl":"https:\/\/lasentinelle.dz\/wp-content\/uploads\/2025\/06\/Bougherra.png","datePublished":"2025-07-27T11:11:37+00:00","breadcrumb":{"@id":"https:\/\/lasentinelle.dz\/index.php\/2025\/07\/27\/bougherra-face-aux-medias-derniers-reglages-avant-le-chan\/#breadcrumb"},"inLanguage":"fr-FR","potentialAction":[{"@type":"ReadAction","target":["https:\/\/lasentinelle.dz\/index.php\/2025\/07\/27\/bougherra-face-aux-medias-derniers-reglages-avant-le-chan\/"]}]},{"@type":"ImageObject","inLanguage":"fr-FR","@id":"https:\/\/lasentinelle.dz\/index.php\/2025\/07\/27\/bougherra-face-aux-medias-derniers-reglages-avant-le-chan\/#primaryimage","url":"https:\/\/lasentinelle.dz\/wp-content\/uploads\/2025\/06\/Bougherra.png","contentUrl":"https:\/\/lasentinelle.dz\/wp-content\/uploads\/2025\/06\/Bougherra.png","width":1626,"height":920},{"@type":"BreadcrumbList","@id":"https:\/\/lasentinelle.dz\/index.php\/2025\/07\/27\/bougherra-face-aux-medias-derniers-reglages-avant-le-chan\/#breadcrumb","itemListElement":[{"@type":"ListItem","position":1,"name":"Accueil","item":"https:\/\/lasentinelle.dz\/"},{"@type":"ListItem","position":2,"name":"Bougherra face aux m\u00e9dias\u00a0: Derniers r\u00e9glages avant le CHAN"}]},{"@type":"WebSite","@id":"https:\/\/lasentinelle.dz\/#website","url":"https:\/\/lasentinelle.dz\/","name":"La Sentinelle","description":"Quotidien national d&#039;information","publisher":{"@id":"https:\/\/lasentinelle.dz\/#organization"},"potentialAction":[{"@type":"SearchAction","target":{"@type":"EntryPoint","urlTemplate":"https:\/\/lasentinelle.dz\/?s={search_term_string}"},"query-input":{"@type":"PropertyValueSpecification","valueRequired":true,"valueName":"search_term_string"}}],"inLanguage":"fr-FR"},{"@type":"Organization","@id":"https:\/\/lasentinelle.dz\/#organization","name":"Quotidien La Sentinelle","url":"https:\/\/lasentinelle.dz\/","logo":{"@type":"ImageObject","inLanguage":"fr-FR","@id":"https:\/\/lasentinelle.dz\/#\/schema\/logo\/image\/","url":"https:\/\/lasentinelle.dz\/wp-content\/uploads\/2021\/09\/logo-sentinelleSLOGAN-1.png","contentUrl":"https:\/\/lasentinelle.dz\/wp-content\/uploads\/2021\/09\/logo-sentinelleSLOGAN-1.png","width":615,"height":142,"caption":"Quotidien La Sentinelle"},"image":{"@id":"https:\/\/lasentinelle.dz\/#\/schema\/logo\/image\/"},"sameAs":["https:\/\/www.facebook.com\/La-Sentinelle-104059864394773"]},{"@type":"Person","@id":"https:\/\/lasentinelle.dz\/#\/schema\/person\/729ee0024f24e0b8c5ec17232f8e8b41","name":"admin","image":{"@type":"ImageObject","inLanguage":"fr-FR","@id":"https:\/\/secure.gravatar.com\/avatar\/4c81fed838786e9b53f540bf46533e750f5d292099ae3b66cfc6fb1982e29df7?s=96&d=mm&r=g","url":"https:\/\/secure.gravatar.com\/avatar\/4c81fed838786e9b53f540bf46533e750f5d292099ae3b66cfc6fb1982e29df7?s=96&d=mm&r=g","contentUrl":"https:\/\/secure.gravatar.com\/avatar\/4c81fed838786e9b53f540bf46533e750f5d292099ae3b66cfc6fb1982e29df7?s=96&d=mm&r=g","caption":"admin"},"description":"admin","url":"https:\/\/lasentinelle.dz\/author\/admin\/"}]}},"_links":{"self":[{"href":"https:\/\/lasentinelle.dz\/index.php\/wp-json\/wp\/v2\/posts\/70944","targetHints":{"allow":["GET"]}}],"collection":[{"href":"https:\/\/lasentinelle.dz\/index.php\/wp-json\/wp\/v2\/posts"}],"about":[{"href":"https:\/\/lasentinelle.dz\/index.php\/wp-json\/wp\/v2\/types\/post"}],"author":[{"embeddable":true,"href":"https:\/\/lasentinelle.dz\/index.php\/wp-json\/wp\/v2\/users\/6"}],"replies":[{"embeddable":true,"href":"https:\/\/lasentinelle.dz\/index.php\/wp-json\/wp\/v2\/comments?post=70944"}],"version-history":[{"count":1,"href":"https:\/\/lasentinelle.dz\/index.php\/wp-json\/wp\/v2\/posts\/70944\/revisions"}],"predecessor-version":[{"id":70945,"href":"https:\/\/lasentinelle.dz\/index.php\/wp-json\/wp\/v2\/posts\/70944\/revisions\/70945"}],"wp:featuredmedia":[{"embeddable":true,"href":"https:\/\/lasentinelle.dz\/index.php\/wp-json\/wp\/v2\/media\/68710"}],"wp:attachment":[{"href":"https:\/\/lasentinelle.dz\/index.php\/wp-json\/wp\/v2\/media?parent=70944"}],"wp:term":[{"taxonomy":"category","embeddable":true,"href":"https:\/\/lasentinelle.dz\/index.php\/wp-json\/wp\/v2\/categories?post=70944"},{"taxonomy":"post_tag","embeddable":true,"href":"https:\/\/lasentinelle.dz\/index.php\/wp-json\/wp\/v2\/tags?post=70944"}],"curies":[{"name":"wp","href":"https:\/\/api.w.org\/{rel}","templated":true}]}}