{"id":70946,"date":"2025-07-27T12:14:20","date_gmt":"2025-07-27T11:14:20","guid":{"rendered":"https:\/\/lasentinelle.dz\/?p=70946"},"modified":"2025-07-27T12:14:21","modified_gmt":"2025-07-27T11:14:21","slug":"eliminatoires-du-mondial-2026-le-calendrier-des-verts-fixe","status":"publish","type":"post","link":"https:\/\/lasentinelle.dz\/index.php\/2025\/07\/27\/eliminatoires-du-mondial-2026-le-calendrier-des-verts-fixe\/","title":{"rendered":"\u00c9liminatoires\u00a0du Mondial 2026\u00a0: Le calendrier des Verts fix\u00e9"},"content":{"rendered":"\n<p>La F\u00e9d\u00e9ration alg\u00e9rienne de football a officialis\u00e9 le calendrier des deux prochaines \u00e9ch\u00e9ances des Fennecs dans la course \u00e0 la qualification pour la Coupe du monde 2026.&nbsp;<\/p>\n\n\n\n<p>Les hommes de&nbsp;Vladimir Petkovicrecevront le Botswana le jeudi 4 septembre \u00e0 20h00 au stade Hocine-A\u00eft Ahmed de Tizi-Ouzou, avant&nbsp;d\u2019affronter la&nbsp;Guin\u00e9e&nbsp;en d\u00e9placement&nbsp;quatre jours plus tard, le lundi 8 septembre \u00e0 17h00, dans le cadre des septi\u00e8me et huiti\u00e8me journ\u00e9es du groupe G des \u00e9liminatoires africaines.&nbsp;Ces deux confrontations rev\u00eatent une importance capitale pour l&rsquo;Alg\u00e9rie qui caracole en t\u00eate de son groupe avec quinze points au compteur apr\u00e8s six journ\u00e9es disput\u00e9es. Les Verts devancent confortablement le Mozambique, leur plus s\u00e9rieux concurrent avec douze unit\u00e9s, tandis que le Botswana et l&rsquo;Ouganda pointent \u00e0 neuf points chacun. La Guin\u00e9e suit avec sept points, la Somalie fermant la marche avec un seul point r\u00e9colt\u00e9.&nbsp;Cette position de leader place l&rsquo;\u00e9quipe nationale dans une situation privil\u00e9gi\u00e9e pour d\u00e9crocher l&rsquo;un des neuf billets directs r\u00e9serv\u00e9s aux vainqueurs de groupe pour le Mondial 2026 qui se d\u00e9roulera conjointement aux \u00c9tats-Unis, au Canada et au Mexique. Le format de qualification continental pr\u00e9voit \u00e9galement une seconde chance pour les quatre meilleurs deuxi\u00e8mes de groupe qui s&rsquo;affronteront dans un tournoi de barrage organis\u00e9 par la Conf\u00e9d\u00e9ration africaine de football.<\/p>\n\n\n\n<p>Le vainqueur de ce mini-tournoi continental aura encore l&rsquo;opportunit\u00e9 de disputer un barrage intercontinental sous l&rsquo;\u00e9gide de la FIFA pour arracher une qualification suppl\u00e9mentaire. Face au Botswana, les Fennecs aborderont cette rencontre avec la ferme intention de consolider leur avance et de se rapprocher math\u00e9matiquement de la qualification. L&rsquo;\u00e9quipe des Z\u00e8bres, malgr\u00e9 sa position interm\u00e9diaire au classement, reste un adversaire \u00e0 ne pas sous-estimer, capable de cr\u00e9er la surprise \u00e0 domicile comme \u00e0 l&rsquo;ext\u00e9rieur dans ces \u00e9liminatoires africaines particuli\u00e8rement disput\u00e9es.<\/p>\n\n\n\n<p>La confrontation contre la&nbsp;Guin\u00e9e s&rsquo;annonce plus p\u00e9rilleuse&nbsp;pour les prot\u00e9g\u00e9s de&nbsp;Petkovic. Dans un communiqu\u00e9 publi\u00e9 sur son site officiel, l\u2019instance guin\u00e9enne pr\u00e9cise que les matchs des 7e et 8e journ\u00e9es opposeront le Syli National \u00e0 la Somalie puis \u00e0 l\u2019Alg\u00e9rie dans le cadre de la prochaine fen\u00eatre FIFA. D\u00e9localis\u00e9e pour des raisons d\u2019infrastructures, cette confrontation se jouera au Maroc le 8 septembre prochain \u00e0 17h (heure alg\u00e9rienne).&nbsp;Si la Guin\u00e9e n\u2019a plus grand-chose \u00e0 esp\u00e9rer dans ces qualifications (5e du groupe G avec 7 points apr\u00e8s six journ\u00e9es) le match rev\u00eat en revanche une importance capitale pour l\u2019Alg\u00e9rie.<\/p>\n\n\n\n<p>Moncef D.<\/p>\n","protected":false},"excerpt":{"rendered":"<p>La F\u00e9d\u00e9ration alg\u00e9rienne de football a officialis\u00e9 le calendrier des deux prochaines \u00e9ch\u00e9ances des Fennecs dans la course \u00e0 la<\/p>\n","protected":false},"author":6,"featured_media":70947,"comment_status":"open","ping_status":"closed","sticky":false,"template":"","format":"standard","meta":{"colormag_page_container_layout":"default_layout","colormag_page_sidebar_layout":"default_layout","om_disable_all_campaigns":false,"_monsterinsights_skip_tracking":false,"_monsterinsights_sitenote_active":false,"_monsterinsights_sitenote_note":"","_monsterinsights_sitenote_category":0,"footnotes":"","_wpscppro_dont_share_socialmedia":false,"_wpscppro_custom_social_share_image":0,"_facebook_share_type":"default","_twitter_share_type":"default","_linkedin_share_type":"default","_pinterest_share_type":"default","_linkedin_share_type_page":"","_instagram_share_type":"default","_medium_share_type":"default","_threads_share_type":"","_google_business_share_type":"","_selected_social_profile":[],"_wpsp_enable_custom_social_template":false,"_wpsp_social_scheduling":{"enabled":false,"datetime":null,"platforms":[],"status":"template_only","dateOption":"today","timeOption":"now","customDays":"","customHours":"","customDate":"","customTime":"","schedulingType":"absolute"},"_wpsp_active_default_template":true},"categories":[33],"tags":[],"class_list":["post-70946","post","type-post","status-publish","format-standard","has-post-thumbnail","hentry","category-sports"],"aioseo_notices":[],"yoast_head":"<!-- This site is optimized with the Yoast SEO plugin v27.5 - https:\/\/yoast.com\/product\/yoast-seo-wordpress\/ -->\n<title>\u00c9liminatoires\u00a0du Mondial 2026\u00a0: Le calendrier des Verts fix\u00e9 - La Sentinelle<\/title>\n<meta name=\"robots\" content=\"index, follow, max-snippet:-1, max-image-preview:large, max-video-preview:-1\" \/>\n<link rel=\"canonical\" href=\"https:\/\/lasentinelle.dz\/index.php\/2025\/07\/27\/eliminatoires-du-mondial-2026-le-calendrier-des-verts-fixe\/\" \/>\n<meta property=\"og:locale\" content=\"fr_FR\" \/>\n<meta property=\"og:type\" content=\"article\" \/>\n<meta property=\"og:title\" content=\"\u00c9liminatoires\u00a0du Mondial 2026\u00a0: Le calendrier des Verts fix\u00e9 - La Sentinelle\" \/>\n<meta property=\"og:description\" content=\"La F\u00e9d\u00e9ration alg\u00e9rienne de football a officialis\u00e9 le calendrier des deux prochaines \u00e9ch\u00e9ances des Fennecs dans la course \u00e0 la\" \/>\n<meta property=\"og:url\" content=\"https:\/\/lasentinelle.dz\/index.php\/2025\/07\/27\/eliminatoires-du-mondial-2026-le-calendrier-des-verts-fixe\/\" \/>\n<meta property=\"og:site_name\" content=\"La Sentinelle\" \/>\n<meta property=\"article:publisher\" content=\"https:\/\/www.facebook.com\/La-Sentinelle-104059864394773\" \/>\n<meta property=\"article:published_time\" content=\"2025-07-27T11:14:20+00:00\" \/>\n<meta property=\"article:modified_time\" content=\"2025-07-27T11:14:21+00:00\" \/>\n<meta property=\"og:image\" content=\"https:\/\/lasentinelle.dz\/wp-content\/uploads\/2025\/07\/Verts.jpeg\" \/>\n\t<meta property=\"og:image:width\" content=\"2400\" \/>\n\t<meta property=\"og:image:height\" content=\"1600\" \/>\n\t<meta property=\"og:image:type\" content=\"image\/jpeg\" \/>\n<meta name=\"author\" content=\"admin\" \/>\n<meta name=\"twitter:card\" content=\"summary_large_image\" \/>\n<meta name=\"twitter:label1\" content=\"\u00c9crit par\" \/>\n\t<meta name=\"twitter:data1\" content=\"admin\" \/>\n\t<meta name=\"twitter:label2\" content=\"Dur\u00e9e de lecture estim\u00e9e\" \/>\n\t<meta name=\"twitter:data2\" content=\"3 minutes\" \/>\n<script type=\"application\/ld+json\" class=\"yoast-schema-graph\">{\"@context\":\"https:\\\/\\\/schema.org\",\"@graph\":[{\"@type\":\"Article\",\"@id\":\"https:\\\/\\\/lasentinelle.dz\\\/index.php\\\/2025\\\/07\\\/27\\\/eliminatoires-du-mondial-2026-le-calendrier-des-verts-fixe\\\/#article\",\"isPartOf\":{\"@id\":\"https:\\\/\\\/lasentinelle.dz\\\/index.php\\\/2025\\\/07\\\/27\\\/eliminatoires-du-mondial-2026-le-calendrier-des-verts-fixe\\\/\"},\"author\":{\"name\":\"admin\",\"@id\":\"https:\\\/\\\/lasentinelle.dz\\\/#\\\/schema\\\/person\\\/729ee0024f24e0b8c5ec17232f8e8b41\"},\"headline\":\"\u00c9liminatoires\u00a0du Mondial 2026\u00a0: Le calendrier des Verts fix\u00e9\",\"datePublished\":\"2025-07-27T11:14:20+00:00\",\"dateModified\":\"2025-07-27T11:14:21+00:00\",\"mainEntityOfPage\":{\"@id\":\"https:\\\/\\\/lasentinelle.dz\\\/index.php\\\/2025\\\/07\\\/27\\\/eliminatoires-du-mondial-2026-le-calendrier-des-verts-fixe\\\/\"},\"wordCount\":467,\"commentCount\":0,\"publisher\":{\"@id\":\"https:\\\/\\\/lasentinelle.dz\\\/#organization\"},\"image\":{\"@id\":\"https:\\\/\\\/lasentinelle.dz\\\/index.php\\\/2025\\\/07\\\/27\\\/eliminatoires-du-mondial-2026-le-calendrier-des-verts-fixe\\\/#primaryimage\"},\"thumbnailUrl\":\"https:\\\/\\\/lasentinelle.dz\\\/wp-content\\\/uploads\\\/2025\\\/07\\\/Verts.jpeg\",\"articleSection\":[\"Sports\"],\"inLanguage\":\"fr-FR\",\"potentialAction\":[{\"@type\":\"CommentAction\",\"name\":\"Comment\",\"target\":[\"https:\\\/\\\/lasentinelle.dz\\\/index.php\\\/2025\\\/07\\\/27\\\/eliminatoires-du-mondial-2026-le-calendrier-des-verts-fixe\\\/#respond\"]}]},{\"@type\":\"WebPage\",\"@id\":\"https:\\\/\\\/lasentinelle.dz\\\/index.php\\\/2025\\\/07\\\/27\\\/eliminatoires-du-mondial-2026-le-calendrier-des-verts-fixe\\\/\",\"url\":\"https:\\\/\\\/lasentinelle.dz\\\/index.php\\\/2025\\\/07\\\/27\\\/eliminatoires-du-mondial-2026-le-calendrier-des-verts-fixe\\\/\",\"name\":\"\u00c9liminatoires\u00a0du Mondial 2026\u00a0: Le calendrier des Verts fix\u00e9 - La Sentinelle\",\"isPartOf\":{\"@id\":\"https:\\\/\\\/lasentinelle.dz\\\/#website\"},\"primaryImageOfPage\":{\"@id\":\"https:\\\/\\\/lasentinelle.dz\\\/index.php\\\/2025\\\/07\\\/27\\\/eliminatoires-du-mondial-2026-le-calendrier-des-verts-fixe\\\/#primaryimage\"},\"image\":{\"@id\":\"https:\\\/\\\/lasentinelle.dz\\\/index.php\\\/2025\\\/07\\\/27\\\/eliminatoires-du-mondial-2026-le-calendrier-des-verts-fixe\\\/#primaryimage\"},\"thumbnailUrl\":\"https:\\\/\\\/lasentinelle.dz\\\/wp-content\\\/uploads\\\/2025\\\/07\\\/Verts.jpeg\",\"datePublished\":\"2025-07-27T11:14:20+00:00\",\"dateModified\":\"2025-07-27T11:14:21+00:00\",\"breadcrumb\":{\"@id\":\"https:\\\/\\\/lasentinelle.dz\\\/index.php\\\/2025\\\/07\\\/27\\\/eliminatoires-du-mondial-2026-le-calendrier-des-verts-fixe\\\/#breadcrumb\"},\"inLanguage\":\"fr-FR\",\"potentialAction\":[{\"@type\":\"ReadAction\",\"target\":[\"https:\\\/\\\/lasentinelle.dz\\\/index.php\\\/2025\\\/07\\\/27\\\/eliminatoires-du-mondial-2026-le-calendrier-des-verts-fixe\\\/\"]}]},{\"@type\":\"ImageObject\",\"inLanguage\":\"fr-FR\",\"@id\":\"https:\\\/\\\/lasentinelle.dz\\\/index.php\\\/2025\\\/07\\\/27\\\/eliminatoires-du-mondial-2026-le-calendrier-des-verts-fixe\\\/#primaryimage\",\"url\":\"https:\\\/\\\/lasentinelle.dz\\\/wp-content\\\/uploads\\\/2025\\\/07\\\/Verts.jpeg\",\"contentUrl\":\"https:\\\/\\\/lasentinelle.dz\\\/wp-content\\\/uploads\\\/2025\\\/07\\\/Verts.jpeg\",\"width\":2400,\"height\":1600},{\"@type\":\"BreadcrumbList\",\"@id\":\"https:\\\/\\\/lasentinelle.dz\\\/index.php\\\/2025\\\/07\\\/27\\\/eliminatoires-du-mondial-2026-le-calendrier-des-verts-fixe\\\/#breadcrumb\",\"itemListElement\":[{\"@type\":\"ListItem\",\"position\":1,\"name\":\"Accueil\",\"item\":\"https:\\\/\\\/lasentinelle.dz\\\/\"},{\"@type\":\"ListItem\",\"position\":2,\"name\":\"\u00c9liminatoires\u00a0du Mondial 2026\u00a0: Le calendrier des Verts fix\u00e9\"}]},{\"@type\":\"WebSite\",\"@id\":\"https:\\\/\\\/lasentinelle.dz\\\/#website\",\"url\":\"https:\\\/\\\/lasentinelle.dz\\\/\",\"name\":\"La Sentinelle\",\"description\":\"Quotidien national d&#039;information\",\"publisher\":{\"@id\":\"https:\\\/\\\/lasentinelle.dz\\\/#organization\"},\"potentialAction\":[{\"@type\":\"SearchAction\",\"target\":{\"@type\":\"EntryPoint\",\"urlTemplate\":\"https:\\\/\\\/lasentinelle.dz\\\/?s={search_term_string}\"},\"query-input\":{\"@type\":\"PropertyValueSpecification\",\"valueRequired\":true,\"valueName\":\"search_term_string\"}}],\"inLanguage\":\"fr-FR\"},{\"@type\":\"Organization\",\"@id\":\"https:\\\/\\\/lasentinelle.dz\\\/#organization\",\"name\":\"Quotidien La Sentinelle\",\"url\":\"https:\\\/\\\/lasentinelle.dz\\\/\",\"logo\":{\"@type\":\"ImageObject\",\"inLanguage\":\"fr-FR\",\"@id\":\"https:\\\/\\\/lasentinelle.dz\\\/#\\\/schema\\\/logo\\\/image\\\/\",\"url\":\"https:\\\/\\\/lasentinelle.dz\\\/wp-content\\\/uploads\\\/2021\\\/09\\\/logo-sentinelleSLOGAN-1.png\",\"contentUrl\":\"https:\\\/\\\/lasentinelle.dz\\\/wp-content\\\/uploads\\\/2021\\\/09\\\/logo-sentinelleSLOGAN-1.png\",\"width\":615,\"height\":142,\"caption\":\"Quotidien La Sentinelle\"},\"image\":{\"@id\":\"https:\\\/\\\/lasentinelle.dz\\\/#\\\/schema\\\/logo\\\/image\\\/\"},\"sameAs\":[\"https:\\\/\\\/www.facebook.com\\\/La-Sentinelle-104059864394773\"]},{\"@type\":\"Person\",\"@id\":\"https:\\\/\\\/lasentinelle.dz\\\/#\\\/schema\\\/person\\\/729ee0024f24e0b8c5ec17232f8e8b41\",\"name\":\"admin\",\"image\":{\"@type\":\"ImageObject\",\"inLanguage\":\"fr-FR\",\"@id\":\"https:\\\/\\\/secure.gravatar.com\\\/avatar\\\/4c81fed838786e9b53f540bf46533e750f5d292099ae3b66cfc6fb1982e29df7?s=96&d=mm&r=g\",\"url\":\"https:\\\/\\\/secure.gravatar.com\\\/avatar\\\/4c81fed838786e9b53f540bf46533e750f5d292099ae3b66cfc6fb1982e29df7?s=96&d=mm&r=g\",\"contentUrl\":\"https:\\\/\\\/secure.gravatar.com\\\/avatar\\\/4c81fed838786e9b53f540bf46533e750f5d292099ae3b66cfc6fb1982e29df7?s=96&d=mm&r=g\",\"caption\":\"admin\"},\"description\":\"admin\",\"url\":\"https:\\\/\\\/lasentinelle.dz\\\/author\\\/admin\\\/\"}]}<\/script>\n<!-- \/ Yoast SEO plugin. -->","yoast_head_json":{"title":"\u00c9liminatoires\u00a0du Mondial 2026\u00a0: Le calendrier des Verts fix\u00e9 - La Sentinelle","robots":{"index":"index","follow":"follow","max-snippet":"max-snippet:-1","max-image-preview":"max-image-preview:large","max-video-preview":"max-video-preview:-1"},"canonical":"https:\/\/lasentinelle.dz\/index.php\/2025\/07\/27\/eliminatoires-du-mondial-2026-le-calendrier-des-verts-fixe\/","og_locale":"fr_FR","og_type":"article","og_title":"\u00c9liminatoires\u00a0du Mondial 2026\u00a0: Le calendrier des Verts fix\u00e9 - La Sentinelle","og_description":"La F\u00e9d\u00e9ration alg\u00e9rienne de football a officialis\u00e9 le calendrier des deux prochaines \u00e9ch\u00e9ances des Fennecs dans la course \u00e0 la","og_url":"https:\/\/lasentinelle.dz\/index.php\/2025\/07\/27\/eliminatoires-du-mondial-2026-le-calendrier-des-verts-fixe\/","og_site_name":"La Sentinelle","article_publisher":"https:\/\/www.facebook.com\/La-Sentinelle-104059864394773","article_published_time":"2025-07-27T11:14:20+00:00","article_modified_time":"2025-07-27T11:14:21+00:00","og_image":[{"width":2400,"height":1600,"url":"https:\/\/lasentinelle.dz\/wp-content\/uploads\/2025\/07\/Verts.jpeg","type":"image\/jpeg"}],"author":"admin","twitter_card":"summary_large_image","twitter_misc":{"\u00c9crit par":"admin","Dur\u00e9e de lecture estim\u00e9e":"3 minutes"},"schema":{"@context":"https:\/\/schema.org","@graph":[{"@type":"Article","@id":"https:\/\/lasentinelle.dz\/index.php\/2025\/07\/27\/eliminatoires-du-mondial-2026-le-calendrier-des-verts-fixe\/#article","isPartOf":{"@id":"https:\/\/lasentinelle.dz\/index.php\/2025\/07\/27\/eliminatoires-du-mondial-2026-le-calendrier-des-verts-fixe\/"},"author":{"name":"admin","@id":"https:\/\/lasentinelle.dz\/#\/schema\/person\/729ee0024f24e0b8c5ec17232f8e8b41"},"headline":"\u00c9liminatoires\u00a0du Mondial 2026\u00a0: Le calendrier des Verts fix\u00e9","datePublished":"2025-07-27T11:14:20+00:00","dateModified":"2025-07-27T11:14:21+00:00","mainEntityOfPage":{"@id":"https:\/\/lasentinelle.dz\/index.php\/2025\/07\/27\/eliminatoires-du-mondial-2026-le-calendrier-des-verts-fixe\/"},"wordCount":467,"commentCount":0,"publisher":{"@id":"https:\/\/lasentinelle.dz\/#organization"},"image":{"@id":"https:\/\/lasentinelle.dz\/index.php\/2025\/07\/27\/eliminatoires-du-mondial-2026-le-calendrier-des-verts-fixe\/#primaryimage"},"thumbnailUrl":"https:\/\/lasentinelle.dz\/wp-content\/uploads\/2025\/07\/Verts.jpeg","articleSection":["Sports"],"inLanguage":"fr-FR","potentialAction":[{"@type":"CommentAction","name":"Comment","target":["https:\/\/lasentinelle.dz\/index.php\/2025\/07\/27\/eliminatoires-du-mondial-2026-le-calendrier-des-verts-fixe\/#respond"]}]},{"@type":"WebPage","@id":"https:\/\/lasentinelle.dz\/index.php\/2025\/07\/27\/eliminatoires-du-mondial-2026-le-calendrier-des-verts-fixe\/","url":"https:\/\/lasentinelle.dz\/index.php\/2025\/07\/27\/eliminatoires-du-mondial-2026-le-calendrier-des-verts-fixe\/","name":"\u00c9liminatoires\u00a0du Mondial 2026\u00a0: Le calendrier des Verts fix\u00e9 - La Sentinelle","isPartOf":{"@id":"https:\/\/lasentinelle.dz\/#website"},"primaryImageOfPage":{"@id":"https:\/\/lasentinelle.dz\/index.php\/2025\/07\/27\/eliminatoires-du-mondial-2026-le-calendrier-des-verts-fixe\/#primaryimage"},"image":{"@id":"https:\/\/lasentinelle.dz\/index.php\/2025\/07\/27\/eliminatoires-du-mondial-2026-le-calendrier-des-verts-fixe\/#primaryimage"},"thumbnailUrl":"https:\/\/lasentinelle.dz\/wp-content\/uploads\/2025\/07\/Verts.jpeg","datePublished":"2025-07-27T11:14:20+00:00","dateModified":"2025-07-27T11:14:21+00:00","breadcrumb":{"@id":"https:\/\/lasentinelle.dz\/index.php\/2025\/07\/27\/eliminatoires-du-mondial-2026-le-calendrier-des-verts-fixe\/#breadcrumb"},"inLanguage":"fr-FR","potentialAction":[{"@type":"ReadAction","target":["https:\/\/lasentinelle.dz\/index.php\/2025\/07\/27\/eliminatoires-du-mondial-2026-le-calendrier-des-verts-fixe\/"]}]},{"@type":"ImageObject","inLanguage":"fr-FR","@id":"https:\/\/lasentinelle.dz\/index.php\/2025\/07\/27\/eliminatoires-du-mondial-2026-le-calendrier-des-verts-fixe\/#primaryimage","url":"https:\/\/lasentinelle.dz\/wp-content\/uploads\/2025\/07\/Verts.jpeg","contentUrl":"https:\/\/lasentinelle.dz\/wp-content\/uploads\/2025\/07\/Verts.jpeg","width":2400,"height":1600},{"@type":"BreadcrumbList","@id":"https:\/\/lasentinelle.dz\/index.php\/2025\/07\/27\/eliminatoires-du-mondial-2026-le-calendrier-des-verts-fixe\/#breadcrumb","itemListElement":[{"@type":"ListItem","position":1,"name":"Accueil","item":"https:\/\/lasentinelle.dz\/"},{"@type":"ListItem","position":2,"name":"\u00c9liminatoires\u00a0du Mondial 2026\u00a0: Le calendrier des Verts fix\u00e9"}]},{"@type":"WebSite","@id":"https:\/\/lasentinelle.dz\/#website","url":"https:\/\/lasentinelle.dz\/","name":"La Sentinelle","description":"Quotidien national d&#039;information","publisher":{"@id":"https:\/\/lasentinelle.dz\/#organization"},"potentialAction":[{"@type":"SearchAction","target":{"@type":"EntryPoint","urlTemplate":"https:\/\/lasentinelle.dz\/?s={search_term_string}"},"query-input":{"@type":"PropertyValueSpecification","valueRequired":true,"valueName":"search_term_string"}}],"inLanguage":"fr-FR"},{"@type":"Organization","@id":"https:\/\/lasentinelle.dz\/#organization","name":"Quotidien La Sentinelle","url":"https:\/\/lasentinelle.dz\/","logo":{"@type":"ImageObject","inLanguage":"fr-FR","@id":"https:\/\/lasentinelle.dz\/#\/schema\/logo\/image\/","url":"https:\/\/lasentinelle.dz\/wp-content\/uploads\/2021\/09\/logo-sentinelleSLOGAN-1.png","contentUrl":"https:\/\/lasentinelle.dz\/wp-content\/uploads\/2021\/09\/logo-sentinelleSLOGAN-1.png","width":615,"height":142,"caption":"Quotidien La Sentinelle"},"image":{"@id":"https:\/\/lasentinelle.dz\/#\/schema\/logo\/image\/"},"sameAs":["https:\/\/www.facebook.com\/La-Sentinelle-104059864394773"]},{"@type":"Person","@id":"https:\/\/lasentinelle.dz\/#\/schema\/person\/729ee0024f24e0b8c5ec17232f8e8b41","name":"admin","image":{"@type":"ImageObject","inLanguage":"fr-FR","@id":"https:\/\/secure.gravatar.com\/avatar\/4c81fed838786e9b53f540bf46533e750f5d292099ae3b66cfc6fb1982e29df7?s=96&d=mm&r=g","url":"https:\/\/secure.gravatar.com\/avatar\/4c81fed838786e9b53f540bf46533e750f5d292099ae3b66cfc6fb1982e29df7?s=96&d=mm&r=g","contentUrl":"https:\/\/secure.gravatar.com\/avatar\/4c81fed838786e9b53f540bf46533e750f5d292099ae3b66cfc6fb1982e29df7?s=96&d=mm&r=g","caption":"admin"},"description":"admin","url":"https:\/\/lasentinelle.dz\/author\/admin\/"}]}},"_links":{"self":[{"href":"https:\/\/lasentinelle.dz\/index.php\/wp-json\/wp\/v2\/posts\/70946","targetHints":{"allow":["GET"]}}],"collection":[{"href":"https:\/\/lasentinelle.dz\/index.php\/wp-json\/wp\/v2\/posts"}],"about":[{"href":"https:\/\/lasentinelle.dz\/index.php\/wp-json\/wp\/v2\/types\/post"}],"author":[{"embeddable":true,"href":"https:\/\/lasentinelle.dz\/index.php\/wp-json\/wp\/v2\/users\/6"}],"replies":[{"embeddable":true,"href":"https:\/\/lasentinelle.dz\/index.php\/wp-json\/wp\/v2\/comments?post=70946"}],"version-history":[{"count":1,"href":"https:\/\/lasentinelle.dz\/index.php\/wp-json\/wp\/v2\/posts\/70946\/revisions"}],"predecessor-version":[{"id":70948,"href":"https:\/\/lasentinelle.dz\/index.php\/wp-json\/wp\/v2\/posts\/70946\/revisions\/70948"}],"wp:featuredmedia":[{"embeddable":true,"href":"https:\/\/lasentinelle.dz\/index.php\/wp-json\/wp\/v2\/media\/70947"}],"wp:attachment":[{"href":"https:\/\/lasentinelle.dz\/index.php\/wp-json\/wp\/v2\/media?parent=70946"}],"wp:term":[{"taxonomy":"category","embeddable":true,"href":"https:\/\/lasentinelle.dz\/index.php\/wp-json\/wp\/v2\/categories?post=70946"},{"taxonomy":"post_tag","embeddable":true,"href":"https:\/\/lasentinelle.dz\/index.php\/wp-json\/wp\/v2\/tags?post=70946"}],"curies":[{"name":"wp","href":"https:\/\/api.w.org\/{rel}","templated":true}]}}