{"id":70954,"date":"2025-07-27T12:16:27","date_gmt":"2025-07-27T11:16:27","guid":{"rendered":"https:\/\/lasentinelle.dz\/?p=70954"},"modified":"2025-07-27T12:16:27","modified_gmt":"2025-07-27T11:16:27","slug":"batna-le-directeur-des-equipements-publics-releve-de-ses-fonctions","status":"publish","type":"post","link":"https:\/\/lasentinelle.dz\/index.php\/2025\/07\/27\/batna-le-directeur-des-equipements-publics-releve-de-ses-fonctions\/","title":{"rendered":"Batna\u00a0:\u00a0Le directeur des \u00e9quipements publics relev\u00e9 de ses fonctions"},"content":{"rendered":"\n<p>Le directeur des \u00e9quipements publics de la wilaya de Batna a \u00e9t\u00e9 relev\u00e9 de ses fonctions suite \u00e0 une pol\u00e9mique suscit\u00e9e par la diffusion d&rsquo;une fresque murale pr\u00e9sentant le projet du futur Centre Hospitalier Universitaire de 500 lits. L&rsquo;image choisie pour illustrer ce projet d&rsquo;envergure nationale s&rsquo;est r\u00e9v\u00e9l\u00e9e \u00eatre la photographie d&rsquo;un h\u00f4pital fran\u00e7ais, provoquant une vive controverse. Cette maladresse, rapidement relay\u00e9e sur les r\u00e9seaux sociaux, a d\u00e9clench\u00e9 une vague d&rsquo;indignation au sein de l&rsquo;opinion publique locale et dans plusieurs m\u00e9dias. Pour de nombreux observateurs, ce choix inappropri\u00e9 d&rsquo;un visuel \u00e9tranger t\u00e9moigne d&rsquo;un manque de consid\u00e9ration pour l&rsquo;expertise nationale. Les critiques se sont r\u00e9v\u00e9l\u00e9es particuli\u00e8rement virulentes, d&rsquo;autant que les outils num\u00e9riques actuels, notamment les plateformes d&rsquo;intelligence artificielle, permettent de produire des maquettes r\u00e9alistes et personnalis\u00e9es fid\u00e8les aux projets. Face \u00e0 cette avalanche de critiques, la direction des \u00e9quipements publics a tent\u00e9 d&rsquo;apaiser la situation par un communiqu\u00e9 d&rsquo;explication. Le document pr\u00e9cisait que l&rsquo;image avait \u00e9t\u00e9 choisie de mani\u00e8re spontan\u00e9e et sans arri\u00e8re-pens\u00e9e, dans le but de fournir une id\u00e9e approximative de la dimension du futur centre hospitalier. Cette tentative de justification n&rsquo;a cependant pas suffi \u00e0 calmer les critiques. De nombreux internautes, experts du domaine et observateurs locaux ont d\u00e9nonc\u00e9 ce qu&rsquo;ils ont qualifi\u00e9 de manque de rigueur dans la communication institutionnelle autour d&rsquo;un projet aussi strat\u00e9gique. L&rsquo;erreur a m\u00eame \u00e9t\u00e9 relay\u00e9e dans certains m\u00e9dias \u00e9trangers, amplifiant l&#8217;embarras des autorit\u00e9s locales. Ce d\u00e9part pr\u00e9cipit\u00e9 intervient dans un climat tendu, o\u00f9 la population et les acteurs locaux attendent d\u00e9sormais un nouveau souffle dans la gestion de ce secteur vital. Le futur directeur devra faire preuve de rigueur, de transparence et de modernit\u00e9, \u00e0 la hauteur des ambitions affich\u00e9es par les autorit\u00e9s nationales en mati\u00e8re de sant\u00e9 publique et de d\u00e9veloppement territorial. En attendant la nomination du successeur, c&rsquo;est la directrice de l&rsquo;habitat qui assurera l&rsquo;int\u00e9rim de la direction des \u00e9quipements publics.<\/p>\n\n\n\n<p>Sofia Chahine<\/p>\n","protected":false},"excerpt":{"rendered":"<p>Le directeur des \u00e9quipements publics de la wilaya de Batna a \u00e9t\u00e9 relev\u00e9 de ses fonctions suite \u00e0 une pol\u00e9mique<\/p>\n","protected":false},"author":6,"featured_media":68226,"comment_status":"open","ping_status":"closed","sticky":false,"template":"","format":"standard","meta":{"colormag_page_container_layout":"default_layout","colormag_page_sidebar_layout":"default_layout","om_disable_all_campaigns":false,"_monsterinsights_skip_tracking":false,"_monsterinsights_sitenote_active":false,"_monsterinsights_sitenote_note":"","_monsterinsights_sitenote_category":0,"footnotes":"","_wpscppro_dont_share_socialmedia":false,"_wpscppro_custom_social_share_image":0,"_facebook_share_type":"default","_twitter_share_type":"default","_linkedin_share_type":"default","_pinterest_share_type":"default","_linkedin_share_type_page":"","_instagram_share_type":"default","_medium_share_type":"default","_threads_share_type":"","_google_business_share_type":"","_selected_social_profile":[],"_wpsp_enable_custom_social_template":false,"_wpsp_social_scheduling":{"enabled":false,"datetime":null,"platforms":[],"status":"template_only","dateOption":"today","timeOption":"now","customDays":"","customHours":"","customDate":"","customTime":"","schedulingType":"absolute"},"_wpsp_active_default_template":true},"categories":[31],"tags":[],"class_list":["post-70954","post","type-post","status-publish","format-standard","has-post-thumbnail","hentry","category-regions"],"aioseo_notices":[],"yoast_head":"<!-- This site is optimized with the Yoast SEO plugin v27.5 - https:\/\/yoast.com\/product\/yoast-seo-wordpress\/ -->\n<title>Batna\u00a0:\u00a0Le directeur des \u00e9quipements publics relev\u00e9 de ses fonctions - La Sentinelle<\/title>\n<meta name=\"robots\" content=\"index, follow, max-snippet:-1, max-image-preview:large, max-video-preview:-1\" \/>\n<link rel=\"canonical\" href=\"https:\/\/lasentinelle.dz\/index.php\/2025\/07\/27\/batna-le-directeur-des-equipements-publics-releve-de-ses-fonctions\/\" \/>\n<meta property=\"og:locale\" content=\"fr_FR\" \/>\n<meta property=\"og:type\" content=\"article\" \/>\n<meta property=\"og:title\" content=\"Batna\u00a0:\u00a0Le directeur des \u00e9quipements publics relev\u00e9 de ses fonctions - La Sentinelle\" \/>\n<meta property=\"og:description\" content=\"Le directeur des \u00e9quipements publics de la wilaya de Batna a \u00e9t\u00e9 relev\u00e9 de ses fonctions suite \u00e0 une pol\u00e9mique\" \/>\n<meta property=\"og:url\" content=\"https:\/\/lasentinelle.dz\/index.php\/2025\/07\/27\/batna-le-directeur-des-equipements-publics-releve-de-ses-fonctions\/\" \/>\n<meta property=\"og:site_name\" content=\"La Sentinelle\" \/>\n<meta property=\"article:publisher\" content=\"https:\/\/www.facebook.com\/La-Sentinelle-104059864394773\" \/>\n<meta property=\"article:published_time\" content=\"2025-07-27T11:16:27+00:00\" \/>\n<meta property=\"og:image\" content=\"https:\/\/lasentinelle.dz\/wp-content\/uploads\/2025\/05\/batna.jpg\" \/>\n\t<meta property=\"og:image:width\" content=\"959\" \/>\n\t<meta property=\"og:image:height\" content=\"605\" \/>\n\t<meta property=\"og:image:type\" content=\"image\/jpeg\" \/>\n<meta name=\"author\" content=\"admin\" \/>\n<meta name=\"twitter:card\" content=\"summary_large_image\" \/>\n<meta name=\"twitter:label1\" content=\"\u00c9crit par\" \/>\n\t<meta name=\"twitter:data1\" content=\"admin\" \/>\n\t<meta name=\"twitter:label2\" content=\"Dur\u00e9e de lecture estim\u00e9e\" \/>\n\t<meta name=\"twitter:data2\" content=\"2 minutes\" \/>\n<script type=\"application\/ld+json\" class=\"yoast-schema-graph\">{\"@context\":\"https:\\\/\\\/schema.org\",\"@graph\":[{\"@type\":\"Article\",\"@id\":\"https:\\\/\\\/lasentinelle.dz\\\/index.php\\\/2025\\\/07\\\/27\\\/batna-le-directeur-des-equipements-publics-releve-de-ses-fonctions\\\/#article\",\"isPartOf\":{\"@id\":\"https:\\\/\\\/lasentinelle.dz\\\/index.php\\\/2025\\\/07\\\/27\\\/batna-le-directeur-des-equipements-publics-releve-de-ses-fonctions\\\/\"},\"author\":{\"name\":\"admin\",\"@id\":\"https:\\\/\\\/lasentinelle.dz\\\/#\\\/schema\\\/person\\\/729ee0024f24e0b8c5ec17232f8e8b41\"},\"headline\":\"Batna\u00a0:\u00a0Le directeur des \u00e9quipements publics relev\u00e9 de ses fonctions\",\"datePublished\":\"2025-07-27T11:16:27+00:00\",\"mainEntityOfPage\":{\"@id\":\"https:\\\/\\\/lasentinelle.dz\\\/index.php\\\/2025\\\/07\\\/27\\\/batna-le-directeur-des-equipements-publics-releve-de-ses-fonctions\\\/\"},\"wordCount\":382,\"commentCount\":0,\"publisher\":{\"@id\":\"https:\\\/\\\/lasentinelle.dz\\\/#organization\"},\"image\":{\"@id\":\"https:\\\/\\\/lasentinelle.dz\\\/index.php\\\/2025\\\/07\\\/27\\\/batna-le-directeur-des-equipements-publics-releve-de-ses-fonctions\\\/#primaryimage\"},\"thumbnailUrl\":\"https:\\\/\\\/lasentinelle.dz\\\/wp-content\\\/uploads\\\/2025\\\/05\\\/batna.jpg\",\"articleSection\":[\"R\u00e9gions\"],\"inLanguage\":\"fr-FR\",\"potentialAction\":[{\"@type\":\"CommentAction\",\"name\":\"Comment\",\"target\":[\"https:\\\/\\\/lasentinelle.dz\\\/index.php\\\/2025\\\/07\\\/27\\\/batna-le-directeur-des-equipements-publics-releve-de-ses-fonctions\\\/#respond\"]}]},{\"@type\":\"WebPage\",\"@id\":\"https:\\\/\\\/lasentinelle.dz\\\/index.php\\\/2025\\\/07\\\/27\\\/batna-le-directeur-des-equipements-publics-releve-de-ses-fonctions\\\/\",\"url\":\"https:\\\/\\\/lasentinelle.dz\\\/index.php\\\/2025\\\/07\\\/27\\\/batna-le-directeur-des-equipements-publics-releve-de-ses-fonctions\\\/\",\"name\":\"Batna\u00a0:\u00a0Le directeur des \u00e9quipements publics relev\u00e9 de ses fonctions - La Sentinelle\",\"isPartOf\":{\"@id\":\"https:\\\/\\\/lasentinelle.dz\\\/#website\"},\"primaryImageOfPage\":{\"@id\":\"https:\\\/\\\/lasentinelle.dz\\\/index.php\\\/2025\\\/07\\\/27\\\/batna-le-directeur-des-equipements-publics-releve-de-ses-fonctions\\\/#primaryimage\"},\"image\":{\"@id\":\"https:\\\/\\\/lasentinelle.dz\\\/index.php\\\/2025\\\/07\\\/27\\\/batna-le-directeur-des-equipements-publics-releve-de-ses-fonctions\\\/#primaryimage\"},\"thumbnailUrl\":\"https:\\\/\\\/lasentinelle.dz\\\/wp-content\\\/uploads\\\/2025\\\/05\\\/batna.jpg\",\"datePublished\":\"2025-07-27T11:16:27+00:00\",\"breadcrumb\":{\"@id\":\"https:\\\/\\\/lasentinelle.dz\\\/index.php\\\/2025\\\/07\\\/27\\\/batna-le-directeur-des-equipements-publics-releve-de-ses-fonctions\\\/#breadcrumb\"},\"inLanguage\":\"fr-FR\",\"potentialAction\":[{\"@type\":\"ReadAction\",\"target\":[\"https:\\\/\\\/lasentinelle.dz\\\/index.php\\\/2025\\\/07\\\/27\\\/batna-le-directeur-des-equipements-publics-releve-de-ses-fonctions\\\/\"]}]},{\"@type\":\"ImageObject\",\"inLanguage\":\"fr-FR\",\"@id\":\"https:\\\/\\\/lasentinelle.dz\\\/index.php\\\/2025\\\/07\\\/27\\\/batna-le-directeur-des-equipements-publics-releve-de-ses-fonctions\\\/#primaryimage\",\"url\":\"https:\\\/\\\/lasentinelle.dz\\\/wp-content\\\/uploads\\\/2025\\\/05\\\/batna.jpg\",\"contentUrl\":\"https:\\\/\\\/lasentinelle.dz\\\/wp-content\\\/uploads\\\/2025\\\/05\\\/batna.jpg\",\"width\":959,\"height\":605},{\"@type\":\"BreadcrumbList\",\"@id\":\"https:\\\/\\\/lasentinelle.dz\\\/index.php\\\/2025\\\/07\\\/27\\\/batna-le-directeur-des-equipements-publics-releve-de-ses-fonctions\\\/#breadcrumb\",\"itemListElement\":[{\"@type\":\"ListItem\",\"position\":1,\"name\":\"Accueil\",\"item\":\"https:\\\/\\\/lasentinelle.dz\\\/\"},{\"@type\":\"ListItem\",\"position\":2,\"name\":\"Batna\u00a0:\u00a0Le directeur des \u00e9quipements publics relev\u00e9 de ses fonctions\"}]},{\"@type\":\"WebSite\",\"@id\":\"https:\\\/\\\/lasentinelle.dz\\\/#website\",\"url\":\"https:\\\/\\\/lasentinelle.dz\\\/\",\"name\":\"La Sentinelle\",\"description\":\"Quotidien national d&#039;information\",\"publisher\":{\"@id\":\"https:\\\/\\\/lasentinelle.dz\\\/#organization\"},\"potentialAction\":[{\"@type\":\"SearchAction\",\"target\":{\"@type\":\"EntryPoint\",\"urlTemplate\":\"https:\\\/\\\/lasentinelle.dz\\\/?s={search_term_string}\"},\"query-input\":{\"@type\":\"PropertyValueSpecification\",\"valueRequired\":true,\"valueName\":\"search_term_string\"}}],\"inLanguage\":\"fr-FR\"},{\"@type\":\"Organization\",\"@id\":\"https:\\\/\\\/lasentinelle.dz\\\/#organization\",\"name\":\"Quotidien La Sentinelle\",\"url\":\"https:\\\/\\\/lasentinelle.dz\\\/\",\"logo\":{\"@type\":\"ImageObject\",\"inLanguage\":\"fr-FR\",\"@id\":\"https:\\\/\\\/lasentinelle.dz\\\/#\\\/schema\\\/logo\\\/image\\\/\",\"url\":\"https:\\\/\\\/lasentinelle.dz\\\/wp-content\\\/uploads\\\/2021\\\/09\\\/logo-sentinelleSLOGAN-1.png\",\"contentUrl\":\"https:\\\/\\\/lasentinelle.dz\\\/wp-content\\\/uploads\\\/2021\\\/09\\\/logo-sentinelleSLOGAN-1.png\",\"width\":615,\"height\":142,\"caption\":\"Quotidien La Sentinelle\"},\"image\":{\"@id\":\"https:\\\/\\\/lasentinelle.dz\\\/#\\\/schema\\\/logo\\\/image\\\/\"},\"sameAs\":[\"https:\\\/\\\/www.facebook.com\\\/La-Sentinelle-104059864394773\"]},{\"@type\":\"Person\",\"@id\":\"https:\\\/\\\/lasentinelle.dz\\\/#\\\/schema\\\/person\\\/729ee0024f24e0b8c5ec17232f8e8b41\",\"name\":\"admin\",\"image\":{\"@type\":\"ImageObject\",\"inLanguage\":\"fr-FR\",\"@id\":\"https:\\\/\\\/secure.gravatar.com\\\/avatar\\\/4c81fed838786e9b53f540bf46533e750f5d292099ae3b66cfc6fb1982e29df7?s=96&d=mm&r=g\",\"url\":\"https:\\\/\\\/secure.gravatar.com\\\/avatar\\\/4c81fed838786e9b53f540bf46533e750f5d292099ae3b66cfc6fb1982e29df7?s=96&d=mm&r=g\",\"contentUrl\":\"https:\\\/\\\/secure.gravatar.com\\\/avatar\\\/4c81fed838786e9b53f540bf46533e750f5d292099ae3b66cfc6fb1982e29df7?s=96&d=mm&r=g\",\"caption\":\"admin\"},\"description\":\"admin\",\"url\":\"https:\\\/\\\/lasentinelle.dz\\\/author\\\/admin\\\/\"}]}<\/script>\n<!-- \/ Yoast SEO plugin. -->","yoast_head_json":{"title":"Batna\u00a0:\u00a0Le directeur des \u00e9quipements publics relev\u00e9 de ses fonctions - La Sentinelle","robots":{"index":"index","follow":"follow","max-snippet":"max-snippet:-1","max-image-preview":"max-image-preview:large","max-video-preview":"max-video-preview:-1"},"canonical":"https:\/\/lasentinelle.dz\/index.php\/2025\/07\/27\/batna-le-directeur-des-equipements-publics-releve-de-ses-fonctions\/","og_locale":"fr_FR","og_type":"article","og_title":"Batna\u00a0:\u00a0Le directeur des \u00e9quipements publics relev\u00e9 de ses fonctions - La Sentinelle","og_description":"Le directeur des \u00e9quipements publics de la wilaya de Batna a \u00e9t\u00e9 relev\u00e9 de ses fonctions suite \u00e0 une pol\u00e9mique","og_url":"https:\/\/lasentinelle.dz\/index.php\/2025\/07\/27\/batna-le-directeur-des-equipements-publics-releve-de-ses-fonctions\/","og_site_name":"La Sentinelle","article_publisher":"https:\/\/www.facebook.com\/La-Sentinelle-104059864394773","article_published_time":"2025-07-27T11:16:27+00:00","og_image":[{"width":959,"height":605,"url":"https:\/\/lasentinelle.dz\/wp-content\/uploads\/2025\/05\/batna.jpg","type":"image\/jpeg"}],"author":"admin","twitter_card":"summary_large_image","twitter_misc":{"\u00c9crit par":"admin","Dur\u00e9e de lecture estim\u00e9e":"2 minutes"},"schema":{"@context":"https:\/\/schema.org","@graph":[{"@type":"Article","@id":"https:\/\/lasentinelle.dz\/index.php\/2025\/07\/27\/batna-le-directeur-des-equipements-publics-releve-de-ses-fonctions\/#article","isPartOf":{"@id":"https:\/\/lasentinelle.dz\/index.php\/2025\/07\/27\/batna-le-directeur-des-equipements-publics-releve-de-ses-fonctions\/"},"author":{"name":"admin","@id":"https:\/\/lasentinelle.dz\/#\/schema\/person\/729ee0024f24e0b8c5ec17232f8e8b41"},"headline":"Batna\u00a0:\u00a0Le directeur des \u00e9quipements publics relev\u00e9 de ses fonctions","datePublished":"2025-07-27T11:16:27+00:00","mainEntityOfPage":{"@id":"https:\/\/lasentinelle.dz\/index.php\/2025\/07\/27\/batna-le-directeur-des-equipements-publics-releve-de-ses-fonctions\/"},"wordCount":382,"commentCount":0,"publisher":{"@id":"https:\/\/lasentinelle.dz\/#organization"},"image":{"@id":"https:\/\/lasentinelle.dz\/index.php\/2025\/07\/27\/batna-le-directeur-des-equipements-publics-releve-de-ses-fonctions\/#primaryimage"},"thumbnailUrl":"https:\/\/lasentinelle.dz\/wp-content\/uploads\/2025\/05\/batna.jpg","articleSection":["R\u00e9gions"],"inLanguage":"fr-FR","potentialAction":[{"@type":"CommentAction","name":"Comment","target":["https:\/\/lasentinelle.dz\/index.php\/2025\/07\/27\/batna-le-directeur-des-equipements-publics-releve-de-ses-fonctions\/#respond"]}]},{"@type":"WebPage","@id":"https:\/\/lasentinelle.dz\/index.php\/2025\/07\/27\/batna-le-directeur-des-equipements-publics-releve-de-ses-fonctions\/","url":"https:\/\/lasentinelle.dz\/index.php\/2025\/07\/27\/batna-le-directeur-des-equipements-publics-releve-de-ses-fonctions\/","name":"Batna\u00a0:\u00a0Le directeur des \u00e9quipements publics relev\u00e9 de ses fonctions - La Sentinelle","isPartOf":{"@id":"https:\/\/lasentinelle.dz\/#website"},"primaryImageOfPage":{"@id":"https:\/\/lasentinelle.dz\/index.php\/2025\/07\/27\/batna-le-directeur-des-equipements-publics-releve-de-ses-fonctions\/#primaryimage"},"image":{"@id":"https:\/\/lasentinelle.dz\/index.php\/2025\/07\/27\/batna-le-directeur-des-equipements-publics-releve-de-ses-fonctions\/#primaryimage"},"thumbnailUrl":"https:\/\/lasentinelle.dz\/wp-content\/uploads\/2025\/05\/batna.jpg","datePublished":"2025-07-27T11:16:27+00:00","breadcrumb":{"@id":"https:\/\/lasentinelle.dz\/index.php\/2025\/07\/27\/batna-le-directeur-des-equipements-publics-releve-de-ses-fonctions\/#breadcrumb"},"inLanguage":"fr-FR","potentialAction":[{"@type":"ReadAction","target":["https:\/\/lasentinelle.dz\/index.php\/2025\/07\/27\/batna-le-directeur-des-equipements-publics-releve-de-ses-fonctions\/"]}]},{"@type":"ImageObject","inLanguage":"fr-FR","@id":"https:\/\/lasentinelle.dz\/index.php\/2025\/07\/27\/batna-le-directeur-des-equipements-publics-releve-de-ses-fonctions\/#primaryimage","url":"https:\/\/lasentinelle.dz\/wp-content\/uploads\/2025\/05\/batna.jpg","contentUrl":"https:\/\/lasentinelle.dz\/wp-content\/uploads\/2025\/05\/batna.jpg","width":959,"height":605},{"@type":"BreadcrumbList","@id":"https:\/\/lasentinelle.dz\/index.php\/2025\/07\/27\/batna-le-directeur-des-equipements-publics-releve-de-ses-fonctions\/#breadcrumb","itemListElement":[{"@type":"ListItem","position":1,"name":"Accueil","item":"https:\/\/lasentinelle.dz\/"},{"@type":"ListItem","position":2,"name":"Batna\u00a0:\u00a0Le directeur des \u00e9quipements publics relev\u00e9 de ses fonctions"}]},{"@type":"WebSite","@id":"https:\/\/lasentinelle.dz\/#website","url":"https:\/\/lasentinelle.dz\/","name":"La Sentinelle","description":"Quotidien national d&#039;information","publisher":{"@id":"https:\/\/lasentinelle.dz\/#organization"},"potentialAction":[{"@type":"SearchAction","target":{"@type":"EntryPoint","urlTemplate":"https:\/\/lasentinelle.dz\/?s={search_term_string}"},"query-input":{"@type":"PropertyValueSpecification","valueRequired":true,"valueName":"search_term_string"}}],"inLanguage":"fr-FR"},{"@type":"Organization","@id":"https:\/\/lasentinelle.dz\/#organization","name":"Quotidien La Sentinelle","url":"https:\/\/lasentinelle.dz\/","logo":{"@type":"ImageObject","inLanguage":"fr-FR","@id":"https:\/\/lasentinelle.dz\/#\/schema\/logo\/image\/","url":"https:\/\/lasentinelle.dz\/wp-content\/uploads\/2021\/09\/logo-sentinelleSLOGAN-1.png","contentUrl":"https:\/\/lasentinelle.dz\/wp-content\/uploads\/2021\/09\/logo-sentinelleSLOGAN-1.png","width":615,"height":142,"caption":"Quotidien La Sentinelle"},"image":{"@id":"https:\/\/lasentinelle.dz\/#\/schema\/logo\/image\/"},"sameAs":["https:\/\/www.facebook.com\/La-Sentinelle-104059864394773"]},{"@type":"Person","@id":"https:\/\/lasentinelle.dz\/#\/schema\/person\/729ee0024f24e0b8c5ec17232f8e8b41","name":"admin","image":{"@type":"ImageObject","inLanguage":"fr-FR","@id":"https:\/\/secure.gravatar.com\/avatar\/4c81fed838786e9b53f540bf46533e750f5d292099ae3b66cfc6fb1982e29df7?s=96&d=mm&r=g","url":"https:\/\/secure.gravatar.com\/avatar\/4c81fed838786e9b53f540bf46533e750f5d292099ae3b66cfc6fb1982e29df7?s=96&d=mm&r=g","contentUrl":"https:\/\/secure.gravatar.com\/avatar\/4c81fed838786e9b53f540bf46533e750f5d292099ae3b66cfc6fb1982e29df7?s=96&d=mm&r=g","caption":"admin"},"description":"admin","url":"https:\/\/lasentinelle.dz\/author\/admin\/"}]}},"_links":{"self":[{"href":"https:\/\/lasentinelle.dz\/index.php\/wp-json\/wp\/v2\/posts\/70954","targetHints":{"allow":["GET"]}}],"collection":[{"href":"https:\/\/lasentinelle.dz\/index.php\/wp-json\/wp\/v2\/posts"}],"about":[{"href":"https:\/\/lasentinelle.dz\/index.php\/wp-json\/wp\/v2\/types\/post"}],"author":[{"embeddable":true,"href":"https:\/\/lasentinelle.dz\/index.php\/wp-json\/wp\/v2\/users\/6"}],"replies":[{"embeddable":true,"href":"https:\/\/lasentinelle.dz\/index.php\/wp-json\/wp\/v2\/comments?post=70954"}],"version-history":[{"count":1,"href":"https:\/\/lasentinelle.dz\/index.php\/wp-json\/wp\/v2\/posts\/70954\/revisions"}],"predecessor-version":[{"id":70955,"href":"https:\/\/lasentinelle.dz\/index.php\/wp-json\/wp\/v2\/posts\/70954\/revisions\/70955"}],"wp:featuredmedia":[{"embeddable":true,"href":"https:\/\/lasentinelle.dz\/index.php\/wp-json\/wp\/v2\/media\/68226"}],"wp:attachment":[{"href":"https:\/\/lasentinelle.dz\/index.php\/wp-json\/wp\/v2\/media?parent=70954"}],"wp:term":[{"taxonomy":"category","embeddable":true,"href":"https:\/\/lasentinelle.dz\/index.php\/wp-json\/wp\/v2\/categories?post=70954"},{"taxonomy":"post_tag","embeddable":true,"href":"https:\/\/lasentinelle.dz\/index.php\/wp-json\/wp\/v2\/tags?post=70954"}],"curies":[{"name":"wp","href":"https:\/\/api.w.org\/{rel}","templated":true}]}}