{"id":70962,"date":"2025-07-27T12:20:44","date_gmt":"2025-07-27T11:20:44","guid":{"rendered":"https:\/\/lasentinelle.dz\/?p=70962"},"modified":"2025-07-27T12:20:44","modified_gmt":"2025-07-27T11:20:44","slug":"le-secteur-industriel-demontre-une-resilience-remarquable-les-couts-de-production-se-stabilisent","status":"publish","type":"post","link":"https:\/\/lasentinelle.dz\/index.php\/2025\/07\/27\/le-secteur-industriel-demontre-une-resilience-remarquable-les-couts-de-production-se-stabilisent\/","title":{"rendered":"Le secteur industriel d\u00e9montre une r\u00e9silience remarquable\u00a0: Les co\u00fbts de production\u00a0se stabilisent"},"content":{"rendered":"\n<p>L\u2019analyse des&nbsp;derni\u00e8res statistiques de l&rsquo;Office national des statistiques&nbsp;sur le secteur industriel mettent en avant une stabilisation des co\u00fbts de production.<\/p>\n\n\n\n<p>&nbsp;Au premier trimestre 2025, les prix \u00e0 la production industrielle du secteur public national ont enregistr\u00e9 un ajustement de 2,2% par rapport au trimestre pr\u00e9c\u00e9dent, t\u00e9moignant d&rsquo;une normalisation apr\u00e8s les tensions inflationnistes observ\u00e9es en fin d&rsquo;ann\u00e9e 2024. Cette \u00e9volution, qui s&rsquo;accompagne d&rsquo;une stabilisation relative sur un an avec seulement 0,8% de variation, r\u00e9v\u00e8le une industrie qui apprend \u00e0 ma\u00eetriser ses co\u00fbts dans un contexte \u00e9conomique mondial complexe.&nbsp;Cette mod\u00e9ration des prix constitue une excellente nouvelle pour l&rsquo;\u00e9conomie nationale, car elle se traduit directement par une am\u00e9lioration de la comp\u00e9titivit\u00e9 des produits alg\u00e9riens sur les march\u00e9s int\u00e9rieurs et potentiellement \u00e0 l&rsquo;exportation. Les entreprises manufacturi\u00e8res, qui repr\u00e9sentent l&rsquo;\u00e9pine dorsale de la diversification \u00e9conomique, b\u00e9n\u00e9ficient d\u00e9sormais d&rsquo;une structure de co\u00fbts plus favorable avec une baisse de 1,9% de leurs prix de production, cr\u00e9ant les conditions d&rsquo;une croissance plus durable et moins d\u00e9pendante des hydrocarbures.<\/p>\n\n\n\n<p>Le secteur \u00e9nerg\u00e9tique illustre parfaitement cette dynamique positive avec une reprise de 0,4% au premier trimestre, effa\u00e7ant la baisse de 1,8% du trimestre pr\u00e9c\u00e9dent. Cette stabilisation des prix \u00e9nerg\u00e9tiques. Particuli\u00e8rement remarquable est la performance du secteur des mat\u00e9riaux de construction, qui maintient une croissance positive de 0,5% malgr\u00e9 un l\u00e9ger ralentissement. Cette r\u00e9silience dans un secteur aussi sensible aux cycles \u00e9conomiques d\u00e9montre la vitalit\u00e9 du march\u00e9 int\u00e9rieur alg\u00e9rien et la persistance d&rsquo;une demande soutenue en infrastructures et logements. La fabrication des produits en ciment et mat\u00e9riaux de construction divers continue d&rsquo;afficher une progression de 2,4%.&nbsp;Dans les industries agro-alimentaires&nbsp;les co\u00fbts se stabilisent aussi avec&nbsp;une&nbsp;l\u00e9g\u00e8re&nbsp;reprise de 0,5% apr\u00e8s la contraction du trimestre pr\u00e9c\u00e9dent. Cette \u00e9volution positive, port\u00e9e notamment par le travail des grains qui progresse de 1,0%, illustre la&nbsp;dynamique du secteur. Dans un contexte o\u00f9 la s\u00e9curit\u00e9 alimentaire constitue un enjeu majeur, cette performance t\u00e9moigne de l&rsquo;efficacit\u00e9 des politiques publiques de soutien \u00e0 l&rsquo;agriculture et \u00e0 la transformation alimentaire.<\/p>\n\n\n\n<p>La sid\u00e9rurgie, secteur embl\u00e9matique de l&rsquo;industrie lourde, affiche une croissance robuste de 4,5%, confirmant sa mont\u00e9e en puissance et sa contribution croissante \u00e0 la valeur ajout\u00e9e industrielle nationale. Cette performance s&rsquo;accompagne d&rsquo;une progression spectaculaire de 9,7% dans la m\u00e9canique de pr\u00e9cision pour \u00e9quipement, r\u00e9v\u00e9lant l&rsquo;\u00e9mergence de segments industriels \u00e0 forte valeur technologique. L&rsquo;analyse sectorielle r\u00e9v\u00e8le une industrie alg\u00e9rienne qui s&rsquo;adapte intelligemment aux d\u00e9fis contemporains. Les ajustements de prix observ\u00e9s dans certains secteurs&nbsp;sontloin de constituer des signaux alarmants, mais t\u00e9moignent d\u2019une dynamique dans divers secteurs. Le secteur minier, malgr\u00e9 sa volatilit\u00e9 naturelle li\u00e9e aux cours internationaux, maintient des niveaux d&rsquo;activit\u00e9 \u00e9lev\u00e9s avec des indices de prix qui restent substantiellement sup\u00e9rieurs aux niveaux historiques.<\/p>\n\n\n\n<p>Cette \u00e9volution des prix industriels s&rsquo;inscrit dans une strat\u00e9gie plus large de diversification \u00e9conomique port\u00e9e par les pouvoirs publics. L&rsquo;industrie alg\u00e9rienne d\u00e9montre sa capacit\u00e9 d&rsquo;adaptation et de r\u00e9silience face aux mutations \u00e9conomiques mondiales. Cette performance, mesur\u00e9e \u00e0 l&rsquo;aune de pr\u00e8s de 300 produits industriels observ\u00e9s aupr\u00e8s de 157 entreprises publiques repr\u00e9sentant 80% des ventes industrielles, t\u00e9moigne d&rsquo;une transformation structurelle en cours qui augure favorablement de l&rsquo;avenir \u00e9conomique du pays.<\/p>\n\n\n\n<p>Sabrina Aziouez<\/p>\n","protected":false},"excerpt":{"rendered":"<p>L\u2019analyse des&nbsp;derni\u00e8res statistiques de l&rsquo;Office national des statistiques&nbsp;sur le secteur industriel mettent en avant une stabilisation des co\u00fbts de production.<\/p>\n","protected":false},"author":6,"featured_media":70963,"comment_status":"open","ping_status":"closed","sticky":false,"template":"","format":"standard","meta":{"colormag_page_container_layout":"default_layout","colormag_page_sidebar_layout":"default_layout","om_disable_all_campaigns":false,"_monsterinsights_skip_tracking":false,"_monsterinsights_sitenote_active":false,"_monsterinsights_sitenote_note":"","_monsterinsights_sitenote_category":0,"footnotes":"","_wpscppro_dont_share_socialmedia":false,"_wpscppro_custom_social_share_image":0,"_facebook_share_type":"default","_twitter_share_type":"default","_linkedin_share_type":"default","_pinterest_share_type":"default","_linkedin_share_type_page":"","_instagram_share_type":"default","_medium_share_type":"default","_threads_share_type":"","_google_business_share_type":"","_selected_social_profile":[],"_wpsp_enable_custom_social_template":false,"_wpsp_social_scheduling":{"enabled":false,"datetime":null,"platforms":[],"status":"template_only","dateOption":"today","timeOption":"now","customDays":"","customHours":"","customDate":"","customTime":"","schedulingType":"absolute"},"_wpsp_active_default_template":true},"categories":[29],"tags":[],"class_list":["post-70962","post","type-post","status-publish","format-standard","has-post-thumbnail","hentry","category-economie"],"aioseo_notices":[],"yoast_head":"<!-- This site is optimized with the Yoast SEO plugin v27.5 - https:\/\/yoast.com\/product\/yoast-seo-wordpress\/ -->\n<title>Le secteur industriel d\u00e9montre une r\u00e9silience remarquable\u00a0: Les co\u00fbts de production\u00a0se stabilisent - La Sentinelle<\/title>\n<meta name=\"robots\" content=\"index, follow, max-snippet:-1, max-image-preview:large, max-video-preview:-1\" \/>\n<link rel=\"canonical\" href=\"https:\/\/lasentinelle.dz\/index.php\/2025\/07\/27\/le-secteur-industriel-demontre-une-resilience-remarquable-les-couts-de-production-se-stabilisent\/\" \/>\n<meta property=\"og:locale\" content=\"fr_FR\" \/>\n<meta property=\"og:type\" content=\"article\" \/>\n<meta property=\"og:title\" content=\"Le secteur industriel d\u00e9montre une r\u00e9silience remarquable\u00a0: Les co\u00fbts de production\u00a0se stabilisent - La Sentinelle\" \/>\n<meta property=\"og:description\" content=\"L\u2019analyse des&nbsp;derni\u00e8res statistiques de l&rsquo;Office national des statistiques&nbsp;sur le secteur industriel mettent en avant une stabilisation des co\u00fbts de production.\" \/>\n<meta property=\"og:url\" content=\"https:\/\/lasentinelle.dz\/index.php\/2025\/07\/27\/le-secteur-industriel-demontre-une-resilience-remarquable-les-couts-de-production-se-stabilisent\/\" \/>\n<meta property=\"og:site_name\" content=\"La Sentinelle\" \/>\n<meta property=\"article:publisher\" content=\"https:\/\/www.facebook.com\/La-Sentinelle-104059864394773\" \/>\n<meta property=\"article:published_time\" content=\"2025-07-27T11:20:44+00:00\" \/>\n<meta property=\"og:image\" content=\"https:\/\/lasentinelle.dz\/wp-content\/uploads\/2025\/07\/Industrie.jpeg\" \/>\n\t<meta property=\"og:image:width\" content=\"800\" \/>\n\t<meta property=\"og:image:height\" content=\"500\" \/>\n\t<meta property=\"og:image:type\" content=\"image\/jpeg\" \/>\n<meta name=\"author\" content=\"admin\" \/>\n<meta name=\"twitter:card\" content=\"summary_large_image\" \/>\n<meta name=\"twitter:label1\" content=\"\u00c9crit par\" \/>\n\t<meta name=\"twitter:data1\" content=\"admin\" \/>\n\t<meta name=\"twitter:label2\" content=\"Dur\u00e9e de lecture estim\u00e9e\" \/>\n\t<meta name=\"twitter:data2\" content=\"3 minutes\" \/>\n<script type=\"application\/ld+json\" class=\"yoast-schema-graph\">{\"@context\":\"https:\\\/\\\/schema.org\",\"@graph\":[{\"@type\":\"Article\",\"@id\":\"https:\\\/\\\/lasentinelle.dz\\\/index.php\\\/2025\\\/07\\\/27\\\/le-secteur-industriel-demontre-une-resilience-remarquable-les-couts-de-production-se-stabilisent\\\/#article\",\"isPartOf\":{\"@id\":\"https:\\\/\\\/lasentinelle.dz\\\/index.php\\\/2025\\\/07\\\/27\\\/le-secteur-industriel-demontre-une-resilience-remarquable-les-couts-de-production-se-stabilisent\\\/\"},\"author\":{\"name\":\"admin\",\"@id\":\"https:\\\/\\\/lasentinelle.dz\\\/#\\\/schema\\\/person\\\/729ee0024f24e0b8c5ec17232f8e8b41\"},\"headline\":\"Le secteur industriel d\u00e9montre une r\u00e9silience remarquable\u00a0: Les co\u00fbts de production\u00a0se stabilisent\",\"datePublished\":\"2025-07-27T11:20:44+00:00\",\"mainEntityOfPage\":{\"@id\":\"https:\\\/\\\/lasentinelle.dz\\\/index.php\\\/2025\\\/07\\\/27\\\/le-secteur-industriel-demontre-une-resilience-remarquable-les-couts-de-production-se-stabilisent\\\/\"},\"wordCount\":618,\"commentCount\":0,\"publisher\":{\"@id\":\"https:\\\/\\\/lasentinelle.dz\\\/#organization\"},\"image\":{\"@id\":\"https:\\\/\\\/lasentinelle.dz\\\/index.php\\\/2025\\\/07\\\/27\\\/le-secteur-industriel-demontre-une-resilience-remarquable-les-couts-de-production-se-stabilisent\\\/#primaryimage\"},\"thumbnailUrl\":\"https:\\\/\\\/lasentinelle.dz\\\/wp-content\\\/uploads\\\/2025\\\/07\\\/Industrie.jpeg\",\"articleSection\":[\"\u00c9conomie\"],\"inLanguage\":\"fr-FR\",\"potentialAction\":[{\"@type\":\"CommentAction\",\"name\":\"Comment\",\"target\":[\"https:\\\/\\\/lasentinelle.dz\\\/index.php\\\/2025\\\/07\\\/27\\\/le-secteur-industriel-demontre-une-resilience-remarquable-les-couts-de-production-se-stabilisent\\\/#respond\"]}]},{\"@type\":\"WebPage\",\"@id\":\"https:\\\/\\\/lasentinelle.dz\\\/index.php\\\/2025\\\/07\\\/27\\\/le-secteur-industriel-demontre-une-resilience-remarquable-les-couts-de-production-se-stabilisent\\\/\",\"url\":\"https:\\\/\\\/lasentinelle.dz\\\/index.php\\\/2025\\\/07\\\/27\\\/le-secteur-industriel-demontre-une-resilience-remarquable-les-couts-de-production-se-stabilisent\\\/\",\"name\":\"Le secteur industriel d\u00e9montre une r\u00e9silience remarquable\u00a0: Les co\u00fbts de production\u00a0se stabilisent - La Sentinelle\",\"isPartOf\":{\"@id\":\"https:\\\/\\\/lasentinelle.dz\\\/#website\"},\"primaryImageOfPage\":{\"@id\":\"https:\\\/\\\/lasentinelle.dz\\\/index.php\\\/2025\\\/07\\\/27\\\/le-secteur-industriel-demontre-une-resilience-remarquable-les-couts-de-production-se-stabilisent\\\/#primaryimage\"},\"image\":{\"@id\":\"https:\\\/\\\/lasentinelle.dz\\\/index.php\\\/2025\\\/07\\\/27\\\/le-secteur-industriel-demontre-une-resilience-remarquable-les-couts-de-production-se-stabilisent\\\/#primaryimage\"},\"thumbnailUrl\":\"https:\\\/\\\/lasentinelle.dz\\\/wp-content\\\/uploads\\\/2025\\\/07\\\/Industrie.jpeg\",\"datePublished\":\"2025-07-27T11:20:44+00:00\",\"breadcrumb\":{\"@id\":\"https:\\\/\\\/lasentinelle.dz\\\/index.php\\\/2025\\\/07\\\/27\\\/le-secteur-industriel-demontre-une-resilience-remarquable-les-couts-de-production-se-stabilisent\\\/#breadcrumb\"},\"inLanguage\":\"fr-FR\",\"potentialAction\":[{\"@type\":\"ReadAction\",\"target\":[\"https:\\\/\\\/lasentinelle.dz\\\/index.php\\\/2025\\\/07\\\/27\\\/le-secteur-industriel-demontre-une-resilience-remarquable-les-couts-de-production-se-stabilisent\\\/\"]}]},{\"@type\":\"ImageObject\",\"inLanguage\":\"fr-FR\",\"@id\":\"https:\\\/\\\/lasentinelle.dz\\\/index.php\\\/2025\\\/07\\\/27\\\/le-secteur-industriel-demontre-une-resilience-remarquable-les-couts-de-production-se-stabilisent\\\/#primaryimage\",\"url\":\"https:\\\/\\\/lasentinelle.dz\\\/wp-content\\\/uploads\\\/2025\\\/07\\\/Industrie.jpeg\",\"contentUrl\":\"https:\\\/\\\/lasentinelle.dz\\\/wp-content\\\/uploads\\\/2025\\\/07\\\/Industrie.jpeg\",\"width\":800,\"height\":500},{\"@type\":\"BreadcrumbList\",\"@id\":\"https:\\\/\\\/lasentinelle.dz\\\/index.php\\\/2025\\\/07\\\/27\\\/le-secteur-industriel-demontre-une-resilience-remarquable-les-couts-de-production-se-stabilisent\\\/#breadcrumb\",\"itemListElement\":[{\"@type\":\"ListItem\",\"position\":1,\"name\":\"Accueil\",\"item\":\"https:\\\/\\\/lasentinelle.dz\\\/\"},{\"@type\":\"ListItem\",\"position\":2,\"name\":\"Le secteur industriel d\u00e9montre une r\u00e9silience remarquable\u00a0: Les co\u00fbts de production\u00a0se stabilisent\"}]},{\"@type\":\"WebSite\",\"@id\":\"https:\\\/\\\/lasentinelle.dz\\\/#website\",\"url\":\"https:\\\/\\\/lasentinelle.dz\\\/\",\"name\":\"La Sentinelle\",\"description\":\"Quotidien national d&#039;information\",\"publisher\":{\"@id\":\"https:\\\/\\\/lasentinelle.dz\\\/#organization\"},\"potentialAction\":[{\"@type\":\"SearchAction\",\"target\":{\"@type\":\"EntryPoint\",\"urlTemplate\":\"https:\\\/\\\/lasentinelle.dz\\\/?s={search_term_string}\"},\"query-input\":{\"@type\":\"PropertyValueSpecification\",\"valueRequired\":true,\"valueName\":\"search_term_string\"}}],\"inLanguage\":\"fr-FR\"},{\"@type\":\"Organization\",\"@id\":\"https:\\\/\\\/lasentinelle.dz\\\/#organization\",\"name\":\"Quotidien La Sentinelle\",\"url\":\"https:\\\/\\\/lasentinelle.dz\\\/\",\"logo\":{\"@type\":\"ImageObject\",\"inLanguage\":\"fr-FR\",\"@id\":\"https:\\\/\\\/lasentinelle.dz\\\/#\\\/schema\\\/logo\\\/image\\\/\",\"url\":\"https:\\\/\\\/lasentinelle.dz\\\/wp-content\\\/uploads\\\/2021\\\/09\\\/logo-sentinelleSLOGAN-1.png\",\"contentUrl\":\"https:\\\/\\\/lasentinelle.dz\\\/wp-content\\\/uploads\\\/2021\\\/09\\\/logo-sentinelleSLOGAN-1.png\",\"width\":615,\"height\":142,\"caption\":\"Quotidien La Sentinelle\"},\"image\":{\"@id\":\"https:\\\/\\\/lasentinelle.dz\\\/#\\\/schema\\\/logo\\\/image\\\/\"},\"sameAs\":[\"https:\\\/\\\/www.facebook.com\\\/La-Sentinelle-104059864394773\"]},{\"@type\":\"Person\",\"@id\":\"https:\\\/\\\/lasentinelle.dz\\\/#\\\/schema\\\/person\\\/729ee0024f24e0b8c5ec17232f8e8b41\",\"name\":\"admin\",\"image\":{\"@type\":\"ImageObject\",\"inLanguage\":\"fr-FR\",\"@id\":\"https:\\\/\\\/secure.gravatar.com\\\/avatar\\\/4c81fed838786e9b53f540bf46533e750f5d292099ae3b66cfc6fb1982e29df7?s=96&d=mm&r=g\",\"url\":\"https:\\\/\\\/secure.gravatar.com\\\/avatar\\\/4c81fed838786e9b53f540bf46533e750f5d292099ae3b66cfc6fb1982e29df7?s=96&d=mm&r=g\",\"contentUrl\":\"https:\\\/\\\/secure.gravatar.com\\\/avatar\\\/4c81fed838786e9b53f540bf46533e750f5d292099ae3b66cfc6fb1982e29df7?s=96&d=mm&r=g\",\"caption\":\"admin\"},\"description\":\"admin\",\"url\":\"https:\\\/\\\/lasentinelle.dz\\\/author\\\/admin\\\/\"}]}<\/script>\n<!-- \/ Yoast SEO plugin. -->","yoast_head_json":{"title":"Le secteur industriel d\u00e9montre une r\u00e9silience remarquable\u00a0: Les co\u00fbts de production\u00a0se stabilisent - La Sentinelle","robots":{"index":"index","follow":"follow","max-snippet":"max-snippet:-1","max-image-preview":"max-image-preview:large","max-video-preview":"max-video-preview:-1"},"canonical":"https:\/\/lasentinelle.dz\/index.php\/2025\/07\/27\/le-secteur-industriel-demontre-une-resilience-remarquable-les-couts-de-production-se-stabilisent\/","og_locale":"fr_FR","og_type":"article","og_title":"Le secteur industriel d\u00e9montre une r\u00e9silience remarquable\u00a0: Les co\u00fbts de production\u00a0se stabilisent - La Sentinelle","og_description":"L\u2019analyse des&nbsp;derni\u00e8res statistiques de l&rsquo;Office national des statistiques&nbsp;sur le secteur industriel mettent en avant une stabilisation des co\u00fbts de production.","og_url":"https:\/\/lasentinelle.dz\/index.php\/2025\/07\/27\/le-secteur-industriel-demontre-une-resilience-remarquable-les-couts-de-production-se-stabilisent\/","og_site_name":"La Sentinelle","article_publisher":"https:\/\/www.facebook.com\/La-Sentinelle-104059864394773","article_published_time":"2025-07-27T11:20:44+00:00","og_image":[{"width":800,"height":500,"url":"https:\/\/lasentinelle.dz\/wp-content\/uploads\/2025\/07\/Industrie.jpeg","type":"image\/jpeg"}],"author":"admin","twitter_card":"summary_large_image","twitter_misc":{"\u00c9crit par":"admin","Dur\u00e9e de lecture estim\u00e9e":"3 minutes"},"schema":{"@context":"https:\/\/schema.org","@graph":[{"@type":"Article","@id":"https:\/\/lasentinelle.dz\/index.php\/2025\/07\/27\/le-secteur-industriel-demontre-une-resilience-remarquable-les-couts-de-production-se-stabilisent\/#article","isPartOf":{"@id":"https:\/\/lasentinelle.dz\/index.php\/2025\/07\/27\/le-secteur-industriel-demontre-une-resilience-remarquable-les-couts-de-production-se-stabilisent\/"},"author":{"name":"admin","@id":"https:\/\/lasentinelle.dz\/#\/schema\/person\/729ee0024f24e0b8c5ec17232f8e8b41"},"headline":"Le secteur industriel d\u00e9montre une r\u00e9silience remarquable\u00a0: Les co\u00fbts de production\u00a0se stabilisent","datePublished":"2025-07-27T11:20:44+00:00","mainEntityOfPage":{"@id":"https:\/\/lasentinelle.dz\/index.php\/2025\/07\/27\/le-secteur-industriel-demontre-une-resilience-remarquable-les-couts-de-production-se-stabilisent\/"},"wordCount":618,"commentCount":0,"publisher":{"@id":"https:\/\/lasentinelle.dz\/#organization"},"image":{"@id":"https:\/\/lasentinelle.dz\/index.php\/2025\/07\/27\/le-secteur-industriel-demontre-une-resilience-remarquable-les-couts-de-production-se-stabilisent\/#primaryimage"},"thumbnailUrl":"https:\/\/lasentinelle.dz\/wp-content\/uploads\/2025\/07\/Industrie.jpeg","articleSection":["\u00c9conomie"],"inLanguage":"fr-FR","potentialAction":[{"@type":"CommentAction","name":"Comment","target":["https:\/\/lasentinelle.dz\/index.php\/2025\/07\/27\/le-secteur-industriel-demontre-une-resilience-remarquable-les-couts-de-production-se-stabilisent\/#respond"]}]},{"@type":"WebPage","@id":"https:\/\/lasentinelle.dz\/index.php\/2025\/07\/27\/le-secteur-industriel-demontre-une-resilience-remarquable-les-couts-de-production-se-stabilisent\/","url":"https:\/\/lasentinelle.dz\/index.php\/2025\/07\/27\/le-secteur-industriel-demontre-une-resilience-remarquable-les-couts-de-production-se-stabilisent\/","name":"Le secteur industriel d\u00e9montre une r\u00e9silience remarquable\u00a0: Les co\u00fbts de production\u00a0se stabilisent - La Sentinelle","isPartOf":{"@id":"https:\/\/lasentinelle.dz\/#website"},"primaryImageOfPage":{"@id":"https:\/\/lasentinelle.dz\/index.php\/2025\/07\/27\/le-secteur-industriel-demontre-une-resilience-remarquable-les-couts-de-production-se-stabilisent\/#primaryimage"},"image":{"@id":"https:\/\/lasentinelle.dz\/index.php\/2025\/07\/27\/le-secteur-industriel-demontre-une-resilience-remarquable-les-couts-de-production-se-stabilisent\/#primaryimage"},"thumbnailUrl":"https:\/\/lasentinelle.dz\/wp-content\/uploads\/2025\/07\/Industrie.jpeg","datePublished":"2025-07-27T11:20:44+00:00","breadcrumb":{"@id":"https:\/\/lasentinelle.dz\/index.php\/2025\/07\/27\/le-secteur-industriel-demontre-une-resilience-remarquable-les-couts-de-production-se-stabilisent\/#breadcrumb"},"inLanguage":"fr-FR","potentialAction":[{"@type":"ReadAction","target":["https:\/\/lasentinelle.dz\/index.php\/2025\/07\/27\/le-secteur-industriel-demontre-une-resilience-remarquable-les-couts-de-production-se-stabilisent\/"]}]},{"@type":"ImageObject","inLanguage":"fr-FR","@id":"https:\/\/lasentinelle.dz\/index.php\/2025\/07\/27\/le-secteur-industriel-demontre-une-resilience-remarquable-les-couts-de-production-se-stabilisent\/#primaryimage","url":"https:\/\/lasentinelle.dz\/wp-content\/uploads\/2025\/07\/Industrie.jpeg","contentUrl":"https:\/\/lasentinelle.dz\/wp-content\/uploads\/2025\/07\/Industrie.jpeg","width":800,"height":500},{"@type":"BreadcrumbList","@id":"https:\/\/lasentinelle.dz\/index.php\/2025\/07\/27\/le-secteur-industriel-demontre-une-resilience-remarquable-les-couts-de-production-se-stabilisent\/#breadcrumb","itemListElement":[{"@type":"ListItem","position":1,"name":"Accueil","item":"https:\/\/lasentinelle.dz\/"},{"@type":"ListItem","position":2,"name":"Le secteur industriel d\u00e9montre une r\u00e9silience remarquable\u00a0: Les co\u00fbts de production\u00a0se stabilisent"}]},{"@type":"WebSite","@id":"https:\/\/lasentinelle.dz\/#website","url":"https:\/\/lasentinelle.dz\/","name":"La Sentinelle","description":"Quotidien national d&#039;information","publisher":{"@id":"https:\/\/lasentinelle.dz\/#organization"},"potentialAction":[{"@type":"SearchAction","target":{"@type":"EntryPoint","urlTemplate":"https:\/\/lasentinelle.dz\/?s={search_term_string}"},"query-input":{"@type":"PropertyValueSpecification","valueRequired":true,"valueName":"search_term_string"}}],"inLanguage":"fr-FR"},{"@type":"Organization","@id":"https:\/\/lasentinelle.dz\/#organization","name":"Quotidien La Sentinelle","url":"https:\/\/lasentinelle.dz\/","logo":{"@type":"ImageObject","inLanguage":"fr-FR","@id":"https:\/\/lasentinelle.dz\/#\/schema\/logo\/image\/","url":"https:\/\/lasentinelle.dz\/wp-content\/uploads\/2021\/09\/logo-sentinelleSLOGAN-1.png","contentUrl":"https:\/\/lasentinelle.dz\/wp-content\/uploads\/2021\/09\/logo-sentinelleSLOGAN-1.png","width":615,"height":142,"caption":"Quotidien La Sentinelle"},"image":{"@id":"https:\/\/lasentinelle.dz\/#\/schema\/logo\/image\/"},"sameAs":["https:\/\/www.facebook.com\/La-Sentinelle-104059864394773"]},{"@type":"Person","@id":"https:\/\/lasentinelle.dz\/#\/schema\/person\/729ee0024f24e0b8c5ec17232f8e8b41","name":"admin","image":{"@type":"ImageObject","inLanguage":"fr-FR","@id":"https:\/\/secure.gravatar.com\/avatar\/4c81fed838786e9b53f540bf46533e750f5d292099ae3b66cfc6fb1982e29df7?s=96&d=mm&r=g","url":"https:\/\/secure.gravatar.com\/avatar\/4c81fed838786e9b53f540bf46533e750f5d292099ae3b66cfc6fb1982e29df7?s=96&d=mm&r=g","contentUrl":"https:\/\/secure.gravatar.com\/avatar\/4c81fed838786e9b53f540bf46533e750f5d292099ae3b66cfc6fb1982e29df7?s=96&d=mm&r=g","caption":"admin"},"description":"admin","url":"https:\/\/lasentinelle.dz\/author\/admin\/"}]}},"_links":{"self":[{"href":"https:\/\/lasentinelle.dz\/index.php\/wp-json\/wp\/v2\/posts\/70962","targetHints":{"allow":["GET"]}}],"collection":[{"href":"https:\/\/lasentinelle.dz\/index.php\/wp-json\/wp\/v2\/posts"}],"about":[{"href":"https:\/\/lasentinelle.dz\/index.php\/wp-json\/wp\/v2\/types\/post"}],"author":[{"embeddable":true,"href":"https:\/\/lasentinelle.dz\/index.php\/wp-json\/wp\/v2\/users\/6"}],"replies":[{"embeddable":true,"href":"https:\/\/lasentinelle.dz\/index.php\/wp-json\/wp\/v2\/comments?post=70962"}],"version-history":[{"count":1,"href":"https:\/\/lasentinelle.dz\/index.php\/wp-json\/wp\/v2\/posts\/70962\/revisions"}],"predecessor-version":[{"id":70964,"href":"https:\/\/lasentinelle.dz\/index.php\/wp-json\/wp\/v2\/posts\/70962\/revisions\/70964"}],"wp:featuredmedia":[{"embeddable":true,"href":"https:\/\/lasentinelle.dz\/index.php\/wp-json\/wp\/v2\/media\/70963"}],"wp:attachment":[{"href":"https:\/\/lasentinelle.dz\/index.php\/wp-json\/wp\/v2\/media?parent=70962"}],"wp:term":[{"taxonomy":"category","embeddable":true,"href":"https:\/\/lasentinelle.dz\/index.php\/wp-json\/wp\/v2\/categories?post=70962"},{"taxonomy":"post_tag","embeddable":true,"href":"https:\/\/lasentinelle.dz\/index.php\/wp-json\/wp\/v2\/tags?post=70962"}],"curies":[{"name":"wp","href":"https:\/\/api.w.org\/{rel}","templated":true}]}}