{"id":70967,"date":"2025-07-27T12:24:02","date_gmt":"2025-07-27T11:24:02","guid":{"rendered":"https:\/\/lasentinelle.dz\/?p=70967"},"modified":"2025-07-27T12:24:03","modified_gmt":"2025-07-27T11:24:03","slug":"algerie-italie-un-partenariat-strategique-dans-le-numerique","status":"publish","type":"post","link":"https:\/\/lasentinelle.dz\/index.php\/2025\/07\/27\/algerie-italie-un-partenariat-strategique-dans-le-numerique\/","title":{"rendered":"Alg\u00e9rie-\u00a0Italie\u00a0: Un partenariat strat\u00e9gique dans le num\u00e9rique"},"content":{"rendered":"\n<p>L&rsquo;Alg\u00e9rie et l&rsquo;Italie viennent de franchir une \u00e9tape d\u00e9cisive dans leur coop\u00e9ration technologique.&nbsp;<\/p>\n\n\n\n<p>Un m\u00e9morandum d&rsquo;entente ambitieux a \u00e9t\u00e9 sign\u00e9 \u00e0 Rome entre le ministre de la Poste et des T\u00e9l\u00e9communications, Sid Ali Zerrouki, et son homologue italien des Entreprises et du Made in Italy, Adolfo Urso, ouvrant la voie \u00e0 une alliance strat\u00e9gique dans les secteurs les plus innovants de l&rsquo;\u00e9conomie num\u00e9rique. Cette signature s&rsquo;est d\u00e9roul\u00e9e dans le cadre de la visite officielle du pr\u00e9sident Abdelmadjid Tebboune en Italie, lors des travaux de la cinqui\u00e8me session du Sommet intergouvernemental alg\u00e9ro-italien de haut niveau.&nbsp;Le document sign\u00e9 dessine les contours d&rsquo;un partenariat technologique d&rsquo;envergure, centr\u00e9 sur \u00ab\u00a0le d\u00e9veloppement de l&rsquo;infrastructure des t\u00e9l\u00e9communications, notamment en mati\u00e8re de bande passante internationale et de r\u00e9seaux sous-marins internationaux\u00a0\u00bb. Cette collaboration vise \u00e9galement \u00ab\u00a0le d\u00e9veloppement des services postaux et de t\u00e9l\u00e9communications au profit des citoyens des deux pays, et les m\u00e9canismes garantissant leur p\u00e9rennit\u00e9 en toutes circonstances\u00a0\u00bb, selon le communiqu\u00e9 officiel du&nbsp;PTIC. L&rsquo;accord pr\u00e9voit aussi \u00ab\u00a0l&rsquo;optimisation des comp\u00e9tences des employ\u00e9s du secteur dans les deux pays, \u00e0 travers l&rsquo;organisation d&rsquo;ateliers techniques et de sessions de formation pour les experts des deux parties\u00a0\u00bb.<\/p>\n\n\n\n<p>Au c\u0153ur de cette alliance figure le renforcement de la coop\u00e9ration bilat\u00e9rale par \u00ab\u00a0l&rsquo;encouragement des partenariats entre les op\u00e9rateurs dans le domaine des t\u00e9l\u00e9communications, en vue de renforcer l&rsquo;interconnexion internationale et les services de donn\u00e9es mobiles, le cloud computing, ainsi que les solutions de la 5G et de l&rsquo;Internet des objets\u00a0\u00bb. Ces technologies de pointe repr\u00e9sentent les piliers de l&rsquo;\u00e9conomie num\u00e9rique de demain, positionnant les deux pays en acteurs majeurs de la transformation digitale m\u00e9diterran\u00e9enne.<\/p>\n\n\n\n<p>L&rsquo;accord ne n\u00e9glige pas les enjeux s\u00e9curitaires cruciaux de l&rsquo;\u00e8re num\u00e9rique. Le m\u00e9morandum pr\u00e9voit \u00ab\u00a0le renforcement de la coop\u00e9ration dans certains domaines d&rsquo;importance majeure dont la s\u00e9curit\u00e9 des donn\u00e9es et la cybers\u00e9curit\u00e9, la radiocommunication et la gestion du spectre des fr\u00e9quences, ainsi que la promotion de l&rsquo;innovation\u00a0\u00bb. Cette dimension s\u00e9curitaire refl\u00e8te les pr\u00e9occupations contemporaines li\u00e9es \u00e0 la protection des infrastructures critiques et des donn\u00e9es sensibles.<\/p>\n\n\n\n<p>Lors de sa rencontre avec le ministre italien, Sid Ali Zerrouki a soulign\u00e9 \u00ab\u00a0la profondeur des relations bilat\u00e9rales entre l&rsquo;Alg\u00e9rie et l&rsquo;Italie, lesquelles connaissent aujourd&rsquo;hui une mutation qualitative, passant d&rsquo;un partenariat traditionnel \u00e0 un partenariat d&rsquo;avenir bas\u00e9 sur une vision commune et une feuille de route claire, afin de construire un avenir connect\u00e9, s\u00e9curis\u00e9 et innovant\u00a0\u00bb. Le ministre a \u00e9galement mis l&rsquo;accent sur une vision g\u00e9opolitique moderne, affirmant que \u00ab\u00a0la souverainet\u00e9 ne se limite plus aux territoires et aux fronti\u00e8res, mais s&rsquo;\u00e9tend aux donn\u00e9es, aux infrastructures num\u00e9riques et aux capacit\u00e9s technologiques\u00a0\u00bb. Cette approche traduit une compr\u00e9hension aigu\u00eb des enjeux strat\u00e9giques du XXIe si\u00e8cle.<\/p>\n\n\n\n<p>Pour Zerrouki, \u00ab\u00a0les relations alg\u00e9ro-italiennes doivent s&rsquo;\u00e9riger en mod\u00e8le pionnier d&rsquo;int\u00e9gration num\u00e9rique et de coop\u00e9ration technologique commune, dans le but de renforcer la souverainet\u00e9 num\u00e9rique des deux pays de mani\u00e8re \u00e0 servir leurs int\u00e9r\u00eats strat\u00e9giques face aux mutations mondiales effr\u00e9n\u00e9es\u00a0\u00bb. Cette d\u00e9claration positionne le partenariat comme un laboratoire d&rsquo;innovation pour la coop\u00e9ration Sud-Nord en M\u00e9diterran\u00e9e.<\/p>\n\n\n\n<p>Au terme de la rencontre, le ministre&nbsp;des PTIC&nbsp;a affich\u00e9 \u00ab\u00a0son grand int\u00e9r\u00eat \u00e0 r\u00e9unir toutes les conditions n\u00e9cessaires pour assurer la mise en \u0153uvre et le suivi effectifs et m\u00e9thodiques de la teneur du m\u00e9morandum\u00a0\u00bb, r\u00e9affirmant \u00ab\u00a0l&rsquo;engagement \u00e0 prendre des mesures pratiques et concr\u00e8tes pour concr\u00e9tiser cette coop\u00e9ration sur le terrain, au mieux des deux pays\u00a0\u00bb. Cette alliance technologique alg\u00e9ro-italienne s&rsquo;inscrit dans une dynamique plus large de coop\u00e9ration m\u00e9diterran\u00e9enne, o\u00f9 les enjeux num\u00e9riques deviennent d\u00e9terminants pour l&rsquo;avenir \u00e9conomique et g\u00e9ostrat\u00e9gique des nations.<\/p>\n\n\n\n<p>Samir Benisid<\/p>\n","protected":false},"excerpt":{"rendered":"<p>L&rsquo;Alg\u00e9rie et l&rsquo;Italie viennent de franchir une \u00e9tape d\u00e9cisive dans leur coop\u00e9ration technologique.&nbsp; Un m\u00e9morandum d&rsquo;entente ambitieux a \u00e9t\u00e9 sign\u00e9<\/p>\n","protected":false},"author":6,"featured_media":70968,"comment_status":"open","ping_status":"closed","sticky":false,"template":"","format":"standard","meta":{"colormag_page_container_layout":"default_layout","colormag_page_sidebar_layout":"default_layout","om_disable_all_campaigns":false,"_monsterinsights_skip_tracking":false,"_monsterinsights_sitenote_active":false,"_monsterinsights_sitenote_note":"","_monsterinsights_sitenote_category":0,"footnotes":"","_wpscppro_dont_share_socialmedia":false,"_wpscppro_custom_social_share_image":0,"_facebook_share_type":"default","_twitter_share_type":"default","_linkedin_share_type":"default","_pinterest_share_type":"default","_linkedin_share_type_page":"","_instagram_share_type":"default","_medium_share_type":"default","_threads_share_type":"","_google_business_share_type":"","_selected_social_profile":[],"_wpsp_enable_custom_social_template":false,"_wpsp_social_scheduling":{"enabled":false,"datetime":null,"platforms":[],"status":"template_only","dateOption":"today","timeOption":"now","customDays":"","customHours":"","customDate":"","customTime":"","schedulingType":"absolute"},"_wpsp_active_default_template":true},"categories":[27],"tags":[],"class_list":["post-70967","post","type-post","status-publish","format-standard","has-post-thumbnail","hentry","category-actualite"],"aioseo_notices":[],"yoast_head":"<!-- This site is optimized with the Yoast SEO plugin v27.5 - https:\/\/yoast.com\/product\/yoast-seo-wordpress\/ -->\n<title>Alg\u00e9rie-\u00a0Italie\u00a0: Un partenariat strat\u00e9gique dans le num\u00e9rique - La Sentinelle<\/title>\n<meta name=\"robots\" content=\"index, follow, max-snippet:-1, max-image-preview:large, max-video-preview:-1\" \/>\n<link rel=\"canonical\" href=\"https:\/\/lasentinelle.dz\/index.php\/2025\/07\/27\/algerie-italie-un-partenariat-strategique-dans-le-numerique\/\" \/>\n<meta property=\"og:locale\" content=\"fr_FR\" \/>\n<meta property=\"og:type\" content=\"article\" \/>\n<meta property=\"og:title\" content=\"Alg\u00e9rie-\u00a0Italie\u00a0: Un partenariat strat\u00e9gique dans le num\u00e9rique - La Sentinelle\" \/>\n<meta property=\"og:description\" content=\"L&rsquo;Alg\u00e9rie et l&rsquo;Italie viennent de franchir une \u00e9tape d\u00e9cisive dans leur coop\u00e9ration technologique.&nbsp; Un m\u00e9morandum d&rsquo;entente ambitieux a \u00e9t\u00e9 sign\u00e9\" \/>\n<meta property=\"og:url\" content=\"https:\/\/lasentinelle.dz\/index.php\/2025\/07\/27\/algerie-italie-un-partenariat-strategique-dans-le-numerique\/\" \/>\n<meta property=\"og:site_name\" content=\"La Sentinelle\" \/>\n<meta property=\"article:publisher\" content=\"https:\/\/www.facebook.com\/La-Sentinelle-104059864394773\" \/>\n<meta property=\"article:published_time\" content=\"2025-07-27T11:24:02+00:00\" \/>\n<meta property=\"article:modified_time\" content=\"2025-07-27T11:24:03+00:00\" \/>\n<meta property=\"og:image\" content=\"https:\/\/lasentinelle.dz\/wp-content\/uploads\/2025\/07\/partenariat.jpeg\" \/>\n\t<meta property=\"og:image:width\" content=\"1600\" \/>\n\t<meta property=\"og:image:height\" content=\"1200\" \/>\n\t<meta property=\"og:image:type\" content=\"image\/jpeg\" \/>\n<meta name=\"author\" content=\"admin\" \/>\n<meta name=\"twitter:card\" content=\"summary_large_image\" \/>\n<meta name=\"twitter:label1\" content=\"\u00c9crit par\" \/>\n\t<meta name=\"twitter:data1\" content=\"admin\" \/>\n\t<meta name=\"twitter:label2\" content=\"Dur\u00e9e de lecture estim\u00e9e\" \/>\n\t<meta name=\"twitter:data2\" content=\"4 minutes\" \/>\n<script type=\"application\/ld+json\" class=\"yoast-schema-graph\">{\"@context\":\"https:\\\/\\\/schema.org\",\"@graph\":[{\"@type\":\"Article\",\"@id\":\"https:\\\/\\\/lasentinelle.dz\\\/index.php\\\/2025\\\/07\\\/27\\\/algerie-italie-un-partenariat-strategique-dans-le-numerique\\\/#article\",\"isPartOf\":{\"@id\":\"https:\\\/\\\/lasentinelle.dz\\\/index.php\\\/2025\\\/07\\\/27\\\/algerie-italie-un-partenariat-strategique-dans-le-numerique\\\/\"},\"author\":{\"name\":\"admin\",\"@id\":\"https:\\\/\\\/lasentinelle.dz\\\/#\\\/schema\\\/person\\\/729ee0024f24e0b8c5ec17232f8e8b41\"},\"headline\":\"Alg\u00e9rie-\u00a0Italie\u00a0: Un partenariat strat\u00e9gique dans le num\u00e9rique\",\"datePublished\":\"2025-07-27T11:24:02+00:00\",\"dateModified\":\"2025-07-27T11:24:03+00:00\",\"mainEntityOfPage\":{\"@id\":\"https:\\\/\\\/lasentinelle.dz\\\/index.php\\\/2025\\\/07\\\/27\\\/algerie-italie-un-partenariat-strategique-dans-le-numerique\\\/\"},\"wordCount\":710,\"commentCount\":0,\"publisher\":{\"@id\":\"https:\\\/\\\/lasentinelle.dz\\\/#organization\"},\"image\":{\"@id\":\"https:\\\/\\\/lasentinelle.dz\\\/index.php\\\/2025\\\/07\\\/27\\\/algerie-italie-un-partenariat-strategique-dans-le-numerique\\\/#primaryimage\"},\"thumbnailUrl\":\"https:\\\/\\\/lasentinelle.dz\\\/wp-content\\\/uploads\\\/2025\\\/07\\\/partenariat.jpeg\",\"articleSection\":[\"Actualit\u00e9\"],\"inLanguage\":\"fr-FR\",\"potentialAction\":[{\"@type\":\"CommentAction\",\"name\":\"Comment\",\"target\":[\"https:\\\/\\\/lasentinelle.dz\\\/index.php\\\/2025\\\/07\\\/27\\\/algerie-italie-un-partenariat-strategique-dans-le-numerique\\\/#respond\"]}]},{\"@type\":\"WebPage\",\"@id\":\"https:\\\/\\\/lasentinelle.dz\\\/index.php\\\/2025\\\/07\\\/27\\\/algerie-italie-un-partenariat-strategique-dans-le-numerique\\\/\",\"url\":\"https:\\\/\\\/lasentinelle.dz\\\/index.php\\\/2025\\\/07\\\/27\\\/algerie-italie-un-partenariat-strategique-dans-le-numerique\\\/\",\"name\":\"Alg\u00e9rie-\u00a0Italie\u00a0: Un partenariat strat\u00e9gique dans le num\u00e9rique - La Sentinelle\",\"isPartOf\":{\"@id\":\"https:\\\/\\\/lasentinelle.dz\\\/#website\"},\"primaryImageOfPage\":{\"@id\":\"https:\\\/\\\/lasentinelle.dz\\\/index.php\\\/2025\\\/07\\\/27\\\/algerie-italie-un-partenariat-strategique-dans-le-numerique\\\/#primaryimage\"},\"image\":{\"@id\":\"https:\\\/\\\/lasentinelle.dz\\\/index.php\\\/2025\\\/07\\\/27\\\/algerie-italie-un-partenariat-strategique-dans-le-numerique\\\/#primaryimage\"},\"thumbnailUrl\":\"https:\\\/\\\/lasentinelle.dz\\\/wp-content\\\/uploads\\\/2025\\\/07\\\/partenariat.jpeg\",\"datePublished\":\"2025-07-27T11:24:02+00:00\",\"dateModified\":\"2025-07-27T11:24:03+00:00\",\"breadcrumb\":{\"@id\":\"https:\\\/\\\/lasentinelle.dz\\\/index.php\\\/2025\\\/07\\\/27\\\/algerie-italie-un-partenariat-strategique-dans-le-numerique\\\/#breadcrumb\"},\"inLanguage\":\"fr-FR\",\"potentialAction\":[{\"@type\":\"ReadAction\",\"target\":[\"https:\\\/\\\/lasentinelle.dz\\\/index.php\\\/2025\\\/07\\\/27\\\/algerie-italie-un-partenariat-strategique-dans-le-numerique\\\/\"]}]},{\"@type\":\"ImageObject\",\"inLanguage\":\"fr-FR\",\"@id\":\"https:\\\/\\\/lasentinelle.dz\\\/index.php\\\/2025\\\/07\\\/27\\\/algerie-italie-un-partenariat-strategique-dans-le-numerique\\\/#primaryimage\",\"url\":\"https:\\\/\\\/lasentinelle.dz\\\/wp-content\\\/uploads\\\/2025\\\/07\\\/partenariat.jpeg\",\"contentUrl\":\"https:\\\/\\\/lasentinelle.dz\\\/wp-content\\\/uploads\\\/2025\\\/07\\\/partenariat.jpeg\",\"width\":1600,\"height\":1200},{\"@type\":\"BreadcrumbList\",\"@id\":\"https:\\\/\\\/lasentinelle.dz\\\/index.php\\\/2025\\\/07\\\/27\\\/algerie-italie-un-partenariat-strategique-dans-le-numerique\\\/#breadcrumb\",\"itemListElement\":[{\"@type\":\"ListItem\",\"position\":1,\"name\":\"Accueil\",\"item\":\"https:\\\/\\\/lasentinelle.dz\\\/\"},{\"@type\":\"ListItem\",\"position\":2,\"name\":\"Alg\u00e9rie-\u00a0Italie\u00a0: Un partenariat strat\u00e9gique dans le num\u00e9rique\"}]},{\"@type\":\"WebSite\",\"@id\":\"https:\\\/\\\/lasentinelle.dz\\\/#website\",\"url\":\"https:\\\/\\\/lasentinelle.dz\\\/\",\"name\":\"La Sentinelle\",\"description\":\"Quotidien national d&#039;information\",\"publisher\":{\"@id\":\"https:\\\/\\\/lasentinelle.dz\\\/#organization\"},\"potentialAction\":[{\"@type\":\"SearchAction\",\"target\":{\"@type\":\"EntryPoint\",\"urlTemplate\":\"https:\\\/\\\/lasentinelle.dz\\\/?s={search_term_string}\"},\"query-input\":{\"@type\":\"PropertyValueSpecification\",\"valueRequired\":true,\"valueName\":\"search_term_string\"}}],\"inLanguage\":\"fr-FR\"},{\"@type\":\"Organization\",\"@id\":\"https:\\\/\\\/lasentinelle.dz\\\/#organization\",\"name\":\"Quotidien La Sentinelle\",\"url\":\"https:\\\/\\\/lasentinelle.dz\\\/\",\"logo\":{\"@type\":\"ImageObject\",\"inLanguage\":\"fr-FR\",\"@id\":\"https:\\\/\\\/lasentinelle.dz\\\/#\\\/schema\\\/logo\\\/image\\\/\",\"url\":\"https:\\\/\\\/lasentinelle.dz\\\/wp-content\\\/uploads\\\/2021\\\/09\\\/logo-sentinelleSLOGAN-1.png\",\"contentUrl\":\"https:\\\/\\\/lasentinelle.dz\\\/wp-content\\\/uploads\\\/2021\\\/09\\\/logo-sentinelleSLOGAN-1.png\",\"width\":615,\"height\":142,\"caption\":\"Quotidien La Sentinelle\"},\"image\":{\"@id\":\"https:\\\/\\\/lasentinelle.dz\\\/#\\\/schema\\\/logo\\\/image\\\/\"},\"sameAs\":[\"https:\\\/\\\/www.facebook.com\\\/La-Sentinelle-104059864394773\"]},{\"@type\":\"Person\",\"@id\":\"https:\\\/\\\/lasentinelle.dz\\\/#\\\/schema\\\/person\\\/729ee0024f24e0b8c5ec17232f8e8b41\",\"name\":\"admin\",\"image\":{\"@type\":\"ImageObject\",\"inLanguage\":\"fr-FR\",\"@id\":\"https:\\\/\\\/secure.gravatar.com\\\/avatar\\\/4c81fed838786e9b53f540bf46533e750f5d292099ae3b66cfc6fb1982e29df7?s=96&d=mm&r=g\",\"url\":\"https:\\\/\\\/secure.gravatar.com\\\/avatar\\\/4c81fed838786e9b53f540bf46533e750f5d292099ae3b66cfc6fb1982e29df7?s=96&d=mm&r=g\",\"contentUrl\":\"https:\\\/\\\/secure.gravatar.com\\\/avatar\\\/4c81fed838786e9b53f540bf46533e750f5d292099ae3b66cfc6fb1982e29df7?s=96&d=mm&r=g\",\"caption\":\"admin\"},\"description\":\"admin\",\"url\":\"https:\\\/\\\/lasentinelle.dz\\\/author\\\/admin\\\/\"}]}<\/script>\n<!-- \/ Yoast SEO plugin. -->","yoast_head_json":{"title":"Alg\u00e9rie-\u00a0Italie\u00a0: Un partenariat strat\u00e9gique dans le num\u00e9rique - La Sentinelle","robots":{"index":"index","follow":"follow","max-snippet":"max-snippet:-1","max-image-preview":"max-image-preview:large","max-video-preview":"max-video-preview:-1"},"canonical":"https:\/\/lasentinelle.dz\/index.php\/2025\/07\/27\/algerie-italie-un-partenariat-strategique-dans-le-numerique\/","og_locale":"fr_FR","og_type":"article","og_title":"Alg\u00e9rie-\u00a0Italie\u00a0: Un partenariat strat\u00e9gique dans le num\u00e9rique - La Sentinelle","og_description":"L&rsquo;Alg\u00e9rie et l&rsquo;Italie viennent de franchir une \u00e9tape d\u00e9cisive dans leur coop\u00e9ration technologique.&nbsp; Un m\u00e9morandum d&rsquo;entente ambitieux a \u00e9t\u00e9 sign\u00e9","og_url":"https:\/\/lasentinelle.dz\/index.php\/2025\/07\/27\/algerie-italie-un-partenariat-strategique-dans-le-numerique\/","og_site_name":"La Sentinelle","article_publisher":"https:\/\/www.facebook.com\/La-Sentinelle-104059864394773","article_published_time":"2025-07-27T11:24:02+00:00","article_modified_time":"2025-07-27T11:24:03+00:00","og_image":[{"width":1600,"height":1200,"url":"https:\/\/lasentinelle.dz\/wp-content\/uploads\/2025\/07\/partenariat.jpeg","type":"image\/jpeg"}],"author":"admin","twitter_card":"summary_large_image","twitter_misc":{"\u00c9crit par":"admin","Dur\u00e9e de lecture estim\u00e9e":"4 minutes"},"schema":{"@context":"https:\/\/schema.org","@graph":[{"@type":"Article","@id":"https:\/\/lasentinelle.dz\/index.php\/2025\/07\/27\/algerie-italie-un-partenariat-strategique-dans-le-numerique\/#article","isPartOf":{"@id":"https:\/\/lasentinelle.dz\/index.php\/2025\/07\/27\/algerie-italie-un-partenariat-strategique-dans-le-numerique\/"},"author":{"name":"admin","@id":"https:\/\/lasentinelle.dz\/#\/schema\/person\/729ee0024f24e0b8c5ec17232f8e8b41"},"headline":"Alg\u00e9rie-\u00a0Italie\u00a0: Un partenariat strat\u00e9gique dans le num\u00e9rique","datePublished":"2025-07-27T11:24:02+00:00","dateModified":"2025-07-27T11:24:03+00:00","mainEntityOfPage":{"@id":"https:\/\/lasentinelle.dz\/index.php\/2025\/07\/27\/algerie-italie-un-partenariat-strategique-dans-le-numerique\/"},"wordCount":710,"commentCount":0,"publisher":{"@id":"https:\/\/lasentinelle.dz\/#organization"},"image":{"@id":"https:\/\/lasentinelle.dz\/index.php\/2025\/07\/27\/algerie-italie-un-partenariat-strategique-dans-le-numerique\/#primaryimage"},"thumbnailUrl":"https:\/\/lasentinelle.dz\/wp-content\/uploads\/2025\/07\/partenariat.jpeg","articleSection":["Actualit\u00e9"],"inLanguage":"fr-FR","potentialAction":[{"@type":"CommentAction","name":"Comment","target":["https:\/\/lasentinelle.dz\/index.php\/2025\/07\/27\/algerie-italie-un-partenariat-strategique-dans-le-numerique\/#respond"]}]},{"@type":"WebPage","@id":"https:\/\/lasentinelle.dz\/index.php\/2025\/07\/27\/algerie-italie-un-partenariat-strategique-dans-le-numerique\/","url":"https:\/\/lasentinelle.dz\/index.php\/2025\/07\/27\/algerie-italie-un-partenariat-strategique-dans-le-numerique\/","name":"Alg\u00e9rie-\u00a0Italie\u00a0: Un partenariat strat\u00e9gique dans le num\u00e9rique - La Sentinelle","isPartOf":{"@id":"https:\/\/lasentinelle.dz\/#website"},"primaryImageOfPage":{"@id":"https:\/\/lasentinelle.dz\/index.php\/2025\/07\/27\/algerie-italie-un-partenariat-strategique-dans-le-numerique\/#primaryimage"},"image":{"@id":"https:\/\/lasentinelle.dz\/index.php\/2025\/07\/27\/algerie-italie-un-partenariat-strategique-dans-le-numerique\/#primaryimage"},"thumbnailUrl":"https:\/\/lasentinelle.dz\/wp-content\/uploads\/2025\/07\/partenariat.jpeg","datePublished":"2025-07-27T11:24:02+00:00","dateModified":"2025-07-27T11:24:03+00:00","breadcrumb":{"@id":"https:\/\/lasentinelle.dz\/index.php\/2025\/07\/27\/algerie-italie-un-partenariat-strategique-dans-le-numerique\/#breadcrumb"},"inLanguage":"fr-FR","potentialAction":[{"@type":"ReadAction","target":["https:\/\/lasentinelle.dz\/index.php\/2025\/07\/27\/algerie-italie-un-partenariat-strategique-dans-le-numerique\/"]}]},{"@type":"ImageObject","inLanguage":"fr-FR","@id":"https:\/\/lasentinelle.dz\/index.php\/2025\/07\/27\/algerie-italie-un-partenariat-strategique-dans-le-numerique\/#primaryimage","url":"https:\/\/lasentinelle.dz\/wp-content\/uploads\/2025\/07\/partenariat.jpeg","contentUrl":"https:\/\/lasentinelle.dz\/wp-content\/uploads\/2025\/07\/partenariat.jpeg","width":1600,"height":1200},{"@type":"BreadcrumbList","@id":"https:\/\/lasentinelle.dz\/index.php\/2025\/07\/27\/algerie-italie-un-partenariat-strategique-dans-le-numerique\/#breadcrumb","itemListElement":[{"@type":"ListItem","position":1,"name":"Accueil","item":"https:\/\/lasentinelle.dz\/"},{"@type":"ListItem","position":2,"name":"Alg\u00e9rie-\u00a0Italie\u00a0: Un partenariat strat\u00e9gique dans le num\u00e9rique"}]},{"@type":"WebSite","@id":"https:\/\/lasentinelle.dz\/#website","url":"https:\/\/lasentinelle.dz\/","name":"La Sentinelle","description":"Quotidien national d&#039;information","publisher":{"@id":"https:\/\/lasentinelle.dz\/#organization"},"potentialAction":[{"@type":"SearchAction","target":{"@type":"EntryPoint","urlTemplate":"https:\/\/lasentinelle.dz\/?s={search_term_string}"},"query-input":{"@type":"PropertyValueSpecification","valueRequired":true,"valueName":"search_term_string"}}],"inLanguage":"fr-FR"},{"@type":"Organization","@id":"https:\/\/lasentinelle.dz\/#organization","name":"Quotidien La Sentinelle","url":"https:\/\/lasentinelle.dz\/","logo":{"@type":"ImageObject","inLanguage":"fr-FR","@id":"https:\/\/lasentinelle.dz\/#\/schema\/logo\/image\/","url":"https:\/\/lasentinelle.dz\/wp-content\/uploads\/2021\/09\/logo-sentinelleSLOGAN-1.png","contentUrl":"https:\/\/lasentinelle.dz\/wp-content\/uploads\/2021\/09\/logo-sentinelleSLOGAN-1.png","width":615,"height":142,"caption":"Quotidien La Sentinelle"},"image":{"@id":"https:\/\/lasentinelle.dz\/#\/schema\/logo\/image\/"},"sameAs":["https:\/\/www.facebook.com\/La-Sentinelle-104059864394773"]},{"@type":"Person","@id":"https:\/\/lasentinelle.dz\/#\/schema\/person\/729ee0024f24e0b8c5ec17232f8e8b41","name":"admin","image":{"@type":"ImageObject","inLanguage":"fr-FR","@id":"https:\/\/secure.gravatar.com\/avatar\/4c81fed838786e9b53f540bf46533e750f5d292099ae3b66cfc6fb1982e29df7?s=96&d=mm&r=g","url":"https:\/\/secure.gravatar.com\/avatar\/4c81fed838786e9b53f540bf46533e750f5d292099ae3b66cfc6fb1982e29df7?s=96&d=mm&r=g","contentUrl":"https:\/\/secure.gravatar.com\/avatar\/4c81fed838786e9b53f540bf46533e750f5d292099ae3b66cfc6fb1982e29df7?s=96&d=mm&r=g","caption":"admin"},"description":"admin","url":"https:\/\/lasentinelle.dz\/author\/admin\/"}]}},"_links":{"self":[{"href":"https:\/\/lasentinelle.dz\/index.php\/wp-json\/wp\/v2\/posts\/70967","targetHints":{"allow":["GET"]}}],"collection":[{"href":"https:\/\/lasentinelle.dz\/index.php\/wp-json\/wp\/v2\/posts"}],"about":[{"href":"https:\/\/lasentinelle.dz\/index.php\/wp-json\/wp\/v2\/types\/post"}],"author":[{"embeddable":true,"href":"https:\/\/lasentinelle.dz\/index.php\/wp-json\/wp\/v2\/users\/6"}],"replies":[{"embeddable":true,"href":"https:\/\/lasentinelle.dz\/index.php\/wp-json\/wp\/v2\/comments?post=70967"}],"version-history":[{"count":1,"href":"https:\/\/lasentinelle.dz\/index.php\/wp-json\/wp\/v2\/posts\/70967\/revisions"}],"predecessor-version":[{"id":70969,"href":"https:\/\/lasentinelle.dz\/index.php\/wp-json\/wp\/v2\/posts\/70967\/revisions\/70969"}],"wp:featuredmedia":[{"embeddable":true,"href":"https:\/\/lasentinelle.dz\/index.php\/wp-json\/wp\/v2\/media\/70968"}],"wp:attachment":[{"href":"https:\/\/lasentinelle.dz\/index.php\/wp-json\/wp\/v2\/media?parent=70967"}],"wp:term":[{"taxonomy":"category","embeddable":true,"href":"https:\/\/lasentinelle.dz\/index.php\/wp-json\/wp\/v2\/categories?post=70967"},{"taxonomy":"post_tag","embeddable":true,"href":"https:\/\/lasentinelle.dz\/index.php\/wp-json\/wp\/v2\/tags?post=70967"}],"curies":[{"name":"wp","href":"https:\/\/api.w.org\/{rel}","templated":true}]}}