{"id":70970,"date":"2025-07-27T12:24:46","date_gmt":"2025-07-27T11:24:46","guid":{"rendered":"https:\/\/lasentinelle.dz\/?p=70970"},"modified":"2025-07-27T12:24:47","modified_gmt":"2025-07-27T11:24:47","slug":"transport-ferroviaire-les-travaux-de-la-ligne-ferroviaire-oum-el-assel-tindouf-acceleres","status":"publish","type":"post","link":"https:\/\/lasentinelle.dz\/index.php\/2025\/07\/27\/transport-ferroviaire-les-travaux-de-la-ligne-ferroviaire-oum-el-assel-tindouf-acceleres\/","title":{"rendered":"Transport ferroviaire\u00a0: Les\u00a0travaux de la ligne ferroviaire Oum El Assel-Tindouf\u00a0acc\u00e9l\u00e9r\u00e9s"},"content":{"rendered":"\n<p>Les travaux de r\u00e9alisation et d\u2019\u00e9quipement de la ligne ferroviaire Oum El Assel-Tindouf sur 175 km, du m\u00e9gaprojet de la ligne ferroviaire mini\u00e8re Bechar-Tindouf-Gara-Djebilet (950km), connaissent une \u00ab\u00a0avanc\u00e9e acc\u00e9l\u00e9r\u00e9e\u00a0\u00bb, a indiqu\u00e9 l\u2019Agence nationale d\u2019\u00e9tudes et de suivi de la r\u00e9alisation des investissements ferroviaires (ANESRIF). Cette section de la ligne ferroviaire est marqu\u00e9e par une avanc\u00e9e acc\u00e9l\u00e9r\u00e9e des travaux de r\u00e9alisation, \u00e0 travers la concr\u00e9tisation des op\u00e9rations de d\u00e9blais soit 1.603.397 m\u00e8tres cubes, ce qui repr\u00e9sente un taux de r\u00e9alisation de 100%, et de 9.374.511 m\u00e8tres cubes d\u2019autres travaux de remblais sur un global pr\u00e9vu de 9.504.511 m\u00e8tres cubes, soit un taux de r\u00e9alisation de 99%, a indiqu\u00e9 le Directeur de communication Abdelkader Mazzar. Il a \u00e9t\u00e9 aussi proc\u00e9d\u00e9 dans ce segment du projet \u00e0 la r\u00e9alisation de 162.577 m\u00e8tres-lin\u00e9aires de couche de forme, sur les 173.600 m\u00e8tres programm\u00e9s, soit une avanc\u00e9e de l\u2019ordre de 94%, ainsi que la concr\u00e9tisation d\u2019un total de 144.825 autres m\u00e8tres-lin\u00e9aires de couche de fondation sur les 173.600 m\u00e8tres-lin\u00e9aires pr\u00e9vu (83%), a-t-il ajout\u00e9. En mati\u00e8re de travaux de r\u00e9alisation de la couche de sous-ballast, sur un objectif de 173.600 m\u00e8tres-lin\u00e9aires pr\u00e9vus par les \u00e9tudes techniques, 99.150 m\u00e8tres-lin\u00e9aires ont \u00e9t\u00e9 finalis\u00e9s, signale le m\u00eame responsable. Il a fait \u00e9tat \u00e9galement de la pose de 20.000 m\u00e8tres-lin\u00e9aires de voie, sur les 212.631 m\u00e8tres-lin\u00e9aires pr\u00e9vus et de 96.893 unit\u00e9s de traverses sur un total de 348.762 m\u00e8tres-lin\u00e9aires. S\u2019agissant des ouvrages de drainage sur ce tron\u00e7on, 177 unit\u00e9s sur les 184 pr\u00e9vues ont \u00e9t\u00e9 r\u00e9alis\u00e9es dans le m\u00eame chantier, a-t-il indiqu\u00e9. Par ailleurs, huit (8) viaducs d\u2019une longueur total de plus de 2,500 km sont aussi en r\u00e9alisation et dont les travaux d\u2019avancement sont estim\u00e9s \u00e0 70%, tandis que les travaux de sept (7) autres unit\u00e9s de passages submersibles et passages inferieurs sont en cours avec un taux d\u2019avancement de l\u2019ordre de 70%, selon M. Mazzar. Il a indiqu\u00e9 qu\u2019en mati\u00e8re d\u2019infrastructures destin\u00e9es aux voyageurs, les travaux de r\u00e9alisation d\u2019une gare \u00e0 Tindouf, selon les normes nationales et internationales se poursuivent \u00e9galement avec un rythme acc\u00e9l\u00e9r\u00e9 sur une superficie de 18.000 m\u00e8tres carr\u00e9s, dont 2.800 m\u00e8tres carr\u00e9s b\u00e2tis. Les travaux de r\u00e9alisation et d\u2019\u00e9quipement de ce tron\u00e7on et de la gare de voyageurs de Tindouf, qui sont pris en charge par un groupement d\u2019entreprises publiques \u00e0 savoir SNTP, GCB, INFRAFER, INFRARAIL et SAPTA, seront finalis\u00e9s et r\u00e9ceptionn\u00e9s dans les d\u00e9lais prescrits \u00e0 savoir la fin de l\u2019ann\u00e9e 2025, a fait savoir la m\u00eame source. Auparavant et dans le cadre du m\u00eame m\u00e9gaprojet de la ligne ferroviaire mini\u00e8re Bechar-Tindouf-Gara-Djebilet, il a \u00e9t\u00e9 proc\u00e9d\u00e9 \u00e0 la r\u00e9ception et mise en service du premier tron\u00e7on de 100 km reliant Bechar \u00e0 Abadla, qui a \u00e9t\u00e9 inaugur\u00e9 par le pr\u00e9sident de la R\u00e9publique M. Abdelmadjid Tebboune, le mois d&rsquo;avril pass\u00e9 et celui de Tindouf au gisement de fer de Gara-Djebilet sur 135 km, rappelle-t-on.&nbsp;<\/p>\n\n\n\n<p>APS<\/p>\n","protected":false},"excerpt":{"rendered":"<p>Les travaux de r\u00e9alisation et d\u2019\u00e9quipement de la ligne ferroviaire Oum El Assel-Tindouf sur 175 km, du m\u00e9gaprojet de la<\/p>\n","protected":false},"author":6,"featured_media":54209,"comment_status":"open","ping_status":"closed","sticky":false,"template":"","format":"standard","meta":{"colormag_page_container_layout":"default_layout","colormag_page_sidebar_layout":"default_layout","om_disable_all_campaigns":false,"_monsterinsights_skip_tracking":false,"_monsterinsights_sitenote_active":false,"_monsterinsights_sitenote_note":"","_monsterinsights_sitenote_category":0,"footnotes":"","_wpscppro_dont_share_socialmedia":false,"_wpscppro_custom_social_share_image":0,"_facebook_share_type":"default","_twitter_share_type":"default","_linkedin_share_type":"default","_pinterest_share_type":"default","_linkedin_share_type_page":"","_instagram_share_type":"default","_medium_share_type":"default","_threads_share_type":"","_google_business_share_type":"","_selected_social_profile":[],"_wpsp_enable_custom_social_template":false,"_wpsp_social_scheduling":{"enabled":false,"datetime":null,"platforms":[],"status":"template_only","dateOption":"today","timeOption":"now","customDays":"","customHours":"","customDate":"","customTime":"","schedulingType":"absolute"},"_wpsp_active_default_template":true},"categories":[27],"tags":[],"class_list":["post-70970","post","type-post","status-publish","format-standard","has-post-thumbnail","hentry","category-actualite"],"aioseo_notices":[],"yoast_head":"<!-- This site is optimized with the Yoast SEO plugin v27.5 - https:\/\/yoast.com\/product\/yoast-seo-wordpress\/ -->\n<title>Transport ferroviaire\u00a0: Les\u00a0travaux de la ligne ferroviaire Oum El Assel-Tindouf\u00a0acc\u00e9l\u00e9r\u00e9s - La Sentinelle<\/title>\n<meta name=\"robots\" content=\"index, follow, max-snippet:-1, max-image-preview:large, max-video-preview:-1\" \/>\n<link rel=\"canonical\" href=\"https:\/\/lasentinelle.dz\/index.php\/2025\/07\/27\/transport-ferroviaire-les-travaux-de-la-ligne-ferroviaire-oum-el-assel-tindouf-acceleres\/\" \/>\n<meta property=\"og:locale\" content=\"fr_FR\" \/>\n<meta property=\"og:type\" content=\"article\" \/>\n<meta property=\"og:title\" content=\"Transport ferroviaire\u00a0: Les\u00a0travaux de la ligne ferroviaire Oum El Assel-Tindouf\u00a0acc\u00e9l\u00e9r\u00e9s - La Sentinelle\" \/>\n<meta property=\"og:description\" content=\"Les travaux de r\u00e9alisation et d\u2019\u00e9quipement de la ligne ferroviaire Oum El Assel-Tindouf sur 175 km, du m\u00e9gaprojet de la\" \/>\n<meta property=\"og:url\" content=\"https:\/\/lasentinelle.dz\/index.php\/2025\/07\/27\/transport-ferroviaire-les-travaux-de-la-ligne-ferroviaire-oum-el-assel-tindouf-acceleres\/\" \/>\n<meta property=\"og:site_name\" content=\"La Sentinelle\" \/>\n<meta property=\"article:publisher\" content=\"https:\/\/www.facebook.com\/La-Sentinelle-104059864394773\" \/>\n<meta property=\"article:published_time\" content=\"2025-07-27T11:24:46+00:00\" \/>\n<meta property=\"article:modified_time\" content=\"2025-07-27T11:24:47+00:00\" \/>\n<meta property=\"og:image\" content=\"https:\/\/lasentinelle.dz\/wp-content\/uploads\/2024\/07\/rail.jpeg\" \/>\n\t<meta property=\"og:image:width\" content=\"739\" \/>\n\t<meta property=\"og:image:height\" content=\"417\" \/>\n\t<meta property=\"og:image:type\" content=\"image\/jpeg\" \/>\n<meta name=\"author\" content=\"admin\" \/>\n<meta name=\"twitter:card\" content=\"summary_large_image\" \/>\n<meta name=\"twitter:label1\" content=\"\u00c9crit par\" \/>\n\t<meta name=\"twitter:data1\" content=\"admin\" \/>\n\t<meta name=\"twitter:label2\" content=\"Dur\u00e9e de lecture estim\u00e9e\" \/>\n\t<meta name=\"twitter:data2\" content=\"3 minutes\" \/>\n<script type=\"application\/ld+json\" class=\"yoast-schema-graph\">{\"@context\":\"https:\\\/\\\/schema.org\",\"@graph\":[{\"@type\":\"Article\",\"@id\":\"https:\\\/\\\/lasentinelle.dz\\\/index.php\\\/2025\\\/07\\\/27\\\/transport-ferroviaire-les-travaux-de-la-ligne-ferroviaire-oum-el-assel-tindouf-acceleres\\\/#article\",\"isPartOf\":{\"@id\":\"https:\\\/\\\/lasentinelle.dz\\\/index.php\\\/2025\\\/07\\\/27\\\/transport-ferroviaire-les-travaux-de-la-ligne-ferroviaire-oum-el-assel-tindouf-acceleres\\\/\"},\"author\":{\"name\":\"admin\",\"@id\":\"https:\\\/\\\/lasentinelle.dz\\\/#\\\/schema\\\/person\\\/729ee0024f24e0b8c5ec17232f8e8b41\"},\"headline\":\"Transport ferroviaire\u00a0: Les\u00a0travaux de la ligne ferroviaire Oum El Assel-Tindouf\u00a0acc\u00e9l\u00e9r\u00e9s\",\"datePublished\":\"2025-07-27T11:24:46+00:00\",\"dateModified\":\"2025-07-27T11:24:47+00:00\",\"mainEntityOfPage\":{\"@id\":\"https:\\\/\\\/lasentinelle.dz\\\/index.php\\\/2025\\\/07\\\/27\\\/transport-ferroviaire-les-travaux-de-la-ligne-ferroviaire-oum-el-assel-tindouf-acceleres\\\/\"},\"wordCount\":556,\"commentCount\":0,\"publisher\":{\"@id\":\"https:\\\/\\\/lasentinelle.dz\\\/#organization\"},\"image\":{\"@id\":\"https:\\\/\\\/lasentinelle.dz\\\/index.php\\\/2025\\\/07\\\/27\\\/transport-ferroviaire-les-travaux-de-la-ligne-ferroviaire-oum-el-assel-tindouf-acceleres\\\/#primaryimage\"},\"thumbnailUrl\":\"https:\\\/\\\/lasentinelle.dz\\\/wp-content\\\/uploads\\\/2024\\\/07\\\/rail.jpeg\",\"articleSection\":[\"Actualit\u00e9\"],\"inLanguage\":\"fr-FR\",\"potentialAction\":[{\"@type\":\"CommentAction\",\"name\":\"Comment\",\"target\":[\"https:\\\/\\\/lasentinelle.dz\\\/index.php\\\/2025\\\/07\\\/27\\\/transport-ferroviaire-les-travaux-de-la-ligne-ferroviaire-oum-el-assel-tindouf-acceleres\\\/#respond\"]}]},{\"@type\":\"WebPage\",\"@id\":\"https:\\\/\\\/lasentinelle.dz\\\/index.php\\\/2025\\\/07\\\/27\\\/transport-ferroviaire-les-travaux-de-la-ligne-ferroviaire-oum-el-assel-tindouf-acceleres\\\/\",\"url\":\"https:\\\/\\\/lasentinelle.dz\\\/index.php\\\/2025\\\/07\\\/27\\\/transport-ferroviaire-les-travaux-de-la-ligne-ferroviaire-oum-el-assel-tindouf-acceleres\\\/\",\"name\":\"Transport ferroviaire\u00a0: Les\u00a0travaux de la ligne ferroviaire Oum El Assel-Tindouf\u00a0acc\u00e9l\u00e9r\u00e9s - La Sentinelle\",\"isPartOf\":{\"@id\":\"https:\\\/\\\/lasentinelle.dz\\\/#website\"},\"primaryImageOfPage\":{\"@id\":\"https:\\\/\\\/lasentinelle.dz\\\/index.php\\\/2025\\\/07\\\/27\\\/transport-ferroviaire-les-travaux-de-la-ligne-ferroviaire-oum-el-assel-tindouf-acceleres\\\/#primaryimage\"},\"image\":{\"@id\":\"https:\\\/\\\/lasentinelle.dz\\\/index.php\\\/2025\\\/07\\\/27\\\/transport-ferroviaire-les-travaux-de-la-ligne-ferroviaire-oum-el-assel-tindouf-acceleres\\\/#primaryimage\"},\"thumbnailUrl\":\"https:\\\/\\\/lasentinelle.dz\\\/wp-content\\\/uploads\\\/2024\\\/07\\\/rail.jpeg\",\"datePublished\":\"2025-07-27T11:24:46+00:00\",\"dateModified\":\"2025-07-27T11:24:47+00:00\",\"breadcrumb\":{\"@id\":\"https:\\\/\\\/lasentinelle.dz\\\/index.php\\\/2025\\\/07\\\/27\\\/transport-ferroviaire-les-travaux-de-la-ligne-ferroviaire-oum-el-assel-tindouf-acceleres\\\/#breadcrumb\"},\"inLanguage\":\"fr-FR\",\"potentialAction\":[{\"@type\":\"ReadAction\",\"target\":[\"https:\\\/\\\/lasentinelle.dz\\\/index.php\\\/2025\\\/07\\\/27\\\/transport-ferroviaire-les-travaux-de-la-ligne-ferroviaire-oum-el-assel-tindouf-acceleres\\\/\"]}]},{\"@type\":\"ImageObject\",\"inLanguage\":\"fr-FR\",\"@id\":\"https:\\\/\\\/lasentinelle.dz\\\/index.php\\\/2025\\\/07\\\/27\\\/transport-ferroviaire-les-travaux-de-la-ligne-ferroviaire-oum-el-assel-tindouf-acceleres\\\/#primaryimage\",\"url\":\"https:\\\/\\\/lasentinelle.dz\\\/wp-content\\\/uploads\\\/2024\\\/07\\\/rail.jpeg\",\"contentUrl\":\"https:\\\/\\\/lasentinelle.dz\\\/wp-content\\\/uploads\\\/2024\\\/07\\\/rail.jpeg\",\"width\":739,\"height\":417},{\"@type\":\"BreadcrumbList\",\"@id\":\"https:\\\/\\\/lasentinelle.dz\\\/index.php\\\/2025\\\/07\\\/27\\\/transport-ferroviaire-les-travaux-de-la-ligne-ferroviaire-oum-el-assel-tindouf-acceleres\\\/#breadcrumb\",\"itemListElement\":[{\"@type\":\"ListItem\",\"position\":1,\"name\":\"Accueil\",\"item\":\"https:\\\/\\\/lasentinelle.dz\\\/\"},{\"@type\":\"ListItem\",\"position\":2,\"name\":\"Transport ferroviaire\u00a0: Les\u00a0travaux de la ligne ferroviaire Oum El Assel-Tindouf\u00a0acc\u00e9l\u00e9r\u00e9s\"}]},{\"@type\":\"WebSite\",\"@id\":\"https:\\\/\\\/lasentinelle.dz\\\/#website\",\"url\":\"https:\\\/\\\/lasentinelle.dz\\\/\",\"name\":\"La Sentinelle\",\"description\":\"Quotidien national d&#039;information\",\"publisher\":{\"@id\":\"https:\\\/\\\/lasentinelle.dz\\\/#organization\"},\"potentialAction\":[{\"@type\":\"SearchAction\",\"target\":{\"@type\":\"EntryPoint\",\"urlTemplate\":\"https:\\\/\\\/lasentinelle.dz\\\/?s={search_term_string}\"},\"query-input\":{\"@type\":\"PropertyValueSpecification\",\"valueRequired\":true,\"valueName\":\"search_term_string\"}}],\"inLanguage\":\"fr-FR\"},{\"@type\":\"Organization\",\"@id\":\"https:\\\/\\\/lasentinelle.dz\\\/#organization\",\"name\":\"Quotidien La Sentinelle\",\"url\":\"https:\\\/\\\/lasentinelle.dz\\\/\",\"logo\":{\"@type\":\"ImageObject\",\"inLanguage\":\"fr-FR\",\"@id\":\"https:\\\/\\\/lasentinelle.dz\\\/#\\\/schema\\\/logo\\\/image\\\/\",\"url\":\"https:\\\/\\\/lasentinelle.dz\\\/wp-content\\\/uploads\\\/2021\\\/09\\\/logo-sentinelleSLOGAN-1.png\",\"contentUrl\":\"https:\\\/\\\/lasentinelle.dz\\\/wp-content\\\/uploads\\\/2021\\\/09\\\/logo-sentinelleSLOGAN-1.png\",\"width\":615,\"height\":142,\"caption\":\"Quotidien La Sentinelle\"},\"image\":{\"@id\":\"https:\\\/\\\/lasentinelle.dz\\\/#\\\/schema\\\/logo\\\/image\\\/\"},\"sameAs\":[\"https:\\\/\\\/www.facebook.com\\\/La-Sentinelle-104059864394773\"]},{\"@type\":\"Person\",\"@id\":\"https:\\\/\\\/lasentinelle.dz\\\/#\\\/schema\\\/person\\\/729ee0024f24e0b8c5ec17232f8e8b41\",\"name\":\"admin\",\"image\":{\"@type\":\"ImageObject\",\"inLanguage\":\"fr-FR\",\"@id\":\"https:\\\/\\\/secure.gravatar.com\\\/avatar\\\/4c81fed838786e9b53f540bf46533e750f5d292099ae3b66cfc6fb1982e29df7?s=96&d=mm&r=g\",\"url\":\"https:\\\/\\\/secure.gravatar.com\\\/avatar\\\/4c81fed838786e9b53f540bf46533e750f5d292099ae3b66cfc6fb1982e29df7?s=96&d=mm&r=g\",\"contentUrl\":\"https:\\\/\\\/secure.gravatar.com\\\/avatar\\\/4c81fed838786e9b53f540bf46533e750f5d292099ae3b66cfc6fb1982e29df7?s=96&d=mm&r=g\",\"caption\":\"admin\"},\"description\":\"admin\",\"url\":\"https:\\\/\\\/lasentinelle.dz\\\/author\\\/admin\\\/\"}]}<\/script>\n<!-- \/ Yoast SEO plugin. -->","yoast_head_json":{"title":"Transport ferroviaire\u00a0: Les\u00a0travaux de la ligne ferroviaire Oum El Assel-Tindouf\u00a0acc\u00e9l\u00e9r\u00e9s - La Sentinelle","robots":{"index":"index","follow":"follow","max-snippet":"max-snippet:-1","max-image-preview":"max-image-preview:large","max-video-preview":"max-video-preview:-1"},"canonical":"https:\/\/lasentinelle.dz\/index.php\/2025\/07\/27\/transport-ferroviaire-les-travaux-de-la-ligne-ferroviaire-oum-el-assel-tindouf-acceleres\/","og_locale":"fr_FR","og_type":"article","og_title":"Transport ferroviaire\u00a0: Les\u00a0travaux de la ligne ferroviaire Oum El Assel-Tindouf\u00a0acc\u00e9l\u00e9r\u00e9s - La Sentinelle","og_description":"Les travaux de r\u00e9alisation et d\u2019\u00e9quipement de la ligne ferroviaire Oum El Assel-Tindouf sur 175 km, du m\u00e9gaprojet de la","og_url":"https:\/\/lasentinelle.dz\/index.php\/2025\/07\/27\/transport-ferroviaire-les-travaux-de-la-ligne-ferroviaire-oum-el-assel-tindouf-acceleres\/","og_site_name":"La Sentinelle","article_publisher":"https:\/\/www.facebook.com\/La-Sentinelle-104059864394773","article_published_time":"2025-07-27T11:24:46+00:00","article_modified_time":"2025-07-27T11:24:47+00:00","og_image":[{"width":739,"height":417,"url":"https:\/\/lasentinelle.dz\/wp-content\/uploads\/2024\/07\/rail.jpeg","type":"image\/jpeg"}],"author":"admin","twitter_card":"summary_large_image","twitter_misc":{"\u00c9crit par":"admin","Dur\u00e9e de lecture estim\u00e9e":"3 minutes"},"schema":{"@context":"https:\/\/schema.org","@graph":[{"@type":"Article","@id":"https:\/\/lasentinelle.dz\/index.php\/2025\/07\/27\/transport-ferroviaire-les-travaux-de-la-ligne-ferroviaire-oum-el-assel-tindouf-acceleres\/#article","isPartOf":{"@id":"https:\/\/lasentinelle.dz\/index.php\/2025\/07\/27\/transport-ferroviaire-les-travaux-de-la-ligne-ferroviaire-oum-el-assel-tindouf-acceleres\/"},"author":{"name":"admin","@id":"https:\/\/lasentinelle.dz\/#\/schema\/person\/729ee0024f24e0b8c5ec17232f8e8b41"},"headline":"Transport ferroviaire\u00a0: Les\u00a0travaux de la ligne ferroviaire Oum El Assel-Tindouf\u00a0acc\u00e9l\u00e9r\u00e9s","datePublished":"2025-07-27T11:24:46+00:00","dateModified":"2025-07-27T11:24:47+00:00","mainEntityOfPage":{"@id":"https:\/\/lasentinelle.dz\/index.php\/2025\/07\/27\/transport-ferroviaire-les-travaux-de-la-ligne-ferroviaire-oum-el-assel-tindouf-acceleres\/"},"wordCount":556,"commentCount":0,"publisher":{"@id":"https:\/\/lasentinelle.dz\/#organization"},"image":{"@id":"https:\/\/lasentinelle.dz\/index.php\/2025\/07\/27\/transport-ferroviaire-les-travaux-de-la-ligne-ferroviaire-oum-el-assel-tindouf-acceleres\/#primaryimage"},"thumbnailUrl":"https:\/\/lasentinelle.dz\/wp-content\/uploads\/2024\/07\/rail.jpeg","articleSection":["Actualit\u00e9"],"inLanguage":"fr-FR","potentialAction":[{"@type":"CommentAction","name":"Comment","target":["https:\/\/lasentinelle.dz\/index.php\/2025\/07\/27\/transport-ferroviaire-les-travaux-de-la-ligne-ferroviaire-oum-el-assel-tindouf-acceleres\/#respond"]}]},{"@type":"WebPage","@id":"https:\/\/lasentinelle.dz\/index.php\/2025\/07\/27\/transport-ferroviaire-les-travaux-de-la-ligne-ferroviaire-oum-el-assel-tindouf-acceleres\/","url":"https:\/\/lasentinelle.dz\/index.php\/2025\/07\/27\/transport-ferroviaire-les-travaux-de-la-ligne-ferroviaire-oum-el-assel-tindouf-acceleres\/","name":"Transport ferroviaire\u00a0: Les\u00a0travaux de la ligne ferroviaire Oum El Assel-Tindouf\u00a0acc\u00e9l\u00e9r\u00e9s - La Sentinelle","isPartOf":{"@id":"https:\/\/lasentinelle.dz\/#website"},"primaryImageOfPage":{"@id":"https:\/\/lasentinelle.dz\/index.php\/2025\/07\/27\/transport-ferroviaire-les-travaux-de-la-ligne-ferroviaire-oum-el-assel-tindouf-acceleres\/#primaryimage"},"image":{"@id":"https:\/\/lasentinelle.dz\/index.php\/2025\/07\/27\/transport-ferroviaire-les-travaux-de-la-ligne-ferroviaire-oum-el-assel-tindouf-acceleres\/#primaryimage"},"thumbnailUrl":"https:\/\/lasentinelle.dz\/wp-content\/uploads\/2024\/07\/rail.jpeg","datePublished":"2025-07-27T11:24:46+00:00","dateModified":"2025-07-27T11:24:47+00:00","breadcrumb":{"@id":"https:\/\/lasentinelle.dz\/index.php\/2025\/07\/27\/transport-ferroviaire-les-travaux-de-la-ligne-ferroviaire-oum-el-assel-tindouf-acceleres\/#breadcrumb"},"inLanguage":"fr-FR","potentialAction":[{"@type":"ReadAction","target":["https:\/\/lasentinelle.dz\/index.php\/2025\/07\/27\/transport-ferroviaire-les-travaux-de-la-ligne-ferroviaire-oum-el-assel-tindouf-acceleres\/"]}]},{"@type":"ImageObject","inLanguage":"fr-FR","@id":"https:\/\/lasentinelle.dz\/index.php\/2025\/07\/27\/transport-ferroviaire-les-travaux-de-la-ligne-ferroviaire-oum-el-assel-tindouf-acceleres\/#primaryimage","url":"https:\/\/lasentinelle.dz\/wp-content\/uploads\/2024\/07\/rail.jpeg","contentUrl":"https:\/\/lasentinelle.dz\/wp-content\/uploads\/2024\/07\/rail.jpeg","width":739,"height":417},{"@type":"BreadcrumbList","@id":"https:\/\/lasentinelle.dz\/index.php\/2025\/07\/27\/transport-ferroviaire-les-travaux-de-la-ligne-ferroviaire-oum-el-assel-tindouf-acceleres\/#breadcrumb","itemListElement":[{"@type":"ListItem","position":1,"name":"Accueil","item":"https:\/\/lasentinelle.dz\/"},{"@type":"ListItem","position":2,"name":"Transport ferroviaire\u00a0: Les\u00a0travaux de la ligne ferroviaire Oum El Assel-Tindouf\u00a0acc\u00e9l\u00e9r\u00e9s"}]},{"@type":"WebSite","@id":"https:\/\/lasentinelle.dz\/#website","url":"https:\/\/lasentinelle.dz\/","name":"La Sentinelle","description":"Quotidien national d&#039;information","publisher":{"@id":"https:\/\/lasentinelle.dz\/#organization"},"potentialAction":[{"@type":"SearchAction","target":{"@type":"EntryPoint","urlTemplate":"https:\/\/lasentinelle.dz\/?s={search_term_string}"},"query-input":{"@type":"PropertyValueSpecification","valueRequired":true,"valueName":"search_term_string"}}],"inLanguage":"fr-FR"},{"@type":"Organization","@id":"https:\/\/lasentinelle.dz\/#organization","name":"Quotidien La Sentinelle","url":"https:\/\/lasentinelle.dz\/","logo":{"@type":"ImageObject","inLanguage":"fr-FR","@id":"https:\/\/lasentinelle.dz\/#\/schema\/logo\/image\/","url":"https:\/\/lasentinelle.dz\/wp-content\/uploads\/2021\/09\/logo-sentinelleSLOGAN-1.png","contentUrl":"https:\/\/lasentinelle.dz\/wp-content\/uploads\/2021\/09\/logo-sentinelleSLOGAN-1.png","width":615,"height":142,"caption":"Quotidien La Sentinelle"},"image":{"@id":"https:\/\/lasentinelle.dz\/#\/schema\/logo\/image\/"},"sameAs":["https:\/\/www.facebook.com\/La-Sentinelle-104059864394773"]},{"@type":"Person","@id":"https:\/\/lasentinelle.dz\/#\/schema\/person\/729ee0024f24e0b8c5ec17232f8e8b41","name":"admin","image":{"@type":"ImageObject","inLanguage":"fr-FR","@id":"https:\/\/secure.gravatar.com\/avatar\/4c81fed838786e9b53f540bf46533e750f5d292099ae3b66cfc6fb1982e29df7?s=96&d=mm&r=g","url":"https:\/\/secure.gravatar.com\/avatar\/4c81fed838786e9b53f540bf46533e750f5d292099ae3b66cfc6fb1982e29df7?s=96&d=mm&r=g","contentUrl":"https:\/\/secure.gravatar.com\/avatar\/4c81fed838786e9b53f540bf46533e750f5d292099ae3b66cfc6fb1982e29df7?s=96&d=mm&r=g","caption":"admin"},"description":"admin","url":"https:\/\/lasentinelle.dz\/author\/admin\/"}]}},"_links":{"self":[{"href":"https:\/\/lasentinelle.dz\/index.php\/wp-json\/wp\/v2\/posts\/70970","targetHints":{"allow":["GET"]}}],"collection":[{"href":"https:\/\/lasentinelle.dz\/index.php\/wp-json\/wp\/v2\/posts"}],"about":[{"href":"https:\/\/lasentinelle.dz\/index.php\/wp-json\/wp\/v2\/types\/post"}],"author":[{"embeddable":true,"href":"https:\/\/lasentinelle.dz\/index.php\/wp-json\/wp\/v2\/users\/6"}],"replies":[{"embeddable":true,"href":"https:\/\/lasentinelle.dz\/index.php\/wp-json\/wp\/v2\/comments?post=70970"}],"version-history":[{"count":1,"href":"https:\/\/lasentinelle.dz\/index.php\/wp-json\/wp\/v2\/posts\/70970\/revisions"}],"predecessor-version":[{"id":70971,"href":"https:\/\/lasentinelle.dz\/index.php\/wp-json\/wp\/v2\/posts\/70970\/revisions\/70971"}],"wp:featuredmedia":[{"embeddable":true,"href":"https:\/\/lasentinelle.dz\/index.php\/wp-json\/wp\/v2\/media\/54209"}],"wp:attachment":[{"href":"https:\/\/lasentinelle.dz\/index.php\/wp-json\/wp\/v2\/media?parent=70970"}],"wp:term":[{"taxonomy":"category","embeddable":true,"href":"https:\/\/lasentinelle.dz\/index.php\/wp-json\/wp\/v2\/categories?post=70970"},{"taxonomy":"post_tag","embeddable":true,"href":"https:\/\/lasentinelle.dz\/index.php\/wp-json\/wp\/v2\/tags?post=70970"}],"curies":[{"name":"wp","href":"https:\/\/api.w.org\/{rel}","templated":true}]}}