{"id":70972,"date":"2025-07-27T12:25:25","date_gmt":"2025-07-27T11:25:25","guid":{"rendered":"https:\/\/lasentinelle.dz\/?p=70972"},"modified":"2025-07-27T12:25:26","modified_gmt":"2025-07-27T11:25:26","slug":"les-souscripteurs-au-programme-aadl-3-fixes-sur-leurs-demandes-aujourdhui-tout-ce-quil-faut-savoir","status":"publish","type":"post","link":"https:\/\/lasentinelle.dz\/index.php\/2025\/07\/27\/les-souscripteurs-au-programme-aadl-3-fixes-sur-leurs-demandes-aujourdhui-tout-ce-quil-faut-savoir\/","title":{"rendered":"Les souscripteurs au\u00a0programme \u00ab AADL 3 \u00bb\u00a0fix\u00e9s sur leurs demandes aujourd\u2019hui : Tout ce qu&rsquo;il faut savoir"},"content":{"rendered":"\n<p><\/p>\n\n\n\n<p>L&rsquo;Agence nationale d&rsquo;am\u00e9lioration et de d\u00e9veloppement du logement (AADL) a publi\u00e9 samedi une vid\u00e9o explicative d\u00e9taillant la proc\u00e9dure pour consulter les r\u00e9sultats de traitement des dossiers des inscrits au programme \u00ab AADL 3 \u00bb. Cette consultation sera disponible \u00e0 partir de dimanche 27 juillet 2025, d\u00e8s midi, via la plateforme num\u00e9rique de l&rsquo;agence.&nbsp;Pour acc\u00e9der aux r\u00e9sultats, les candidats doivent se connecter sur le site o\u00f9 ils ont d\u00e9pos\u00e9 leur dossier et se diriger vers la rubrique \u00ab souscription \u00bb. Deux r\u00e9ponses sont possibles : soit la mention \u00ab favorable \u00bb qui permet de t\u00e9l\u00e9charger l&rsquo;avis d&rsquo;acceptation, soit \u00ab d\u00e9favorable \u00bb avec un avis de refus expliquant les motifs de la d\u00e9cision. En cas de refus li\u00e9 \u00e0 des documents manquants, les candidats peuvent d\u00e9poser un recours en t\u00e9l\u00e9chargeant les pi\u00e8ces requises pour un r\u00e9examen de leur dossier.<\/p>\n\n\n\n<p>Le programme AADL 3 a enregistr\u00e9 plus de 1,44 million d&rsquo;inscriptions entre le 5 et le 18 juillet 2024. Le minist\u00e8re de l&rsquo;Habitat, de l&rsquo;Urbanisme et de la Ville a annonc\u00e9 que les inscriptions reprendront apr\u00e8s l&rsquo;\u00e9tude de toutes les demandes actuelles.<\/p>\n\n\n\n<p>Pour b\u00e9n\u00e9ficier d&rsquo;un logement AADL 3 en formule location-vente, plusieurs conditions doivent \u00eatre remplies. Le revenu du demandeur et de son conjoint doit \u00eatre compris entre 24 000 dinars et six fois le salaire national minimum garanti, soit 120 000 dinars. Les candidats ne doivent poss\u00e9der ni terrain constructible ni bien immobilier r\u00e9sidentiel, et n&rsquo;avoir b\u00e9n\u00e9fici\u00e9 d&rsquo;aucune aide \u00e9tatique pour l&rsquo;achat ou la construction d&rsquo;un logement.<\/p>\n\n\n\n<p>Le financement s&rsquo;effectue par un apport personnel de 38% du prix du logement, r\u00e9parti en cinq tranches \u00e9chelonn\u00e9es selon l&rsquo;avancement des travaux. La premi\u00e8re tranche de 10% est exig\u00e9e d\u00e8s l&rsquo;acceptation provisoire, suivie de quatre versements de 7% chacun aux diff\u00e9rentes \u00e9tapes de construction, jusqu&rsquo;\u00e0 la signature du contrat de location-vente et la remise des cl\u00e9s.&nbsp;Cette proc\u00e9dure num\u00e9rique simplifie consid\u00e9rablement l&rsquo;acc\u00e8s \u00e0 l&rsquo;information pour les candidats, qui pourront conna\u00eetre rapidement le sort de leur demande et, le cas \u00e9ch\u00e9ant, entreprendre les d\u00e9marches de recours n\u00e9cessaires. L&rsquo;ampleur des inscriptions t\u00e9moigne de l&rsquo;importance de ce programme d&rsquo;habitat dans la politique sociale du gouvernement.<\/p>\n\n\n\n<p>Lyna Larbi<\/p>\n","protected":false},"excerpt":{"rendered":"<p>L&rsquo;Agence nationale d&rsquo;am\u00e9lioration et de d\u00e9veloppement du logement (AADL) a publi\u00e9 samedi une vid\u00e9o explicative d\u00e9taillant la proc\u00e9dure pour consulter<\/p>\n","protected":false},"author":6,"featured_media":60938,"comment_status":"open","ping_status":"closed","sticky":false,"template":"","format":"standard","meta":{"colormag_page_container_layout":"default_layout","colormag_page_sidebar_layout":"default_layout","om_disable_all_campaigns":false,"_monsterinsights_skip_tracking":false,"_monsterinsights_sitenote_active":false,"_monsterinsights_sitenote_note":"","_monsterinsights_sitenote_category":0,"footnotes":"","_wpscppro_dont_share_socialmedia":false,"_wpscppro_custom_social_share_image":0,"_facebook_share_type":"default","_twitter_share_type":"default","_linkedin_share_type":"default","_pinterest_share_type":"default","_linkedin_share_type_page":"","_instagram_share_type":"default","_medium_share_type":"default","_threads_share_type":"","_google_business_share_type":"","_selected_social_profile":[],"_wpsp_enable_custom_social_template":false,"_wpsp_social_scheduling":{"enabled":false,"datetime":null,"platforms":[],"status":"template_only","dateOption":"today","timeOption":"now","customDays":"","customHours":"","customDate":"","customTime":"","schedulingType":"absolute"},"_wpsp_active_default_template":true},"categories":[52,27,1],"tags":[],"class_list":["post-70972","post","type-post","status-publish","format-standard","has-post-thumbnail","hentry","category-a-la-une","category-actualite","category-uncategorized"],"aioseo_notices":[],"yoast_head":"<!-- This site is optimized with the Yoast SEO plugin v27.5 - https:\/\/yoast.com\/product\/yoast-seo-wordpress\/ -->\n<title>Les souscripteurs au\u00a0programme \u00ab AADL 3 \u00bb\u00a0fix\u00e9s sur leurs demandes aujourd\u2019hui : Tout ce qu&rsquo;il faut savoir - La Sentinelle<\/title>\n<meta name=\"robots\" content=\"index, follow, max-snippet:-1, max-image-preview:large, max-video-preview:-1\" \/>\n<link rel=\"canonical\" href=\"https:\/\/lasentinelle.dz\/index.php\/2025\/07\/27\/les-souscripteurs-au-programme-aadl-3-fixes-sur-leurs-demandes-aujourdhui-tout-ce-quil-faut-savoir\/\" \/>\n<meta property=\"og:locale\" content=\"fr_FR\" \/>\n<meta property=\"og:type\" content=\"article\" \/>\n<meta property=\"og:title\" content=\"Les souscripteurs au\u00a0programme \u00ab AADL 3 \u00bb\u00a0fix\u00e9s sur leurs demandes aujourd\u2019hui : Tout ce qu&rsquo;il faut savoir - La Sentinelle\" \/>\n<meta property=\"og:description\" content=\"L&rsquo;Agence nationale d&rsquo;am\u00e9lioration et de d\u00e9veloppement du logement (AADL) a publi\u00e9 samedi une vid\u00e9o explicative d\u00e9taillant la proc\u00e9dure pour consulter\" \/>\n<meta property=\"og:url\" content=\"https:\/\/lasentinelle.dz\/index.php\/2025\/07\/27\/les-souscripteurs-au-programme-aadl-3-fixes-sur-leurs-demandes-aujourdhui-tout-ce-quil-faut-savoir\/\" \/>\n<meta property=\"og:site_name\" content=\"La Sentinelle\" \/>\n<meta property=\"article:publisher\" content=\"https:\/\/www.facebook.com\/La-Sentinelle-104059864394773\" \/>\n<meta property=\"article:published_time\" content=\"2025-07-27T11:25:25+00:00\" \/>\n<meta property=\"article:modified_time\" content=\"2025-07-27T11:25:26+00:00\" \/>\n<meta property=\"og:image\" content=\"https:\/\/lasentinelle.dz\/wp-content\/uploads\/2024\/12\/AADL.jpeg\" \/>\n\t<meta property=\"og:image:width\" content=\"1189\" \/>\n\t<meta property=\"og:image:height\" content=\"784\" \/>\n\t<meta property=\"og:image:type\" content=\"image\/jpeg\" \/>\n<meta name=\"author\" content=\"admin\" \/>\n<meta name=\"twitter:card\" content=\"summary_large_image\" \/>\n<meta name=\"twitter:label1\" content=\"\u00c9crit par\" \/>\n\t<meta name=\"twitter:data1\" content=\"admin\" \/>\n\t<meta name=\"twitter:label2\" content=\"Dur\u00e9e de lecture estim\u00e9e\" \/>\n\t<meta name=\"twitter:data2\" content=\"2 minutes\" \/>\n<script type=\"application\/ld+json\" class=\"yoast-schema-graph\">{\"@context\":\"https:\\\/\\\/schema.org\",\"@graph\":[{\"@type\":\"Article\",\"@id\":\"https:\\\/\\\/lasentinelle.dz\\\/index.php\\\/2025\\\/07\\\/27\\\/les-souscripteurs-au-programme-aadl-3-fixes-sur-leurs-demandes-aujourdhui-tout-ce-quil-faut-savoir\\\/#article\",\"isPartOf\":{\"@id\":\"https:\\\/\\\/lasentinelle.dz\\\/index.php\\\/2025\\\/07\\\/27\\\/les-souscripteurs-au-programme-aadl-3-fixes-sur-leurs-demandes-aujourdhui-tout-ce-quil-faut-savoir\\\/\"},\"author\":{\"name\":\"admin\",\"@id\":\"https:\\\/\\\/lasentinelle.dz\\\/#\\\/schema\\\/person\\\/729ee0024f24e0b8c5ec17232f8e8b41\"},\"headline\":\"Les souscripteurs au\u00a0programme \u00ab AADL 3 \u00bb\u00a0fix\u00e9s sur leurs demandes aujourd\u2019hui : Tout ce qu&rsquo;il faut savoir\",\"datePublished\":\"2025-07-27T11:25:25+00:00\",\"dateModified\":\"2025-07-27T11:25:26+00:00\",\"mainEntityOfPage\":{\"@id\":\"https:\\\/\\\/lasentinelle.dz\\\/index.php\\\/2025\\\/07\\\/27\\\/les-souscripteurs-au-programme-aadl-3-fixes-sur-leurs-demandes-aujourdhui-tout-ce-quil-faut-savoir\\\/\"},\"wordCount\":410,\"commentCount\":0,\"publisher\":{\"@id\":\"https:\\\/\\\/lasentinelle.dz\\\/#organization\"},\"image\":{\"@id\":\"https:\\\/\\\/lasentinelle.dz\\\/index.php\\\/2025\\\/07\\\/27\\\/les-souscripteurs-au-programme-aadl-3-fixes-sur-leurs-demandes-aujourdhui-tout-ce-quil-faut-savoir\\\/#primaryimage\"},\"thumbnailUrl\":\"https:\\\/\\\/lasentinelle.dz\\\/wp-content\\\/uploads\\\/2024\\\/12\\\/AADL.jpeg\",\"articleSection\":[\"\u00c0 la Une\",\"Actualit\u00e9\",\"Uncategorized\"],\"inLanguage\":\"fr-FR\",\"potentialAction\":[{\"@type\":\"CommentAction\",\"name\":\"Comment\",\"target\":[\"https:\\\/\\\/lasentinelle.dz\\\/index.php\\\/2025\\\/07\\\/27\\\/les-souscripteurs-au-programme-aadl-3-fixes-sur-leurs-demandes-aujourdhui-tout-ce-quil-faut-savoir\\\/#respond\"]}]},{\"@type\":\"WebPage\",\"@id\":\"https:\\\/\\\/lasentinelle.dz\\\/index.php\\\/2025\\\/07\\\/27\\\/les-souscripteurs-au-programme-aadl-3-fixes-sur-leurs-demandes-aujourdhui-tout-ce-quil-faut-savoir\\\/\",\"url\":\"https:\\\/\\\/lasentinelle.dz\\\/index.php\\\/2025\\\/07\\\/27\\\/les-souscripteurs-au-programme-aadl-3-fixes-sur-leurs-demandes-aujourdhui-tout-ce-quil-faut-savoir\\\/\",\"name\":\"Les souscripteurs au\u00a0programme \u00ab AADL 3 \u00bb\u00a0fix\u00e9s sur leurs demandes aujourd\u2019hui : Tout ce qu&rsquo;il faut savoir - La Sentinelle\",\"isPartOf\":{\"@id\":\"https:\\\/\\\/lasentinelle.dz\\\/#website\"},\"primaryImageOfPage\":{\"@id\":\"https:\\\/\\\/lasentinelle.dz\\\/index.php\\\/2025\\\/07\\\/27\\\/les-souscripteurs-au-programme-aadl-3-fixes-sur-leurs-demandes-aujourdhui-tout-ce-quil-faut-savoir\\\/#primaryimage\"},\"image\":{\"@id\":\"https:\\\/\\\/lasentinelle.dz\\\/index.php\\\/2025\\\/07\\\/27\\\/les-souscripteurs-au-programme-aadl-3-fixes-sur-leurs-demandes-aujourdhui-tout-ce-quil-faut-savoir\\\/#primaryimage\"},\"thumbnailUrl\":\"https:\\\/\\\/lasentinelle.dz\\\/wp-content\\\/uploads\\\/2024\\\/12\\\/AADL.jpeg\",\"datePublished\":\"2025-07-27T11:25:25+00:00\",\"dateModified\":\"2025-07-27T11:25:26+00:00\",\"breadcrumb\":{\"@id\":\"https:\\\/\\\/lasentinelle.dz\\\/index.php\\\/2025\\\/07\\\/27\\\/les-souscripteurs-au-programme-aadl-3-fixes-sur-leurs-demandes-aujourdhui-tout-ce-quil-faut-savoir\\\/#breadcrumb\"},\"inLanguage\":\"fr-FR\",\"potentialAction\":[{\"@type\":\"ReadAction\",\"target\":[\"https:\\\/\\\/lasentinelle.dz\\\/index.php\\\/2025\\\/07\\\/27\\\/les-souscripteurs-au-programme-aadl-3-fixes-sur-leurs-demandes-aujourdhui-tout-ce-quil-faut-savoir\\\/\"]}]},{\"@type\":\"ImageObject\",\"inLanguage\":\"fr-FR\",\"@id\":\"https:\\\/\\\/lasentinelle.dz\\\/index.php\\\/2025\\\/07\\\/27\\\/les-souscripteurs-au-programme-aadl-3-fixes-sur-leurs-demandes-aujourdhui-tout-ce-quil-faut-savoir\\\/#primaryimage\",\"url\":\"https:\\\/\\\/lasentinelle.dz\\\/wp-content\\\/uploads\\\/2024\\\/12\\\/AADL.jpeg\",\"contentUrl\":\"https:\\\/\\\/lasentinelle.dz\\\/wp-content\\\/uploads\\\/2024\\\/12\\\/AADL.jpeg\",\"width\":1189,\"height\":784},{\"@type\":\"BreadcrumbList\",\"@id\":\"https:\\\/\\\/lasentinelle.dz\\\/index.php\\\/2025\\\/07\\\/27\\\/les-souscripteurs-au-programme-aadl-3-fixes-sur-leurs-demandes-aujourdhui-tout-ce-quil-faut-savoir\\\/#breadcrumb\",\"itemListElement\":[{\"@type\":\"ListItem\",\"position\":1,\"name\":\"Accueil\",\"item\":\"https:\\\/\\\/lasentinelle.dz\\\/\"},{\"@type\":\"ListItem\",\"position\":2,\"name\":\"Les souscripteurs au\u00a0programme \u00ab AADL 3 \u00bb\u00a0fix\u00e9s sur leurs demandes aujourd\u2019hui : Tout ce qu&rsquo;il faut savoir\"}]},{\"@type\":\"WebSite\",\"@id\":\"https:\\\/\\\/lasentinelle.dz\\\/#website\",\"url\":\"https:\\\/\\\/lasentinelle.dz\\\/\",\"name\":\"La Sentinelle\",\"description\":\"Quotidien national d&#039;information\",\"publisher\":{\"@id\":\"https:\\\/\\\/lasentinelle.dz\\\/#organization\"},\"potentialAction\":[{\"@type\":\"SearchAction\",\"target\":{\"@type\":\"EntryPoint\",\"urlTemplate\":\"https:\\\/\\\/lasentinelle.dz\\\/?s={search_term_string}\"},\"query-input\":{\"@type\":\"PropertyValueSpecification\",\"valueRequired\":true,\"valueName\":\"search_term_string\"}}],\"inLanguage\":\"fr-FR\"},{\"@type\":\"Organization\",\"@id\":\"https:\\\/\\\/lasentinelle.dz\\\/#organization\",\"name\":\"Quotidien La Sentinelle\",\"url\":\"https:\\\/\\\/lasentinelle.dz\\\/\",\"logo\":{\"@type\":\"ImageObject\",\"inLanguage\":\"fr-FR\",\"@id\":\"https:\\\/\\\/lasentinelle.dz\\\/#\\\/schema\\\/logo\\\/image\\\/\",\"url\":\"https:\\\/\\\/lasentinelle.dz\\\/wp-content\\\/uploads\\\/2021\\\/09\\\/logo-sentinelleSLOGAN-1.png\",\"contentUrl\":\"https:\\\/\\\/lasentinelle.dz\\\/wp-content\\\/uploads\\\/2021\\\/09\\\/logo-sentinelleSLOGAN-1.png\",\"width\":615,\"height\":142,\"caption\":\"Quotidien La Sentinelle\"},\"image\":{\"@id\":\"https:\\\/\\\/lasentinelle.dz\\\/#\\\/schema\\\/logo\\\/image\\\/\"},\"sameAs\":[\"https:\\\/\\\/www.facebook.com\\\/La-Sentinelle-104059864394773\"]},{\"@type\":\"Person\",\"@id\":\"https:\\\/\\\/lasentinelle.dz\\\/#\\\/schema\\\/person\\\/729ee0024f24e0b8c5ec17232f8e8b41\",\"name\":\"admin\",\"image\":{\"@type\":\"ImageObject\",\"inLanguage\":\"fr-FR\",\"@id\":\"https:\\\/\\\/secure.gravatar.com\\\/avatar\\\/4c81fed838786e9b53f540bf46533e750f5d292099ae3b66cfc6fb1982e29df7?s=96&d=mm&r=g\",\"url\":\"https:\\\/\\\/secure.gravatar.com\\\/avatar\\\/4c81fed838786e9b53f540bf46533e750f5d292099ae3b66cfc6fb1982e29df7?s=96&d=mm&r=g\",\"contentUrl\":\"https:\\\/\\\/secure.gravatar.com\\\/avatar\\\/4c81fed838786e9b53f540bf46533e750f5d292099ae3b66cfc6fb1982e29df7?s=96&d=mm&r=g\",\"caption\":\"admin\"},\"description\":\"admin\",\"url\":\"https:\\\/\\\/lasentinelle.dz\\\/author\\\/admin\\\/\"}]}<\/script>\n<!-- \/ Yoast SEO plugin. -->","yoast_head_json":{"title":"Les souscripteurs au\u00a0programme \u00ab AADL 3 \u00bb\u00a0fix\u00e9s sur leurs demandes aujourd\u2019hui : Tout ce qu&rsquo;il faut savoir - La Sentinelle","robots":{"index":"index","follow":"follow","max-snippet":"max-snippet:-1","max-image-preview":"max-image-preview:large","max-video-preview":"max-video-preview:-1"},"canonical":"https:\/\/lasentinelle.dz\/index.php\/2025\/07\/27\/les-souscripteurs-au-programme-aadl-3-fixes-sur-leurs-demandes-aujourdhui-tout-ce-quil-faut-savoir\/","og_locale":"fr_FR","og_type":"article","og_title":"Les souscripteurs au\u00a0programme \u00ab AADL 3 \u00bb\u00a0fix\u00e9s sur leurs demandes aujourd\u2019hui : Tout ce qu&rsquo;il faut savoir - La Sentinelle","og_description":"L&rsquo;Agence nationale d&rsquo;am\u00e9lioration et de d\u00e9veloppement du logement (AADL) a publi\u00e9 samedi une vid\u00e9o explicative d\u00e9taillant la proc\u00e9dure pour consulter","og_url":"https:\/\/lasentinelle.dz\/index.php\/2025\/07\/27\/les-souscripteurs-au-programme-aadl-3-fixes-sur-leurs-demandes-aujourdhui-tout-ce-quil-faut-savoir\/","og_site_name":"La Sentinelle","article_publisher":"https:\/\/www.facebook.com\/La-Sentinelle-104059864394773","article_published_time":"2025-07-27T11:25:25+00:00","article_modified_time":"2025-07-27T11:25:26+00:00","og_image":[{"width":1189,"height":784,"url":"https:\/\/lasentinelle.dz\/wp-content\/uploads\/2024\/12\/AADL.jpeg","type":"image\/jpeg"}],"author":"admin","twitter_card":"summary_large_image","twitter_misc":{"\u00c9crit par":"admin","Dur\u00e9e de lecture estim\u00e9e":"2 minutes"},"schema":{"@context":"https:\/\/schema.org","@graph":[{"@type":"Article","@id":"https:\/\/lasentinelle.dz\/index.php\/2025\/07\/27\/les-souscripteurs-au-programme-aadl-3-fixes-sur-leurs-demandes-aujourdhui-tout-ce-quil-faut-savoir\/#article","isPartOf":{"@id":"https:\/\/lasentinelle.dz\/index.php\/2025\/07\/27\/les-souscripteurs-au-programme-aadl-3-fixes-sur-leurs-demandes-aujourdhui-tout-ce-quil-faut-savoir\/"},"author":{"name":"admin","@id":"https:\/\/lasentinelle.dz\/#\/schema\/person\/729ee0024f24e0b8c5ec17232f8e8b41"},"headline":"Les souscripteurs au\u00a0programme \u00ab AADL 3 \u00bb\u00a0fix\u00e9s sur leurs demandes aujourd\u2019hui : Tout ce qu&rsquo;il faut savoir","datePublished":"2025-07-27T11:25:25+00:00","dateModified":"2025-07-27T11:25:26+00:00","mainEntityOfPage":{"@id":"https:\/\/lasentinelle.dz\/index.php\/2025\/07\/27\/les-souscripteurs-au-programme-aadl-3-fixes-sur-leurs-demandes-aujourdhui-tout-ce-quil-faut-savoir\/"},"wordCount":410,"commentCount":0,"publisher":{"@id":"https:\/\/lasentinelle.dz\/#organization"},"image":{"@id":"https:\/\/lasentinelle.dz\/index.php\/2025\/07\/27\/les-souscripteurs-au-programme-aadl-3-fixes-sur-leurs-demandes-aujourdhui-tout-ce-quil-faut-savoir\/#primaryimage"},"thumbnailUrl":"https:\/\/lasentinelle.dz\/wp-content\/uploads\/2024\/12\/AADL.jpeg","articleSection":["\u00c0 la Une","Actualit\u00e9","Uncategorized"],"inLanguage":"fr-FR","potentialAction":[{"@type":"CommentAction","name":"Comment","target":["https:\/\/lasentinelle.dz\/index.php\/2025\/07\/27\/les-souscripteurs-au-programme-aadl-3-fixes-sur-leurs-demandes-aujourdhui-tout-ce-quil-faut-savoir\/#respond"]}]},{"@type":"WebPage","@id":"https:\/\/lasentinelle.dz\/index.php\/2025\/07\/27\/les-souscripteurs-au-programme-aadl-3-fixes-sur-leurs-demandes-aujourdhui-tout-ce-quil-faut-savoir\/","url":"https:\/\/lasentinelle.dz\/index.php\/2025\/07\/27\/les-souscripteurs-au-programme-aadl-3-fixes-sur-leurs-demandes-aujourdhui-tout-ce-quil-faut-savoir\/","name":"Les souscripteurs au\u00a0programme \u00ab AADL 3 \u00bb\u00a0fix\u00e9s sur leurs demandes aujourd\u2019hui : Tout ce qu&rsquo;il faut savoir - La Sentinelle","isPartOf":{"@id":"https:\/\/lasentinelle.dz\/#website"},"primaryImageOfPage":{"@id":"https:\/\/lasentinelle.dz\/index.php\/2025\/07\/27\/les-souscripteurs-au-programme-aadl-3-fixes-sur-leurs-demandes-aujourdhui-tout-ce-quil-faut-savoir\/#primaryimage"},"image":{"@id":"https:\/\/lasentinelle.dz\/index.php\/2025\/07\/27\/les-souscripteurs-au-programme-aadl-3-fixes-sur-leurs-demandes-aujourdhui-tout-ce-quil-faut-savoir\/#primaryimage"},"thumbnailUrl":"https:\/\/lasentinelle.dz\/wp-content\/uploads\/2024\/12\/AADL.jpeg","datePublished":"2025-07-27T11:25:25+00:00","dateModified":"2025-07-27T11:25:26+00:00","breadcrumb":{"@id":"https:\/\/lasentinelle.dz\/index.php\/2025\/07\/27\/les-souscripteurs-au-programme-aadl-3-fixes-sur-leurs-demandes-aujourdhui-tout-ce-quil-faut-savoir\/#breadcrumb"},"inLanguage":"fr-FR","potentialAction":[{"@type":"ReadAction","target":["https:\/\/lasentinelle.dz\/index.php\/2025\/07\/27\/les-souscripteurs-au-programme-aadl-3-fixes-sur-leurs-demandes-aujourdhui-tout-ce-quil-faut-savoir\/"]}]},{"@type":"ImageObject","inLanguage":"fr-FR","@id":"https:\/\/lasentinelle.dz\/index.php\/2025\/07\/27\/les-souscripteurs-au-programme-aadl-3-fixes-sur-leurs-demandes-aujourdhui-tout-ce-quil-faut-savoir\/#primaryimage","url":"https:\/\/lasentinelle.dz\/wp-content\/uploads\/2024\/12\/AADL.jpeg","contentUrl":"https:\/\/lasentinelle.dz\/wp-content\/uploads\/2024\/12\/AADL.jpeg","width":1189,"height":784},{"@type":"BreadcrumbList","@id":"https:\/\/lasentinelle.dz\/index.php\/2025\/07\/27\/les-souscripteurs-au-programme-aadl-3-fixes-sur-leurs-demandes-aujourdhui-tout-ce-quil-faut-savoir\/#breadcrumb","itemListElement":[{"@type":"ListItem","position":1,"name":"Accueil","item":"https:\/\/lasentinelle.dz\/"},{"@type":"ListItem","position":2,"name":"Les souscripteurs au\u00a0programme \u00ab AADL 3 \u00bb\u00a0fix\u00e9s sur leurs demandes aujourd\u2019hui : Tout ce qu&rsquo;il faut savoir"}]},{"@type":"WebSite","@id":"https:\/\/lasentinelle.dz\/#website","url":"https:\/\/lasentinelle.dz\/","name":"La Sentinelle","description":"Quotidien national d&#039;information","publisher":{"@id":"https:\/\/lasentinelle.dz\/#organization"},"potentialAction":[{"@type":"SearchAction","target":{"@type":"EntryPoint","urlTemplate":"https:\/\/lasentinelle.dz\/?s={search_term_string}"},"query-input":{"@type":"PropertyValueSpecification","valueRequired":true,"valueName":"search_term_string"}}],"inLanguage":"fr-FR"},{"@type":"Organization","@id":"https:\/\/lasentinelle.dz\/#organization","name":"Quotidien La Sentinelle","url":"https:\/\/lasentinelle.dz\/","logo":{"@type":"ImageObject","inLanguage":"fr-FR","@id":"https:\/\/lasentinelle.dz\/#\/schema\/logo\/image\/","url":"https:\/\/lasentinelle.dz\/wp-content\/uploads\/2021\/09\/logo-sentinelleSLOGAN-1.png","contentUrl":"https:\/\/lasentinelle.dz\/wp-content\/uploads\/2021\/09\/logo-sentinelleSLOGAN-1.png","width":615,"height":142,"caption":"Quotidien La Sentinelle"},"image":{"@id":"https:\/\/lasentinelle.dz\/#\/schema\/logo\/image\/"},"sameAs":["https:\/\/www.facebook.com\/La-Sentinelle-104059864394773"]},{"@type":"Person","@id":"https:\/\/lasentinelle.dz\/#\/schema\/person\/729ee0024f24e0b8c5ec17232f8e8b41","name":"admin","image":{"@type":"ImageObject","inLanguage":"fr-FR","@id":"https:\/\/secure.gravatar.com\/avatar\/4c81fed838786e9b53f540bf46533e750f5d292099ae3b66cfc6fb1982e29df7?s=96&d=mm&r=g","url":"https:\/\/secure.gravatar.com\/avatar\/4c81fed838786e9b53f540bf46533e750f5d292099ae3b66cfc6fb1982e29df7?s=96&d=mm&r=g","contentUrl":"https:\/\/secure.gravatar.com\/avatar\/4c81fed838786e9b53f540bf46533e750f5d292099ae3b66cfc6fb1982e29df7?s=96&d=mm&r=g","caption":"admin"},"description":"admin","url":"https:\/\/lasentinelle.dz\/author\/admin\/"}]}},"_links":{"self":[{"href":"https:\/\/lasentinelle.dz\/index.php\/wp-json\/wp\/v2\/posts\/70972","targetHints":{"allow":["GET"]}}],"collection":[{"href":"https:\/\/lasentinelle.dz\/index.php\/wp-json\/wp\/v2\/posts"}],"about":[{"href":"https:\/\/lasentinelle.dz\/index.php\/wp-json\/wp\/v2\/types\/post"}],"author":[{"embeddable":true,"href":"https:\/\/lasentinelle.dz\/index.php\/wp-json\/wp\/v2\/users\/6"}],"replies":[{"embeddable":true,"href":"https:\/\/lasentinelle.dz\/index.php\/wp-json\/wp\/v2\/comments?post=70972"}],"version-history":[{"count":2,"href":"https:\/\/lasentinelle.dz\/index.php\/wp-json\/wp\/v2\/posts\/70972\/revisions"}],"predecessor-version":[{"id":70974,"href":"https:\/\/lasentinelle.dz\/index.php\/wp-json\/wp\/v2\/posts\/70972\/revisions\/70974"}],"wp:featuredmedia":[{"embeddable":true,"href":"https:\/\/lasentinelle.dz\/index.php\/wp-json\/wp\/v2\/media\/60938"}],"wp:attachment":[{"href":"https:\/\/lasentinelle.dz\/index.php\/wp-json\/wp\/v2\/media?parent=70972"}],"wp:term":[{"taxonomy":"category","embeddable":true,"href":"https:\/\/lasentinelle.dz\/index.php\/wp-json\/wp\/v2\/categories?post=70972"},{"taxonomy":"post_tag","embeddable":true,"href":"https:\/\/lasentinelle.dz\/index.php\/wp-json\/wp\/v2\/tags?post=70972"}],"curies":[{"name":"wp","href":"https:\/\/api.w.org\/{rel}","templated":true}]}}